{"id":1232,"date":"2020-04-07T10:08:39","date_gmt":"2020-04-07T10:08:39","guid":{"rendered":"https:\/\/femergs.com.br\/wfe\/blog\/minha-ansiedade-e-a-ansiedade-do-outro\/"},"modified":"2020-04-07T10:08:39","modified_gmt":"2020-04-07T10:08:39","slug":"minha-ansiedade-e-a-ansiedade-do-outro","status":"publish","type":"post","link":"https:\/\/femergs.com.br\/wfe\/blog\/minha-ansiedade-e-a-ansiedade-do-outro\/","title":{"rendered":"MINHA ANSIEDADE E A ANSIEDADE DO OUTRO"},"content":{"rendered":"<p>Sauda\u00e7\u00e3o a todos, e que possamos enfrentar esta semana e a pr\u00f3xima com a melhor condi\u00e7\u00e3o f\u00edsica e emocional poss\u00edvel.<\/p>\n<p>Seguindo com nosso levantamento de quest\u00f5es para analisamos de forma tranquila e em conjunto com todas as lideran\u00e7as sindicais filiadas a FEMERG, o tema escolhido hoje, \u00e9 talvez um dos mais dif\u00edceis para a adapta\u00e7\u00e3o de algumas pessoas nestes novos tempos que estamos vivendo.<\/p>\n<p>A ansiedade que a Pandemia causa na gente, nos nossos amigos, familiares e companheiros, tem diversas causas. O acompanhamento das noticias , mesmo aqueles que pareciam fortalezas no controle de suas emo\u00e7\u00f5es est\u00e3o sendo abalados. Eu particularmente, lembrei da minha adolesc\u00eancia, onde a ordem de meus pais era: \u201cNUNCA NOS DIGA QUE IRAS EM UM LOCAL E MUDE ESTE LOCAL SEM NOS AVISAR.\u201d, meus filhos j\u00e1 com celulares, a minha ordem era: \u201cNUNCA DEIXE DE LIGAR, AO MENOS PARA AVISAR ONDE EST\u00c1S\u201d, com o  WhatsApp, TELEGRAN, j\u00e1 n\u00e3o precisa nem ligar, mas n\u00e3o tem pai ou m\u00e3e que d\u00ea a seguinte ordem, \u201cMANDE UMA FIGURINHA QUE SEJA, E EU SABEREI QUE EST\u00c1S BEM\u201d.  Mas isso certamente \u00e9 vari\u00e1vel de fam\u00edlia em fam\u00edlia, n\u00e3o nos cabe julgar aquelas que n\u00e3o possuem este habito, mas \u00e9 agora, com o isolamento, com o risco do COVID 19, que \u00e9 cruel, n\u00e3o tem respeitado classe social, ra\u00e7a, nada, quando algu\u00e9m vai para a UTI, s\u00f3 tem dois caminhos, volta curado, ou infelizmente morre sem poder dizer adeus a ningu\u00e9m, como disse o Coordenador do Cento e Conting\u00eancia do Coronav\u00edrus de S\u00e3o Paulo, agora a pouco, quando voc\u00ea vai para o respirador, dorme sem saber se vai acordar. Ent\u00e3o, mais do que nunca aquelas famosas frases de est\u00edmulo, de orienta\u00e7\u00e3o de que \u201cN\u00c3O DEVEMOS DEIXAR PARA AMANHA PARA DEMONSTRAR NOSSO CARINHO PELAS PESSOAS\u201d, nunca foram t\u00e3o importantes.<\/p>\n<p>E a\u00ed novamente entra nossa humildade, nossa empatia, de entender que nem todas as pessoas sofrem de ansiedade, apesar de que j\u00e1 existe estudos na China que mostram que a ansiedade generalizada, como transtorno,  vai ser sim, uma das sequelas da epidemia de COVID 19, s\u00f3 quem sofre de ansiedade sabe o mal que ela faz, e como \u00e9 dif\u00edcil ouvir de outros, que isto \u00e9 frescura, que \u00e9 falta de f\u00e9. N\u00c3O, n\u00e3o \u00e9 nada disso, e simplesmente a biologia da vida, em que NENHUM ser \u00e9 igual ao outro, talvez a epidemia do COVID 19 seja um teste para ver se conseguimos sair da teoria maravilhosa de inclus\u00e3o, de aceita\u00e7\u00e3o do diferente em nossa sociedade. Isto exige esfor\u00e7o, muito esfor\u00e7o. Afinal, somos fruto de uma cria\u00e7\u00e3o cultural, os homens principalmente, a gente percebe que muitos deles acham coisa de mulher a preocupa\u00e7\u00e3o exagerada, a necessidade de contato. Mas n\u00e3o \u00e9, \u00e9 do ser humano, vamos tentar exercitar com nossos colegas a inclus\u00e3o, a aceita\u00e7\u00e3o a transmiss\u00e3o de carinho atrav\u00e9s do contato. Estamos em isolamento, estamos distantes fisicamente, mas vamos nos aproximar virtualmente? Mesmo quem como n\u00f3s continua exercendo seu trabalho em casa, sabemos que \u00e9 muito diferente, um dia tem 24 horas, e destas a \u00fanica certeza que temos \u00e9 que nossas horas de sono, na maioria dos casos diminuiu, ent\u00e3o deste tempo, vamos tirar, 10, 15, 20, 30 minutos deste longo dia pegar nosso watts, telegrama, e-mail, Messenger, facebook, telefone convencional, e vamos entrarem contato com nossos parentes, amigos, vizinhos, colegas, enfim, com o OUTRO, VAMOS FAZER CAMPANHA PARA ALIMENTAR TAMB\u00c9M A ALMA DE QUEM PRECISA .<\/p>\n<p>Lembrando do filme AVATAR, \u201cEU VEJO VOC\u00ca.\u201d E ver o outro, \u00e9 a concretiza\u00e7\u00e3o maior do significado de EMPATIA, de CARINHO.<\/p>\n<p>Ent\u00e3o, vamos l\u00e1, que isso certamente ter\u00e1 o efeito de aliviar a ANSIEDADE, ou minha ou do outro&#8230;.. NINGUEM LARGA A M\u00c3O DE NINGUEM, JUNTOS SOMOS INFINITAMENTE MAIS FORTES&#8230;..<\/p>\n","protected":false},"excerpt":{"rendered":"<p>Sauda\u00e7\u00e3o a todos, e que possamos enfrentar esta semana e a pr\u00f3xima com a melhor condi\u00e7\u00e3o f\u00edsica e emocional poss\u00edvel. Seguindo com nosso levantamento de quest\u00f5es para analisamos de forma tranquila e em conjunto com todas as lideran\u00e7as sindicais filiadas a FEMERG, o tema escolhido hoje, \u00e9 talvez um dos mais dif\u00edceis para a adapta\u00e7\u00e3o [&hellip;]<\/p>\n","protected":false},"author":1,"featured_media":0,"comment_status":"closed","ping_status":"closed","sticky":false,"template":"","format":"standard","meta":{"_eb_attr":"","_uag_custom_page_level_css":"","fifu_image_url":"","fifu_image_alt":"","footnotes":""},"categories":[1],"tags":[32],"class_list":["post-1232","post","type-post","status-publish","format-standard","hentry","category-arquivadas","tag-null"],"yoast_head":"<!-- This site is optimized with the Yoast SEO plugin v27.1.1 - https:\/\/yoast.com\/product\/yoast-seo-wordpress\/ -->\n<title>MINHA ANSIEDADE E A ANSIEDADE DO OUTRO - Federa\u00e7\u00e3o dos Municip\u00e1rios do Estado do Rio Grande do Sul<\/title>\n<meta name=\"robots\" content=\"index, follow, max-snippet:-1, max-image-preview:large, max-video-preview:-1\" \/>\n<link rel=\"canonical\" href=\"https:\/\/femergs.com.br\/wfe\/blog\/minha-ansiedade-e-a-ansiedade-do-outro\/\" \/>\n<meta property=\"og:locale\" content=\"pt_BR\" \/>\n<meta property=\"og:type\" content=\"article\" \/>\n<meta property=\"og:title\" content=\"MINHA ANSIEDADE E A ANSIEDADE DO OUTRO - Federa\u00e7\u00e3o dos Municip\u00e1rios do Estado do Rio Grande do Sul\" \/>\n<meta property=\"og:description\" content=\"Sauda\u00e7\u00e3o a todos, e que possamos enfrentar esta semana e a pr\u00f3xima com a melhor condi\u00e7\u00e3o f\u00edsica e emocional poss\u00edvel. Seguindo com nosso levantamento de quest\u00f5es para analisamos de forma tranquila e em conjunto com todas as lideran\u00e7as sindicais filiadas a FEMERG, o tema escolhido hoje, \u00e9 talvez um dos mais dif\u00edceis para a adapta\u00e7\u00e3o [&hellip;]\" \/>\n<meta property=\"og:url\" content=\"https:\/\/femergs.com.br\/wfe\/blog\/minha-ansiedade-e-a-ansiedade-do-outro\/\" \/>\n<meta property=\"og:site_name\" content=\"Federa\u00e7\u00e3o dos Municip\u00e1rios do Estado do Rio Grande do Sul\" \/>\n<meta property=\"article:publisher\" content=\"https:\/\/www.facebook.com\/profile.php?id=100057151733001\" \/>\n<meta property=\"article:published_time\" content=\"2020-04-07T10:08:39+00:00\" \/>\n<meta name=\"author\" content=\"adminfemergs\" \/>\n<meta name=\"twitter:card\" content=\"summary_large_image\" \/>\n<meta name=\"twitter:label1\" content=\"Escrito por\" \/>\n\t<meta name=\"twitter:data1\" content=\"adminfemergs\" \/>\n\t<meta name=\"twitter:label2\" content=\"Est. tempo de leitura\" \/>\n\t<meta name=\"twitter:data2\" content=\"3 minutos\" \/>\n<script type=\"application\/ld+json\" class=\"yoast-schema-graph\">{\"@context\":\"https:\/\/schema.org\",\"@graph\":[{\"@type\":\"Article\",\"@id\":\"https:\/\/femergs.com.br\/wfe\/blog\/minha-ansiedade-e-a-ansiedade-do-outro\/#article\",\"isPartOf\":{\"@id\":\"https:\/\/femergs.com.br\/wfe\/blog\/minha-ansiedade-e-a-ansiedade-do-outro\/\"},\"author\":{\"name\":\"adminfemergs\",\"@id\":\"https:\/\/femergs.com.br\/wfe\/#\/schema\/person\/f5558e6b5ffc044ee085016237dedb7f\"},\"headline\":\"MINHA ANSIEDADE E A ANSIEDADE DO OUTRO\",\"datePublished\":\"2020-04-07T10:08:39+00:00\",\"mainEntityOfPage\":{\"@id\":\"https:\/\/femergs.com.br\/wfe\/blog\/minha-ansiedade-e-a-ansiedade-do-outro\/\"},\"wordCount\":653,\"publisher\":{\"@id\":\"https:\/\/femergs.com.br\/wfe\/#organization\"},\"keywords\":[\"NULL\"],\"articleSection\":[\"ARQUIVADAS\"],\"inLanguage\":\"pt-BR\"},{\"@type\":\"WebPage\",\"@id\":\"https:\/\/femergs.com.br\/wfe\/blog\/minha-ansiedade-e-a-ansiedade-do-outro\/\",\"url\":\"https:\/\/femergs.com.br\/wfe\/blog\/minha-ansiedade-e-a-ansiedade-do-outro\/\",\"name\":\"MINHA ANSIEDADE E A ANSIEDADE DO OUTRO - Federa\u00e7\u00e3o dos Municip\u00e1rios do Estado do Rio Grande do Sul\",\"isPartOf\":{\"@id\":\"https:\/\/femergs.com.br\/wfe\/#website\"},\"datePublished\":\"2020-04-07T10:08:39+00:00\",\"breadcrumb\":{\"@id\":\"https:\/\/femergs.com.br\/wfe\/blog\/minha-ansiedade-e-a-ansiedade-do-outro\/#breadcrumb\"},\"inLanguage\":\"pt-BR\",\"potentialAction\":[{\"@type\":\"ReadAction\",\"target\":[\"https:\/\/femergs.com.br\/wfe\/blog\/minha-ansiedade-e-a-ansiedade-do-outro\/\"]}]},{\"@type\":\"BreadcrumbList\",\"@id\":\"https:\/\/femergs.com.br\/wfe\/blog\/minha-ansiedade-e-a-ansiedade-do-outro\/#breadcrumb\",\"itemListElement\":[{\"@type\":\"ListItem\",\"position\":1,\"name\":\"In\u00edcio\",\"item\":\"https:\/\/femergs.com.br\/wfe\/\"},{\"@type\":\"ListItem\",\"position\":2,\"name\":\"MINHA ANSIEDADE E A ANSIEDADE DO OUTRO\"}]},{\"@type\":\"WebSite\",\"@id\":\"https:\/\/femergs.com.br\/wfe\/#website\",\"url\":\"https:\/\/femergs.com.br\/wfe\/\",\"name\":\"FEMERGS\",\"description\":\"FEDERA\u00c7\u00c3O DOS MUNICIP\u00c1RIOS DO ESTADO DO RIO GRANDE DO SUL\",\"publisher\":{\"@id\":\"https:\/\/femergs.com.br\/wfe\/#organization\"},\"potentialAction\":[{\"@type\":\"SearchAction\",\"target\":{\"@type\":\"EntryPoint\",\"urlTemplate\":\"https:\/\/femergs.com.br\/wfe\/?s={search_term_string}\"},\"query-input\":{\"@type\":\"PropertyValueSpecification\",\"valueRequired\":true,\"valueName\":\"search_term_string\"}}],\"inLanguage\":\"pt-BR\"},{\"@type\":\"Organization\",\"@id\":\"https:\/\/femergs.com.br\/wfe\/#organization\",\"name\":\"FEMERGS\",\"url\":\"https:\/\/femergs.com.br\/wfe\/\",\"logo\":{\"@type\":\"ImageObject\",\"inLanguage\":\"pt-BR\",\"@id\":\"https:\/\/femergs.com.br\/wfe\/#\/schema\/logo\/image\/\",\"url\":\"https:\/\/femergs.com.br\/wfe\/wp-content\/uploads\/2025\/06\/logotipo.png\",\"contentUrl\":\"https:\/\/femergs.com.br\/wfe\/wp-content\/uploads\/2025\/06\/logotipo.png\",\"width\":500,\"height\":500,\"caption\":\"FEMERGS\"},\"image\":{\"@id\":\"https:\/\/femergs.com.br\/wfe\/#\/schema\/logo\/image\/\"},\"sameAs\":[\"https:\/\/www.facebook.com\/profile.php?id=100057151733001\",\"https:\/\/www.instagram.com\/femergs_rs\/\"]},{\"@type\":\"Person\",\"@id\":\"https:\/\/femergs.com.br\/wfe\/#\/schema\/person\/f5558e6b5ffc044ee085016237dedb7f\",\"name\":\"adminfemergs\",\"image\":{\"@type\":\"ImageObject\",\"inLanguage\":\"pt-BR\",\"@id\":\"https:\/\/femergs.com.br\/wfe\/#\/schema\/person\/image\/\",\"url\":\"https:\/\/secure.gravatar.com\/avatar\/398642fa557cdd524617ad9b31c938845f071aeb3448b9c0aeb29aefc495337b?s=96&d=mm&r=g\",\"contentUrl\":\"https:\/\/secure.gravatar.com\/avatar\/398642fa557cdd524617ad9b31c938845f071aeb3448b9c0aeb29aefc495337b?s=96&d=mm&r=g\",\"caption\":\"adminfemergs\"},\"sameAs\":[\"https:\/\/femergs.com.br\/wfe\"],\"url\":\"https:\/\/femergs.com.br\/wfe\/blog\/author\/adminfemergs\/\"}]}<\/script>\n<!-- \/ Yoast SEO plugin. -->","yoast_head_json":{"title":"MINHA ANSIEDADE E A ANSIEDADE DO OUTRO - Federa\u00e7\u00e3o dos Municip\u00e1rios do Estado do Rio Grande do Sul","robots":{"index":"index","follow":"follow","max-snippet":"max-snippet:-1","max-image-preview":"max-image-preview:large","max-video-preview":"max-video-preview:-1"},"canonical":"https:\/\/femergs.com.br\/wfe\/blog\/minha-ansiedade-e-a-ansiedade-do-outro\/","og_locale":"pt_BR","og_type":"article","og_title":"MINHA ANSIEDADE E A ANSIEDADE DO OUTRO - Federa\u00e7\u00e3o dos Municip\u00e1rios do Estado do Rio Grande do Sul","og_description":"Sauda\u00e7\u00e3o a todos, e que possamos enfrentar esta semana e a pr\u00f3xima com a melhor condi\u00e7\u00e3o f\u00edsica e emocional poss\u00edvel. Seguindo com nosso levantamento de quest\u00f5es para analisamos de forma tranquila e em conjunto com todas as lideran\u00e7as sindicais filiadas a FEMERG, o tema escolhido hoje, \u00e9 talvez um dos mais dif\u00edceis para a adapta\u00e7\u00e3o [&hellip;]","og_url":"https:\/\/femergs.com.br\/wfe\/blog\/minha-ansiedade-e-a-ansiedade-do-outro\/","og_site_name":"Federa\u00e7\u00e3o dos Municip\u00e1rios do Estado do Rio Grande do Sul","article_publisher":"https:\/\/www.facebook.com\/profile.php?id=100057151733001","article_published_time":"2020-04-07T10:08:39+00:00","author":"adminfemergs","twitter_card":"summary_large_image","twitter_misc":{"Escrito por":"adminfemergs","Est. tempo de leitura":"3 minutos"},"schema":{"@context":"https:\/\/schema.org","@graph":[{"@type":"Article","@id":"https:\/\/femergs.com.br\/wfe\/blog\/minha-ansiedade-e-a-ansiedade-do-outro\/#article","isPartOf":{"@id":"https:\/\/femergs.com.br\/wfe\/blog\/minha-ansiedade-e-a-ansiedade-do-outro\/"},"author":{"name":"adminfemergs","@id":"https:\/\/femergs.com.br\/wfe\/#\/schema\/person\/f5558e6b5ffc044ee085016237dedb7f"},"headline":"MINHA ANSIEDADE E A ANSIEDADE DO OUTRO","datePublished":"2020-04-07T10:08:39+00:00","mainEntityOfPage":{"@id":"https:\/\/femergs.com.br\/wfe\/blog\/minha-ansiedade-e-a-ansiedade-do-outro\/"},"wordCount":653,"publisher":{"@id":"https:\/\/femergs.com.br\/wfe\/#organization"},"keywords":["NULL"],"articleSection":["ARQUIVADAS"],"inLanguage":"pt-BR"},{"@type":"WebPage","@id":"https:\/\/femergs.com.br\/wfe\/blog\/minha-ansiedade-e-a-ansiedade-do-outro\/","url":"https:\/\/femergs.com.br\/wfe\/blog\/minha-ansiedade-e-a-ansiedade-do-outro\/","name":"MINHA ANSIEDADE E A ANSIEDADE DO OUTRO - Federa\u00e7\u00e3o dos Municip\u00e1rios do Estado do Rio Grande do Sul","isPartOf":{"@id":"https:\/\/femergs.com.br\/wfe\/#website"},"datePublished":"2020-04-07T10:08:39+00:00","breadcrumb":{"@id":"https:\/\/femergs.com.br\/wfe\/blog\/minha-ansiedade-e-a-ansiedade-do-outro\/#breadcrumb"},"inLanguage":"pt-BR","potentialAction":[{"@type":"ReadAction","target":["https:\/\/femergs.com.br\/wfe\/blog\/minha-ansiedade-e-a-ansiedade-do-outro\/"]}]},{"@type":"BreadcrumbList","@id":"https:\/\/femergs.com.br\/wfe\/blog\/minha-ansiedade-e-a-ansiedade-do-outro\/#breadcrumb","itemListElement":[{"@type":"ListItem","position":1,"name":"In\u00edcio","item":"https:\/\/femergs.com.br\/wfe\/"},{"@type":"ListItem","position":2,"name":"MINHA ANSIEDADE E A ANSIEDADE DO OUTRO"}]},{"@type":"WebSite","@id":"https:\/\/femergs.com.br\/wfe\/#website","url":"https:\/\/femergs.com.br\/wfe\/","name":"FEMERGS","description":"FEDERA\u00c7\u00c3O DOS MUNICIP\u00c1RIOS DO ESTADO DO RIO GRANDE DO SUL","publisher":{"@id":"https:\/\/femergs.com.br\/wfe\/#organization"},"potentialAction":[{"@type":"SearchAction","target":{"@type":"EntryPoint","urlTemplate":"https:\/\/femergs.com.br\/wfe\/?s={search_term_string}"},"query-input":{"@type":"PropertyValueSpecification","valueRequired":true,"valueName":"search_term_string"}}],"inLanguage":"pt-BR"},{"@type":"Organization","@id":"https:\/\/femergs.com.br\/wfe\/#organization","name":"FEMERGS","url":"https:\/\/femergs.com.br\/wfe\/","logo":{"@type":"ImageObject","inLanguage":"pt-BR","@id":"https:\/\/femergs.com.br\/wfe\/#\/schema\/logo\/image\/","url":"https:\/\/femergs.com.br\/wfe\/wp-content\/uploads\/2025\/06\/logotipo.png","contentUrl":"https:\/\/femergs.com.br\/wfe\/wp-content\/uploads\/2025\/06\/logotipo.png","width":500,"height":500,"caption":"FEMERGS"},"image":{"@id":"https:\/\/femergs.com.br\/wfe\/#\/schema\/logo\/image\/"},"sameAs":["https:\/\/www.facebook.com\/profile.php?id=100057151733001","https:\/\/www.instagram.com\/femergs_rs\/"]},{"@type":"Person","@id":"https:\/\/femergs.com.br\/wfe\/#\/schema\/person\/f5558e6b5ffc044ee085016237dedb7f","name":"adminfemergs","image":{"@type":"ImageObject","inLanguage":"pt-BR","@id":"https:\/\/femergs.com.br\/wfe\/#\/schema\/person\/image\/","url":"https:\/\/secure.gravatar.com\/avatar\/398642fa557cdd524617ad9b31c938845f071aeb3448b9c0aeb29aefc495337b?s=96&d=mm&r=g","contentUrl":"https:\/\/secure.gravatar.com\/avatar\/398642fa557cdd524617ad9b31c938845f071aeb3448b9c0aeb29aefc495337b?s=96&d=mm&r=g","caption":"adminfemergs"},"sameAs":["https:\/\/femergs.com.br\/wfe"],"url":"https:\/\/femergs.com.br\/wfe\/blog\/author\/adminfemergs\/"}]}},"uagb_featured_image_src":{"full":false,"thumbnail":false,"medium":false,"medium_large":false,"large":false,"1536x1536":false,"2048x2048":false,"ultp_layout_landscape_large":false,"ultp_layout_landscape":false,"ultp_layout_portrait":false,"ultp_layout_square":false},"uagb_author_info":{"display_name":"adminfemergs","author_link":"https:\/\/femergs.com.br\/wfe\/blog\/author\/adminfemergs\/"},"uagb_comment_info":0,"uagb_excerpt":"Sauda\u00e7\u00e3o a todos, e que possamos enfrentar esta semana e a pr\u00f3xima com a melhor condi\u00e7\u00e3o f\u00edsica e emocional poss\u00edvel. Seguindo com nosso levantamento de quest\u00f5es para analisamos de forma tranquila e em conjunto com todas as lideran\u00e7as sindicais filiadas a FEMERG, o tema escolhido hoje, \u00e9 talvez um dos mais dif\u00edceis para a adapta\u00e7\u00e3o&hellip;","_links":{"self":[{"href":"https:\/\/femergs.com.br\/wfe\/wp-json\/wp\/v2\/posts\/1232","targetHints":{"allow":["GET"]}}],"collection":[{"href":"https:\/\/femergs.com.br\/wfe\/wp-json\/wp\/v2\/posts"}],"about":[{"href":"https:\/\/femergs.com.br\/wfe\/wp-json\/wp\/v2\/types\/post"}],"author":[{"embeddable":true,"href":"https:\/\/femergs.com.br\/wfe\/wp-json\/wp\/v2\/users\/1"}],"replies":[{"embeddable":true,"href":"https:\/\/femergs.com.br\/wfe\/wp-json\/wp\/v2\/comments?post=1232"}],"version-history":[{"count":0,"href":"https:\/\/femergs.com.br\/wfe\/wp-json\/wp\/v2\/posts\/1232\/revisions"}],"wp:attachment":[{"href":"https:\/\/femergs.com.br\/wfe\/wp-json\/wp\/v2\/media?parent=1232"}],"wp:term":[{"taxonomy":"category","embeddable":true,"href":"https:\/\/femergs.com.br\/wfe\/wp-json\/wp\/v2\/categories?post=1232"},{"taxonomy":"post_tag","embeddable":true,"href":"https:\/\/femergs.com.br\/wfe\/wp-json\/wp\/v2\/tags?post=1232"}],"curies":[{"name":"wp","href":"https:\/\/api.w.org\/{rel}","templated":true}]}}