{"id":1233,"date":"2020-04-07T10:11:54","date_gmt":"2020-04-07T10:11:54","guid":{"rendered":"https:\/\/femergs.com.br\/wfe\/blog\/politica-x-epidemias-x-sociedade\/"},"modified":"2020-04-07T10:11:54","modified_gmt":"2020-04-07T10:11:54","slug":"politica-x-epidemias-x-sociedade","status":"publish","type":"post","link":"https:\/\/femergs.com.br\/wfe\/blog\/politica-x-epidemias-x-sociedade\/","title":{"rendered":"POL\u00cdTICA X EPIDEMIAS X SOCIEDADE"},"content":{"rendered":"<p>Nos \u00faltimos dias existe uma guerra pol\u00edtica nas m\u00eddias sociais causada pela epidemia do COROVID 19. Entre os dois grupos polarizados pela ultima elei\u00e7\u00e3o presidencial no Brasil, que foi claramente uma disputa entre o projeto politico de Esquerda, que defende um ESTADO FORTE, e o projeto pol\u00edtico de Direita que defende um ESTADO FRACO, onde o LIVRE MERCADO COMANDA. Ainda sob o dom\u00ednio do medo plantado sabiamente pelos americanos no p\u00f3s segunda guerra, onde se polarizou COMUNISMO DO DIABO, DEMOCRACIA DE DEUS, coisa que cientificamente sabemos que n\u00e3o \u00e9 assim, at\u00e9 porque Deus \u00e9 parte da religiosidade humana e n\u00e3o deveria ser da pol\u00edtica, pois existem diferentes cren\u00e7as no mundo. E entre estes dois grupos est\u00e3o os que se acham totalmente fora da discuss\u00e3o e que acreditam que POLITICA nada tem de import\u00e2ncia neste momento. Infelizmente isto n\u00e3o \u00e9 verdade, e historicamente causam grandes trag\u00e9dias nos casos de epidemias.<\/p>\n<p>Historicamente as doen\u00e7as causadas por v\u00edrus e bact\u00e9rias, aparecem, desaparecem e reaparecem em diferentes locais e de diversas formas. Mas se olharmos os registros hist\u00f3ricos, normalmente as maiores epidemias ocorrem em \u00e9pocas de rupturas e crises sociais. As organiza\u00e7\u00f5es sociais de aglomera\u00e7\u00e3o foram desde a pr\u00e9 hist\u00f3ria fator desencadeante de epidemias, s\u00e3o da\u00ed os primeiros registros de doen\u00e7as infecciosas. Como afirma Foucault, o processo epid\u00eamico \u00e9 um fen\u00f4meno coletivo, socialmente determinado e portador de uma singularidade hist\u00f3rica, e que apresenta diversas express\u00f5es sociais, biol\u00f3gicas e epidemiol\u00f3gicas em cada contexto social, econ\u00f4mico e cultural e POL\u00cdTICO.<\/p>\n<p>Disputas pol\u00edticas espalharam com suas guerras epidemias que quase devastaram a humanidade, a gripe espanhola, muitos historiadores afirmam que circulou nas trincheiras da I guerra Mundial e se espalho dali para o planeta, e foi causada pelo v\u00edrus influenza A H1N1. A HIV-Aids segundo alguns pesquisadores surgiu como epidemia na \u00c1frica Central, decorrentes de guerras naquela regi\u00e3o, de origem zoon\u00f3tica passou para a esp\u00e9cie humana, e se disseminou com os grandes deslocamentos em decorr\u00eancia dos conflitos.<\/p>\n<p>A ocupa\u00e7\u00e3o das Am\u00e9ricas, foi um ato pol\u00edtico, e trouxe com os europeus doen\u00e7as que aqui n\u00e3o existiam, como tuberculose por exemplo. Ou seja, se observarmos bem atos pol\u00edticos n\u00e3o criam v\u00edrus ou bact\u00e9rias, mas atos pol\u00edticos, como politica social e urbana podem sim AGRAVAR uma situa\u00e7\u00e3o epidemiol\u00f3gica.<\/p>\n<p>A partir do final do s\u00e9culo XX, sa\u00fade e doen\u00e7a s\u00e3o estudadas a partir das rela\u00e7\u00f5es sociai, de poder, cultura, valores sociais de uma determinada sociedade. At\u00e9 para entender que ainda alguns grupos sociais por convic\u00e7\u00f5es religiosas t\u00eam visto na ci\u00eancia, na pesquisa um inimigo. E em fun\u00e7\u00e3o desta vis\u00e3o diminuem a responsabilidade estatal sobre a sa\u00fade de seu povo. E neste contexto podemos perceber as maiores ambiguidades em diversas teses, vamos relacionar algumas para iniciarmos a nossa reflex\u00e3o:<\/p>\n<p>Contra                                                                      a favor<\/p>\n<p>ABORTO                                                                 EXPOSI\u00c7\u00c3O DO FILHO A DOEN\u00c7A<br \/>\nSUICIDIO                                                                EXPOSI\u00c7\u00c3O A UM VIRUS QUE PODE MATAR.<br \/>\nESTADO FORTE                                                    EXIGE SA\u00daDE GRATU\u00cdTA<br \/>\nSUS                                                                        PRIMEIRO LOCAL QUE PROCURA SE DOENTE<br \/>\nSINDICATOS                                                         ADORA CONQUISTAS DAS CONVE\u00c7\u00d5ES SINDICAIS<\/p>\n<p>Para entendermos a quest\u00e3o politica que existe por tr\u00e1s de todo movimento social, usemos a Peste Negra, uma das piores epidemias que temos conhecimento por causa dela v\u00e1rias mudan\u00e7as ocorreram no mundo, entre elas alguns historiadores afirmam ser nas regras da Igreja, at\u00e9 ent\u00e3o n\u00e3o haviam VARIAS IGREJAS, o ocidente europeu todo obedecia a Igreja Romana, o CRISTIANISMO, e no p\u00f3s peste, os dirigentes religiosos e pol\u00edticos da \u00e9poca  RESOLVERAM transformar o aborto em crime, pois como um ter\u00e7o da popula\u00e7\u00e3o havia morrido em fun\u00e7\u00e3o da peste, era necess\u00e1rio REPOR esta popula\u00e7\u00e3o.<\/p>\n<p>Ent\u00e3o a partir destas informa\u00e7\u00f5es que coletei em v\u00e1rios artigos e obras, tentando abrir a reflex\u00e3o para que n\u00e3o sejamos cegos  as causas sociais, culturais que podem causar um desastre nesta epidemia de COVID 19. No futuro certamente estudaram 2020 da mesma forma com que n\u00f3s estudamos a Peste Negra a Inquisi\u00e7\u00e3o, os<\/p>\n<p>Descobrimentos, vamos agradecer a tudo o que a ci\u00eancia nos d\u00e1 de vantagem hoje sobre aqueles acontecimento passados, para que no futuro n\u00e3o se precise pedir desculpas por atitudes de hoje que agravaram a situa\u00e7\u00e3o. Um dos depoimentos mais tristes que vi neste per\u00edodo, foi o discurso do Prefeito de Roma, pedindo desculpas ao seu povo pelas mortes que sua interpreta\u00e7\u00e3o equivocada causou. Somos seres humanos, aprendemos com nossas vivencias, com relatos hist\u00f3ricos, mas a decis\u00e3o de como enfrentamos, de como agimos, esta \u00e9 individual, n\u00e3o s\u00e3o noticias que devem diminuir nosso animo, nossa esperan\u00e7a ou nossa alegria. S\u00e3o nossas decis\u00f5es, nossa infinita capacidade de acordar chorando desconsolada por algo que est\u00e1 nos incomodando, e no mesmo dia, descobrir que somos capazes de superar muita coisa, nossa hist\u00f3ria tem milhares de anos neste planeta, e o privil\u00e9gio de todo avan\u00e7a tecnol\u00f3gico hoje \u00e9 nosso. Ent\u00e3o que no futuro nos estudem sabendo que enfrentamos o COVID 19 de forma POLITICAMENTE CORRETA, como uma SOCIEDADE, onde a vida \u00e9 o elemento principal. ERROS s\u00e3o normais, REPETI-LOS \u00e9 dispens\u00e1vel. Estamos em isolamento, per\u00edodo perfeito para nos aprimorarmos como lideran\u00e7as sindicais, ler, refletir, estudar para que possamos ser agentes efetivos na reconstru\u00e7\u00e3o de nossa forma de viver p\u00f3s COROVID 19. Pois isto \u00e9 outro ponto a ser discutido. N\u00e3o tem como sairmos desta fase e simplesmente voltar tudo ao normal, o normal, n\u00e3o ser\u00e1 mais o que entendemos de normal hoje.<\/p>\n<p>NINGUEM LARGA A M\u00c3O DE NINGUEM, JUNTOS SOMOS INFINITAMENTE MAIS FORTES.<\/p>\n","protected":false},"excerpt":{"rendered":"<p>Nos \u00faltimos dias existe uma guerra pol\u00edtica nas m\u00eddias sociais causada pela epidemia do COROVID 19. Entre os dois grupos polarizados pela ultima elei\u00e7\u00e3o presidencial no Brasil, que foi claramente uma disputa entre o projeto politico de Esquerda, que defende um ESTADO FORTE, e o projeto pol\u00edtico de Direita que defende um ESTADO FRACO, onde [&hellip;]<\/p>\n","protected":false},"author":1,"featured_media":0,"comment_status":"closed","ping_status":"closed","sticky":false,"template":"","format":"standard","meta":{"_eb_attr":"","_uag_custom_page_level_css":"","fifu_image_url":"","fifu_image_alt":"","footnotes":""},"categories":[1],"tags":[32],"class_list":["post-1233","post","type-post","status-publish","format-standard","hentry","category-arquivadas","tag-null"],"yoast_head":"<!-- This site is optimized with the Yoast SEO plugin v27.1.1 - https:\/\/yoast.com\/product\/yoast-seo-wordpress\/ -->\n<title>POL\u00cdTICA X EPIDEMIAS X SOCIEDADE - Federa\u00e7\u00e3o dos Municip\u00e1rios do Estado do Rio Grande do Sul<\/title>\n<meta name=\"robots\" content=\"index, follow, max-snippet:-1, max-image-preview:large, max-video-preview:-1\" \/>\n<link rel=\"canonical\" href=\"https:\/\/femergs.com.br\/wfe\/blog\/politica-x-epidemias-x-sociedade\/\" \/>\n<meta property=\"og:locale\" content=\"pt_BR\" \/>\n<meta property=\"og:type\" content=\"article\" \/>\n<meta property=\"og:title\" content=\"POL\u00cdTICA X EPIDEMIAS X SOCIEDADE - Federa\u00e7\u00e3o dos Municip\u00e1rios do Estado do Rio Grande do Sul\" \/>\n<meta property=\"og:description\" content=\"Nos \u00faltimos dias existe uma guerra pol\u00edtica nas m\u00eddias sociais causada pela epidemia do COROVID 19. Entre os dois grupos polarizados pela ultima elei\u00e7\u00e3o presidencial no Brasil, que foi claramente uma disputa entre o projeto politico de Esquerda, que defende um ESTADO FORTE, e o projeto pol\u00edtico de Direita que defende um ESTADO FRACO, onde [&hellip;]\" \/>\n<meta property=\"og:url\" content=\"https:\/\/femergs.com.br\/wfe\/blog\/politica-x-epidemias-x-sociedade\/\" \/>\n<meta property=\"og:site_name\" content=\"Federa\u00e7\u00e3o dos Municip\u00e1rios do Estado do Rio Grande do Sul\" \/>\n<meta property=\"article:publisher\" content=\"https:\/\/www.facebook.com\/profile.php?id=100057151733001\" \/>\n<meta property=\"article:published_time\" content=\"2020-04-07T10:11:54+00:00\" \/>\n<meta name=\"author\" content=\"adminfemergs\" \/>\n<meta name=\"twitter:card\" content=\"summary_large_image\" \/>\n<meta name=\"twitter:label1\" content=\"Escrito por\" \/>\n\t<meta name=\"twitter:data1\" content=\"adminfemergs\" \/>\n\t<meta name=\"twitter:label2\" content=\"Est. tempo de leitura\" \/>\n\t<meta name=\"twitter:data2\" content=\"5 minutos\" \/>\n<script type=\"application\/ld+json\" class=\"yoast-schema-graph\">{\"@context\":\"https:\/\/schema.org\",\"@graph\":[{\"@type\":\"Article\",\"@id\":\"https:\/\/femergs.com.br\/wfe\/blog\/politica-x-epidemias-x-sociedade\/#article\",\"isPartOf\":{\"@id\":\"https:\/\/femergs.com.br\/wfe\/blog\/politica-x-epidemias-x-sociedade\/\"},\"author\":{\"name\":\"adminfemergs\",\"@id\":\"https:\/\/femergs.com.br\/wfe\/#\/schema\/person\/f5558e6b5ffc044ee085016237dedb7f\"},\"headline\":\"POL\u00cdTICA X EPIDEMIAS X SOCIEDADE\",\"datePublished\":\"2020-04-07T10:11:54+00:00\",\"mainEntityOfPage\":{\"@id\":\"https:\/\/femergs.com.br\/wfe\/blog\/politica-x-epidemias-x-sociedade\/\"},\"wordCount\":982,\"publisher\":{\"@id\":\"https:\/\/femergs.com.br\/wfe\/#organization\"},\"keywords\":[\"NULL\"],\"articleSection\":[\"ARQUIVADAS\"],\"inLanguage\":\"pt-BR\"},{\"@type\":\"WebPage\",\"@id\":\"https:\/\/femergs.com.br\/wfe\/blog\/politica-x-epidemias-x-sociedade\/\",\"url\":\"https:\/\/femergs.com.br\/wfe\/blog\/politica-x-epidemias-x-sociedade\/\",\"name\":\"POL\u00cdTICA X EPIDEMIAS X SOCIEDADE - Federa\u00e7\u00e3o dos Municip\u00e1rios do Estado do Rio Grande do Sul\",\"isPartOf\":{\"@id\":\"https:\/\/femergs.com.br\/wfe\/#website\"},\"datePublished\":\"2020-04-07T10:11:54+00:00\",\"breadcrumb\":{\"@id\":\"https:\/\/femergs.com.br\/wfe\/blog\/politica-x-epidemias-x-sociedade\/#breadcrumb\"},\"inLanguage\":\"pt-BR\",\"potentialAction\":[{\"@type\":\"ReadAction\",\"target\":[\"https:\/\/femergs.com.br\/wfe\/blog\/politica-x-epidemias-x-sociedade\/\"]}]},{\"@type\":\"BreadcrumbList\",\"@id\":\"https:\/\/femergs.com.br\/wfe\/blog\/politica-x-epidemias-x-sociedade\/#breadcrumb\",\"itemListElement\":[{\"@type\":\"ListItem\",\"position\":1,\"name\":\"In\u00edcio\",\"item\":\"https:\/\/femergs.com.br\/wfe\/\"},{\"@type\":\"ListItem\",\"position\":2,\"name\":\"POL\u00cdTICA X EPIDEMIAS X SOCIEDADE\"}]},{\"@type\":\"WebSite\",\"@id\":\"https:\/\/femergs.com.br\/wfe\/#website\",\"url\":\"https:\/\/femergs.com.br\/wfe\/\",\"name\":\"FEMERGS\",\"description\":\"FEDERA\u00c7\u00c3O DOS MUNICIP\u00c1RIOS DO ESTADO DO RIO GRANDE DO SUL\",\"publisher\":{\"@id\":\"https:\/\/femergs.com.br\/wfe\/#organization\"},\"potentialAction\":[{\"@type\":\"SearchAction\",\"target\":{\"@type\":\"EntryPoint\",\"urlTemplate\":\"https:\/\/femergs.com.br\/wfe\/?s={search_term_string}\"},\"query-input\":{\"@type\":\"PropertyValueSpecification\",\"valueRequired\":true,\"valueName\":\"search_term_string\"}}],\"inLanguage\":\"pt-BR\"},{\"@type\":\"Organization\",\"@id\":\"https:\/\/femergs.com.br\/wfe\/#organization\",\"name\":\"FEMERGS\",\"url\":\"https:\/\/femergs.com.br\/wfe\/\",\"logo\":{\"@type\":\"ImageObject\",\"inLanguage\":\"pt-BR\",\"@id\":\"https:\/\/femergs.com.br\/wfe\/#\/schema\/logo\/image\/\",\"url\":\"https:\/\/femergs.com.br\/wfe\/wp-content\/uploads\/2025\/06\/logotipo.png\",\"contentUrl\":\"https:\/\/femergs.com.br\/wfe\/wp-content\/uploads\/2025\/06\/logotipo.png\",\"width\":500,\"height\":500,\"caption\":\"FEMERGS\"},\"image\":{\"@id\":\"https:\/\/femergs.com.br\/wfe\/#\/schema\/logo\/image\/\"},\"sameAs\":[\"https:\/\/www.facebook.com\/profile.php?id=100057151733001\",\"https:\/\/www.instagram.com\/femergs_rs\/\"]},{\"@type\":\"Person\",\"@id\":\"https:\/\/femergs.com.br\/wfe\/#\/schema\/person\/f5558e6b5ffc044ee085016237dedb7f\",\"name\":\"adminfemergs\",\"image\":{\"@type\":\"ImageObject\",\"inLanguage\":\"pt-BR\",\"@id\":\"https:\/\/femergs.com.br\/wfe\/#\/schema\/person\/image\/\",\"url\":\"https:\/\/secure.gravatar.com\/avatar\/398642fa557cdd524617ad9b31c938845f071aeb3448b9c0aeb29aefc495337b?s=96&d=mm&r=g\",\"contentUrl\":\"https:\/\/secure.gravatar.com\/avatar\/398642fa557cdd524617ad9b31c938845f071aeb3448b9c0aeb29aefc495337b?s=96&d=mm&r=g\",\"caption\":\"adminfemergs\"},\"sameAs\":[\"https:\/\/femergs.com.br\/wfe\"],\"url\":\"https:\/\/femergs.com.br\/wfe\/blog\/author\/adminfemergs\/\"}]}<\/script>\n<!-- \/ Yoast SEO plugin. -->","yoast_head_json":{"title":"POL\u00cdTICA X EPIDEMIAS X SOCIEDADE - Federa\u00e7\u00e3o dos Municip\u00e1rios do Estado do Rio Grande do Sul","robots":{"index":"index","follow":"follow","max-snippet":"max-snippet:-1","max-image-preview":"max-image-preview:large","max-video-preview":"max-video-preview:-1"},"canonical":"https:\/\/femergs.com.br\/wfe\/blog\/politica-x-epidemias-x-sociedade\/","og_locale":"pt_BR","og_type":"article","og_title":"POL\u00cdTICA X EPIDEMIAS X SOCIEDADE - Federa\u00e7\u00e3o dos Municip\u00e1rios do Estado do Rio Grande do Sul","og_description":"Nos \u00faltimos dias existe uma guerra pol\u00edtica nas m\u00eddias sociais causada pela epidemia do COROVID 19. Entre os dois grupos polarizados pela ultima elei\u00e7\u00e3o presidencial no Brasil, que foi claramente uma disputa entre o projeto politico de Esquerda, que defende um ESTADO FORTE, e o projeto pol\u00edtico de Direita que defende um ESTADO FRACO, onde [&hellip;]","og_url":"https:\/\/femergs.com.br\/wfe\/blog\/politica-x-epidemias-x-sociedade\/","og_site_name":"Federa\u00e7\u00e3o dos Municip\u00e1rios do Estado do Rio Grande do Sul","article_publisher":"https:\/\/www.facebook.com\/profile.php?id=100057151733001","article_published_time":"2020-04-07T10:11:54+00:00","author":"adminfemergs","twitter_card":"summary_large_image","twitter_misc":{"Escrito por":"adminfemergs","Est. tempo de leitura":"5 minutos"},"schema":{"@context":"https:\/\/schema.org","@graph":[{"@type":"Article","@id":"https:\/\/femergs.com.br\/wfe\/blog\/politica-x-epidemias-x-sociedade\/#article","isPartOf":{"@id":"https:\/\/femergs.com.br\/wfe\/blog\/politica-x-epidemias-x-sociedade\/"},"author":{"name":"adminfemergs","@id":"https:\/\/femergs.com.br\/wfe\/#\/schema\/person\/f5558e6b5ffc044ee085016237dedb7f"},"headline":"POL\u00cdTICA X EPIDEMIAS X SOCIEDADE","datePublished":"2020-04-07T10:11:54+00:00","mainEntityOfPage":{"@id":"https:\/\/femergs.com.br\/wfe\/blog\/politica-x-epidemias-x-sociedade\/"},"wordCount":982,"publisher":{"@id":"https:\/\/femergs.com.br\/wfe\/#organization"},"keywords":["NULL"],"articleSection":["ARQUIVADAS"],"inLanguage":"pt-BR"},{"@type":"WebPage","@id":"https:\/\/femergs.com.br\/wfe\/blog\/politica-x-epidemias-x-sociedade\/","url":"https:\/\/femergs.com.br\/wfe\/blog\/politica-x-epidemias-x-sociedade\/","name":"POL\u00cdTICA X EPIDEMIAS X SOCIEDADE - Federa\u00e7\u00e3o dos Municip\u00e1rios do Estado do Rio Grande do Sul","isPartOf":{"@id":"https:\/\/femergs.com.br\/wfe\/#website"},"datePublished":"2020-04-07T10:11:54+00:00","breadcrumb":{"@id":"https:\/\/femergs.com.br\/wfe\/blog\/politica-x-epidemias-x-sociedade\/#breadcrumb"},"inLanguage":"pt-BR","potentialAction":[{"@type":"ReadAction","target":["https:\/\/femergs.com.br\/wfe\/blog\/politica-x-epidemias-x-sociedade\/"]}]},{"@type":"BreadcrumbList","@id":"https:\/\/femergs.com.br\/wfe\/blog\/politica-x-epidemias-x-sociedade\/#breadcrumb","itemListElement":[{"@type":"ListItem","position":1,"name":"In\u00edcio","item":"https:\/\/femergs.com.br\/wfe\/"},{"@type":"ListItem","position":2,"name":"POL\u00cdTICA X EPIDEMIAS X SOCIEDADE"}]},{"@type":"WebSite","@id":"https:\/\/femergs.com.br\/wfe\/#website","url":"https:\/\/femergs.com.br\/wfe\/","name":"FEMERGS","description":"FEDERA\u00c7\u00c3O DOS MUNICIP\u00c1RIOS DO ESTADO DO RIO GRANDE DO SUL","publisher":{"@id":"https:\/\/femergs.com.br\/wfe\/#organization"},"potentialAction":[{"@type":"SearchAction","target":{"@type":"EntryPoint","urlTemplate":"https:\/\/femergs.com.br\/wfe\/?s={search_term_string}"},"query-input":{"@type":"PropertyValueSpecification","valueRequired":true,"valueName":"search_term_string"}}],"inLanguage":"pt-BR"},{"@type":"Organization","@id":"https:\/\/femergs.com.br\/wfe\/#organization","name":"FEMERGS","url":"https:\/\/femergs.com.br\/wfe\/","logo":{"@type":"ImageObject","inLanguage":"pt-BR","@id":"https:\/\/femergs.com.br\/wfe\/#\/schema\/logo\/image\/","url":"https:\/\/femergs.com.br\/wfe\/wp-content\/uploads\/2025\/06\/logotipo.png","contentUrl":"https:\/\/femergs.com.br\/wfe\/wp-content\/uploads\/2025\/06\/logotipo.png","width":500,"height":500,"caption":"FEMERGS"},"image":{"@id":"https:\/\/femergs.com.br\/wfe\/#\/schema\/logo\/image\/"},"sameAs":["https:\/\/www.facebook.com\/profile.php?id=100057151733001","https:\/\/www.instagram.com\/femergs_rs\/"]},{"@type":"Person","@id":"https:\/\/femergs.com.br\/wfe\/#\/schema\/person\/f5558e6b5ffc044ee085016237dedb7f","name":"adminfemergs","image":{"@type":"ImageObject","inLanguage":"pt-BR","@id":"https:\/\/femergs.com.br\/wfe\/#\/schema\/person\/image\/","url":"https:\/\/secure.gravatar.com\/avatar\/398642fa557cdd524617ad9b31c938845f071aeb3448b9c0aeb29aefc495337b?s=96&d=mm&r=g","contentUrl":"https:\/\/secure.gravatar.com\/avatar\/398642fa557cdd524617ad9b31c938845f071aeb3448b9c0aeb29aefc495337b?s=96&d=mm&r=g","caption":"adminfemergs"},"sameAs":["https:\/\/femergs.com.br\/wfe"],"url":"https:\/\/femergs.com.br\/wfe\/blog\/author\/adminfemergs\/"}]}},"uagb_featured_image_src":{"full":false,"thumbnail":false,"medium":false,"medium_large":false,"large":false,"1536x1536":false,"2048x2048":false,"ultp_layout_landscape_large":false,"ultp_layout_landscape":false,"ultp_layout_portrait":false,"ultp_layout_square":false},"uagb_author_info":{"display_name":"adminfemergs","author_link":"https:\/\/femergs.com.br\/wfe\/blog\/author\/adminfemergs\/"},"uagb_comment_info":0,"uagb_excerpt":"Nos \u00faltimos dias existe uma guerra pol\u00edtica nas m\u00eddias sociais causada pela epidemia do COROVID 19. Entre os dois grupos polarizados pela ultima elei\u00e7\u00e3o presidencial no Brasil, que foi claramente uma disputa entre o projeto politico de Esquerda, que defende um ESTADO FORTE, e o projeto pol\u00edtico de Direita que defende um ESTADO FRACO, onde&hellip;","_links":{"self":[{"href":"https:\/\/femergs.com.br\/wfe\/wp-json\/wp\/v2\/posts\/1233","targetHints":{"allow":["GET"]}}],"collection":[{"href":"https:\/\/femergs.com.br\/wfe\/wp-json\/wp\/v2\/posts"}],"about":[{"href":"https:\/\/femergs.com.br\/wfe\/wp-json\/wp\/v2\/types\/post"}],"author":[{"embeddable":true,"href":"https:\/\/femergs.com.br\/wfe\/wp-json\/wp\/v2\/users\/1"}],"replies":[{"embeddable":true,"href":"https:\/\/femergs.com.br\/wfe\/wp-json\/wp\/v2\/comments?post=1233"}],"version-history":[{"count":0,"href":"https:\/\/femergs.com.br\/wfe\/wp-json\/wp\/v2\/posts\/1233\/revisions"}],"wp:attachment":[{"href":"https:\/\/femergs.com.br\/wfe\/wp-json\/wp\/v2\/media?parent=1233"}],"wp:term":[{"taxonomy":"category","embeddable":true,"href":"https:\/\/femergs.com.br\/wfe\/wp-json\/wp\/v2\/categories?post=1233"},{"taxonomy":"post_tag","embeddable":true,"href":"https:\/\/femergs.com.br\/wfe\/wp-json\/wp\/v2\/tags?post=1233"}],"curies":[{"name":"wp","href":"https:\/\/api.w.org\/{rel}","templated":true}]}}