{"id":1236,"date":"2020-04-11T18:14:44","date_gmt":"2020-04-11T18:14:44","guid":{"rendered":"https:\/\/femergs.com.br\/wfe\/blog\/coronavirus-o-mundo-humanidade-muda\/"},"modified":"2020-04-11T18:14:44","modified_gmt":"2020-04-11T18:14:44","slug":"coronavirus-o-mundo-humanidade-muda","status":"publish","type":"post","link":"https:\/\/femergs.com.br\/wfe\/blog\/coronavirus-o-mundo-humanidade-muda\/","title":{"rendered":"CORONAV\u00cdRUS&#8230; O mundo\/humanidade muda?"},"content":{"rendered":"<p>\nUm v\u00edrus \u2013 CORONAV\u00cdRUS (Covid 19) \u2013 est\u00e1 mexendo profundamente em tudo e com todos. Algo t\u00e3o pequeno, mas que faz parar\/temer\/morrer. PANDEMIA. \u00c9 momento de parar para reflex\u00e3o.<br \/>\nPara nos ajudar, Bertrand Badie (especialista Frances em Globaliza\u00e7\u00e3o) em uma entrevista com o t\u00edtulo \u201cOs profetas do neoliberalismo viraram promotores da economia social. \u00c9 preciso voltar aos imperativos sociais\u201d afirma que o Covid-19 est\u00e1 evidenciando de forma dolorosa a verdadeira face da globaliza\u00e7\u00e3o.<\/p>\n<p> Quando questionado sobre o Covid-19 \u2013 ter revelado o verdadeiro rosto da globaliza\u00e7\u00e3o ele responde: \u201cPenso que, at\u00e9 essa crise, a opini\u00e3o p\u00fablica e, o que \u00e9 ainda mais surpreendente, os dirigentes dos diferentes pa\u00edses do mundo ignoravam e pretendiam ignorar o que esse fen\u00f4meno realmente significa. A mundializa\u00e7\u00e3o muda profundamente o pr\u00f3prio significado da alteridade. O outro, em nosso antigo sistema westfaliano, era o inimigo potencial; depois, com o livre com\u00e9rcio e a acelera\u00e7\u00e3o das trocas comerciais, o outro se transformou em um competidor, um rival, e n\u00e3o vimos que, no plano social, estava sendo criada outra defini\u00e7\u00e3o de alteridade, em que o outro era um parceiro cujo destino est\u00e1 profundamente ligado ao nosso.<\/p>\n<p>Isso significa que entramos em mundo que j\u00e1 n\u00e3o \u00e9 o da hostilidade e da competi\u00e7\u00e3o, e sim necessariamente o da solidariedade, porque agora se quero sobreviver e, ainda mais, ganhar, preciso me assegurar de que o outro sobreviva e que o outro ganhe, e temos muita dificuldade em admitir isso. Essa dificuldade nos levou nesse contexto de crise a escutar idiotices como \u201c\u00e9 um v\u00edrus chin\u00eas\u201d e \u201co v\u00edrus \u00e9 um inimigo do povo americano\u201d, como afirmou o presidente dos Estados Unidos. Donald Trump n\u00e3o entendeu que o verdadeiro significado da mundializa\u00e7\u00e3o est\u00e1 na cria\u00e7\u00e3o de necessidades de integra\u00e7\u00e3o social que devemos satisfazer urgentemente, do contr\u00e1rio nos encaminharemos ao desastre.<\/p>\n<p>Em um mundo inclusivo, interdependente e m\u00f3vel, \u00e9 o fraco que decide enquanto o poderoso est\u00e1 perpetuamente em uma posi\u00e7\u00e3o reativa e defensiva. Devemos levar muito a s\u00e9rio as novas necessidades de seguran\u00e7a humana j\u00e1 que dos segmentos de popula\u00e7\u00e3o mais inseguros, fr\u00e1geis em termos de sa\u00fade, economia, alimenta\u00e7\u00e3o e condi\u00e7\u00f5es clim\u00e1ticas, vem necessariamente o risco mais agudo da crise. A vulnerabilidade de nossas sociedades extraordinariamente sofisticadas \u00e9, em \u00faltima inst\u00e2ncia, bem alta.<\/p>\n<p>Entramos em um mundo invertido em que a l\u00f3gica da fraqueza \u00e9 a lei.<\/p>\n<p>P. Por que os Estados continuam priorizando o investimento militar para garantir sua seguran\u00e7a, sem se preocupar com os focos de vulnerabilidade que o senhor menciona?<br \/>\nR. Vivemos durante s\u00e9culos e s\u00e9culos com a ideia de que o que nos amea\u00e7a e causa nossa inseguran\u00e7a \u00e9 de natureza militar e interestatal. No mundo de hoje gasta-se por volta de dois trilh\u00f5es de d\u00f3lares (10 trilh\u00f5es de reais) em or\u00e7amento militar. Precisamos admitir que essa competi\u00e7\u00e3o s\u00f3 adula a arrog\u00e2ncia dos Estados e n\u00e3o tem nenhuma efic\u00e1cia em termos humanos. O Programa das Na\u00e7\u00f5es Unidas ao Desenvolvimento deixou claro em um relat\u00f3rio de 1994 que a principal amea\u00e7a ao mundo era a humana, a alimentar, a sanit\u00e1ria, a ambiental, entre outras, e ningu\u00e9m, nenhum l\u00edder do planeta levou a s\u00e9rio essa advert\u00eancia, seguindo os incertos caminhos do investimento militar. Se pelo menos essa crise servir para que os dirigentes que at\u00e9 agora n\u00e3o estavam \u00e0 altura de sua responsabilidade, e que n\u00e3o quiseram ver o que estava diante de seus olhos, levem a s\u00e9rio, ent\u00e3o ter\u00e1 servido para algo.<\/p>\n<p>P. O que lhe inspira a guinada keynesiana que de repente impregna o discurso de alguns pol\u00edticos mais conhecidos por sua orienta\u00e7\u00e3o liberal como Donald Trump e Emmanuel Macron?<br \/>\nR. \u00c9 preciso lembrar que o social foi assassinado pelo neoliberalismo e relegado a um mero efeito de goteira. A famosa f\u00f3rmula t\u00e3o elogiada pelo Banco Mundial de que \u201co crescimento \u00e9 bom para os pobres\u201d porque acabar\u00e3o se beneficiando de seus efeitos, reflete a maneira como o social foi concebido nos \u00faltimos 30 anos. Se hoje os profetas do neoliberalismo est\u00e3o se transformando em promotores da economia social \u00e9 porque concebem, diante da cat\u00e1strofe atual, que j\u00e1 n\u00e3o ser\u00e1 poss\u00edvel fazer o mesmo que antes e que ser\u00e1 necess\u00e1rio voltar aos imperativos sociais. \u201d Toda entrevista a disposi\u00e7\u00e3o https:\/\/brasil.elpais.com\/ideas\/2020-04-06\/bertrand-badie-cientista-politico-a-acao-da-oms-se-reduz-a-ler-um-comunicado-todas-as-noites.html<\/p>\n<p>Neste dia 7 de abril, lembramos, e parabenizamos &#8211; todos os profissionais da sa\u00fade que est\u00e3o na linha de frente, no enfrentamento da Guerra contra o Coronav\u00edrus. S\u00e3o profissionais muitas vezes n\u00e3o reconhecidos, por vezes hostilizados, mas que na sua grande maioria, agem com muito profissionalismo, muito amor, acreditando em ideais de humanidade e respeito a vida. PARAB\u00c9NS!<\/p>\n<p>Esta data, por ironia \/ TRISTEZA, dia dedicado aos profissionais da sa\u00fade, tivemos a primeira morte de profissional da sa\u00fade (T\u00e9cnica em Enfermagem Mara R\u00fabia C\u00e1rceres &#8211;  de 44 anos do Hospital Concei\u00e7\u00e3o) v\u00edtima do Covid-19 no Rio Grande do Sul. \u00c9 importante lembrarmos a campanha que os profissionais da sa\u00fade desencadearam pelo mundo a fora. FIQUE EM CASA \u2013 N\u00d3S ESTAMOS TRABALHANDO POR VOC\u00caS.<\/p>\n<p>Aproveitemos o tempo de parada, a Semana Santa, para refletirmos sobre os valores, e nos dar conta, que a VIDA \u00e9 o essencial, e precisamos zelar, cuidar do bem maior. Somos convidados &#8211; Por meio do tema e do lema da Campanha da Fraternidade 2020 \u2013 Fraternidade e Vida: Dom e Compromisso \/ &#8220;Viu, sentiu compaix\u00e3o e cuidou dele&#8221; (Lc 10,33-34) \u2013, somos convidados a refletir sobre o significado mais profundo da vida em suas diversas dimens\u00f5es: pessoal, comunit\u00e1ria, social e ecol\u00f3gica.<\/p>\n<p>ATEN\u00c7\u00c3O &#8211; O isolamento social n\u00e3o cura ningu\u00e9m. O isolamento social \u00e9 para, evitar que o v\u00edrus se propague rapidamente, para dar tempo para o Sistema de Sa\u00fade se organizar para ter o m\u00ednimo de estrutura para atender os infectados. Como se v\u00ea pelo mundo, o V\u00edrus COVID 19, est\u00e1 trazendo o COLAPSO nos Sistemas de Sa\u00fade do primeiro mundo, imaginem a situa\u00e7\u00e3o do Brasil.<\/p>\n<p>                FELIZ E ABEN\u00c7OADA P\u00c1SCOA!<\/p>\n","protected":false},"excerpt":{"rendered":"<p>Um v\u00edrus \u2013 CORONAV\u00cdRUS (Covid 19) \u2013 est\u00e1 mexendo profundamente em tudo e com todos. Algo t\u00e3o pequeno, mas que faz parar\/temer\/morrer. PANDEMIA. \u00c9 momento de parar para reflex\u00e3o. Para nos ajudar, Bertrand Badie (especialista Frances em Globaliza\u00e7\u00e3o) em uma entrevista com o t\u00edtulo \u201cOs profetas do neoliberalismo viraram promotores da economia social. \u00c9 preciso [&hellip;]<\/p>\n","protected":false},"author":1,"featured_media":0,"comment_status":"closed","ping_status":"closed","sticky":false,"template":"","format":"standard","meta":{"_eb_attr":"","_uag_custom_page_level_css":"","fifu_image_url":"","fifu_image_alt":"","footnotes":""},"categories":[1],"tags":[32],"class_list":["post-1236","post","type-post","status-publish","format-standard","hentry","category-arquivadas","tag-null"],"yoast_head":"<!-- This site is optimized with the Yoast SEO plugin v27.1.1 - https:\/\/yoast.com\/product\/yoast-seo-wordpress\/ -->\n<title>CORONAV\u00cdRUS... O mundo\/humanidade muda? - Federa\u00e7\u00e3o dos Municip\u00e1rios do Estado do Rio Grande do Sul<\/title>\n<meta name=\"robots\" content=\"index, follow, max-snippet:-1, max-image-preview:large, max-video-preview:-1\" \/>\n<link rel=\"canonical\" href=\"https:\/\/femergs.com.br\/wfe\/blog\/coronavirus-o-mundo-humanidade-muda\/\" \/>\n<meta property=\"og:locale\" content=\"pt_BR\" \/>\n<meta property=\"og:type\" content=\"article\" \/>\n<meta property=\"og:title\" content=\"CORONAV\u00cdRUS... O mundo\/humanidade muda? - Federa\u00e7\u00e3o dos Municip\u00e1rios do Estado do Rio Grande do Sul\" \/>\n<meta property=\"og:description\" content=\"Um v\u00edrus \u2013 CORONAV\u00cdRUS (Covid 19) \u2013 est\u00e1 mexendo profundamente em tudo e com todos. Algo t\u00e3o pequeno, mas que faz parar\/temer\/morrer. PANDEMIA. \u00c9 momento de parar para reflex\u00e3o. Para nos ajudar, Bertrand Badie (especialista Frances em Globaliza\u00e7\u00e3o) em uma entrevista com o t\u00edtulo \u201cOs profetas do neoliberalismo viraram promotores da economia social. \u00c9 preciso [&hellip;]\" \/>\n<meta property=\"og:url\" content=\"https:\/\/femergs.com.br\/wfe\/blog\/coronavirus-o-mundo-humanidade-muda\/\" \/>\n<meta property=\"og:site_name\" content=\"Federa\u00e7\u00e3o dos Municip\u00e1rios do Estado do Rio Grande do Sul\" \/>\n<meta property=\"article:publisher\" content=\"https:\/\/www.facebook.com\/profile.php?id=100057151733001\" \/>\n<meta property=\"article:published_time\" content=\"2020-04-11T18:14:44+00:00\" \/>\n<meta name=\"author\" content=\"adminfemergs\" \/>\n<meta name=\"twitter:card\" content=\"summary_large_image\" \/>\n<meta name=\"twitter:label1\" content=\"Escrito por\" \/>\n\t<meta name=\"twitter:data1\" content=\"adminfemergs\" \/>\n\t<meta name=\"twitter:label2\" content=\"Est. tempo de leitura\" \/>\n\t<meta name=\"twitter:data2\" content=\"5 minutos\" \/>\n<script type=\"application\/ld+json\" class=\"yoast-schema-graph\">{\"@context\":\"https:\/\/schema.org\",\"@graph\":[{\"@type\":\"Article\",\"@id\":\"https:\/\/femergs.com.br\/wfe\/blog\/coronavirus-o-mundo-humanidade-muda\/#article\",\"isPartOf\":{\"@id\":\"https:\/\/femergs.com.br\/wfe\/blog\/coronavirus-o-mundo-humanidade-muda\/\"},\"author\":{\"name\":\"adminfemergs\",\"@id\":\"https:\/\/femergs.com.br\/wfe\/#\/schema\/person\/f5558e6b5ffc044ee085016237dedb7f\"},\"headline\":\"CORONAV\u00cdRUS&#8230; O mundo\/humanidade muda?\",\"datePublished\":\"2020-04-11T18:14:44+00:00\",\"mainEntityOfPage\":{\"@id\":\"https:\/\/femergs.com.br\/wfe\/blog\/coronavirus-o-mundo-humanidade-muda\/\"},\"wordCount\":1056,\"publisher\":{\"@id\":\"https:\/\/femergs.com.br\/wfe\/#organization\"},\"keywords\":[\"NULL\"],\"articleSection\":[\"ARQUIVADAS\"],\"inLanguage\":\"pt-BR\"},{\"@type\":\"WebPage\",\"@id\":\"https:\/\/femergs.com.br\/wfe\/blog\/coronavirus-o-mundo-humanidade-muda\/\",\"url\":\"https:\/\/femergs.com.br\/wfe\/blog\/coronavirus-o-mundo-humanidade-muda\/\",\"name\":\"CORONAV\u00cdRUS... O mundo\/humanidade muda? - Federa\u00e7\u00e3o dos Municip\u00e1rios do Estado do Rio Grande do Sul\",\"isPartOf\":{\"@id\":\"https:\/\/femergs.com.br\/wfe\/#website\"},\"datePublished\":\"2020-04-11T18:14:44+00:00\",\"breadcrumb\":{\"@id\":\"https:\/\/femergs.com.br\/wfe\/blog\/coronavirus-o-mundo-humanidade-muda\/#breadcrumb\"},\"inLanguage\":\"pt-BR\",\"potentialAction\":[{\"@type\":\"ReadAction\",\"target\":[\"https:\/\/femergs.com.br\/wfe\/blog\/coronavirus-o-mundo-humanidade-muda\/\"]}]},{\"@type\":\"BreadcrumbList\",\"@id\":\"https:\/\/femergs.com.br\/wfe\/blog\/coronavirus-o-mundo-humanidade-muda\/#breadcrumb\",\"itemListElement\":[{\"@type\":\"ListItem\",\"position\":1,\"name\":\"In\u00edcio\",\"item\":\"https:\/\/femergs.com.br\/wfe\/\"},{\"@type\":\"ListItem\",\"position\":2,\"name\":\"CORONAV\u00cdRUS&#8230; O mundo\/humanidade muda?\"}]},{\"@type\":\"WebSite\",\"@id\":\"https:\/\/femergs.com.br\/wfe\/#website\",\"url\":\"https:\/\/femergs.com.br\/wfe\/\",\"name\":\"FEMERGS\",\"description\":\"FEDERA\u00c7\u00c3O DOS MUNICIP\u00c1RIOS DO ESTADO DO RIO GRANDE DO SUL\",\"publisher\":{\"@id\":\"https:\/\/femergs.com.br\/wfe\/#organization\"},\"potentialAction\":[{\"@type\":\"SearchAction\",\"target\":{\"@type\":\"EntryPoint\",\"urlTemplate\":\"https:\/\/femergs.com.br\/wfe\/?s={search_term_string}\"},\"query-input\":{\"@type\":\"PropertyValueSpecification\",\"valueRequired\":true,\"valueName\":\"search_term_string\"}}],\"inLanguage\":\"pt-BR\"},{\"@type\":\"Organization\",\"@id\":\"https:\/\/femergs.com.br\/wfe\/#organization\",\"name\":\"FEMERGS\",\"url\":\"https:\/\/femergs.com.br\/wfe\/\",\"logo\":{\"@type\":\"ImageObject\",\"inLanguage\":\"pt-BR\",\"@id\":\"https:\/\/femergs.com.br\/wfe\/#\/schema\/logo\/image\/\",\"url\":\"https:\/\/femergs.com.br\/wfe\/wp-content\/uploads\/2025\/06\/logotipo.png\",\"contentUrl\":\"https:\/\/femergs.com.br\/wfe\/wp-content\/uploads\/2025\/06\/logotipo.png\",\"width\":500,\"height\":500,\"caption\":\"FEMERGS\"},\"image\":{\"@id\":\"https:\/\/femergs.com.br\/wfe\/#\/schema\/logo\/image\/\"},\"sameAs\":[\"https:\/\/www.facebook.com\/profile.php?id=100057151733001\",\"https:\/\/www.instagram.com\/femergs_rs\/\"]},{\"@type\":\"Person\",\"@id\":\"https:\/\/femergs.com.br\/wfe\/#\/schema\/person\/f5558e6b5ffc044ee085016237dedb7f\",\"name\":\"adminfemergs\",\"image\":{\"@type\":\"ImageObject\",\"inLanguage\":\"pt-BR\",\"@id\":\"https:\/\/femergs.com.br\/wfe\/#\/schema\/person\/image\/\",\"url\":\"https:\/\/secure.gravatar.com\/avatar\/398642fa557cdd524617ad9b31c938845f071aeb3448b9c0aeb29aefc495337b?s=96&d=mm&r=g\",\"contentUrl\":\"https:\/\/secure.gravatar.com\/avatar\/398642fa557cdd524617ad9b31c938845f071aeb3448b9c0aeb29aefc495337b?s=96&d=mm&r=g\",\"caption\":\"adminfemergs\"},\"sameAs\":[\"https:\/\/femergs.com.br\/wfe\"],\"url\":\"https:\/\/femergs.com.br\/wfe\/blog\/author\/adminfemergs\/\"}]}<\/script>\n<!-- \/ Yoast SEO plugin. -->","yoast_head_json":{"title":"CORONAV\u00cdRUS... O mundo\/humanidade muda? - Federa\u00e7\u00e3o dos Municip\u00e1rios do Estado do Rio Grande do Sul","robots":{"index":"index","follow":"follow","max-snippet":"max-snippet:-1","max-image-preview":"max-image-preview:large","max-video-preview":"max-video-preview:-1"},"canonical":"https:\/\/femergs.com.br\/wfe\/blog\/coronavirus-o-mundo-humanidade-muda\/","og_locale":"pt_BR","og_type":"article","og_title":"CORONAV\u00cdRUS... O mundo\/humanidade muda? - Federa\u00e7\u00e3o dos Municip\u00e1rios do Estado do Rio Grande do Sul","og_description":"Um v\u00edrus \u2013 CORONAV\u00cdRUS (Covid 19) \u2013 est\u00e1 mexendo profundamente em tudo e com todos. Algo t\u00e3o pequeno, mas que faz parar\/temer\/morrer. PANDEMIA. \u00c9 momento de parar para reflex\u00e3o. Para nos ajudar, Bertrand Badie (especialista Frances em Globaliza\u00e7\u00e3o) em uma entrevista com o t\u00edtulo \u201cOs profetas do neoliberalismo viraram promotores da economia social. \u00c9 preciso [&hellip;]","og_url":"https:\/\/femergs.com.br\/wfe\/blog\/coronavirus-o-mundo-humanidade-muda\/","og_site_name":"Federa\u00e7\u00e3o dos Municip\u00e1rios do Estado do Rio Grande do Sul","article_publisher":"https:\/\/www.facebook.com\/profile.php?id=100057151733001","article_published_time":"2020-04-11T18:14:44+00:00","author":"adminfemergs","twitter_card":"summary_large_image","twitter_misc":{"Escrito por":"adminfemergs","Est. tempo de leitura":"5 minutos"},"schema":{"@context":"https:\/\/schema.org","@graph":[{"@type":"Article","@id":"https:\/\/femergs.com.br\/wfe\/blog\/coronavirus-o-mundo-humanidade-muda\/#article","isPartOf":{"@id":"https:\/\/femergs.com.br\/wfe\/blog\/coronavirus-o-mundo-humanidade-muda\/"},"author":{"name":"adminfemergs","@id":"https:\/\/femergs.com.br\/wfe\/#\/schema\/person\/f5558e6b5ffc044ee085016237dedb7f"},"headline":"CORONAV\u00cdRUS&#8230; O mundo\/humanidade muda?","datePublished":"2020-04-11T18:14:44+00:00","mainEntityOfPage":{"@id":"https:\/\/femergs.com.br\/wfe\/blog\/coronavirus-o-mundo-humanidade-muda\/"},"wordCount":1056,"publisher":{"@id":"https:\/\/femergs.com.br\/wfe\/#organization"},"keywords":["NULL"],"articleSection":["ARQUIVADAS"],"inLanguage":"pt-BR"},{"@type":"WebPage","@id":"https:\/\/femergs.com.br\/wfe\/blog\/coronavirus-o-mundo-humanidade-muda\/","url":"https:\/\/femergs.com.br\/wfe\/blog\/coronavirus-o-mundo-humanidade-muda\/","name":"CORONAV\u00cdRUS... O mundo\/humanidade muda? - Federa\u00e7\u00e3o dos Municip\u00e1rios do Estado do Rio Grande do Sul","isPartOf":{"@id":"https:\/\/femergs.com.br\/wfe\/#website"},"datePublished":"2020-04-11T18:14:44+00:00","breadcrumb":{"@id":"https:\/\/femergs.com.br\/wfe\/blog\/coronavirus-o-mundo-humanidade-muda\/#breadcrumb"},"inLanguage":"pt-BR","potentialAction":[{"@type":"ReadAction","target":["https:\/\/femergs.com.br\/wfe\/blog\/coronavirus-o-mundo-humanidade-muda\/"]}]},{"@type":"BreadcrumbList","@id":"https:\/\/femergs.com.br\/wfe\/blog\/coronavirus-o-mundo-humanidade-muda\/#breadcrumb","itemListElement":[{"@type":"ListItem","position":1,"name":"In\u00edcio","item":"https:\/\/femergs.com.br\/wfe\/"},{"@type":"ListItem","position":2,"name":"CORONAV\u00cdRUS&#8230; O mundo\/humanidade muda?"}]},{"@type":"WebSite","@id":"https:\/\/femergs.com.br\/wfe\/#website","url":"https:\/\/femergs.com.br\/wfe\/","name":"FEMERGS","description":"FEDERA\u00c7\u00c3O DOS MUNICIP\u00c1RIOS DO ESTADO DO RIO GRANDE DO SUL","publisher":{"@id":"https:\/\/femergs.com.br\/wfe\/#organization"},"potentialAction":[{"@type":"SearchAction","target":{"@type":"EntryPoint","urlTemplate":"https:\/\/femergs.com.br\/wfe\/?s={search_term_string}"},"query-input":{"@type":"PropertyValueSpecification","valueRequired":true,"valueName":"search_term_string"}}],"inLanguage":"pt-BR"},{"@type":"Organization","@id":"https:\/\/femergs.com.br\/wfe\/#organization","name":"FEMERGS","url":"https:\/\/femergs.com.br\/wfe\/","logo":{"@type":"ImageObject","inLanguage":"pt-BR","@id":"https:\/\/femergs.com.br\/wfe\/#\/schema\/logo\/image\/","url":"https:\/\/femergs.com.br\/wfe\/wp-content\/uploads\/2025\/06\/logotipo.png","contentUrl":"https:\/\/femergs.com.br\/wfe\/wp-content\/uploads\/2025\/06\/logotipo.png","width":500,"height":500,"caption":"FEMERGS"},"image":{"@id":"https:\/\/femergs.com.br\/wfe\/#\/schema\/logo\/image\/"},"sameAs":["https:\/\/www.facebook.com\/profile.php?id=100057151733001","https:\/\/www.instagram.com\/femergs_rs\/"]},{"@type":"Person","@id":"https:\/\/femergs.com.br\/wfe\/#\/schema\/person\/f5558e6b5ffc044ee085016237dedb7f","name":"adminfemergs","image":{"@type":"ImageObject","inLanguage":"pt-BR","@id":"https:\/\/femergs.com.br\/wfe\/#\/schema\/person\/image\/","url":"https:\/\/secure.gravatar.com\/avatar\/398642fa557cdd524617ad9b31c938845f071aeb3448b9c0aeb29aefc495337b?s=96&d=mm&r=g","contentUrl":"https:\/\/secure.gravatar.com\/avatar\/398642fa557cdd524617ad9b31c938845f071aeb3448b9c0aeb29aefc495337b?s=96&d=mm&r=g","caption":"adminfemergs"},"sameAs":["https:\/\/femergs.com.br\/wfe"],"url":"https:\/\/femergs.com.br\/wfe\/blog\/author\/adminfemergs\/"}]}},"uagb_featured_image_src":{"full":false,"thumbnail":false,"medium":false,"medium_large":false,"large":false,"1536x1536":false,"2048x2048":false,"ultp_layout_landscape_large":false,"ultp_layout_landscape":false,"ultp_layout_portrait":false,"ultp_layout_square":false},"uagb_author_info":{"display_name":"adminfemergs","author_link":"https:\/\/femergs.com.br\/wfe\/blog\/author\/adminfemergs\/"},"uagb_comment_info":0,"uagb_excerpt":"Um v\u00edrus \u2013 CORONAV\u00cdRUS (Covid 19) \u2013 est\u00e1 mexendo profundamente em tudo e com todos. Algo t\u00e3o pequeno, mas que faz parar\/temer\/morrer. PANDEMIA. \u00c9 momento de parar para reflex\u00e3o. Para nos ajudar, Bertrand Badie (especialista Frances em Globaliza\u00e7\u00e3o) em uma entrevista com o t\u00edtulo \u201cOs profetas do neoliberalismo viraram promotores da economia social. \u00c9 preciso&hellip;","_links":{"self":[{"href":"https:\/\/femergs.com.br\/wfe\/wp-json\/wp\/v2\/posts\/1236","targetHints":{"allow":["GET"]}}],"collection":[{"href":"https:\/\/femergs.com.br\/wfe\/wp-json\/wp\/v2\/posts"}],"about":[{"href":"https:\/\/femergs.com.br\/wfe\/wp-json\/wp\/v2\/types\/post"}],"author":[{"embeddable":true,"href":"https:\/\/femergs.com.br\/wfe\/wp-json\/wp\/v2\/users\/1"}],"replies":[{"embeddable":true,"href":"https:\/\/femergs.com.br\/wfe\/wp-json\/wp\/v2\/comments?post=1236"}],"version-history":[{"count":0,"href":"https:\/\/femergs.com.br\/wfe\/wp-json\/wp\/v2\/posts\/1236\/revisions"}],"wp:attachment":[{"href":"https:\/\/femergs.com.br\/wfe\/wp-json\/wp\/v2\/media?parent=1236"}],"wp:term":[{"taxonomy":"category","embeddable":true,"href":"https:\/\/femergs.com.br\/wfe\/wp-json\/wp\/v2\/categories?post=1236"},{"taxonomy":"post_tag","embeddable":true,"href":"https:\/\/femergs.com.br\/wfe\/wp-json\/wp\/v2\/tags?post=1236"}],"curies":[{"name":"wp","href":"https:\/\/api.w.org\/{rel}","templated":true}]}}