{"id":1237,"date":"2020-04-16T22:19:57","date_gmt":"2020-04-16T22:19:57","guid":{"rendered":"https:\/\/femergs.com.br\/wfe\/blog\/nota-conjunta-undime-rs-famurs-alimentacao-escolar\/"},"modified":"2020-04-16T22:19:57","modified_gmt":"2020-04-16T22:19:57","slug":"nota-conjunta-undime-rs-famurs-alimentacao-escolar","status":"publish","type":"post","link":"https:\/\/femergs.com.br\/wfe\/blog\/nota-conjunta-undime-rs-famurs-alimentacao-escolar\/","title":{"rendered":"NOTA CONJUNTA UNDIME-RS\/FAMURS &#8211; ALIMENTA\u00c7\u00c3O ESCOLAR"},"content":{"rendered":"<p>No dia 9 de abril de 2020, o Fundo Nacional de Desenvolvimento da Educa\u00e7\u00e3o (FNDE) publicou a Resolu\u00e7\u00e3o n\u00ba 2 (acesse aqui), que Disp\u00f5e sobre a execu\u00e7\u00e3o do Programa Nacional de Alimenta\u00e7\u00e3o Escolar &#8211; PNAE durante o per\u00edodo de estado de calamidade p\u00fablica, reconhecido pelo Decreto Legislativo n\u00ba 6, de 20 de mar\u00e7o de 2020, e da emerg\u00eancia de sa\u00fade p\u00fablica de import\u00e2ncia internacional decorrente do novo coronav\u00edrus &#8211; Covid-19.<\/p>\n<p>Por meio desta Resolu\u00e7\u00e3o, fica facultado aos Estados, Munic\u00edpios e Distrito Federal a distribui\u00e7\u00e3o de g\u00eaneros aliment\u00edcios adquiridos com recursos do Programa Nacional de Alimenta\u00e7\u00e3o Escolar (PNAE) para os estudantes da rede p\u00fablica.<\/p>\n<p>Deve-se ter a clareza de que o munic\u00edpio n\u00e3o \u00e9 obrigado a proceder a esta distribui\u00e7\u00e3o, ficando facultado ao mesmo. Tamb\u00e9m, n\u00e3o se trata da distribui\u00e7\u00e3o de merenda somente para alunos de fam\u00edlias carentes ou de vulnerabilidade social, uma vez que o PNAE \u00e9 dirigido a todos os alunos matriculados na rede p\u00fablica municipal. Ainda, caso o munic\u00edpio opte pela utiliza\u00e7\u00e3o dos recursos e\/ou distribui\u00e7\u00e3o da merenda para os alunos da sua rede, n\u00e3o h\u00e1 previs\u00e3o de recursos extras em 2020 para custeio do PNAE quando ocorrer a recupera\u00e7\u00e3o dos dias letivos suspensos em fun\u00e7\u00e3o da pandemia do coronav\u00edrus: caber\u00e1 ao munic\u00edpio o custeio com recursos pr\u00f3prios.<\/p>\n<p>A Resolu\u00e7\u00e3o n\u00ba 2 do FNDE estabelece um conjunto de regras que devem ser adotadas caso o munic\u00edpio opte pela utiliza\u00e7\u00e3o dos recursos do PNAE ou distribui\u00e7\u00e3o de g\u00eaneros aliment\u00edcios adquiridos por meio do programa:<\/p>\n<ul>\n<li>Os alimentos devem ser distribu\u00eddos em forma de kits, definidos pela equipe de nutri\u00e7\u00e3o local, de acordo com a faixa et\u00e1ria de cada estudante e o per\u00edodo em que estaria sendo atendido na unidade escolar.<\/li>\n<li>Os kits devem seguir as determina\u00e7\u00f5es do PNAE quanto \u00e0 qualidade nutricional, sanit\u00e1ria e respeitar h\u00e1bitos alimentares e cultura local.<\/li>\n<li>Os estados e munic\u00edpios s\u00e3o orientados, pelo FNDE, a fazer a entrega dos kits de alimentos nas resid\u00eancias dos benefici\u00e1rios. Caso n\u00e3o seja poss\u00edvel, dever\u00e1 ser agendada a entrega na escola ou em outro equipamento p\u00fablico de forma a evitar aglomera\u00e7\u00f5es.<\/li>\n<\/ul>\n<p>O FNDE elaborou uma cartilha de orienta\u00e7\u00e3o aos entes federados (acesse aqui) e disponibilizou um e-mail para o esclarecimento de d\u00favidas por meio da Coordena\u00e7\u00e3o de Seguran\u00e7a Alimentar e Nutricional do FNDE (cosan@fnde.gov.br).<\/p>\n<p>Por fim, orientamos aos munic\u00edpios cautela e planejamento na utiliza\u00e7\u00e3o dos recursos do PNAE para distribui\u00e7\u00e3o de kits ou g\u00eaneros aliment\u00edcios, a todos os estudantes matriculados na rede municipal, durante a suspens\u00e3o das aulas devido a pandemia do coronav\u00edrus, reiterando que quando ocorrer a recupera\u00e7\u00e3o das aulas n\u00e3o h\u00e1 previs\u00e3o de recursos extras por parte do FNDE, ficando sob responsabilidade de custeio de cada munic\u00edpio.<\/p>\n<p>Porto Alegre, 15 de abril de 2020.<\/p>\n<p>EDUARDO RUSSOMANO FREIRE<br \/>\nPresidente da FAMURS<\/p>\n<p>MARCELO AUGUSTO MALLMANN<br \/>\nPresidente da UNDIME\/RS<\/p>\n<p><img decoding=\"async\" src=\"data:image\/gif;base64,R0lGODlhAQABAIAAAAAAAP\/\/\/ywAAAAAAQABAAACAUwAOw==\" fifu-lazy=\"1\" fifu-data-sizes=\"auto\" fifu-data-srcset=\"\/Im4g3nsN0t1cia\/geral\/images\/educacao_1.png?w=75&resize=75&ssl=1 75w, \/Im4g3nsN0t1cia\/geral\/images\/educacao_1.png?w=100&resize=100&ssl=1 100w, \/Im4g3nsN0t1cia\/geral\/images\/educacao_1.png?w=150&resize=150&ssl=1 150w, \/Im4g3nsN0t1cia\/geral\/images\/educacao_1.png?w=240&resize=240&ssl=1 240w, \/Im4g3nsN0t1cia\/geral\/images\/educacao_1.png?w=320&resize=320&ssl=1 320w, \/Im4g3nsN0t1cia\/geral\/images\/educacao_1.png?w=500&resize=500&ssl=1 500w, \/Im4g3nsN0t1cia\/geral\/images\/educacao_1.png?w=640&resize=640&ssl=1 640w, \/Im4g3nsN0t1cia\/geral\/images\/educacao_1.png?w=800&resize=800&ssl=1 800w, \/Im4g3nsN0t1cia\/geral\/images\/educacao_1.png?w=1024&resize=1024&ssl=1 1024w, \/Im4g3nsN0t1cia\/geral\/images\/educacao_1.png?w=1280&resize=1280&ssl=1 1280w, \/Im4g3nsN0t1cia\/geral\/images\/educacao_1.png?w=1600&resize=1600&ssl=1 1600w\" alt=\"\" fifu-data-src=\"\/Im4g3nsN0t1cia\/geral\/images\/educacao_1.png\" style=\"height:960px; width:640px\" \/><img decoding=\"async\" src=\"data:image\/gif;base64,R0lGODlhAQABAIAAAAAAAP\/\/\/ywAAAAAAQABAAACAUwAOw==\" fifu-lazy=\"1\" fifu-data-sizes=\"auto\" fifu-data-srcset=\"\/Im4g3nsN0t1cia\/geral\/images\/educacao_2.png?w=75&resize=75&ssl=1 75w, \/Im4g3nsN0t1cia\/geral\/images\/educacao_2.png?w=100&resize=100&ssl=1 100w, \/Im4g3nsN0t1cia\/geral\/images\/educacao_2.png?w=150&resize=150&ssl=1 150w, \/Im4g3nsN0t1cia\/geral\/images\/educacao_2.png?w=240&resize=240&ssl=1 240w, \/Im4g3nsN0t1cia\/geral\/images\/educacao_2.png?w=320&resize=320&ssl=1 320w, \/Im4g3nsN0t1cia\/geral\/images\/educacao_2.png?w=500&resize=500&ssl=1 500w, \/Im4g3nsN0t1cia\/geral\/images\/educacao_2.png?w=640&resize=640&ssl=1 640w, \/Im4g3nsN0t1cia\/geral\/images\/educacao_2.png?w=800&resize=800&ssl=1 800w, \/Im4g3nsN0t1cia\/geral\/images\/educacao_2.png?w=1024&resize=1024&ssl=1 1024w, \/Im4g3nsN0t1cia\/geral\/images\/educacao_2.png?w=1280&resize=1280&ssl=1 1280w, \/Im4g3nsN0t1cia\/geral\/images\/educacao_2.png?w=1600&resize=1600&ssl=1 1600w\" alt=\"\" fifu-data-src=\"\/Im4g3nsN0t1cia\/geral\/images\/educacao_2.png\" style=\"height:960px; width:641px\" \/><\/p>\n","protected":false},"excerpt":{"rendered":"<p>No dia 9 de abril de 2020, o Fundo Nacional de Desenvolvimento da Educa\u00e7\u00e3o (FNDE) publicou a Resolu\u00e7\u00e3o n\u00ba 2 (acesse aqui), que Disp\u00f5e sobre a execu\u00e7\u00e3o do Programa Nacional de Alimenta\u00e7\u00e3o Escolar &#8211; PNAE durante o per\u00edodo de estado de calamidade p\u00fablica, reconhecido pelo Decreto Legislativo n\u00ba 6, de 20 de mar\u00e7o de 2020, [&hellip;]<\/p>\n","protected":false},"author":1,"featured_media":1964,"comment_status":"closed","ping_status":"closed","sticky":false,"template":"","format":"standard","meta":{"_eb_attr":"","_uag_custom_page_level_css":"","fifu_image_url":"https:\/\/femergs.com.br\/Im4g3nsN0t1cia\/geral\/images\/educacao_1.png","fifu_image_alt":"","footnotes":""},"categories":[1],"tags":[32],"class_list":["post-1237","post","type-post","status-publish","format-standard","has-post-thumbnail","hentry","category-arquivadas","tag-null"],"yoast_head":"<!-- This site is optimized with the Yoast SEO plugin v27.1.1 - https:\/\/yoast.com\/product\/yoast-seo-wordpress\/ -->\n<title>NOTA CONJUNTA UNDIME-RS\/FAMURS - ALIMENTA\u00c7\u00c3O ESCOLAR - Federa\u00e7\u00e3o dos Municip\u00e1rios do Estado do Rio Grande do Sul<\/title>\n<meta name=\"robots\" content=\"index, follow, max-snippet:-1, max-image-preview:large, max-video-preview:-1\" \/>\n<link rel=\"canonical\" href=\"https:\/\/femergs.com.br\/wfe\/blog\/nota-conjunta-undime-rs-famurs-alimentacao-escolar\/\" \/>\n<meta property=\"og:locale\" content=\"pt_BR\" \/>\n<meta property=\"og:type\" content=\"article\" \/>\n<meta property=\"og:title\" content=\"NOTA CONJUNTA UNDIME-RS\/FAMURS - ALIMENTA\u00c7\u00c3O ESCOLAR - Federa\u00e7\u00e3o dos Municip\u00e1rios do Estado do Rio Grande do Sul\" \/>\n<meta property=\"og:description\" content=\"No dia 9 de abril de 2020, o Fundo Nacional de Desenvolvimento da Educa\u00e7\u00e3o (FNDE) publicou a Resolu\u00e7\u00e3o n\u00ba 2 (acesse aqui), que Disp\u00f5e sobre a execu\u00e7\u00e3o do Programa Nacional de Alimenta\u00e7\u00e3o Escolar &#8211; PNAE durante o per\u00edodo de estado de calamidade p\u00fablica, reconhecido pelo Decreto Legislativo n\u00ba 6, de 20 de mar\u00e7o de 2020, [&hellip;]\" \/>\n<meta property=\"og:url\" content=\"https:\/\/femergs.com.br\/wfe\/blog\/nota-conjunta-undime-rs-famurs-alimentacao-escolar\/\" \/>\n<meta property=\"og:site_name\" content=\"Federa\u00e7\u00e3o dos Municip\u00e1rios do Estado do Rio Grande do Sul\" \/>\n<meta property=\"article:publisher\" content=\"https:\/\/www.facebook.com\/profile.php?id=100057151733001\" \/>\n<meta property=\"article:published_time\" content=\"2020-04-16T22:19:57+00:00\" \/>\n<meta property=\"og:image\" content=\"https:\/\/femergs.com.br\/Im4g3nsN0t1cia\/geral\/images\/educacao_1.png\" \/>\n<meta name=\"author\" content=\"adminfemergs\" \/>\n<meta name=\"twitter:card\" content=\"summary_large_image\" \/>\n<meta name=\"twitter:image\" content=\"https:\/\/femergs.com.br\/Im4g3nsN0t1cia\/geral\/images\/educacao_1.png\" \/>\n<meta name=\"twitter:label1\" content=\"Escrito por\" \/>\n\t<meta name=\"twitter:data1\" content=\"adminfemergs\" \/>\n\t<meta name=\"twitter:label2\" content=\"Est. tempo de leitura\" \/>\n\t<meta name=\"twitter:data2\" content=\"3 minutos\" \/>\n<script type=\"application\/ld+json\" class=\"yoast-schema-graph\">{\"@context\":\"https:\/\/schema.org\",\"@graph\":[{\"@type\":\"Article\",\"@id\":\"https:\/\/femergs.com.br\/wfe\/blog\/nota-conjunta-undime-rs-famurs-alimentacao-escolar\/#article\",\"isPartOf\":{\"@id\":\"https:\/\/femergs.com.br\/wfe\/blog\/nota-conjunta-undime-rs-famurs-alimentacao-escolar\/\"},\"author\":{\"name\":\"adminfemergs\",\"@id\":\"https:\/\/femergs.com.br\/wfe\/#\/schema\/person\/f5558e6b5ffc044ee085016237dedb7f\"},\"headline\":\"NOTA CONJUNTA UNDIME-RS\/FAMURS &#8211; ALIMENTA\u00c7\u00c3O ESCOLAR\",\"datePublished\":\"2020-04-16T22:19:57+00:00\",\"mainEntityOfPage\":{\"@id\":\"https:\/\/femergs.com.br\/wfe\/blog\/nota-conjunta-undime-rs-famurs-alimentacao-escolar\/\"},\"wordCount\":532,\"publisher\":{\"@id\":\"https:\/\/femergs.com.br\/wfe\/#organization\"},\"image\":{\"@id\":\"https:\/\/femergs.com.br\/wfe\/blog\/nota-conjunta-undime-rs-famurs-alimentacao-escolar\/#primaryimage\"},\"thumbnailUrl\":\"https:\/\/i0.wp.com\/femergs.com.br\/Im4g3nsN0t1cia\/geral\/images\/educacao_1.png?ssl=1\",\"keywords\":[\"NULL\"],\"articleSection\":[\"ARQUIVADAS\"],\"inLanguage\":\"pt-BR\"},{\"@type\":\"WebPage\",\"@id\":\"https:\/\/femergs.com.br\/wfe\/blog\/nota-conjunta-undime-rs-famurs-alimentacao-escolar\/\",\"url\":\"https:\/\/femergs.com.br\/wfe\/blog\/nota-conjunta-undime-rs-famurs-alimentacao-escolar\/\",\"name\":\"NOTA CONJUNTA UNDIME-RS\/FAMURS - ALIMENTA\u00c7\u00c3O ESCOLAR - Federa\u00e7\u00e3o dos Municip\u00e1rios do Estado do Rio Grande do Sul\",\"isPartOf\":{\"@id\":\"https:\/\/femergs.com.br\/wfe\/#website\"},\"primaryImageOfPage\":{\"@id\":\"https:\/\/femergs.com.br\/wfe\/blog\/nota-conjunta-undime-rs-famurs-alimentacao-escolar\/#primaryimage\"},\"image\":{\"@id\":\"https:\/\/femergs.com.br\/wfe\/blog\/nota-conjunta-undime-rs-famurs-alimentacao-escolar\/#primaryimage\"},\"thumbnailUrl\":\"https:\/\/i0.wp.com\/femergs.com.br\/Im4g3nsN0t1cia\/geral\/images\/educacao_1.png?ssl=1\",\"datePublished\":\"2020-04-16T22:19:57+00:00\",\"breadcrumb\":{\"@id\":\"https:\/\/femergs.com.br\/wfe\/blog\/nota-conjunta-undime-rs-famurs-alimentacao-escolar\/#breadcrumb\"},\"inLanguage\":\"pt-BR\",\"potentialAction\":[{\"@type\":\"ReadAction\",\"target\":[\"https:\/\/femergs.com.br\/wfe\/blog\/nota-conjunta-undime-rs-famurs-alimentacao-escolar\/\"]}]},{\"@type\":\"ImageObject\",\"inLanguage\":\"pt-BR\",\"@id\":\"https:\/\/femergs.com.br\/wfe\/blog\/nota-conjunta-undime-rs-famurs-alimentacao-escolar\/#primaryimage\",\"url\":\"https:\/\/i0.wp.com\/femergs.com.br\/Im4g3nsN0t1cia\/geral\/images\/educacao_1.png?ssl=1\",\"contentUrl\":\"https:\/\/i0.wp.com\/femergs.com.br\/Im4g3nsN0t1cia\/geral\/images\/educacao_1.png?ssl=1\"},{\"@type\":\"BreadcrumbList\",\"@id\":\"https:\/\/femergs.com.br\/wfe\/blog\/nota-conjunta-undime-rs-famurs-alimentacao-escolar\/#breadcrumb\",\"itemListElement\":[{\"@type\":\"ListItem\",\"position\":1,\"name\":\"In\u00edcio\",\"item\":\"https:\/\/femergs.com.br\/wfe\/\"},{\"@type\":\"ListItem\",\"position\":2,\"name\":\"NOTA CONJUNTA UNDIME-RS\/FAMURS &#8211; ALIMENTA\u00c7\u00c3O ESCOLAR\"}]},{\"@type\":\"WebSite\",\"@id\":\"https:\/\/femergs.com.br\/wfe\/#website\",\"url\":\"https:\/\/femergs.com.br\/wfe\/\",\"name\":\"FEMERGS\",\"description\":\"FEDERA\u00c7\u00c3O DOS MUNICIP\u00c1RIOS DO ESTADO DO RIO GRANDE DO SUL\",\"publisher\":{\"@id\":\"https:\/\/femergs.com.br\/wfe\/#organization\"},\"potentialAction\":[{\"@type\":\"SearchAction\",\"target\":{\"@type\":\"EntryPoint\",\"urlTemplate\":\"https:\/\/femergs.com.br\/wfe\/?s={search_term_string}\"},\"query-input\":{\"@type\":\"PropertyValueSpecification\",\"valueRequired\":true,\"valueName\":\"search_term_string\"}}],\"inLanguage\":\"pt-BR\"},{\"@type\":\"Organization\",\"@id\":\"https:\/\/femergs.com.br\/wfe\/#organization\",\"name\":\"FEMERGS\",\"url\":\"https:\/\/femergs.com.br\/wfe\/\",\"logo\":{\"@type\":\"ImageObject\",\"inLanguage\":\"pt-BR\",\"@id\":\"https:\/\/femergs.com.br\/wfe\/#\/schema\/logo\/image\/\",\"url\":\"https:\/\/femergs.com.br\/wfe\/wp-content\/uploads\/2025\/06\/logotipo.png\",\"contentUrl\":\"https:\/\/femergs.com.br\/wfe\/wp-content\/uploads\/2025\/06\/logotipo.png\",\"width\":500,\"height\":500,\"caption\":\"FEMERGS\"},\"image\":{\"@id\":\"https:\/\/femergs.com.br\/wfe\/#\/schema\/logo\/image\/\"},\"sameAs\":[\"https:\/\/www.facebook.com\/profile.php?id=100057151733001\",\"https:\/\/www.instagram.com\/femergs_rs\/\"]},{\"@type\":\"Person\",\"@id\":\"https:\/\/femergs.com.br\/wfe\/#\/schema\/person\/f5558e6b5ffc044ee085016237dedb7f\",\"name\":\"adminfemergs\",\"image\":{\"@type\":\"ImageObject\",\"inLanguage\":\"pt-BR\",\"@id\":\"https:\/\/femergs.com.br\/wfe\/#\/schema\/person\/image\/\",\"url\":\"https:\/\/secure.gravatar.com\/avatar\/398642fa557cdd524617ad9b31c938845f071aeb3448b9c0aeb29aefc495337b?s=96&d=mm&r=g\",\"contentUrl\":\"https:\/\/secure.gravatar.com\/avatar\/398642fa557cdd524617ad9b31c938845f071aeb3448b9c0aeb29aefc495337b?s=96&d=mm&r=g\",\"caption\":\"adminfemergs\"},\"sameAs\":[\"https:\/\/femergs.com.br\/wfe\"],\"url\":\"https:\/\/femergs.com.br\/wfe\/blog\/author\/adminfemergs\/\"}]}<\/script>\n<!-- \/ Yoast SEO plugin. -->","yoast_head_json":{"title":"NOTA CONJUNTA UNDIME-RS\/FAMURS - ALIMENTA\u00c7\u00c3O ESCOLAR - Federa\u00e7\u00e3o dos Municip\u00e1rios do Estado do Rio Grande do Sul","robots":{"index":"index","follow":"follow","max-snippet":"max-snippet:-1","max-image-preview":"max-image-preview:large","max-video-preview":"max-video-preview:-1"},"canonical":"https:\/\/femergs.com.br\/wfe\/blog\/nota-conjunta-undime-rs-famurs-alimentacao-escolar\/","og_locale":"pt_BR","og_type":"article","og_title":"NOTA CONJUNTA UNDIME-RS\/FAMURS - ALIMENTA\u00c7\u00c3O ESCOLAR - Federa\u00e7\u00e3o dos Municip\u00e1rios do Estado do Rio Grande do Sul","og_description":"No dia 9 de abril de 2020, o Fundo Nacional de Desenvolvimento da Educa\u00e7\u00e3o (FNDE) publicou a Resolu\u00e7\u00e3o n\u00ba 2 (acesse aqui), que Disp\u00f5e sobre a execu\u00e7\u00e3o do Programa Nacional de Alimenta\u00e7\u00e3o Escolar &#8211; PNAE durante o per\u00edodo de estado de calamidade p\u00fablica, reconhecido pelo Decreto Legislativo n\u00ba 6, de 20 de mar\u00e7o de 2020, [&hellip;]","og_url":"https:\/\/femergs.com.br\/wfe\/blog\/nota-conjunta-undime-rs-famurs-alimentacao-escolar\/","og_site_name":"Federa\u00e7\u00e3o dos Municip\u00e1rios do Estado do Rio Grande do Sul","article_publisher":"https:\/\/www.facebook.com\/profile.php?id=100057151733001","article_published_time":"2020-04-16T22:19:57+00:00","og_image":[{"url":"https:\/\/femergs.com.br\/Im4g3nsN0t1cia\/geral\/images\/educacao_1.png","type":"","width":"","height":""}],"author":"adminfemergs","twitter_card":"summary_large_image","twitter_image":"https:\/\/femergs.com.br\/Im4g3nsN0t1cia\/geral\/images\/educacao_1.png","twitter_misc":{"Escrito por":"adminfemergs","Est. tempo de leitura":"3 minutos"},"schema":{"@context":"https:\/\/schema.org","@graph":[{"@type":"Article","@id":"https:\/\/femergs.com.br\/wfe\/blog\/nota-conjunta-undime-rs-famurs-alimentacao-escolar\/#article","isPartOf":{"@id":"https:\/\/femergs.com.br\/wfe\/blog\/nota-conjunta-undime-rs-famurs-alimentacao-escolar\/"},"author":{"name":"adminfemergs","@id":"https:\/\/femergs.com.br\/wfe\/#\/schema\/person\/f5558e6b5ffc044ee085016237dedb7f"},"headline":"NOTA CONJUNTA UNDIME-RS\/FAMURS &#8211; ALIMENTA\u00c7\u00c3O ESCOLAR","datePublished":"2020-04-16T22:19:57+00:00","mainEntityOfPage":{"@id":"https:\/\/femergs.com.br\/wfe\/blog\/nota-conjunta-undime-rs-famurs-alimentacao-escolar\/"},"wordCount":532,"publisher":{"@id":"https:\/\/femergs.com.br\/wfe\/#organization"},"image":{"@id":"https:\/\/femergs.com.br\/wfe\/blog\/nota-conjunta-undime-rs-famurs-alimentacao-escolar\/#primaryimage"},"thumbnailUrl":"https:\/\/i0.wp.com\/femergs.com.br\/Im4g3nsN0t1cia\/geral\/images\/educacao_1.png?ssl=1","keywords":["NULL"],"articleSection":["ARQUIVADAS"],"inLanguage":"pt-BR"},{"@type":"WebPage","@id":"https:\/\/femergs.com.br\/wfe\/blog\/nota-conjunta-undime-rs-famurs-alimentacao-escolar\/","url":"https:\/\/femergs.com.br\/wfe\/blog\/nota-conjunta-undime-rs-famurs-alimentacao-escolar\/","name":"NOTA CONJUNTA UNDIME-RS\/FAMURS - ALIMENTA\u00c7\u00c3O ESCOLAR - Federa\u00e7\u00e3o dos Municip\u00e1rios do Estado do Rio Grande do Sul","isPartOf":{"@id":"https:\/\/femergs.com.br\/wfe\/#website"},"primaryImageOfPage":{"@id":"https:\/\/femergs.com.br\/wfe\/blog\/nota-conjunta-undime-rs-famurs-alimentacao-escolar\/#primaryimage"},"image":{"@id":"https:\/\/femergs.com.br\/wfe\/blog\/nota-conjunta-undime-rs-famurs-alimentacao-escolar\/#primaryimage"},"thumbnailUrl":"https:\/\/i0.wp.com\/femergs.com.br\/Im4g3nsN0t1cia\/geral\/images\/educacao_1.png?ssl=1","datePublished":"2020-04-16T22:19:57+00:00","breadcrumb":{"@id":"https:\/\/femergs.com.br\/wfe\/blog\/nota-conjunta-undime-rs-famurs-alimentacao-escolar\/#breadcrumb"},"inLanguage":"pt-BR","potentialAction":[{"@type":"ReadAction","target":["https:\/\/femergs.com.br\/wfe\/blog\/nota-conjunta-undime-rs-famurs-alimentacao-escolar\/"]}]},{"@type":"ImageObject","inLanguage":"pt-BR","@id":"https:\/\/femergs.com.br\/wfe\/blog\/nota-conjunta-undime-rs-famurs-alimentacao-escolar\/#primaryimage","url":"https:\/\/i0.wp.com\/femergs.com.br\/Im4g3nsN0t1cia\/geral\/images\/educacao_1.png?ssl=1","contentUrl":"https:\/\/i0.wp.com\/femergs.com.br\/Im4g3nsN0t1cia\/geral\/images\/educacao_1.png?ssl=1"},{"@type":"BreadcrumbList","@id":"https:\/\/femergs.com.br\/wfe\/blog\/nota-conjunta-undime-rs-famurs-alimentacao-escolar\/#breadcrumb","itemListElement":[{"@type":"ListItem","position":1,"name":"In\u00edcio","item":"https:\/\/femergs.com.br\/wfe\/"},{"@type":"ListItem","position":2,"name":"NOTA CONJUNTA UNDIME-RS\/FAMURS &#8211; ALIMENTA\u00c7\u00c3O ESCOLAR"}]},{"@type":"WebSite","@id":"https:\/\/femergs.com.br\/wfe\/#website","url":"https:\/\/femergs.com.br\/wfe\/","name":"FEMERGS","description":"FEDERA\u00c7\u00c3O DOS MUNICIP\u00c1RIOS DO ESTADO DO RIO GRANDE DO SUL","publisher":{"@id":"https:\/\/femergs.com.br\/wfe\/#organization"},"potentialAction":[{"@type":"SearchAction","target":{"@type":"EntryPoint","urlTemplate":"https:\/\/femergs.com.br\/wfe\/?s={search_term_string}"},"query-input":{"@type":"PropertyValueSpecification","valueRequired":true,"valueName":"search_term_string"}}],"inLanguage":"pt-BR"},{"@type":"Organization","@id":"https:\/\/femergs.com.br\/wfe\/#organization","name":"FEMERGS","url":"https:\/\/femergs.com.br\/wfe\/","logo":{"@type":"ImageObject","inLanguage":"pt-BR","@id":"https:\/\/femergs.com.br\/wfe\/#\/schema\/logo\/image\/","url":"https:\/\/femergs.com.br\/wfe\/wp-content\/uploads\/2025\/06\/logotipo.png","contentUrl":"https:\/\/femergs.com.br\/wfe\/wp-content\/uploads\/2025\/06\/logotipo.png","width":500,"height":500,"caption":"FEMERGS"},"image":{"@id":"https:\/\/femergs.com.br\/wfe\/#\/schema\/logo\/image\/"},"sameAs":["https:\/\/www.facebook.com\/profile.php?id=100057151733001","https:\/\/www.instagram.com\/femergs_rs\/"]},{"@type":"Person","@id":"https:\/\/femergs.com.br\/wfe\/#\/schema\/person\/f5558e6b5ffc044ee085016237dedb7f","name":"adminfemergs","image":{"@type":"ImageObject","inLanguage":"pt-BR","@id":"https:\/\/femergs.com.br\/wfe\/#\/schema\/person\/image\/","url":"https:\/\/secure.gravatar.com\/avatar\/398642fa557cdd524617ad9b31c938845f071aeb3448b9c0aeb29aefc495337b?s=96&d=mm&r=g","contentUrl":"https:\/\/secure.gravatar.com\/avatar\/398642fa557cdd524617ad9b31c938845f071aeb3448b9c0aeb29aefc495337b?s=96&d=mm&r=g","caption":"adminfemergs"},"sameAs":["https:\/\/femergs.com.br\/wfe"],"url":"https:\/\/femergs.com.br\/wfe\/blog\/author\/adminfemergs\/"}]}},"uagb_featured_image_src":{"full":["https:\/\/i0.wp.com\/femergs.com.br\/Im4g3nsN0t1cia\/geral\/images\/educacao_1.png?ssl=1",0,0,false],"thumbnail":["https:\/\/i0.wp.com\/femergs.com.br\/Im4g3nsN0t1cia\/geral\/images\/educacao_1.png?w=150&resize=150,150&ssl=1",150,150,true],"medium":["https:\/\/i0.wp.com\/femergs.com.br\/Im4g3nsN0t1cia\/geral\/images\/educacao_1.png?w=300&resize=300,300&ssl=1",300,300,true],"medium_large":["https:\/\/i0.wp.com\/femergs.com.br\/Im4g3nsN0t1cia\/geral\/images\/educacao_1.png?w=768&resize=768,0&ssl=1",768,0,true],"large":["https:\/\/i0.wp.com\/femergs.com.br\/Im4g3nsN0t1cia\/geral\/images\/educacao_1.png?w=1024&resize=1024,1024&ssl=1",1024,1024,true],"1536x1536":["https:\/\/i0.wp.com\/femergs.com.br\/Im4g3nsN0t1cia\/geral\/images\/educacao_1.png?w=1536&resize=1536,1536&ssl=1",1536,1536,true],"2048x2048":["https:\/\/i0.wp.com\/femergs.com.br\/Im4g3nsN0t1cia\/geral\/images\/educacao_1.png?w=2048&resize=2048,2048&ssl=1",2048,2048,true],"ultp_layout_landscape_large":["https:\/\/i0.wp.com\/femergs.com.br\/Im4g3nsN0t1cia\/geral\/images\/educacao_1.png?w=1200&resize=1200,800&ssl=1",1200,800,true],"ultp_layout_landscape":["https:\/\/i0.wp.com\/femergs.com.br\/Im4g3nsN0t1cia\/geral\/images\/educacao_1.png?w=870&resize=870,570&ssl=1",870,570,true],"ultp_layout_portrait":["https:\/\/i0.wp.com\/femergs.com.br\/Im4g3nsN0t1cia\/geral\/images\/educacao_1.png?w=600&resize=600,900&ssl=1",600,900,true],"ultp_layout_square":["https:\/\/i0.wp.com\/femergs.com.br\/Im4g3nsN0t1cia\/geral\/images\/educacao_1.png?w=600&resize=600,600&ssl=1",600,600,true]},"uagb_author_info":{"display_name":"adminfemergs","author_link":"https:\/\/femergs.com.br\/wfe\/blog\/author\/adminfemergs\/"},"uagb_comment_info":0,"uagb_excerpt":"No dia 9 de abril de 2020, o Fundo Nacional de Desenvolvimento da Educa\u00e7\u00e3o (FNDE) publicou a Resolu\u00e7\u00e3o n\u00ba 2 (acesse aqui), que Disp\u00f5e sobre a execu\u00e7\u00e3o do Programa Nacional de Alimenta\u00e7\u00e3o Escolar &#8211; PNAE durante o per\u00edodo de estado de calamidade p\u00fablica, reconhecido pelo Decreto Legislativo n\u00ba 6, de 20 de mar\u00e7o de 2020,&hellip;","_links":{"self":[{"href":"https:\/\/femergs.com.br\/wfe\/wp-json\/wp\/v2\/posts\/1237","targetHints":{"allow":["GET"]}}],"collection":[{"href":"https:\/\/femergs.com.br\/wfe\/wp-json\/wp\/v2\/posts"}],"about":[{"href":"https:\/\/femergs.com.br\/wfe\/wp-json\/wp\/v2\/types\/post"}],"author":[{"embeddable":true,"href":"https:\/\/femergs.com.br\/wfe\/wp-json\/wp\/v2\/users\/1"}],"replies":[{"embeddable":true,"href":"https:\/\/femergs.com.br\/wfe\/wp-json\/wp\/v2\/comments?post=1237"}],"version-history":[{"count":0,"href":"https:\/\/femergs.com.br\/wfe\/wp-json\/wp\/v2\/posts\/1237\/revisions"}],"wp:featuredmedia":[{"embeddable":true,"href":"https:\/\/femergs.com.br\/wfe\/wp-json\/wp\/v2\/media\/1964"}],"wp:attachment":[{"href":"https:\/\/femergs.com.br\/wfe\/wp-json\/wp\/v2\/media?parent=1237"}],"wp:term":[{"taxonomy":"category","embeddable":true,"href":"https:\/\/femergs.com.br\/wfe\/wp-json\/wp\/v2\/categories?post=1237"},{"taxonomy":"post_tag","embeddable":true,"href":"https:\/\/femergs.com.br\/wfe\/wp-json\/wp\/v2\/tags?post=1237"}],"curies":[{"name":"wp","href":"https:\/\/api.w.org\/{rel}","templated":true}]}}