{"id":1238,"date":"2020-04-22T19:53:51","date_gmt":"2020-04-22T19:53:51","guid":{"rendered":"https:\/\/femergs.com.br\/wfe\/blog\/covid-19-e-nosso-futuro\/"},"modified":"2020-04-22T19:53:51","modified_gmt":"2020-04-22T19:53:51","slug":"covid-19-e-nosso-futuro","status":"publish","type":"post","link":"https:\/\/femergs.com.br\/wfe\/blog\/covid-19-e-nosso-futuro\/","title":{"rendered":"COVID-19 E NOSSO FUTURO"},"content":{"rendered":"<div style=\"text-align: justify;\">Abra\u00e7o virtual a todos os companheiros sindicalistas, filiados a FEMERGS ou n\u00e3o, n\u00e3o escrevi os \u00faltimos dias para poder pesquisar um pouco mais sobre esta situa\u00e7\u00e3o ANORMAL que estamos vivendo. E acreditem amigos, \u00e9 muito estranho, saber que um v\u00edrus invis\u00edvel causa tanta mudan\u00e7a no mundo, e muito preocupante \u00e9 ver que N\u00c3O ESTAMOS PREPARADOS PARA A MUDAN\u00c7A.\n <\/div>\n<div style=\"text-align: justify;\">A Pesquisa primeiramente, deve ser feita em sites cient\u00edficos, e ai j\u00e1 podemos sentir o primeiro choque, NUNCA em tempo t\u00e3o curto foram escritos tantos artigos cient\u00edficos sobre um mesmo assunto, depois muitos destes sites s\u00e3o em ingl\u00eas a ai mesmo com a facilidade do Google tradutor, precisamos cuidado, ent\u00e3o vou elencar hoje algumas coisa para refletirmos, como vinha fazendo, n\u00e3o com base no que os cientistas est\u00e3o fazendo, at\u00e9 porque eles usam o que lhes pertence a ci\u00eancia, e a n\u00f3s cabe transformar estas descobertas em nosso novo dia a dia.<\/p>\n<p>Primeira observa\u00e7\u00e3o, a maioria do mundo est\u00e1 com seus legislativos alinhados ao executivo, trabalhando para COMBATER a propaga\u00e7\u00e3o, e em menor escala j\u00e1 est\u00e3o se preparando com legisla\u00e7\u00f5es para reconstruir no p\u00f3s COVID-19, n\u00f3s no Brasil, estamos tendo dificuldade de fazer o executivo ACREDITAR que estamos vivendo uma situa\u00e7\u00e3o excepcional, talvez a maior amea\u00e7a ao cotidiano do sistema de governo implantado no planeta, o sistema de consumo excessivo e de transforma\u00e7\u00e3o do cotidiano em algo quase que extraterreno, pois quando imaginamos ver uma av\u00f3, s\u00f3 poder ver seu primeiro neto a uma dist\u00e2ncia m\u00ednima de tr\u00eas metros, sem imaginar a possibilidade de toc\u00e1-lo? Quando imagin\u00e1vamos a possibilidade de dois apaixonados que moram em casas diferentes ficarem tanto tempo sem poder se encontrar? Quando imagin\u00e1vamos filhos n\u00e3o poder entrar na casa de seus pais idosos e ver de perto no aconchego de seus colos se eles est\u00e3o bem?<\/p>\n<p>Muitos podem dizer isso n\u00e3o \u00e9 necess\u00e1rio, mas creiam amigos, em todos os pa\u00edses onde n\u00e3o PREVALECE a verdadeira DITADURA, o verdadeiro AUTORITARISMO, t\u00e3o bem descrito por Hannah Arendt em seu livro A BANALIDADE DO MAL, onde as informa\u00e7\u00f5es est\u00e3o sendo camufladas pelo governo para esconder sua total incompet\u00eancia em gerenciar uma situa\u00e7\u00e3o de pandemia causada por um v\u00edrus, onde se criam fakes e situa\u00e7\u00f5es de extrema ignor\u00e2ncia, cito aqui o exemplo de um \u00e1udio que esta sendo espalhado em nosso pa\u00eds de que o VIRUS ESTA VINDO NAS M\u00c1SCARAS para eliminar a popula\u00e7\u00e3o, gente isto foi dito da vacina contra o v\u00edrus influenza, os loucos que pensam isso s\u00e3o os respons\u00e1veis pela volta do sarampo no Brasil. Primeiro, com toda a informa\u00e7\u00e3o que existe sobre o COVID-19 que ainda n\u00e3o entendeu que qualquer mascar\u00e1 que venha a ser usada de pano, TNT, precisa ser ESTERELIZADA antes de usar, ou com lavagem adequada ou com \u00e1lcool 70?<\/p>\n<p>Se nada consegue fazer os FAN\u00c1TICOS, entender que a situa\u00e7\u00e3o \u00e9 real, que vamos submergir desta cat\u00e1strofe ou melhores ou piores, dependendo de nossas escolhas AGORA, vamos tentar como sindicalistas espalha informa\u00e7\u00f5es verdadeiras. No Brasil a luta vai ser muito mais dif\u00edcil, estamos em uma corda bamba para o caos total, e para sermos o pa\u00eds em PRIMEIRO LUGAR no n\u00famero de v\u00edtimas em dois meses, ou vamos atrav\u00e9s do isolamento social, diminuir estes n\u00fameros, quem consegue continuar trabalhando em casa, que fa\u00e7a, independentemente do que os que n\u00e3o ACREDITAM na gravidade, os que priorizam o ECONOMICO digam, saibam que em todas as pesquisas que fiz, \u00e9 quase unanime o fato de que algu\u00e9m isolado EVITA de contaminar dezenas, se formos seguir a l\u00f3gica de cont\u00e1gio deste v\u00edrus.<\/p>\n<p>E n\u00f3s tentar fugir do fanatismo, e acreditem estou falando do FANATISMO existente no Brasil ap\u00f3s a elei\u00e7\u00e3o para presidente, e n\u00e3o falo s\u00f3 dos que estavam ao lado do atual presidente, existe na esquerda pessoas t\u00e3o incapazes quanto os que est\u00e3o no poder, que querem que o caos se instale para assim parecerem os melhores na pr\u00f3xima elei\u00e7\u00e3o, e isto \u00e9 o que precisamos aprender, precisamos aprender ler ENTRE LINHAS, e precisamos saber que SASSA MUTEMA \u00e9 coisa de novela, que SALVADOR DA P\u00c1TRIA, n\u00e3o existe, a organiza\u00e7\u00e3o de um pais, de um munic\u00edpio come\u00e7a na BASE, estamos fadados ao fracasso, quando tornamos algu\u00e9m o \u00fanico respons\u00e1vel pelo leme de nosso futuro. Vamos abrir nossa mente, e ver que \u00e9 preciso participar, \u00e9 preciso usar o tempo, entrar nas LIVES que est\u00e3o sendo realizadas pelos especialistas, pelos sindicatos, governos, centrais, federa\u00e7\u00f5es e POR NOSSA OPINI\u00c3O, pauta pronta, decis\u00e3o de gabinete, obscuridade nas informa\u00e7\u00f5es, falta de transpar\u00eancia j\u00e1 nos levou ao que estamos vivendo hoje, ent\u00e3o vamos sair da concha, vamos expor a NOSSA OPINI\u00c3O, para que possamos no futuro sermos melhores como na\u00e7\u00e3o pois a mim me envergonha muito saber que hoje meu pa\u00eds faz parte do NOVO G QUATRO MUNDIAL, o da ignor\u00e2ncia no enfrentamento do COVID 19, este G 4 \u00e9 composto por BIELO-RUSSIA, BRASIL, TUCOMENIST\u00c3O E BELARUS&#8230;&#8230;.<\/p>\n<p>JUNTOS SOMOS INFINITAMENTE MAIS FORTES<\/p><\/div>\n","protected":false},"excerpt":{"rendered":"<p>Abra\u00e7o virtual a todos os companheiros sindicalistas, filiados a FEMERGS ou n\u00e3o, n\u00e3o escrevi os \u00faltimos dias para poder pesquisar um pouco mais sobre esta situa\u00e7\u00e3o ANORMAL que estamos vivendo. E acreditem amigos, \u00e9 muito estranho, saber que um v\u00edrus invis\u00edvel causa tanta mudan\u00e7a no mundo, e muito preocupante \u00e9 ver que N\u00c3O ESTAMOS PREPARADOS [&hellip;]<\/p>\n","protected":false},"author":1,"featured_media":0,"comment_status":"closed","ping_status":"closed","sticky":false,"template":"","format":"standard","meta":{"_eb_attr":"","_uag_custom_page_level_css":"","fifu_image_url":"","fifu_image_alt":"","footnotes":""},"categories":[1],"tags":[32],"class_list":["post-1238","post","type-post","status-publish","format-standard","hentry","category-arquivadas","tag-null"],"yoast_head":"<!-- This site is optimized with the Yoast SEO plugin v27.1.1 - https:\/\/yoast.com\/product\/yoast-seo-wordpress\/ -->\n<title>COVID-19 E NOSSO FUTURO - Federa\u00e7\u00e3o dos Municip\u00e1rios do Estado do Rio Grande do Sul<\/title>\n<meta name=\"robots\" content=\"index, follow, max-snippet:-1, max-image-preview:large, max-video-preview:-1\" \/>\n<link rel=\"canonical\" href=\"https:\/\/femergs.com.br\/wfe\/blog\/covid-19-e-nosso-futuro\/\" \/>\n<meta property=\"og:locale\" content=\"pt_BR\" \/>\n<meta property=\"og:type\" content=\"article\" \/>\n<meta property=\"og:title\" content=\"COVID-19 E NOSSO FUTURO - Federa\u00e7\u00e3o dos Municip\u00e1rios do Estado do Rio Grande do Sul\" \/>\n<meta property=\"og:description\" content=\"Abra\u00e7o virtual a todos os companheiros sindicalistas, filiados a FEMERGS ou n\u00e3o, n\u00e3o escrevi os \u00faltimos dias para poder pesquisar um pouco mais sobre esta situa\u00e7\u00e3o ANORMAL que estamos vivendo. E acreditem amigos, \u00e9 muito estranho, saber que um v\u00edrus invis\u00edvel causa tanta mudan\u00e7a no mundo, e muito preocupante \u00e9 ver que N\u00c3O ESTAMOS PREPARADOS [&hellip;]\" \/>\n<meta property=\"og:url\" content=\"https:\/\/femergs.com.br\/wfe\/blog\/covid-19-e-nosso-futuro\/\" \/>\n<meta property=\"og:site_name\" content=\"Federa\u00e7\u00e3o dos Municip\u00e1rios do Estado do Rio Grande do Sul\" \/>\n<meta property=\"article:publisher\" content=\"https:\/\/www.facebook.com\/profile.php?id=100057151733001\" \/>\n<meta property=\"article:published_time\" content=\"2020-04-22T19:53:51+00:00\" \/>\n<meta name=\"author\" content=\"adminfemergs\" \/>\n<meta name=\"twitter:card\" content=\"summary_large_image\" \/>\n<meta name=\"twitter:label1\" content=\"Escrito por\" \/>\n\t<meta name=\"twitter:data1\" content=\"adminfemergs\" \/>\n\t<meta name=\"twitter:label2\" content=\"Est. tempo de leitura\" \/>\n\t<meta name=\"twitter:data2\" content=\"4 minutos\" \/>\n<script type=\"application\/ld+json\" class=\"yoast-schema-graph\">{\"@context\":\"https:\/\/schema.org\",\"@graph\":[{\"@type\":\"Article\",\"@id\":\"https:\/\/femergs.com.br\/wfe\/blog\/covid-19-e-nosso-futuro\/#article\",\"isPartOf\":{\"@id\":\"https:\/\/femergs.com.br\/wfe\/blog\/covid-19-e-nosso-futuro\/\"},\"author\":{\"name\":\"adminfemergs\",\"@id\":\"https:\/\/femergs.com.br\/wfe\/#\/schema\/person\/f5558e6b5ffc044ee085016237dedb7f\"},\"headline\":\"COVID-19 E NOSSO FUTURO\",\"datePublished\":\"2020-04-22T19:53:51+00:00\",\"mainEntityOfPage\":{\"@id\":\"https:\/\/femergs.com.br\/wfe\/blog\/covid-19-e-nosso-futuro\/\"},\"wordCount\":898,\"publisher\":{\"@id\":\"https:\/\/femergs.com.br\/wfe\/#organization\"},\"keywords\":[\"NULL\"],\"articleSection\":[\"ARQUIVADAS\"],\"inLanguage\":\"pt-BR\"},{\"@type\":\"WebPage\",\"@id\":\"https:\/\/femergs.com.br\/wfe\/blog\/covid-19-e-nosso-futuro\/\",\"url\":\"https:\/\/femergs.com.br\/wfe\/blog\/covid-19-e-nosso-futuro\/\",\"name\":\"COVID-19 E NOSSO FUTURO - Federa\u00e7\u00e3o dos Municip\u00e1rios do Estado do Rio Grande do Sul\",\"isPartOf\":{\"@id\":\"https:\/\/femergs.com.br\/wfe\/#website\"},\"datePublished\":\"2020-04-22T19:53:51+00:00\",\"breadcrumb\":{\"@id\":\"https:\/\/femergs.com.br\/wfe\/blog\/covid-19-e-nosso-futuro\/#breadcrumb\"},\"inLanguage\":\"pt-BR\",\"potentialAction\":[{\"@type\":\"ReadAction\",\"target\":[\"https:\/\/femergs.com.br\/wfe\/blog\/covid-19-e-nosso-futuro\/\"]}]},{\"@type\":\"BreadcrumbList\",\"@id\":\"https:\/\/femergs.com.br\/wfe\/blog\/covid-19-e-nosso-futuro\/#breadcrumb\",\"itemListElement\":[{\"@type\":\"ListItem\",\"position\":1,\"name\":\"In\u00edcio\",\"item\":\"https:\/\/femergs.com.br\/wfe\/\"},{\"@type\":\"ListItem\",\"position\":2,\"name\":\"COVID-19 E NOSSO FUTURO\"}]},{\"@type\":\"WebSite\",\"@id\":\"https:\/\/femergs.com.br\/wfe\/#website\",\"url\":\"https:\/\/femergs.com.br\/wfe\/\",\"name\":\"FEMERGS\",\"description\":\"FEDERA\u00c7\u00c3O DOS MUNICIP\u00c1RIOS DO ESTADO DO RIO GRANDE DO SUL\",\"publisher\":{\"@id\":\"https:\/\/femergs.com.br\/wfe\/#organization\"},\"potentialAction\":[{\"@type\":\"SearchAction\",\"target\":{\"@type\":\"EntryPoint\",\"urlTemplate\":\"https:\/\/femergs.com.br\/wfe\/?s={search_term_string}\"},\"query-input\":{\"@type\":\"PropertyValueSpecification\",\"valueRequired\":true,\"valueName\":\"search_term_string\"}}],\"inLanguage\":\"pt-BR\"},{\"@type\":\"Organization\",\"@id\":\"https:\/\/femergs.com.br\/wfe\/#organization\",\"name\":\"FEMERGS\",\"url\":\"https:\/\/femergs.com.br\/wfe\/\",\"logo\":{\"@type\":\"ImageObject\",\"inLanguage\":\"pt-BR\",\"@id\":\"https:\/\/femergs.com.br\/wfe\/#\/schema\/logo\/image\/\",\"url\":\"https:\/\/femergs.com.br\/wfe\/wp-content\/uploads\/2025\/06\/logotipo.png\",\"contentUrl\":\"https:\/\/femergs.com.br\/wfe\/wp-content\/uploads\/2025\/06\/logotipo.png\",\"width\":500,\"height\":500,\"caption\":\"FEMERGS\"},\"image\":{\"@id\":\"https:\/\/femergs.com.br\/wfe\/#\/schema\/logo\/image\/\"},\"sameAs\":[\"https:\/\/www.facebook.com\/profile.php?id=100057151733001\",\"https:\/\/www.instagram.com\/femergs_rs\/\"]},{\"@type\":\"Person\",\"@id\":\"https:\/\/femergs.com.br\/wfe\/#\/schema\/person\/f5558e6b5ffc044ee085016237dedb7f\",\"name\":\"adminfemergs\",\"image\":{\"@type\":\"ImageObject\",\"inLanguage\":\"pt-BR\",\"@id\":\"https:\/\/femergs.com.br\/wfe\/#\/schema\/person\/image\/\",\"url\":\"https:\/\/secure.gravatar.com\/avatar\/398642fa557cdd524617ad9b31c938845f071aeb3448b9c0aeb29aefc495337b?s=96&d=mm&r=g\",\"contentUrl\":\"https:\/\/secure.gravatar.com\/avatar\/398642fa557cdd524617ad9b31c938845f071aeb3448b9c0aeb29aefc495337b?s=96&d=mm&r=g\",\"caption\":\"adminfemergs\"},\"sameAs\":[\"https:\/\/femergs.com.br\/wfe\"],\"url\":\"https:\/\/femergs.com.br\/wfe\/blog\/author\/adminfemergs\/\"}]}<\/script>\n<!-- \/ Yoast SEO plugin. -->","yoast_head_json":{"title":"COVID-19 E NOSSO FUTURO - Federa\u00e7\u00e3o dos Municip\u00e1rios do Estado do Rio Grande do Sul","robots":{"index":"index","follow":"follow","max-snippet":"max-snippet:-1","max-image-preview":"max-image-preview:large","max-video-preview":"max-video-preview:-1"},"canonical":"https:\/\/femergs.com.br\/wfe\/blog\/covid-19-e-nosso-futuro\/","og_locale":"pt_BR","og_type":"article","og_title":"COVID-19 E NOSSO FUTURO - Federa\u00e7\u00e3o dos Municip\u00e1rios do Estado do Rio Grande do Sul","og_description":"Abra\u00e7o virtual a todos os companheiros sindicalistas, filiados a FEMERGS ou n\u00e3o, n\u00e3o escrevi os \u00faltimos dias para poder pesquisar um pouco mais sobre esta situa\u00e7\u00e3o ANORMAL que estamos vivendo. E acreditem amigos, \u00e9 muito estranho, saber que um v\u00edrus invis\u00edvel causa tanta mudan\u00e7a no mundo, e muito preocupante \u00e9 ver que N\u00c3O ESTAMOS PREPARADOS [&hellip;]","og_url":"https:\/\/femergs.com.br\/wfe\/blog\/covid-19-e-nosso-futuro\/","og_site_name":"Federa\u00e7\u00e3o dos Municip\u00e1rios do Estado do Rio Grande do Sul","article_publisher":"https:\/\/www.facebook.com\/profile.php?id=100057151733001","article_published_time":"2020-04-22T19:53:51+00:00","author":"adminfemergs","twitter_card":"summary_large_image","twitter_misc":{"Escrito por":"adminfemergs","Est. tempo de leitura":"4 minutos"},"schema":{"@context":"https:\/\/schema.org","@graph":[{"@type":"Article","@id":"https:\/\/femergs.com.br\/wfe\/blog\/covid-19-e-nosso-futuro\/#article","isPartOf":{"@id":"https:\/\/femergs.com.br\/wfe\/blog\/covid-19-e-nosso-futuro\/"},"author":{"name":"adminfemergs","@id":"https:\/\/femergs.com.br\/wfe\/#\/schema\/person\/f5558e6b5ffc044ee085016237dedb7f"},"headline":"COVID-19 E NOSSO FUTURO","datePublished":"2020-04-22T19:53:51+00:00","mainEntityOfPage":{"@id":"https:\/\/femergs.com.br\/wfe\/blog\/covid-19-e-nosso-futuro\/"},"wordCount":898,"publisher":{"@id":"https:\/\/femergs.com.br\/wfe\/#organization"},"keywords":["NULL"],"articleSection":["ARQUIVADAS"],"inLanguage":"pt-BR"},{"@type":"WebPage","@id":"https:\/\/femergs.com.br\/wfe\/blog\/covid-19-e-nosso-futuro\/","url":"https:\/\/femergs.com.br\/wfe\/blog\/covid-19-e-nosso-futuro\/","name":"COVID-19 E NOSSO FUTURO - Federa\u00e7\u00e3o dos Municip\u00e1rios do Estado do Rio Grande do Sul","isPartOf":{"@id":"https:\/\/femergs.com.br\/wfe\/#website"},"datePublished":"2020-04-22T19:53:51+00:00","breadcrumb":{"@id":"https:\/\/femergs.com.br\/wfe\/blog\/covid-19-e-nosso-futuro\/#breadcrumb"},"inLanguage":"pt-BR","potentialAction":[{"@type":"ReadAction","target":["https:\/\/femergs.com.br\/wfe\/blog\/covid-19-e-nosso-futuro\/"]}]},{"@type":"BreadcrumbList","@id":"https:\/\/femergs.com.br\/wfe\/blog\/covid-19-e-nosso-futuro\/#breadcrumb","itemListElement":[{"@type":"ListItem","position":1,"name":"In\u00edcio","item":"https:\/\/femergs.com.br\/wfe\/"},{"@type":"ListItem","position":2,"name":"COVID-19 E NOSSO FUTURO"}]},{"@type":"WebSite","@id":"https:\/\/femergs.com.br\/wfe\/#website","url":"https:\/\/femergs.com.br\/wfe\/","name":"FEMERGS","description":"FEDERA\u00c7\u00c3O DOS MUNICIP\u00c1RIOS DO ESTADO DO RIO GRANDE DO SUL","publisher":{"@id":"https:\/\/femergs.com.br\/wfe\/#organization"},"potentialAction":[{"@type":"SearchAction","target":{"@type":"EntryPoint","urlTemplate":"https:\/\/femergs.com.br\/wfe\/?s={search_term_string}"},"query-input":{"@type":"PropertyValueSpecification","valueRequired":true,"valueName":"search_term_string"}}],"inLanguage":"pt-BR"},{"@type":"Organization","@id":"https:\/\/femergs.com.br\/wfe\/#organization","name":"FEMERGS","url":"https:\/\/femergs.com.br\/wfe\/","logo":{"@type":"ImageObject","inLanguage":"pt-BR","@id":"https:\/\/femergs.com.br\/wfe\/#\/schema\/logo\/image\/","url":"https:\/\/femergs.com.br\/wfe\/wp-content\/uploads\/2025\/06\/logotipo.png","contentUrl":"https:\/\/femergs.com.br\/wfe\/wp-content\/uploads\/2025\/06\/logotipo.png","width":500,"height":500,"caption":"FEMERGS"},"image":{"@id":"https:\/\/femergs.com.br\/wfe\/#\/schema\/logo\/image\/"},"sameAs":["https:\/\/www.facebook.com\/profile.php?id=100057151733001","https:\/\/www.instagram.com\/femergs_rs\/"]},{"@type":"Person","@id":"https:\/\/femergs.com.br\/wfe\/#\/schema\/person\/f5558e6b5ffc044ee085016237dedb7f","name":"adminfemergs","image":{"@type":"ImageObject","inLanguage":"pt-BR","@id":"https:\/\/femergs.com.br\/wfe\/#\/schema\/person\/image\/","url":"https:\/\/secure.gravatar.com\/avatar\/398642fa557cdd524617ad9b31c938845f071aeb3448b9c0aeb29aefc495337b?s=96&d=mm&r=g","contentUrl":"https:\/\/secure.gravatar.com\/avatar\/398642fa557cdd524617ad9b31c938845f071aeb3448b9c0aeb29aefc495337b?s=96&d=mm&r=g","caption":"adminfemergs"},"sameAs":["https:\/\/femergs.com.br\/wfe"],"url":"https:\/\/femergs.com.br\/wfe\/blog\/author\/adminfemergs\/"}]}},"uagb_featured_image_src":{"full":false,"thumbnail":false,"medium":false,"medium_large":false,"large":false,"1536x1536":false,"2048x2048":false,"ultp_layout_landscape_large":false,"ultp_layout_landscape":false,"ultp_layout_portrait":false,"ultp_layout_square":false},"uagb_author_info":{"display_name":"adminfemergs","author_link":"https:\/\/femergs.com.br\/wfe\/blog\/author\/adminfemergs\/"},"uagb_comment_info":0,"uagb_excerpt":"Abra\u00e7o virtual a todos os companheiros sindicalistas, filiados a FEMERGS ou n\u00e3o, n\u00e3o escrevi os \u00faltimos dias para poder pesquisar um pouco mais sobre esta situa\u00e7\u00e3o ANORMAL que estamos vivendo. E acreditem amigos, \u00e9 muito estranho, saber que um v\u00edrus invis\u00edvel causa tanta mudan\u00e7a no mundo, e muito preocupante \u00e9 ver que N\u00c3O ESTAMOS PREPARADOS&hellip;","_links":{"self":[{"href":"https:\/\/femergs.com.br\/wfe\/wp-json\/wp\/v2\/posts\/1238","targetHints":{"allow":["GET"]}}],"collection":[{"href":"https:\/\/femergs.com.br\/wfe\/wp-json\/wp\/v2\/posts"}],"about":[{"href":"https:\/\/femergs.com.br\/wfe\/wp-json\/wp\/v2\/types\/post"}],"author":[{"embeddable":true,"href":"https:\/\/femergs.com.br\/wfe\/wp-json\/wp\/v2\/users\/1"}],"replies":[{"embeddable":true,"href":"https:\/\/femergs.com.br\/wfe\/wp-json\/wp\/v2\/comments?post=1238"}],"version-history":[{"count":0,"href":"https:\/\/femergs.com.br\/wfe\/wp-json\/wp\/v2\/posts\/1238\/revisions"}],"wp:attachment":[{"href":"https:\/\/femergs.com.br\/wfe\/wp-json\/wp\/v2\/media?parent=1238"}],"wp:term":[{"taxonomy":"category","embeddable":true,"href":"https:\/\/femergs.com.br\/wfe\/wp-json\/wp\/v2\/categories?post=1238"},{"taxonomy":"post_tag","embeddable":true,"href":"https:\/\/femergs.com.br\/wfe\/wp-json\/wp\/v2\/tags?post=1238"}],"curies":[{"name":"wp","href":"https:\/\/api.w.org\/{rel}","templated":true}]}}