{"id":124,"date":"2025-01-21T20:00:27","date_gmt":"2025-01-21T20:00:27","guid":{"rendered":"https:\/\/femergs.com.br\/wfe\/?p=124"},"modified":"2025-07-11T12:08:07","modified_gmt":"2025-07-11T12:08:07","slug":"femergs-participa-de-reuniao-sobre-o-forum-das-centrais-sindicais","status":"publish","type":"post","link":"https:\/\/femergs.com.br\/wfe\/blog\/femergs-participa-de-reuniao-sobre-o-forum-das-centrais-sindicais\/","title":{"rendered":"FEMERGS PARTICIPA DE REUNI\u00c3O SOBRE O F\u00d3RUM DAS CENTRAIS SINDICAIS"},"content":{"rendered":"\n<p>No dia 21 de janeiro de 2025, a Vice-Presidente da CSB, e presidente da Federa\u00e7\u00e3o dos Municip\u00e1rios do Estado do RS \u2013 FEMERGS, participou em uma importante reuni\u00e3o do F\u00f3rum das Centrais Sindicais organizado pelo Departamento Intersindical de Estat\u00edsticas e Estudos Socioecon\u00f4micos, DIEESE, a participa\u00e7\u00e3o da Presidente Clarice In\u00eas Mainardi foi virtual, j\u00e1 que o evento foi hibrida, permitindo assim a participa\u00e7\u00e3o de mais de 90 pessoas representando de diversas entidades sindicais.<\/p>\n\n\n\n<p>Em sua fala a Presidente Clarice, armou:<em> \u201c que precisamos estar em contato com a popula\u00e7\u00e3o, \u00b4pois o servidor p\u00fablico municipal tem enfrentado este dilema, quando n\u00e3o recebe uma estrada boa, \u00e9 culpa do servidor, quando n\u00e3o est\u00e1 incluso no bolsa fam\u00edlia \u00e9 culpa do servidor, e n\u00f3s servidores n\u00e3o estamos conseguindo fazer a popula\u00e7\u00e3o entender que o servi\u00e7o p\u00fablico de qualidade \u00e9 direito do cidad\u00e3o, precisamos voltar a conversar sobre as realidades locais, precisamos chegar a popula\u00e7\u00e3o, para que ela saiba que uma grande parcela dos servidores recebem como b\u00e1sico menos que o sal\u00e1rio m\u00ednimo nacional, precisamos resgatar a auto estima do trabalhador p\u00fablico municipal, precisamos iniciar esta caminhada, de reencontro com a popula\u00e7\u00e3o para que ela conhe\u00e7a a realidade do servidor p\u00fablico.\u201d<\/em><\/p>\n\n\n\n<p>Para atingir o objetivo do evento, que foi debater estrat\u00e9gias de combate as not\u00edcias falsas e defender o servidor p\u00fablico como agente de presta\u00e7\u00e3o deste servi\u00e7o de forma transparente e impessoal. Os dados apresentados pelo Dieese s\u00e3o alarmantes, j\u00e1 haviam sido levantados pela FEMERGS\/CSB, que mostra n\u00fameros alarmantes de servidores contratados em \u00e1reas estrat\u00e9gicas e garantidoras do desenvolvimento da na\u00e7\u00e3o. Atrav\u00e9s do trabalho da FEMERGS, acompanhamos a situa\u00e7\u00e3o das terceiriza\u00e7\u00f5es e uso de contratos emergenciais que acabam durando anos nos munic\u00edpios. Os primeiros passos para combater esta precariza\u00e7\u00e3o a n\u00edvel nacional foi lan\u00e7ado, o pr\u00f3ximo encontro ser\u00e1 dia 28 de janeiro, onde ir\u00e3o participar os representantes indicados pelas entidades presentes, inclusive da CSB\/FEMERGS que ir\u00e3o participar de forma ativa nesta constru\u00e7\u00e3o, precisamos combater a precariza\u00e7\u00e3o atrav\u00e9s de unidade sindical e deni\u00e7\u00e3o de objetivos.<br><br>Parab\u00e9ns a todos os presentes.<br><\/p>\n","protected":false},"excerpt":{"rendered":"<p>No dia 21 de janeiro de 2025, a Vice-Presidente da CSB, e presidente da Federa\u00e7\u00e3o dos Municip\u00e1rios do Estado do RS \u2013 FEMERGS, participou em uma importante reuni\u00e3o do F\u00f3rum das Centrais Sindicais organizado pelo Departamento Intersindical de Estat\u00edsticas e Estudos Socioecon\u00f4micos, DIEESE, a participa\u00e7\u00e3o da Presidente Clarice In\u00eas Mainardi foi virtual, j\u00e1 que o [&hellip;]<\/p>\n","protected":false},"author":1,"featured_media":125,"comment_status":"open","ping_status":"open","sticky":false,"template":"","format":"standard","meta":{"_eb_attr":"","_uag_custom_page_level_css":"","fifu_image_url":"","fifu_image_alt":"","footnotes":""},"categories":[7],"tags":[19,9,8,10],"class_list":["post-124","post","type-post","status-publish","format-standard","has-post-thumbnail","hentry","category-noticias","tag-femergs","tag-forum","tag-reuniao","tag-sindical"],"yoast_head":"<!-- This site is optimized with the Yoast SEO plugin v27.1.1 - https:\/\/yoast.com\/product\/yoast-seo-wordpress\/ -->\n<title>FEMERGS PARTICIPA DE REUNI\u00c3O SOBRE O F\u00d3RUM DAS CENTRAIS SINDICAIS - Federa\u00e7\u00e3o dos Municip\u00e1rios do Estado do Rio Grande do Sul<\/title>\n<meta name=\"description\" content=\"Vice-Presidente da CSB, e presidente da FEMERGS, participou em uma importante reuni\u00e3o do F\u00f3rum das Centrais Sindicais\" \/>\n<meta name=\"robots\" content=\"index, follow, max-snippet:-1, max-image-preview:large, max-video-preview:-1\" \/>\n<link rel=\"canonical\" href=\"https:\/\/femergs.com.br\/wfe\/blog\/femergs-participa-de-reuniao-sobre-o-forum-das-centrais-sindicais\/\" \/>\n<meta property=\"og:locale\" content=\"pt_BR\" \/>\n<meta property=\"og:type\" content=\"article\" \/>\n<meta property=\"og:title\" content=\"FEMERGS PARTICIPA DE REUNI\u00c3O SOBRE O F\u00d3RUM DAS CENTRAIS SINDICAIS - Federa\u00e7\u00e3o dos Municip\u00e1rios do Estado do Rio Grande do Sul\" \/>\n<meta property=\"og:description\" content=\"Vice-Presidente da CSB, e presidente da FEMERGS, participou em uma importante reuni\u00e3o do F\u00f3rum das Centrais Sindicais\" \/>\n<meta property=\"og:url\" content=\"https:\/\/femergs.com.br\/wfe\/blog\/femergs-participa-de-reuniao-sobre-o-forum-das-centrais-sindicais\/\" \/>\n<meta property=\"og:site_name\" content=\"Federa\u00e7\u00e3o dos Municip\u00e1rios do Estado do Rio Grande do Sul\" \/>\n<meta property=\"article:publisher\" content=\"https:\/\/www.facebook.com\/profile.php?id=100057151733001\" \/>\n<meta property=\"article:published_time\" content=\"2025-01-21T20:00:27+00:00\" \/>\n<meta property=\"article:modified_time\" content=\"2025-07-11T12:08:07+00:00\" \/>\n<meta property=\"og:image\" content=\"https:\/\/femergs.com.br\/wfe\/wp-content\/uploads\/2025\/06\/543_1532.webp\" \/>\n\t<meta property=\"og:image:width\" content=\"1440\" \/>\n\t<meta property=\"og:image:height\" content=\"1440\" \/>\n\t<meta property=\"og:image:type\" content=\"image\/jpeg\" \/>\n<meta name=\"author\" content=\"adminfemergs\" \/>\n<meta name=\"twitter:card\" content=\"summary_large_image\" \/>\n<meta name=\"twitter:label1\" content=\"Escrito por\" \/>\n\t<meta name=\"twitter:data1\" content=\"adminfemergs\" \/>\n\t<meta name=\"twitter:label2\" content=\"Est. tempo de leitura\" \/>\n\t<meta name=\"twitter:data2\" content=\"3 minutos\" \/>\n<script type=\"application\/ld+json\" class=\"yoast-schema-graph\">{\"@context\":\"https:\/\/schema.org\",\"@graph\":[{\"@type\":\"Article\",\"@id\":\"https:\/\/femergs.com.br\/wfe\/blog\/femergs-participa-de-reuniao-sobre-o-forum-das-centrais-sindicais\/#article\",\"isPartOf\":{\"@id\":\"https:\/\/femergs.com.br\/wfe\/blog\/femergs-participa-de-reuniao-sobre-o-forum-das-centrais-sindicais\/\"},\"author\":{\"name\":\"adminfemergs\",\"@id\":\"https:\/\/femergs.com.br\/wfe\/#\/schema\/person\/f5558e6b5ffc044ee085016237dedb7f\"},\"headline\":\"FEMERGS PARTICIPA DE REUNI\u00c3O SOBRE O F\u00d3RUM DAS CENTRAIS SINDICAIS\",\"datePublished\":\"2025-01-21T20:00:27+00:00\",\"dateModified\":\"2025-07-11T12:08:07+00:00\",\"mainEntityOfPage\":{\"@id\":\"https:\/\/femergs.com.br\/wfe\/blog\/femergs-participa-de-reuniao-sobre-o-forum-das-centrais-sindicais\/\"},\"wordCount\":391,\"commentCount\":0,\"publisher\":{\"@id\":\"https:\/\/femergs.com.br\/wfe\/#organization\"},\"image\":{\"@id\":\"https:\/\/femergs.com.br\/wfe\/blog\/femergs-participa-de-reuniao-sobre-o-forum-das-centrais-sindicais\/#primaryimage\"},\"thumbnailUrl\":\"https:\/\/femergs.com.br\/wfe\/wp-content\/uploads\/2025\/06\/543_1532.webp\",\"keywords\":[\"femergs\",\"f\u00f3rum\",\"reuni\u00e3o\",\"sindical\"],\"articleSection\":[\"Not\u00edcias Gerais\"],\"inLanguage\":\"pt-BR\",\"potentialAction\":[{\"@type\":\"CommentAction\",\"name\":\"Comment\",\"target\":[\"https:\/\/femergs.com.br\/wfe\/blog\/femergs-participa-de-reuniao-sobre-o-forum-das-centrais-sindicais\/#respond\"]}]},{\"@type\":\"WebPage\",\"@id\":\"https:\/\/femergs.com.br\/wfe\/blog\/femergs-participa-de-reuniao-sobre-o-forum-das-centrais-sindicais\/\",\"url\":\"https:\/\/femergs.com.br\/wfe\/blog\/femergs-participa-de-reuniao-sobre-o-forum-das-centrais-sindicais\/\",\"name\":\"FEMERGS PARTICIPA DE REUNI\u00c3O SOBRE O F\u00d3RUM DAS CENTRAIS SINDICAIS - Federa\u00e7\u00e3o dos Municip\u00e1rios do Estado do Rio Grande do Sul\",\"isPartOf\":{\"@id\":\"https:\/\/femergs.com.br\/wfe\/#website\"},\"primaryImageOfPage\":{\"@id\":\"https:\/\/femergs.com.br\/wfe\/blog\/femergs-participa-de-reuniao-sobre-o-forum-das-centrais-sindicais\/#primaryimage\"},\"image\":{\"@id\":\"https:\/\/femergs.com.br\/wfe\/blog\/femergs-participa-de-reuniao-sobre-o-forum-das-centrais-sindicais\/#primaryimage\"},\"thumbnailUrl\":\"https:\/\/femergs.com.br\/wfe\/wp-content\/uploads\/2025\/06\/543_1532.webp\",\"datePublished\":\"2025-01-21T20:00:27+00:00\",\"dateModified\":\"2025-07-11T12:08:07+00:00\",\"description\":\"Vice-Presidente da CSB, e presidente da FEMERGS, participou em uma importante reuni\u00e3o do F\u00f3rum das Centrais Sindicais\",\"breadcrumb\":{\"@id\":\"https:\/\/femergs.com.br\/wfe\/blog\/femergs-participa-de-reuniao-sobre-o-forum-das-centrais-sindicais\/#breadcrumb\"},\"inLanguage\":\"pt-BR\",\"potentialAction\":[{\"@type\":\"ReadAction\",\"target\":[\"https:\/\/femergs.com.br\/wfe\/blog\/femergs-participa-de-reuniao-sobre-o-forum-das-centrais-sindicais\/\"]}]},{\"@type\":\"ImageObject\",\"inLanguage\":\"pt-BR\",\"@id\":\"https:\/\/femergs.com.br\/wfe\/blog\/femergs-participa-de-reuniao-sobre-o-forum-das-centrais-sindicais\/#primaryimage\",\"url\":\"https:\/\/femergs.com.br\/wfe\/wp-content\/uploads\/2025\/06\/543_1532.webp\",\"contentUrl\":\"https:\/\/femergs.com.br\/wfe\/wp-content\/uploads\/2025\/06\/543_1532.webp\",\"width\":1440,\"height\":1440},{\"@type\":\"BreadcrumbList\",\"@id\":\"https:\/\/femergs.com.br\/wfe\/blog\/femergs-participa-de-reuniao-sobre-o-forum-das-centrais-sindicais\/#breadcrumb\",\"itemListElement\":[{\"@type\":\"ListItem\",\"position\":1,\"name\":\"In\u00edcio\",\"item\":\"https:\/\/femergs.com.br\/wfe\/\"},{\"@type\":\"ListItem\",\"position\":2,\"name\":\"FEMERGS PARTICIPA DE REUNI\u00c3O SOBRE O F\u00d3RUM DAS CENTRAIS SINDICAIS\"}]},{\"@type\":\"WebSite\",\"@id\":\"https:\/\/femergs.com.br\/wfe\/#website\",\"url\":\"https:\/\/femergs.com.br\/wfe\/\",\"name\":\"FEMERGS\",\"description\":\"FEDERA\u00c7\u00c3O DOS MUNICIP\u00c1RIOS DO ESTADO DO RIO GRANDE DO SUL\",\"publisher\":{\"@id\":\"https:\/\/femergs.com.br\/wfe\/#organization\"},\"potentialAction\":[{\"@type\":\"SearchAction\",\"target\":{\"@type\":\"EntryPoint\",\"urlTemplate\":\"https:\/\/femergs.com.br\/wfe\/?s={search_term_string}\"},\"query-input\":{\"@type\":\"PropertyValueSpecification\",\"valueRequired\":true,\"valueName\":\"search_term_string\"}}],\"inLanguage\":\"pt-BR\"},{\"@type\":\"Organization\",\"@id\":\"https:\/\/femergs.com.br\/wfe\/#organization\",\"name\":\"FEMERGS\",\"url\":\"https:\/\/femergs.com.br\/wfe\/\",\"logo\":{\"@type\":\"ImageObject\",\"inLanguage\":\"pt-BR\",\"@id\":\"https:\/\/femergs.com.br\/wfe\/#\/schema\/logo\/image\/\",\"url\":\"https:\/\/femergs.com.br\/wfe\/wp-content\/uploads\/2025\/06\/logotipo.png\",\"contentUrl\":\"https:\/\/femergs.com.br\/wfe\/wp-content\/uploads\/2025\/06\/logotipo.png\",\"width\":500,\"height\":500,\"caption\":\"FEMERGS\"},\"image\":{\"@id\":\"https:\/\/femergs.com.br\/wfe\/#\/schema\/logo\/image\/\"},\"sameAs\":[\"https:\/\/www.facebook.com\/profile.php?id=100057151733001\",\"https:\/\/www.instagram.com\/femergs_rs\/\"]},{\"@type\":\"Person\",\"@id\":\"https:\/\/femergs.com.br\/wfe\/#\/schema\/person\/f5558e6b5ffc044ee085016237dedb7f\",\"name\":\"adminfemergs\",\"image\":{\"@type\":\"ImageObject\",\"inLanguage\":\"pt-BR\",\"@id\":\"https:\/\/femergs.com.br\/wfe\/#\/schema\/person\/image\/\",\"url\":\"https:\/\/secure.gravatar.com\/avatar\/398642fa557cdd524617ad9b31c938845f071aeb3448b9c0aeb29aefc495337b?s=96&d=mm&r=g\",\"contentUrl\":\"https:\/\/secure.gravatar.com\/avatar\/398642fa557cdd524617ad9b31c938845f071aeb3448b9c0aeb29aefc495337b?s=96&d=mm&r=g\",\"caption\":\"adminfemergs\"},\"sameAs\":[\"https:\/\/femergs.com.br\/wfe\"],\"url\":\"https:\/\/femergs.com.br\/wfe\/blog\/author\/adminfemergs\/\"}]}<\/script>\n<!-- \/ Yoast SEO plugin. -->","yoast_head_json":{"title":"FEMERGS PARTICIPA DE REUNI\u00c3O SOBRE O F\u00d3RUM DAS CENTRAIS SINDICAIS - Federa\u00e7\u00e3o dos Municip\u00e1rios do Estado do Rio Grande do Sul","description":"Vice-Presidente da CSB, e presidente da FEMERGS, participou em uma importante reuni\u00e3o do F\u00f3rum das Centrais Sindicais","robots":{"index":"index","follow":"follow","max-snippet":"max-snippet:-1","max-image-preview":"max-image-preview:large","max-video-preview":"max-video-preview:-1"},"canonical":"https:\/\/femergs.com.br\/wfe\/blog\/femergs-participa-de-reuniao-sobre-o-forum-das-centrais-sindicais\/","og_locale":"pt_BR","og_type":"article","og_title":"FEMERGS PARTICIPA DE REUNI\u00c3O SOBRE O F\u00d3RUM DAS CENTRAIS SINDICAIS - Federa\u00e7\u00e3o dos Municip\u00e1rios do Estado do Rio Grande do Sul","og_description":"Vice-Presidente da CSB, e presidente da FEMERGS, participou em uma importante reuni\u00e3o do F\u00f3rum das Centrais Sindicais","og_url":"https:\/\/femergs.com.br\/wfe\/blog\/femergs-participa-de-reuniao-sobre-o-forum-das-centrais-sindicais\/","og_site_name":"Federa\u00e7\u00e3o dos Municip\u00e1rios do Estado do Rio Grande do Sul","article_publisher":"https:\/\/www.facebook.com\/profile.php?id=100057151733001","article_published_time":"2025-01-21T20:00:27+00:00","article_modified_time":"2025-07-11T12:08:07+00:00","og_image":[{"width":1440,"height":1440,"url":"https:\/\/femergs.com.br\/wfe\/wp-content\/uploads\/2025\/06\/543_1532.webp","type":"image\/jpeg"}],"author":"adminfemergs","twitter_card":"summary_large_image","twitter_misc":{"Escrito por":"adminfemergs","Est. tempo de leitura":"3 minutos"},"schema":{"@context":"https:\/\/schema.org","@graph":[{"@type":"Article","@id":"https:\/\/femergs.com.br\/wfe\/blog\/femergs-participa-de-reuniao-sobre-o-forum-das-centrais-sindicais\/#article","isPartOf":{"@id":"https:\/\/femergs.com.br\/wfe\/blog\/femergs-participa-de-reuniao-sobre-o-forum-das-centrais-sindicais\/"},"author":{"name":"adminfemergs","@id":"https:\/\/femergs.com.br\/wfe\/#\/schema\/person\/f5558e6b5ffc044ee085016237dedb7f"},"headline":"FEMERGS PARTICIPA DE REUNI\u00c3O SOBRE O F\u00d3RUM DAS CENTRAIS SINDICAIS","datePublished":"2025-01-21T20:00:27+00:00","dateModified":"2025-07-11T12:08:07+00:00","mainEntityOfPage":{"@id":"https:\/\/femergs.com.br\/wfe\/blog\/femergs-participa-de-reuniao-sobre-o-forum-das-centrais-sindicais\/"},"wordCount":391,"commentCount":0,"publisher":{"@id":"https:\/\/femergs.com.br\/wfe\/#organization"},"image":{"@id":"https:\/\/femergs.com.br\/wfe\/blog\/femergs-participa-de-reuniao-sobre-o-forum-das-centrais-sindicais\/#primaryimage"},"thumbnailUrl":"https:\/\/femergs.com.br\/wfe\/wp-content\/uploads\/2025\/06\/543_1532.webp","keywords":["femergs","f\u00f3rum","reuni\u00e3o","sindical"],"articleSection":["Not\u00edcias Gerais"],"inLanguage":"pt-BR","potentialAction":[{"@type":"CommentAction","name":"Comment","target":["https:\/\/femergs.com.br\/wfe\/blog\/femergs-participa-de-reuniao-sobre-o-forum-das-centrais-sindicais\/#respond"]}]},{"@type":"WebPage","@id":"https:\/\/femergs.com.br\/wfe\/blog\/femergs-participa-de-reuniao-sobre-o-forum-das-centrais-sindicais\/","url":"https:\/\/femergs.com.br\/wfe\/blog\/femergs-participa-de-reuniao-sobre-o-forum-das-centrais-sindicais\/","name":"FEMERGS PARTICIPA DE REUNI\u00c3O SOBRE O F\u00d3RUM DAS CENTRAIS SINDICAIS - Federa\u00e7\u00e3o dos Municip\u00e1rios do Estado do Rio Grande do Sul","isPartOf":{"@id":"https:\/\/femergs.com.br\/wfe\/#website"},"primaryImageOfPage":{"@id":"https:\/\/femergs.com.br\/wfe\/blog\/femergs-participa-de-reuniao-sobre-o-forum-das-centrais-sindicais\/#primaryimage"},"image":{"@id":"https:\/\/femergs.com.br\/wfe\/blog\/femergs-participa-de-reuniao-sobre-o-forum-das-centrais-sindicais\/#primaryimage"},"thumbnailUrl":"https:\/\/femergs.com.br\/wfe\/wp-content\/uploads\/2025\/06\/543_1532.webp","datePublished":"2025-01-21T20:00:27+00:00","dateModified":"2025-07-11T12:08:07+00:00","description":"Vice-Presidente da CSB, e presidente da FEMERGS, participou em uma importante reuni\u00e3o do F\u00f3rum das Centrais Sindicais","breadcrumb":{"@id":"https:\/\/femergs.com.br\/wfe\/blog\/femergs-participa-de-reuniao-sobre-o-forum-das-centrais-sindicais\/#breadcrumb"},"inLanguage":"pt-BR","potentialAction":[{"@type":"ReadAction","target":["https:\/\/femergs.com.br\/wfe\/blog\/femergs-participa-de-reuniao-sobre-o-forum-das-centrais-sindicais\/"]}]},{"@type":"ImageObject","inLanguage":"pt-BR","@id":"https:\/\/femergs.com.br\/wfe\/blog\/femergs-participa-de-reuniao-sobre-o-forum-das-centrais-sindicais\/#primaryimage","url":"https:\/\/femergs.com.br\/wfe\/wp-content\/uploads\/2025\/06\/543_1532.webp","contentUrl":"https:\/\/femergs.com.br\/wfe\/wp-content\/uploads\/2025\/06\/543_1532.webp","width":1440,"height":1440},{"@type":"BreadcrumbList","@id":"https:\/\/femergs.com.br\/wfe\/blog\/femergs-participa-de-reuniao-sobre-o-forum-das-centrais-sindicais\/#breadcrumb","itemListElement":[{"@type":"ListItem","position":1,"name":"In\u00edcio","item":"https:\/\/femergs.com.br\/wfe\/"},{"@type":"ListItem","position":2,"name":"FEMERGS PARTICIPA DE REUNI\u00c3O SOBRE O F\u00d3RUM DAS CENTRAIS SINDICAIS"}]},{"@type":"WebSite","@id":"https:\/\/femergs.com.br\/wfe\/#website","url":"https:\/\/femergs.com.br\/wfe\/","name":"FEMERGS","description":"FEDERA\u00c7\u00c3O DOS MUNICIP\u00c1RIOS DO ESTADO DO RIO GRANDE DO SUL","publisher":{"@id":"https:\/\/femergs.com.br\/wfe\/#organization"},"potentialAction":[{"@type":"SearchAction","target":{"@type":"EntryPoint","urlTemplate":"https:\/\/femergs.com.br\/wfe\/?s={search_term_string}"},"query-input":{"@type":"PropertyValueSpecification","valueRequired":true,"valueName":"search_term_string"}}],"inLanguage":"pt-BR"},{"@type":"Organization","@id":"https:\/\/femergs.com.br\/wfe\/#organization","name":"FEMERGS","url":"https:\/\/femergs.com.br\/wfe\/","logo":{"@type":"ImageObject","inLanguage":"pt-BR","@id":"https:\/\/femergs.com.br\/wfe\/#\/schema\/logo\/image\/","url":"https:\/\/femergs.com.br\/wfe\/wp-content\/uploads\/2025\/06\/logotipo.png","contentUrl":"https:\/\/femergs.com.br\/wfe\/wp-content\/uploads\/2025\/06\/logotipo.png","width":500,"height":500,"caption":"FEMERGS"},"image":{"@id":"https:\/\/femergs.com.br\/wfe\/#\/schema\/logo\/image\/"},"sameAs":["https:\/\/www.facebook.com\/profile.php?id=100057151733001","https:\/\/www.instagram.com\/femergs_rs\/"]},{"@type":"Person","@id":"https:\/\/femergs.com.br\/wfe\/#\/schema\/person\/f5558e6b5ffc044ee085016237dedb7f","name":"adminfemergs","image":{"@type":"ImageObject","inLanguage":"pt-BR","@id":"https:\/\/femergs.com.br\/wfe\/#\/schema\/person\/image\/","url":"https:\/\/secure.gravatar.com\/avatar\/398642fa557cdd524617ad9b31c938845f071aeb3448b9c0aeb29aefc495337b?s=96&d=mm&r=g","contentUrl":"https:\/\/secure.gravatar.com\/avatar\/398642fa557cdd524617ad9b31c938845f071aeb3448b9c0aeb29aefc495337b?s=96&d=mm&r=g","caption":"adminfemergs"},"sameAs":["https:\/\/femergs.com.br\/wfe"],"url":"https:\/\/femergs.com.br\/wfe\/blog\/author\/adminfemergs\/"}]}},"uagb_featured_image_src":{"full":["https:\/\/femergs.com.br\/wfe\/wp-content\/uploads\/2025\/06\/543_1532.webp",1440,1440,false],"thumbnail":["https:\/\/femergs.com.br\/wfe\/wp-content\/uploads\/2025\/06\/543_1532-150x150.webp",150,150,true],"medium":["https:\/\/femergs.com.br\/wfe\/wp-content\/uploads\/2025\/06\/543_1532-300x300.webp",300,300,true],"medium_large":["https:\/\/femergs.com.br\/wfe\/wp-content\/uploads\/2025\/06\/543_1532-768x768.webp",768,768,true],"large":["https:\/\/femergs.com.br\/wfe\/wp-content\/uploads\/2025\/06\/543_1532-1024x1024.webp",1024,1024,true],"1536x1536":["https:\/\/femergs.com.br\/wfe\/wp-content\/uploads\/2025\/06\/543_1532.webp",1440,1440,false],"2048x2048":["https:\/\/femergs.com.br\/wfe\/wp-content\/uploads\/2025\/06\/543_1532.webp",1440,1440,false],"ultp_layout_landscape_large":["https:\/\/femergs.com.br\/wfe\/wp-content\/uploads\/2025\/06\/543_1532.webp",800,800,false],"ultp_layout_landscape":["https:\/\/femergs.com.br\/wfe\/wp-content\/uploads\/2025\/06\/543_1532.webp",570,570,false],"ultp_layout_portrait":["https:\/\/femergs.com.br\/wfe\/wp-content\/uploads\/2025\/06\/543_1532.webp",600,600,false],"ultp_layout_square":["https:\/\/femergs.com.br\/wfe\/wp-content\/uploads\/2025\/06\/543_1532.webp",600,600,false]},"uagb_author_info":{"display_name":"adminfemergs","author_link":"https:\/\/femergs.com.br\/wfe\/blog\/author\/adminfemergs\/"},"uagb_comment_info":0,"uagb_excerpt":"No dia 21 de janeiro de 2025, a Vice-Presidente da CSB, e presidente da Federa\u00e7\u00e3o dos Municip\u00e1rios do Estado do RS \u2013 FEMERGS, participou em uma importante reuni\u00e3o do F\u00f3rum das Centrais Sindicais organizado pelo Departamento Intersindical de Estat\u00edsticas e Estudos Socioecon\u00f4micos, DIEESE, a participa\u00e7\u00e3o da Presidente Clarice In\u00eas Mainardi foi virtual, j\u00e1 que o&hellip;","_links":{"self":[{"href":"https:\/\/femergs.com.br\/wfe\/wp-json\/wp\/v2\/posts\/124","targetHints":{"allow":["GET"]}}],"collection":[{"href":"https:\/\/femergs.com.br\/wfe\/wp-json\/wp\/v2\/posts"}],"about":[{"href":"https:\/\/femergs.com.br\/wfe\/wp-json\/wp\/v2\/types\/post"}],"author":[{"embeddable":true,"href":"https:\/\/femergs.com.br\/wfe\/wp-json\/wp\/v2\/users\/1"}],"replies":[{"embeddable":true,"href":"https:\/\/femergs.com.br\/wfe\/wp-json\/wp\/v2\/comments?post=124"}],"version-history":[{"count":2,"href":"https:\/\/femergs.com.br\/wfe\/wp-json\/wp\/v2\/posts\/124\/revisions"}],"predecessor-version":[{"id":288,"href":"https:\/\/femergs.com.br\/wfe\/wp-json\/wp\/v2\/posts\/124\/revisions\/288"}],"wp:featuredmedia":[{"embeddable":true,"href":"https:\/\/femergs.com.br\/wfe\/wp-json\/wp\/v2\/media\/125"}],"wp:attachment":[{"href":"https:\/\/femergs.com.br\/wfe\/wp-json\/wp\/v2\/media?parent=124"}],"wp:term":[{"taxonomy":"category","embeddable":true,"href":"https:\/\/femergs.com.br\/wfe\/wp-json\/wp\/v2\/categories?post=124"},{"taxonomy":"post_tag","embeddable":true,"href":"https:\/\/femergs.com.br\/wfe\/wp-json\/wp\/v2\/tags?post=124"}],"curies":[{"name":"wp","href":"https:\/\/api.w.org\/{rel}","templated":true}]}}