{"id":1240,"date":"2020-04-28T19:22:46","date_gmt":"2020-04-28T19:22:46","guid":{"rendered":"https:\/\/femergs.com.br\/wfe\/blog\/males-da-solidao-aumentam-na-pandemia-do-covid-19\/"},"modified":"2020-04-28T19:22:46","modified_gmt":"2020-04-28T19:22:46","slug":"males-da-solidao-aumentam-na-pandemia-do-covid-19","status":"publish","type":"post","link":"https:\/\/femergs.com.br\/wfe\/blog\/males-da-solidao-aumentam-na-pandemia-do-covid-19\/","title":{"rendered":"Males da solid\u00e3o aumentam na Pandemia do COVID-19"},"content":{"rendered":"<p>Ol\u00e1 a todos os sindicatos filiados a FEMERGS e demais pessoas que acessam esta p\u00e1gina em busca de informa\u00e7\u00f5es.<\/p>\n<p>Espero que todos estejam bem na medida do poss\u00edvel frente a esta triste realidade no mundo todo, e n\u00f3s no Brasil, ainda precisando enfrentar o avan\u00e7o do desmonte Estatal, que no mundo inteiro tem servido de alavanca no enfrentamento, enquanto aqui, se fala em cortar gastos, sal\u00e1rios e direitos.<\/p>\n<p>J\u00e1 falei em um texto anterior, sobre os riscos das pessoas sozinhas nesta pandemia, pois \u00e9, agora minha preocupa\u00e7\u00e3o tem aumentado, ouvindo relatos de pessoas que n\u00e3o moram sozinhas, mas est\u00e3o sentindo solid\u00e3o, desesperan\u00e7a e tristeza. E pesquisas m\u00e9dicas, que acompanham esta pandemia, j\u00e1 esta previsto o aumento significativo de s\u00edndromes psiqui\u00e1tricas, como a s\u00edndrome do p\u00e2nico, fobia social entre outras, a\u00ed n\u00f3s novamente enfrentaremos mais um problema, parece que no Brasil somos campe\u00f5es em aumentar o n\u00famero de problemas, pois sempre existem os que como aqueles que minimizam as consequ\u00eancias do COVID 19, talvez por acharem que s\u00e3o mais inteligentes ficam distribuindo receitas, tipo, se apegue a Deus, reze, tome melissa.<\/p>\n<p>Eu particularmente acredito que Deus deu a intelig\u00eancia ao homem justamente para n\u00e3o precisar se preocupar com pequenos detalhes, j\u00e1 que seu trabalho de proteger o universo \u00e9 grande. E seguindo esta minha l\u00f3gica acho que o melhor conselho em caso de doen\u00e7a \u00e9 ir ao m\u00e9dico, como em caso de d\u00favidas jur\u00eddicas deve ir ao advogado buscar a explica\u00e7\u00e3o. Ou algu\u00e9m consegue pensar em pedir ao padeiro para arrumar a inje\u00e7\u00e3o eletr\u00f4nica do carro.<\/p>\n<p>E ainda seguindo esta l\u00f3gica, muitos destes conselhos acabam por agravar a melhora de quem esta enfrentando alguma dificuldade em lidar com este momento t\u00e3o conturbado, v\u00e1rios planos de sa\u00fade est\u00e3o ofertando consultas online, e como os problemas relacionados a sentimentos pessoais s\u00e3o poss\u00edveis de ser diagnosticados atrav\u00e9s de uma boa conversa com seu m\u00e9dico, procure ajuda, n\u00e3o \u00e9 vergonhoso estar assim frente a tudo isso. Se voc\u00ea consegue refletir sozinho sobre como est\u00e1 se sentindo e descobrir uma forma de aliviar, fa\u00e7a: reze, dance, cante, faxine a casa, leia, qualquer coisa que te fizer bem. Mas, n\u00e3o vamos esquecer daqueles que n\u00e3o possuem esta tua capacidade de resolu\u00e7\u00e3o da quest\u00e3o individualmente, ent\u00e3o vamos auxiliar da melhor forma, e quando digo isso, eu particularmente, n\u00e3o acredito que seja escondendo informa\u00e7\u00f5es por elas serem tristes e alarmantes, eu acredito que seja absorvendo as informa\u00e7\u00f5es com o realismo necess\u00e1rio, mas sem p\u00e2nico.<\/p>\n<p>Existem pessoas que usam frases feitas para indicar \u201co pensamento positivo\u201d como solu\u00e7\u00e3o para tudo, ou do tipo, \u201ca f\u00e9 move montanhas\u201d, sim, s\u00e3o importantes, mas para mim, n\u00e3o s\u00e3o mais importantes do que as que dizem \u201cprevenir \u00e9 melhor do que remediar\u201d. E neste contexto s\u00e3o tantos assuntos importantes que n\u00e3o podem ser esquecidos, s\u00e3o tantas as necessidades que ficamos quase que paralisados e sem a\u00e7\u00e3o. Mas \u00e9 preciso reagir, ainda bem que temos pessoas comprometidas com este momento e que nos trazem boas informa\u00e7\u00f5es e reflex\u00f5es.<\/p>\n<p>Esta semana acompanhei uma live do ANTONIO NETO, Presidente da CSB, Central dos Sindicatos Brasileiros que achei importante trazer aqui.<\/p>\n<p><a href=\"https:\/\/www.youtube.com\/watch?v=C6D-u3e7bkw&amp;feature=youtu.be\">https:\/\/www.youtube.com\/watch?v=C6D-u3e7bkw&#038;feature=youtu.be<\/a><\/p>\n<p>Especialmente nesta live, por se tratar de um assunto que me \u00e9 particularmente por mim acompanhado, que \u00e9 a viol\u00eancia contra a mulher. Mas o Ant\u00f4nio Neto trouxe uma ramifica\u00e7\u00e3o desta viol\u00eancia que em especial me chamou a aten\u00e7\u00e3o: A viol\u00eancia contra a mulher cometida de forma online.<\/p>\n<p>Hoje a internet est\u00e1 definitivamente em nossas vidas, estatutos, leis est\u00e3o sendo adequadas ao uso desta ferramenta, pois certamente ser\u00e1 cada vez maior seu uso para contatos entre pessoas, tanto profissionalmente quanto individualmente. Ainda existem pessoas que quando s\u00e3o sabedoras de algum golpe sofrido por algu\u00e9m nesta nova forma de comunica\u00e7\u00e3o, imediatamente responde \u201ccaiu por ser burra\u201d, n\u00e3o vou colocar aqui os outros adjetivos usados. Se for uma mulher a vitima ent\u00e3o, fica muito mais ofensivo os coment\u00e1rios.<\/p>\n<p>Se no s\u00e9culo XXI ainda n\u00e3o conseguimos ver a mulher estuprada como v\u00edtima, a sociedade em geral sempre procura colocar a culpa nela, na roupa que usava, no local onde andava, como andava. Muitas s\u00e3o humilhadas nas delegacias ou hospitais onde v\u00e3o procurar ajuda, frente a viol\u00eancia sofrida, imagina como \u00e9 o tratamento para as milhares de mulheres mundo afora que est\u00e3o sendo v\u00edtimas de bandidos que usam os sites de relacionamentos como forma de praticar o crime.<\/p>\n<p>Quero que voc\u00eas reflitam comigo. N\u00e3o \u00e9 culpa das mulheres, quem n\u00e3o lembra do medo que as mulheres a quarenta ou cinquenta anos atr\u00e1s sentiam em manter uma rela\u00e7\u00e3o sexual sem ser casada? Sim, pois era pr\u00e1tica comum na \u00e9poca, ela ficar \u201cfalada\u201d. A\u00ed eu pergunto para ser \u201cfalada\u201d, algu\u00e9m contava o que tinha acontecido.O homem, que hoje, a gente sabe que normalmente contava para poder provar aos outros que era &#8220;macho&#8221;, pois necessitava desta posi\u00e7\u00e3o para sentir seguran\u00e7a em rela\u00e7\u00e3o a sua sexualidade, quem nunca ouviu a av\u00f3 contar de uma pobre coitada que foi extorquida por um espertalh\u00e3o, ou um idoso que foi extorquido por uma espertalhona?<\/p>\n<p>Ent\u00e3o n\u00e3o \u00e9 o relacionamento amoroso via site de relacionamento que \u00e9 o risco. O risco continua sendo o mesmo, relacionar-se com um, ou uma MAU CAR\u00c1TER. A internet, os sites de relacionamento podem ter facilitado, mas n\u00e3o criado este tipo de explora\u00e7\u00e3o.<\/p>\n<p>E n\u00f3s como seres sociais, devemos nos preocupar mais em auxiliar as v\u00edtimas do que julgar e criticar. A\u00ed retornamos aquela minha primeira postagem sobre a quest\u00e3o das pessoas solit\u00e1rias durante a pandemia. Ser\u00e1 que estamos fazendo o suficiente para auxiliar estas pessoas? Ser\u00e1 que n\u00e3o podemos destinar trinta minutos no nosso tempo di\u00e1rio para ajudar atrav\u00e9s de conversa, envio de mensagens, a uma pessoa que conhecemos e sabemos que \u00e9 solit\u00e1ria?<\/p>\n<p>E frisando bem, nem sempre \u00e9 solit\u00e1rio aquele que mora sozinho, existem solit\u00e1rios que vivem com companheiro, existem solit\u00e1rios que vivem com os pais, com filhos, com amigos, a solid\u00e3o afetiva nem sempre significa estar s\u00f3, pois muitas destas pessoas convivem com as outras simplesmente por conveni\u00eancia social ou moral, que como sabemos s\u00e3o rodeadas de hipocrisia na realidade.<\/p>\n<p>Mas ainda ditam as regras para \u201cparecer\u201d cidad\u00e3o de bem. Enquanto n\u00f3s continuamos a simplesmente julgar, no mundo inteiro, por ter aumentado este tipo de crime, tanto por homens como por mulheres que procuram suas vitimas nos sites de relacionamento, Mas como n\u00f3s mulheres ainda continuamos sendo vistas como \u201cpresas f\u00e1ceis\u201d, o n\u00famero deste tipo de crime est\u00e1 disparado. Muitos pa\u00edses j\u00e1 est\u00e3o criando legisla\u00e7\u00f5es, existem organiza\u00e7\u00f5es, trabalhando esta quest\u00e3o, crimes que j\u00e1 tem at\u00e9 organiza\u00e7\u00f5es criminosas, como os conhecidos FAKES MILITARES. Vamos tentar de alguma forma auxiliar estas pessoas, vamos fazer disto um desafio, afinal doar alimentos e outros bens mat\u00e9rias \u00e9 mais f\u00e1cil, mas doar nosso tempo, nosso carinho al\u00e9m de desafiador \u00e9 gratificante.<\/p>\n<p>Beijos no cora\u00e7\u00e3o de todos voc\u00eas, for\u00e7a neste per\u00edodo dif\u00edcil e lembre-se JUNTOS SOMOS INFINITAMENTE MAIS FORTES.<\/p>\n","protected":false},"excerpt":{"rendered":"<p>Ol\u00e1 a todos os sindicatos filiados a FEMERGS e demais pessoas que acessam esta p\u00e1gina em busca de informa\u00e7\u00f5es. Espero que todos estejam bem na medida do poss\u00edvel frente a esta triste realidade no mundo todo, e n\u00f3s no Brasil, ainda precisando enfrentar o avan\u00e7o do desmonte Estatal, que no mundo inteiro tem servido de [&hellip;]<\/p>\n","protected":false},"author":1,"featured_media":0,"comment_status":"closed","ping_status":"closed","sticky":false,"template":"","format":"standard","meta":{"_eb_attr":"","_uag_custom_page_level_css":"","fifu_image_url":"","fifu_image_alt":"","footnotes":""},"categories":[1],"tags":[32],"class_list":["post-1240","post","type-post","status-publish","format-standard","hentry","category-arquivadas","tag-null"],"yoast_head":"<!-- This site is optimized with the Yoast SEO plugin v27.1.1 - https:\/\/yoast.com\/product\/yoast-seo-wordpress\/ -->\n<title>Males da solid\u00e3o aumentam na Pandemia do COVID-19 - Federa\u00e7\u00e3o dos Municip\u00e1rios do Estado do Rio Grande do Sul<\/title>\n<meta name=\"robots\" content=\"index, follow, max-snippet:-1, max-image-preview:large, max-video-preview:-1\" \/>\n<link rel=\"canonical\" href=\"https:\/\/femergs.com.br\/wfe\/blog\/males-da-solidao-aumentam-na-pandemia-do-covid-19\/\" \/>\n<meta property=\"og:locale\" content=\"pt_BR\" \/>\n<meta property=\"og:type\" content=\"article\" \/>\n<meta property=\"og:title\" content=\"Males da solid\u00e3o aumentam na Pandemia do COVID-19 - Federa\u00e7\u00e3o dos Municip\u00e1rios do Estado do Rio Grande do Sul\" \/>\n<meta property=\"og:description\" content=\"Ol\u00e1 a todos os sindicatos filiados a FEMERGS e demais pessoas que acessam esta p\u00e1gina em busca de informa\u00e7\u00f5es. Espero que todos estejam bem na medida do poss\u00edvel frente a esta triste realidade no mundo todo, e n\u00f3s no Brasil, ainda precisando enfrentar o avan\u00e7o do desmonte Estatal, que no mundo inteiro tem servido de [&hellip;]\" \/>\n<meta property=\"og:url\" content=\"https:\/\/femergs.com.br\/wfe\/blog\/males-da-solidao-aumentam-na-pandemia-do-covid-19\/\" \/>\n<meta property=\"og:site_name\" content=\"Federa\u00e7\u00e3o dos Municip\u00e1rios do Estado do Rio Grande do Sul\" \/>\n<meta property=\"article:publisher\" content=\"https:\/\/www.facebook.com\/profile.php?id=100057151733001\" \/>\n<meta property=\"article:published_time\" content=\"2020-04-28T19:22:46+00:00\" \/>\n<meta name=\"author\" content=\"adminfemergs\" \/>\n<meta name=\"twitter:card\" content=\"summary_large_image\" \/>\n<meta name=\"twitter:label1\" content=\"Escrito por\" \/>\n\t<meta name=\"twitter:data1\" content=\"adminfemergs\" \/>\n\t<meta name=\"twitter:label2\" content=\"Est. tempo de leitura\" \/>\n\t<meta name=\"twitter:data2\" content=\"6 minutos\" \/>\n<script type=\"application\/ld+json\" class=\"yoast-schema-graph\">{\"@context\":\"https:\/\/schema.org\",\"@graph\":[{\"@type\":\"Article\",\"@id\":\"https:\/\/femergs.com.br\/wfe\/blog\/males-da-solidao-aumentam-na-pandemia-do-covid-19\/#article\",\"isPartOf\":{\"@id\":\"https:\/\/femergs.com.br\/wfe\/blog\/males-da-solidao-aumentam-na-pandemia-do-covid-19\/\"},\"author\":{\"name\":\"adminfemergs\",\"@id\":\"https:\/\/femergs.com.br\/wfe\/#\/schema\/person\/f5558e6b5ffc044ee085016237dedb7f\"},\"headline\":\"Males da solid\u00e3o aumentam na Pandemia do COVID-19\",\"datePublished\":\"2020-04-28T19:22:46+00:00\",\"mainEntityOfPage\":{\"@id\":\"https:\/\/femergs.com.br\/wfe\/blog\/males-da-solidao-aumentam-na-pandemia-do-covid-19\/\"},\"wordCount\":1272,\"publisher\":{\"@id\":\"https:\/\/femergs.com.br\/wfe\/#organization\"},\"keywords\":[\"NULL\"],\"articleSection\":[\"ARQUIVADAS\"],\"inLanguage\":\"pt-BR\"},{\"@type\":\"WebPage\",\"@id\":\"https:\/\/femergs.com.br\/wfe\/blog\/males-da-solidao-aumentam-na-pandemia-do-covid-19\/\",\"url\":\"https:\/\/femergs.com.br\/wfe\/blog\/males-da-solidao-aumentam-na-pandemia-do-covid-19\/\",\"name\":\"Males da solid\u00e3o aumentam na Pandemia do COVID-19 - Federa\u00e7\u00e3o dos Municip\u00e1rios do Estado do Rio Grande do Sul\",\"isPartOf\":{\"@id\":\"https:\/\/femergs.com.br\/wfe\/#website\"},\"datePublished\":\"2020-04-28T19:22:46+00:00\",\"breadcrumb\":{\"@id\":\"https:\/\/femergs.com.br\/wfe\/blog\/males-da-solidao-aumentam-na-pandemia-do-covid-19\/#breadcrumb\"},\"inLanguage\":\"pt-BR\",\"potentialAction\":[{\"@type\":\"ReadAction\",\"target\":[\"https:\/\/femergs.com.br\/wfe\/blog\/males-da-solidao-aumentam-na-pandemia-do-covid-19\/\"]}]},{\"@type\":\"BreadcrumbList\",\"@id\":\"https:\/\/femergs.com.br\/wfe\/blog\/males-da-solidao-aumentam-na-pandemia-do-covid-19\/#breadcrumb\",\"itemListElement\":[{\"@type\":\"ListItem\",\"position\":1,\"name\":\"In\u00edcio\",\"item\":\"https:\/\/femergs.com.br\/wfe\/\"},{\"@type\":\"ListItem\",\"position\":2,\"name\":\"Males da solid\u00e3o aumentam na Pandemia do COVID-19\"}]},{\"@type\":\"WebSite\",\"@id\":\"https:\/\/femergs.com.br\/wfe\/#website\",\"url\":\"https:\/\/femergs.com.br\/wfe\/\",\"name\":\"FEMERGS\",\"description\":\"FEDERA\u00c7\u00c3O DOS MUNICIP\u00c1RIOS DO ESTADO DO RIO GRANDE DO SUL\",\"publisher\":{\"@id\":\"https:\/\/femergs.com.br\/wfe\/#organization\"},\"potentialAction\":[{\"@type\":\"SearchAction\",\"target\":{\"@type\":\"EntryPoint\",\"urlTemplate\":\"https:\/\/femergs.com.br\/wfe\/?s={search_term_string}\"},\"query-input\":{\"@type\":\"PropertyValueSpecification\",\"valueRequired\":true,\"valueName\":\"search_term_string\"}}],\"inLanguage\":\"pt-BR\"},{\"@type\":\"Organization\",\"@id\":\"https:\/\/femergs.com.br\/wfe\/#organization\",\"name\":\"FEMERGS\",\"url\":\"https:\/\/femergs.com.br\/wfe\/\",\"logo\":{\"@type\":\"ImageObject\",\"inLanguage\":\"pt-BR\",\"@id\":\"https:\/\/femergs.com.br\/wfe\/#\/schema\/logo\/image\/\",\"url\":\"https:\/\/femergs.com.br\/wfe\/wp-content\/uploads\/2025\/06\/logotipo.png\",\"contentUrl\":\"https:\/\/femergs.com.br\/wfe\/wp-content\/uploads\/2025\/06\/logotipo.png\",\"width\":500,\"height\":500,\"caption\":\"FEMERGS\"},\"image\":{\"@id\":\"https:\/\/femergs.com.br\/wfe\/#\/schema\/logo\/image\/\"},\"sameAs\":[\"https:\/\/www.facebook.com\/profile.php?id=100057151733001\",\"https:\/\/www.instagram.com\/femergs_rs\/\"]},{\"@type\":\"Person\",\"@id\":\"https:\/\/femergs.com.br\/wfe\/#\/schema\/person\/f5558e6b5ffc044ee085016237dedb7f\",\"name\":\"adminfemergs\",\"image\":{\"@type\":\"ImageObject\",\"inLanguage\":\"pt-BR\",\"@id\":\"https:\/\/femergs.com.br\/wfe\/#\/schema\/person\/image\/\",\"url\":\"https:\/\/secure.gravatar.com\/avatar\/398642fa557cdd524617ad9b31c938845f071aeb3448b9c0aeb29aefc495337b?s=96&d=mm&r=g\",\"contentUrl\":\"https:\/\/secure.gravatar.com\/avatar\/398642fa557cdd524617ad9b31c938845f071aeb3448b9c0aeb29aefc495337b?s=96&d=mm&r=g\",\"caption\":\"adminfemergs\"},\"sameAs\":[\"https:\/\/femergs.com.br\/wfe\"],\"url\":\"https:\/\/femergs.com.br\/wfe\/blog\/author\/adminfemergs\/\"}]}<\/script>\n<!-- \/ Yoast SEO plugin. -->","yoast_head_json":{"title":"Males da solid\u00e3o aumentam na Pandemia do COVID-19 - Federa\u00e7\u00e3o dos Municip\u00e1rios do Estado do Rio Grande do Sul","robots":{"index":"index","follow":"follow","max-snippet":"max-snippet:-1","max-image-preview":"max-image-preview:large","max-video-preview":"max-video-preview:-1"},"canonical":"https:\/\/femergs.com.br\/wfe\/blog\/males-da-solidao-aumentam-na-pandemia-do-covid-19\/","og_locale":"pt_BR","og_type":"article","og_title":"Males da solid\u00e3o aumentam na Pandemia do COVID-19 - Federa\u00e7\u00e3o dos Municip\u00e1rios do Estado do Rio Grande do Sul","og_description":"Ol\u00e1 a todos os sindicatos filiados a FEMERGS e demais pessoas que acessam esta p\u00e1gina em busca de informa\u00e7\u00f5es. Espero que todos estejam bem na medida do poss\u00edvel frente a esta triste realidade no mundo todo, e n\u00f3s no Brasil, ainda precisando enfrentar o avan\u00e7o do desmonte Estatal, que no mundo inteiro tem servido de [&hellip;]","og_url":"https:\/\/femergs.com.br\/wfe\/blog\/males-da-solidao-aumentam-na-pandemia-do-covid-19\/","og_site_name":"Federa\u00e7\u00e3o dos Municip\u00e1rios do Estado do Rio Grande do Sul","article_publisher":"https:\/\/www.facebook.com\/profile.php?id=100057151733001","article_published_time":"2020-04-28T19:22:46+00:00","author":"adminfemergs","twitter_card":"summary_large_image","twitter_misc":{"Escrito por":"adminfemergs","Est. tempo de leitura":"6 minutos"},"schema":{"@context":"https:\/\/schema.org","@graph":[{"@type":"Article","@id":"https:\/\/femergs.com.br\/wfe\/blog\/males-da-solidao-aumentam-na-pandemia-do-covid-19\/#article","isPartOf":{"@id":"https:\/\/femergs.com.br\/wfe\/blog\/males-da-solidao-aumentam-na-pandemia-do-covid-19\/"},"author":{"name":"adminfemergs","@id":"https:\/\/femergs.com.br\/wfe\/#\/schema\/person\/f5558e6b5ffc044ee085016237dedb7f"},"headline":"Males da solid\u00e3o aumentam na Pandemia do COVID-19","datePublished":"2020-04-28T19:22:46+00:00","mainEntityOfPage":{"@id":"https:\/\/femergs.com.br\/wfe\/blog\/males-da-solidao-aumentam-na-pandemia-do-covid-19\/"},"wordCount":1272,"publisher":{"@id":"https:\/\/femergs.com.br\/wfe\/#organization"},"keywords":["NULL"],"articleSection":["ARQUIVADAS"],"inLanguage":"pt-BR"},{"@type":"WebPage","@id":"https:\/\/femergs.com.br\/wfe\/blog\/males-da-solidao-aumentam-na-pandemia-do-covid-19\/","url":"https:\/\/femergs.com.br\/wfe\/blog\/males-da-solidao-aumentam-na-pandemia-do-covid-19\/","name":"Males da solid\u00e3o aumentam na Pandemia do COVID-19 - Federa\u00e7\u00e3o dos Municip\u00e1rios do Estado do Rio Grande do Sul","isPartOf":{"@id":"https:\/\/femergs.com.br\/wfe\/#website"},"datePublished":"2020-04-28T19:22:46+00:00","breadcrumb":{"@id":"https:\/\/femergs.com.br\/wfe\/blog\/males-da-solidao-aumentam-na-pandemia-do-covid-19\/#breadcrumb"},"inLanguage":"pt-BR","potentialAction":[{"@type":"ReadAction","target":["https:\/\/femergs.com.br\/wfe\/blog\/males-da-solidao-aumentam-na-pandemia-do-covid-19\/"]}]},{"@type":"BreadcrumbList","@id":"https:\/\/femergs.com.br\/wfe\/blog\/males-da-solidao-aumentam-na-pandemia-do-covid-19\/#breadcrumb","itemListElement":[{"@type":"ListItem","position":1,"name":"In\u00edcio","item":"https:\/\/femergs.com.br\/wfe\/"},{"@type":"ListItem","position":2,"name":"Males da solid\u00e3o aumentam na Pandemia do COVID-19"}]},{"@type":"WebSite","@id":"https:\/\/femergs.com.br\/wfe\/#website","url":"https:\/\/femergs.com.br\/wfe\/","name":"FEMERGS","description":"FEDERA\u00c7\u00c3O DOS MUNICIP\u00c1RIOS DO ESTADO DO RIO GRANDE DO SUL","publisher":{"@id":"https:\/\/femergs.com.br\/wfe\/#organization"},"potentialAction":[{"@type":"SearchAction","target":{"@type":"EntryPoint","urlTemplate":"https:\/\/femergs.com.br\/wfe\/?s={search_term_string}"},"query-input":{"@type":"PropertyValueSpecification","valueRequired":true,"valueName":"search_term_string"}}],"inLanguage":"pt-BR"},{"@type":"Organization","@id":"https:\/\/femergs.com.br\/wfe\/#organization","name":"FEMERGS","url":"https:\/\/femergs.com.br\/wfe\/","logo":{"@type":"ImageObject","inLanguage":"pt-BR","@id":"https:\/\/femergs.com.br\/wfe\/#\/schema\/logo\/image\/","url":"https:\/\/femergs.com.br\/wfe\/wp-content\/uploads\/2025\/06\/logotipo.png","contentUrl":"https:\/\/femergs.com.br\/wfe\/wp-content\/uploads\/2025\/06\/logotipo.png","width":500,"height":500,"caption":"FEMERGS"},"image":{"@id":"https:\/\/femergs.com.br\/wfe\/#\/schema\/logo\/image\/"},"sameAs":["https:\/\/www.facebook.com\/profile.php?id=100057151733001","https:\/\/www.instagram.com\/femergs_rs\/"]},{"@type":"Person","@id":"https:\/\/femergs.com.br\/wfe\/#\/schema\/person\/f5558e6b5ffc044ee085016237dedb7f","name":"adminfemergs","image":{"@type":"ImageObject","inLanguage":"pt-BR","@id":"https:\/\/femergs.com.br\/wfe\/#\/schema\/person\/image\/","url":"https:\/\/secure.gravatar.com\/avatar\/398642fa557cdd524617ad9b31c938845f071aeb3448b9c0aeb29aefc495337b?s=96&d=mm&r=g","contentUrl":"https:\/\/secure.gravatar.com\/avatar\/398642fa557cdd524617ad9b31c938845f071aeb3448b9c0aeb29aefc495337b?s=96&d=mm&r=g","caption":"adminfemergs"},"sameAs":["https:\/\/femergs.com.br\/wfe"],"url":"https:\/\/femergs.com.br\/wfe\/blog\/author\/adminfemergs\/"}]}},"uagb_featured_image_src":{"full":false,"thumbnail":false,"medium":false,"medium_large":false,"large":false,"1536x1536":false,"2048x2048":false,"ultp_layout_landscape_large":false,"ultp_layout_landscape":false,"ultp_layout_portrait":false,"ultp_layout_square":false},"uagb_author_info":{"display_name":"adminfemergs","author_link":"https:\/\/femergs.com.br\/wfe\/blog\/author\/adminfemergs\/"},"uagb_comment_info":0,"uagb_excerpt":"Ol\u00e1 a todos os sindicatos filiados a FEMERGS e demais pessoas que acessam esta p\u00e1gina em busca de informa\u00e7\u00f5es. Espero que todos estejam bem na medida do poss\u00edvel frente a esta triste realidade no mundo todo, e n\u00f3s no Brasil, ainda precisando enfrentar o avan\u00e7o do desmonte Estatal, que no mundo inteiro tem servido de&hellip;","_links":{"self":[{"href":"https:\/\/femergs.com.br\/wfe\/wp-json\/wp\/v2\/posts\/1240","targetHints":{"allow":["GET"]}}],"collection":[{"href":"https:\/\/femergs.com.br\/wfe\/wp-json\/wp\/v2\/posts"}],"about":[{"href":"https:\/\/femergs.com.br\/wfe\/wp-json\/wp\/v2\/types\/post"}],"author":[{"embeddable":true,"href":"https:\/\/femergs.com.br\/wfe\/wp-json\/wp\/v2\/users\/1"}],"replies":[{"embeddable":true,"href":"https:\/\/femergs.com.br\/wfe\/wp-json\/wp\/v2\/comments?post=1240"}],"version-history":[{"count":0,"href":"https:\/\/femergs.com.br\/wfe\/wp-json\/wp\/v2\/posts\/1240\/revisions"}],"wp:attachment":[{"href":"https:\/\/femergs.com.br\/wfe\/wp-json\/wp\/v2\/media?parent=1240"}],"wp:term":[{"taxonomy":"category","embeddable":true,"href":"https:\/\/femergs.com.br\/wfe\/wp-json\/wp\/v2\/categories?post=1240"},{"taxonomy":"post_tag","embeddable":true,"href":"https:\/\/femergs.com.br\/wfe\/wp-json\/wp\/v2\/tags?post=1240"}],"curies":[{"name":"wp","href":"https:\/\/api.w.org\/{rel}","templated":true}]}}