{"id":1242,"date":"2020-05-02T20:51:54","date_gmt":"2020-05-02T20:51:54","guid":{"rendered":"https:\/\/femergs.com.br\/wfe\/blog\/capitalismo-e-a-covid-19-livro-inedito-reune-27-artigos\/"},"modified":"2020-05-02T20:51:54","modified_gmt":"2020-05-02T20:51:54","slug":"capitalismo-e-a-covid-19-livro-inedito-reune-27-artigos","status":"publish","type":"post","link":"https:\/\/femergs.com.br\/wfe\/blog\/capitalismo-e-a-covid-19-livro-inedito-reune-27-artigos\/","title":{"rendered":"CAPITALISMO E A COVID-19: LIVRO IN\u00c9DITO RE\u00daNE 27 ARTIGOS"},"content":{"rendered":"<p>\nCom acesso gratuito, a publica\u00e7\u00e3o tem lan\u00e7amento online no Dia do Trabalho, com o objetivo de refletir os impactos da crise do sistema Capitalista, em meio \u00e0 Covid-19, obra re\u00fane 37 autores\/autoras de todas as regi\u00f5es do Brasil.<\/p>\n<p>Entre os autores, temos nossa Diretora de Forma\u00e7\u00e3o, Clarice In\u00eas Mainardi, que foi contemplada e convidada a escrever um artigo deste livro, e destaca que &#8220;minha preocupa\u00e7\u00e3o \u00e9 muito grande quanto as informa\u00e7\u00f5es que chegam na ponta e agora o COVID-19 vem s\u00f3 confirmar minha teoria, de que ainda estamos fragilizados em nosso pa\u00eds pela m\u00e1 informa\u00e7\u00e3o, pela falta de inform\u00e7\u00e3o, mais acess\u00edvel para as pessoas mais simples, as pessoas mais dificuldade em entender os intelectuais.&#8221;<\/p>\n<p>Com 27 artigos, o livro Capitalismo e a Covid-19, estima contribuir com o urgente debate ao mostrar que as teses capitalistas, que tinham apoio da maioria da sociedade, n\u00e3o s\u00e3o eficientes. E que o capitalismo tornou-se o epicentro pol\u00edtico e socioecon\u00f4mico da crise aberta pela pandemia do coronav\u00edrus.<\/p>\n<p>O livro encontra-se constitu\u00eddo de tr\u00eas partes, tendo primeiramente o foco nas variadas vis\u00f5es sobre a pandemia. A segunda parte analisa a diversidade de efeitos da Covid-19 sobre a sociedade, a economia e a pol\u00edtica. Por fim, a terceira parte explora as perspectivas poss\u00edveis a partir do mundo p\u00f3s- pandemia.<\/p>\n<p>A colet\u00e2nea, urgente e necess\u00e1ria, rediscuti a soberania de cada pa\u00eds nas escolhas do que \u00e9 melhor para o coletivo dos seus povos. A busca da igualdade poss\u00edvel, sem o financeiro estar acima da vida. Um esfor\u00e7o coletivo e colaborativo, a obra \u00e9 sem fins comerciais.<\/p>\n<p>Dispon\u00edvel das redes sociais criadas para divulga\u00e7\u00e3o.<\/p>\n<p>Acesse o Livro aqui:<br \/>\n<a href=\"https:\/\/1drv.ms\/b\/s!Ajzs5Q1D4UZ8gg6ZOUi-xMiBg1Uj\">https:\/\/1drv.ms\/b\/s!Ajzs5Q1D4UZ8gg6ZOUi-xMiBg1Uj<\/a><\/p>\n<p><\/p>\n","protected":false},"excerpt":{"rendered":"<p>Com acesso gratuito, a publica\u00e7\u00e3o tem lan\u00e7amento online no Dia do Trabalho, com o objetivo de refletir os impactos da crise do sistema Capitalista, em meio \u00e0 Covid-19, obra re\u00fane 37 autores\/autoras de todas as regi\u00f5es do Brasil. Entre os autores, temos nossa Diretora de Forma\u00e7\u00e3o, Clarice In\u00eas Mainardi, que foi contemplada e convidada a [&hellip;]<\/p>\n","protected":false},"author":1,"featured_media":0,"comment_status":"closed","ping_status":"closed","sticky":false,"template":"","format":"standard","meta":{"_eb_attr":"","_uag_custom_page_level_css":"","fifu_image_url":"","fifu_image_alt":"","footnotes":""},"categories":[1],"tags":[32],"class_list":["post-1242","post","type-post","status-publish","format-standard","hentry","category-arquivadas","tag-null"],"yoast_head":"<!-- This site is optimized with the Yoast SEO plugin v27.1.1 - https:\/\/yoast.com\/product\/yoast-seo-wordpress\/ -->\n<title>CAPITALISMO E A COVID-19: LIVRO IN\u00c9DITO RE\u00daNE 27 ARTIGOS - Federa\u00e7\u00e3o dos Municip\u00e1rios do Estado do Rio Grande do Sul<\/title>\n<meta name=\"robots\" content=\"index, follow, max-snippet:-1, max-image-preview:large, max-video-preview:-1\" \/>\n<link rel=\"canonical\" href=\"https:\/\/femergs.com.br\/wfe\/blog\/capitalismo-e-a-covid-19-livro-inedito-reune-27-artigos\/\" \/>\n<meta property=\"og:locale\" content=\"pt_BR\" \/>\n<meta property=\"og:type\" content=\"article\" \/>\n<meta property=\"og:title\" content=\"CAPITALISMO E A COVID-19: LIVRO IN\u00c9DITO RE\u00daNE 27 ARTIGOS - Federa\u00e7\u00e3o dos Municip\u00e1rios do Estado do Rio Grande do Sul\" \/>\n<meta property=\"og:description\" content=\"Com acesso gratuito, a publica\u00e7\u00e3o tem lan\u00e7amento online no Dia do Trabalho, com o objetivo de refletir os impactos da crise do sistema Capitalista, em meio \u00e0 Covid-19, obra re\u00fane 37 autores\/autoras de todas as regi\u00f5es do Brasil. Entre os autores, temos nossa Diretora de Forma\u00e7\u00e3o, Clarice In\u00eas Mainardi, que foi contemplada e convidada a [&hellip;]\" \/>\n<meta property=\"og:url\" content=\"https:\/\/femergs.com.br\/wfe\/blog\/capitalismo-e-a-covid-19-livro-inedito-reune-27-artigos\/\" \/>\n<meta property=\"og:site_name\" content=\"Federa\u00e7\u00e3o dos Municip\u00e1rios do Estado do Rio Grande do Sul\" \/>\n<meta property=\"article:publisher\" content=\"https:\/\/www.facebook.com\/profile.php?id=100057151733001\" \/>\n<meta property=\"article:published_time\" content=\"2020-05-02T20:51:54+00:00\" \/>\n<meta name=\"author\" content=\"adminfemergs\" \/>\n<meta name=\"twitter:card\" content=\"summary_large_image\" \/>\n<meta name=\"twitter:label1\" content=\"Escrito por\" \/>\n\t<meta name=\"twitter:data1\" content=\"adminfemergs\" \/>\n\t<meta name=\"twitter:label2\" content=\"Est. tempo de leitura\" \/>\n\t<meta name=\"twitter:data2\" content=\"2 minutos\" \/>\n<script type=\"application\/ld+json\" class=\"yoast-schema-graph\">{\"@context\":\"https:\/\/schema.org\",\"@graph\":[{\"@type\":\"Article\",\"@id\":\"https:\/\/femergs.com.br\/wfe\/blog\/capitalismo-e-a-covid-19-livro-inedito-reune-27-artigos\/#article\",\"isPartOf\":{\"@id\":\"https:\/\/femergs.com.br\/wfe\/blog\/capitalismo-e-a-covid-19-livro-inedito-reune-27-artigos\/\"},\"author\":{\"name\":\"adminfemergs\",\"@id\":\"https:\/\/femergs.com.br\/wfe\/#\/schema\/person\/f5558e6b5ffc044ee085016237dedb7f\"},\"headline\":\"CAPITALISMO E A COVID-19: LIVRO IN\u00c9DITO RE\u00daNE 27 ARTIGOS\",\"datePublished\":\"2020-05-02T20:51:54+00:00\",\"mainEntityOfPage\":{\"@id\":\"https:\/\/femergs.com.br\/wfe\/blog\/capitalismo-e-a-covid-19-livro-inedito-reune-27-artigos\/\"},\"wordCount\":316,\"publisher\":{\"@id\":\"https:\/\/femergs.com.br\/wfe\/#organization\"},\"keywords\":[\"NULL\"],\"articleSection\":[\"ARQUIVADAS\"],\"inLanguage\":\"pt-BR\"},{\"@type\":\"WebPage\",\"@id\":\"https:\/\/femergs.com.br\/wfe\/blog\/capitalismo-e-a-covid-19-livro-inedito-reune-27-artigos\/\",\"url\":\"https:\/\/femergs.com.br\/wfe\/blog\/capitalismo-e-a-covid-19-livro-inedito-reune-27-artigos\/\",\"name\":\"CAPITALISMO E A COVID-19: LIVRO IN\u00c9DITO RE\u00daNE 27 ARTIGOS - Federa\u00e7\u00e3o dos Municip\u00e1rios do Estado do Rio Grande do Sul\",\"isPartOf\":{\"@id\":\"https:\/\/femergs.com.br\/wfe\/#website\"},\"datePublished\":\"2020-05-02T20:51:54+00:00\",\"breadcrumb\":{\"@id\":\"https:\/\/femergs.com.br\/wfe\/blog\/capitalismo-e-a-covid-19-livro-inedito-reune-27-artigos\/#breadcrumb\"},\"inLanguage\":\"pt-BR\",\"potentialAction\":[{\"@type\":\"ReadAction\",\"target\":[\"https:\/\/femergs.com.br\/wfe\/blog\/capitalismo-e-a-covid-19-livro-inedito-reune-27-artigos\/\"]}]},{\"@type\":\"BreadcrumbList\",\"@id\":\"https:\/\/femergs.com.br\/wfe\/blog\/capitalismo-e-a-covid-19-livro-inedito-reune-27-artigos\/#breadcrumb\",\"itemListElement\":[{\"@type\":\"ListItem\",\"position\":1,\"name\":\"In\u00edcio\",\"item\":\"https:\/\/femergs.com.br\/wfe\/\"},{\"@type\":\"ListItem\",\"position\":2,\"name\":\"CAPITALISMO E A COVID-19: LIVRO IN\u00c9DITO RE\u00daNE 27 ARTIGOS\"}]},{\"@type\":\"WebSite\",\"@id\":\"https:\/\/femergs.com.br\/wfe\/#website\",\"url\":\"https:\/\/femergs.com.br\/wfe\/\",\"name\":\"FEMERGS\",\"description\":\"FEDERA\u00c7\u00c3O DOS MUNICIP\u00c1RIOS DO ESTADO DO RIO GRANDE DO SUL\",\"publisher\":{\"@id\":\"https:\/\/femergs.com.br\/wfe\/#organization\"},\"potentialAction\":[{\"@type\":\"SearchAction\",\"target\":{\"@type\":\"EntryPoint\",\"urlTemplate\":\"https:\/\/femergs.com.br\/wfe\/?s={search_term_string}\"},\"query-input\":{\"@type\":\"PropertyValueSpecification\",\"valueRequired\":true,\"valueName\":\"search_term_string\"}}],\"inLanguage\":\"pt-BR\"},{\"@type\":\"Organization\",\"@id\":\"https:\/\/femergs.com.br\/wfe\/#organization\",\"name\":\"FEMERGS\",\"url\":\"https:\/\/femergs.com.br\/wfe\/\",\"logo\":{\"@type\":\"ImageObject\",\"inLanguage\":\"pt-BR\",\"@id\":\"https:\/\/femergs.com.br\/wfe\/#\/schema\/logo\/image\/\",\"url\":\"https:\/\/femergs.com.br\/wfe\/wp-content\/uploads\/2025\/06\/logotipo.png\",\"contentUrl\":\"https:\/\/femergs.com.br\/wfe\/wp-content\/uploads\/2025\/06\/logotipo.png\",\"width\":500,\"height\":500,\"caption\":\"FEMERGS\"},\"image\":{\"@id\":\"https:\/\/femergs.com.br\/wfe\/#\/schema\/logo\/image\/\"},\"sameAs\":[\"https:\/\/www.facebook.com\/profile.php?id=100057151733001\",\"https:\/\/www.instagram.com\/femergs_rs\/\"]},{\"@type\":\"Person\",\"@id\":\"https:\/\/femergs.com.br\/wfe\/#\/schema\/person\/f5558e6b5ffc044ee085016237dedb7f\",\"name\":\"adminfemergs\",\"image\":{\"@type\":\"ImageObject\",\"inLanguage\":\"pt-BR\",\"@id\":\"https:\/\/femergs.com.br\/wfe\/#\/schema\/person\/image\/\",\"url\":\"https:\/\/secure.gravatar.com\/avatar\/398642fa557cdd524617ad9b31c938845f071aeb3448b9c0aeb29aefc495337b?s=96&d=mm&r=g\",\"contentUrl\":\"https:\/\/secure.gravatar.com\/avatar\/398642fa557cdd524617ad9b31c938845f071aeb3448b9c0aeb29aefc495337b?s=96&d=mm&r=g\",\"caption\":\"adminfemergs\"},\"sameAs\":[\"https:\/\/femergs.com.br\/wfe\"],\"url\":\"https:\/\/femergs.com.br\/wfe\/blog\/author\/adminfemergs\/\"}]}<\/script>\n<!-- \/ Yoast SEO plugin. -->","yoast_head_json":{"title":"CAPITALISMO E A COVID-19: LIVRO IN\u00c9DITO RE\u00daNE 27 ARTIGOS - Federa\u00e7\u00e3o dos Municip\u00e1rios do Estado do Rio Grande do Sul","robots":{"index":"index","follow":"follow","max-snippet":"max-snippet:-1","max-image-preview":"max-image-preview:large","max-video-preview":"max-video-preview:-1"},"canonical":"https:\/\/femergs.com.br\/wfe\/blog\/capitalismo-e-a-covid-19-livro-inedito-reune-27-artigos\/","og_locale":"pt_BR","og_type":"article","og_title":"CAPITALISMO E A COVID-19: LIVRO IN\u00c9DITO RE\u00daNE 27 ARTIGOS - Federa\u00e7\u00e3o dos Municip\u00e1rios do Estado do Rio Grande do Sul","og_description":"Com acesso gratuito, a publica\u00e7\u00e3o tem lan\u00e7amento online no Dia do Trabalho, com o objetivo de refletir os impactos da crise do sistema Capitalista, em meio \u00e0 Covid-19, obra re\u00fane 37 autores\/autoras de todas as regi\u00f5es do Brasil. Entre os autores, temos nossa Diretora de Forma\u00e7\u00e3o, Clarice In\u00eas Mainardi, que foi contemplada e convidada a [&hellip;]","og_url":"https:\/\/femergs.com.br\/wfe\/blog\/capitalismo-e-a-covid-19-livro-inedito-reune-27-artigos\/","og_site_name":"Federa\u00e7\u00e3o dos Municip\u00e1rios do Estado do Rio Grande do Sul","article_publisher":"https:\/\/www.facebook.com\/profile.php?id=100057151733001","article_published_time":"2020-05-02T20:51:54+00:00","author":"adminfemergs","twitter_card":"summary_large_image","twitter_misc":{"Escrito por":"adminfemergs","Est. tempo de leitura":"2 minutos"},"schema":{"@context":"https:\/\/schema.org","@graph":[{"@type":"Article","@id":"https:\/\/femergs.com.br\/wfe\/blog\/capitalismo-e-a-covid-19-livro-inedito-reune-27-artigos\/#article","isPartOf":{"@id":"https:\/\/femergs.com.br\/wfe\/blog\/capitalismo-e-a-covid-19-livro-inedito-reune-27-artigos\/"},"author":{"name":"adminfemergs","@id":"https:\/\/femergs.com.br\/wfe\/#\/schema\/person\/f5558e6b5ffc044ee085016237dedb7f"},"headline":"CAPITALISMO E A COVID-19: LIVRO IN\u00c9DITO RE\u00daNE 27 ARTIGOS","datePublished":"2020-05-02T20:51:54+00:00","mainEntityOfPage":{"@id":"https:\/\/femergs.com.br\/wfe\/blog\/capitalismo-e-a-covid-19-livro-inedito-reune-27-artigos\/"},"wordCount":316,"publisher":{"@id":"https:\/\/femergs.com.br\/wfe\/#organization"},"keywords":["NULL"],"articleSection":["ARQUIVADAS"],"inLanguage":"pt-BR"},{"@type":"WebPage","@id":"https:\/\/femergs.com.br\/wfe\/blog\/capitalismo-e-a-covid-19-livro-inedito-reune-27-artigos\/","url":"https:\/\/femergs.com.br\/wfe\/blog\/capitalismo-e-a-covid-19-livro-inedito-reune-27-artigos\/","name":"CAPITALISMO E A COVID-19: LIVRO IN\u00c9DITO RE\u00daNE 27 ARTIGOS - Federa\u00e7\u00e3o dos Municip\u00e1rios do Estado do Rio Grande do Sul","isPartOf":{"@id":"https:\/\/femergs.com.br\/wfe\/#website"},"datePublished":"2020-05-02T20:51:54+00:00","breadcrumb":{"@id":"https:\/\/femergs.com.br\/wfe\/blog\/capitalismo-e-a-covid-19-livro-inedito-reune-27-artigos\/#breadcrumb"},"inLanguage":"pt-BR","potentialAction":[{"@type":"ReadAction","target":["https:\/\/femergs.com.br\/wfe\/blog\/capitalismo-e-a-covid-19-livro-inedito-reune-27-artigos\/"]}]},{"@type":"BreadcrumbList","@id":"https:\/\/femergs.com.br\/wfe\/blog\/capitalismo-e-a-covid-19-livro-inedito-reune-27-artigos\/#breadcrumb","itemListElement":[{"@type":"ListItem","position":1,"name":"In\u00edcio","item":"https:\/\/femergs.com.br\/wfe\/"},{"@type":"ListItem","position":2,"name":"CAPITALISMO E A COVID-19: LIVRO IN\u00c9DITO RE\u00daNE 27 ARTIGOS"}]},{"@type":"WebSite","@id":"https:\/\/femergs.com.br\/wfe\/#website","url":"https:\/\/femergs.com.br\/wfe\/","name":"FEMERGS","description":"FEDERA\u00c7\u00c3O DOS MUNICIP\u00c1RIOS DO ESTADO DO RIO GRANDE DO SUL","publisher":{"@id":"https:\/\/femergs.com.br\/wfe\/#organization"},"potentialAction":[{"@type":"SearchAction","target":{"@type":"EntryPoint","urlTemplate":"https:\/\/femergs.com.br\/wfe\/?s={search_term_string}"},"query-input":{"@type":"PropertyValueSpecification","valueRequired":true,"valueName":"search_term_string"}}],"inLanguage":"pt-BR"},{"@type":"Organization","@id":"https:\/\/femergs.com.br\/wfe\/#organization","name":"FEMERGS","url":"https:\/\/femergs.com.br\/wfe\/","logo":{"@type":"ImageObject","inLanguage":"pt-BR","@id":"https:\/\/femergs.com.br\/wfe\/#\/schema\/logo\/image\/","url":"https:\/\/femergs.com.br\/wfe\/wp-content\/uploads\/2025\/06\/logotipo.png","contentUrl":"https:\/\/femergs.com.br\/wfe\/wp-content\/uploads\/2025\/06\/logotipo.png","width":500,"height":500,"caption":"FEMERGS"},"image":{"@id":"https:\/\/femergs.com.br\/wfe\/#\/schema\/logo\/image\/"},"sameAs":["https:\/\/www.facebook.com\/profile.php?id=100057151733001","https:\/\/www.instagram.com\/femergs_rs\/"]},{"@type":"Person","@id":"https:\/\/femergs.com.br\/wfe\/#\/schema\/person\/f5558e6b5ffc044ee085016237dedb7f","name":"adminfemergs","image":{"@type":"ImageObject","inLanguage":"pt-BR","@id":"https:\/\/femergs.com.br\/wfe\/#\/schema\/person\/image\/","url":"https:\/\/secure.gravatar.com\/avatar\/398642fa557cdd524617ad9b31c938845f071aeb3448b9c0aeb29aefc495337b?s=96&d=mm&r=g","contentUrl":"https:\/\/secure.gravatar.com\/avatar\/398642fa557cdd524617ad9b31c938845f071aeb3448b9c0aeb29aefc495337b?s=96&d=mm&r=g","caption":"adminfemergs"},"sameAs":["https:\/\/femergs.com.br\/wfe"],"url":"https:\/\/femergs.com.br\/wfe\/blog\/author\/adminfemergs\/"}]}},"uagb_featured_image_src":{"full":false,"thumbnail":false,"medium":false,"medium_large":false,"large":false,"1536x1536":false,"2048x2048":false,"ultp_layout_landscape_large":false,"ultp_layout_landscape":false,"ultp_layout_portrait":false,"ultp_layout_square":false},"uagb_author_info":{"display_name":"adminfemergs","author_link":"https:\/\/femergs.com.br\/wfe\/blog\/author\/adminfemergs\/"},"uagb_comment_info":0,"uagb_excerpt":"Com acesso gratuito, a publica\u00e7\u00e3o tem lan\u00e7amento online no Dia do Trabalho, com o objetivo de refletir os impactos da crise do sistema Capitalista, em meio \u00e0 Covid-19, obra re\u00fane 37 autores\/autoras de todas as regi\u00f5es do Brasil. Entre os autores, temos nossa Diretora de Forma\u00e7\u00e3o, Clarice In\u00eas Mainardi, que foi contemplada e convidada a&hellip;","_links":{"self":[{"href":"https:\/\/femergs.com.br\/wfe\/wp-json\/wp\/v2\/posts\/1242","targetHints":{"allow":["GET"]}}],"collection":[{"href":"https:\/\/femergs.com.br\/wfe\/wp-json\/wp\/v2\/posts"}],"about":[{"href":"https:\/\/femergs.com.br\/wfe\/wp-json\/wp\/v2\/types\/post"}],"author":[{"embeddable":true,"href":"https:\/\/femergs.com.br\/wfe\/wp-json\/wp\/v2\/users\/1"}],"replies":[{"embeddable":true,"href":"https:\/\/femergs.com.br\/wfe\/wp-json\/wp\/v2\/comments?post=1242"}],"version-history":[{"count":0,"href":"https:\/\/femergs.com.br\/wfe\/wp-json\/wp\/v2\/posts\/1242\/revisions"}],"wp:attachment":[{"href":"https:\/\/femergs.com.br\/wfe\/wp-json\/wp\/v2\/media?parent=1242"}],"wp:term":[{"taxonomy":"category","embeddable":true,"href":"https:\/\/femergs.com.br\/wfe\/wp-json\/wp\/v2\/categories?post=1242"},{"taxonomy":"post_tag","embeddable":true,"href":"https:\/\/femergs.com.br\/wfe\/wp-json\/wp\/v2\/tags?post=1242"}],"curies":[{"name":"wp","href":"https:\/\/api.w.org\/{rel}","templated":true}]}}