{"id":1246,"date":"2020-05-29T13:22:41","date_gmt":"2020-05-29T13:22:41","guid":{"rendered":"https:\/\/femergs.com.br\/wfe\/blog\/femergs-com-live-do-juridico\/"},"modified":"2020-05-29T13:22:41","modified_gmt":"2020-05-29T13:22:41","slug":"femergs-com-live-do-juridico","status":"publish","type":"post","link":"https:\/\/femergs.com.br\/wfe\/blog\/femergs-com-live-do-juridico\/","title":{"rendered":"FEMERGS COM LIVE DO JUR\u00cdDICO"},"content":{"rendered":"<p><strong>PARA O PRESIDENTE:<\/strong><\/p>\n<p>Na realidade da PANDEMIA, todos vamos aprendendo. Reuni\u00f5es, lives, shows de forma virtual. A Federa\u00e7\u00e3o dos Municip\u00e1rios do Estado do Rio Grande do Sul, interagindo, tamb\u00e9m est\u00e1 inovando e tocando os trabalhos de forma virtual, no que \u00e9 poss\u00edvel.<\/p>\n<p>Ap\u00f3s ter realizado reuni\u00f5es, procuramos o Dr. Eduardo Bechorner, Jur\u00eddico da FEMERGS, para propiciarmos uma LIVE com o Jur\u00eddico visando sanar d\u00favidas, especialmente frente a Reforma da Previd\u00eancia, que embora n\u00e3o incluindo servidores ligados aos Regimes Pr\u00f3prios de Previd\u00eancia quanto as regras de forma autom\u00e1tica, eleva as al\u00edquotas para 14% que atingem os mesmos, pois os Regimes Pr\u00f3prios de Previd\u00eancia na sua grande maioria, possuem passivos atuariais, ou seja, s\u00e3o deficit\u00e1rios e necessitam cobertura com pagamentos de al\u00edquotas suplementares em forma para compensar o passivo, gerado ao longo da hist\u00f3ria de cada RPPS. Por ocasi\u00e3o do X Semin\u00e1rio de Forma\u00e7\u00e3o, realizado pela FEMERGS no Dante Barone em Porto Alegre no ano de 2018, tivemos o relato de T\u00e9cnicos do Tribunal de Contas do Estado do RS, que somente 6% dos 325 RPPS do RS eram superavit\u00e1rios, ou seja, todos os demais s\u00e3o atingidos pela Reforma com aumento das al\u00edquotas.<\/p>\n<p>Queremos parabenizar o Dr. Eduardo Bechorner, e equipe, em especial Dra. Neuza e Dra. Ariane que tamb\u00e9m participaram da LIVE, neste dia 28 de maio de 2020, pela forma simples e aberta que socializaram os conhecimentos sobre a Emenda Constitucional 103, que foi a Reforma da Previd\u00eancia, em vigor desde 13 de novembro de 2019.<\/p>\n<p>Aproveitamos, para parabenizar a todos os diretores(as) da FEMERGS, coordenadores(as) que ajudaram na divulga\u00e7\u00e3o, o que contribuiu para que obtiv\u00e9ssemos o \u00eaxito na LIVE. Igualmente a todos(as) que participaram.<\/p>\n<p>Desde j\u00e1, solicitamos o empenho para a LIVE novamente com a Equipe do Dr. Eduardo far\u00e1, na Quinta Feira, dia 4 de junho de 2020, 8:30 as 10:30 horas, novamente para uma LIVE sobre a EC 103, pois s\u00e3o muitas informa\u00e7\u00f5es e detalhes, al\u00e9m de v\u00e1rios colegas, que n\u00e3o conseguiram acessar.<\/p>\n<p>FEMERGS DE BASE E DE LUTAS.<\/p>\n<p>ABRA\u00c7O<br \/>\nVilson Jo\u00e3o Weber<\/p>\n<p><strong>PARA A DIRETORA DE FORMA\u00c7\u00c3O:<\/strong><\/p>\n<p>No dia 28 de maio de 2020, a FEMERGS atrav\u00e9s do seu presidente Vilson Weber e do assessor jur\u00eddico da entidade, Dr. Eduardo Berchorner organizaram uma live sobre REFORMA DE PREVID\u00caNCIA PARA O SERVI\u00c7O PUBLICO. Tema que seria Pauta no Semin\u00e1rio de Forma\u00e7\u00e3o que seria realizado em Porto Alegre no dia 27 de mar\u00e7o e que por for\u00e7a da Pandemia do COVID19 foi adiado. Para n\u00e3o deixar os sindicatos s\u00f3cios da Federa\u00e7\u00e3o dos Municiparios do Rio Grande do Sul com d\u00favidas em rela\u00e7\u00e3o ao assunto, e sabedores de que at\u00e9 o dia 31 de julho de 2020 os munic\u00edpios ter\u00e3o que adequar a Lei que rege a previd\u00eancia a dos servidores municipais.<\/p>\n<p>O Dr. Eduardo trouxe para a live, as valiosas contribui\u00e7\u00f5es da Dra. Neuza Berchorner e da Dra. Ariane Audrin Martinez da Veiga que fazem parte da equipe de advogados do escrit\u00f3rio BMR Advogados Associados, todos com vasta experiencia na \u00e1rea do direito p\u00fablico. Dr. Eduardo fez abertura da live salientando que procurariam falar de forma clara e de f\u00e1cil entendimento de todos as lideran\u00e7as sindicais bem como dos servidores presentes, j\u00e1 que este assunto vai de alguma maneira afetar todos os servidores p\u00fablicos municipais em atividade hoje. Ap\u00f3s a fala dos tr\u00eas palestrantes de forma geral sobre as mudan\u00e7as dever\u00e3o ocorrer na nova legisla\u00e7\u00e3o municipal foi aberto aos sindicatos presentes espa\u00e7o para que fossem feitos questionamentos das d\u00favidas que ficaram sobre o assunto.<\/p>\n<p>Como na divulga\u00e7\u00e3o da live foi orientado aos sindicatos que j\u00e1 enviassem d\u00favidas, e as pessoas respons\u00e1veis pelo recebimento das perguntas via e-mail recebem um grande n\u00famero de questionamento por parte dos sindicatos, e hoje muitos tiveram por motivos alheios a nossa vontade dificuldades de acessar a live, o Assessor Jur\u00eddico da FEMERGS Dr. Eduardo Berchorner gentilmente se ofereceu para repetir o evento na pr\u00f3xima quinta-feira. Onde mais sindicatos ter\u00e3o oportunidade de participar, e as perguntas que n\u00e3o puderam ser esclarecidas no dia de hoje pelo tempo do evento, poder\u00e3o ser respondidas na pr\u00f3xima quinta-feira.<\/p>\n<p>Como FEMERGS, s\u00f3 temos a agradecer a demonstra\u00e7\u00e3o de interesse das lideran\u00e7as sindicais, que certamente sa\u00edram capacitadas para elucidar duvidas em seus sindicatos de base. E se por ventura algum dirigente sindical n\u00e3o pode participar hoje aproveite a oportunidade de se qualificar na pr\u00f3xima quinta-feira. A FEMERGS sempre primou pela qualifica\u00e7\u00e3o dos dirigentes sindicais, nosso compromisso \u00e9 de manter a luta atrav\u00e9s de conhecimento e argumentos para enfrentamento nas tentativas de retirada de nossos direitos. Julho j\u00e1 est\u00e1 quase a\u00ed, se informe, procure a diretoria do sindicato, os coordenadores de sua regional, os diretores para que juntos possamos impedir que mais direitos nos sejam tomados nos munic\u00edpios no momento de adequa\u00e7\u00e3o da Lei municipal<\/p>\n<p>JUNTOS SOMOS INFINITAMENTE MAIS FORTES.<br \/>\nClarice In\u00eas Mainardi<\/p>\n","protected":false},"excerpt":{"rendered":"<p>PARA O PRESIDENTE: Na realidade da PANDEMIA, todos vamos aprendendo. Reuni\u00f5es, lives, shows de forma virtual. A Federa\u00e7\u00e3o dos Municip\u00e1rios do Estado do Rio Grande do Sul, interagindo, tamb\u00e9m est\u00e1 inovando e tocando os trabalhos de forma virtual, no que \u00e9 poss\u00edvel. Ap\u00f3s ter realizado reuni\u00f5es, procuramos o Dr. Eduardo Bechorner, Jur\u00eddico da FEMERGS, para [&hellip;]<\/p>\n","protected":false},"author":1,"featured_media":0,"comment_status":"closed","ping_status":"closed","sticky":false,"template":"","format":"standard","meta":{"_eb_attr":"","_uag_custom_page_level_css":"","fifu_image_url":"","fifu_image_alt":"","footnotes":""},"categories":[1],"tags":[32],"class_list":["post-1246","post","type-post","status-publish","format-standard","hentry","category-arquivadas","tag-null"],"yoast_head":"<!-- This site is optimized with the Yoast SEO plugin v27.1.1 - https:\/\/yoast.com\/product\/yoast-seo-wordpress\/ -->\n<title>FEMERGS COM LIVE DO JUR\u00cdDICO - Federa\u00e7\u00e3o dos Municip\u00e1rios do Estado do Rio Grande do Sul<\/title>\n<meta name=\"robots\" content=\"index, follow, max-snippet:-1, max-image-preview:large, max-video-preview:-1\" \/>\n<link rel=\"canonical\" href=\"https:\/\/femergs.com.br\/wfe\/blog\/femergs-com-live-do-juridico\/\" \/>\n<meta property=\"og:locale\" content=\"pt_BR\" \/>\n<meta property=\"og:type\" content=\"article\" \/>\n<meta property=\"og:title\" content=\"FEMERGS COM LIVE DO JUR\u00cdDICO - Federa\u00e7\u00e3o dos Municip\u00e1rios do Estado do Rio Grande do Sul\" \/>\n<meta property=\"og:description\" content=\"PARA O PRESIDENTE: Na realidade da PANDEMIA, todos vamos aprendendo. Reuni\u00f5es, lives, shows de forma virtual. A Federa\u00e7\u00e3o dos Municip\u00e1rios do Estado do Rio Grande do Sul, interagindo, tamb\u00e9m est\u00e1 inovando e tocando os trabalhos de forma virtual, no que \u00e9 poss\u00edvel. Ap\u00f3s ter realizado reuni\u00f5es, procuramos o Dr. Eduardo Bechorner, Jur\u00eddico da FEMERGS, para [&hellip;]\" \/>\n<meta property=\"og:url\" content=\"https:\/\/femergs.com.br\/wfe\/blog\/femergs-com-live-do-juridico\/\" \/>\n<meta property=\"og:site_name\" content=\"Federa\u00e7\u00e3o dos Municip\u00e1rios do Estado do Rio Grande do Sul\" \/>\n<meta property=\"article:publisher\" content=\"https:\/\/www.facebook.com\/profile.php?id=100057151733001\" \/>\n<meta property=\"article:published_time\" content=\"2020-05-29T13:22:41+00:00\" \/>\n<meta name=\"author\" content=\"adminfemergs\" \/>\n<meta name=\"twitter:card\" content=\"summary_large_image\" \/>\n<meta name=\"twitter:label1\" content=\"Escrito por\" \/>\n\t<meta name=\"twitter:data1\" content=\"adminfemergs\" \/>\n\t<meta name=\"twitter:label2\" content=\"Est. tempo de leitura\" \/>\n\t<meta name=\"twitter:data2\" content=\"4 minutos\" \/>\n<script type=\"application\/ld+json\" class=\"yoast-schema-graph\">{\"@context\":\"https:\/\/schema.org\",\"@graph\":[{\"@type\":\"Article\",\"@id\":\"https:\/\/femergs.com.br\/wfe\/blog\/femergs-com-live-do-juridico\/#article\",\"isPartOf\":{\"@id\":\"https:\/\/femergs.com.br\/wfe\/blog\/femergs-com-live-do-juridico\/\"},\"author\":{\"name\":\"adminfemergs\",\"@id\":\"https:\/\/femergs.com.br\/wfe\/#\/schema\/person\/f5558e6b5ffc044ee085016237dedb7f\"},\"headline\":\"FEMERGS COM LIVE DO JUR\u00cdDICO\",\"datePublished\":\"2020-05-29T13:22:41+00:00\",\"mainEntityOfPage\":{\"@id\":\"https:\/\/femergs.com.br\/wfe\/blog\/femergs-com-live-do-juridico\/\"},\"wordCount\":871,\"publisher\":{\"@id\":\"https:\/\/femergs.com.br\/wfe\/#organization\"},\"keywords\":[\"NULL\"],\"articleSection\":[\"ARQUIVADAS\"],\"inLanguage\":\"pt-BR\"},{\"@type\":\"WebPage\",\"@id\":\"https:\/\/femergs.com.br\/wfe\/blog\/femergs-com-live-do-juridico\/\",\"url\":\"https:\/\/femergs.com.br\/wfe\/blog\/femergs-com-live-do-juridico\/\",\"name\":\"FEMERGS COM LIVE DO JUR\u00cdDICO - Federa\u00e7\u00e3o dos Municip\u00e1rios do Estado do Rio Grande do Sul\",\"isPartOf\":{\"@id\":\"https:\/\/femergs.com.br\/wfe\/#website\"},\"datePublished\":\"2020-05-29T13:22:41+00:00\",\"breadcrumb\":{\"@id\":\"https:\/\/femergs.com.br\/wfe\/blog\/femergs-com-live-do-juridico\/#breadcrumb\"},\"inLanguage\":\"pt-BR\",\"potentialAction\":[{\"@type\":\"ReadAction\",\"target\":[\"https:\/\/femergs.com.br\/wfe\/blog\/femergs-com-live-do-juridico\/\"]}]},{\"@type\":\"BreadcrumbList\",\"@id\":\"https:\/\/femergs.com.br\/wfe\/blog\/femergs-com-live-do-juridico\/#breadcrumb\",\"itemListElement\":[{\"@type\":\"ListItem\",\"position\":1,\"name\":\"In\u00edcio\",\"item\":\"https:\/\/femergs.com.br\/wfe\/\"},{\"@type\":\"ListItem\",\"position\":2,\"name\":\"FEMERGS COM LIVE DO JUR\u00cdDICO\"}]},{\"@type\":\"WebSite\",\"@id\":\"https:\/\/femergs.com.br\/wfe\/#website\",\"url\":\"https:\/\/femergs.com.br\/wfe\/\",\"name\":\"FEMERGS\",\"description\":\"FEDERA\u00c7\u00c3O DOS MUNICIP\u00c1RIOS DO ESTADO DO RIO GRANDE DO SUL\",\"publisher\":{\"@id\":\"https:\/\/femergs.com.br\/wfe\/#organization\"},\"potentialAction\":[{\"@type\":\"SearchAction\",\"target\":{\"@type\":\"EntryPoint\",\"urlTemplate\":\"https:\/\/femergs.com.br\/wfe\/?s={search_term_string}\"},\"query-input\":{\"@type\":\"PropertyValueSpecification\",\"valueRequired\":true,\"valueName\":\"search_term_string\"}}],\"inLanguage\":\"pt-BR\"},{\"@type\":\"Organization\",\"@id\":\"https:\/\/femergs.com.br\/wfe\/#organization\",\"name\":\"FEMERGS\",\"url\":\"https:\/\/femergs.com.br\/wfe\/\",\"logo\":{\"@type\":\"ImageObject\",\"inLanguage\":\"pt-BR\",\"@id\":\"https:\/\/femergs.com.br\/wfe\/#\/schema\/logo\/image\/\",\"url\":\"https:\/\/femergs.com.br\/wfe\/wp-content\/uploads\/2025\/06\/logotipo.png\",\"contentUrl\":\"https:\/\/femergs.com.br\/wfe\/wp-content\/uploads\/2025\/06\/logotipo.png\",\"width\":500,\"height\":500,\"caption\":\"FEMERGS\"},\"image\":{\"@id\":\"https:\/\/femergs.com.br\/wfe\/#\/schema\/logo\/image\/\"},\"sameAs\":[\"https:\/\/www.facebook.com\/profile.php?id=100057151733001\",\"https:\/\/www.instagram.com\/femergs_rs\/\"]},{\"@type\":\"Person\",\"@id\":\"https:\/\/femergs.com.br\/wfe\/#\/schema\/person\/f5558e6b5ffc044ee085016237dedb7f\",\"name\":\"adminfemergs\",\"image\":{\"@type\":\"ImageObject\",\"inLanguage\":\"pt-BR\",\"@id\":\"https:\/\/femergs.com.br\/wfe\/#\/schema\/person\/image\/\",\"url\":\"https:\/\/secure.gravatar.com\/avatar\/398642fa557cdd524617ad9b31c938845f071aeb3448b9c0aeb29aefc495337b?s=96&d=mm&r=g\",\"contentUrl\":\"https:\/\/secure.gravatar.com\/avatar\/398642fa557cdd524617ad9b31c938845f071aeb3448b9c0aeb29aefc495337b?s=96&d=mm&r=g\",\"caption\":\"adminfemergs\"},\"sameAs\":[\"https:\/\/femergs.com.br\/wfe\"],\"url\":\"https:\/\/femergs.com.br\/wfe\/blog\/author\/adminfemergs\/\"}]}<\/script>\n<!-- \/ Yoast SEO plugin. -->","yoast_head_json":{"title":"FEMERGS COM LIVE DO JUR\u00cdDICO - Federa\u00e7\u00e3o dos Municip\u00e1rios do Estado do Rio Grande do Sul","robots":{"index":"index","follow":"follow","max-snippet":"max-snippet:-1","max-image-preview":"max-image-preview:large","max-video-preview":"max-video-preview:-1"},"canonical":"https:\/\/femergs.com.br\/wfe\/blog\/femergs-com-live-do-juridico\/","og_locale":"pt_BR","og_type":"article","og_title":"FEMERGS COM LIVE DO JUR\u00cdDICO - Federa\u00e7\u00e3o dos Municip\u00e1rios do Estado do Rio Grande do Sul","og_description":"PARA O PRESIDENTE: Na realidade da PANDEMIA, todos vamos aprendendo. Reuni\u00f5es, lives, shows de forma virtual. A Federa\u00e7\u00e3o dos Municip\u00e1rios do Estado do Rio Grande do Sul, interagindo, tamb\u00e9m est\u00e1 inovando e tocando os trabalhos de forma virtual, no que \u00e9 poss\u00edvel. Ap\u00f3s ter realizado reuni\u00f5es, procuramos o Dr. Eduardo Bechorner, Jur\u00eddico da FEMERGS, para [&hellip;]","og_url":"https:\/\/femergs.com.br\/wfe\/blog\/femergs-com-live-do-juridico\/","og_site_name":"Federa\u00e7\u00e3o dos Municip\u00e1rios do Estado do Rio Grande do Sul","article_publisher":"https:\/\/www.facebook.com\/profile.php?id=100057151733001","article_published_time":"2020-05-29T13:22:41+00:00","author":"adminfemergs","twitter_card":"summary_large_image","twitter_misc":{"Escrito por":"adminfemergs","Est. tempo de leitura":"4 minutos"},"schema":{"@context":"https:\/\/schema.org","@graph":[{"@type":"Article","@id":"https:\/\/femergs.com.br\/wfe\/blog\/femergs-com-live-do-juridico\/#article","isPartOf":{"@id":"https:\/\/femergs.com.br\/wfe\/blog\/femergs-com-live-do-juridico\/"},"author":{"name":"adminfemergs","@id":"https:\/\/femergs.com.br\/wfe\/#\/schema\/person\/f5558e6b5ffc044ee085016237dedb7f"},"headline":"FEMERGS COM LIVE DO JUR\u00cdDICO","datePublished":"2020-05-29T13:22:41+00:00","mainEntityOfPage":{"@id":"https:\/\/femergs.com.br\/wfe\/blog\/femergs-com-live-do-juridico\/"},"wordCount":871,"publisher":{"@id":"https:\/\/femergs.com.br\/wfe\/#organization"},"keywords":["NULL"],"articleSection":["ARQUIVADAS"],"inLanguage":"pt-BR"},{"@type":"WebPage","@id":"https:\/\/femergs.com.br\/wfe\/blog\/femergs-com-live-do-juridico\/","url":"https:\/\/femergs.com.br\/wfe\/blog\/femergs-com-live-do-juridico\/","name":"FEMERGS COM LIVE DO JUR\u00cdDICO - Federa\u00e7\u00e3o dos Municip\u00e1rios do Estado do Rio Grande do Sul","isPartOf":{"@id":"https:\/\/femergs.com.br\/wfe\/#website"},"datePublished":"2020-05-29T13:22:41+00:00","breadcrumb":{"@id":"https:\/\/femergs.com.br\/wfe\/blog\/femergs-com-live-do-juridico\/#breadcrumb"},"inLanguage":"pt-BR","potentialAction":[{"@type":"ReadAction","target":["https:\/\/femergs.com.br\/wfe\/blog\/femergs-com-live-do-juridico\/"]}]},{"@type":"BreadcrumbList","@id":"https:\/\/femergs.com.br\/wfe\/blog\/femergs-com-live-do-juridico\/#breadcrumb","itemListElement":[{"@type":"ListItem","position":1,"name":"In\u00edcio","item":"https:\/\/femergs.com.br\/wfe\/"},{"@type":"ListItem","position":2,"name":"FEMERGS COM LIVE DO JUR\u00cdDICO"}]},{"@type":"WebSite","@id":"https:\/\/femergs.com.br\/wfe\/#website","url":"https:\/\/femergs.com.br\/wfe\/","name":"FEMERGS","description":"FEDERA\u00c7\u00c3O DOS MUNICIP\u00c1RIOS DO ESTADO DO RIO GRANDE DO SUL","publisher":{"@id":"https:\/\/femergs.com.br\/wfe\/#organization"},"potentialAction":[{"@type":"SearchAction","target":{"@type":"EntryPoint","urlTemplate":"https:\/\/femergs.com.br\/wfe\/?s={search_term_string}"},"query-input":{"@type":"PropertyValueSpecification","valueRequired":true,"valueName":"search_term_string"}}],"inLanguage":"pt-BR"},{"@type":"Organization","@id":"https:\/\/femergs.com.br\/wfe\/#organization","name":"FEMERGS","url":"https:\/\/femergs.com.br\/wfe\/","logo":{"@type":"ImageObject","inLanguage":"pt-BR","@id":"https:\/\/femergs.com.br\/wfe\/#\/schema\/logo\/image\/","url":"https:\/\/femergs.com.br\/wfe\/wp-content\/uploads\/2025\/06\/logotipo.png","contentUrl":"https:\/\/femergs.com.br\/wfe\/wp-content\/uploads\/2025\/06\/logotipo.png","width":500,"height":500,"caption":"FEMERGS"},"image":{"@id":"https:\/\/femergs.com.br\/wfe\/#\/schema\/logo\/image\/"},"sameAs":["https:\/\/www.facebook.com\/profile.php?id=100057151733001","https:\/\/www.instagram.com\/femergs_rs\/"]},{"@type":"Person","@id":"https:\/\/femergs.com.br\/wfe\/#\/schema\/person\/f5558e6b5ffc044ee085016237dedb7f","name":"adminfemergs","image":{"@type":"ImageObject","inLanguage":"pt-BR","@id":"https:\/\/femergs.com.br\/wfe\/#\/schema\/person\/image\/","url":"https:\/\/secure.gravatar.com\/avatar\/398642fa557cdd524617ad9b31c938845f071aeb3448b9c0aeb29aefc495337b?s=96&d=mm&r=g","contentUrl":"https:\/\/secure.gravatar.com\/avatar\/398642fa557cdd524617ad9b31c938845f071aeb3448b9c0aeb29aefc495337b?s=96&d=mm&r=g","caption":"adminfemergs"},"sameAs":["https:\/\/femergs.com.br\/wfe"],"url":"https:\/\/femergs.com.br\/wfe\/blog\/author\/adminfemergs\/"}]}},"uagb_featured_image_src":{"full":false,"thumbnail":false,"medium":false,"medium_large":false,"large":false,"1536x1536":false,"2048x2048":false,"ultp_layout_landscape_large":false,"ultp_layout_landscape":false,"ultp_layout_portrait":false,"ultp_layout_square":false},"uagb_author_info":{"display_name":"adminfemergs","author_link":"https:\/\/femergs.com.br\/wfe\/blog\/author\/adminfemergs\/"},"uagb_comment_info":0,"uagb_excerpt":"PARA O PRESIDENTE: Na realidade da PANDEMIA, todos vamos aprendendo. Reuni\u00f5es, lives, shows de forma virtual. A Federa\u00e7\u00e3o dos Municip\u00e1rios do Estado do Rio Grande do Sul, interagindo, tamb\u00e9m est\u00e1 inovando e tocando os trabalhos de forma virtual, no que \u00e9 poss\u00edvel. Ap\u00f3s ter realizado reuni\u00f5es, procuramos o Dr. Eduardo Bechorner, Jur\u00eddico da FEMERGS, para&hellip;","_links":{"self":[{"href":"https:\/\/femergs.com.br\/wfe\/wp-json\/wp\/v2\/posts\/1246","targetHints":{"allow":["GET"]}}],"collection":[{"href":"https:\/\/femergs.com.br\/wfe\/wp-json\/wp\/v2\/posts"}],"about":[{"href":"https:\/\/femergs.com.br\/wfe\/wp-json\/wp\/v2\/types\/post"}],"author":[{"embeddable":true,"href":"https:\/\/femergs.com.br\/wfe\/wp-json\/wp\/v2\/users\/1"}],"replies":[{"embeddable":true,"href":"https:\/\/femergs.com.br\/wfe\/wp-json\/wp\/v2\/comments?post=1246"}],"version-history":[{"count":0,"href":"https:\/\/femergs.com.br\/wfe\/wp-json\/wp\/v2\/posts\/1246\/revisions"}],"wp:attachment":[{"href":"https:\/\/femergs.com.br\/wfe\/wp-json\/wp\/v2\/media?parent=1246"}],"wp:term":[{"taxonomy":"category","embeddable":true,"href":"https:\/\/femergs.com.br\/wfe\/wp-json\/wp\/v2\/categories?post=1246"},{"taxonomy":"post_tag","embeddable":true,"href":"https:\/\/femergs.com.br\/wfe\/wp-json\/wp\/v2\/tags?post=1246"}],"curies":[{"name":"wp","href":"https:\/\/api.w.org\/{rel}","templated":true}]}}