{"id":1247,"date":"2020-05-29T13:26:41","date_gmt":"2020-05-29T13:26:41","guid":{"rendered":"https:\/\/femergs.com.br\/wfe\/blog\/stf-julga-a-constitucionalidade-do-1-3-de-hora-atividade\/"},"modified":"2020-05-29T13:26:41","modified_gmt":"2020-05-29T13:26:41","slug":"stf-julga-a-constitucionalidade-do-1-3-de-hora-atividade","status":"publish","type":"post","link":"https:\/\/femergs.com.br\/wfe\/blog\/stf-julga-a-constitucionalidade-do-1-3-de-hora-atividade\/","title":{"rendered":"STF julga a constitucionalidade do 1\/3 de hora-atividade"},"content":{"rendered":"<p>Em sess\u00e3o virtual na \u00faltima sexta-feira (22), o Supremo Tribunal Federal (STF) deu in\u00edcio ao julgamento da constitucionalidade da jornada extraclasse, prevista na Lei do Piso do Magist\u00e9rio e foi conclu\u00edda ontem, dia 28, a qual aguarda publica\u00e7\u00e3o do ac\u00f3rd\u00e3o do Recurso Extraordin\u00e1rio n\u00ba 936790.<br \/>\nA vota\u00e7\u00e3o come\u00e7ou com voto contr\u00e1rio a constitucionalidade da reserva de 1\/3 para a hora atividade pelo Ministro Marco Aur\u00e9lio, relator do recurso extraordin\u00e1rio, que foi acompanhado pelos Ministros Luiz Fux e Gilmar Mendes.<\/p>\n<p>O Ministro Edson Fachin divergiu do voto do relator, o qual votou pela constitucionalidade da reserva de 1\/3 para as horas atividades, tal entendimento foi acompanhado pelos Ministros C\u00e1rmen L\u00facia, Rosa Weber, Ricardo Lewandowski, Roberto Barroso e Celso De Mello. Sendo que ao final do julgamento se obteve a vota\u00e7\u00e3o de 7&#215;3 pela constitucionalidade do \u00a7 4\u00ba do artigo 2\u00ba da Lei n\u00ba 11.738\/2008, a prever que, \u2018na composi\u00e7\u00e3o da jornada de trabalho, observar-se-\u00e1 o limite m\u00e1ximo de 2\/3 (dois ter\u00e7os) da carga hor\u00e1ria para o desempenho das atividades de intera\u00e7\u00e3o com os educandos\u2019, consideradas rela\u00e7\u00f5es jur\u00eddicas a envolverem Estados e Munic\u00edpios\u201d.<\/p>\n<p>A hora-atividade (ou jornada extraclasse) \u00e9 um dispositivo previsto na Lei do Piso (11.738\/2008) destinado aos profissionais do magist\u00e9rio p\u00fablico, a fim de que possam planejar, corrigir trabalhos dos alunos, realizar reuni\u00f5es pedag\u00f3gicas e comunidade escolar, investir na forma\u00e7\u00e3o continuada, dentro da sua carga hor\u00e1ria regular de trabalho. Podendo assim deixar de usar seu tempo de descanso para a realiza\u00e7\u00e3o de atividades pedag\u00f3gicas. <\/p>\n<p>Do presente julgado, assim que publicado, dever\u00e1 ser observado pelos entes federados a concess\u00e3o de 1\/3 da jornada de trabalho para todos os profissionais do magist\u00e9rio publico que atuam com reg\u00eancia de classe.<\/p>\n","protected":false},"excerpt":{"rendered":"<p>Em sess\u00e3o virtual na \u00faltima sexta-feira (22), o Supremo Tribunal Federal (STF) deu in\u00edcio ao julgamento da constitucionalidade da jornada extraclasse, prevista na Lei do Piso do Magist\u00e9rio e foi conclu\u00edda ontem, dia 28, a qual aguarda publica\u00e7\u00e3o do ac\u00f3rd\u00e3o do Recurso Extraordin\u00e1rio n\u00ba 936790. A vota\u00e7\u00e3o come\u00e7ou com voto contr\u00e1rio a constitucionalidade da reserva [&hellip;]<\/p>\n","protected":false},"author":1,"featured_media":0,"comment_status":"closed","ping_status":"closed","sticky":false,"template":"","format":"standard","meta":{"_eb_attr":"","_uag_custom_page_level_css":"","fifu_image_url":"","fifu_image_alt":"","footnotes":""},"categories":[1],"tags":[32],"class_list":["post-1247","post","type-post","status-publish","format-standard","hentry","category-arquivadas","tag-null"],"yoast_head":"<!-- This site is optimized with the Yoast SEO plugin v27.1.1 - https:\/\/yoast.com\/product\/yoast-seo-wordpress\/ -->\n<title>STF julga a constitucionalidade do 1\/3 de hora-atividade - Federa\u00e7\u00e3o dos Municip\u00e1rios do Estado do Rio Grande do Sul<\/title>\n<meta name=\"robots\" content=\"index, follow, max-snippet:-1, max-image-preview:large, max-video-preview:-1\" \/>\n<link rel=\"canonical\" href=\"https:\/\/femergs.com.br\/wfe\/blog\/stf-julga-a-constitucionalidade-do-1-3-de-hora-atividade\/\" \/>\n<meta property=\"og:locale\" content=\"pt_BR\" \/>\n<meta property=\"og:type\" content=\"article\" \/>\n<meta property=\"og:title\" content=\"STF julga a constitucionalidade do 1\/3 de hora-atividade - Federa\u00e7\u00e3o dos Municip\u00e1rios do Estado do Rio Grande do Sul\" \/>\n<meta property=\"og:description\" content=\"Em sess\u00e3o virtual na \u00faltima sexta-feira (22), o Supremo Tribunal Federal (STF) deu in\u00edcio ao julgamento da constitucionalidade da jornada extraclasse, prevista na Lei do Piso do Magist\u00e9rio e foi conclu\u00edda ontem, dia 28, a qual aguarda publica\u00e7\u00e3o do ac\u00f3rd\u00e3o do Recurso Extraordin\u00e1rio n\u00ba 936790. A vota\u00e7\u00e3o come\u00e7ou com voto contr\u00e1rio a constitucionalidade da reserva [&hellip;]\" \/>\n<meta property=\"og:url\" content=\"https:\/\/femergs.com.br\/wfe\/blog\/stf-julga-a-constitucionalidade-do-1-3-de-hora-atividade\/\" \/>\n<meta property=\"og:site_name\" content=\"Federa\u00e7\u00e3o dos Municip\u00e1rios do Estado do Rio Grande do Sul\" \/>\n<meta property=\"article:publisher\" content=\"https:\/\/www.facebook.com\/profile.php?id=100057151733001\" \/>\n<meta property=\"article:published_time\" content=\"2020-05-29T13:26:41+00:00\" \/>\n<meta name=\"author\" content=\"adminfemergs\" \/>\n<meta name=\"twitter:card\" content=\"summary_large_image\" \/>\n<meta name=\"twitter:label1\" content=\"Escrito por\" \/>\n\t<meta name=\"twitter:data1\" content=\"adminfemergs\" \/>\n\t<meta name=\"twitter:label2\" content=\"Est. tempo de leitura\" \/>\n\t<meta name=\"twitter:data2\" content=\"1 minuto\" \/>\n<script type=\"application\/ld+json\" class=\"yoast-schema-graph\">{\"@context\":\"https:\/\/schema.org\",\"@graph\":[{\"@type\":\"Article\",\"@id\":\"https:\/\/femergs.com.br\/wfe\/blog\/stf-julga-a-constitucionalidade-do-1-3-de-hora-atividade\/#article\",\"isPartOf\":{\"@id\":\"https:\/\/femergs.com.br\/wfe\/blog\/stf-julga-a-constitucionalidade-do-1-3-de-hora-atividade\/\"},\"author\":{\"name\":\"adminfemergs\",\"@id\":\"https:\/\/femergs.com.br\/wfe\/#\/schema\/person\/f5558e6b5ffc044ee085016237dedb7f\"},\"headline\":\"STF julga a constitucionalidade do 1\/3 de hora-atividade\",\"datePublished\":\"2020-05-29T13:26:41+00:00\",\"mainEntityOfPage\":{\"@id\":\"https:\/\/femergs.com.br\/wfe\/blog\/stf-julga-a-constitucionalidade-do-1-3-de-hora-atividade\/\"},\"wordCount\":306,\"publisher\":{\"@id\":\"https:\/\/femergs.com.br\/wfe\/#organization\"},\"keywords\":[\"NULL\"],\"articleSection\":[\"ARQUIVADAS\"],\"inLanguage\":\"pt-BR\"},{\"@type\":\"WebPage\",\"@id\":\"https:\/\/femergs.com.br\/wfe\/blog\/stf-julga-a-constitucionalidade-do-1-3-de-hora-atividade\/\",\"url\":\"https:\/\/femergs.com.br\/wfe\/blog\/stf-julga-a-constitucionalidade-do-1-3-de-hora-atividade\/\",\"name\":\"STF julga a constitucionalidade do 1\/3 de hora-atividade - Federa\u00e7\u00e3o dos Municip\u00e1rios do Estado do Rio Grande do Sul\",\"isPartOf\":{\"@id\":\"https:\/\/femergs.com.br\/wfe\/#website\"},\"datePublished\":\"2020-05-29T13:26:41+00:00\",\"breadcrumb\":{\"@id\":\"https:\/\/femergs.com.br\/wfe\/blog\/stf-julga-a-constitucionalidade-do-1-3-de-hora-atividade\/#breadcrumb\"},\"inLanguage\":\"pt-BR\",\"potentialAction\":[{\"@type\":\"ReadAction\",\"target\":[\"https:\/\/femergs.com.br\/wfe\/blog\/stf-julga-a-constitucionalidade-do-1-3-de-hora-atividade\/\"]}]},{\"@type\":\"BreadcrumbList\",\"@id\":\"https:\/\/femergs.com.br\/wfe\/blog\/stf-julga-a-constitucionalidade-do-1-3-de-hora-atividade\/#breadcrumb\",\"itemListElement\":[{\"@type\":\"ListItem\",\"position\":1,\"name\":\"In\u00edcio\",\"item\":\"https:\/\/femergs.com.br\/wfe\/\"},{\"@type\":\"ListItem\",\"position\":2,\"name\":\"STF julga a constitucionalidade do 1\/3 de hora-atividade\"}]},{\"@type\":\"WebSite\",\"@id\":\"https:\/\/femergs.com.br\/wfe\/#website\",\"url\":\"https:\/\/femergs.com.br\/wfe\/\",\"name\":\"FEMERGS\",\"description\":\"FEDERA\u00c7\u00c3O DOS MUNICIP\u00c1RIOS DO ESTADO DO RIO GRANDE DO SUL\",\"publisher\":{\"@id\":\"https:\/\/femergs.com.br\/wfe\/#organization\"},\"potentialAction\":[{\"@type\":\"SearchAction\",\"target\":{\"@type\":\"EntryPoint\",\"urlTemplate\":\"https:\/\/femergs.com.br\/wfe\/?s={search_term_string}\"},\"query-input\":{\"@type\":\"PropertyValueSpecification\",\"valueRequired\":true,\"valueName\":\"search_term_string\"}}],\"inLanguage\":\"pt-BR\"},{\"@type\":\"Organization\",\"@id\":\"https:\/\/femergs.com.br\/wfe\/#organization\",\"name\":\"FEMERGS\",\"url\":\"https:\/\/femergs.com.br\/wfe\/\",\"logo\":{\"@type\":\"ImageObject\",\"inLanguage\":\"pt-BR\",\"@id\":\"https:\/\/femergs.com.br\/wfe\/#\/schema\/logo\/image\/\",\"url\":\"https:\/\/femergs.com.br\/wfe\/wp-content\/uploads\/2025\/06\/logotipo.png\",\"contentUrl\":\"https:\/\/femergs.com.br\/wfe\/wp-content\/uploads\/2025\/06\/logotipo.png\",\"width\":500,\"height\":500,\"caption\":\"FEMERGS\"},\"image\":{\"@id\":\"https:\/\/femergs.com.br\/wfe\/#\/schema\/logo\/image\/\"},\"sameAs\":[\"https:\/\/www.facebook.com\/profile.php?id=100057151733001\",\"https:\/\/www.instagram.com\/femergs_rs\/\"]},{\"@type\":\"Person\",\"@id\":\"https:\/\/femergs.com.br\/wfe\/#\/schema\/person\/f5558e6b5ffc044ee085016237dedb7f\",\"name\":\"adminfemergs\",\"image\":{\"@type\":\"ImageObject\",\"inLanguage\":\"pt-BR\",\"@id\":\"https:\/\/femergs.com.br\/wfe\/#\/schema\/person\/image\/\",\"url\":\"https:\/\/secure.gravatar.com\/avatar\/398642fa557cdd524617ad9b31c938845f071aeb3448b9c0aeb29aefc495337b?s=96&d=mm&r=g\",\"contentUrl\":\"https:\/\/secure.gravatar.com\/avatar\/398642fa557cdd524617ad9b31c938845f071aeb3448b9c0aeb29aefc495337b?s=96&d=mm&r=g\",\"caption\":\"adminfemergs\"},\"sameAs\":[\"https:\/\/femergs.com.br\/wfe\"],\"url\":\"https:\/\/femergs.com.br\/wfe\/blog\/author\/adminfemergs\/\"}]}<\/script>\n<!-- \/ Yoast SEO plugin. -->","yoast_head_json":{"title":"STF julga a constitucionalidade do 1\/3 de hora-atividade - Federa\u00e7\u00e3o dos Municip\u00e1rios do Estado do Rio Grande do Sul","robots":{"index":"index","follow":"follow","max-snippet":"max-snippet:-1","max-image-preview":"max-image-preview:large","max-video-preview":"max-video-preview:-1"},"canonical":"https:\/\/femergs.com.br\/wfe\/blog\/stf-julga-a-constitucionalidade-do-1-3-de-hora-atividade\/","og_locale":"pt_BR","og_type":"article","og_title":"STF julga a constitucionalidade do 1\/3 de hora-atividade - Federa\u00e7\u00e3o dos Municip\u00e1rios do Estado do Rio Grande do Sul","og_description":"Em sess\u00e3o virtual na \u00faltima sexta-feira (22), o Supremo Tribunal Federal (STF) deu in\u00edcio ao julgamento da constitucionalidade da jornada extraclasse, prevista na Lei do Piso do Magist\u00e9rio e foi conclu\u00edda ontem, dia 28, a qual aguarda publica\u00e7\u00e3o do ac\u00f3rd\u00e3o do Recurso Extraordin\u00e1rio n\u00ba 936790. A vota\u00e7\u00e3o come\u00e7ou com voto contr\u00e1rio a constitucionalidade da reserva [&hellip;]","og_url":"https:\/\/femergs.com.br\/wfe\/blog\/stf-julga-a-constitucionalidade-do-1-3-de-hora-atividade\/","og_site_name":"Federa\u00e7\u00e3o dos Municip\u00e1rios do Estado do Rio Grande do Sul","article_publisher":"https:\/\/www.facebook.com\/profile.php?id=100057151733001","article_published_time":"2020-05-29T13:26:41+00:00","author":"adminfemergs","twitter_card":"summary_large_image","twitter_misc":{"Escrito por":"adminfemergs","Est. tempo de leitura":"1 minuto"},"schema":{"@context":"https:\/\/schema.org","@graph":[{"@type":"Article","@id":"https:\/\/femergs.com.br\/wfe\/blog\/stf-julga-a-constitucionalidade-do-1-3-de-hora-atividade\/#article","isPartOf":{"@id":"https:\/\/femergs.com.br\/wfe\/blog\/stf-julga-a-constitucionalidade-do-1-3-de-hora-atividade\/"},"author":{"name":"adminfemergs","@id":"https:\/\/femergs.com.br\/wfe\/#\/schema\/person\/f5558e6b5ffc044ee085016237dedb7f"},"headline":"STF julga a constitucionalidade do 1\/3 de hora-atividade","datePublished":"2020-05-29T13:26:41+00:00","mainEntityOfPage":{"@id":"https:\/\/femergs.com.br\/wfe\/blog\/stf-julga-a-constitucionalidade-do-1-3-de-hora-atividade\/"},"wordCount":306,"publisher":{"@id":"https:\/\/femergs.com.br\/wfe\/#organization"},"keywords":["NULL"],"articleSection":["ARQUIVADAS"],"inLanguage":"pt-BR"},{"@type":"WebPage","@id":"https:\/\/femergs.com.br\/wfe\/blog\/stf-julga-a-constitucionalidade-do-1-3-de-hora-atividade\/","url":"https:\/\/femergs.com.br\/wfe\/blog\/stf-julga-a-constitucionalidade-do-1-3-de-hora-atividade\/","name":"STF julga a constitucionalidade do 1\/3 de hora-atividade - Federa\u00e7\u00e3o dos Municip\u00e1rios do Estado do Rio Grande do Sul","isPartOf":{"@id":"https:\/\/femergs.com.br\/wfe\/#website"},"datePublished":"2020-05-29T13:26:41+00:00","breadcrumb":{"@id":"https:\/\/femergs.com.br\/wfe\/blog\/stf-julga-a-constitucionalidade-do-1-3-de-hora-atividade\/#breadcrumb"},"inLanguage":"pt-BR","potentialAction":[{"@type":"ReadAction","target":["https:\/\/femergs.com.br\/wfe\/blog\/stf-julga-a-constitucionalidade-do-1-3-de-hora-atividade\/"]}]},{"@type":"BreadcrumbList","@id":"https:\/\/femergs.com.br\/wfe\/blog\/stf-julga-a-constitucionalidade-do-1-3-de-hora-atividade\/#breadcrumb","itemListElement":[{"@type":"ListItem","position":1,"name":"In\u00edcio","item":"https:\/\/femergs.com.br\/wfe\/"},{"@type":"ListItem","position":2,"name":"STF julga a constitucionalidade do 1\/3 de hora-atividade"}]},{"@type":"WebSite","@id":"https:\/\/femergs.com.br\/wfe\/#website","url":"https:\/\/femergs.com.br\/wfe\/","name":"FEMERGS","description":"FEDERA\u00c7\u00c3O DOS MUNICIP\u00c1RIOS DO ESTADO DO RIO GRANDE DO SUL","publisher":{"@id":"https:\/\/femergs.com.br\/wfe\/#organization"},"potentialAction":[{"@type":"SearchAction","target":{"@type":"EntryPoint","urlTemplate":"https:\/\/femergs.com.br\/wfe\/?s={search_term_string}"},"query-input":{"@type":"PropertyValueSpecification","valueRequired":true,"valueName":"search_term_string"}}],"inLanguage":"pt-BR"},{"@type":"Organization","@id":"https:\/\/femergs.com.br\/wfe\/#organization","name":"FEMERGS","url":"https:\/\/femergs.com.br\/wfe\/","logo":{"@type":"ImageObject","inLanguage":"pt-BR","@id":"https:\/\/femergs.com.br\/wfe\/#\/schema\/logo\/image\/","url":"https:\/\/femergs.com.br\/wfe\/wp-content\/uploads\/2025\/06\/logotipo.png","contentUrl":"https:\/\/femergs.com.br\/wfe\/wp-content\/uploads\/2025\/06\/logotipo.png","width":500,"height":500,"caption":"FEMERGS"},"image":{"@id":"https:\/\/femergs.com.br\/wfe\/#\/schema\/logo\/image\/"},"sameAs":["https:\/\/www.facebook.com\/profile.php?id=100057151733001","https:\/\/www.instagram.com\/femergs_rs\/"]},{"@type":"Person","@id":"https:\/\/femergs.com.br\/wfe\/#\/schema\/person\/f5558e6b5ffc044ee085016237dedb7f","name":"adminfemergs","image":{"@type":"ImageObject","inLanguage":"pt-BR","@id":"https:\/\/femergs.com.br\/wfe\/#\/schema\/person\/image\/","url":"https:\/\/secure.gravatar.com\/avatar\/398642fa557cdd524617ad9b31c938845f071aeb3448b9c0aeb29aefc495337b?s=96&d=mm&r=g","contentUrl":"https:\/\/secure.gravatar.com\/avatar\/398642fa557cdd524617ad9b31c938845f071aeb3448b9c0aeb29aefc495337b?s=96&d=mm&r=g","caption":"adminfemergs"},"sameAs":["https:\/\/femergs.com.br\/wfe"],"url":"https:\/\/femergs.com.br\/wfe\/blog\/author\/adminfemergs\/"}]}},"uagb_featured_image_src":{"full":false,"thumbnail":false,"medium":false,"medium_large":false,"large":false,"1536x1536":false,"2048x2048":false,"ultp_layout_landscape_large":false,"ultp_layout_landscape":false,"ultp_layout_portrait":false,"ultp_layout_square":false},"uagb_author_info":{"display_name":"adminfemergs","author_link":"https:\/\/femergs.com.br\/wfe\/blog\/author\/adminfemergs\/"},"uagb_comment_info":0,"uagb_excerpt":"Em sess\u00e3o virtual na \u00faltima sexta-feira (22), o Supremo Tribunal Federal (STF) deu in\u00edcio ao julgamento da constitucionalidade da jornada extraclasse, prevista na Lei do Piso do Magist\u00e9rio e foi conclu\u00edda ontem, dia 28, a qual aguarda publica\u00e7\u00e3o do ac\u00f3rd\u00e3o do Recurso Extraordin\u00e1rio n\u00ba 936790. A vota\u00e7\u00e3o come\u00e7ou com voto contr\u00e1rio a constitucionalidade da reserva&hellip;","_links":{"self":[{"href":"https:\/\/femergs.com.br\/wfe\/wp-json\/wp\/v2\/posts\/1247","targetHints":{"allow":["GET"]}}],"collection":[{"href":"https:\/\/femergs.com.br\/wfe\/wp-json\/wp\/v2\/posts"}],"about":[{"href":"https:\/\/femergs.com.br\/wfe\/wp-json\/wp\/v2\/types\/post"}],"author":[{"embeddable":true,"href":"https:\/\/femergs.com.br\/wfe\/wp-json\/wp\/v2\/users\/1"}],"replies":[{"embeddable":true,"href":"https:\/\/femergs.com.br\/wfe\/wp-json\/wp\/v2\/comments?post=1247"}],"version-history":[{"count":0,"href":"https:\/\/femergs.com.br\/wfe\/wp-json\/wp\/v2\/posts\/1247\/revisions"}],"wp:attachment":[{"href":"https:\/\/femergs.com.br\/wfe\/wp-json\/wp\/v2\/media?parent=1247"}],"wp:term":[{"taxonomy":"category","embeddable":true,"href":"https:\/\/femergs.com.br\/wfe\/wp-json\/wp\/v2\/categories?post=1247"},{"taxonomy":"post_tag","embeddable":true,"href":"https:\/\/femergs.com.br\/wfe\/wp-json\/wp\/v2\/tags?post=1247"}],"curies":[{"name":"wp","href":"https:\/\/api.w.org\/{rel}","templated":true}]}}