{"id":1248,"date":"2020-05-30T21:13:21","date_gmt":"2020-05-30T21:13:21","guid":{"rendered":"https:\/\/femergs.com.br\/wfe\/blog\/reflexao-na-pandemia\/"},"modified":"2020-05-30T21:13:21","modified_gmt":"2020-05-30T21:13:21","slug":"reflexao-na-pandemia","status":"publish","type":"post","link":"https:\/\/femergs.com.br\/wfe\/blog\/reflexao-na-pandemia\/","title":{"rendered":"REFLEX\u00c3O NA PANDEMIA"},"content":{"rendered":"<div style=\"text-align:justify\">Neste momento em que muitos ainda est\u00e3o perdidos emocionalmente frente a desconhecida pandemia, sugiro que fa\u00e7amos uma reflex\u00e3o critica e pessoal com certos pontos. E tamb\u00e9m queremos dizer que a FEMERGS continua funcionando, apesar da crise financeira causada pelo fim da contribui\u00e7\u00e3o sindical, continuamos sempre a disposi\u00e7\u00e3o dos associados com a estrutura de atendimento de TODOS DIRETORES. A secret\u00e1ria de Assuntos Jur\u00eddicos, Elaine Haab, bem como ASSESSORIA JUR\u00cdDICA, est\u00e3o a disposi\u00e7\u00e3o para o atendimento das entidades, e como ela todos os diretores que s\u00e3o capazes de atender as demandas dos sindicatos e associados nas \u00e1reas espec\u00edficas. E estamos nos adequando frente a tudo isso que est\u00e1 ocorrendo no pa\u00eds e no mundo. Exemplo desta adequa\u00e7\u00e3o \u00e9 que na semana que passou fizemos a PRIMEIRA FORMA\u00c7\u00c3O ONLINE, sobre altera\u00e7\u00f5es da Previd\u00eancia, foi um sucesso tamanho, que repetiremos na QUINTA-FEIRA, dia 04 de junho de 2020, \u00e0s 19:00 HORAS, no GOOGLE MEET. A escolha do hor\u00e1rio foi para atender solicita\u00e7\u00e3o dos sindicatos que os dirigentes n\u00e3o s\u00e3o liberados e dos servidores que querem assistir. Mas vamos as reflex\u00f5es que s\u00e3o o ponto central deste texto.<\/p>\n<p>Desde a regulariza\u00e7\u00e3o da atividade sindical neste pa\u00eds, para quem gosta e acompanha a hist\u00f3ria nosso sindicalismo \u00e9 diferente de todo o resto do mundo, ele foi criado por Get\u00falio Vargas de forma mais ASSISTENCIALISTA do que de LUTA. Talvez isto seja o ponto que mais contribuiu para que nosso pa\u00eds esteja t\u00e3o atrasado em direitos trabalhistas e garantias de sal\u00e1rio justo dentre a Am\u00e9rica e o mundo. E talvez durante este per\u00edodo de pandemia nos seja permitido a parada necess\u00e1ria para ver se \u00e9 este sindicato que queremos no futuro. Se estamos dispostos a ser entidade sindical de luta, e assim, continuarmos a perder direitos dia a dia frente a projetos de governo que pensam mais em como disse o ministro da economia Paulo Guedes em reuni\u00e3o ministerial dispon\u00edvel via judicial para todos n\u00f3s onde ele afirma que O GOVERNO DEVE AJUDAR SOMENTE OS GRANDES, POIS ELES D\u00c3O LUCRO.<\/p>\n<p>Esta e a primeira reflex\u00e3o, se mesmo com um sindicato assistencialista conquistamos por anos direitos hist\u00f3ricos, como jornada reduzida, f\u00e9rias, d\u00e9cimo terceiro, sal\u00e1rio m\u00ednimo, sal\u00e1rio fam\u00edlia, trinta e tr\u00eas por cento das f\u00e9rias, vale transporte, refei\u00e7\u00e3o e tantos outros, quanto mais ter\u00edamos conquistados se TODOS os sindicatos fossem de luta e n\u00e3o de assist\u00eancia? Ser\u00e1 que se nossas entidades fossem EXCLUSIVAMENTE de lutas ter\u00edamos perdido os direitos da CLT, o fim de nossa aposentadoria, o governo teria CONGELADO o or\u00e7amento por vinte anos? Eu tenho desde a inf\u00e2ncia, uma paix\u00e3o por algo que aprendi na segunda s\u00e9rie do fundamental, a COMUNIDADE, e isto acho que todos aprenderam, a comunidade \u00e9 nossa estrutura desde o nascimento, a primeira foi a fam\u00edlia, depois a igreja, depois a escola e finalmente a sociedade. Eu quando aprendi isto entendi que somente em comunidade se constr\u00f3i aquilo que nos sustenta, e levei este conceito para todos os lugares que fui quando cresci, grupo de jovens, de mulheres, sindicato, federa\u00e7\u00e3o, partido pol\u00edtico, enfim, qualquer lugar que eu n\u00e3o ESTEJA SOZINHA, levo isso. O que eu escolho \u00e9 individual, mas quando estou em uma COMUNIDADE, o bem coletivo PRECISA ser prioridade.<\/p>\n<p>Pensando em coletividade vem a segunda reflex\u00e3o, quantos de n\u00f3s trabalhadores que perderam a aposentadoria como era, perdemos muitos dos atendimentos do SUS por causa do congelamento do or\u00e7amento p\u00fablico, quantos de n\u00f3s n\u00e3o aceitou e ampliou o coro dos se voc\u00eas me permitirem vou apelidar aqui de \u201cvampiros sociais\u201d, ( que s\u00e3o pessoas que sempre acham um jeito de iludir enganar, e prejudicar os outros para conquistar benef\u00edcio pr\u00f3prio.). O primeiro \u201cvampiro social\u201d citado aqui \u00e9 o Paulo Guedes, que falou em bom e alto tom o objetivo de todo o vampiro \u201cOBTER LUCRO\u201d, ent\u00e3o neste ponto \u00e9 que precisamos fazer a reflex\u00e3o, se eu represento uma entidade sindical que deve SER DE LUTA, mas prezo mais pelo que \u00e9 lucro, pelo que \u00e9 fama, por aquilo que ME d\u00ea bem estar, \u00e9 um direito, posso at\u00e9 engrossar a fala de que sindicalista na maioria \u00e9 \u201cbaderneiro\u201d, isto \u00e9 direito meu como individuo, mas n\u00e3o \u00e9 como COLETIVO SINDICAL, ent\u00e3o que eu escolha o lado que defendo, o que n\u00e3o podemos mais admitir \u00e9 ver sindicalista acreditar que \u00e9 bom perder direitos pois tem muito trabalhador vagabundo, que existam sindicalistas que passem o tempo todo falando mal de colegas sindicalistas, de federa\u00e7\u00f5es, Centrais que n\u00e3o s\u00e3o as escolhidas por eles. Esta talvez seja a maior das reflex\u00f5es, pois no momento em que todos sabem que a \u00fanica sa\u00edda \u00e9 a unidade dos trabalhadores, como teremos esta unidade se existem lideran\u00e7as sindicais correndo exclusivamente atr\u00e1s de benef\u00edcios, de assistencialismo e que nos discursos acusam e falam mal de entidades sindicais, at\u00e9 mesmo de colegas trabalhadores. Como podemos ser unidade de trabalhadores em busca de conquistas, se passamos o tempo todo agindo hipocritamente, e principalmente. Como posso confiar em uma lideran\u00e7a sindical que faz isso? E cito exemplos aqui, e desafio as lideran\u00e7as que v\u00e3o ler este texto a pensar se n\u00e3o conhecem algum sindicalista que diz no discurso que n\u00e3o se deve criar Lei melhorando o salario de uma categoria s\u00f3, mas que quando foi a lei que mudou o seu ficou quieto e n\u00e3o levou os trabalhadores para a c\u00e2mara? Sindicalistas que ao inv\u00e9s de usar o mandato classista para efetivamente pautar a luta, aproveitaram para conquistas pessoais? Sindicalistas que usam seu mandato somente para atingir objetivo pol\u00edtico, e depois que est\u00e3o na c\u00e2mara esquecem, ou pior s\u00e3o os que mais votam contra trabalhadores. Exatamente, s\u00e3o coisas que conhecemos no nosso cotidiano, mas da\u00ed pararmos de contribuir com o sindicato, engrossar as fileiras dos \u201cvampiros sociais\u201d falando mal dos sindicatos, n\u00e3o seria o momento de NOMINAR em nosso intimo quem age desta forma, e simplesmente come\u00e7ar a isolar estes indiv\u00edduos, pois eles talvez estejam precisando do nosso auxilio para ir luta no lado que lhes pertence de verdade? Ou com a nossa sa\u00edda da entidade, com nosso afastamento na verdade somos c\u00famplices do crescimento deste tipo de situa\u00e7\u00e3o?<\/p>\n<p>E quanto a Pandemia, \u00e9 o momento em que mais me preocupo, pois o mundo est\u00e1 enfrentando o que vai ficar historicamente conhecido como uma trag\u00e9dia sanit\u00e1ria e econ\u00f4mica, e o que n\u00f3s estamos fazendo? Principalmente no Brasil, estamos achando que somos escolhidos, especiais, a Europa fechou, o mundo mudou, mas aqui os trabalhadores principalmente continuam preso no que deveria ser discurso de patr\u00e3o, n\u00e3o pode parar, \u00e9 preciso trabalhar, sim, \u00e9 preciso mas de forma segura e protegida, como isto ser\u00e1 feito se este governo reduziu as exig\u00eancias de IPI, quem est\u00e1 vendo as reparti\u00e7\u00f5es p\u00fablicas investindo na higieniza\u00e7\u00e3o e seguran\u00e7a do local de trabalho? T\u00e1 mas para isso \u00e9 preciso dinheiro, e os munic\u00edpios j\u00e1 est\u00e3o quebrados, quem vai pagar, adivinhem? N\u00d3S SERVIDORES, e sabem porqu\u00ea? Por n\u00e3o termo tido a consci\u00eancia de classe l\u00e1 nas ultimas elei\u00e7\u00f5es e ter percebido que n\u00e3o \u00e9 partido, mas sim partidos que a dezenas de anos est\u00e3o na C\u00e2mara dos Deputados s\u00f3 para negociar, voto por emenda, voto por emprego, e JAMAIS, v\u00e3o votar CPI DE DIVIDA, TAXA\u00c7\u00c3O DE GRANDES FORTUNAS. N\u00f3s podemos falar disto todos os dias n\u00e3o vai mudar nada. Se pegarmos todos os discursos da oposi\u00e7\u00e3o nos \u00faltimos anos TODOS os deputados repetem a mesma coisa. Mas s\u00e3o a minoria, o discurso s\u00f3 est\u00e1 servindo para garantir sua base eleitoral e continuar l\u00e1. A n\u00f3s trabalhador cabe iniciar o PROTAGONISMO DA MUDAN\u00c7A.<\/p>\n<p>E a\u00ed vem a terceira e ultima reflex\u00e3o de hoje. COMO? \u00c9 POSS\u00cdVEL, eu acredito que sim, sou uma eterna esperan\u00e7osa do verbo esperan\u00e7ar, vai ser amanh\u00e3, certamente que n\u00e3o, mas talvez este momento de parada pand\u00eamica seja o momento apropriado para que fa\u00e7amos uma parada construtora como entidade sindical, que possamos ler mais, pensar nas situa\u00e7\u00f5es pr\u00e1ticas, perceber por exemplo que n\u00e3o adianta esconder o sol com a peneira temos sim situa\u00e7\u00f5es de corrup\u00e7\u00e3o no nosso dia a dia, \u00e9 direcionamento de a\u00e7\u00e3o jur\u00eddica em troca de percentual, \u00e9 venda de produtos em troca de percentual, \u00e9 uso de mandato para beneficio pr\u00f3prio.<\/p>\n<p>Afinal somos humanos somos todos imperfeitos n\u00e3o \u00e9 ser sindicalista que vai construir meu car\u00e1ter, n\u00e3o \u00e9 ser policial que vai me tornar um bom exemplo, posso continuar sendo assassino, nesta semana vimos dois assassinos policiais fardados que assassinaram um adolescente e um pai de fam\u00edlia. Precisamos refletir nesta parada, se os especialistas pol\u00edticos, m\u00e9dicos e econ\u00f4micos est\u00e3o dizendo que enfrentaremos a PIOR CRISE ECON\u00d4MICA DESDE 1929, precisamos saber o que houve com os trabalhadores naquela \u00e9poca, pois ser\u00e1 o pre\u00e7o cobrado em dobro de nossa classe agora, sim pois naquela \u00e9poca tamb\u00e9m foram os trabalhadores que pagaram o pre\u00e7o da crise, os que j\u00e1 eram ricos e ficaram mais ricos foram nos pintados como INTELIGENTE QUE USOU A CRISE PARA CRESCER, ningu\u00e9m que usa uma crise para crescer \u00e9 inteligente, \u00e9 sim um explorador mau car\u00e1ter que se usa de artimanhas para garantir seu enriquecimento ou sua melhoria econ\u00f4mica frente ao sofrimento dos outros.<\/p>\n<p>Esta reflex\u00e3o \u00e9 para mim a mais f\u00e1cil e ao mesmo tempo a mais dif\u00edcil, pois depende do que a gente tem de verdade e de desejo dentro da gente, \u00e9 a velha hist\u00f3ria grita contra o capitalismo mas faz de tudo, tem tr\u00eas empregos, defende pagamento de pro labore para fazer parte de conselhos comunit\u00e1rios ( sim isso existe, tem gente que acha que conselho de sa\u00fade, assist\u00eancia e outros deve ser pago, pois OCUPA tempo, mas ent\u00e3o n\u00e3o v\u00e1 criatura- est\u00e1 \u00e9 minha opini\u00e3o), daqui a pouco os de Igreja, comunit\u00e1rios tamb\u00e9m v\u00e3o querer salario, e ai voltamos a nossa li\u00e7\u00e3o da segunda s\u00e9rie, ESTAMOS PERDENDO O COMUNIT\u00c1RIO? Podem me perguntar, \u201cent\u00e3o Clarice, voc\u00ea acha que sindicalista, esquerdista, socialista, deve ser pobre\u201d. E eu vou responder,<\/p>\n<p>-N\u00c3O, deve ter como todo mundo o suficiente para ter uma vida digna, com um Estado que GARANTA GRATUITAMENTE SA\u00daDE E EDUCA\u00c7\u00c3O, que deve ter tudo o que \u00e9 preciso para uma vida de qualidade, lazer, cultura, casa, comida, roupas. Mas que nisto tudo tenha a consci\u00eancia de que ter o que precisa, n\u00e3o faz dele um capitalista, mas no momento que ele sentir necessidade de TER MAIS do que \u00e9 necess\u00e1rio, sim \u00e9 um capitalista escondido sob uma m\u00e1scara, pois sem n\u00f3s adquirir esta consci\u00eancia nossa luta permanecer\u00e1 por mais trezentos anos e nossas conquistas ser\u00e3o pequenas, e continuaremos vendo algumas lideran\u00e7as crescerem individualmente, na politica na vida. E continuaremos nos perguntando onde eu errei que n\u00e3o consegui subir na vida. E a\u00ed eu te digo, talvez n\u00e3o seja errar a palavra adequada, talvez seja permitir que estas coisas continuem acontecendo. Pois sem uma reflex\u00e3o do que realmente queremos n\u00e3o ser\u00e1 poss\u00edvel mudar nada. \u00c9 direito do individuo ter tr\u00eas empregos, \u00e9 direito do individuo querer duzentos sapatos, a roupa mais cara, \u00e9 direito do individuo querer ganhar mais do que o necess\u00e1rios ter a casa mais bonita, ter muito dinheiro na poupan\u00e7a, isto s\u00e3o escolhas INDIVIDUAIS, mas \u00e9 tamb\u00e9m \u00e9 direito da gente querer construir coletivamente, onde se busque o bem comum. E por isso o momento da pandemia \u00e9 perfeito para a reflex\u00e3o, pois se tudo o que falei n\u00e3o fosse verdade, nossos jornais n\u00e3o estariam cheios de not\u00edcias onde gestores est\u00e3o fraudando licita\u00e7\u00e3o, onde religiosos est\u00e3o vendendo rem\u00e9dios milagrosos, onde pessoas usam do momento de dor para obter algum tipo de lucro, onde se eleva pre\u00e7os, se frauda \u00e1lcool gel. Ent\u00e3o se eu acho que \u00e9 momento de parada, sim \u00e9 momento de n\u00e3o fazer novos projetos, n\u00e3o \u00e9 momento de INVESTIR EM NADA QUE D\u00ca LUCRO, \u00e9 momento de garantir o que temos, nos fortalecer como entidade de LUTA pois o que frente vai vem pela nos patrolar. N\u00e3o pensem que os grandes v\u00e3o ter perdas, eles, podem at\u00e9 n\u00e3o ter o LUCRO almejado, mas perdas jamais, diferente do trabalhador que em qualquer crise \u00e9 o primeiro a perder. E a\u00ed de que adianta um sindicato assistencialista com dezenas de benef\u00edcios que os trabalhadores n\u00e3o poder\u00e3o pagar? Ent\u00e3o nossa responsabilidade como entidade neste momento, \u00e9 sim dizer a todos, vamos parar, vamos refletir, s\u00f3 vamos gastar o que for NECESSIDADE B\u00c1SICA, vamos organizar forma\u00e7\u00f5es onde possamos falar como falava a grande ZILDA ARNS nos anos de fome deste pa\u00eds, que muitos esqueceram, mas milhares de vidas foram salvas com a multimistura. E pelo pa\u00eds todo se espalharam agentes de transforma\u00e7\u00e3o, onde se defendia que em tempo de fartura se compra no supermercado, em tempo de crise se colhe na horta. O que vir\u00e1 nos p\u00f3s pandemia em nas rela\u00e7\u00f5es de trabalho, no poder de compra do trabalhador somente o futuro dir\u00e1, ent\u00e3o vamos aproveitar est\u00e1 parada para nos preparar, para observar, com quem verdadeiramente poderemos contar quando tudo isso passar e for necess\u00e1rio reconstruir.<br \/>\nE para encerrar, o Brasil est\u00e1 fora do grupo mundialmente formado para reconstruir a economia no p\u00f3s pandemia, um dos principais motivos \u00e9 por colocar acima da vida humana a economia, e isto a gente pode adotar em nossas entidades agora, dispender toda nossa energia em valorizar a vida. Atitude esta que deveria ser prioridade para todos os entes federativos, industriais, populares, sindicais, somente manter despesas absolutamente necess\u00e1rias, jur\u00eddico, cont\u00e1bil, luz, \u00e1gua, etc, se for necess\u00e1rio diminuir a estrutura buscando garantir vida, deveriam fazer, n\u00e3o \u00e9 momento de investir, de ter lucro, o \u00fanico investimento que dever\u00edamos ter \u00e9 na vida, pois a pandemia vai ser passageira, tudo o que for material podemos reconstruir, recome\u00e7ar mas nenhuma vida poder\u00e1 ser recuperada. Vamos pensar, vamos analisar, vamos, pois, como disse acima, nosso pa\u00eds estar\u00e1 sozinho, e hoje neste mundo globalizado mais do que nunca ser sozinho, estar fora do coletivo pode trazer benef\u00edcios imediatos, mas n\u00e3o s\u00e3o benef\u00edcios permanentes e garantidos, \u00e9 como arriscar na loteria. E enquanto alguns pa\u00edses est\u00e3o pensando em aumentar o imposto sobre grandes fortunas, n\u00f3s aqui vemos espertinhos querendo fazer fortuna neste per\u00edodo e as grandes fortunas sendo protegidas pelo governo.<\/p>\n<p>N\u00e3o esque\u00e7am, usem os e-mails dispon\u00edveis na pagina <a href=\"http:\/\/www.femergs.com.br\">http:\/\/www.femergs.com.br<\/a>, pe\u00e7am aos diretores auxilio, sugiram temas para discutirmos de forma online, o parar neste momento \u00e9 a grande oportunidade, n\u00e3o de crescer no sentido material, mas crescer de verdade e finalmente na historia do Brasil assumirmos uma postura de sindicato de luta, que vem do anseio do povo e n\u00e3o na forma que foi criado de assistencialismo, para ser usado como cumpridor de pautas que s\u00e3o de responsabilidade do Estado. Devemos ser como um conselho, fiscalizador, cobrador do cumprimento destes direitos frente aos entes estatais.<\/p>\n<p>E n\u00e3o esque\u00e7am, JUNTOS SOMOS INFINITAMENTE MAIS FORTES.\n <\/div>\n","protected":false},"excerpt":{"rendered":"<p>Neste momento em que muitos ainda est\u00e3o perdidos emocionalmente frente a desconhecida pandemia, sugiro que fa\u00e7amos uma reflex\u00e3o critica e pessoal com certos pontos. E tamb\u00e9m queremos dizer que a FEMERGS continua funcionando, apesar da crise financeira causada pelo fim da contribui\u00e7\u00e3o sindical, continuamos sempre a disposi\u00e7\u00e3o dos associados com a estrutura de atendimento de [&hellip;]<\/p>\n","protected":false},"author":1,"featured_media":0,"comment_status":"closed","ping_status":"closed","sticky":false,"template":"","format":"standard","meta":{"_eb_attr":"","_uag_custom_page_level_css":"","fifu_image_url":"","fifu_image_alt":"","footnotes":""},"categories":[1],"tags":[32],"class_list":["post-1248","post","type-post","status-publish","format-standard","hentry","category-arquivadas","tag-null"],"yoast_head":"<!-- This site is optimized with the Yoast SEO plugin v27.1.1 - https:\/\/yoast.com\/product\/yoast-seo-wordpress\/ -->\n<title>REFLEX\u00c3O NA PANDEMIA - Federa\u00e7\u00e3o dos Municip\u00e1rios do Estado do Rio Grande do Sul<\/title>\n<meta name=\"robots\" content=\"index, follow, max-snippet:-1, max-image-preview:large, max-video-preview:-1\" \/>\n<link rel=\"canonical\" href=\"https:\/\/femergs.com.br\/wfe\/blog\/reflexao-na-pandemia\/\" \/>\n<meta property=\"og:locale\" content=\"pt_BR\" \/>\n<meta property=\"og:type\" content=\"article\" \/>\n<meta property=\"og:title\" content=\"REFLEX\u00c3O NA PANDEMIA - Federa\u00e7\u00e3o dos Municip\u00e1rios do Estado do Rio Grande do Sul\" \/>\n<meta property=\"og:description\" content=\"Neste momento em que muitos ainda est\u00e3o perdidos emocionalmente frente a desconhecida pandemia, sugiro que fa\u00e7amos uma reflex\u00e3o critica e pessoal com certos pontos. E tamb\u00e9m queremos dizer que a FEMERGS continua funcionando, apesar da crise financeira causada pelo fim da contribui\u00e7\u00e3o sindical, continuamos sempre a disposi\u00e7\u00e3o dos associados com a estrutura de atendimento de [&hellip;]\" \/>\n<meta property=\"og:url\" content=\"https:\/\/femergs.com.br\/wfe\/blog\/reflexao-na-pandemia\/\" \/>\n<meta property=\"og:site_name\" content=\"Federa\u00e7\u00e3o dos Municip\u00e1rios do Estado do Rio Grande do Sul\" \/>\n<meta property=\"article:publisher\" content=\"https:\/\/www.facebook.com\/profile.php?id=100057151733001\" \/>\n<meta property=\"article:published_time\" content=\"2020-05-30T21:13:21+00:00\" \/>\n<meta name=\"author\" content=\"adminfemergs\" \/>\n<meta name=\"twitter:card\" content=\"summary_large_image\" \/>\n<meta name=\"twitter:label1\" content=\"Escrito por\" \/>\n\t<meta name=\"twitter:data1\" content=\"adminfemergs\" \/>\n\t<meta name=\"twitter:label2\" content=\"Est. tempo de leitura\" \/>\n\t<meta name=\"twitter:data2\" content=\"13 minutos\" \/>\n<script type=\"application\/ld+json\" class=\"yoast-schema-graph\">{\"@context\":\"https:\/\/schema.org\",\"@graph\":[{\"@type\":\"Article\",\"@id\":\"https:\/\/femergs.com.br\/wfe\/blog\/reflexao-na-pandemia\/#article\",\"isPartOf\":{\"@id\":\"https:\/\/femergs.com.br\/wfe\/blog\/reflexao-na-pandemia\/\"},\"author\":{\"name\":\"adminfemergs\",\"@id\":\"https:\/\/femergs.com.br\/wfe\/#\/schema\/person\/f5558e6b5ffc044ee085016237dedb7f\"},\"headline\":\"REFLEX\u00c3O NA PANDEMIA\",\"datePublished\":\"2020-05-30T21:13:21+00:00\",\"mainEntityOfPage\":{\"@id\":\"https:\/\/femergs.com.br\/wfe\/blog\/reflexao-na-pandemia\/\"},\"wordCount\":2628,\"publisher\":{\"@id\":\"https:\/\/femergs.com.br\/wfe\/#organization\"},\"keywords\":[\"NULL\"],\"articleSection\":[\"ARQUIVADAS\"],\"inLanguage\":\"pt-BR\"},{\"@type\":\"WebPage\",\"@id\":\"https:\/\/femergs.com.br\/wfe\/blog\/reflexao-na-pandemia\/\",\"url\":\"https:\/\/femergs.com.br\/wfe\/blog\/reflexao-na-pandemia\/\",\"name\":\"REFLEX\u00c3O NA PANDEMIA - Federa\u00e7\u00e3o dos Municip\u00e1rios do Estado do Rio Grande do Sul\",\"isPartOf\":{\"@id\":\"https:\/\/femergs.com.br\/wfe\/#website\"},\"datePublished\":\"2020-05-30T21:13:21+00:00\",\"breadcrumb\":{\"@id\":\"https:\/\/femergs.com.br\/wfe\/blog\/reflexao-na-pandemia\/#breadcrumb\"},\"inLanguage\":\"pt-BR\",\"potentialAction\":[{\"@type\":\"ReadAction\",\"target\":[\"https:\/\/femergs.com.br\/wfe\/blog\/reflexao-na-pandemia\/\"]}]},{\"@type\":\"BreadcrumbList\",\"@id\":\"https:\/\/femergs.com.br\/wfe\/blog\/reflexao-na-pandemia\/#breadcrumb\",\"itemListElement\":[{\"@type\":\"ListItem\",\"position\":1,\"name\":\"In\u00edcio\",\"item\":\"https:\/\/femergs.com.br\/wfe\/\"},{\"@type\":\"ListItem\",\"position\":2,\"name\":\"REFLEX\u00c3O NA PANDEMIA\"}]},{\"@type\":\"WebSite\",\"@id\":\"https:\/\/femergs.com.br\/wfe\/#website\",\"url\":\"https:\/\/femergs.com.br\/wfe\/\",\"name\":\"FEMERGS\",\"description\":\"FEDERA\u00c7\u00c3O DOS MUNICIP\u00c1RIOS DO ESTADO DO RIO GRANDE DO SUL\",\"publisher\":{\"@id\":\"https:\/\/femergs.com.br\/wfe\/#organization\"},\"potentialAction\":[{\"@type\":\"SearchAction\",\"target\":{\"@type\":\"EntryPoint\",\"urlTemplate\":\"https:\/\/femergs.com.br\/wfe\/?s={search_term_string}\"},\"query-input\":{\"@type\":\"PropertyValueSpecification\",\"valueRequired\":true,\"valueName\":\"search_term_string\"}}],\"inLanguage\":\"pt-BR\"},{\"@type\":\"Organization\",\"@id\":\"https:\/\/femergs.com.br\/wfe\/#organization\",\"name\":\"FEMERGS\",\"url\":\"https:\/\/femergs.com.br\/wfe\/\",\"logo\":{\"@type\":\"ImageObject\",\"inLanguage\":\"pt-BR\",\"@id\":\"https:\/\/femergs.com.br\/wfe\/#\/schema\/logo\/image\/\",\"url\":\"https:\/\/femergs.com.br\/wfe\/wp-content\/uploads\/2025\/06\/logotipo.png\",\"contentUrl\":\"https:\/\/femergs.com.br\/wfe\/wp-content\/uploads\/2025\/06\/logotipo.png\",\"width\":500,\"height\":500,\"caption\":\"FEMERGS\"},\"image\":{\"@id\":\"https:\/\/femergs.com.br\/wfe\/#\/schema\/logo\/image\/\"},\"sameAs\":[\"https:\/\/www.facebook.com\/profile.php?id=100057151733001\",\"https:\/\/www.instagram.com\/femergs_rs\/\"]},{\"@type\":\"Person\",\"@id\":\"https:\/\/femergs.com.br\/wfe\/#\/schema\/person\/f5558e6b5ffc044ee085016237dedb7f\",\"name\":\"adminfemergs\",\"image\":{\"@type\":\"ImageObject\",\"inLanguage\":\"pt-BR\",\"@id\":\"https:\/\/femergs.com.br\/wfe\/#\/schema\/person\/image\/\",\"url\":\"https:\/\/secure.gravatar.com\/avatar\/398642fa557cdd524617ad9b31c938845f071aeb3448b9c0aeb29aefc495337b?s=96&d=mm&r=g\",\"contentUrl\":\"https:\/\/secure.gravatar.com\/avatar\/398642fa557cdd524617ad9b31c938845f071aeb3448b9c0aeb29aefc495337b?s=96&d=mm&r=g\",\"caption\":\"adminfemergs\"},\"sameAs\":[\"https:\/\/femergs.com.br\/wfe\"],\"url\":\"https:\/\/femergs.com.br\/wfe\/blog\/author\/adminfemergs\/\"}]}<\/script>\n<!-- \/ Yoast SEO plugin. -->","yoast_head_json":{"title":"REFLEX\u00c3O NA PANDEMIA - Federa\u00e7\u00e3o dos Municip\u00e1rios do Estado do Rio Grande do Sul","robots":{"index":"index","follow":"follow","max-snippet":"max-snippet:-1","max-image-preview":"max-image-preview:large","max-video-preview":"max-video-preview:-1"},"canonical":"https:\/\/femergs.com.br\/wfe\/blog\/reflexao-na-pandemia\/","og_locale":"pt_BR","og_type":"article","og_title":"REFLEX\u00c3O NA PANDEMIA - Federa\u00e7\u00e3o dos Municip\u00e1rios do Estado do Rio Grande do Sul","og_description":"Neste momento em que muitos ainda est\u00e3o perdidos emocionalmente frente a desconhecida pandemia, sugiro que fa\u00e7amos uma reflex\u00e3o critica e pessoal com certos pontos. E tamb\u00e9m queremos dizer que a FEMERGS continua funcionando, apesar da crise financeira causada pelo fim da contribui\u00e7\u00e3o sindical, continuamos sempre a disposi\u00e7\u00e3o dos associados com a estrutura de atendimento de [&hellip;]","og_url":"https:\/\/femergs.com.br\/wfe\/blog\/reflexao-na-pandemia\/","og_site_name":"Federa\u00e7\u00e3o dos Municip\u00e1rios do Estado do Rio Grande do Sul","article_publisher":"https:\/\/www.facebook.com\/profile.php?id=100057151733001","article_published_time":"2020-05-30T21:13:21+00:00","author":"adminfemergs","twitter_card":"summary_large_image","twitter_misc":{"Escrito por":"adminfemergs","Est. tempo de leitura":"13 minutos"},"schema":{"@context":"https:\/\/schema.org","@graph":[{"@type":"Article","@id":"https:\/\/femergs.com.br\/wfe\/blog\/reflexao-na-pandemia\/#article","isPartOf":{"@id":"https:\/\/femergs.com.br\/wfe\/blog\/reflexao-na-pandemia\/"},"author":{"name":"adminfemergs","@id":"https:\/\/femergs.com.br\/wfe\/#\/schema\/person\/f5558e6b5ffc044ee085016237dedb7f"},"headline":"REFLEX\u00c3O NA PANDEMIA","datePublished":"2020-05-30T21:13:21+00:00","mainEntityOfPage":{"@id":"https:\/\/femergs.com.br\/wfe\/blog\/reflexao-na-pandemia\/"},"wordCount":2628,"publisher":{"@id":"https:\/\/femergs.com.br\/wfe\/#organization"},"keywords":["NULL"],"articleSection":["ARQUIVADAS"],"inLanguage":"pt-BR"},{"@type":"WebPage","@id":"https:\/\/femergs.com.br\/wfe\/blog\/reflexao-na-pandemia\/","url":"https:\/\/femergs.com.br\/wfe\/blog\/reflexao-na-pandemia\/","name":"REFLEX\u00c3O NA PANDEMIA - Federa\u00e7\u00e3o dos Municip\u00e1rios do Estado do Rio Grande do Sul","isPartOf":{"@id":"https:\/\/femergs.com.br\/wfe\/#website"},"datePublished":"2020-05-30T21:13:21+00:00","breadcrumb":{"@id":"https:\/\/femergs.com.br\/wfe\/blog\/reflexao-na-pandemia\/#breadcrumb"},"inLanguage":"pt-BR","potentialAction":[{"@type":"ReadAction","target":["https:\/\/femergs.com.br\/wfe\/blog\/reflexao-na-pandemia\/"]}]},{"@type":"BreadcrumbList","@id":"https:\/\/femergs.com.br\/wfe\/blog\/reflexao-na-pandemia\/#breadcrumb","itemListElement":[{"@type":"ListItem","position":1,"name":"In\u00edcio","item":"https:\/\/femergs.com.br\/wfe\/"},{"@type":"ListItem","position":2,"name":"REFLEX\u00c3O NA PANDEMIA"}]},{"@type":"WebSite","@id":"https:\/\/femergs.com.br\/wfe\/#website","url":"https:\/\/femergs.com.br\/wfe\/","name":"FEMERGS","description":"FEDERA\u00c7\u00c3O DOS MUNICIP\u00c1RIOS DO ESTADO DO RIO GRANDE DO SUL","publisher":{"@id":"https:\/\/femergs.com.br\/wfe\/#organization"},"potentialAction":[{"@type":"SearchAction","target":{"@type":"EntryPoint","urlTemplate":"https:\/\/femergs.com.br\/wfe\/?s={search_term_string}"},"query-input":{"@type":"PropertyValueSpecification","valueRequired":true,"valueName":"search_term_string"}}],"inLanguage":"pt-BR"},{"@type":"Organization","@id":"https:\/\/femergs.com.br\/wfe\/#organization","name":"FEMERGS","url":"https:\/\/femergs.com.br\/wfe\/","logo":{"@type":"ImageObject","inLanguage":"pt-BR","@id":"https:\/\/femergs.com.br\/wfe\/#\/schema\/logo\/image\/","url":"https:\/\/femergs.com.br\/wfe\/wp-content\/uploads\/2025\/06\/logotipo.png","contentUrl":"https:\/\/femergs.com.br\/wfe\/wp-content\/uploads\/2025\/06\/logotipo.png","width":500,"height":500,"caption":"FEMERGS"},"image":{"@id":"https:\/\/femergs.com.br\/wfe\/#\/schema\/logo\/image\/"},"sameAs":["https:\/\/www.facebook.com\/profile.php?id=100057151733001","https:\/\/www.instagram.com\/femergs_rs\/"]},{"@type":"Person","@id":"https:\/\/femergs.com.br\/wfe\/#\/schema\/person\/f5558e6b5ffc044ee085016237dedb7f","name":"adminfemergs","image":{"@type":"ImageObject","inLanguage":"pt-BR","@id":"https:\/\/femergs.com.br\/wfe\/#\/schema\/person\/image\/","url":"https:\/\/secure.gravatar.com\/avatar\/398642fa557cdd524617ad9b31c938845f071aeb3448b9c0aeb29aefc495337b?s=96&d=mm&r=g","contentUrl":"https:\/\/secure.gravatar.com\/avatar\/398642fa557cdd524617ad9b31c938845f071aeb3448b9c0aeb29aefc495337b?s=96&d=mm&r=g","caption":"adminfemergs"},"sameAs":["https:\/\/femergs.com.br\/wfe"],"url":"https:\/\/femergs.com.br\/wfe\/blog\/author\/adminfemergs\/"}]}},"uagb_featured_image_src":{"full":false,"thumbnail":false,"medium":false,"medium_large":false,"large":false,"1536x1536":false,"2048x2048":false,"ultp_layout_landscape_large":false,"ultp_layout_landscape":false,"ultp_layout_portrait":false,"ultp_layout_square":false},"uagb_author_info":{"display_name":"adminfemergs","author_link":"https:\/\/femergs.com.br\/wfe\/blog\/author\/adminfemergs\/"},"uagb_comment_info":0,"uagb_excerpt":"Neste momento em que muitos ainda est\u00e3o perdidos emocionalmente frente a desconhecida pandemia, sugiro que fa\u00e7amos uma reflex\u00e3o critica e pessoal com certos pontos. E tamb\u00e9m queremos dizer que a FEMERGS continua funcionando, apesar da crise financeira causada pelo fim da contribui\u00e7\u00e3o sindical, continuamos sempre a disposi\u00e7\u00e3o dos associados com a estrutura de atendimento de&hellip;","_links":{"self":[{"href":"https:\/\/femergs.com.br\/wfe\/wp-json\/wp\/v2\/posts\/1248","targetHints":{"allow":["GET"]}}],"collection":[{"href":"https:\/\/femergs.com.br\/wfe\/wp-json\/wp\/v2\/posts"}],"about":[{"href":"https:\/\/femergs.com.br\/wfe\/wp-json\/wp\/v2\/types\/post"}],"author":[{"embeddable":true,"href":"https:\/\/femergs.com.br\/wfe\/wp-json\/wp\/v2\/users\/1"}],"replies":[{"embeddable":true,"href":"https:\/\/femergs.com.br\/wfe\/wp-json\/wp\/v2\/comments?post=1248"}],"version-history":[{"count":0,"href":"https:\/\/femergs.com.br\/wfe\/wp-json\/wp\/v2\/posts\/1248\/revisions"}],"wp:attachment":[{"href":"https:\/\/femergs.com.br\/wfe\/wp-json\/wp\/v2\/media?parent=1248"}],"wp:term":[{"taxonomy":"category","embeddable":true,"href":"https:\/\/femergs.com.br\/wfe\/wp-json\/wp\/v2\/categories?post=1248"},{"taxonomy":"post_tag","embeddable":true,"href":"https:\/\/femergs.com.br\/wfe\/wp-json\/wp\/v2\/tags?post=1248"}],"curies":[{"name":"wp","href":"https:\/\/api.w.org\/{rel}","templated":true}]}}