{"id":1249,"date":"2020-06-03T19:39:44","date_gmt":"2020-06-03T19:39:44","guid":{"rendered":"https:\/\/femergs.com.br\/wfe\/blog\/femergs-defesa-da-democracia-e-da-vida\/"},"modified":"2020-06-03T19:39:44","modified_gmt":"2020-06-03T19:39:44","slug":"femergs-defesa-da-democracia-e-da-vida","status":"publish","type":"post","link":"https:\/\/femergs.com.br\/wfe\/blog\/femergs-defesa-da-democracia-e-da-vida\/","title":{"rendered":"FEMERGS &#8211; DEFESA DA DEMOCRACIA E DA VIDA"},"content":{"rendered":"<p>A FEMERGS \u2013 FEDERA\u00c7\u00c3O DOS MUNICIP\u00c1RIOS DO ESTADO DO RIO GRANDE DO SUL, em conson\u00e2ncia com suas inst\u00e2ncias deliberativas, em especial ao Plano de Lutas da PLEN\u00c1RIA DE FREDERICO WESTPHALEN, vem pelo presente se manifestar publicamente na defesa da DEMOCRACIA, das institui\u00e7\u00f5es do Estado Democr\u00e1tico de Direito e tamb\u00e9m da VIDA.<br \/>\nA liberdade n\u00e3o \u00e9 algo que todos podem tudo o que querem. Temos um Texto Constitucional, em que o Direito a VIDA \u00e9 o direito que precede a todos os outros. N\u00e3o existe Liberdade fora da DEMOCRACIA.<br \/>\nPrecisamos da radicalidade da defesa da Constitui\u00e7\u00e3o. Est\u00e1 previsto a independ\u00eancia dos poderes da Rep\u00fablica, e estamos convictos que todos devemos conhecer e defender os objetivos constitucionais, bem como os direitos individuais e sociais previstos. Precisamos estender a m\u00e3o a todos que defendem a DEMOCRACIA, institui\u00e7\u00f5es, partidos pol\u00edticos, lideran\u00e7as pol\u00edticas, lideran\u00e7as sindicais, lideran\u00e7as religiosas Etc&#8230; primando pelo Bem Estar Social que est\u00e1 previsto no texto Constitucional;<br \/>\nO que estamos presenciando no Brasil, s\u00e3o ataques di\u00e1rios a DEMOCRACIA \/ Institui\u00e7\u00f5es, sugerindo \u201crupturas\u201d por parte da Presid\u00eancia da Rep\u00fablica e seus apoiadores. S\u00e3o atos, fatos que v\u00e3o se repetindo sistematicamente.<br \/>\nVivemos uma PANDEMIA, aonde o presidente da rep\u00fablica destoa da Ci\u00eancia, da Organiza\u00e7\u00e3o Mundial da Sa\u00fade, dos T\u00e9cnicos, demonstrando pouco caso com a VIDA das pessoas, colocando o seu Governo na contram\u00e3o do mundo, preocupado essencialmente com a Economia, com reelei\u00e7\u00e3o, relativizando a grave CRISE que j\u00e1 levou a morte dezenas de milhares de pessoas.<br \/>\nEstamos perplexos, indignados, diante das atitudes, falas e a\u00e7\u00f5es da Presid\u00eancia da Rep\u00fablica e apoiadores, com os ataques sistem\u00e1ticos a DEMOCRACIA, fazendo alus\u00e3o ao fechamento do Congresso, do STF, ao AI5, e das atitudes de desprezo, de pouco caso pela VIDA das pessoas.<br \/>\nA exemplo de muitas entidades, A FEMERGS conclama a todos os seus Sindicatos, a sociedade como um todo, para nos manifestarmos, construirmos grandes movimentos de resist\u00eancia visando a defesa da DEMOCRACIA, da CONSTITUI\u00c7\u00c3O e da VIDA.<br \/>\nBASTA DE VIOL\u00caNCIA<br \/>\nRESPEITO AS LIBERDADES E INSTITUI\u00c7\u00d5ES<br \/>\nVALORIZA\u00c7\u00c3O DO ESTADO DEMOCR\u00c1TICO DE DIREITO \/ DAS INSTITUI\u00c7\u00d5ES \/ DOS SERVI\u00c7OS P\u00daBLICOS E DOS SERVIDORES P\u00daBLICOS<\/p>\n","protected":false},"excerpt":{"rendered":"<p>A FEMERGS \u2013 FEDERA\u00c7\u00c3O DOS MUNICIP\u00c1RIOS DO ESTADO DO RIO GRANDE DO SUL, em conson\u00e2ncia com suas inst\u00e2ncias deliberativas, em especial ao Plano de Lutas da PLEN\u00c1RIA DE FREDERICO WESTPHALEN, vem pelo presente se manifestar publicamente na defesa da DEMOCRACIA, das institui\u00e7\u00f5es do Estado Democr\u00e1tico de Direito e tamb\u00e9m da VIDA. A liberdade n\u00e3o \u00e9 [&hellip;]<\/p>\n","protected":false},"author":1,"featured_media":0,"comment_status":"closed","ping_status":"closed","sticky":false,"template":"","format":"standard","meta":{"_eb_attr":"","_uag_custom_page_level_css":"","fifu_image_url":"","fifu_image_alt":"","footnotes":""},"categories":[1],"tags":[32],"class_list":["post-1249","post","type-post","status-publish","format-standard","hentry","category-arquivadas","tag-null"],"yoast_head":"<!-- This site is optimized with the Yoast SEO plugin v27.1.1 - https:\/\/yoast.com\/product\/yoast-seo-wordpress\/ -->\n<title>FEMERGS - DEFESA DA DEMOCRACIA E DA VIDA - Federa\u00e7\u00e3o dos Municip\u00e1rios do Estado do Rio Grande do Sul<\/title>\n<meta name=\"robots\" content=\"index, follow, max-snippet:-1, max-image-preview:large, max-video-preview:-1\" \/>\n<link rel=\"canonical\" href=\"https:\/\/femergs.com.br\/wfe\/blog\/femergs-defesa-da-democracia-e-da-vida\/\" \/>\n<meta property=\"og:locale\" content=\"pt_BR\" \/>\n<meta property=\"og:type\" content=\"article\" \/>\n<meta property=\"og:title\" content=\"FEMERGS - DEFESA DA DEMOCRACIA E DA VIDA - Federa\u00e7\u00e3o dos Municip\u00e1rios do Estado do Rio Grande do Sul\" \/>\n<meta property=\"og:description\" content=\"A FEMERGS \u2013 FEDERA\u00c7\u00c3O DOS MUNICIP\u00c1RIOS DO ESTADO DO RIO GRANDE DO SUL, em conson\u00e2ncia com suas inst\u00e2ncias deliberativas, em especial ao Plano de Lutas da PLEN\u00c1RIA DE FREDERICO WESTPHALEN, vem pelo presente se manifestar publicamente na defesa da DEMOCRACIA, das institui\u00e7\u00f5es do Estado Democr\u00e1tico de Direito e tamb\u00e9m da VIDA. A liberdade n\u00e3o \u00e9 [&hellip;]\" \/>\n<meta property=\"og:url\" content=\"https:\/\/femergs.com.br\/wfe\/blog\/femergs-defesa-da-democracia-e-da-vida\/\" \/>\n<meta property=\"og:site_name\" content=\"Federa\u00e7\u00e3o dos Municip\u00e1rios do Estado do Rio Grande do Sul\" \/>\n<meta property=\"article:publisher\" content=\"https:\/\/www.facebook.com\/profile.php?id=100057151733001\" \/>\n<meta property=\"article:published_time\" content=\"2020-06-03T19:39:44+00:00\" \/>\n<meta name=\"author\" content=\"adminfemergs\" \/>\n<meta name=\"twitter:card\" content=\"summary_large_image\" \/>\n<meta name=\"twitter:label1\" content=\"Escrito por\" \/>\n\t<meta name=\"twitter:data1\" content=\"adminfemergs\" \/>\n\t<meta name=\"twitter:label2\" content=\"Est. tempo de leitura\" \/>\n\t<meta name=\"twitter:data2\" content=\"2 minutos\" \/>\n<script type=\"application\/ld+json\" class=\"yoast-schema-graph\">{\"@context\":\"https:\/\/schema.org\",\"@graph\":[{\"@type\":\"Article\",\"@id\":\"https:\/\/femergs.com.br\/wfe\/blog\/femergs-defesa-da-democracia-e-da-vida\/#article\",\"isPartOf\":{\"@id\":\"https:\/\/femergs.com.br\/wfe\/blog\/femergs-defesa-da-democracia-e-da-vida\/\"},\"author\":{\"name\":\"adminfemergs\",\"@id\":\"https:\/\/femergs.com.br\/wfe\/#\/schema\/person\/f5558e6b5ffc044ee085016237dedb7f\"},\"headline\":\"FEMERGS &#8211; DEFESA DA DEMOCRACIA E DA VIDA\",\"datePublished\":\"2020-06-03T19:39:44+00:00\",\"mainEntityOfPage\":{\"@id\":\"https:\/\/femergs.com.br\/wfe\/blog\/femergs-defesa-da-democracia-e-da-vida\/\"},\"wordCount\":396,\"publisher\":{\"@id\":\"https:\/\/femergs.com.br\/wfe\/#organization\"},\"keywords\":[\"NULL\"],\"articleSection\":[\"ARQUIVADAS\"],\"inLanguage\":\"pt-BR\"},{\"@type\":\"WebPage\",\"@id\":\"https:\/\/femergs.com.br\/wfe\/blog\/femergs-defesa-da-democracia-e-da-vida\/\",\"url\":\"https:\/\/femergs.com.br\/wfe\/blog\/femergs-defesa-da-democracia-e-da-vida\/\",\"name\":\"FEMERGS - DEFESA DA DEMOCRACIA E DA VIDA - Federa\u00e7\u00e3o dos Municip\u00e1rios do Estado do Rio Grande do Sul\",\"isPartOf\":{\"@id\":\"https:\/\/femergs.com.br\/wfe\/#website\"},\"datePublished\":\"2020-06-03T19:39:44+00:00\",\"breadcrumb\":{\"@id\":\"https:\/\/femergs.com.br\/wfe\/blog\/femergs-defesa-da-democracia-e-da-vida\/#breadcrumb\"},\"inLanguage\":\"pt-BR\",\"potentialAction\":[{\"@type\":\"ReadAction\",\"target\":[\"https:\/\/femergs.com.br\/wfe\/blog\/femergs-defesa-da-democracia-e-da-vida\/\"]}]},{\"@type\":\"BreadcrumbList\",\"@id\":\"https:\/\/femergs.com.br\/wfe\/blog\/femergs-defesa-da-democracia-e-da-vida\/#breadcrumb\",\"itemListElement\":[{\"@type\":\"ListItem\",\"position\":1,\"name\":\"In\u00edcio\",\"item\":\"https:\/\/femergs.com.br\/wfe\/\"},{\"@type\":\"ListItem\",\"position\":2,\"name\":\"FEMERGS &#8211; DEFESA DA DEMOCRACIA E DA VIDA\"}]},{\"@type\":\"WebSite\",\"@id\":\"https:\/\/femergs.com.br\/wfe\/#website\",\"url\":\"https:\/\/femergs.com.br\/wfe\/\",\"name\":\"FEMERGS\",\"description\":\"FEDERA\u00c7\u00c3O DOS MUNICIP\u00c1RIOS DO ESTADO DO RIO GRANDE DO SUL\",\"publisher\":{\"@id\":\"https:\/\/femergs.com.br\/wfe\/#organization\"},\"potentialAction\":[{\"@type\":\"SearchAction\",\"target\":{\"@type\":\"EntryPoint\",\"urlTemplate\":\"https:\/\/femergs.com.br\/wfe\/?s={search_term_string}\"},\"query-input\":{\"@type\":\"PropertyValueSpecification\",\"valueRequired\":true,\"valueName\":\"search_term_string\"}}],\"inLanguage\":\"pt-BR\"},{\"@type\":\"Organization\",\"@id\":\"https:\/\/femergs.com.br\/wfe\/#organization\",\"name\":\"FEMERGS\",\"url\":\"https:\/\/femergs.com.br\/wfe\/\",\"logo\":{\"@type\":\"ImageObject\",\"inLanguage\":\"pt-BR\",\"@id\":\"https:\/\/femergs.com.br\/wfe\/#\/schema\/logo\/image\/\",\"url\":\"https:\/\/femergs.com.br\/wfe\/wp-content\/uploads\/2025\/06\/logotipo.png\",\"contentUrl\":\"https:\/\/femergs.com.br\/wfe\/wp-content\/uploads\/2025\/06\/logotipo.png\",\"width\":500,\"height\":500,\"caption\":\"FEMERGS\"},\"image\":{\"@id\":\"https:\/\/femergs.com.br\/wfe\/#\/schema\/logo\/image\/\"},\"sameAs\":[\"https:\/\/www.facebook.com\/profile.php?id=100057151733001\",\"https:\/\/www.instagram.com\/femergs_rs\/\"]},{\"@type\":\"Person\",\"@id\":\"https:\/\/femergs.com.br\/wfe\/#\/schema\/person\/f5558e6b5ffc044ee085016237dedb7f\",\"name\":\"adminfemergs\",\"image\":{\"@type\":\"ImageObject\",\"inLanguage\":\"pt-BR\",\"@id\":\"https:\/\/femergs.com.br\/wfe\/#\/schema\/person\/image\/\",\"url\":\"https:\/\/secure.gravatar.com\/avatar\/398642fa557cdd524617ad9b31c938845f071aeb3448b9c0aeb29aefc495337b?s=96&d=mm&r=g\",\"contentUrl\":\"https:\/\/secure.gravatar.com\/avatar\/398642fa557cdd524617ad9b31c938845f071aeb3448b9c0aeb29aefc495337b?s=96&d=mm&r=g\",\"caption\":\"adminfemergs\"},\"sameAs\":[\"https:\/\/femergs.com.br\/wfe\"],\"url\":\"https:\/\/femergs.com.br\/wfe\/blog\/author\/adminfemergs\/\"}]}<\/script>\n<!-- \/ Yoast SEO plugin. -->","yoast_head_json":{"title":"FEMERGS - DEFESA DA DEMOCRACIA E DA VIDA - Federa\u00e7\u00e3o dos Municip\u00e1rios do Estado do Rio Grande do Sul","robots":{"index":"index","follow":"follow","max-snippet":"max-snippet:-1","max-image-preview":"max-image-preview:large","max-video-preview":"max-video-preview:-1"},"canonical":"https:\/\/femergs.com.br\/wfe\/blog\/femergs-defesa-da-democracia-e-da-vida\/","og_locale":"pt_BR","og_type":"article","og_title":"FEMERGS - DEFESA DA DEMOCRACIA E DA VIDA - Federa\u00e7\u00e3o dos Municip\u00e1rios do Estado do Rio Grande do Sul","og_description":"A FEMERGS \u2013 FEDERA\u00c7\u00c3O DOS MUNICIP\u00c1RIOS DO ESTADO DO RIO GRANDE DO SUL, em conson\u00e2ncia com suas inst\u00e2ncias deliberativas, em especial ao Plano de Lutas da PLEN\u00c1RIA DE FREDERICO WESTPHALEN, vem pelo presente se manifestar publicamente na defesa da DEMOCRACIA, das institui\u00e7\u00f5es do Estado Democr\u00e1tico de Direito e tamb\u00e9m da VIDA. A liberdade n\u00e3o \u00e9 [&hellip;]","og_url":"https:\/\/femergs.com.br\/wfe\/blog\/femergs-defesa-da-democracia-e-da-vida\/","og_site_name":"Federa\u00e7\u00e3o dos Municip\u00e1rios do Estado do Rio Grande do Sul","article_publisher":"https:\/\/www.facebook.com\/profile.php?id=100057151733001","article_published_time":"2020-06-03T19:39:44+00:00","author":"adminfemergs","twitter_card":"summary_large_image","twitter_misc":{"Escrito por":"adminfemergs","Est. tempo de leitura":"2 minutos"},"schema":{"@context":"https:\/\/schema.org","@graph":[{"@type":"Article","@id":"https:\/\/femergs.com.br\/wfe\/blog\/femergs-defesa-da-democracia-e-da-vida\/#article","isPartOf":{"@id":"https:\/\/femergs.com.br\/wfe\/blog\/femergs-defesa-da-democracia-e-da-vida\/"},"author":{"name":"adminfemergs","@id":"https:\/\/femergs.com.br\/wfe\/#\/schema\/person\/f5558e6b5ffc044ee085016237dedb7f"},"headline":"FEMERGS &#8211; DEFESA DA DEMOCRACIA E DA VIDA","datePublished":"2020-06-03T19:39:44+00:00","mainEntityOfPage":{"@id":"https:\/\/femergs.com.br\/wfe\/blog\/femergs-defesa-da-democracia-e-da-vida\/"},"wordCount":396,"publisher":{"@id":"https:\/\/femergs.com.br\/wfe\/#organization"},"keywords":["NULL"],"articleSection":["ARQUIVADAS"],"inLanguage":"pt-BR"},{"@type":"WebPage","@id":"https:\/\/femergs.com.br\/wfe\/blog\/femergs-defesa-da-democracia-e-da-vida\/","url":"https:\/\/femergs.com.br\/wfe\/blog\/femergs-defesa-da-democracia-e-da-vida\/","name":"FEMERGS - DEFESA DA DEMOCRACIA E DA VIDA - Federa\u00e7\u00e3o dos Municip\u00e1rios do Estado do Rio Grande do Sul","isPartOf":{"@id":"https:\/\/femergs.com.br\/wfe\/#website"},"datePublished":"2020-06-03T19:39:44+00:00","breadcrumb":{"@id":"https:\/\/femergs.com.br\/wfe\/blog\/femergs-defesa-da-democracia-e-da-vida\/#breadcrumb"},"inLanguage":"pt-BR","potentialAction":[{"@type":"ReadAction","target":["https:\/\/femergs.com.br\/wfe\/blog\/femergs-defesa-da-democracia-e-da-vida\/"]}]},{"@type":"BreadcrumbList","@id":"https:\/\/femergs.com.br\/wfe\/blog\/femergs-defesa-da-democracia-e-da-vida\/#breadcrumb","itemListElement":[{"@type":"ListItem","position":1,"name":"In\u00edcio","item":"https:\/\/femergs.com.br\/wfe\/"},{"@type":"ListItem","position":2,"name":"FEMERGS &#8211; DEFESA DA DEMOCRACIA E DA VIDA"}]},{"@type":"WebSite","@id":"https:\/\/femergs.com.br\/wfe\/#website","url":"https:\/\/femergs.com.br\/wfe\/","name":"FEMERGS","description":"FEDERA\u00c7\u00c3O DOS MUNICIP\u00c1RIOS DO ESTADO DO RIO GRANDE DO SUL","publisher":{"@id":"https:\/\/femergs.com.br\/wfe\/#organization"},"potentialAction":[{"@type":"SearchAction","target":{"@type":"EntryPoint","urlTemplate":"https:\/\/femergs.com.br\/wfe\/?s={search_term_string}"},"query-input":{"@type":"PropertyValueSpecification","valueRequired":true,"valueName":"search_term_string"}}],"inLanguage":"pt-BR"},{"@type":"Organization","@id":"https:\/\/femergs.com.br\/wfe\/#organization","name":"FEMERGS","url":"https:\/\/femergs.com.br\/wfe\/","logo":{"@type":"ImageObject","inLanguage":"pt-BR","@id":"https:\/\/femergs.com.br\/wfe\/#\/schema\/logo\/image\/","url":"https:\/\/femergs.com.br\/wfe\/wp-content\/uploads\/2025\/06\/logotipo.png","contentUrl":"https:\/\/femergs.com.br\/wfe\/wp-content\/uploads\/2025\/06\/logotipo.png","width":500,"height":500,"caption":"FEMERGS"},"image":{"@id":"https:\/\/femergs.com.br\/wfe\/#\/schema\/logo\/image\/"},"sameAs":["https:\/\/www.facebook.com\/profile.php?id=100057151733001","https:\/\/www.instagram.com\/femergs_rs\/"]},{"@type":"Person","@id":"https:\/\/femergs.com.br\/wfe\/#\/schema\/person\/f5558e6b5ffc044ee085016237dedb7f","name":"adminfemergs","image":{"@type":"ImageObject","inLanguage":"pt-BR","@id":"https:\/\/femergs.com.br\/wfe\/#\/schema\/person\/image\/","url":"https:\/\/secure.gravatar.com\/avatar\/398642fa557cdd524617ad9b31c938845f071aeb3448b9c0aeb29aefc495337b?s=96&d=mm&r=g","contentUrl":"https:\/\/secure.gravatar.com\/avatar\/398642fa557cdd524617ad9b31c938845f071aeb3448b9c0aeb29aefc495337b?s=96&d=mm&r=g","caption":"adminfemergs"},"sameAs":["https:\/\/femergs.com.br\/wfe"],"url":"https:\/\/femergs.com.br\/wfe\/blog\/author\/adminfemergs\/"}]}},"uagb_featured_image_src":{"full":false,"thumbnail":false,"medium":false,"medium_large":false,"large":false,"1536x1536":false,"2048x2048":false,"ultp_layout_landscape_large":false,"ultp_layout_landscape":false,"ultp_layout_portrait":false,"ultp_layout_square":false},"uagb_author_info":{"display_name":"adminfemergs","author_link":"https:\/\/femergs.com.br\/wfe\/blog\/author\/adminfemergs\/"},"uagb_comment_info":0,"uagb_excerpt":"A FEMERGS \u2013 FEDERA\u00c7\u00c3O DOS MUNICIP\u00c1RIOS DO ESTADO DO RIO GRANDE DO SUL, em conson\u00e2ncia com suas inst\u00e2ncias deliberativas, em especial ao Plano de Lutas da PLEN\u00c1RIA DE FREDERICO WESTPHALEN, vem pelo presente se manifestar publicamente na defesa da DEMOCRACIA, das institui\u00e7\u00f5es do Estado Democr\u00e1tico de Direito e tamb\u00e9m da VIDA. A liberdade n\u00e3o \u00e9&hellip;","_links":{"self":[{"href":"https:\/\/femergs.com.br\/wfe\/wp-json\/wp\/v2\/posts\/1249","targetHints":{"allow":["GET"]}}],"collection":[{"href":"https:\/\/femergs.com.br\/wfe\/wp-json\/wp\/v2\/posts"}],"about":[{"href":"https:\/\/femergs.com.br\/wfe\/wp-json\/wp\/v2\/types\/post"}],"author":[{"embeddable":true,"href":"https:\/\/femergs.com.br\/wfe\/wp-json\/wp\/v2\/users\/1"}],"replies":[{"embeddable":true,"href":"https:\/\/femergs.com.br\/wfe\/wp-json\/wp\/v2\/comments?post=1249"}],"version-history":[{"count":0,"href":"https:\/\/femergs.com.br\/wfe\/wp-json\/wp\/v2\/posts\/1249\/revisions"}],"wp:attachment":[{"href":"https:\/\/femergs.com.br\/wfe\/wp-json\/wp\/v2\/media?parent=1249"}],"wp:term":[{"taxonomy":"category","embeddable":true,"href":"https:\/\/femergs.com.br\/wfe\/wp-json\/wp\/v2\/categories?post=1249"},{"taxonomy":"post_tag","embeddable":true,"href":"https:\/\/femergs.com.br\/wfe\/wp-json\/wp\/v2\/tags?post=1249"}],"curies":[{"name":"wp","href":"https:\/\/api.w.org\/{rel}","templated":true}]}}