{"id":1250,"date":"2020-06-18T21:21:29","date_gmt":"2020-06-18T21:21:29","guid":{"rendered":"https:\/\/femergs.com.br\/wfe\/blog\/novo-fundeb\/"},"modified":"2020-06-18T21:21:29","modified_gmt":"2020-06-18T21:21:29","slug":"novo-fundeb","status":"publish","type":"post","link":"https:\/\/femergs.com.br\/wfe\/blog\/novo-fundeb\/","title":{"rendered":"NOVO FUNDEB"},"content":{"rendered":"<div style=\"text-align: justify;\">Diante da situa\u00e7\u00e3o de pandemia COVID19 que estamos vivenciando,  precisamos estar atentos ao que esta acontecendo no nosso Pa\u00eds. A Educa\u00e7\u00e3o \u00e9 um tema de supra import\u00e2ncia observada em outros Pa\u00edses, diferente do que observamos aqui onde n\u00e3o se faz nada para tirarmos o Brasil dos \u00faltimos lugares no ranking de qualidade da Educa\u00e7\u00e3o. Somos uma na\u00e7\u00e3o que parece desprezar a educa\u00e7\u00e3o. \u00c9 certo, tamb\u00e9m que a gest\u00e3o da crise em rela\u00e7\u00e3o a pandemia tem sido um verdadeiro desastre. N\u00e3o h\u00e1 coordena\u00e7\u00e3o, n\u00e3o h\u00e1 lideran\u00e7a nacional e o Pa\u00eds parece um barco \u00e0 deriva. A Educa\u00e7\u00e3o est\u00e1 sem rumo.<\/p>\n<p>Por isso precisamos urgentemente transformar o FUNDEB como pol\u00edtica permanente de Estado.<\/p><\/div>\n<div style=\"text-align: justify;\">O FUNDEB \u00e9 a principal fonte de recursos para financiamentos da Educa\u00e7\u00e3o e seu prazo de vig\u00eancia  estabelecido na EC n\u00b053\/2006 at\u00e9 14 anos e logo ele encerra-se at\u00e9 o final de 2020.<\/div>\n<div style=\"text-align: justify;\">\nPortanto precisamos da aprova\u00e7\u00e3o no Novo FUNDEB para garantirmos uma Educa\u00e7\u00e3o de qualidade com a valoriza\u00e7\u00e3o de seus profissionais. Nada \u00e9 mais importante para a Educa\u00e7\u00e3o Brasileira do que financia-la do ponto de vista p\u00fablico. \u00c9 a Educa\u00e7\u00e3o que vai garantir e defender as crian\u00e7as e jovens do Brasil do seu presente e seu futuro. Vai nos permitir que tenhamos em um menor tempo poss\u00edvel um pa\u00eds mais igualit\u00e1rio, critico, solid\u00e1rio e justo.<\/div>\n<div style=\"text-align: justify;\">Por isso  Federa\u00e7\u00e3o dos Municiparios do Rio Grande Do Sul -FEMERGS atrav\u00e9s da Diretora da pasta da Educa\u00e7\u00e3o Rosani Maria Lima Stocker e do assessor jur\u00eddico da FEMERGS Eduardo Berchorner  est\u00e3o organizando uma live sobre o FUNDEB para debatermos sobre o \u201c NOVO FUNDEB\u201d, e a Lei Complementar 173\/20 e seus efeitos.<\/div>\n","protected":false},"excerpt":{"rendered":"<p>Diante da situa\u00e7\u00e3o de pandemia COVID19 que estamos vivenciando, precisamos estar atentos ao que esta acontecendo no nosso Pa\u00eds. A Educa\u00e7\u00e3o \u00e9 um tema de supra import\u00e2ncia observada em outros Pa\u00edses, diferente do que observamos aqui onde n\u00e3o se faz nada para tirarmos o Brasil dos \u00faltimos lugares no ranking de qualidade da Educa\u00e7\u00e3o. Somos [&hellip;]<\/p>\n","protected":false},"author":1,"featured_media":0,"comment_status":"closed","ping_status":"closed","sticky":false,"template":"","format":"standard","meta":{"_eb_attr":"","_uag_custom_page_level_css":"","fifu_image_url":"","fifu_image_alt":"","footnotes":""},"categories":[1],"tags":[32],"class_list":["post-1250","post","type-post","status-publish","format-standard","hentry","category-arquivadas","tag-null"],"yoast_head":"<!-- This site is optimized with the Yoast SEO plugin v27.1.1 - https:\/\/yoast.com\/product\/yoast-seo-wordpress\/ -->\n<title>NOVO FUNDEB - Federa\u00e7\u00e3o dos Municip\u00e1rios do Estado do Rio Grande do Sul<\/title>\n<meta name=\"robots\" content=\"index, follow, max-snippet:-1, max-image-preview:large, max-video-preview:-1\" \/>\n<link rel=\"canonical\" href=\"https:\/\/femergs.com.br\/wfe\/blog\/novo-fundeb\/\" \/>\n<meta property=\"og:locale\" content=\"pt_BR\" \/>\n<meta property=\"og:type\" content=\"article\" \/>\n<meta property=\"og:title\" content=\"NOVO FUNDEB - Federa\u00e7\u00e3o dos Municip\u00e1rios do Estado do Rio Grande do Sul\" \/>\n<meta property=\"og:description\" content=\"Diante da situa\u00e7\u00e3o de pandemia COVID19 que estamos vivenciando, precisamos estar atentos ao que esta acontecendo no nosso Pa\u00eds. A Educa\u00e7\u00e3o \u00e9 um tema de supra import\u00e2ncia observada em outros Pa\u00edses, diferente do que observamos aqui onde n\u00e3o se faz nada para tirarmos o Brasil dos \u00faltimos lugares no ranking de qualidade da Educa\u00e7\u00e3o. Somos [&hellip;]\" \/>\n<meta property=\"og:url\" content=\"https:\/\/femergs.com.br\/wfe\/blog\/novo-fundeb\/\" \/>\n<meta property=\"og:site_name\" content=\"Federa\u00e7\u00e3o dos Municip\u00e1rios do Estado do Rio Grande do Sul\" \/>\n<meta property=\"article:publisher\" content=\"https:\/\/www.facebook.com\/profile.php?id=100057151733001\" \/>\n<meta property=\"article:published_time\" content=\"2020-06-18T21:21:29+00:00\" \/>\n<meta name=\"author\" content=\"adminfemergs\" \/>\n<meta name=\"twitter:card\" content=\"summary_large_image\" \/>\n<meta name=\"twitter:label1\" content=\"Escrito por\" \/>\n\t<meta name=\"twitter:data1\" content=\"adminfemergs\" \/>\n\t<meta name=\"twitter:label2\" content=\"Est. tempo de leitura\" \/>\n\t<meta name=\"twitter:data2\" content=\"1 minuto\" \/>\n<script type=\"application\/ld+json\" class=\"yoast-schema-graph\">{\"@context\":\"https:\/\/schema.org\",\"@graph\":[{\"@type\":\"Article\",\"@id\":\"https:\/\/femergs.com.br\/wfe\/blog\/novo-fundeb\/#article\",\"isPartOf\":{\"@id\":\"https:\/\/femergs.com.br\/wfe\/blog\/novo-fundeb\/\"},\"author\":{\"name\":\"adminfemergs\",\"@id\":\"https:\/\/femergs.com.br\/wfe\/#\/schema\/person\/f5558e6b5ffc044ee085016237dedb7f\"},\"headline\":\"NOVO FUNDEB\",\"datePublished\":\"2020-06-18T21:21:29+00:00\",\"mainEntityOfPage\":{\"@id\":\"https:\/\/femergs.com.br\/wfe\/blog\/novo-fundeb\/\"},\"wordCount\":298,\"publisher\":{\"@id\":\"https:\/\/femergs.com.br\/wfe\/#organization\"},\"keywords\":[\"NULL\"],\"articleSection\":[\"ARQUIVADAS\"],\"inLanguage\":\"pt-BR\"},{\"@type\":\"WebPage\",\"@id\":\"https:\/\/femergs.com.br\/wfe\/blog\/novo-fundeb\/\",\"url\":\"https:\/\/femergs.com.br\/wfe\/blog\/novo-fundeb\/\",\"name\":\"NOVO FUNDEB - Federa\u00e7\u00e3o dos Municip\u00e1rios do Estado do Rio Grande do Sul\",\"isPartOf\":{\"@id\":\"https:\/\/femergs.com.br\/wfe\/#website\"},\"datePublished\":\"2020-06-18T21:21:29+00:00\",\"breadcrumb\":{\"@id\":\"https:\/\/femergs.com.br\/wfe\/blog\/novo-fundeb\/#breadcrumb\"},\"inLanguage\":\"pt-BR\",\"potentialAction\":[{\"@type\":\"ReadAction\",\"target\":[\"https:\/\/femergs.com.br\/wfe\/blog\/novo-fundeb\/\"]}]},{\"@type\":\"BreadcrumbList\",\"@id\":\"https:\/\/femergs.com.br\/wfe\/blog\/novo-fundeb\/#breadcrumb\",\"itemListElement\":[{\"@type\":\"ListItem\",\"position\":1,\"name\":\"In\u00edcio\",\"item\":\"https:\/\/femergs.com.br\/wfe\/\"},{\"@type\":\"ListItem\",\"position\":2,\"name\":\"NOVO FUNDEB\"}]},{\"@type\":\"WebSite\",\"@id\":\"https:\/\/femergs.com.br\/wfe\/#website\",\"url\":\"https:\/\/femergs.com.br\/wfe\/\",\"name\":\"FEMERGS\",\"description\":\"FEDERA\u00c7\u00c3O DOS MUNICIP\u00c1RIOS DO ESTADO DO RIO GRANDE DO SUL\",\"publisher\":{\"@id\":\"https:\/\/femergs.com.br\/wfe\/#organization\"},\"potentialAction\":[{\"@type\":\"SearchAction\",\"target\":{\"@type\":\"EntryPoint\",\"urlTemplate\":\"https:\/\/femergs.com.br\/wfe\/?s={search_term_string}\"},\"query-input\":{\"@type\":\"PropertyValueSpecification\",\"valueRequired\":true,\"valueName\":\"search_term_string\"}}],\"inLanguage\":\"pt-BR\"},{\"@type\":\"Organization\",\"@id\":\"https:\/\/femergs.com.br\/wfe\/#organization\",\"name\":\"FEMERGS\",\"url\":\"https:\/\/femergs.com.br\/wfe\/\",\"logo\":{\"@type\":\"ImageObject\",\"inLanguage\":\"pt-BR\",\"@id\":\"https:\/\/femergs.com.br\/wfe\/#\/schema\/logo\/image\/\",\"url\":\"https:\/\/femergs.com.br\/wfe\/wp-content\/uploads\/2025\/06\/logotipo.png\",\"contentUrl\":\"https:\/\/femergs.com.br\/wfe\/wp-content\/uploads\/2025\/06\/logotipo.png\",\"width\":500,\"height\":500,\"caption\":\"FEMERGS\"},\"image\":{\"@id\":\"https:\/\/femergs.com.br\/wfe\/#\/schema\/logo\/image\/\"},\"sameAs\":[\"https:\/\/www.facebook.com\/profile.php?id=100057151733001\",\"https:\/\/www.instagram.com\/femergs_rs\/\"]},{\"@type\":\"Person\",\"@id\":\"https:\/\/femergs.com.br\/wfe\/#\/schema\/person\/f5558e6b5ffc044ee085016237dedb7f\",\"name\":\"adminfemergs\",\"image\":{\"@type\":\"ImageObject\",\"inLanguage\":\"pt-BR\",\"@id\":\"https:\/\/femergs.com.br\/wfe\/#\/schema\/person\/image\/\",\"url\":\"https:\/\/secure.gravatar.com\/avatar\/398642fa557cdd524617ad9b31c938845f071aeb3448b9c0aeb29aefc495337b?s=96&d=mm&r=g\",\"contentUrl\":\"https:\/\/secure.gravatar.com\/avatar\/398642fa557cdd524617ad9b31c938845f071aeb3448b9c0aeb29aefc495337b?s=96&d=mm&r=g\",\"caption\":\"adminfemergs\"},\"sameAs\":[\"https:\/\/femergs.com.br\/wfe\"],\"url\":\"https:\/\/femergs.com.br\/wfe\/blog\/author\/adminfemergs\/\"}]}<\/script>\n<!-- \/ Yoast SEO plugin. -->","yoast_head_json":{"title":"NOVO FUNDEB - Federa\u00e7\u00e3o dos Municip\u00e1rios do Estado do Rio Grande do Sul","robots":{"index":"index","follow":"follow","max-snippet":"max-snippet:-1","max-image-preview":"max-image-preview:large","max-video-preview":"max-video-preview:-1"},"canonical":"https:\/\/femergs.com.br\/wfe\/blog\/novo-fundeb\/","og_locale":"pt_BR","og_type":"article","og_title":"NOVO FUNDEB - Federa\u00e7\u00e3o dos Municip\u00e1rios do Estado do Rio Grande do Sul","og_description":"Diante da situa\u00e7\u00e3o de pandemia COVID19 que estamos vivenciando, precisamos estar atentos ao que esta acontecendo no nosso Pa\u00eds. A Educa\u00e7\u00e3o \u00e9 um tema de supra import\u00e2ncia observada em outros Pa\u00edses, diferente do que observamos aqui onde n\u00e3o se faz nada para tirarmos o Brasil dos \u00faltimos lugares no ranking de qualidade da Educa\u00e7\u00e3o. Somos [&hellip;]","og_url":"https:\/\/femergs.com.br\/wfe\/blog\/novo-fundeb\/","og_site_name":"Federa\u00e7\u00e3o dos Municip\u00e1rios do Estado do Rio Grande do Sul","article_publisher":"https:\/\/www.facebook.com\/profile.php?id=100057151733001","article_published_time":"2020-06-18T21:21:29+00:00","author":"adminfemergs","twitter_card":"summary_large_image","twitter_misc":{"Escrito por":"adminfemergs","Est. tempo de leitura":"1 minuto"},"schema":{"@context":"https:\/\/schema.org","@graph":[{"@type":"Article","@id":"https:\/\/femergs.com.br\/wfe\/blog\/novo-fundeb\/#article","isPartOf":{"@id":"https:\/\/femergs.com.br\/wfe\/blog\/novo-fundeb\/"},"author":{"name":"adminfemergs","@id":"https:\/\/femergs.com.br\/wfe\/#\/schema\/person\/f5558e6b5ffc044ee085016237dedb7f"},"headline":"NOVO FUNDEB","datePublished":"2020-06-18T21:21:29+00:00","mainEntityOfPage":{"@id":"https:\/\/femergs.com.br\/wfe\/blog\/novo-fundeb\/"},"wordCount":298,"publisher":{"@id":"https:\/\/femergs.com.br\/wfe\/#organization"},"keywords":["NULL"],"articleSection":["ARQUIVADAS"],"inLanguage":"pt-BR"},{"@type":"WebPage","@id":"https:\/\/femergs.com.br\/wfe\/blog\/novo-fundeb\/","url":"https:\/\/femergs.com.br\/wfe\/blog\/novo-fundeb\/","name":"NOVO FUNDEB - Federa\u00e7\u00e3o dos Municip\u00e1rios do Estado do Rio Grande do Sul","isPartOf":{"@id":"https:\/\/femergs.com.br\/wfe\/#website"},"datePublished":"2020-06-18T21:21:29+00:00","breadcrumb":{"@id":"https:\/\/femergs.com.br\/wfe\/blog\/novo-fundeb\/#breadcrumb"},"inLanguage":"pt-BR","potentialAction":[{"@type":"ReadAction","target":["https:\/\/femergs.com.br\/wfe\/blog\/novo-fundeb\/"]}]},{"@type":"BreadcrumbList","@id":"https:\/\/femergs.com.br\/wfe\/blog\/novo-fundeb\/#breadcrumb","itemListElement":[{"@type":"ListItem","position":1,"name":"In\u00edcio","item":"https:\/\/femergs.com.br\/wfe\/"},{"@type":"ListItem","position":2,"name":"NOVO FUNDEB"}]},{"@type":"WebSite","@id":"https:\/\/femergs.com.br\/wfe\/#website","url":"https:\/\/femergs.com.br\/wfe\/","name":"FEMERGS","description":"FEDERA\u00c7\u00c3O DOS MUNICIP\u00c1RIOS DO ESTADO DO RIO GRANDE DO SUL","publisher":{"@id":"https:\/\/femergs.com.br\/wfe\/#organization"},"potentialAction":[{"@type":"SearchAction","target":{"@type":"EntryPoint","urlTemplate":"https:\/\/femergs.com.br\/wfe\/?s={search_term_string}"},"query-input":{"@type":"PropertyValueSpecification","valueRequired":true,"valueName":"search_term_string"}}],"inLanguage":"pt-BR"},{"@type":"Organization","@id":"https:\/\/femergs.com.br\/wfe\/#organization","name":"FEMERGS","url":"https:\/\/femergs.com.br\/wfe\/","logo":{"@type":"ImageObject","inLanguage":"pt-BR","@id":"https:\/\/femergs.com.br\/wfe\/#\/schema\/logo\/image\/","url":"https:\/\/femergs.com.br\/wfe\/wp-content\/uploads\/2025\/06\/logotipo.png","contentUrl":"https:\/\/femergs.com.br\/wfe\/wp-content\/uploads\/2025\/06\/logotipo.png","width":500,"height":500,"caption":"FEMERGS"},"image":{"@id":"https:\/\/femergs.com.br\/wfe\/#\/schema\/logo\/image\/"},"sameAs":["https:\/\/www.facebook.com\/profile.php?id=100057151733001","https:\/\/www.instagram.com\/femergs_rs\/"]},{"@type":"Person","@id":"https:\/\/femergs.com.br\/wfe\/#\/schema\/person\/f5558e6b5ffc044ee085016237dedb7f","name":"adminfemergs","image":{"@type":"ImageObject","inLanguage":"pt-BR","@id":"https:\/\/femergs.com.br\/wfe\/#\/schema\/person\/image\/","url":"https:\/\/secure.gravatar.com\/avatar\/398642fa557cdd524617ad9b31c938845f071aeb3448b9c0aeb29aefc495337b?s=96&d=mm&r=g","contentUrl":"https:\/\/secure.gravatar.com\/avatar\/398642fa557cdd524617ad9b31c938845f071aeb3448b9c0aeb29aefc495337b?s=96&d=mm&r=g","caption":"adminfemergs"},"sameAs":["https:\/\/femergs.com.br\/wfe"],"url":"https:\/\/femergs.com.br\/wfe\/blog\/author\/adminfemergs\/"}]}},"uagb_featured_image_src":{"full":false,"thumbnail":false,"medium":false,"medium_large":false,"large":false,"1536x1536":false,"2048x2048":false,"ultp_layout_landscape_large":false,"ultp_layout_landscape":false,"ultp_layout_portrait":false,"ultp_layout_square":false},"uagb_author_info":{"display_name":"adminfemergs","author_link":"https:\/\/femergs.com.br\/wfe\/blog\/author\/adminfemergs\/"},"uagb_comment_info":0,"uagb_excerpt":"Diante da situa\u00e7\u00e3o de pandemia COVID19 que estamos vivenciando, precisamos estar atentos ao que esta acontecendo no nosso Pa\u00eds. A Educa\u00e7\u00e3o \u00e9 um tema de supra import\u00e2ncia observada em outros Pa\u00edses, diferente do que observamos aqui onde n\u00e3o se faz nada para tirarmos o Brasil dos \u00faltimos lugares no ranking de qualidade da Educa\u00e7\u00e3o. Somos&hellip;","_links":{"self":[{"href":"https:\/\/femergs.com.br\/wfe\/wp-json\/wp\/v2\/posts\/1250","targetHints":{"allow":["GET"]}}],"collection":[{"href":"https:\/\/femergs.com.br\/wfe\/wp-json\/wp\/v2\/posts"}],"about":[{"href":"https:\/\/femergs.com.br\/wfe\/wp-json\/wp\/v2\/types\/post"}],"author":[{"embeddable":true,"href":"https:\/\/femergs.com.br\/wfe\/wp-json\/wp\/v2\/users\/1"}],"replies":[{"embeddable":true,"href":"https:\/\/femergs.com.br\/wfe\/wp-json\/wp\/v2\/comments?post=1250"}],"version-history":[{"count":0,"href":"https:\/\/femergs.com.br\/wfe\/wp-json\/wp\/v2\/posts\/1250\/revisions"}],"wp:attachment":[{"href":"https:\/\/femergs.com.br\/wfe\/wp-json\/wp\/v2\/media?parent=1250"}],"wp:term":[{"taxonomy":"category","embeddable":true,"href":"https:\/\/femergs.com.br\/wfe\/wp-json\/wp\/v2\/categories?post=1250"},{"taxonomy":"post_tag","embeddable":true,"href":"https:\/\/femergs.com.br\/wfe\/wp-json\/wp\/v2\/tags?post=1250"}],"curies":[{"name":"wp","href":"https:\/\/api.w.org\/{rel}","templated":true}]}}