{"id":1251,"date":"2020-06-18T21:34:33","date_gmt":"2020-06-18T21:34:33","guid":{"rendered":"https:\/\/femergs.com.br\/wfe\/blog\/sair-de-cima-do-muro-e-preciso\/"},"modified":"2020-06-18T21:34:33","modified_gmt":"2020-06-18T21:34:33","slug":"sair-de-cima-do-muro-e-preciso","status":"publish","type":"post","link":"https:\/\/femergs.com.br\/wfe\/blog\/sair-de-cima-do-muro-e-preciso\/","title":{"rendered":"SAIR DE CIMA DO MURO \u00c9 PRECISO"},"content":{"rendered":"<div style=\"text-align: justify;\">Somos sabedores que a situa\u00e7\u00e3o sindical em nosso pa\u00eds est\u00e1 com muitos problemas, n\u00e3o bastasse. Os retrocessos do governo federal, com retirada do Imposto Sindical, persegui\u00e7\u00e3o contra entidades, precisamos ter a humildade de perceber que muitos dos l\u00edderes sindicais, mais parecem clones dos pol\u00edticos que repudiamos do que lideran\u00e7as leg\u00edtimas na defesa do trabalhador&#8230;&#8230;<\/div>\n<div style=\"text-align: justify;\">\nPrecisamos reagrupar na luta sindical mas acima de tudo precisamos ver o que s\u00e3o nossas prioridades como lideran\u00e7a sindical, infelizmente com a quebra financeira de nossas entidades a luta ficou mais dif\u00edcil, e como n\u00f3s servidores p\u00fablicos dentre todos os trabalhadores somos os que mais conhecem o termo GENERALIZAR  na classe o que n\u00e3o \u00e9 bom, pois quem de n\u00f3s j\u00e1 n\u00e3o sofreu com a nossa inclus\u00e3o no termo VAGABUNDOS DO SERVI\u00c7O P\u00daBLICO? Todos j\u00e1 sofremos com isso, mas QUASE CEM POR CENTO de n\u00f3s sabe que  s\u00e3o uma minoria, os servidores que se vendem por FG, que s\u00e3o minoria dos servidores que usam o servi\u00e7o p\u00fablico como ferramenta para outros benef\u00edcios, n\u00f3s somos sabedores que s\u00e3o uma minoria que \u00e9 RESPONS\u00c1VEL por estas situa\u00e7\u00f5es.<\/p>\n<p>Mas se somos sabedores disso, ser\u00e1 que n\u00e3o podemos mudar esta situa\u00e7\u00e3o? se sabemos cada um e cada uma que age desta forma dentro do nosso munic\u00edpio? que direito temos de reclamar se nos calamos? o Prefeito normalmente n\u00e3o age em conformidade a Lei, pois esta minoria de servidores p\u00fablicos tem as costas quente, de algu\u00e9m que apoia a campanha eleitoral, traz junto uns votos muitas vezes conquistados com servi\u00e7os PARTICULARES, com equipamento p\u00fablico. Nunca uma frase teve tanto sentido como a que diz:<\/p>\n<p> O MAL N\u00c3O VENCE POR CAUSA DO BARULHO DOS MAUS. ELE VENCE PELO SILENCIO DOS BONS.<\/p>\n<p>Quem sabe est\u00e1 na hora de passarmos a limpo nossas escolhas? Pois da mesma forma que o SERVIDOR P\u00daBLICO tem marcas que n\u00e3o s\u00e3o suas, os SINDICALISTAS tamb\u00e9m carregam o fardo de serem considerados VAGABUNDOS, INTERESSEIROS, e tantos outros adjetivos. Mas da mesma forma que com os servidores que s\u00e3o minoria, n\u00e3o est\u00e1 na hora de darmos um basta a est\u00e1 minoria? Se sabemos que s\u00e3o os sindicalistas que n\u00e3o agem de acordo com o que determina a \u00c9TICA, e nos calamos, ou pior ACOBERTAMOS, somos t\u00e3o respons\u00e1veis pela rejei\u00e7\u00e3o que nossa classe tem frente a sociedade, como quem pratica o ato il\u00edcio ou imoral.<\/p>\n<p>E n\u00e3o vamos usar a falta de recursos financeiros como desculpa. Sim pois nos anos OITENTA n\u00e3o havia recurso para entidades sindicais ou populares mas a luta aconteceu, e foi uma luta legitima, que devolveu a democracia a este pa\u00eds, ou seja, seja que o recurso financeiro as vezes muito dispon\u00edvel n\u00e3o \u00e9 de certa forma respons\u00e1vel pelo surgimento dos elementos que n\u00e3o s\u00e3o leg\u00edtimos? Que na verdade usam a entidade sindical para interesse pr\u00f3prio, ou para interesses n\u00e3o t\u00e3o \u00e9ticos? Nos anos oitenta n\u00e3o havia nem a facilidade da internet. Que me permite hoje transmitir esta reflex\u00e3o para todos n\u00f3s tentarmos definir como seremos daqui para frente.<\/p>\n<p>Sim podemos, ou melhor devemos escolher, n\u00e3o \u00e9 proibido ser capitalista, n\u00e3o \u00e9 proibido defender o CAPITAL antes de qualquer coisa o que n\u00e3o pode ser permitido \u00e9 voc\u00ea defender o CAPITAL dentro de uma entidade que surgiu para combater os malef\u00edcios da prioriza\u00e7\u00e3o do CAPITAL, sim, pois se nos permitirmos agir de forma anti \u00e9tica para obter recurso financeiro, n\u00e3o somos diferente do patr\u00e3o que quer cortar FG, APOSENTADORIA, HORA EXTRA INSALUBRIDADE, n\u00e3o somos nada diferente, ou melhor na minha opini\u00e3o SOMOS PIORES, pois al\u00e9m de capitalistas selvagens somos falsos, usamos da forma mais s\u00f3rdida para chegarmos ao bem capital, que \u00e9 A BOA F\u00c9 DAS PESSOAS que esperam de n\u00f3s uma atitude de luta, de defesa do  pouco que ainda resta de ideais morais e humanos dentro desta sociedade capitalista.<\/p>\n<p>Se sa\u00edmos por a\u00ed discursando que o CAPITALISMO esta morrendo, n\u00e3o significa que a sociedade melhorou, pode simplesmente significar que estamos nos rendendo a ESSE VALE TUDO que toma conta do mundo. NA\u00d5 POSSO DEFENDER nada quando PERMITO que:<\/p><\/div>\n<ul>\n<li style=\"text-align: justify;\"> uma morte seja minimizada<\/li>\n<li style=\"text-align: justify;\">uma entidade beneficie a um grupo<\/li>\n<li style=\"text-align: justify;\">um munic\u00edpio privilegie uma classe<\/li>\n<li style=\"text-align: justify;\">um governo defenda miliciano<\/li>\n<li style=\"text-align: justify;\">um governo defenda que pobre seja substitu\u00edvel<\/li>\n<li style=\"text-align: justify;\">o trabalhador p\u00fablico seja chamado de vagabundo por causa de meia d\u00fazia.<\/li>\n<li style=\"text-align: justify;\">um sindicalista seja chamado de terneiro do dinheiro p\u00fablico, por causa do mau car\u00e1ter de dois tr\u00eas.<\/li>\n<li style=\"text-align: justify;\">o sindicalista corra o risco de ser considerado um terrorista por causa do mau exemplo de dois tr\u00eas.<\/li>\n<\/ul>\n<div style=\"text-align: justify;\">N\u00e3o basta gravar, filmar situa\u00e7\u00f5es ou falas imorais, anti\u00e9ticas ou mesmo consideradas um desvio de conduta e enviar para outra pessoa, esperando que esta tome as provid\u00eancias. E preciso coragem e levar adiante como den\u00fancia, sen\u00e3o vira fofoca, e fofoca s\u00f3 beneficia os maus. <\/p>\n<p>E PRECISO DEFINIR POSTURA E SERMOS PROTAGONISTAS DE VALORES ETICOS E MORAIS QUE QUEREMOS PARA NOSSA SOCIEDADE.<\/p>\n<p>JUNTOS SOMOS INFINITAMENTE MAIS FORTES. INFINITAMENTE MAIS FORTES.<\/p><\/div>\n","protected":false},"excerpt":{"rendered":"<p>Somos sabedores que a situa\u00e7\u00e3o sindical em nosso pa\u00eds est\u00e1 com muitos problemas, n\u00e3o bastasse. Os retrocessos do governo federal, com retirada do Imposto Sindical, persegui\u00e7\u00e3o contra entidades, precisamos ter a humildade de perceber que muitos dos l\u00edderes sindicais, mais parecem clones dos pol\u00edticos que repudiamos do que lideran\u00e7as leg\u00edtimas na defesa do trabalhador&#8230;&#8230; Precisamos [&hellip;]<\/p>\n","protected":false},"author":1,"featured_media":0,"comment_status":"closed","ping_status":"closed","sticky":false,"template":"","format":"standard","meta":{"_eb_attr":"","_uag_custom_page_level_css":"","fifu_image_url":"","fifu_image_alt":"","footnotes":""},"categories":[1],"tags":[32],"class_list":["post-1251","post","type-post","status-publish","format-standard","hentry","category-arquivadas","tag-null"],"yoast_head":"<!-- This site is optimized with the Yoast SEO plugin v27.1.1 - https:\/\/yoast.com\/product\/yoast-seo-wordpress\/ -->\n<title>SAIR DE CIMA DO MURO \u00c9 PRECISO - Federa\u00e7\u00e3o dos Municip\u00e1rios do Estado do Rio Grande do Sul<\/title>\n<meta name=\"robots\" content=\"index, follow, max-snippet:-1, max-image-preview:large, max-video-preview:-1\" \/>\n<link rel=\"canonical\" href=\"https:\/\/femergs.com.br\/wfe\/blog\/sair-de-cima-do-muro-e-preciso\/\" \/>\n<meta property=\"og:locale\" content=\"pt_BR\" \/>\n<meta property=\"og:type\" content=\"article\" \/>\n<meta property=\"og:title\" content=\"SAIR DE CIMA DO MURO \u00c9 PRECISO - Federa\u00e7\u00e3o dos Municip\u00e1rios do Estado do Rio Grande do Sul\" \/>\n<meta property=\"og:description\" content=\"Somos sabedores que a situa\u00e7\u00e3o sindical em nosso pa\u00eds est\u00e1 com muitos problemas, n\u00e3o bastasse. Os retrocessos do governo federal, com retirada do Imposto Sindical, persegui\u00e7\u00e3o contra entidades, precisamos ter a humildade de perceber que muitos dos l\u00edderes sindicais, mais parecem clones dos pol\u00edticos que repudiamos do que lideran\u00e7as leg\u00edtimas na defesa do trabalhador&#8230;&#8230; Precisamos [&hellip;]\" \/>\n<meta property=\"og:url\" content=\"https:\/\/femergs.com.br\/wfe\/blog\/sair-de-cima-do-muro-e-preciso\/\" \/>\n<meta property=\"og:site_name\" content=\"Federa\u00e7\u00e3o dos Municip\u00e1rios do Estado do Rio Grande do Sul\" \/>\n<meta property=\"article:publisher\" content=\"https:\/\/www.facebook.com\/profile.php?id=100057151733001\" \/>\n<meta property=\"article:published_time\" content=\"2020-06-18T21:34:33+00:00\" \/>\n<meta name=\"author\" content=\"adminfemergs\" \/>\n<meta name=\"twitter:card\" content=\"summary_large_image\" \/>\n<meta name=\"twitter:label1\" content=\"Escrito por\" \/>\n\t<meta name=\"twitter:data1\" content=\"adminfemergs\" \/>\n\t<meta name=\"twitter:label2\" content=\"Est. tempo de leitura\" \/>\n\t<meta name=\"twitter:data2\" content=\"4 minutos\" \/>\n<script type=\"application\/ld+json\" class=\"yoast-schema-graph\">{\"@context\":\"https:\/\/schema.org\",\"@graph\":[{\"@type\":\"Article\",\"@id\":\"https:\/\/femergs.com.br\/wfe\/blog\/sair-de-cima-do-muro-e-preciso\/#article\",\"isPartOf\":{\"@id\":\"https:\/\/femergs.com.br\/wfe\/blog\/sair-de-cima-do-muro-e-preciso\/\"},\"author\":{\"name\":\"adminfemergs\",\"@id\":\"https:\/\/femergs.com.br\/wfe\/#\/schema\/person\/f5558e6b5ffc044ee085016237dedb7f\"},\"headline\":\"SAIR DE CIMA DO MURO \u00c9 PRECISO\",\"datePublished\":\"2020-06-18T21:34:33+00:00\",\"mainEntityOfPage\":{\"@id\":\"https:\/\/femergs.com.br\/wfe\/blog\/sair-de-cima-do-muro-e-preciso\/\"},\"wordCount\":897,\"publisher\":{\"@id\":\"https:\/\/femergs.com.br\/wfe\/#organization\"},\"keywords\":[\"NULL\"],\"articleSection\":[\"ARQUIVADAS\"],\"inLanguage\":\"pt-BR\"},{\"@type\":\"WebPage\",\"@id\":\"https:\/\/femergs.com.br\/wfe\/blog\/sair-de-cima-do-muro-e-preciso\/\",\"url\":\"https:\/\/femergs.com.br\/wfe\/blog\/sair-de-cima-do-muro-e-preciso\/\",\"name\":\"SAIR DE CIMA DO MURO \u00c9 PRECISO - Federa\u00e7\u00e3o dos Municip\u00e1rios do Estado do Rio Grande do Sul\",\"isPartOf\":{\"@id\":\"https:\/\/femergs.com.br\/wfe\/#website\"},\"datePublished\":\"2020-06-18T21:34:33+00:00\",\"breadcrumb\":{\"@id\":\"https:\/\/femergs.com.br\/wfe\/blog\/sair-de-cima-do-muro-e-preciso\/#breadcrumb\"},\"inLanguage\":\"pt-BR\",\"potentialAction\":[{\"@type\":\"ReadAction\",\"target\":[\"https:\/\/femergs.com.br\/wfe\/blog\/sair-de-cima-do-muro-e-preciso\/\"]}]},{\"@type\":\"BreadcrumbList\",\"@id\":\"https:\/\/femergs.com.br\/wfe\/blog\/sair-de-cima-do-muro-e-preciso\/#breadcrumb\",\"itemListElement\":[{\"@type\":\"ListItem\",\"position\":1,\"name\":\"In\u00edcio\",\"item\":\"https:\/\/femergs.com.br\/wfe\/\"},{\"@type\":\"ListItem\",\"position\":2,\"name\":\"SAIR DE CIMA DO MURO \u00c9 PRECISO\"}]},{\"@type\":\"WebSite\",\"@id\":\"https:\/\/femergs.com.br\/wfe\/#website\",\"url\":\"https:\/\/femergs.com.br\/wfe\/\",\"name\":\"FEMERGS\",\"description\":\"FEDERA\u00c7\u00c3O DOS MUNICIP\u00c1RIOS DO ESTADO DO RIO GRANDE DO SUL\",\"publisher\":{\"@id\":\"https:\/\/femergs.com.br\/wfe\/#organization\"},\"potentialAction\":[{\"@type\":\"SearchAction\",\"target\":{\"@type\":\"EntryPoint\",\"urlTemplate\":\"https:\/\/femergs.com.br\/wfe\/?s={search_term_string}\"},\"query-input\":{\"@type\":\"PropertyValueSpecification\",\"valueRequired\":true,\"valueName\":\"search_term_string\"}}],\"inLanguage\":\"pt-BR\"},{\"@type\":\"Organization\",\"@id\":\"https:\/\/femergs.com.br\/wfe\/#organization\",\"name\":\"FEMERGS\",\"url\":\"https:\/\/femergs.com.br\/wfe\/\",\"logo\":{\"@type\":\"ImageObject\",\"inLanguage\":\"pt-BR\",\"@id\":\"https:\/\/femergs.com.br\/wfe\/#\/schema\/logo\/image\/\",\"url\":\"https:\/\/femergs.com.br\/wfe\/wp-content\/uploads\/2025\/06\/logotipo.png\",\"contentUrl\":\"https:\/\/femergs.com.br\/wfe\/wp-content\/uploads\/2025\/06\/logotipo.png\",\"width\":500,\"height\":500,\"caption\":\"FEMERGS\"},\"image\":{\"@id\":\"https:\/\/femergs.com.br\/wfe\/#\/schema\/logo\/image\/\"},\"sameAs\":[\"https:\/\/www.facebook.com\/profile.php?id=100057151733001\",\"https:\/\/www.instagram.com\/femergs_rs\/\"]},{\"@type\":\"Person\",\"@id\":\"https:\/\/femergs.com.br\/wfe\/#\/schema\/person\/f5558e6b5ffc044ee085016237dedb7f\",\"name\":\"adminfemergs\",\"image\":{\"@type\":\"ImageObject\",\"inLanguage\":\"pt-BR\",\"@id\":\"https:\/\/femergs.com.br\/wfe\/#\/schema\/person\/image\/\",\"url\":\"https:\/\/secure.gravatar.com\/avatar\/398642fa557cdd524617ad9b31c938845f071aeb3448b9c0aeb29aefc495337b?s=96&d=mm&r=g\",\"contentUrl\":\"https:\/\/secure.gravatar.com\/avatar\/398642fa557cdd524617ad9b31c938845f071aeb3448b9c0aeb29aefc495337b?s=96&d=mm&r=g\",\"caption\":\"adminfemergs\"},\"sameAs\":[\"https:\/\/femergs.com.br\/wfe\"],\"url\":\"https:\/\/femergs.com.br\/wfe\/blog\/author\/adminfemergs\/\"}]}<\/script>\n<!-- \/ Yoast SEO plugin. -->","yoast_head_json":{"title":"SAIR DE CIMA DO MURO \u00c9 PRECISO - Federa\u00e7\u00e3o dos Municip\u00e1rios do Estado do Rio Grande do Sul","robots":{"index":"index","follow":"follow","max-snippet":"max-snippet:-1","max-image-preview":"max-image-preview:large","max-video-preview":"max-video-preview:-1"},"canonical":"https:\/\/femergs.com.br\/wfe\/blog\/sair-de-cima-do-muro-e-preciso\/","og_locale":"pt_BR","og_type":"article","og_title":"SAIR DE CIMA DO MURO \u00c9 PRECISO - Federa\u00e7\u00e3o dos Municip\u00e1rios do Estado do Rio Grande do Sul","og_description":"Somos sabedores que a situa\u00e7\u00e3o sindical em nosso pa\u00eds est\u00e1 com muitos problemas, n\u00e3o bastasse. Os retrocessos do governo federal, com retirada do Imposto Sindical, persegui\u00e7\u00e3o contra entidades, precisamos ter a humildade de perceber que muitos dos l\u00edderes sindicais, mais parecem clones dos pol\u00edticos que repudiamos do que lideran\u00e7as leg\u00edtimas na defesa do trabalhador&#8230;&#8230; Precisamos [&hellip;]","og_url":"https:\/\/femergs.com.br\/wfe\/blog\/sair-de-cima-do-muro-e-preciso\/","og_site_name":"Federa\u00e7\u00e3o dos Municip\u00e1rios do Estado do Rio Grande do Sul","article_publisher":"https:\/\/www.facebook.com\/profile.php?id=100057151733001","article_published_time":"2020-06-18T21:34:33+00:00","author":"adminfemergs","twitter_card":"summary_large_image","twitter_misc":{"Escrito por":"adminfemergs","Est. tempo de leitura":"4 minutos"},"schema":{"@context":"https:\/\/schema.org","@graph":[{"@type":"Article","@id":"https:\/\/femergs.com.br\/wfe\/blog\/sair-de-cima-do-muro-e-preciso\/#article","isPartOf":{"@id":"https:\/\/femergs.com.br\/wfe\/blog\/sair-de-cima-do-muro-e-preciso\/"},"author":{"name":"adminfemergs","@id":"https:\/\/femergs.com.br\/wfe\/#\/schema\/person\/f5558e6b5ffc044ee085016237dedb7f"},"headline":"SAIR DE CIMA DO MURO \u00c9 PRECISO","datePublished":"2020-06-18T21:34:33+00:00","mainEntityOfPage":{"@id":"https:\/\/femergs.com.br\/wfe\/blog\/sair-de-cima-do-muro-e-preciso\/"},"wordCount":897,"publisher":{"@id":"https:\/\/femergs.com.br\/wfe\/#organization"},"keywords":["NULL"],"articleSection":["ARQUIVADAS"],"inLanguage":"pt-BR"},{"@type":"WebPage","@id":"https:\/\/femergs.com.br\/wfe\/blog\/sair-de-cima-do-muro-e-preciso\/","url":"https:\/\/femergs.com.br\/wfe\/blog\/sair-de-cima-do-muro-e-preciso\/","name":"SAIR DE CIMA DO MURO \u00c9 PRECISO - Federa\u00e7\u00e3o dos Municip\u00e1rios do Estado do Rio Grande do Sul","isPartOf":{"@id":"https:\/\/femergs.com.br\/wfe\/#website"},"datePublished":"2020-06-18T21:34:33+00:00","breadcrumb":{"@id":"https:\/\/femergs.com.br\/wfe\/blog\/sair-de-cima-do-muro-e-preciso\/#breadcrumb"},"inLanguage":"pt-BR","potentialAction":[{"@type":"ReadAction","target":["https:\/\/femergs.com.br\/wfe\/blog\/sair-de-cima-do-muro-e-preciso\/"]}]},{"@type":"BreadcrumbList","@id":"https:\/\/femergs.com.br\/wfe\/blog\/sair-de-cima-do-muro-e-preciso\/#breadcrumb","itemListElement":[{"@type":"ListItem","position":1,"name":"In\u00edcio","item":"https:\/\/femergs.com.br\/wfe\/"},{"@type":"ListItem","position":2,"name":"SAIR DE CIMA DO MURO \u00c9 PRECISO"}]},{"@type":"WebSite","@id":"https:\/\/femergs.com.br\/wfe\/#website","url":"https:\/\/femergs.com.br\/wfe\/","name":"FEMERGS","description":"FEDERA\u00c7\u00c3O DOS MUNICIP\u00c1RIOS DO ESTADO DO RIO GRANDE DO SUL","publisher":{"@id":"https:\/\/femergs.com.br\/wfe\/#organization"},"potentialAction":[{"@type":"SearchAction","target":{"@type":"EntryPoint","urlTemplate":"https:\/\/femergs.com.br\/wfe\/?s={search_term_string}"},"query-input":{"@type":"PropertyValueSpecification","valueRequired":true,"valueName":"search_term_string"}}],"inLanguage":"pt-BR"},{"@type":"Organization","@id":"https:\/\/femergs.com.br\/wfe\/#organization","name":"FEMERGS","url":"https:\/\/femergs.com.br\/wfe\/","logo":{"@type":"ImageObject","inLanguage":"pt-BR","@id":"https:\/\/femergs.com.br\/wfe\/#\/schema\/logo\/image\/","url":"https:\/\/femergs.com.br\/wfe\/wp-content\/uploads\/2025\/06\/logotipo.png","contentUrl":"https:\/\/femergs.com.br\/wfe\/wp-content\/uploads\/2025\/06\/logotipo.png","width":500,"height":500,"caption":"FEMERGS"},"image":{"@id":"https:\/\/femergs.com.br\/wfe\/#\/schema\/logo\/image\/"},"sameAs":["https:\/\/www.facebook.com\/profile.php?id=100057151733001","https:\/\/www.instagram.com\/femergs_rs\/"]},{"@type":"Person","@id":"https:\/\/femergs.com.br\/wfe\/#\/schema\/person\/f5558e6b5ffc044ee085016237dedb7f","name":"adminfemergs","image":{"@type":"ImageObject","inLanguage":"pt-BR","@id":"https:\/\/femergs.com.br\/wfe\/#\/schema\/person\/image\/","url":"https:\/\/secure.gravatar.com\/avatar\/398642fa557cdd524617ad9b31c938845f071aeb3448b9c0aeb29aefc495337b?s=96&d=mm&r=g","contentUrl":"https:\/\/secure.gravatar.com\/avatar\/398642fa557cdd524617ad9b31c938845f071aeb3448b9c0aeb29aefc495337b?s=96&d=mm&r=g","caption":"adminfemergs"},"sameAs":["https:\/\/femergs.com.br\/wfe"],"url":"https:\/\/femergs.com.br\/wfe\/blog\/author\/adminfemergs\/"}]}},"uagb_featured_image_src":{"full":false,"thumbnail":false,"medium":false,"medium_large":false,"large":false,"1536x1536":false,"2048x2048":false,"ultp_layout_landscape_large":false,"ultp_layout_landscape":false,"ultp_layout_portrait":false,"ultp_layout_square":false},"uagb_author_info":{"display_name":"adminfemergs","author_link":"https:\/\/femergs.com.br\/wfe\/blog\/author\/adminfemergs\/"},"uagb_comment_info":0,"uagb_excerpt":"Somos sabedores que a situa\u00e7\u00e3o sindical em nosso pa\u00eds est\u00e1 com muitos problemas, n\u00e3o bastasse. Os retrocessos do governo federal, com retirada do Imposto Sindical, persegui\u00e7\u00e3o contra entidades, precisamos ter a humildade de perceber que muitos dos l\u00edderes sindicais, mais parecem clones dos pol\u00edticos que repudiamos do que lideran\u00e7as leg\u00edtimas na defesa do trabalhador&#8230;&#8230; Precisamos&hellip;","_links":{"self":[{"href":"https:\/\/femergs.com.br\/wfe\/wp-json\/wp\/v2\/posts\/1251","targetHints":{"allow":["GET"]}}],"collection":[{"href":"https:\/\/femergs.com.br\/wfe\/wp-json\/wp\/v2\/posts"}],"about":[{"href":"https:\/\/femergs.com.br\/wfe\/wp-json\/wp\/v2\/types\/post"}],"author":[{"embeddable":true,"href":"https:\/\/femergs.com.br\/wfe\/wp-json\/wp\/v2\/users\/1"}],"replies":[{"embeddable":true,"href":"https:\/\/femergs.com.br\/wfe\/wp-json\/wp\/v2\/comments?post=1251"}],"version-history":[{"count":0,"href":"https:\/\/femergs.com.br\/wfe\/wp-json\/wp\/v2\/posts\/1251\/revisions"}],"wp:attachment":[{"href":"https:\/\/femergs.com.br\/wfe\/wp-json\/wp\/v2\/media?parent=1251"}],"wp:term":[{"taxonomy":"category","embeddable":true,"href":"https:\/\/femergs.com.br\/wfe\/wp-json\/wp\/v2\/categories?post=1251"},{"taxonomy":"post_tag","embeddable":true,"href":"https:\/\/femergs.com.br\/wfe\/wp-json\/wp\/v2\/tags?post=1251"}],"curies":[{"name":"wp","href":"https:\/\/api.w.org\/{rel}","templated":true}]}}