{"id":1253,"date":"2020-06-29T15:35:04","date_gmt":"2020-06-29T15:35:04","guid":{"rendered":"https:\/\/femergs.com.br\/wfe\/blog\/brasil-pela-democracia-e-pela-vida\/"},"modified":"2020-06-29T15:35:04","modified_gmt":"2020-06-29T15:35:04","slug":"brasil-pela-democracia-e-pela-vida","status":"publish","type":"post","link":"https:\/\/femergs.com.br\/wfe\/blog\/brasil-pela-democracia-e-pela-vida\/","title":{"rendered":"Brasil pela Democracia e pela Vida"},"content":{"rendered":"<p>A vida est\u00e1 amea\u00e7ada<\/p>\n<p>A in\u00e9pcia e a descoordena\u00e7\u00e3o do Governo Federal enfraquecem a capacidade da sociedade brasileira de enfrentar a pandemia. A crise de sa\u00fade p\u00fablica que vivemos \u00e9 ainda agravada pela incapacidade de respostas consistentes e urgentes diante da insustent\u00e1vel realidade de pobreza, desigualdades e iniquidades, assim como pela recusa frequente de levar em considera\u00e7\u00e3o as orienta\u00e7\u00f5es cient\u00edficas, m\u00e9dicas e de profissionais e organiza\u00e7\u00f5es de sa\u00fade.<\/p>\n<p>A democracia tamb\u00e9m<\/p>\n<p>A democracia est\u00e1 amea\u00e7ada. As institui\u00e7\u00f5es, a imprensa, a cidadania e o Estado Democr\u00e1tico de Direito est\u00e3o sob permanente e inconceb\u00edvel ataque. Preceitos constitucionais fundamentais t\u00eam sido descumpridos. Vemos aviltada a soberania de decidir e conduzir nossa pol\u00edtica econ\u00f4mica e o melhor e mais sustent\u00e1vel uso de nossos recursos estrat\u00e9gicos.<\/p>\n<p>A sociedade precisa se unir e agir<\/p>\n<p>O momento hist\u00f3rico exige que a sociedade civil brasileira se coloque em movimento, em articula\u00e7\u00e3o e mobiliza\u00e7\u00e3o. Imp\u00f5e-se a necessidade de reunir e unir todos e todas que consideram a prote\u00e7\u00e3o da vida e da democracia valores universais, atualmente agredidos e amea\u00e7ados pelas medidas e iniciativas de autoridades p\u00fablicas do Governo Federal.<\/p>\n<p>Brasil pela Democracia e pela Vida<\/p>\n<p>Trata-se de uma campanha para congregar todos e todas que compreendem como indispens\u00e1vel a defesa da paz e a preserva\u00e7\u00e3o do Estado Democr\u00e1tico de Direito e suas institui\u00e7\u00f5es, de maneira a assegurar, fortalecer e expandir os ainda insuficientes espa\u00e7os de participa\u00e7\u00e3o e interven\u00e7\u00e3o social. \u00c9 a reuni\u00e3o de esfor\u00e7os para proteger a vida, favorecendo a solidariedade, a coopera\u00e7\u00e3o, a articula\u00e7\u00e3o e a coordena\u00e7\u00e3o entre governos, institui\u00e7\u00f5es, organiza\u00e7\u00f5es, movimentos e cidad\u00e3os e cidad\u00e3s.<\/p>\n<p>INICIATIVA<\/p>\n<p>A partir da iniciativa de OAB, ABI, SBPC, Centrais Sindicais, Comiss\u00e3o Arns e Pacto pela Democracia, a campanha congrega mais de 70 organiza\u00e7\u00f5es entre entidades nacionais, movimentos sociais, articula\u00e7\u00f5es pr\u00f3-democracia, coletivos populares e organiza\u00e7\u00f5es n\u00e3o-governamentais para refor\u00e7ar a mobiliza\u00e7\u00e3o em defesa da democracia, do primado da vida e da universalidade de direitos, liberdades e oportunidades no pa\u00eds.<br \/>\nA Federa\u00e7\u00e3o dos Municip\u00e1rios do Estado do Rio grande do Sul est\u00e1 enganjado em tudo que apoie e seja em favor da Democracia no nosso pa\u00eds.<\/p>\n<p>Veja aqui a lista completa das organiza\u00e7\u00f5es reunidas na Campanha:<br \/>\n<a href=\"https:\/\/www.brasilpelademocracia.org.br\/#sobre\">https:\/\/www.brasilpelademocracia.org.br\/#sobre<\/a><\/p>\n<p><\/p>\n","protected":false},"excerpt":{"rendered":"<p>Defender a vida e a democracia \u00e9 o prop\u00f3sito que nos une e mobiliza<\/p>\n","protected":false},"author":1,"featured_media":0,"comment_status":"closed","ping_status":"closed","sticky":false,"template":"","format":"standard","meta":{"_eb_attr":"","_uag_custom_page_level_css":"","fifu_image_url":"","fifu_image_alt":"","footnotes":""},"categories":[1],"tags":[32],"class_list":["post-1253","post","type-post","status-publish","format-standard","hentry","category-arquivadas","tag-null"],"yoast_head":"<!-- This site is optimized with the Yoast SEO plugin v27.1.1 - https:\/\/yoast.com\/product\/yoast-seo-wordpress\/ -->\n<title>Brasil pela Democracia e pela Vida - Federa\u00e7\u00e3o dos Municip\u00e1rios do Estado do Rio Grande do Sul<\/title>\n<meta name=\"robots\" content=\"index, follow, max-snippet:-1, max-image-preview:large, max-video-preview:-1\" \/>\n<link rel=\"canonical\" href=\"https:\/\/femergs.com.br\/wfe\/blog\/brasil-pela-democracia-e-pela-vida\/\" \/>\n<meta property=\"og:locale\" content=\"pt_BR\" \/>\n<meta property=\"og:type\" content=\"article\" \/>\n<meta property=\"og:title\" content=\"Brasil pela Democracia e pela Vida - Federa\u00e7\u00e3o dos Municip\u00e1rios do Estado do Rio Grande do Sul\" \/>\n<meta property=\"og:description\" content=\"Defender a vida e a democracia \u00e9 o prop\u00f3sito que nos une e mobiliza\" \/>\n<meta property=\"og:url\" content=\"https:\/\/femergs.com.br\/wfe\/blog\/brasil-pela-democracia-e-pela-vida\/\" \/>\n<meta property=\"og:site_name\" content=\"Federa\u00e7\u00e3o dos Municip\u00e1rios do Estado do Rio Grande do Sul\" \/>\n<meta property=\"article:publisher\" content=\"https:\/\/www.facebook.com\/profile.php?id=100057151733001\" \/>\n<meta property=\"article:published_time\" content=\"2020-06-29T15:35:04+00:00\" \/>\n<meta name=\"author\" content=\"adminfemergs\" \/>\n<meta name=\"twitter:card\" content=\"summary_large_image\" \/>\n<meta name=\"twitter:label1\" content=\"Escrito por\" \/>\n\t<meta name=\"twitter:data1\" content=\"adminfemergs\" \/>\n\t<meta name=\"twitter:label2\" content=\"Est. tempo de leitura\" \/>\n\t<meta name=\"twitter:data2\" content=\"2 minutos\" \/>\n<script type=\"application\/ld+json\" class=\"yoast-schema-graph\">{\"@context\":\"https:\/\/schema.org\",\"@graph\":[{\"@type\":\"Article\",\"@id\":\"https:\/\/femergs.com.br\/wfe\/blog\/brasil-pela-democracia-e-pela-vida\/#article\",\"isPartOf\":{\"@id\":\"https:\/\/femergs.com.br\/wfe\/blog\/brasil-pela-democracia-e-pela-vida\/\"},\"author\":{\"name\":\"adminfemergs\",\"@id\":\"https:\/\/femergs.com.br\/wfe\/#\/schema\/person\/f5558e6b5ffc044ee085016237dedb7f\"},\"headline\":\"Brasil pela Democracia e pela Vida\",\"datePublished\":\"2020-06-29T15:35:04+00:00\",\"mainEntityOfPage\":{\"@id\":\"https:\/\/femergs.com.br\/wfe\/blog\/brasil-pela-democracia-e-pela-vida\/\"},\"wordCount\":420,\"publisher\":{\"@id\":\"https:\/\/femergs.com.br\/wfe\/#organization\"},\"keywords\":[\"NULL\"],\"articleSection\":[\"ARQUIVADAS\"],\"inLanguage\":\"pt-BR\"},{\"@type\":\"WebPage\",\"@id\":\"https:\/\/femergs.com.br\/wfe\/blog\/brasil-pela-democracia-e-pela-vida\/\",\"url\":\"https:\/\/femergs.com.br\/wfe\/blog\/brasil-pela-democracia-e-pela-vida\/\",\"name\":\"Brasil pela Democracia e pela Vida - Federa\u00e7\u00e3o dos Municip\u00e1rios do Estado do Rio Grande do Sul\",\"isPartOf\":{\"@id\":\"https:\/\/femergs.com.br\/wfe\/#website\"},\"datePublished\":\"2020-06-29T15:35:04+00:00\",\"breadcrumb\":{\"@id\":\"https:\/\/femergs.com.br\/wfe\/blog\/brasil-pela-democracia-e-pela-vida\/#breadcrumb\"},\"inLanguage\":\"pt-BR\",\"potentialAction\":[{\"@type\":\"ReadAction\",\"target\":[\"https:\/\/femergs.com.br\/wfe\/blog\/brasil-pela-democracia-e-pela-vida\/\"]}]},{\"@type\":\"BreadcrumbList\",\"@id\":\"https:\/\/femergs.com.br\/wfe\/blog\/brasil-pela-democracia-e-pela-vida\/#breadcrumb\",\"itemListElement\":[{\"@type\":\"ListItem\",\"position\":1,\"name\":\"In\u00edcio\",\"item\":\"https:\/\/femergs.com.br\/wfe\/\"},{\"@type\":\"ListItem\",\"position\":2,\"name\":\"Brasil pela Democracia e pela Vida\"}]},{\"@type\":\"WebSite\",\"@id\":\"https:\/\/femergs.com.br\/wfe\/#website\",\"url\":\"https:\/\/femergs.com.br\/wfe\/\",\"name\":\"FEMERGS\",\"description\":\"FEDERA\u00c7\u00c3O DOS MUNICIP\u00c1RIOS DO ESTADO DO RIO GRANDE DO SUL\",\"publisher\":{\"@id\":\"https:\/\/femergs.com.br\/wfe\/#organization\"},\"potentialAction\":[{\"@type\":\"SearchAction\",\"target\":{\"@type\":\"EntryPoint\",\"urlTemplate\":\"https:\/\/femergs.com.br\/wfe\/?s={search_term_string}\"},\"query-input\":{\"@type\":\"PropertyValueSpecification\",\"valueRequired\":true,\"valueName\":\"search_term_string\"}}],\"inLanguage\":\"pt-BR\"},{\"@type\":\"Organization\",\"@id\":\"https:\/\/femergs.com.br\/wfe\/#organization\",\"name\":\"FEMERGS\",\"url\":\"https:\/\/femergs.com.br\/wfe\/\",\"logo\":{\"@type\":\"ImageObject\",\"inLanguage\":\"pt-BR\",\"@id\":\"https:\/\/femergs.com.br\/wfe\/#\/schema\/logo\/image\/\",\"url\":\"https:\/\/femergs.com.br\/wfe\/wp-content\/uploads\/2025\/06\/logotipo.png\",\"contentUrl\":\"https:\/\/femergs.com.br\/wfe\/wp-content\/uploads\/2025\/06\/logotipo.png\",\"width\":500,\"height\":500,\"caption\":\"FEMERGS\"},\"image\":{\"@id\":\"https:\/\/femergs.com.br\/wfe\/#\/schema\/logo\/image\/\"},\"sameAs\":[\"https:\/\/www.facebook.com\/profile.php?id=100057151733001\",\"https:\/\/www.instagram.com\/femergs_rs\/\"]},{\"@type\":\"Person\",\"@id\":\"https:\/\/femergs.com.br\/wfe\/#\/schema\/person\/f5558e6b5ffc044ee085016237dedb7f\",\"name\":\"adminfemergs\",\"image\":{\"@type\":\"ImageObject\",\"inLanguage\":\"pt-BR\",\"@id\":\"https:\/\/femergs.com.br\/wfe\/#\/schema\/person\/image\/\",\"url\":\"https:\/\/secure.gravatar.com\/avatar\/398642fa557cdd524617ad9b31c938845f071aeb3448b9c0aeb29aefc495337b?s=96&d=mm&r=g\",\"contentUrl\":\"https:\/\/secure.gravatar.com\/avatar\/398642fa557cdd524617ad9b31c938845f071aeb3448b9c0aeb29aefc495337b?s=96&d=mm&r=g\",\"caption\":\"adminfemergs\"},\"sameAs\":[\"https:\/\/femergs.com.br\/wfe\"],\"url\":\"https:\/\/femergs.com.br\/wfe\/blog\/author\/adminfemergs\/\"}]}<\/script>\n<!-- \/ Yoast SEO plugin. -->","yoast_head_json":{"title":"Brasil pela Democracia e pela Vida - Federa\u00e7\u00e3o dos Municip\u00e1rios do Estado do Rio Grande do Sul","robots":{"index":"index","follow":"follow","max-snippet":"max-snippet:-1","max-image-preview":"max-image-preview:large","max-video-preview":"max-video-preview:-1"},"canonical":"https:\/\/femergs.com.br\/wfe\/blog\/brasil-pela-democracia-e-pela-vida\/","og_locale":"pt_BR","og_type":"article","og_title":"Brasil pela Democracia e pela Vida - Federa\u00e7\u00e3o dos Municip\u00e1rios do Estado do Rio Grande do Sul","og_description":"Defender a vida e a democracia \u00e9 o prop\u00f3sito que nos une e mobiliza","og_url":"https:\/\/femergs.com.br\/wfe\/blog\/brasil-pela-democracia-e-pela-vida\/","og_site_name":"Federa\u00e7\u00e3o dos Municip\u00e1rios do Estado do Rio Grande do Sul","article_publisher":"https:\/\/www.facebook.com\/profile.php?id=100057151733001","article_published_time":"2020-06-29T15:35:04+00:00","author":"adminfemergs","twitter_card":"summary_large_image","twitter_misc":{"Escrito por":"adminfemergs","Est. tempo de leitura":"2 minutos"},"schema":{"@context":"https:\/\/schema.org","@graph":[{"@type":"Article","@id":"https:\/\/femergs.com.br\/wfe\/blog\/brasil-pela-democracia-e-pela-vida\/#article","isPartOf":{"@id":"https:\/\/femergs.com.br\/wfe\/blog\/brasil-pela-democracia-e-pela-vida\/"},"author":{"name":"adminfemergs","@id":"https:\/\/femergs.com.br\/wfe\/#\/schema\/person\/f5558e6b5ffc044ee085016237dedb7f"},"headline":"Brasil pela Democracia e pela Vida","datePublished":"2020-06-29T15:35:04+00:00","mainEntityOfPage":{"@id":"https:\/\/femergs.com.br\/wfe\/blog\/brasil-pela-democracia-e-pela-vida\/"},"wordCount":420,"publisher":{"@id":"https:\/\/femergs.com.br\/wfe\/#organization"},"keywords":["NULL"],"articleSection":["ARQUIVADAS"],"inLanguage":"pt-BR"},{"@type":"WebPage","@id":"https:\/\/femergs.com.br\/wfe\/blog\/brasil-pela-democracia-e-pela-vida\/","url":"https:\/\/femergs.com.br\/wfe\/blog\/brasil-pela-democracia-e-pela-vida\/","name":"Brasil pela Democracia e pela Vida - Federa\u00e7\u00e3o dos Municip\u00e1rios do Estado do Rio Grande do Sul","isPartOf":{"@id":"https:\/\/femergs.com.br\/wfe\/#website"},"datePublished":"2020-06-29T15:35:04+00:00","breadcrumb":{"@id":"https:\/\/femergs.com.br\/wfe\/blog\/brasil-pela-democracia-e-pela-vida\/#breadcrumb"},"inLanguage":"pt-BR","potentialAction":[{"@type":"ReadAction","target":["https:\/\/femergs.com.br\/wfe\/blog\/brasil-pela-democracia-e-pela-vida\/"]}]},{"@type":"BreadcrumbList","@id":"https:\/\/femergs.com.br\/wfe\/blog\/brasil-pela-democracia-e-pela-vida\/#breadcrumb","itemListElement":[{"@type":"ListItem","position":1,"name":"In\u00edcio","item":"https:\/\/femergs.com.br\/wfe\/"},{"@type":"ListItem","position":2,"name":"Brasil pela Democracia e pela Vida"}]},{"@type":"WebSite","@id":"https:\/\/femergs.com.br\/wfe\/#website","url":"https:\/\/femergs.com.br\/wfe\/","name":"FEMERGS","description":"FEDERA\u00c7\u00c3O DOS MUNICIP\u00c1RIOS DO ESTADO DO RIO GRANDE DO SUL","publisher":{"@id":"https:\/\/femergs.com.br\/wfe\/#organization"},"potentialAction":[{"@type":"SearchAction","target":{"@type":"EntryPoint","urlTemplate":"https:\/\/femergs.com.br\/wfe\/?s={search_term_string}"},"query-input":{"@type":"PropertyValueSpecification","valueRequired":true,"valueName":"search_term_string"}}],"inLanguage":"pt-BR"},{"@type":"Organization","@id":"https:\/\/femergs.com.br\/wfe\/#organization","name":"FEMERGS","url":"https:\/\/femergs.com.br\/wfe\/","logo":{"@type":"ImageObject","inLanguage":"pt-BR","@id":"https:\/\/femergs.com.br\/wfe\/#\/schema\/logo\/image\/","url":"https:\/\/femergs.com.br\/wfe\/wp-content\/uploads\/2025\/06\/logotipo.png","contentUrl":"https:\/\/femergs.com.br\/wfe\/wp-content\/uploads\/2025\/06\/logotipo.png","width":500,"height":500,"caption":"FEMERGS"},"image":{"@id":"https:\/\/femergs.com.br\/wfe\/#\/schema\/logo\/image\/"},"sameAs":["https:\/\/www.facebook.com\/profile.php?id=100057151733001","https:\/\/www.instagram.com\/femergs_rs\/"]},{"@type":"Person","@id":"https:\/\/femergs.com.br\/wfe\/#\/schema\/person\/f5558e6b5ffc044ee085016237dedb7f","name":"adminfemergs","image":{"@type":"ImageObject","inLanguage":"pt-BR","@id":"https:\/\/femergs.com.br\/wfe\/#\/schema\/person\/image\/","url":"https:\/\/secure.gravatar.com\/avatar\/398642fa557cdd524617ad9b31c938845f071aeb3448b9c0aeb29aefc495337b?s=96&d=mm&r=g","contentUrl":"https:\/\/secure.gravatar.com\/avatar\/398642fa557cdd524617ad9b31c938845f071aeb3448b9c0aeb29aefc495337b?s=96&d=mm&r=g","caption":"adminfemergs"},"sameAs":["https:\/\/femergs.com.br\/wfe"],"url":"https:\/\/femergs.com.br\/wfe\/blog\/author\/adminfemergs\/"}]}},"uagb_featured_image_src":{"full":false,"thumbnail":false,"medium":false,"medium_large":false,"large":false,"1536x1536":false,"2048x2048":false,"ultp_layout_landscape_large":false,"ultp_layout_landscape":false,"ultp_layout_portrait":false,"ultp_layout_square":false},"uagb_author_info":{"display_name":"adminfemergs","author_link":"https:\/\/femergs.com.br\/wfe\/blog\/author\/adminfemergs\/"},"uagb_comment_info":0,"uagb_excerpt":"Defender a vida e a democracia \u00e9 o prop\u00f3sito que nos une e mobiliza","_links":{"self":[{"href":"https:\/\/femergs.com.br\/wfe\/wp-json\/wp\/v2\/posts\/1253","targetHints":{"allow":["GET"]}}],"collection":[{"href":"https:\/\/femergs.com.br\/wfe\/wp-json\/wp\/v2\/posts"}],"about":[{"href":"https:\/\/femergs.com.br\/wfe\/wp-json\/wp\/v2\/types\/post"}],"author":[{"embeddable":true,"href":"https:\/\/femergs.com.br\/wfe\/wp-json\/wp\/v2\/users\/1"}],"replies":[{"embeddable":true,"href":"https:\/\/femergs.com.br\/wfe\/wp-json\/wp\/v2\/comments?post=1253"}],"version-history":[{"count":0,"href":"https:\/\/femergs.com.br\/wfe\/wp-json\/wp\/v2\/posts\/1253\/revisions"}],"wp:attachment":[{"href":"https:\/\/femergs.com.br\/wfe\/wp-json\/wp\/v2\/media?parent=1253"}],"wp:term":[{"taxonomy":"category","embeddable":true,"href":"https:\/\/femergs.com.br\/wfe\/wp-json\/wp\/v2\/categories?post=1253"},{"taxonomy":"post_tag","embeddable":true,"href":"https:\/\/femergs.com.br\/wfe\/wp-json\/wp\/v2\/tags?post=1253"}],"curies":[{"name":"wp","href":"https:\/\/api.w.org\/{rel}","templated":true}]}}