{"id":1255,"date":"2020-07-31T00:03:44","date_gmt":"2020-07-31T00:03:44","guid":{"rendered":"https:\/\/femergs.com.br\/wfe\/blog\/aprendizado\/"},"modified":"2020-07-31T00:03:44","modified_gmt":"2020-07-31T00:03:44","slug":"aprendizado","status":"publish","type":"post","link":"https:\/\/femergs.com.br\/wfe\/blog\/aprendizado\/","title":{"rendered":"APRENDIZADO!"},"content":{"rendered":"<div style=\"text-align:justify\">Hoje, o texto que escrevo, vai conter muitos exemplos meus, pois como j\u00e1 disse em v\u00e1rias ocasi\u00f5es, aprendemos e podemos transmitir muito com nossa viv\u00eancia, nosso exemplo e com a viv\u00eancia e o exemplo dos que nos cercam. Lembrando novamente, o grande Paulo Freire, pena que muitos decoraram seus textos maravilhosos, mas n\u00e3o seguem seu exemplo ainda maior do que tudo o que escreveu.<\/p>\n<p>Pedi a nossa secret\u00e1ria de imprensa, Lucinara Massolino, que colocasse hoje a foto que me inspirou para este texto. Sim, em atendimento EM CASA, somos brasileiros vamos falar e escrever assim, ap\u00f3s mais de uma hora conversando com uma pessoa, senti necessidade de calor, \u00e9, pois est\u00e1 muito frio, lembrei de que toda pessoa que usa muito computador deve fazer de tempos em tempos uma pausa, para evitar LER, coisa que n\u00e3o fiz nos trinta anos de trabalho e pago o pre\u00e7o hoje com dores terr\u00edveis em meus bra\u00e7os. Ent\u00e3o fui tomar sol, e a\u00ed, mexendo com meus bra\u00e7os pensei o que me levou a n\u00e3o conhecer meu direito como digitadora, que \u00e9 o que sempre fui, comecei meu trabalho DATILOGRAFANDO o Jornal CELEIRO, em uma linda m\u00e1quina el\u00e9trica. E a\u00ed comecei a pensar, n\u00e3o fazia, pois n\u00e3o entendia o que era DIREITO DO TRABALHADOR. Era s\u00f3cia, mas n\u00e3o participava efetivamente da luta sindical. Era s\u00f3cia, pois sempre apaixonada por pol\u00edtica, conhecia a hist\u00f3ria das grandes lutas. E sempre fui muito questionadora e observadora, ent\u00e3o minha inf\u00e2ncia foi meu primeiro aprendizado, \u00fanica morena no meio de dezenas de primos loiros com olhos azuis e verdes, observava as conversas, os saberes que traziam meus antepassados, da dignidade do trabalho, que s\u00f3 ele produz riqueza, e eu naquela \u00e9poca j\u00e1 pensava como isso, se meus av\u00f3s trabalhavam como loucos em suas propriedades e n\u00e3o ficavam ricos.<\/p>\n<p>A\u00ed adulta surgiu a FEMERGS em minha vida, caiu no colo, como se diz, e eu entrei de cabe\u00e7a neste projeto, pois gosto por natureza de aprender. Nunca fiz longas forma\u00e7\u00f5es, cursos car\u00edssimos na federa\u00e7\u00e3o, e acho que nestes mais de dez anos, aprendi muito, ainda tenho muito a aprender, mas as principais li\u00e7\u00f5es eu entendi. Como por exemplo a quest\u00e3o da import\u00e2ncia de participar de todas as forma\u00e7\u00f5es, por mais sacrificado que tenha sido ir a Porto Alegre, saindo de minha cidade as dez da noite, passar o dia em reuni\u00e3o e retornar no mesmo dia at\u00e9 aqui, totalizando muitas vezes 24 horas de \u00f4nibus. E tenho tanta certeza que aprendi, e que a FEMERGS ofertou a centenas de sindicalistas este aprendizado por anos, que vou citar outro exemplo. Uma das minhas primeiras atividades como coordenadora da regi\u00e3o CELEIRO, foi um evento no CINE GLOBO em Tr\u00eas Passos, tema PREVID\u00caNCIA E SA\u00daDE DO TRABALHADOR, palestrantes da \u00e9poca, JORGE SILVEIRA de Pelotas, Diretor de Sa\u00fade do Trabalhador na \u00e9poca E M\u00c1RCIO NUNES FERREIRA, de Santa Maria, Diretor de Previd\u00eancia. Neste evento me frustrei com o n\u00famero de participantes, mas lembro bem que meu pai foi at\u00e9 l\u00e1, pois queria saber em que a filha havia se metido, j\u00e1 que como descendente de imigrantes alem\u00e3es havia recebido de seus pais a m\u00e1xima de que, \u201cao patr\u00e3o s\u00f3 agradecimentos, pois ele te d\u00e1 o p\u00e3o de todo dia\u201d. Triste, mas ainda existe isso, enfim, em dado momento, meu pai me abra\u00e7ou e disse; \u201cse eu soubesse disso a trinta anos atr\u00e1s, jamais trabalharia com vernizes, tintas e solventes sem m\u00e1scaras. Ainda bem que tive sorte, n\u00e3o me prejudicou tanto.\u201d. Triste ilus\u00e3o, meu pai faleceu a cinco anos por um c\u00e2ncer raro no ureter, que o levou em menos de seis meses, e adivinhem qual \u00e9 uma das causas deste tipo de c\u00e2ncer?<\/p>\n<p>E o sol me trouxe outra lembran\u00e7a, quem diria que eu um dia estaria trabalhando em casa? E a\u00ed lembrei como conheci o pessoal do DIESE, uma reuni\u00e3o de dire\u00e7\u00e3o em Porto Alegre, como coordenadora nunca faltei, posso contar nos dedos quando por motivos de doen\u00e7a n\u00e3o fui, apesar da dificuldade de locomo\u00e7\u00e3o. E a tarde, a FEMERGS na \u00e9poca contava com os recursos do imposto sindical, ent\u00e3o tinha um conv\u00eanio, uma parceria com o DIESE, e o palestrante do dia, falava sobre a nova concep\u00e7\u00e3o de trabalho, diante da P\u00f3s-Modernidade, em que o homem, o trabalhador n\u00e3o \u00e9 mais necess\u00e1rio em muitos casos nem para controlar o maquin\u00e1rio que produzem, a era digital, e ele na \u00e9poca falava que chegaria o dia em que a carga hor\u00e1ria seria inferior a 20 horas semanais, e que os benef\u00edcios governamentais como RENDA MIN\u00cdMA teriam que ser a \u00fanica forma de distribuir a riqueza produzida pelo trabalho, sim, pois a maior parte do trabalho seriam das m\u00e1quinas, dos computadores, e n\u00e3o \u00e9 JUSTO e nem HUMANO, toda esta riqueza ficar somente com quem pode comprar a m\u00e1quina. Pois \u00e9, o mundo est\u00e1 vivendo esta expectativa na pandemia do COVID 19, e n\u00f3s no pa\u00eds, por quest\u00e3o de retrocesso hist\u00f3rico estamos na contra m\u00e3o da hist\u00f3ria. O que lembra outra passagem vivida, o entendimento de que muitos dos imigrantes que aqui chegaram pensavam sim como Hitler, na superioridade do povo alem\u00e3o, do povo europeu, tanto isto \u00e9 verdade que quem \u00e9 descendente e nunca ouviu o comparativo de que alem\u00e3es e italianos trabalham mais, \u00e9 s\u00f3 ver o belo jardim, em volta de suas casas. E a\u00ed, onde fica M\u00e1rio Cortella nisto? Sim, M\u00e1rio Cortella diz que \u00e1s vezes, muita limpeza, muita apar\u00eancia de perfei\u00e7\u00e3o escondem car\u00eancias extremas e vitais para que sejamos felizes.<\/p>\n<p>Dif\u00edcil entender minha reflex\u00e3o de hoje, n\u00e3o, acredito que se cada um de n\u00f3s olhar para nosso viver, para nossas falhas e nossas qualidades entenderemos finalmente que somos ETERNOS APRENDIZES, e nem sempre \u00e9 necess\u00e1rio grandes eventos, cursos car\u00edssimos, e pomposos para termos forma\u00e7\u00e3o, \u00e9 s\u00f3 necess\u00e1rio termos a humildade de saber que em cada encontro, podemos aprender, basta participar. Nem um livro pode te dar conhecimento e aprendizado se voc\u00ea n\u00e3o for humilde suficiente para dialogar, refletir e trocar experi\u00eancias com outro, pois a\u00ed voc\u00ea ser\u00e1 como centenas de educadores deste pa\u00eds que decoram Paulo Freire para citar em momentos espec\u00edficos de interesse pr\u00f3prio e n\u00e3o para melhorar o mundo, a educa\u00e7\u00e3o como era desejo dele.<\/p>\n<p>E para terminar a reflex\u00e3o de hoje, todos tem o direito de escolha, at\u00e9 o pior dos ditadores ou capitalistas, o que n\u00e3o \u00e9 direito de ningu\u00e9m, estar em lugar que n\u00e3o condiz com sua verdadeira filosofia de vida. Ent\u00e3o eu sou eternamente grata por toda APRENDIZAGEM que a Federa\u00e7\u00e3o dos Municip\u00e1rios me proporcionou, mas antes disso sou eternamente grata a meus pais e familiares que me deixaram ser esta pessoa questionadora, observadora e ciente de que \u00e9 necess\u00e1rio acreditar que somos eternos aprendizes, s\u00f3 assim crescemos. E que cada um deve estar no lugar que condiz com o que acredita, mas quando escolhe o lugar, deve estar conectado verdadeiramente com os objetivos e aproveitar todos os momentos para aprender, ent\u00e3o, se de alguma forma tamb\u00e9m foi dado a voc\u00ea a oportunidade de estar na FEMERGS, participe, verdadeiramente participe quando receber convite para LIVES, leia tudo o que j\u00e1 foi publicado nestes anos na p\u00e1gina, ou\u00e7a os v\u00eddeos explicativos, procure e transmita conhecimento, pois s\u00f3 este conhecimento e esta aprendizagem \u00e9 que ser\u00e3o o diferencial na nossa vida.<\/p>\n<p>E principalmente DISTRIBUIA o que aprendeu, pois saberes retidos, s\u00e3o saberes manipul\u00e1veis!<\/p><\/div>\n","protected":false},"excerpt":{"rendered":"<p>Hoje, o texto que escrevo, vai conter muitos exemplos meus, pois como j\u00e1 disse em v\u00e1rias ocasi\u00f5es, aprendemos e podemos transmitir muito com nossa viv\u00eancia, nosso exemplo e com a viv\u00eancia e o exemplo dos que nos cercam. Lembrando novamente, o grande Paulo Freire, pena que muitos decoraram seus textos maravilhosos, mas n\u00e3o seguem seu [&hellip;]<\/p>\n","protected":false},"author":1,"featured_media":0,"comment_status":"closed","ping_status":"closed","sticky":false,"template":"","format":"standard","meta":{"_eb_attr":"","_uag_custom_page_level_css":"","fifu_image_url":"","fifu_image_alt":"","footnotes":""},"categories":[1],"tags":[32],"class_list":["post-1255","post","type-post","status-publish","format-standard","hentry","category-arquivadas","tag-null"],"yoast_head":"<!-- This site is optimized with the Yoast SEO plugin v27.1.1 - https:\/\/yoast.com\/product\/yoast-seo-wordpress\/ -->\n<title>APRENDIZADO! - Federa\u00e7\u00e3o dos Municip\u00e1rios do Estado do Rio Grande do Sul<\/title>\n<meta name=\"robots\" content=\"index, follow, max-snippet:-1, max-image-preview:large, max-video-preview:-1\" \/>\n<link rel=\"canonical\" href=\"https:\/\/femergs.com.br\/wfe\/blog\/aprendizado\/\" \/>\n<meta property=\"og:locale\" content=\"pt_BR\" \/>\n<meta property=\"og:type\" content=\"article\" \/>\n<meta property=\"og:title\" content=\"APRENDIZADO! - Federa\u00e7\u00e3o dos Municip\u00e1rios do Estado do Rio Grande do Sul\" \/>\n<meta property=\"og:description\" content=\"Hoje, o texto que escrevo, vai conter muitos exemplos meus, pois como j\u00e1 disse em v\u00e1rias ocasi\u00f5es, aprendemos e podemos transmitir muito com nossa viv\u00eancia, nosso exemplo e com a viv\u00eancia e o exemplo dos que nos cercam. Lembrando novamente, o grande Paulo Freire, pena que muitos decoraram seus textos maravilhosos, mas n\u00e3o seguem seu [&hellip;]\" \/>\n<meta property=\"og:url\" content=\"https:\/\/femergs.com.br\/wfe\/blog\/aprendizado\/\" \/>\n<meta property=\"og:site_name\" content=\"Federa\u00e7\u00e3o dos Municip\u00e1rios do Estado do Rio Grande do Sul\" \/>\n<meta property=\"article:publisher\" content=\"https:\/\/www.facebook.com\/profile.php?id=100057151733001\" \/>\n<meta property=\"article:published_time\" content=\"2020-07-31T00:03:44+00:00\" \/>\n<meta name=\"author\" content=\"adminfemergs\" \/>\n<meta name=\"twitter:card\" content=\"summary_large_image\" \/>\n<meta name=\"twitter:label1\" content=\"Escrito por\" \/>\n\t<meta name=\"twitter:data1\" content=\"adminfemergs\" \/>\n\t<meta name=\"twitter:label2\" content=\"Est. tempo de leitura\" \/>\n\t<meta name=\"twitter:data2\" content=\"7 minutos\" \/>\n<script type=\"application\/ld+json\" class=\"yoast-schema-graph\">{\"@context\":\"https:\/\/schema.org\",\"@graph\":[{\"@type\":\"Article\",\"@id\":\"https:\/\/femergs.com.br\/wfe\/blog\/aprendizado\/#article\",\"isPartOf\":{\"@id\":\"https:\/\/femergs.com.br\/wfe\/blog\/aprendizado\/\"},\"author\":{\"name\":\"adminfemergs\",\"@id\":\"https:\/\/femergs.com.br\/wfe\/#\/schema\/person\/f5558e6b5ffc044ee085016237dedb7f\"},\"headline\":\"APRENDIZADO!\",\"datePublished\":\"2020-07-31T00:03:44+00:00\",\"mainEntityOfPage\":{\"@id\":\"https:\/\/femergs.com.br\/wfe\/blog\/aprendizado\/\"},\"wordCount\":1318,\"publisher\":{\"@id\":\"https:\/\/femergs.com.br\/wfe\/#organization\"},\"keywords\":[\"NULL\"],\"articleSection\":[\"ARQUIVADAS\"],\"inLanguage\":\"pt-BR\"},{\"@type\":\"WebPage\",\"@id\":\"https:\/\/femergs.com.br\/wfe\/blog\/aprendizado\/\",\"url\":\"https:\/\/femergs.com.br\/wfe\/blog\/aprendizado\/\",\"name\":\"APRENDIZADO! - Federa\u00e7\u00e3o dos Municip\u00e1rios do Estado do Rio Grande do Sul\",\"isPartOf\":{\"@id\":\"https:\/\/femergs.com.br\/wfe\/#website\"},\"datePublished\":\"2020-07-31T00:03:44+00:00\",\"breadcrumb\":{\"@id\":\"https:\/\/femergs.com.br\/wfe\/blog\/aprendizado\/#breadcrumb\"},\"inLanguage\":\"pt-BR\",\"potentialAction\":[{\"@type\":\"ReadAction\",\"target\":[\"https:\/\/femergs.com.br\/wfe\/blog\/aprendizado\/\"]}]},{\"@type\":\"BreadcrumbList\",\"@id\":\"https:\/\/femergs.com.br\/wfe\/blog\/aprendizado\/#breadcrumb\",\"itemListElement\":[{\"@type\":\"ListItem\",\"position\":1,\"name\":\"In\u00edcio\",\"item\":\"https:\/\/femergs.com.br\/wfe\/\"},{\"@type\":\"ListItem\",\"position\":2,\"name\":\"APRENDIZADO!\"}]},{\"@type\":\"WebSite\",\"@id\":\"https:\/\/femergs.com.br\/wfe\/#website\",\"url\":\"https:\/\/femergs.com.br\/wfe\/\",\"name\":\"FEMERGS\",\"description\":\"FEDERA\u00c7\u00c3O DOS MUNICIP\u00c1RIOS DO ESTADO DO RIO GRANDE DO SUL\",\"publisher\":{\"@id\":\"https:\/\/femergs.com.br\/wfe\/#organization\"},\"potentialAction\":[{\"@type\":\"SearchAction\",\"target\":{\"@type\":\"EntryPoint\",\"urlTemplate\":\"https:\/\/femergs.com.br\/wfe\/?s={search_term_string}\"},\"query-input\":{\"@type\":\"PropertyValueSpecification\",\"valueRequired\":true,\"valueName\":\"search_term_string\"}}],\"inLanguage\":\"pt-BR\"},{\"@type\":\"Organization\",\"@id\":\"https:\/\/femergs.com.br\/wfe\/#organization\",\"name\":\"FEMERGS\",\"url\":\"https:\/\/femergs.com.br\/wfe\/\",\"logo\":{\"@type\":\"ImageObject\",\"inLanguage\":\"pt-BR\",\"@id\":\"https:\/\/femergs.com.br\/wfe\/#\/schema\/logo\/image\/\",\"url\":\"https:\/\/femergs.com.br\/wfe\/wp-content\/uploads\/2025\/06\/logotipo.png\",\"contentUrl\":\"https:\/\/femergs.com.br\/wfe\/wp-content\/uploads\/2025\/06\/logotipo.png\",\"width\":500,\"height\":500,\"caption\":\"FEMERGS\"},\"image\":{\"@id\":\"https:\/\/femergs.com.br\/wfe\/#\/schema\/logo\/image\/\"},\"sameAs\":[\"https:\/\/www.facebook.com\/profile.php?id=100057151733001\",\"https:\/\/www.instagram.com\/femergs_rs\/\"]},{\"@type\":\"Person\",\"@id\":\"https:\/\/femergs.com.br\/wfe\/#\/schema\/person\/f5558e6b5ffc044ee085016237dedb7f\",\"name\":\"adminfemergs\",\"image\":{\"@type\":\"ImageObject\",\"inLanguage\":\"pt-BR\",\"@id\":\"https:\/\/femergs.com.br\/wfe\/#\/schema\/person\/image\/\",\"url\":\"https:\/\/secure.gravatar.com\/avatar\/398642fa557cdd524617ad9b31c938845f071aeb3448b9c0aeb29aefc495337b?s=96&d=mm&r=g\",\"contentUrl\":\"https:\/\/secure.gravatar.com\/avatar\/398642fa557cdd524617ad9b31c938845f071aeb3448b9c0aeb29aefc495337b?s=96&d=mm&r=g\",\"caption\":\"adminfemergs\"},\"sameAs\":[\"https:\/\/femergs.com.br\/wfe\"],\"url\":\"https:\/\/femergs.com.br\/wfe\/blog\/author\/adminfemergs\/\"}]}<\/script>\n<!-- \/ Yoast SEO plugin. -->","yoast_head_json":{"title":"APRENDIZADO! - Federa\u00e7\u00e3o dos Municip\u00e1rios do Estado do Rio Grande do Sul","robots":{"index":"index","follow":"follow","max-snippet":"max-snippet:-1","max-image-preview":"max-image-preview:large","max-video-preview":"max-video-preview:-1"},"canonical":"https:\/\/femergs.com.br\/wfe\/blog\/aprendizado\/","og_locale":"pt_BR","og_type":"article","og_title":"APRENDIZADO! - Federa\u00e7\u00e3o dos Municip\u00e1rios do Estado do Rio Grande do Sul","og_description":"Hoje, o texto que escrevo, vai conter muitos exemplos meus, pois como j\u00e1 disse em v\u00e1rias ocasi\u00f5es, aprendemos e podemos transmitir muito com nossa viv\u00eancia, nosso exemplo e com a viv\u00eancia e o exemplo dos que nos cercam. Lembrando novamente, o grande Paulo Freire, pena que muitos decoraram seus textos maravilhosos, mas n\u00e3o seguem seu [&hellip;]","og_url":"https:\/\/femergs.com.br\/wfe\/blog\/aprendizado\/","og_site_name":"Federa\u00e7\u00e3o dos Municip\u00e1rios do Estado do Rio Grande do Sul","article_publisher":"https:\/\/www.facebook.com\/profile.php?id=100057151733001","article_published_time":"2020-07-31T00:03:44+00:00","author":"adminfemergs","twitter_card":"summary_large_image","twitter_misc":{"Escrito por":"adminfemergs","Est. tempo de leitura":"7 minutos"},"schema":{"@context":"https:\/\/schema.org","@graph":[{"@type":"Article","@id":"https:\/\/femergs.com.br\/wfe\/blog\/aprendizado\/#article","isPartOf":{"@id":"https:\/\/femergs.com.br\/wfe\/blog\/aprendizado\/"},"author":{"name":"adminfemergs","@id":"https:\/\/femergs.com.br\/wfe\/#\/schema\/person\/f5558e6b5ffc044ee085016237dedb7f"},"headline":"APRENDIZADO!","datePublished":"2020-07-31T00:03:44+00:00","mainEntityOfPage":{"@id":"https:\/\/femergs.com.br\/wfe\/blog\/aprendizado\/"},"wordCount":1318,"publisher":{"@id":"https:\/\/femergs.com.br\/wfe\/#organization"},"keywords":["NULL"],"articleSection":["ARQUIVADAS"],"inLanguage":"pt-BR"},{"@type":"WebPage","@id":"https:\/\/femergs.com.br\/wfe\/blog\/aprendizado\/","url":"https:\/\/femergs.com.br\/wfe\/blog\/aprendizado\/","name":"APRENDIZADO! - Federa\u00e7\u00e3o dos Municip\u00e1rios do Estado do Rio Grande do Sul","isPartOf":{"@id":"https:\/\/femergs.com.br\/wfe\/#website"},"datePublished":"2020-07-31T00:03:44+00:00","breadcrumb":{"@id":"https:\/\/femergs.com.br\/wfe\/blog\/aprendizado\/#breadcrumb"},"inLanguage":"pt-BR","potentialAction":[{"@type":"ReadAction","target":["https:\/\/femergs.com.br\/wfe\/blog\/aprendizado\/"]}]},{"@type":"BreadcrumbList","@id":"https:\/\/femergs.com.br\/wfe\/blog\/aprendizado\/#breadcrumb","itemListElement":[{"@type":"ListItem","position":1,"name":"In\u00edcio","item":"https:\/\/femergs.com.br\/wfe\/"},{"@type":"ListItem","position":2,"name":"APRENDIZADO!"}]},{"@type":"WebSite","@id":"https:\/\/femergs.com.br\/wfe\/#website","url":"https:\/\/femergs.com.br\/wfe\/","name":"FEMERGS","description":"FEDERA\u00c7\u00c3O DOS MUNICIP\u00c1RIOS DO ESTADO DO RIO GRANDE DO SUL","publisher":{"@id":"https:\/\/femergs.com.br\/wfe\/#organization"},"potentialAction":[{"@type":"SearchAction","target":{"@type":"EntryPoint","urlTemplate":"https:\/\/femergs.com.br\/wfe\/?s={search_term_string}"},"query-input":{"@type":"PropertyValueSpecification","valueRequired":true,"valueName":"search_term_string"}}],"inLanguage":"pt-BR"},{"@type":"Organization","@id":"https:\/\/femergs.com.br\/wfe\/#organization","name":"FEMERGS","url":"https:\/\/femergs.com.br\/wfe\/","logo":{"@type":"ImageObject","inLanguage":"pt-BR","@id":"https:\/\/femergs.com.br\/wfe\/#\/schema\/logo\/image\/","url":"https:\/\/femergs.com.br\/wfe\/wp-content\/uploads\/2025\/06\/logotipo.png","contentUrl":"https:\/\/femergs.com.br\/wfe\/wp-content\/uploads\/2025\/06\/logotipo.png","width":500,"height":500,"caption":"FEMERGS"},"image":{"@id":"https:\/\/femergs.com.br\/wfe\/#\/schema\/logo\/image\/"},"sameAs":["https:\/\/www.facebook.com\/profile.php?id=100057151733001","https:\/\/www.instagram.com\/femergs_rs\/"]},{"@type":"Person","@id":"https:\/\/femergs.com.br\/wfe\/#\/schema\/person\/f5558e6b5ffc044ee085016237dedb7f","name":"adminfemergs","image":{"@type":"ImageObject","inLanguage":"pt-BR","@id":"https:\/\/femergs.com.br\/wfe\/#\/schema\/person\/image\/","url":"https:\/\/secure.gravatar.com\/avatar\/398642fa557cdd524617ad9b31c938845f071aeb3448b9c0aeb29aefc495337b?s=96&d=mm&r=g","contentUrl":"https:\/\/secure.gravatar.com\/avatar\/398642fa557cdd524617ad9b31c938845f071aeb3448b9c0aeb29aefc495337b?s=96&d=mm&r=g","caption":"adminfemergs"},"sameAs":["https:\/\/femergs.com.br\/wfe"],"url":"https:\/\/femergs.com.br\/wfe\/blog\/author\/adminfemergs\/"}]}},"uagb_featured_image_src":{"full":false,"thumbnail":false,"medium":false,"medium_large":false,"large":false,"1536x1536":false,"2048x2048":false,"ultp_layout_landscape_large":false,"ultp_layout_landscape":false,"ultp_layout_portrait":false,"ultp_layout_square":false},"uagb_author_info":{"display_name":"adminfemergs","author_link":"https:\/\/femergs.com.br\/wfe\/blog\/author\/adminfemergs\/"},"uagb_comment_info":0,"uagb_excerpt":"Hoje, o texto que escrevo, vai conter muitos exemplos meus, pois como j\u00e1 disse em v\u00e1rias ocasi\u00f5es, aprendemos e podemos transmitir muito com nossa viv\u00eancia, nosso exemplo e com a viv\u00eancia e o exemplo dos que nos cercam. Lembrando novamente, o grande Paulo Freire, pena que muitos decoraram seus textos maravilhosos, mas n\u00e3o seguem seu&hellip;","_links":{"self":[{"href":"https:\/\/femergs.com.br\/wfe\/wp-json\/wp\/v2\/posts\/1255","targetHints":{"allow":["GET"]}}],"collection":[{"href":"https:\/\/femergs.com.br\/wfe\/wp-json\/wp\/v2\/posts"}],"about":[{"href":"https:\/\/femergs.com.br\/wfe\/wp-json\/wp\/v2\/types\/post"}],"author":[{"embeddable":true,"href":"https:\/\/femergs.com.br\/wfe\/wp-json\/wp\/v2\/users\/1"}],"replies":[{"embeddable":true,"href":"https:\/\/femergs.com.br\/wfe\/wp-json\/wp\/v2\/comments?post=1255"}],"version-history":[{"count":0,"href":"https:\/\/femergs.com.br\/wfe\/wp-json\/wp\/v2\/posts\/1255\/revisions"}],"wp:attachment":[{"href":"https:\/\/femergs.com.br\/wfe\/wp-json\/wp\/v2\/media?parent=1255"}],"wp:term":[{"taxonomy":"category","embeddable":true,"href":"https:\/\/femergs.com.br\/wfe\/wp-json\/wp\/v2\/categories?post=1255"},{"taxonomy":"post_tag","embeddable":true,"href":"https:\/\/femergs.com.br\/wfe\/wp-json\/wp\/v2\/tags?post=1255"}],"curies":[{"name":"wp","href":"https:\/\/api.w.org\/{rel}","templated":true}]}}