{"id":1256,"date":"2020-08-31T21:51:18","date_gmt":"2020-08-31T21:51:18","guid":{"rendered":"https:\/\/femergs.com.br\/wfe\/blog\/diretora-de-formacao-da-femergs-lanca-artigo-em-revista-internacional\/"},"modified":"2020-08-31T21:51:18","modified_gmt":"2020-08-31T21:51:18","slug":"diretora-de-formacao-da-femergs-lanca-artigo-em-revista-internacional","status":"publish","type":"post","link":"https:\/\/femergs.com.br\/wfe\/blog\/diretora-de-formacao-da-femergs-lanca-artigo-em-revista-internacional\/","title":{"rendered":"DIRETORA DE FORMA\u00c7\u00c3O DA FEMERGS LAN\u00c7A ARTIGO EM REVISTA INTERNACIONAL"},"content":{"rendered":"<p>No dia de hoje, 31 de agosto, foi lan\u00e7ada na Revista Escenarios, de Missiones em Buenos Aires o destacad\u00edssimo artigo \u201cREFLEXIONES SOBRE LA LUCHA SINDICAL EM BRASIL\u201d, escrita pela nossa Diretora de Forma\u00e7\u00e3o Clarice In\u00eas Mainardi.<\/p>\n<p>Clarice \u00e9 Servidora P\u00fablica Municipal de Tenente Portela e com suas atitudes e desempenhando sempre seu papel atuante dentro da Federa\u00e7\u00e3o dos Municip\u00e1rios, relata o que na pr\u00e1tica vive, neste artigo, ao lado de nada mais, nada menos que o renomado Federico D\u00e1vila, Dirigente da CGT da Argentina e da ISP\/Argentina.<\/p>\n<p>Pensar o sindicalismo, os movimentos sociais e a redemocratiza\u00e7\u00e3o nos dias de hoje \u00e9 um desafio enorme e ao mesmo tempo uma possibilidade de compreens\u00e3o de tudo o que j\u00e1 foi vivido assim como lan\u00e7ar a busca de a\u00e7\u00f5es para um futuro de muita luta, debates e principalmente em defesa do Trabalhador que \u00e9 as bases de todo e qualquer sindicato ou sindicalista.<\/p>\n<p>Para Clarice o importante \u00e9 atualmente ter a reconstru\u00e7\u00e3o de nossas entidades sindicais com p\u00e9s firmes no atual cen\u00e1rio que estamos vivendo, mas nunca esquecer a hist\u00f3ria e o passado que retorna. \u201cA reconstru\u00e7\u00e3o das nossas entidades, a procura da consolida\u00e7\u00e3o da t\u00e3o sonhada unidade dos trabalhadores, \u00e9 urgente para que possamos reconstruir a nossa democracia sobre alicerces mais concretos e resistentes para o futuro\u201d.<\/p>\n<p>Para uma leitura mais apurada acesse a Revista e compartilhe com n\u00f3s suas ideias e compreens\u00f5es a respeito do tema!<\/p>\n<p><a href=\"https:\/\/pt.calameo.com\/read\/005318467c224f6bb9c90\">https:\/\/pt.calameo.com\/read\/005318467c224f6bb9c90<\/a><\/p>\n<div style=\"text-align: center;\">\n<em>\u201cO melhor de todos os escritores n\u00e3o \u00e9 aquele que busca se encaixar em algum estilo liter\u00e1rio ou que escreve de modo dram\u00e1tico seu passado utilizando de linguagem culta e rebuscada, mas sim aquele que \u00e9, originalmente, um criador de passados, um vivedor de presentes e um sonhador de futuros.\u201d<br \/>\n(Leonardo Noronha)<\/em><\/div>\n","protected":false},"excerpt":{"rendered":"<p>Diretora de Forma\u00e7\u00e3o lan\u00e7a artigo em Revista Escenarios em uma reflex\u00e3o importante e preocupante da atual situa\u00e7\u00e3o de nossas institui\u00e7\u00f5es e movimentos sindicais.<\/p>\n","protected":false},"author":1,"featured_media":0,"comment_status":"closed","ping_status":"closed","sticky":false,"template":"","format":"standard","meta":{"_eb_attr":"","_uag_custom_page_level_css":"","fifu_image_url":"","fifu_image_alt":"","footnotes":""},"categories":[1],"tags":[32],"class_list":["post-1256","post","type-post","status-publish","format-standard","hentry","category-arquivadas","tag-null"],"yoast_head":"<!-- This site is optimized with the Yoast SEO plugin v27.1.1 - https:\/\/yoast.com\/product\/yoast-seo-wordpress\/ -->\n<title>DIRETORA DE FORMA\u00c7\u00c3O DA FEMERGS LAN\u00c7A ARTIGO EM REVISTA INTERNACIONAL - Federa\u00e7\u00e3o dos Municip\u00e1rios do Estado do Rio Grande do Sul<\/title>\n<meta name=\"robots\" content=\"index, follow, max-snippet:-1, max-image-preview:large, max-video-preview:-1\" \/>\n<link rel=\"canonical\" href=\"https:\/\/femergs.com.br\/wfe\/blog\/diretora-de-formacao-da-femergs-lanca-artigo-em-revista-internacional\/\" \/>\n<meta property=\"og:locale\" content=\"pt_BR\" \/>\n<meta property=\"og:type\" content=\"article\" \/>\n<meta property=\"og:title\" content=\"DIRETORA DE FORMA\u00c7\u00c3O DA FEMERGS LAN\u00c7A ARTIGO EM REVISTA INTERNACIONAL - Federa\u00e7\u00e3o dos Municip\u00e1rios do Estado do Rio Grande do Sul\" \/>\n<meta property=\"og:description\" content=\"Diretora de Forma\u00e7\u00e3o lan\u00e7a artigo em Revista Escenarios em uma reflex\u00e3o importante e preocupante da atual situa\u00e7\u00e3o de nossas institui\u00e7\u00f5es e movimentos sindicais.\" \/>\n<meta property=\"og:url\" content=\"https:\/\/femergs.com.br\/wfe\/blog\/diretora-de-formacao-da-femergs-lanca-artigo-em-revista-internacional\/\" \/>\n<meta property=\"og:site_name\" content=\"Federa\u00e7\u00e3o dos Municip\u00e1rios do Estado do Rio Grande do Sul\" \/>\n<meta property=\"article:publisher\" content=\"https:\/\/www.facebook.com\/profile.php?id=100057151733001\" \/>\n<meta property=\"article:published_time\" content=\"2020-08-31T21:51:18+00:00\" \/>\n<meta name=\"author\" content=\"adminfemergs\" \/>\n<meta name=\"twitter:card\" content=\"summary_large_image\" \/>\n<meta name=\"twitter:label1\" content=\"Escrito por\" \/>\n\t<meta name=\"twitter:data1\" content=\"adminfemergs\" \/>\n\t<meta name=\"twitter:label2\" content=\"Est. tempo de leitura\" \/>\n\t<meta name=\"twitter:data2\" content=\"2 minutos\" \/>\n<script type=\"application\/ld+json\" class=\"yoast-schema-graph\">{\"@context\":\"https:\/\/schema.org\",\"@graph\":[{\"@type\":\"Article\",\"@id\":\"https:\/\/femergs.com.br\/wfe\/blog\/diretora-de-formacao-da-femergs-lanca-artigo-em-revista-internacional\/#article\",\"isPartOf\":{\"@id\":\"https:\/\/femergs.com.br\/wfe\/blog\/diretora-de-formacao-da-femergs-lanca-artigo-em-revista-internacional\/\"},\"author\":{\"name\":\"adminfemergs\",\"@id\":\"https:\/\/femergs.com.br\/wfe\/#\/schema\/person\/f5558e6b5ffc044ee085016237dedb7f\"},\"headline\":\"DIRETORA DE FORMA\u00c7\u00c3O DA FEMERGS LAN\u00c7A ARTIGO EM REVISTA INTERNACIONAL\",\"datePublished\":\"2020-08-31T21:51:18+00:00\",\"mainEntityOfPage\":{\"@id\":\"https:\/\/femergs.com.br\/wfe\/blog\/diretora-de-formacao-da-femergs-lanca-artigo-em-revista-internacional\/\"},\"wordCount\":326,\"publisher\":{\"@id\":\"https:\/\/femergs.com.br\/wfe\/#organization\"},\"keywords\":[\"NULL\"],\"articleSection\":[\"ARQUIVADAS\"],\"inLanguage\":\"pt-BR\"},{\"@type\":\"WebPage\",\"@id\":\"https:\/\/femergs.com.br\/wfe\/blog\/diretora-de-formacao-da-femergs-lanca-artigo-em-revista-internacional\/\",\"url\":\"https:\/\/femergs.com.br\/wfe\/blog\/diretora-de-formacao-da-femergs-lanca-artigo-em-revista-internacional\/\",\"name\":\"DIRETORA DE FORMA\u00c7\u00c3O DA FEMERGS LAN\u00c7A ARTIGO EM REVISTA INTERNACIONAL - Federa\u00e7\u00e3o dos Municip\u00e1rios do Estado do Rio Grande do Sul\",\"isPartOf\":{\"@id\":\"https:\/\/femergs.com.br\/wfe\/#website\"},\"datePublished\":\"2020-08-31T21:51:18+00:00\",\"breadcrumb\":{\"@id\":\"https:\/\/femergs.com.br\/wfe\/blog\/diretora-de-formacao-da-femergs-lanca-artigo-em-revista-internacional\/#breadcrumb\"},\"inLanguage\":\"pt-BR\",\"potentialAction\":[{\"@type\":\"ReadAction\",\"target\":[\"https:\/\/femergs.com.br\/wfe\/blog\/diretora-de-formacao-da-femergs-lanca-artigo-em-revista-internacional\/\"]}]},{\"@type\":\"BreadcrumbList\",\"@id\":\"https:\/\/femergs.com.br\/wfe\/blog\/diretora-de-formacao-da-femergs-lanca-artigo-em-revista-internacional\/#breadcrumb\",\"itemListElement\":[{\"@type\":\"ListItem\",\"position\":1,\"name\":\"In\u00edcio\",\"item\":\"https:\/\/femergs.com.br\/wfe\/\"},{\"@type\":\"ListItem\",\"position\":2,\"name\":\"DIRETORA DE FORMA\u00c7\u00c3O DA FEMERGS LAN\u00c7A ARTIGO EM REVISTA INTERNACIONAL\"}]},{\"@type\":\"WebSite\",\"@id\":\"https:\/\/femergs.com.br\/wfe\/#website\",\"url\":\"https:\/\/femergs.com.br\/wfe\/\",\"name\":\"FEMERGS\",\"description\":\"FEDERA\u00c7\u00c3O DOS MUNICIP\u00c1RIOS DO ESTADO DO RIO GRANDE DO SUL\",\"publisher\":{\"@id\":\"https:\/\/femergs.com.br\/wfe\/#organization\"},\"potentialAction\":[{\"@type\":\"SearchAction\",\"target\":{\"@type\":\"EntryPoint\",\"urlTemplate\":\"https:\/\/femergs.com.br\/wfe\/?s={search_term_string}\"},\"query-input\":{\"@type\":\"PropertyValueSpecification\",\"valueRequired\":true,\"valueName\":\"search_term_string\"}}],\"inLanguage\":\"pt-BR\"},{\"@type\":\"Organization\",\"@id\":\"https:\/\/femergs.com.br\/wfe\/#organization\",\"name\":\"FEMERGS\",\"url\":\"https:\/\/femergs.com.br\/wfe\/\",\"logo\":{\"@type\":\"ImageObject\",\"inLanguage\":\"pt-BR\",\"@id\":\"https:\/\/femergs.com.br\/wfe\/#\/schema\/logo\/image\/\",\"url\":\"https:\/\/femergs.com.br\/wfe\/wp-content\/uploads\/2025\/06\/logotipo.png\",\"contentUrl\":\"https:\/\/femergs.com.br\/wfe\/wp-content\/uploads\/2025\/06\/logotipo.png\",\"width\":500,\"height\":500,\"caption\":\"FEMERGS\"},\"image\":{\"@id\":\"https:\/\/femergs.com.br\/wfe\/#\/schema\/logo\/image\/\"},\"sameAs\":[\"https:\/\/www.facebook.com\/profile.php?id=100057151733001\",\"https:\/\/www.instagram.com\/femergs_rs\/\"]},{\"@type\":\"Person\",\"@id\":\"https:\/\/femergs.com.br\/wfe\/#\/schema\/person\/f5558e6b5ffc044ee085016237dedb7f\",\"name\":\"adminfemergs\",\"image\":{\"@type\":\"ImageObject\",\"inLanguage\":\"pt-BR\",\"@id\":\"https:\/\/femergs.com.br\/wfe\/#\/schema\/person\/image\/\",\"url\":\"https:\/\/secure.gravatar.com\/avatar\/398642fa557cdd524617ad9b31c938845f071aeb3448b9c0aeb29aefc495337b?s=96&d=mm&r=g\",\"contentUrl\":\"https:\/\/secure.gravatar.com\/avatar\/398642fa557cdd524617ad9b31c938845f071aeb3448b9c0aeb29aefc495337b?s=96&d=mm&r=g\",\"caption\":\"adminfemergs\"},\"sameAs\":[\"https:\/\/femergs.com.br\/wfe\"],\"url\":\"https:\/\/femergs.com.br\/wfe\/blog\/author\/adminfemergs\/\"}]}<\/script>\n<!-- \/ Yoast SEO plugin. -->","yoast_head_json":{"title":"DIRETORA DE FORMA\u00c7\u00c3O DA FEMERGS LAN\u00c7A ARTIGO EM REVISTA INTERNACIONAL - Federa\u00e7\u00e3o dos Municip\u00e1rios do Estado do Rio Grande do Sul","robots":{"index":"index","follow":"follow","max-snippet":"max-snippet:-1","max-image-preview":"max-image-preview:large","max-video-preview":"max-video-preview:-1"},"canonical":"https:\/\/femergs.com.br\/wfe\/blog\/diretora-de-formacao-da-femergs-lanca-artigo-em-revista-internacional\/","og_locale":"pt_BR","og_type":"article","og_title":"DIRETORA DE FORMA\u00c7\u00c3O DA FEMERGS LAN\u00c7A ARTIGO EM REVISTA INTERNACIONAL - Federa\u00e7\u00e3o dos Municip\u00e1rios do Estado do Rio Grande do Sul","og_description":"Diretora de Forma\u00e7\u00e3o lan\u00e7a artigo em Revista Escenarios em uma reflex\u00e3o importante e preocupante da atual situa\u00e7\u00e3o de nossas institui\u00e7\u00f5es e movimentos sindicais.","og_url":"https:\/\/femergs.com.br\/wfe\/blog\/diretora-de-formacao-da-femergs-lanca-artigo-em-revista-internacional\/","og_site_name":"Federa\u00e7\u00e3o dos Municip\u00e1rios do Estado do Rio Grande do Sul","article_publisher":"https:\/\/www.facebook.com\/profile.php?id=100057151733001","article_published_time":"2020-08-31T21:51:18+00:00","author":"adminfemergs","twitter_card":"summary_large_image","twitter_misc":{"Escrito por":"adminfemergs","Est. tempo de leitura":"2 minutos"},"schema":{"@context":"https:\/\/schema.org","@graph":[{"@type":"Article","@id":"https:\/\/femergs.com.br\/wfe\/blog\/diretora-de-formacao-da-femergs-lanca-artigo-em-revista-internacional\/#article","isPartOf":{"@id":"https:\/\/femergs.com.br\/wfe\/blog\/diretora-de-formacao-da-femergs-lanca-artigo-em-revista-internacional\/"},"author":{"name":"adminfemergs","@id":"https:\/\/femergs.com.br\/wfe\/#\/schema\/person\/f5558e6b5ffc044ee085016237dedb7f"},"headline":"DIRETORA DE FORMA\u00c7\u00c3O DA FEMERGS LAN\u00c7A ARTIGO EM REVISTA INTERNACIONAL","datePublished":"2020-08-31T21:51:18+00:00","mainEntityOfPage":{"@id":"https:\/\/femergs.com.br\/wfe\/blog\/diretora-de-formacao-da-femergs-lanca-artigo-em-revista-internacional\/"},"wordCount":326,"publisher":{"@id":"https:\/\/femergs.com.br\/wfe\/#organization"},"keywords":["NULL"],"articleSection":["ARQUIVADAS"],"inLanguage":"pt-BR"},{"@type":"WebPage","@id":"https:\/\/femergs.com.br\/wfe\/blog\/diretora-de-formacao-da-femergs-lanca-artigo-em-revista-internacional\/","url":"https:\/\/femergs.com.br\/wfe\/blog\/diretora-de-formacao-da-femergs-lanca-artigo-em-revista-internacional\/","name":"DIRETORA DE FORMA\u00c7\u00c3O DA FEMERGS LAN\u00c7A ARTIGO EM REVISTA INTERNACIONAL - Federa\u00e7\u00e3o dos Municip\u00e1rios do Estado do Rio Grande do Sul","isPartOf":{"@id":"https:\/\/femergs.com.br\/wfe\/#website"},"datePublished":"2020-08-31T21:51:18+00:00","breadcrumb":{"@id":"https:\/\/femergs.com.br\/wfe\/blog\/diretora-de-formacao-da-femergs-lanca-artigo-em-revista-internacional\/#breadcrumb"},"inLanguage":"pt-BR","potentialAction":[{"@type":"ReadAction","target":["https:\/\/femergs.com.br\/wfe\/blog\/diretora-de-formacao-da-femergs-lanca-artigo-em-revista-internacional\/"]}]},{"@type":"BreadcrumbList","@id":"https:\/\/femergs.com.br\/wfe\/blog\/diretora-de-formacao-da-femergs-lanca-artigo-em-revista-internacional\/#breadcrumb","itemListElement":[{"@type":"ListItem","position":1,"name":"In\u00edcio","item":"https:\/\/femergs.com.br\/wfe\/"},{"@type":"ListItem","position":2,"name":"DIRETORA DE FORMA\u00c7\u00c3O DA FEMERGS LAN\u00c7A ARTIGO EM REVISTA INTERNACIONAL"}]},{"@type":"WebSite","@id":"https:\/\/femergs.com.br\/wfe\/#website","url":"https:\/\/femergs.com.br\/wfe\/","name":"FEMERGS","description":"FEDERA\u00c7\u00c3O DOS MUNICIP\u00c1RIOS DO ESTADO DO RIO GRANDE DO SUL","publisher":{"@id":"https:\/\/femergs.com.br\/wfe\/#organization"},"potentialAction":[{"@type":"SearchAction","target":{"@type":"EntryPoint","urlTemplate":"https:\/\/femergs.com.br\/wfe\/?s={search_term_string}"},"query-input":{"@type":"PropertyValueSpecification","valueRequired":true,"valueName":"search_term_string"}}],"inLanguage":"pt-BR"},{"@type":"Organization","@id":"https:\/\/femergs.com.br\/wfe\/#organization","name":"FEMERGS","url":"https:\/\/femergs.com.br\/wfe\/","logo":{"@type":"ImageObject","inLanguage":"pt-BR","@id":"https:\/\/femergs.com.br\/wfe\/#\/schema\/logo\/image\/","url":"https:\/\/femergs.com.br\/wfe\/wp-content\/uploads\/2025\/06\/logotipo.png","contentUrl":"https:\/\/femergs.com.br\/wfe\/wp-content\/uploads\/2025\/06\/logotipo.png","width":500,"height":500,"caption":"FEMERGS"},"image":{"@id":"https:\/\/femergs.com.br\/wfe\/#\/schema\/logo\/image\/"},"sameAs":["https:\/\/www.facebook.com\/profile.php?id=100057151733001","https:\/\/www.instagram.com\/femergs_rs\/"]},{"@type":"Person","@id":"https:\/\/femergs.com.br\/wfe\/#\/schema\/person\/f5558e6b5ffc044ee085016237dedb7f","name":"adminfemergs","image":{"@type":"ImageObject","inLanguage":"pt-BR","@id":"https:\/\/femergs.com.br\/wfe\/#\/schema\/person\/image\/","url":"https:\/\/secure.gravatar.com\/avatar\/398642fa557cdd524617ad9b31c938845f071aeb3448b9c0aeb29aefc495337b?s=96&d=mm&r=g","contentUrl":"https:\/\/secure.gravatar.com\/avatar\/398642fa557cdd524617ad9b31c938845f071aeb3448b9c0aeb29aefc495337b?s=96&d=mm&r=g","caption":"adminfemergs"},"sameAs":["https:\/\/femergs.com.br\/wfe"],"url":"https:\/\/femergs.com.br\/wfe\/blog\/author\/adminfemergs\/"}]}},"uagb_featured_image_src":{"full":false,"thumbnail":false,"medium":false,"medium_large":false,"large":false,"1536x1536":false,"2048x2048":false,"ultp_layout_landscape_large":false,"ultp_layout_landscape":false,"ultp_layout_portrait":false,"ultp_layout_square":false},"uagb_author_info":{"display_name":"adminfemergs","author_link":"https:\/\/femergs.com.br\/wfe\/blog\/author\/adminfemergs\/"},"uagb_comment_info":0,"uagb_excerpt":"Diretora de Forma\u00e7\u00e3o lan\u00e7a artigo em Revista Escenarios em uma reflex\u00e3o importante e preocupante da atual situa\u00e7\u00e3o de nossas institui\u00e7\u00f5es e movimentos sindicais.","_links":{"self":[{"href":"https:\/\/femergs.com.br\/wfe\/wp-json\/wp\/v2\/posts\/1256","targetHints":{"allow":["GET"]}}],"collection":[{"href":"https:\/\/femergs.com.br\/wfe\/wp-json\/wp\/v2\/posts"}],"about":[{"href":"https:\/\/femergs.com.br\/wfe\/wp-json\/wp\/v2\/types\/post"}],"author":[{"embeddable":true,"href":"https:\/\/femergs.com.br\/wfe\/wp-json\/wp\/v2\/users\/1"}],"replies":[{"embeddable":true,"href":"https:\/\/femergs.com.br\/wfe\/wp-json\/wp\/v2\/comments?post=1256"}],"version-history":[{"count":0,"href":"https:\/\/femergs.com.br\/wfe\/wp-json\/wp\/v2\/posts\/1256\/revisions"}],"wp:attachment":[{"href":"https:\/\/femergs.com.br\/wfe\/wp-json\/wp\/v2\/media?parent=1256"}],"wp:term":[{"taxonomy":"category","embeddable":true,"href":"https:\/\/femergs.com.br\/wfe\/wp-json\/wp\/v2\/categories?post=1256"},{"taxonomy":"post_tag","embeddable":true,"href":"https:\/\/femergs.com.br\/wfe\/wp-json\/wp\/v2\/tags?post=1256"}],"curies":[{"name":"wp","href":"https:\/\/api.w.org\/{rel}","templated":true}]}}