{"id":1258,"date":"2020-09-15T22:06:41","date_gmt":"2020-09-15T22:06:41","guid":{"rendered":"https:\/\/femergs.com.br\/wfe\/blog\/fessergs-femergs-juntas-em-audiencia-online-com-o-presidente-do-ipe-saude\/"},"modified":"2020-09-15T22:06:41","modified_gmt":"2020-09-15T22:06:41","slug":"fessergs-femergs-juntas-em-audiencia-online-com-o-presidente-do-ipe-saude","status":"publish","type":"post","link":"https:\/\/femergs.com.br\/wfe\/blog\/fessergs-femergs-juntas-em-audiencia-online-com-o-presidente-do-ipe-saude\/","title":{"rendered":"FESSERGS\/FEMERGS juntas em Audi\u00eancia online com o presidente do IP\u00ca Sa\u00fade"},"content":{"rendered":"<p>\nPor uma iniciativa do presidente Sergio da FESSERGS, fomos convidados e participamos de Audi\u00eancia com o Presidente do IP\u00ca Marcos Vinicius Vieira de Almeida e diretor de Relacionamento Paulo Gnoatto, aonde foram levantadas as demandas em rela\u00e7\u00e3o ao IP\u00ca Sa\u00fade. Inicialmente o Presidente S\u00e9rgio cobrou a quest\u00e3o da demora para nomea\u00e7\u00e3o do Conselho, e tamb\u00e9m em rela\u00e7\u00e3o a entrada dos profissionais liberais atrav\u00e9s de suas Autarquias (OAB,CREA, CRV etc&#8230;). <\/p>\n<p>Macos Vinicius, respondendo coloca que teremos a efetiva\u00e7\u00e3o do Conselho at\u00e9 o dia 9 de outubro de 2020. Em rela\u00e7\u00e3o a entrada dos profissionais liberais\/autarquias, est\u00e1 sendo feito todo um estudo real e t\u00e9cnico, e depois tamb\u00e9m passar\u00e1 por Estudo Atuarial que trar\u00e1 as dimens\u00f5es do p\u00fablico alvo, bem como as premissas para se fazer uma proposta com exig\u00eancias para entrada. Isto posto, nada ser\u00e1 efetivado sem passar pela an\u00e1lise do Conselho.<\/p>\n<p>Presidente Vilson Jo\u00e3o Weber, representando os trabalhadores e trabalhadoras do servi\u00e7o p\u00fablico municipal conveniados com o IP\u00ca Sa\u00fade, cobrou do presidente Marcos Vin\u00edcius a n\u00e3o representa\u00e7\u00e3o dos municipais junto ao Conselho conforme foi demandado ao longo de muito tempo. Igualmente, colocou a quest\u00e3o das al\u00edquotas serem altas em muitos munic\u00edpios. Afirmou da necessidade de se buscar parcerias com os munic\u00edpios para conseguirmos ter atendimento presencial nos munic\u00edpios. <\/p>\n<p>Em resposta, o presidente do IP\u00ca coloca que o IP\u00ca Sa\u00fade, tem apenas os representantes dos servidores Estaduais dentro do Conselho, pois o Instituto \u00e9 do Estado do RS, e na legisla\u00e7\u00e3o n\u00e3o foram contemplados outros servidores para os Conselhos. No caso dos munic\u00edpios tratam-se de contratos individualizados, e que cada ano tem um Estudo Atuarial feito, e as al\u00edquotas s\u00e3o para cobrir a sinistralidade colocada e tamb\u00e9m cobrir a administra\u00e7\u00e3o. Duas novidades foram colocadas. Primeira, est\u00e1 em estudo, a exemplo dos servidores estaduais, termos uma al\u00edquota \u00fanica para servidores municipais. Esta \u00e9 uma quest\u00e3o que est\u00e1 sendo demandada pela FAMURS, e que precisa de formaliza\u00e7\u00e3o para poder ser concretizada, significando uma \u201cconverg\u00eancia\u201d por parte dos munic\u00edpios. A segunda, \u00e9 que existe interesse de celebra\u00e7\u00e3o de Termos de Coopera\u00e7\u00e3o do IP\u00ca Sa\u00fade com as prefeituras, no sentido de habilitar servidores municipais que sejam disponibilizados para atendimento presencial nos munic\u00edpios, englobando todos os beneficiados do IP\u00ca Sa\u00fade no munic\u00edpio, al\u00e9m dos municipais tamb\u00e9m os estaduais.<\/p>\n<p>Ficamos de ter novo encontro, desta vez ampliado com o FORUM em Defesa do IP\u00ca Sa\u00fade, aonde estaremos emitindo convite a todos os sindicatos da FEMERGS que queiram participar, para tratarmos de quest\u00f5es mais pr\u00e1ticas sobre atendimento, cobertura, \u00e1reas(etc&#8230;) em breve.<\/p>\n","protected":false},"excerpt":{"rendered":"<p>Por uma iniciativa do presidente Sergio da FESSERGS, fomos convidados e participamos de Audi\u00eancia com o Presidente do IP\u00ca Marcos Vinicius Vieira de Almeida e diretor de Relacionamento Paulo Gnoatto, aonde foram levantadas as demandas em rela\u00e7\u00e3o ao IP\u00ca Sa\u00fade. Inicialmente o Presidente S\u00e9rgio cobrou a quest\u00e3o da demora para nomea\u00e7\u00e3o do Conselho, e tamb\u00e9m [&hellip;]<\/p>\n","protected":false},"author":1,"featured_media":0,"comment_status":"closed","ping_status":"closed","sticky":false,"template":"","format":"standard","meta":{"_eb_attr":"","_uag_custom_page_level_css":"","fifu_image_url":"","fifu_image_alt":"","footnotes":""},"categories":[1],"tags":[32],"class_list":["post-1258","post","type-post","status-publish","format-standard","hentry","category-arquivadas","tag-null"],"yoast_head":"<!-- This site is optimized with the Yoast SEO plugin v27.1.1 - https:\/\/yoast.com\/product\/yoast-seo-wordpress\/ -->\n<title>FESSERGS\/FEMERGS juntas em Audi\u00eancia online com o presidente do IP\u00ca Sa\u00fade - Federa\u00e7\u00e3o dos Municip\u00e1rios do Estado do Rio Grande do Sul<\/title>\n<meta name=\"robots\" content=\"index, follow, max-snippet:-1, max-image-preview:large, max-video-preview:-1\" \/>\n<link rel=\"canonical\" href=\"https:\/\/femergs.com.br\/wfe\/blog\/fessergs-femergs-juntas-em-audiencia-online-com-o-presidente-do-ipe-saude\/\" \/>\n<meta property=\"og:locale\" content=\"pt_BR\" \/>\n<meta property=\"og:type\" content=\"article\" \/>\n<meta property=\"og:title\" content=\"FESSERGS\/FEMERGS juntas em Audi\u00eancia online com o presidente do IP\u00ca Sa\u00fade - Federa\u00e7\u00e3o dos Municip\u00e1rios do Estado do Rio Grande do Sul\" \/>\n<meta property=\"og:description\" content=\"Por uma iniciativa do presidente Sergio da FESSERGS, fomos convidados e participamos de Audi\u00eancia com o Presidente do IP\u00ca Marcos Vinicius Vieira de Almeida e diretor de Relacionamento Paulo Gnoatto, aonde foram levantadas as demandas em rela\u00e7\u00e3o ao IP\u00ca Sa\u00fade. Inicialmente o Presidente S\u00e9rgio cobrou a quest\u00e3o da demora para nomea\u00e7\u00e3o do Conselho, e tamb\u00e9m [&hellip;]\" \/>\n<meta property=\"og:url\" content=\"https:\/\/femergs.com.br\/wfe\/blog\/fessergs-femergs-juntas-em-audiencia-online-com-o-presidente-do-ipe-saude\/\" \/>\n<meta property=\"og:site_name\" content=\"Federa\u00e7\u00e3o dos Municip\u00e1rios do Estado do Rio Grande do Sul\" \/>\n<meta property=\"article:publisher\" content=\"https:\/\/www.facebook.com\/profile.php?id=100057151733001\" \/>\n<meta property=\"article:published_time\" content=\"2020-09-15T22:06:41+00:00\" \/>\n<meta name=\"author\" content=\"adminfemergs\" \/>\n<meta name=\"twitter:card\" content=\"summary_large_image\" \/>\n<meta name=\"twitter:label1\" content=\"Escrito por\" \/>\n\t<meta name=\"twitter:data1\" content=\"adminfemergs\" \/>\n\t<meta name=\"twitter:label2\" content=\"Est. tempo de leitura\" \/>\n\t<meta name=\"twitter:data2\" content=\"2 minutos\" \/>\n<script type=\"application\/ld+json\" class=\"yoast-schema-graph\">{\"@context\":\"https:\/\/schema.org\",\"@graph\":[{\"@type\":\"Article\",\"@id\":\"https:\/\/femergs.com.br\/wfe\/blog\/fessergs-femergs-juntas-em-audiencia-online-com-o-presidente-do-ipe-saude\/#article\",\"isPartOf\":{\"@id\":\"https:\/\/femergs.com.br\/wfe\/blog\/fessergs-femergs-juntas-em-audiencia-online-com-o-presidente-do-ipe-saude\/\"},\"author\":{\"name\":\"adminfemergs\",\"@id\":\"https:\/\/femergs.com.br\/wfe\/#\/schema\/person\/f5558e6b5ffc044ee085016237dedb7f\"},\"headline\":\"FESSERGS\/FEMERGS juntas em Audi\u00eancia online com o presidente do IP\u00ca Sa\u00fade\",\"datePublished\":\"2020-09-15T22:06:41+00:00\",\"mainEntityOfPage\":{\"@id\":\"https:\/\/femergs.com.br\/wfe\/blog\/fessergs-femergs-juntas-em-audiencia-online-com-o-presidente-do-ipe-saude\/\"},\"wordCount\":478,\"publisher\":{\"@id\":\"https:\/\/femergs.com.br\/wfe\/#organization\"},\"keywords\":[\"NULL\"],\"articleSection\":[\"ARQUIVADAS\"],\"inLanguage\":\"pt-BR\"},{\"@type\":\"WebPage\",\"@id\":\"https:\/\/femergs.com.br\/wfe\/blog\/fessergs-femergs-juntas-em-audiencia-online-com-o-presidente-do-ipe-saude\/\",\"url\":\"https:\/\/femergs.com.br\/wfe\/blog\/fessergs-femergs-juntas-em-audiencia-online-com-o-presidente-do-ipe-saude\/\",\"name\":\"FESSERGS\/FEMERGS juntas em Audi\u00eancia online com o presidente do IP\u00ca Sa\u00fade - Federa\u00e7\u00e3o dos Municip\u00e1rios do Estado do Rio Grande do Sul\",\"isPartOf\":{\"@id\":\"https:\/\/femergs.com.br\/wfe\/#website\"},\"datePublished\":\"2020-09-15T22:06:41+00:00\",\"breadcrumb\":{\"@id\":\"https:\/\/femergs.com.br\/wfe\/blog\/fessergs-femergs-juntas-em-audiencia-online-com-o-presidente-do-ipe-saude\/#breadcrumb\"},\"inLanguage\":\"pt-BR\",\"potentialAction\":[{\"@type\":\"ReadAction\",\"target\":[\"https:\/\/femergs.com.br\/wfe\/blog\/fessergs-femergs-juntas-em-audiencia-online-com-o-presidente-do-ipe-saude\/\"]}]},{\"@type\":\"BreadcrumbList\",\"@id\":\"https:\/\/femergs.com.br\/wfe\/blog\/fessergs-femergs-juntas-em-audiencia-online-com-o-presidente-do-ipe-saude\/#breadcrumb\",\"itemListElement\":[{\"@type\":\"ListItem\",\"position\":1,\"name\":\"In\u00edcio\",\"item\":\"https:\/\/femergs.com.br\/wfe\/\"},{\"@type\":\"ListItem\",\"position\":2,\"name\":\"FESSERGS\/FEMERGS juntas em Audi\u00eancia online com o presidente do IP\u00ca Sa\u00fade\"}]},{\"@type\":\"WebSite\",\"@id\":\"https:\/\/femergs.com.br\/wfe\/#website\",\"url\":\"https:\/\/femergs.com.br\/wfe\/\",\"name\":\"FEMERGS\",\"description\":\"FEDERA\u00c7\u00c3O DOS MUNICIP\u00c1RIOS DO ESTADO DO RIO GRANDE DO SUL\",\"publisher\":{\"@id\":\"https:\/\/femergs.com.br\/wfe\/#organization\"},\"potentialAction\":[{\"@type\":\"SearchAction\",\"target\":{\"@type\":\"EntryPoint\",\"urlTemplate\":\"https:\/\/femergs.com.br\/wfe\/?s={search_term_string}\"},\"query-input\":{\"@type\":\"PropertyValueSpecification\",\"valueRequired\":true,\"valueName\":\"search_term_string\"}}],\"inLanguage\":\"pt-BR\"},{\"@type\":\"Organization\",\"@id\":\"https:\/\/femergs.com.br\/wfe\/#organization\",\"name\":\"FEMERGS\",\"url\":\"https:\/\/femergs.com.br\/wfe\/\",\"logo\":{\"@type\":\"ImageObject\",\"inLanguage\":\"pt-BR\",\"@id\":\"https:\/\/femergs.com.br\/wfe\/#\/schema\/logo\/image\/\",\"url\":\"https:\/\/femergs.com.br\/wfe\/wp-content\/uploads\/2025\/06\/logotipo.png\",\"contentUrl\":\"https:\/\/femergs.com.br\/wfe\/wp-content\/uploads\/2025\/06\/logotipo.png\",\"width\":500,\"height\":500,\"caption\":\"FEMERGS\"},\"image\":{\"@id\":\"https:\/\/femergs.com.br\/wfe\/#\/schema\/logo\/image\/\"},\"sameAs\":[\"https:\/\/www.facebook.com\/profile.php?id=100057151733001\",\"https:\/\/www.instagram.com\/femergs_rs\/\"]},{\"@type\":\"Person\",\"@id\":\"https:\/\/femergs.com.br\/wfe\/#\/schema\/person\/f5558e6b5ffc044ee085016237dedb7f\",\"name\":\"adminfemergs\",\"image\":{\"@type\":\"ImageObject\",\"inLanguage\":\"pt-BR\",\"@id\":\"https:\/\/femergs.com.br\/wfe\/#\/schema\/person\/image\/\",\"url\":\"https:\/\/secure.gravatar.com\/avatar\/398642fa557cdd524617ad9b31c938845f071aeb3448b9c0aeb29aefc495337b?s=96&d=mm&r=g\",\"contentUrl\":\"https:\/\/secure.gravatar.com\/avatar\/398642fa557cdd524617ad9b31c938845f071aeb3448b9c0aeb29aefc495337b?s=96&d=mm&r=g\",\"caption\":\"adminfemergs\"},\"sameAs\":[\"https:\/\/femergs.com.br\/wfe\"],\"url\":\"https:\/\/femergs.com.br\/wfe\/blog\/author\/adminfemergs\/\"}]}<\/script>\n<!-- \/ Yoast SEO plugin. -->","yoast_head_json":{"title":"FESSERGS\/FEMERGS juntas em Audi\u00eancia online com o presidente do IP\u00ca Sa\u00fade - Federa\u00e7\u00e3o dos Municip\u00e1rios do Estado do Rio Grande do Sul","robots":{"index":"index","follow":"follow","max-snippet":"max-snippet:-1","max-image-preview":"max-image-preview:large","max-video-preview":"max-video-preview:-1"},"canonical":"https:\/\/femergs.com.br\/wfe\/blog\/fessergs-femergs-juntas-em-audiencia-online-com-o-presidente-do-ipe-saude\/","og_locale":"pt_BR","og_type":"article","og_title":"FESSERGS\/FEMERGS juntas em Audi\u00eancia online com o presidente do IP\u00ca Sa\u00fade - Federa\u00e7\u00e3o dos Municip\u00e1rios do Estado do Rio Grande do Sul","og_description":"Por uma iniciativa do presidente Sergio da FESSERGS, fomos convidados e participamos de Audi\u00eancia com o Presidente do IP\u00ca Marcos Vinicius Vieira de Almeida e diretor de Relacionamento Paulo Gnoatto, aonde foram levantadas as demandas em rela\u00e7\u00e3o ao IP\u00ca Sa\u00fade. Inicialmente o Presidente S\u00e9rgio cobrou a quest\u00e3o da demora para nomea\u00e7\u00e3o do Conselho, e tamb\u00e9m [&hellip;]","og_url":"https:\/\/femergs.com.br\/wfe\/blog\/fessergs-femergs-juntas-em-audiencia-online-com-o-presidente-do-ipe-saude\/","og_site_name":"Federa\u00e7\u00e3o dos Municip\u00e1rios do Estado do Rio Grande do Sul","article_publisher":"https:\/\/www.facebook.com\/profile.php?id=100057151733001","article_published_time":"2020-09-15T22:06:41+00:00","author":"adminfemergs","twitter_card":"summary_large_image","twitter_misc":{"Escrito por":"adminfemergs","Est. tempo de leitura":"2 minutos"},"schema":{"@context":"https:\/\/schema.org","@graph":[{"@type":"Article","@id":"https:\/\/femergs.com.br\/wfe\/blog\/fessergs-femergs-juntas-em-audiencia-online-com-o-presidente-do-ipe-saude\/#article","isPartOf":{"@id":"https:\/\/femergs.com.br\/wfe\/blog\/fessergs-femergs-juntas-em-audiencia-online-com-o-presidente-do-ipe-saude\/"},"author":{"name":"adminfemergs","@id":"https:\/\/femergs.com.br\/wfe\/#\/schema\/person\/f5558e6b5ffc044ee085016237dedb7f"},"headline":"FESSERGS\/FEMERGS juntas em Audi\u00eancia online com o presidente do IP\u00ca Sa\u00fade","datePublished":"2020-09-15T22:06:41+00:00","mainEntityOfPage":{"@id":"https:\/\/femergs.com.br\/wfe\/blog\/fessergs-femergs-juntas-em-audiencia-online-com-o-presidente-do-ipe-saude\/"},"wordCount":478,"publisher":{"@id":"https:\/\/femergs.com.br\/wfe\/#organization"},"keywords":["NULL"],"articleSection":["ARQUIVADAS"],"inLanguage":"pt-BR"},{"@type":"WebPage","@id":"https:\/\/femergs.com.br\/wfe\/blog\/fessergs-femergs-juntas-em-audiencia-online-com-o-presidente-do-ipe-saude\/","url":"https:\/\/femergs.com.br\/wfe\/blog\/fessergs-femergs-juntas-em-audiencia-online-com-o-presidente-do-ipe-saude\/","name":"FESSERGS\/FEMERGS juntas em Audi\u00eancia online com o presidente do IP\u00ca Sa\u00fade - Federa\u00e7\u00e3o dos Municip\u00e1rios do Estado do Rio Grande do Sul","isPartOf":{"@id":"https:\/\/femergs.com.br\/wfe\/#website"},"datePublished":"2020-09-15T22:06:41+00:00","breadcrumb":{"@id":"https:\/\/femergs.com.br\/wfe\/blog\/fessergs-femergs-juntas-em-audiencia-online-com-o-presidente-do-ipe-saude\/#breadcrumb"},"inLanguage":"pt-BR","potentialAction":[{"@type":"ReadAction","target":["https:\/\/femergs.com.br\/wfe\/blog\/fessergs-femergs-juntas-em-audiencia-online-com-o-presidente-do-ipe-saude\/"]}]},{"@type":"BreadcrumbList","@id":"https:\/\/femergs.com.br\/wfe\/blog\/fessergs-femergs-juntas-em-audiencia-online-com-o-presidente-do-ipe-saude\/#breadcrumb","itemListElement":[{"@type":"ListItem","position":1,"name":"In\u00edcio","item":"https:\/\/femergs.com.br\/wfe\/"},{"@type":"ListItem","position":2,"name":"FESSERGS\/FEMERGS juntas em Audi\u00eancia online com o presidente do IP\u00ca Sa\u00fade"}]},{"@type":"WebSite","@id":"https:\/\/femergs.com.br\/wfe\/#website","url":"https:\/\/femergs.com.br\/wfe\/","name":"FEMERGS","description":"FEDERA\u00c7\u00c3O DOS MUNICIP\u00c1RIOS DO ESTADO DO RIO GRANDE DO SUL","publisher":{"@id":"https:\/\/femergs.com.br\/wfe\/#organization"},"potentialAction":[{"@type":"SearchAction","target":{"@type":"EntryPoint","urlTemplate":"https:\/\/femergs.com.br\/wfe\/?s={search_term_string}"},"query-input":{"@type":"PropertyValueSpecification","valueRequired":true,"valueName":"search_term_string"}}],"inLanguage":"pt-BR"},{"@type":"Organization","@id":"https:\/\/femergs.com.br\/wfe\/#organization","name":"FEMERGS","url":"https:\/\/femergs.com.br\/wfe\/","logo":{"@type":"ImageObject","inLanguage":"pt-BR","@id":"https:\/\/femergs.com.br\/wfe\/#\/schema\/logo\/image\/","url":"https:\/\/femergs.com.br\/wfe\/wp-content\/uploads\/2025\/06\/logotipo.png","contentUrl":"https:\/\/femergs.com.br\/wfe\/wp-content\/uploads\/2025\/06\/logotipo.png","width":500,"height":500,"caption":"FEMERGS"},"image":{"@id":"https:\/\/femergs.com.br\/wfe\/#\/schema\/logo\/image\/"},"sameAs":["https:\/\/www.facebook.com\/profile.php?id=100057151733001","https:\/\/www.instagram.com\/femergs_rs\/"]},{"@type":"Person","@id":"https:\/\/femergs.com.br\/wfe\/#\/schema\/person\/f5558e6b5ffc044ee085016237dedb7f","name":"adminfemergs","image":{"@type":"ImageObject","inLanguage":"pt-BR","@id":"https:\/\/femergs.com.br\/wfe\/#\/schema\/person\/image\/","url":"https:\/\/secure.gravatar.com\/avatar\/398642fa557cdd524617ad9b31c938845f071aeb3448b9c0aeb29aefc495337b?s=96&d=mm&r=g","contentUrl":"https:\/\/secure.gravatar.com\/avatar\/398642fa557cdd524617ad9b31c938845f071aeb3448b9c0aeb29aefc495337b?s=96&d=mm&r=g","caption":"adminfemergs"},"sameAs":["https:\/\/femergs.com.br\/wfe"],"url":"https:\/\/femergs.com.br\/wfe\/blog\/author\/adminfemergs\/"}]}},"uagb_featured_image_src":{"full":false,"thumbnail":false,"medium":false,"medium_large":false,"large":false,"1536x1536":false,"2048x2048":false,"ultp_layout_landscape_large":false,"ultp_layout_landscape":false,"ultp_layout_portrait":false,"ultp_layout_square":false},"uagb_author_info":{"display_name":"adminfemergs","author_link":"https:\/\/femergs.com.br\/wfe\/blog\/author\/adminfemergs\/"},"uagb_comment_info":0,"uagb_excerpt":"Por uma iniciativa do presidente Sergio da FESSERGS, fomos convidados e participamos de Audi\u00eancia com o Presidente do IP\u00ca Marcos Vinicius Vieira de Almeida e diretor de Relacionamento Paulo Gnoatto, aonde foram levantadas as demandas em rela\u00e7\u00e3o ao IP\u00ca Sa\u00fade. Inicialmente o Presidente S\u00e9rgio cobrou a quest\u00e3o da demora para nomea\u00e7\u00e3o do Conselho, e tamb\u00e9m&hellip;","_links":{"self":[{"href":"https:\/\/femergs.com.br\/wfe\/wp-json\/wp\/v2\/posts\/1258","targetHints":{"allow":["GET"]}}],"collection":[{"href":"https:\/\/femergs.com.br\/wfe\/wp-json\/wp\/v2\/posts"}],"about":[{"href":"https:\/\/femergs.com.br\/wfe\/wp-json\/wp\/v2\/types\/post"}],"author":[{"embeddable":true,"href":"https:\/\/femergs.com.br\/wfe\/wp-json\/wp\/v2\/users\/1"}],"replies":[{"embeddable":true,"href":"https:\/\/femergs.com.br\/wfe\/wp-json\/wp\/v2\/comments?post=1258"}],"version-history":[{"count":0,"href":"https:\/\/femergs.com.br\/wfe\/wp-json\/wp\/v2\/posts\/1258\/revisions"}],"wp:attachment":[{"href":"https:\/\/femergs.com.br\/wfe\/wp-json\/wp\/v2\/media?parent=1258"}],"wp:term":[{"taxonomy":"category","embeddable":true,"href":"https:\/\/femergs.com.br\/wfe\/wp-json\/wp\/v2\/categories?post=1258"},{"taxonomy":"post_tag","embeddable":true,"href":"https:\/\/femergs.com.br\/wfe\/wp-json\/wp\/v2\/tags?post=1258"}],"curies":[{"name":"wp","href":"https:\/\/api.w.org\/{rel}","templated":true}]}}