{"id":1259,"date":"2020-09-18T17:22:24","date_gmt":"2020-09-18T17:22:24","guid":{"rendered":"https:\/\/femergs.com.br\/wfe\/blog\/secretaria-de-educacao-nota-de-repudio\/"},"modified":"2020-09-18T17:22:24","modified_gmt":"2020-09-18T17:22:24","slug":"secretaria-de-educacao-nota-de-repudio","status":"publish","type":"post","link":"https:\/\/femergs.com.br\/wfe\/blog\/secretaria-de-educacao-nota-de-repudio\/","title":{"rendered":"SECRETARIA DE EDUCA\u00c7\u00c3O &#8211; NOTA DE REP\u00daDIO!"},"content":{"rendered":"<div style=\"text-align: justify;\">             A Federa\u00e7\u00e3o dos Municip\u00e1rios do Estado do Rio Grande do Sul \u2013 FEMERGS- em conformidade e determina\u00e7\u00e3o da Plen\u00e1ria realizada na cidade de Frederico Westphalen e atrav\u00e9s da Diretora de Educa\u00e7\u00e3o Rosani Maria Lima Stocker, vem a p\u00fablico manifestar.<br \/>\n             Rep\u00fadio as manifesta\u00e7\u00f5es do SR. JAIR MESSIAS BOLSONARO, em live presencial realizada nesta quinta-feira (17\/09\/2020) ao lado do Presidente da Caixa Econ\u00f4mica Federal, Pedro Guimar\u00e3es.<br \/>\nREPUDIAMOS VEEMENTEMENTE ESTE ATAQUE A PROFESSORES E SINDICATOS!<br \/>\n            Os Professores mesmo longe da sala de aula jamais deixaram de pensar e trabalhar por seus alunos. Dentro de todo este cen\u00e1rio at\u00edpico os professores se reinventaram, mesmo de forma desigual, pois nem todos possuem as ferramentas e o mesmo conhecimento.<br \/>\n          O professor tem usado tudo o que tem a seu alcance, WhatsApp pessoal, todo tipo de ferramenta e ambiente virtual para oferecer o melhor a seus alunos. Muitas vezes tirando do pr\u00f3prio bolso para poder enriquecer o material did\u00e1tico enviado ao aluno, seu chip extra, celular com mem\u00f3ria e c\u00e2mera boa, pacote de internet fixa, pacote de dados, notebook. Do dia para noite tiveram que se reinventar se tornar conhecedores de tecnologia para todo esse trabalho. Sem falar que todos os professores est\u00e3o estudando, fazendo cursos online, abrindo sua casa e fazendo dela seu local de trabalho 24h por dia, perdendo-se sua privacidade familiar, pois tamb\u00e9m \u00e9 m\u00e3e, pai de algu\u00e9m, \u00e9 filho de algu\u00e9m!  Os professores s\u00e3o seres humanos e tamb\u00e9m sentem medo.<br \/>\n        Somente quem est\u00e1 vivenciando todas as dificuldades que estamos enfrentando \u00e9 que se sabe o quanto estamos lutando para fazer com que a educa\u00e7\u00e3o aconte\u00e7a!<br \/>\n       Todo nosso REP\u00daDIO ao Presidente Jair Bolsonaro e APLAUSO aos Profissionais da Educa\u00e7\u00e3o (Professores e Funcion\u00e1rios) que tamb\u00e9m est\u00e3o na linha de frente, correndo riscos, indo para as escolas para imprimir e entregar atividades a quem precisa distribuindo, alimentos, material did\u00e1tico, reorganizando todo o trabalho nas escolas, mantendo sempre limpo. S\u00e3o todos profissionais na linha de frente no enfretamento a Covid-19 e merecem sim toda a nossa gratid\u00e3o e reconhecimento.<br \/>\nSomos fortes e guerreiros e n\u00e3o fugimos a luta mesmo com todas as dificuldades!<\/div>\n","protected":false},"excerpt":{"rendered":"<p>A Federa\u00e7\u00e3o dos Municip\u00e1rios do Estado do Rio Grande do Sul \u2013 FEMERGS- em conformidade e determina\u00e7\u00e3o da Plen\u00e1ria realizada na cidade de Frederico Westphalen e atrav\u00e9s da Diretora de Educa\u00e7\u00e3o Rosani Maria Lima Stocker, vem a p\u00fablico manifestar. Rep\u00fadio as manifesta\u00e7\u00f5es do SR. JAIR MESSIAS BOLSONARO, em live presencial realizada nesta quinta-feira (17\/09\/2020) ao [&hellip;]<\/p>\n","protected":false},"author":1,"featured_media":0,"comment_status":"closed","ping_status":"closed","sticky":false,"template":"","format":"standard","meta":{"_eb_attr":"","_uag_custom_page_level_css":"","fifu_image_url":"","fifu_image_alt":"","footnotes":""},"categories":[1],"tags":[32],"class_list":["post-1259","post","type-post","status-publish","format-standard","hentry","category-arquivadas","tag-null"],"yoast_head":"<!-- This site is optimized with the Yoast SEO plugin v27.1.1 - https:\/\/yoast.com\/product\/yoast-seo-wordpress\/ -->\n<title>SECRETARIA DE EDUCA\u00c7\u00c3O - NOTA DE REP\u00daDIO! - Federa\u00e7\u00e3o dos Municip\u00e1rios do Estado do Rio Grande do Sul<\/title>\n<meta name=\"robots\" content=\"index, follow, max-snippet:-1, max-image-preview:large, max-video-preview:-1\" \/>\n<link rel=\"canonical\" href=\"https:\/\/femergs.com.br\/wfe\/blog\/secretaria-de-educacao-nota-de-repudio\/\" \/>\n<meta property=\"og:locale\" content=\"pt_BR\" \/>\n<meta property=\"og:type\" content=\"article\" \/>\n<meta property=\"og:title\" content=\"SECRETARIA DE EDUCA\u00c7\u00c3O - NOTA DE REP\u00daDIO! - Federa\u00e7\u00e3o dos Municip\u00e1rios do Estado do Rio Grande do Sul\" \/>\n<meta property=\"og:description\" content=\"A Federa\u00e7\u00e3o dos Municip\u00e1rios do Estado do Rio Grande do Sul \u2013 FEMERGS- em conformidade e determina\u00e7\u00e3o da Plen\u00e1ria realizada na cidade de Frederico Westphalen e atrav\u00e9s da Diretora de Educa\u00e7\u00e3o Rosani Maria Lima Stocker, vem a p\u00fablico manifestar. Rep\u00fadio as manifesta\u00e7\u00f5es do SR. JAIR MESSIAS BOLSONARO, em live presencial realizada nesta quinta-feira (17\/09\/2020) ao [&hellip;]\" \/>\n<meta property=\"og:url\" content=\"https:\/\/femergs.com.br\/wfe\/blog\/secretaria-de-educacao-nota-de-repudio\/\" \/>\n<meta property=\"og:site_name\" content=\"Federa\u00e7\u00e3o dos Municip\u00e1rios do Estado do Rio Grande do Sul\" \/>\n<meta property=\"article:publisher\" content=\"https:\/\/www.facebook.com\/profile.php?id=100057151733001\" \/>\n<meta property=\"article:published_time\" content=\"2020-09-18T17:22:24+00:00\" \/>\n<meta name=\"author\" content=\"adminfemergs\" \/>\n<meta name=\"twitter:card\" content=\"summary_large_image\" \/>\n<meta name=\"twitter:label1\" content=\"Escrito por\" \/>\n\t<meta name=\"twitter:data1\" content=\"adminfemergs\" \/>\n\t<meta name=\"twitter:label2\" content=\"Est. tempo de leitura\" \/>\n\t<meta name=\"twitter:data2\" content=\"2 minutos\" \/>\n<script type=\"application\/ld+json\" class=\"yoast-schema-graph\">{\"@context\":\"https:\/\/schema.org\",\"@graph\":[{\"@type\":\"Article\",\"@id\":\"https:\/\/femergs.com.br\/wfe\/blog\/secretaria-de-educacao-nota-de-repudio\/#article\",\"isPartOf\":{\"@id\":\"https:\/\/femergs.com.br\/wfe\/blog\/secretaria-de-educacao-nota-de-repudio\/\"},\"author\":{\"name\":\"adminfemergs\",\"@id\":\"https:\/\/femergs.com.br\/wfe\/#\/schema\/person\/f5558e6b5ffc044ee085016237dedb7f\"},\"headline\":\"SECRETARIA DE EDUCA\u00c7\u00c3O &#8211; NOTA DE REP\u00daDIO!\",\"datePublished\":\"2020-09-18T17:22:24+00:00\",\"mainEntityOfPage\":{\"@id\":\"https:\/\/femergs.com.br\/wfe\/blog\/secretaria-de-educacao-nota-de-repudio\/\"},\"wordCount\":385,\"publisher\":{\"@id\":\"https:\/\/femergs.com.br\/wfe\/#organization\"},\"keywords\":[\"NULL\"],\"articleSection\":[\"ARQUIVADAS\"],\"inLanguage\":\"pt-BR\"},{\"@type\":\"WebPage\",\"@id\":\"https:\/\/femergs.com.br\/wfe\/blog\/secretaria-de-educacao-nota-de-repudio\/\",\"url\":\"https:\/\/femergs.com.br\/wfe\/blog\/secretaria-de-educacao-nota-de-repudio\/\",\"name\":\"SECRETARIA DE EDUCA\u00c7\u00c3O - NOTA DE REP\u00daDIO! - Federa\u00e7\u00e3o dos Municip\u00e1rios do Estado do Rio Grande do Sul\",\"isPartOf\":{\"@id\":\"https:\/\/femergs.com.br\/wfe\/#website\"},\"datePublished\":\"2020-09-18T17:22:24+00:00\",\"breadcrumb\":{\"@id\":\"https:\/\/femergs.com.br\/wfe\/blog\/secretaria-de-educacao-nota-de-repudio\/#breadcrumb\"},\"inLanguage\":\"pt-BR\",\"potentialAction\":[{\"@type\":\"ReadAction\",\"target\":[\"https:\/\/femergs.com.br\/wfe\/blog\/secretaria-de-educacao-nota-de-repudio\/\"]}]},{\"@type\":\"BreadcrumbList\",\"@id\":\"https:\/\/femergs.com.br\/wfe\/blog\/secretaria-de-educacao-nota-de-repudio\/#breadcrumb\",\"itemListElement\":[{\"@type\":\"ListItem\",\"position\":1,\"name\":\"In\u00edcio\",\"item\":\"https:\/\/femergs.com.br\/wfe\/\"},{\"@type\":\"ListItem\",\"position\":2,\"name\":\"SECRETARIA DE EDUCA\u00c7\u00c3O &#8211; NOTA DE REP\u00daDIO!\"}]},{\"@type\":\"WebSite\",\"@id\":\"https:\/\/femergs.com.br\/wfe\/#website\",\"url\":\"https:\/\/femergs.com.br\/wfe\/\",\"name\":\"FEMERGS\",\"description\":\"FEDERA\u00c7\u00c3O DOS MUNICIP\u00c1RIOS DO ESTADO DO RIO GRANDE DO SUL\",\"publisher\":{\"@id\":\"https:\/\/femergs.com.br\/wfe\/#organization\"},\"potentialAction\":[{\"@type\":\"SearchAction\",\"target\":{\"@type\":\"EntryPoint\",\"urlTemplate\":\"https:\/\/femergs.com.br\/wfe\/?s={search_term_string}\"},\"query-input\":{\"@type\":\"PropertyValueSpecification\",\"valueRequired\":true,\"valueName\":\"search_term_string\"}}],\"inLanguage\":\"pt-BR\"},{\"@type\":\"Organization\",\"@id\":\"https:\/\/femergs.com.br\/wfe\/#organization\",\"name\":\"FEMERGS\",\"url\":\"https:\/\/femergs.com.br\/wfe\/\",\"logo\":{\"@type\":\"ImageObject\",\"inLanguage\":\"pt-BR\",\"@id\":\"https:\/\/femergs.com.br\/wfe\/#\/schema\/logo\/image\/\",\"url\":\"https:\/\/femergs.com.br\/wfe\/wp-content\/uploads\/2025\/06\/logotipo.png\",\"contentUrl\":\"https:\/\/femergs.com.br\/wfe\/wp-content\/uploads\/2025\/06\/logotipo.png\",\"width\":500,\"height\":500,\"caption\":\"FEMERGS\"},\"image\":{\"@id\":\"https:\/\/femergs.com.br\/wfe\/#\/schema\/logo\/image\/\"},\"sameAs\":[\"https:\/\/www.facebook.com\/profile.php?id=100057151733001\",\"https:\/\/www.instagram.com\/femergs_rs\/\"]},{\"@type\":\"Person\",\"@id\":\"https:\/\/femergs.com.br\/wfe\/#\/schema\/person\/f5558e6b5ffc044ee085016237dedb7f\",\"name\":\"adminfemergs\",\"image\":{\"@type\":\"ImageObject\",\"inLanguage\":\"pt-BR\",\"@id\":\"https:\/\/femergs.com.br\/wfe\/#\/schema\/person\/image\/\",\"url\":\"https:\/\/secure.gravatar.com\/avatar\/398642fa557cdd524617ad9b31c938845f071aeb3448b9c0aeb29aefc495337b?s=96&d=mm&r=g\",\"contentUrl\":\"https:\/\/secure.gravatar.com\/avatar\/398642fa557cdd524617ad9b31c938845f071aeb3448b9c0aeb29aefc495337b?s=96&d=mm&r=g\",\"caption\":\"adminfemergs\"},\"sameAs\":[\"https:\/\/femergs.com.br\/wfe\"],\"url\":\"https:\/\/femergs.com.br\/wfe\/blog\/author\/adminfemergs\/\"}]}<\/script>\n<!-- \/ Yoast SEO plugin. -->","yoast_head_json":{"title":"SECRETARIA DE EDUCA\u00c7\u00c3O - NOTA DE REP\u00daDIO! - Federa\u00e7\u00e3o dos Municip\u00e1rios do Estado do Rio Grande do Sul","robots":{"index":"index","follow":"follow","max-snippet":"max-snippet:-1","max-image-preview":"max-image-preview:large","max-video-preview":"max-video-preview:-1"},"canonical":"https:\/\/femergs.com.br\/wfe\/blog\/secretaria-de-educacao-nota-de-repudio\/","og_locale":"pt_BR","og_type":"article","og_title":"SECRETARIA DE EDUCA\u00c7\u00c3O - NOTA DE REP\u00daDIO! - Federa\u00e7\u00e3o dos Municip\u00e1rios do Estado do Rio Grande do Sul","og_description":"A Federa\u00e7\u00e3o dos Municip\u00e1rios do Estado do Rio Grande do Sul \u2013 FEMERGS- em conformidade e determina\u00e7\u00e3o da Plen\u00e1ria realizada na cidade de Frederico Westphalen e atrav\u00e9s da Diretora de Educa\u00e7\u00e3o Rosani Maria Lima Stocker, vem a p\u00fablico manifestar. Rep\u00fadio as manifesta\u00e7\u00f5es do SR. JAIR MESSIAS BOLSONARO, em live presencial realizada nesta quinta-feira (17\/09\/2020) ao [&hellip;]","og_url":"https:\/\/femergs.com.br\/wfe\/blog\/secretaria-de-educacao-nota-de-repudio\/","og_site_name":"Federa\u00e7\u00e3o dos Municip\u00e1rios do Estado do Rio Grande do Sul","article_publisher":"https:\/\/www.facebook.com\/profile.php?id=100057151733001","article_published_time":"2020-09-18T17:22:24+00:00","author":"adminfemergs","twitter_card":"summary_large_image","twitter_misc":{"Escrito por":"adminfemergs","Est. tempo de leitura":"2 minutos"},"schema":{"@context":"https:\/\/schema.org","@graph":[{"@type":"Article","@id":"https:\/\/femergs.com.br\/wfe\/blog\/secretaria-de-educacao-nota-de-repudio\/#article","isPartOf":{"@id":"https:\/\/femergs.com.br\/wfe\/blog\/secretaria-de-educacao-nota-de-repudio\/"},"author":{"name":"adminfemergs","@id":"https:\/\/femergs.com.br\/wfe\/#\/schema\/person\/f5558e6b5ffc044ee085016237dedb7f"},"headline":"SECRETARIA DE EDUCA\u00c7\u00c3O &#8211; NOTA DE REP\u00daDIO!","datePublished":"2020-09-18T17:22:24+00:00","mainEntityOfPage":{"@id":"https:\/\/femergs.com.br\/wfe\/blog\/secretaria-de-educacao-nota-de-repudio\/"},"wordCount":385,"publisher":{"@id":"https:\/\/femergs.com.br\/wfe\/#organization"},"keywords":["NULL"],"articleSection":["ARQUIVADAS"],"inLanguage":"pt-BR"},{"@type":"WebPage","@id":"https:\/\/femergs.com.br\/wfe\/blog\/secretaria-de-educacao-nota-de-repudio\/","url":"https:\/\/femergs.com.br\/wfe\/blog\/secretaria-de-educacao-nota-de-repudio\/","name":"SECRETARIA DE EDUCA\u00c7\u00c3O - NOTA DE REP\u00daDIO! - Federa\u00e7\u00e3o dos Municip\u00e1rios do Estado do Rio Grande do Sul","isPartOf":{"@id":"https:\/\/femergs.com.br\/wfe\/#website"},"datePublished":"2020-09-18T17:22:24+00:00","breadcrumb":{"@id":"https:\/\/femergs.com.br\/wfe\/blog\/secretaria-de-educacao-nota-de-repudio\/#breadcrumb"},"inLanguage":"pt-BR","potentialAction":[{"@type":"ReadAction","target":["https:\/\/femergs.com.br\/wfe\/blog\/secretaria-de-educacao-nota-de-repudio\/"]}]},{"@type":"BreadcrumbList","@id":"https:\/\/femergs.com.br\/wfe\/blog\/secretaria-de-educacao-nota-de-repudio\/#breadcrumb","itemListElement":[{"@type":"ListItem","position":1,"name":"In\u00edcio","item":"https:\/\/femergs.com.br\/wfe\/"},{"@type":"ListItem","position":2,"name":"SECRETARIA DE EDUCA\u00c7\u00c3O &#8211; NOTA DE REP\u00daDIO!"}]},{"@type":"WebSite","@id":"https:\/\/femergs.com.br\/wfe\/#website","url":"https:\/\/femergs.com.br\/wfe\/","name":"FEMERGS","description":"FEDERA\u00c7\u00c3O DOS MUNICIP\u00c1RIOS DO ESTADO DO RIO GRANDE DO SUL","publisher":{"@id":"https:\/\/femergs.com.br\/wfe\/#organization"},"potentialAction":[{"@type":"SearchAction","target":{"@type":"EntryPoint","urlTemplate":"https:\/\/femergs.com.br\/wfe\/?s={search_term_string}"},"query-input":{"@type":"PropertyValueSpecification","valueRequired":true,"valueName":"search_term_string"}}],"inLanguage":"pt-BR"},{"@type":"Organization","@id":"https:\/\/femergs.com.br\/wfe\/#organization","name":"FEMERGS","url":"https:\/\/femergs.com.br\/wfe\/","logo":{"@type":"ImageObject","inLanguage":"pt-BR","@id":"https:\/\/femergs.com.br\/wfe\/#\/schema\/logo\/image\/","url":"https:\/\/femergs.com.br\/wfe\/wp-content\/uploads\/2025\/06\/logotipo.png","contentUrl":"https:\/\/femergs.com.br\/wfe\/wp-content\/uploads\/2025\/06\/logotipo.png","width":500,"height":500,"caption":"FEMERGS"},"image":{"@id":"https:\/\/femergs.com.br\/wfe\/#\/schema\/logo\/image\/"},"sameAs":["https:\/\/www.facebook.com\/profile.php?id=100057151733001","https:\/\/www.instagram.com\/femergs_rs\/"]},{"@type":"Person","@id":"https:\/\/femergs.com.br\/wfe\/#\/schema\/person\/f5558e6b5ffc044ee085016237dedb7f","name":"adminfemergs","image":{"@type":"ImageObject","inLanguage":"pt-BR","@id":"https:\/\/femergs.com.br\/wfe\/#\/schema\/person\/image\/","url":"https:\/\/secure.gravatar.com\/avatar\/398642fa557cdd524617ad9b31c938845f071aeb3448b9c0aeb29aefc495337b?s=96&d=mm&r=g","contentUrl":"https:\/\/secure.gravatar.com\/avatar\/398642fa557cdd524617ad9b31c938845f071aeb3448b9c0aeb29aefc495337b?s=96&d=mm&r=g","caption":"adminfemergs"},"sameAs":["https:\/\/femergs.com.br\/wfe"],"url":"https:\/\/femergs.com.br\/wfe\/blog\/author\/adminfemergs\/"}]}},"uagb_featured_image_src":{"full":false,"thumbnail":false,"medium":false,"medium_large":false,"large":false,"1536x1536":false,"2048x2048":false,"ultp_layout_landscape_large":false,"ultp_layout_landscape":false,"ultp_layout_portrait":false,"ultp_layout_square":false},"uagb_author_info":{"display_name":"adminfemergs","author_link":"https:\/\/femergs.com.br\/wfe\/blog\/author\/adminfemergs\/"},"uagb_comment_info":0,"uagb_excerpt":"A Federa\u00e7\u00e3o dos Municip\u00e1rios do Estado do Rio Grande do Sul \u2013 FEMERGS- em conformidade e determina\u00e7\u00e3o da Plen\u00e1ria realizada na cidade de Frederico Westphalen e atrav\u00e9s da Diretora de Educa\u00e7\u00e3o Rosani Maria Lima Stocker, vem a p\u00fablico manifestar. Rep\u00fadio as manifesta\u00e7\u00f5es do SR. JAIR MESSIAS BOLSONARO, em live presencial realizada nesta quinta-feira (17\/09\/2020) ao&hellip;","_links":{"self":[{"href":"https:\/\/femergs.com.br\/wfe\/wp-json\/wp\/v2\/posts\/1259","targetHints":{"allow":["GET"]}}],"collection":[{"href":"https:\/\/femergs.com.br\/wfe\/wp-json\/wp\/v2\/posts"}],"about":[{"href":"https:\/\/femergs.com.br\/wfe\/wp-json\/wp\/v2\/types\/post"}],"author":[{"embeddable":true,"href":"https:\/\/femergs.com.br\/wfe\/wp-json\/wp\/v2\/users\/1"}],"replies":[{"embeddable":true,"href":"https:\/\/femergs.com.br\/wfe\/wp-json\/wp\/v2\/comments?post=1259"}],"version-history":[{"count":0,"href":"https:\/\/femergs.com.br\/wfe\/wp-json\/wp\/v2\/posts\/1259\/revisions"}],"wp:attachment":[{"href":"https:\/\/femergs.com.br\/wfe\/wp-json\/wp\/v2\/media?parent=1259"}],"wp:term":[{"taxonomy":"category","embeddable":true,"href":"https:\/\/femergs.com.br\/wfe\/wp-json\/wp\/v2\/categories?post=1259"},{"taxonomy":"post_tag","embeddable":true,"href":"https:\/\/femergs.com.br\/wfe\/wp-json\/wp\/v2\/tags?post=1259"}],"curies":[{"name":"wp","href":"https:\/\/api.w.org\/{rel}","templated":true}]}}