{"id":1261,"date":"2020-10-27T16:36:26","date_gmt":"2020-10-27T16:36:26","guid":{"rendered":"https:\/\/femergs.com.br\/wfe\/blog\/dia-28-de-outubro-dia-do-servidor-publico\/"},"modified":"2020-10-27T16:36:26","modified_gmt":"2020-10-27T16:36:26","slug":"dia-28-de-outubro-dia-do-servidor-publico","status":"publish","type":"post","link":"https:\/\/femergs.com.br\/wfe\/blog\/dia-28-de-outubro-dia-do-servidor-publico\/","title":{"rendered":"DIA 28 DE OUTUBRO &#8211; DIA DO SERVIDOR P\u00daBLICO"},"content":{"rendered":"<div style=\"text-align: justify;\">\nCOMO FEMERGS, queremos PARABENIZAR a todos os (as) servidores (as), que fizeram concurso p\u00fablico e se dispuseram a exercer a tarefa de servir \u00e0 sociedade.  Estamos em todas as regi\u00f5es, estados, munic\u00edpios deste imenso e querido pa\u00eds &#8211; Brasil. Nenhum governo consegue dar conta do seu papel sem o corpo dos servidores, que s\u00e3o os trabalhadores (as) que atrav\u00e9s do seu trabalho, fazem chegar aos cidad\u00e3os e cidad\u00e3s, os direitos sociais previstos na CF de 1988, atrav\u00e9s das pol\u00edticas p\u00fablicas. <\/p>\n<p>Apesar de muitos governos, n\u00e3o reconhecerem a nossa IMPORT\u00c2NCIA e o nosso VALOR, podemos dizer com toda sinceridade QUE TEMOS ORGULHO DE SERMOS SERVIDORES\/AS P\u00daBLICOS\/AS!!! Queremos cumprimentar a todos (as), que cumprem com honra a sua miss\u00e3o, mesmo muitas vezes com sal\u00e1rios baixos e defasados, agradecendo-lhes por sua \u00e9tica, comprometimento e responsabilidade com que servem \u00e0 sociedade. PARAB\u00c9NS A TODOS OS SERVIDORES P\u00daBLICOS.<\/p>\n<p>Os servidores p\u00fablicos ingressaram pelo Concurso P\u00fablico. Portanto, a vaga n\u00e3o foi agrado de pol\u00edtico, de partido. O patr\u00e3o dos servidores que entram por concurso \u00e9 o povo. Este dia 28, deveria ser para celebrarmos, comemorarmos, nos congratularmos com a popula\u00e7\u00e3o, pelos Servi\u00e7os P\u00fablicos de Qualidade, que desempenhamos nas mais variadas \u00e1reas. INFELIZMENTE, a realidade que estamos vivenciando, n\u00e3o nos permite comemora\u00e7\u00f5es.<\/p>\n<p>A exemplo do presidente Collor, que ficou conhecido como \u201cca\u00e7ador de maraj\u00e1s e maranis\u201d, estamos vivenciando novamente um linchamento p\u00fablico, que come\u00e7a durante o Governo Temer e agora se aprofunda com o Governo Bolsonaro\/Guedes, que usam os meios de comunica\u00e7\u00e3o, para denegrir a imagem, colocando os servidores como privilegiados, enganam a popula\u00e7\u00e3o, distorcem dados, inventam mentiras, e financiam grupos de m\u00eddias digitais e influenciadores sociais, com objetivo claro de conquistar o apoio da sociedade, para um projeto de desmonte do Estado de Bem Estar Social conquistado com a CF de 1988.<\/p>\n<p>A Constitui\u00e7\u00e3o Federal de 1988 foi conquistada com muita luta, com muita constru\u00e7\u00e3o e com muito suor. Aqui precisamos destacar o Art. 3\u00ba Constituem objetivos fundamentais da Rep\u00fablica Federativa do Brasil:I &#8211; construir uma sociedade livre, justa e solid\u00e1ria; II &#8211; garantir o desenvolvimento nacional; III &#8211; erradicar a pobreza e a marginaliza\u00e7\u00e3o e reduzir as desigualdades sociais e regionais; IV &#8211; promover o bem de todos, sem preconceitos de origem, ra\u00e7a, sexo, cor, idade e quaisquer outras formas de discrimina\u00e7\u00e3o. E tamb\u00e9m o Art. 6\u00ba S\u00e3o direitos sociais a educa\u00e7\u00e3o, a sa\u00fade, a alimenta\u00e7\u00e3o, o trabalho, a moradia, o transporte, o lazer, a seguran\u00e7a, a previd\u00eancia social, a prote\u00e7\u00e3o \u00e0 maternidade e \u00e0 inf\u00e2ncia, a assist\u00eancia aos desamparados, na forma desta Constitui\u00e7\u00e3o. Estes dois artigos est\u00e3o sendo golpeados de morte com as reformas neoliberais, destacando que a PEC 032 \u2013 REFORMA ADMINISTRATIVA, que tira a estabilidade, que tira o concurso p\u00fablico (&#8230;) abrem caminho para acabar com os direitos sociais, com as pol\u00edticas p\u00fablicas se colocando contra o objetivo de erradica\u00e7\u00e3o da pobreza. Esta Reforma, n\u00e3o atinge os altos sal\u00e1rios dos militares, ju\u00edzes, promotores, pol\u00edticos, portanto em nada visa melhorar os servi\u00e7os, ou corrigir distor\u00e7\u00f5es. Ela  \u00e9 para acabar com os direitos dos cidad\u00e3os.<\/p>\n<p>A estabilidade no servi\u00e7o p\u00fablico, que \u00e9 alvo de ataques, se faz necess\u00e1ria, pois \u00e9 ela que permite, a fiscaliza\u00e7\u00e3o, a den\u00fancia de irregularidades, a \u00e9tica, a legalidade, a igualdade de tratamento que os cidad\u00e3os (\u00e3s) tem direito. Os servidores, n\u00e3o tem o FGTS, pagam 14% para a previd\u00eancia, tem descontado o Imposto de Renda na fonte, e ganham, no caso dos municipais, em m\u00e9dia R$ 2.900,00 por m\u00eas. Importante lembrarmos que o DIEESE aponta mensalmente quanto deveria ser o sal\u00e1rio m\u00ednimo, de acordo com a constitui\u00e7\u00e3o no Brasil, e este valor est\u00e1 em R$ 4.600,00, portanto bem mais do que a m\u00e9dia dos servidores municipais.<\/p>\n<p>APROVEITAMOS esta data: para denunciar a campanha de desmoraliza\u00e7\u00e3o que fazem sistematicamente contra os servidores p\u00fablicos; para alertar a popula\u00e7\u00e3o que a real inten\u00e7\u00e3o com a Reforma Administrativa, \u00e9 acabar com os direitos sociais, os servi\u00e7os p\u00fablicos; para chamar aten\u00e7\u00e3o e refletir porque deixaram de fora os militares, ju\u00edzes, promotores e pol\u00edticos; para afirmar que o problema do pa\u00eds est\u00e1 em n\u00e3o regulamentar o IGF \u2013 Imposto sobre Grandes Fortunas, de n\u00e3o fazer auditoria da d\u00edvida p\u00fablica, de n\u00e3o taxar os lucros das empresas, de n\u00e3o rever a carga tribut\u00e1ria fazendo com que ela incida mais sobre a renda\/sobre os bens, em vez de estar centrada em cima do consumo.<\/p>\n<p>Enfraquecer o servi\u00e7o p\u00fablico com cortes de recursos, com cortes de pessoal, com cortes de direitos, s\u00f3 beneficia os mais ricos. O Mercado est\u00e1 de olho arregalado para transformar a educa\u00e7\u00e3o, a sa\u00fade, a previd\u00eancia em mercadoria. Querem estes direitos privatizados. Vai adquiri-los quem tiver dinheiro. Deixar\u00e3o de serem garantias do Estado. <\/p>\n<p>Usam a crise, para tentar culpar os servidores. Querem detonar o Estado de Bem Estar Social. Querem os direitos sociais de hoje, como mercadorias que ser\u00e3o gerenciadas por empresas. Empresas precisam dar lucros, diferente do Estado que deve ser para o p\u00fablico e para o bem de todos. Cuidado!!! \u201cSE PRIVATIZAREM TUDO, VOC\u00ca VAI ESTAR PRIVADO DE TUDO\u201d s\u00f3 ter\u00e1 acesso quem tiver para pagar.<br \/>\nACORDA POVO. Vejam, analisem como os partidos votaram na Reforma da Previd\u00eancia, na EC 95 conhecida como PEC do Congelamento que abriu o caminho para o desmonte, dos direitos sociais, dos servi\u00e7os p\u00fablicos. Avalie bem os candidatos nas elei\u00e7\u00f5es municipais, para ver se n\u00e3o est\u00e3o alinhados com esta linha de desmonte.<\/p>\n<p> O Brasil \u00e9 um pa\u00eds continental. Somos o s\u00e9timo pa\u00eds com mais desigualdades. Segundo a OCDE Organiza\u00e7\u00e3o para a Coopera\u00e7\u00e3o e desenvolvimento Econ\u00f4mico. Apenas 6 brasileiros det\u00e9m a mesma riqueza que mais de 100 milh\u00f5es de brasileiros. Nosso crescimento econ\u00f4mico n\u00e3o acontece de forma igual para todos. Sozinhos, muitos brasileiros n\u00e3o alcan\u00e7am direitos humanos fundamentais. Por isso, foi t\u00e3o importante garantirmos eles, na Constitui\u00e7\u00e3o. Servi\u00e7os P\u00fablicos s\u00e3o necess\u00e1rios para que tenhamos pol\u00edticas p\u00fablicas que visam construir um pa\u00eds mais justo, mais solid\u00e1rio, com distribui\u00e7\u00e3o de renda gerando mais igualdade, mais inclus\u00e3o, mais vida.<\/p><\/div>\n","protected":false},"excerpt":{"rendered":"<p>COMO FEMERGS, queremos PARABENIZAR a todos os (as) servidores (as), que fizeram concurso p\u00fablico e se dispuseram a exercer a tarefa de servir \u00e0 sociedade. Estamos em todas as regi\u00f5es, estados, munic\u00edpios deste imenso e querido pa\u00eds &#8211; Brasil. Nenhum governo consegue dar conta do seu papel sem o corpo dos servidores, que s\u00e3o os [&hellip;]<\/p>\n","protected":false},"author":1,"featured_media":0,"comment_status":"closed","ping_status":"closed","sticky":false,"template":"","format":"standard","meta":{"_eb_attr":"","_uag_custom_page_level_css":"","fifu_image_url":"","fifu_image_alt":"","footnotes":""},"categories":[1],"tags":[32],"class_list":["post-1261","post","type-post","status-publish","format-standard","hentry","category-arquivadas","tag-null"],"yoast_head":"<!-- This site is optimized with the Yoast SEO plugin v27.1.1 - https:\/\/yoast.com\/product\/yoast-seo-wordpress\/ -->\n<title>DIA 28 DE OUTUBRO - DIA DO SERVIDOR P\u00daBLICO - Federa\u00e7\u00e3o dos Municip\u00e1rios do Estado do Rio Grande do Sul<\/title>\n<meta name=\"robots\" content=\"index, follow, max-snippet:-1, max-image-preview:large, max-video-preview:-1\" \/>\n<link rel=\"canonical\" href=\"https:\/\/femergs.com.br\/wfe\/blog\/dia-28-de-outubro-dia-do-servidor-publico\/\" \/>\n<meta property=\"og:locale\" content=\"pt_BR\" \/>\n<meta property=\"og:type\" content=\"article\" \/>\n<meta property=\"og:title\" content=\"DIA 28 DE OUTUBRO - DIA DO SERVIDOR P\u00daBLICO - Federa\u00e7\u00e3o dos Municip\u00e1rios do Estado do Rio Grande do Sul\" \/>\n<meta property=\"og:description\" content=\"COMO FEMERGS, queremos PARABENIZAR a todos os (as) servidores (as), que fizeram concurso p\u00fablico e se dispuseram a exercer a tarefa de servir \u00e0 sociedade. Estamos em todas as regi\u00f5es, estados, munic\u00edpios deste imenso e querido pa\u00eds &#8211; Brasil. Nenhum governo consegue dar conta do seu papel sem o corpo dos servidores, que s\u00e3o os [&hellip;]\" \/>\n<meta property=\"og:url\" content=\"https:\/\/femergs.com.br\/wfe\/blog\/dia-28-de-outubro-dia-do-servidor-publico\/\" \/>\n<meta property=\"og:site_name\" content=\"Federa\u00e7\u00e3o dos Municip\u00e1rios do Estado do Rio Grande do Sul\" \/>\n<meta property=\"article:publisher\" content=\"https:\/\/www.facebook.com\/profile.php?id=100057151733001\" \/>\n<meta property=\"article:published_time\" content=\"2020-10-27T16:36:26+00:00\" \/>\n<meta name=\"author\" content=\"adminfemergs\" \/>\n<meta name=\"twitter:card\" content=\"summary_large_image\" \/>\n<meta name=\"twitter:label1\" content=\"Escrito por\" \/>\n\t<meta name=\"twitter:data1\" content=\"adminfemergs\" \/>\n\t<meta name=\"twitter:label2\" content=\"Est. tempo de leitura\" \/>\n\t<meta name=\"twitter:data2\" content=\"5 minutos\" \/>\n<script type=\"application\/ld+json\" class=\"yoast-schema-graph\">{\"@context\":\"https:\/\/schema.org\",\"@graph\":[{\"@type\":\"Article\",\"@id\":\"https:\/\/femergs.com.br\/wfe\/blog\/dia-28-de-outubro-dia-do-servidor-publico\/#article\",\"isPartOf\":{\"@id\":\"https:\/\/femergs.com.br\/wfe\/blog\/dia-28-de-outubro-dia-do-servidor-publico\/\"},\"author\":{\"name\":\"adminfemergs\",\"@id\":\"https:\/\/femergs.com.br\/wfe\/#\/schema\/person\/f5558e6b5ffc044ee085016237dedb7f\"},\"headline\":\"DIA 28 DE OUTUBRO &#8211; DIA DO SERVIDOR P\u00daBLICO\",\"datePublished\":\"2020-10-27T16:36:26+00:00\",\"mainEntityOfPage\":{\"@id\":\"https:\/\/femergs.com.br\/wfe\/blog\/dia-28-de-outubro-dia-do-servidor-publico\/\"},\"wordCount\":1100,\"publisher\":{\"@id\":\"https:\/\/femergs.com.br\/wfe\/#organization\"},\"keywords\":[\"NULL\"],\"articleSection\":[\"ARQUIVADAS\"],\"inLanguage\":\"pt-BR\"},{\"@type\":\"WebPage\",\"@id\":\"https:\/\/femergs.com.br\/wfe\/blog\/dia-28-de-outubro-dia-do-servidor-publico\/\",\"url\":\"https:\/\/femergs.com.br\/wfe\/blog\/dia-28-de-outubro-dia-do-servidor-publico\/\",\"name\":\"DIA 28 DE OUTUBRO - DIA DO SERVIDOR P\u00daBLICO - Federa\u00e7\u00e3o dos Municip\u00e1rios do Estado do Rio Grande do Sul\",\"isPartOf\":{\"@id\":\"https:\/\/femergs.com.br\/wfe\/#website\"},\"datePublished\":\"2020-10-27T16:36:26+00:00\",\"breadcrumb\":{\"@id\":\"https:\/\/femergs.com.br\/wfe\/blog\/dia-28-de-outubro-dia-do-servidor-publico\/#breadcrumb\"},\"inLanguage\":\"pt-BR\",\"potentialAction\":[{\"@type\":\"ReadAction\",\"target\":[\"https:\/\/femergs.com.br\/wfe\/blog\/dia-28-de-outubro-dia-do-servidor-publico\/\"]}]},{\"@type\":\"BreadcrumbList\",\"@id\":\"https:\/\/femergs.com.br\/wfe\/blog\/dia-28-de-outubro-dia-do-servidor-publico\/#breadcrumb\",\"itemListElement\":[{\"@type\":\"ListItem\",\"position\":1,\"name\":\"In\u00edcio\",\"item\":\"https:\/\/femergs.com.br\/wfe\/\"},{\"@type\":\"ListItem\",\"position\":2,\"name\":\"DIA 28 DE OUTUBRO &#8211; DIA DO SERVIDOR P\u00daBLICO\"}]},{\"@type\":\"WebSite\",\"@id\":\"https:\/\/femergs.com.br\/wfe\/#website\",\"url\":\"https:\/\/femergs.com.br\/wfe\/\",\"name\":\"FEMERGS\",\"description\":\"FEDERA\u00c7\u00c3O DOS MUNICIP\u00c1RIOS DO ESTADO DO RIO GRANDE DO SUL\",\"publisher\":{\"@id\":\"https:\/\/femergs.com.br\/wfe\/#organization\"},\"potentialAction\":[{\"@type\":\"SearchAction\",\"target\":{\"@type\":\"EntryPoint\",\"urlTemplate\":\"https:\/\/femergs.com.br\/wfe\/?s={search_term_string}\"},\"query-input\":{\"@type\":\"PropertyValueSpecification\",\"valueRequired\":true,\"valueName\":\"search_term_string\"}}],\"inLanguage\":\"pt-BR\"},{\"@type\":\"Organization\",\"@id\":\"https:\/\/femergs.com.br\/wfe\/#organization\",\"name\":\"FEMERGS\",\"url\":\"https:\/\/femergs.com.br\/wfe\/\",\"logo\":{\"@type\":\"ImageObject\",\"inLanguage\":\"pt-BR\",\"@id\":\"https:\/\/femergs.com.br\/wfe\/#\/schema\/logo\/image\/\",\"url\":\"https:\/\/femergs.com.br\/wfe\/wp-content\/uploads\/2025\/06\/logotipo.png\",\"contentUrl\":\"https:\/\/femergs.com.br\/wfe\/wp-content\/uploads\/2025\/06\/logotipo.png\",\"width\":500,\"height\":500,\"caption\":\"FEMERGS\"},\"image\":{\"@id\":\"https:\/\/femergs.com.br\/wfe\/#\/schema\/logo\/image\/\"},\"sameAs\":[\"https:\/\/www.facebook.com\/profile.php?id=100057151733001\",\"https:\/\/www.instagram.com\/femergs_rs\/\"]},{\"@type\":\"Person\",\"@id\":\"https:\/\/femergs.com.br\/wfe\/#\/schema\/person\/f5558e6b5ffc044ee085016237dedb7f\",\"name\":\"adminfemergs\",\"image\":{\"@type\":\"ImageObject\",\"inLanguage\":\"pt-BR\",\"@id\":\"https:\/\/femergs.com.br\/wfe\/#\/schema\/person\/image\/\",\"url\":\"https:\/\/secure.gravatar.com\/avatar\/398642fa557cdd524617ad9b31c938845f071aeb3448b9c0aeb29aefc495337b?s=96&d=mm&r=g\",\"contentUrl\":\"https:\/\/secure.gravatar.com\/avatar\/398642fa557cdd524617ad9b31c938845f071aeb3448b9c0aeb29aefc495337b?s=96&d=mm&r=g\",\"caption\":\"adminfemergs\"},\"sameAs\":[\"https:\/\/femergs.com.br\/wfe\"],\"url\":\"https:\/\/femergs.com.br\/wfe\/blog\/author\/adminfemergs\/\"}]}<\/script>\n<!-- \/ Yoast SEO plugin. -->","yoast_head_json":{"title":"DIA 28 DE OUTUBRO - DIA DO SERVIDOR P\u00daBLICO - Federa\u00e7\u00e3o dos Municip\u00e1rios do Estado do Rio Grande do Sul","robots":{"index":"index","follow":"follow","max-snippet":"max-snippet:-1","max-image-preview":"max-image-preview:large","max-video-preview":"max-video-preview:-1"},"canonical":"https:\/\/femergs.com.br\/wfe\/blog\/dia-28-de-outubro-dia-do-servidor-publico\/","og_locale":"pt_BR","og_type":"article","og_title":"DIA 28 DE OUTUBRO - DIA DO SERVIDOR P\u00daBLICO - Federa\u00e7\u00e3o dos Municip\u00e1rios do Estado do Rio Grande do Sul","og_description":"COMO FEMERGS, queremos PARABENIZAR a todos os (as) servidores (as), que fizeram concurso p\u00fablico e se dispuseram a exercer a tarefa de servir \u00e0 sociedade. Estamos em todas as regi\u00f5es, estados, munic\u00edpios deste imenso e querido pa\u00eds &#8211; Brasil. Nenhum governo consegue dar conta do seu papel sem o corpo dos servidores, que s\u00e3o os [&hellip;]","og_url":"https:\/\/femergs.com.br\/wfe\/blog\/dia-28-de-outubro-dia-do-servidor-publico\/","og_site_name":"Federa\u00e7\u00e3o dos Municip\u00e1rios do Estado do Rio Grande do Sul","article_publisher":"https:\/\/www.facebook.com\/profile.php?id=100057151733001","article_published_time":"2020-10-27T16:36:26+00:00","author":"adminfemergs","twitter_card":"summary_large_image","twitter_misc":{"Escrito por":"adminfemergs","Est. tempo de leitura":"5 minutos"},"schema":{"@context":"https:\/\/schema.org","@graph":[{"@type":"Article","@id":"https:\/\/femergs.com.br\/wfe\/blog\/dia-28-de-outubro-dia-do-servidor-publico\/#article","isPartOf":{"@id":"https:\/\/femergs.com.br\/wfe\/blog\/dia-28-de-outubro-dia-do-servidor-publico\/"},"author":{"name":"adminfemergs","@id":"https:\/\/femergs.com.br\/wfe\/#\/schema\/person\/f5558e6b5ffc044ee085016237dedb7f"},"headline":"DIA 28 DE OUTUBRO &#8211; DIA DO SERVIDOR P\u00daBLICO","datePublished":"2020-10-27T16:36:26+00:00","mainEntityOfPage":{"@id":"https:\/\/femergs.com.br\/wfe\/blog\/dia-28-de-outubro-dia-do-servidor-publico\/"},"wordCount":1100,"publisher":{"@id":"https:\/\/femergs.com.br\/wfe\/#organization"},"keywords":["NULL"],"articleSection":["ARQUIVADAS"],"inLanguage":"pt-BR"},{"@type":"WebPage","@id":"https:\/\/femergs.com.br\/wfe\/blog\/dia-28-de-outubro-dia-do-servidor-publico\/","url":"https:\/\/femergs.com.br\/wfe\/blog\/dia-28-de-outubro-dia-do-servidor-publico\/","name":"DIA 28 DE OUTUBRO - DIA DO SERVIDOR P\u00daBLICO - Federa\u00e7\u00e3o dos Municip\u00e1rios do Estado do Rio Grande do Sul","isPartOf":{"@id":"https:\/\/femergs.com.br\/wfe\/#website"},"datePublished":"2020-10-27T16:36:26+00:00","breadcrumb":{"@id":"https:\/\/femergs.com.br\/wfe\/blog\/dia-28-de-outubro-dia-do-servidor-publico\/#breadcrumb"},"inLanguage":"pt-BR","potentialAction":[{"@type":"ReadAction","target":["https:\/\/femergs.com.br\/wfe\/blog\/dia-28-de-outubro-dia-do-servidor-publico\/"]}]},{"@type":"BreadcrumbList","@id":"https:\/\/femergs.com.br\/wfe\/blog\/dia-28-de-outubro-dia-do-servidor-publico\/#breadcrumb","itemListElement":[{"@type":"ListItem","position":1,"name":"In\u00edcio","item":"https:\/\/femergs.com.br\/wfe\/"},{"@type":"ListItem","position":2,"name":"DIA 28 DE OUTUBRO &#8211; DIA DO SERVIDOR P\u00daBLICO"}]},{"@type":"WebSite","@id":"https:\/\/femergs.com.br\/wfe\/#website","url":"https:\/\/femergs.com.br\/wfe\/","name":"FEMERGS","description":"FEDERA\u00c7\u00c3O DOS MUNICIP\u00c1RIOS DO ESTADO DO RIO GRANDE DO SUL","publisher":{"@id":"https:\/\/femergs.com.br\/wfe\/#organization"},"potentialAction":[{"@type":"SearchAction","target":{"@type":"EntryPoint","urlTemplate":"https:\/\/femergs.com.br\/wfe\/?s={search_term_string}"},"query-input":{"@type":"PropertyValueSpecification","valueRequired":true,"valueName":"search_term_string"}}],"inLanguage":"pt-BR"},{"@type":"Organization","@id":"https:\/\/femergs.com.br\/wfe\/#organization","name":"FEMERGS","url":"https:\/\/femergs.com.br\/wfe\/","logo":{"@type":"ImageObject","inLanguage":"pt-BR","@id":"https:\/\/femergs.com.br\/wfe\/#\/schema\/logo\/image\/","url":"https:\/\/femergs.com.br\/wfe\/wp-content\/uploads\/2025\/06\/logotipo.png","contentUrl":"https:\/\/femergs.com.br\/wfe\/wp-content\/uploads\/2025\/06\/logotipo.png","width":500,"height":500,"caption":"FEMERGS"},"image":{"@id":"https:\/\/femergs.com.br\/wfe\/#\/schema\/logo\/image\/"},"sameAs":["https:\/\/www.facebook.com\/profile.php?id=100057151733001","https:\/\/www.instagram.com\/femergs_rs\/"]},{"@type":"Person","@id":"https:\/\/femergs.com.br\/wfe\/#\/schema\/person\/f5558e6b5ffc044ee085016237dedb7f","name":"adminfemergs","image":{"@type":"ImageObject","inLanguage":"pt-BR","@id":"https:\/\/femergs.com.br\/wfe\/#\/schema\/person\/image\/","url":"https:\/\/secure.gravatar.com\/avatar\/398642fa557cdd524617ad9b31c938845f071aeb3448b9c0aeb29aefc495337b?s=96&d=mm&r=g","contentUrl":"https:\/\/secure.gravatar.com\/avatar\/398642fa557cdd524617ad9b31c938845f071aeb3448b9c0aeb29aefc495337b?s=96&d=mm&r=g","caption":"adminfemergs"},"sameAs":["https:\/\/femergs.com.br\/wfe"],"url":"https:\/\/femergs.com.br\/wfe\/blog\/author\/adminfemergs\/"}]}},"uagb_featured_image_src":{"full":false,"thumbnail":false,"medium":false,"medium_large":false,"large":false,"1536x1536":false,"2048x2048":false,"ultp_layout_landscape_large":false,"ultp_layout_landscape":false,"ultp_layout_portrait":false,"ultp_layout_square":false},"uagb_author_info":{"display_name":"adminfemergs","author_link":"https:\/\/femergs.com.br\/wfe\/blog\/author\/adminfemergs\/"},"uagb_comment_info":0,"uagb_excerpt":"COMO FEMERGS, queremos PARABENIZAR a todos os (as) servidores (as), que fizeram concurso p\u00fablico e se dispuseram a exercer a tarefa de servir \u00e0 sociedade. Estamos em todas as regi\u00f5es, estados, munic\u00edpios deste imenso e querido pa\u00eds &#8211; Brasil. Nenhum governo consegue dar conta do seu papel sem o corpo dos servidores, que s\u00e3o os&hellip;","_links":{"self":[{"href":"https:\/\/femergs.com.br\/wfe\/wp-json\/wp\/v2\/posts\/1261","targetHints":{"allow":["GET"]}}],"collection":[{"href":"https:\/\/femergs.com.br\/wfe\/wp-json\/wp\/v2\/posts"}],"about":[{"href":"https:\/\/femergs.com.br\/wfe\/wp-json\/wp\/v2\/types\/post"}],"author":[{"embeddable":true,"href":"https:\/\/femergs.com.br\/wfe\/wp-json\/wp\/v2\/users\/1"}],"replies":[{"embeddable":true,"href":"https:\/\/femergs.com.br\/wfe\/wp-json\/wp\/v2\/comments?post=1261"}],"version-history":[{"count":0,"href":"https:\/\/femergs.com.br\/wfe\/wp-json\/wp\/v2\/posts\/1261\/revisions"}],"wp:attachment":[{"href":"https:\/\/femergs.com.br\/wfe\/wp-json\/wp\/v2\/media?parent=1261"}],"wp:term":[{"taxonomy":"category","embeddable":true,"href":"https:\/\/femergs.com.br\/wfe\/wp-json\/wp\/v2\/categories?post=1261"},{"taxonomy":"post_tag","embeddable":true,"href":"https:\/\/femergs.com.br\/wfe\/wp-json\/wp\/v2\/tags?post=1261"}],"curies":[{"name":"wp","href":"https:\/\/api.w.org\/{rel}","templated":true}]}}