{"id":1264,"date":"2020-11-13T16:16:32","date_gmt":"2020-11-13T16:16:32","guid":{"rendered":"https:\/\/femergs.com.br\/wfe\/blog\/como-sera-nosso-futuro-como-sociedade-como-entidades-sociais-e-sindicais\/"},"modified":"2025-09-02T20:00:08","modified_gmt":"2025-09-02T20:00:08","slug":"como-sera-nosso-futuro-como-sociedade-como-entidades-sociais-e-sindicais","status":"publish","type":"post","link":"https:\/\/femergs.com.br\/wfe\/blog\/como-sera-nosso-futuro-como-sociedade-como-entidades-sociais-e-sindicais\/","title":{"rendered":"COMO SER\u00c1 NOSSO FUTURO COMO SOCIEDADE, COMO ENTIDADES SOCIAIS E SINDICAIS?"},"content":{"rendered":"<p>COMO SERA NOSSO FUTURO COMO SOCIEDADE? COMO SER\u00c3O NOSSAS ENTIDADES SOCIAIS E SINDICAIS NESTE FUTURO?<\/p>\n<div style=\"text-align:justify\">Estas perguntas podem parecer sem import\u00e2ncia para muitos, mas pe\u00e7o que leiam at\u00e9 o final para que juntos possamos entender e nos preparar para o que est\u00e1 nos afetando diretamente como integrantes da classe trabalhadora. Para quem simplesmente observa o que vem ocorrendo mundialmente na \u00faltima d\u00e9cada pode certamente afirmar que estamos frente a um evento mundial de grandes propor\u00e7\u00f5es, agravado por algo que foge do nosso controle, uma nova peste. Que em todos os momentos parece estrategicamente ligados a tudo o que vem acontecendo. Somos desde os mais humildes at\u00e9 os mais letrados conhecedores de o quanto a religi\u00e3o tem sido importante para o ser humano por mil\u00eanios, mas tamb\u00e9m somos sabedores de que muitas vezes ela foi t\u00e3o somente instrumento para dom\u00ednio de grandes grupos sociais, seja atrav\u00e9s da f\u00e9, do medo ou da obedi\u00eancia cega. E tudo o que aqui vamos tentar entender deve ser discutido nos meios sindicais para que possamos visualizar verdadeiramente como ser\u00e1 o futuro das entidades que representam os trabalhadores frente a esta nova ordem mundial, que muitos est\u00e3o usando de forma maldosamente como estrat\u00e9gia de ganho financeiro ou de poder. E como trabalhadores devemos \u201cparafrasear\u201d tudo o que est\u00e1 acontecendo para dentro de nossas entidades.<\/p>\n<p>Quando falamos que a fome no mundo n\u00e3o \u00e9 por falta de comida no mundo, mas \u00e9 sim uma t\u00e1tica de controle sobre aqueles que sentem a fome. E qual a melhor forma ent\u00e3o de fazer um grande n\u00famero de pessoas ficar sob controle? Pagando baix\u00edssimos sal\u00e1rios, tornando os direitos b\u00e1sicos em fruto de esfor\u00e7o e n\u00e3o garantias sociais. No nosso pa\u00eds precisamos sim voltar a Promulga\u00e7\u00e3o da CONSTITUI\u00c7\u00c3O FEDERAL DE 1988. Onde a sociedade tomou consci\u00eancia atrav\u00e9s dos movimentos sociais de que bastava de ditadura, militar, religiosa, moral, financeira, onde dever\u00edamos ter uma constitui\u00e7\u00e3o legitimamente voltada a seu povo, que garantisse a dignidade do cidad\u00e3o como prioridade para tudo. Desta CF, nasceu o entendimento que sa\u00fade \u00e9 direito de todos, que a dignidade de uma pessoa esta acima de qualquer coisa, e foi assim que na justi\u00e7a muitas fam\u00edlias conseguiram por exemplo tratamentos que ainda em fase experimental e que custavam uma verdadeira fortuna fosse disponibilizado obrigatoriamente pelo Estado. Antes da promulga\u00e7\u00e3o da CF, at\u00e9 uma cirurgia de ap\u00eandice que \u00e9 conhecida a s\u00e9culos devia ser paga se n\u00e3o fosse o paciente assegurado do INSS.<\/p>\n<p>Ent\u00e3o se a CF de1988 nos trouxe a luz da dignidade, como explicar os retrocessos que estamos vivendo? Na minha opini\u00e3o \u00e9 uma leitura clara e simples, mas que \u00e9 dif\u00edcil de ser realizada, justamente por que aqueles a quem chamamos de representantes do CAPITAL, e que usam os pol\u00edticos para nos subjugar est\u00e3o na verdade trabalhando desde 1988 para derrubar nossa Constitui\u00e7\u00e3o. E para isso nos usaram da forma com que o CAPITAL, uso o trabalhador a milhares de anos. E sempre s\u00e3o vitoriosos nesta t\u00e1tica por que estamos t\u00e3o preocupados em continuar mantendo viva a t\u00e1tica medieval da Igreja de que \u201ca fome deve ser saciada pelo fruto do trabalho\u201d que n\u00e3o nos permitimos ver que o mesmo CAPITAL s\u00f3 mudou o discurso mas implantou em nossa mente quase que biologicamente coisas que sustentam a explora\u00e7\u00e3o do trabalhador at\u00e9 hoje. Um exemplo disso, \u00e9 o grande n\u00famero de sindicalistas envolvidos em campanhas politicas que s\u00e3o a base mantenedora dos velhos coron\u00e9is que aprovam Leis que acabam com direitos conquistados atrav\u00e9s de muita luta. Quando achamos normal romantizar a pobreza a mis\u00e9ria humana, quando culpamos uma minissaia por um estupro, quando confundimos Reforma Agr\u00e1ria com invas\u00e3o de uma conquista de algu\u00e9m, quando julgamos auxilio presidi\u00e1rio como regala para um criminoso e tantas outras que assimilamos como \u201cVALORES MORAIS\u201d sem ao menos BUSCAR, PESQUISAR como realmente funcionam estas coisas.<\/p>\n<p>Mas o principal de todos estes implantes de \u201cvalores\u201d que por anos foram muito bem arquitetados pelos donos do CAPITAL, foi incutir foi principalmente no fazer o trabalhador acreditar de que existem somente duas for\u00e7as politicas no mundo, o COMUNISMO(socialismo) e a DEMOCRACIA(liberalismo), quando na verdade s\u00e3o duas TEORIAS POLITICAS. Verdadeiramente a gente sabe que somente existem duas classes os trabalhadores e os donos dos meios de produ\u00e7\u00e3o, eu acredito que hoje s\u00e3o tr\u00eas, trabalhadores, donos dos meios de produ\u00e7\u00e3o e os BANQUEIROS, que exploram as outras duas. N\u00e3o podemos deixar e fazer um paralelo sobre como usaram DEUS E O DIABO para convencer o povo destas duas for\u00e7as como de dom\u00ednio. Como as se o Comunismo vermelho, sangue inferno, fosse antag\u00f4nico a Democracia, l\u00edmpida, suave PARA\u00cdSO, e conforme o per\u00edodo medieval, o trabalhador precisa sofrer para chegar ao para\u00edso. Infelizmente Jesus foi crucificado \u00e0 toa ent\u00e3o, pois esquecem de usar que ele significa uma BOA NOVA, n\u00e3o continua\u00e7\u00e3o do sofrimento. Nosso pa\u00eds n\u00e3o foge a esta organiza\u00e7\u00e3o mundial e muito menos do uso da f\u00e9 do povo para dom\u00ednio e conquista de poder, por isso e dentro deste contexto algum representante do CAPITAL sob a m\u00e1scara da democracia, logo ap\u00f3s a grande conquista que foi a promulga\u00e7\u00e3o da CF de 1988, come\u00e7aram a incutir na cabe\u00e7a das, na pessoas humildes que Sindicato, aborto, feminismo, luta, greve \u00e9 coisa do mau, do inferno, do comunismo, e Igrejas e l\u00edderes religiosos enriqueceram e trabalharam com afinco para criar o \u201ccidad\u00e3o de bem, deus e fam\u00edlia\u201d que n\u00e3o precisa ser bom e pensar no outro.<\/p>\n<p>Quando falamos que em sindicato n\u00e3o pode existir partidos pol\u00edticos, precisamos ter o entendimento que isto significa ideologia, ou projeto. N\u00c3O podemos deixar nosso fanatismo partid\u00e1rio, religioso INTERFERIR nas decis\u00f5es que precisamos tomar como sindicalistas, temos sim o direito \u00e0 liberdade, a escolha, mas temos que ter coer\u00eancia com todas estas escolhas. Como Sindicalistas precisamos primeiramente estar abertos ao maior de todos os preceitos para qualquer indiv\u00edduo que queira exercer o papel de lideran\u00e7a em sociedade, em fam\u00edlia, em qualquer lugar o preceito de SERMOS ETERNOS APRENDIZES, que a cada dia se policiam, se qualificam para exercer esta lideran\u00e7a da forma mais justa, mais construtiva poss\u00edvel. O Fanatismo, tem como alimento a ambi\u00e7\u00e3o e a ignor\u00e2ncia. E o fanatismo sempre ser\u00e1 respons\u00e1vel por tudo o que j\u00e1 passamos de dificuldade na historia de nossa sociedade, como a ambi\u00e7\u00e3o individual \u00e9 at\u00e9 hoje respons\u00e1vel por n\u00e3o conseguirmos neste momento estarmos mantendo nossa maior conquista na hist\u00f3ria do Brasil como Na\u00e7\u00e3o, sim a maior, pois em um dia dedicado a estudo podemos ver que Liberta\u00e7\u00e3o dos escravos, Proclama\u00e7\u00e3o da Rep\u00fablica, Independ\u00eancia ou Morte, Guerra do Paraguai, Revolu\u00e7\u00e3o Farroupilha nada mais foram do que disputas entre os que faziam parte do Poder, dos que eram marionetes na m\u00e3o dos que realmente tem o Poder no pa\u00eds e no mundo. E estamos prestes a perder a Maior conquista, pois nos \u00faltimos quatro anos, o desrespeito, a retirada, a desmoraliza\u00e7\u00e3o desta conquista t\u00eam sido di\u00e1rias e constantes. Nosso pa\u00eds desde 1988 nunca foi t\u00e3o notificado por entidades mundiais e reconhecidas por retirada de direitos, por destrui\u00e7\u00e3o desmedida do meio ambiente, por crimes contra minorias, pela volta da fome, da infla\u00e7\u00e3o.<\/p>\n<p>Precisamos encontrar formas de nos fortalecer, unificar novamente como em 1988, para segurar ainda o que nos resta, ter consci\u00eancia de que partidos como sindicatos infelizmente s\u00e3o sim abrigo para indiv\u00edduos que n\u00e3o tem consci\u00eancia de classe e nem moral para nos auxiliar neste momento t\u00e3o dif\u00edcil, mas que como em 1988 as entidades que realmente representem o povo brasileiro, inicie esta discuss\u00e3o e reflex\u00e3o, de que se tudo hoje esta sendo justificado como uma luta da democracia contra o comunismo, como estas pessoas que fomentam isso nos justificam tantos partidos, tantas disputas de poder entre nossas entidades sindicais.<\/p>\n<p>Tantas demonstra\u00e7\u00f5es de gan\u00e2ncia por espa\u00e7o? Neste momento n\u00e3o vejo frase melhor para definir politicamente o que est\u00e1 acontecendo no nosso pa\u00eds, \u201cN\u00c3O TEM COMO SERVIR A DOIS SENHORES\u201d. Pois enquanto no mundo disputa um novo imp\u00e9rio econ\u00f4mico, coisa normal que j\u00e1 aconteceu centenas de vezes na hist\u00f3ria e a humanidade vai superar, onde o Estados Unidos, que era tido como modelo de democracia e qualidade de vida, est\u00e1 a beira do caos pelo n\u00famero de miser\u00e1veis escondidos em seus esgotos e florestas, e a China que \u00e9 tida como modelo de comunismo tem crescido economicamente garantindo a sua popula\u00e7\u00e3o emprego, consumo, sa\u00fade e educa\u00e7\u00e3o. Nossas entidades precisam urgentemente voltar ao futuro, lembrar do passado de conquista de 1988, mas voltar ao que podemos perder amanh\u00e3. Que saibamos a cada dia nos fortalecer um no outro, pois \u00e9 comum do ser humano a ambi\u00e7\u00e3o, mas que possamos atrav\u00e9s da coletividade, manter esta ambi\u00e7\u00e3o fora da linha de nossas prioridades como entidade.<\/p>\n<p>Boa luta a todos n\u00f3s.<\/p><\/div>\n","protected":false},"excerpt":{"rendered":"<p>COMO SERA NOSSO FUTURO COMO SOCIEDADE? COMO SER\u00c3O NOSSAS ENTIDADES SOCIAIS E SINDICAIS NESTE FUTURO? Estas perguntas podem parecer sem import\u00e2ncia para muitos, mas pe\u00e7o que leiam at\u00e9 o final para que juntos possamos entender e nos preparar para o que est\u00e1 nos afetando diretamente como integrantes da classe trabalhadora. Para quem simplesmente observa o [&hellip;]<\/p>\n","protected":false},"author":1,"featured_media":0,"comment_status":"closed","ping_status":"closed","sticky":false,"template":"","format":"standard","meta":{"_eb_attr":"","_uag_custom_page_level_css":"","fifu_image_url":"","fifu_image_alt":"","footnotes":""},"categories":[7],"tags":[32],"class_list":["post-1264","post","type-post","status-publish","format-standard","hentry","category-noticias","tag-null"],"yoast_head":"<!-- This site is optimized with the Yoast SEO plugin v27.1.1 - https:\/\/yoast.com\/product\/yoast-seo-wordpress\/ -->\n<title>COMO SER\u00c1 NOSSO FUTURO COMO SOCIEDADE, COMO ENTIDADES SOCIAIS E SINDICAIS? - Federa\u00e7\u00e3o dos Municip\u00e1rios do Estado do Rio Grande do Sul<\/title>\n<meta name=\"robots\" content=\"index, follow, max-snippet:-1, max-image-preview:large, max-video-preview:-1\" \/>\n<link rel=\"canonical\" href=\"https:\/\/femergs.com.br\/wfe\/blog\/como-sera-nosso-futuro-como-sociedade-como-entidades-sociais-e-sindicais\/\" \/>\n<meta property=\"og:locale\" content=\"pt_BR\" \/>\n<meta property=\"og:type\" content=\"article\" \/>\n<meta property=\"og:title\" content=\"COMO SER\u00c1 NOSSO FUTURO COMO SOCIEDADE, COMO ENTIDADES SOCIAIS E SINDICAIS? - Federa\u00e7\u00e3o dos Municip\u00e1rios do Estado do Rio Grande do Sul\" \/>\n<meta property=\"og:description\" content=\"COMO SERA NOSSO FUTURO COMO SOCIEDADE? COMO SER\u00c3O NOSSAS ENTIDADES SOCIAIS E SINDICAIS NESTE FUTURO? Estas perguntas podem parecer sem import\u00e2ncia para muitos, mas pe\u00e7o que leiam at\u00e9 o final para que juntos possamos entender e nos preparar para o que est\u00e1 nos afetando diretamente como integrantes da classe trabalhadora. Para quem simplesmente observa o [&hellip;]\" \/>\n<meta property=\"og:url\" content=\"https:\/\/femergs.com.br\/wfe\/blog\/como-sera-nosso-futuro-como-sociedade-como-entidades-sociais-e-sindicais\/\" \/>\n<meta property=\"og:site_name\" content=\"Federa\u00e7\u00e3o dos Municip\u00e1rios do Estado do Rio Grande do Sul\" \/>\n<meta property=\"article:publisher\" content=\"https:\/\/www.facebook.com\/profile.php?id=100057151733001\" \/>\n<meta property=\"article:published_time\" content=\"2020-11-13T16:16:32+00:00\" \/>\n<meta property=\"article:modified_time\" content=\"2025-09-02T20:00:08+00:00\" \/>\n<meta name=\"author\" content=\"adminfemergs\" \/>\n<meta name=\"twitter:card\" content=\"summary_large_image\" \/>\n<meta name=\"twitter:label1\" content=\"Escrito por\" \/>\n\t<meta name=\"twitter:data1\" content=\"adminfemergs\" \/>\n\t<meta name=\"twitter:label2\" content=\"Est. tempo de leitura\" \/>\n\t<meta name=\"twitter:data2\" content=\"8 minutos\" \/>\n<script type=\"application\/ld+json\" class=\"yoast-schema-graph\">{\"@context\":\"https:\/\/schema.org\",\"@graph\":[{\"@type\":\"Article\",\"@id\":\"https:\/\/femergs.com.br\/wfe\/blog\/como-sera-nosso-futuro-como-sociedade-como-entidades-sociais-e-sindicais\/#article\",\"isPartOf\":{\"@id\":\"https:\/\/femergs.com.br\/wfe\/blog\/como-sera-nosso-futuro-como-sociedade-como-entidades-sociais-e-sindicais\/\"},\"author\":{\"name\":\"adminfemergs\",\"@id\":\"https:\/\/femergs.com.br\/wfe\/#\/schema\/person\/f5558e6b5ffc044ee085016237dedb7f\"},\"headline\":\"COMO SER\u00c1 NOSSO FUTURO COMO SOCIEDADE, COMO ENTIDADES SOCIAIS E SINDICAIS?\",\"datePublished\":\"2020-11-13T16:16:32+00:00\",\"dateModified\":\"2025-09-02T20:00:08+00:00\",\"mainEntityOfPage\":{\"@id\":\"https:\/\/femergs.com.br\/wfe\/blog\/como-sera-nosso-futuro-como-sociedade-como-entidades-sociais-e-sindicais\/\"},\"wordCount\":1578,\"publisher\":{\"@id\":\"https:\/\/femergs.com.br\/wfe\/#organization\"},\"keywords\":[\"NULL\"],\"articleSection\":[\"Not\u00edcias Gerais\"],\"inLanguage\":\"pt-BR\"},{\"@type\":\"WebPage\",\"@id\":\"https:\/\/femergs.com.br\/wfe\/blog\/como-sera-nosso-futuro-como-sociedade-como-entidades-sociais-e-sindicais\/\",\"url\":\"https:\/\/femergs.com.br\/wfe\/blog\/como-sera-nosso-futuro-como-sociedade-como-entidades-sociais-e-sindicais\/\",\"name\":\"COMO SER\u00c1 NOSSO FUTURO COMO SOCIEDADE, COMO ENTIDADES SOCIAIS E SINDICAIS? - Federa\u00e7\u00e3o dos Municip\u00e1rios do Estado do Rio Grande do Sul\",\"isPartOf\":{\"@id\":\"https:\/\/femergs.com.br\/wfe\/#website\"},\"datePublished\":\"2020-11-13T16:16:32+00:00\",\"dateModified\":\"2025-09-02T20:00:08+00:00\",\"breadcrumb\":{\"@id\":\"https:\/\/femergs.com.br\/wfe\/blog\/como-sera-nosso-futuro-como-sociedade-como-entidades-sociais-e-sindicais\/#breadcrumb\"},\"inLanguage\":\"pt-BR\",\"potentialAction\":[{\"@type\":\"ReadAction\",\"target\":[\"https:\/\/femergs.com.br\/wfe\/blog\/como-sera-nosso-futuro-como-sociedade-como-entidades-sociais-e-sindicais\/\"]}]},{\"@type\":\"BreadcrumbList\",\"@id\":\"https:\/\/femergs.com.br\/wfe\/blog\/como-sera-nosso-futuro-como-sociedade-como-entidades-sociais-e-sindicais\/#breadcrumb\",\"itemListElement\":[{\"@type\":\"ListItem\",\"position\":1,\"name\":\"In\u00edcio\",\"item\":\"https:\/\/femergs.com.br\/wfe\/\"},{\"@type\":\"ListItem\",\"position\":2,\"name\":\"COMO SER\u00c1 NOSSO FUTURO COMO SOCIEDADE, COMO ENTIDADES SOCIAIS E SINDICAIS?\"}]},{\"@type\":\"WebSite\",\"@id\":\"https:\/\/femergs.com.br\/wfe\/#website\",\"url\":\"https:\/\/femergs.com.br\/wfe\/\",\"name\":\"FEMERGS\",\"description\":\"FEDERA\u00c7\u00c3O DOS MUNICIP\u00c1RIOS DO ESTADO DO RIO GRANDE DO SUL\",\"publisher\":{\"@id\":\"https:\/\/femergs.com.br\/wfe\/#organization\"},\"potentialAction\":[{\"@type\":\"SearchAction\",\"target\":{\"@type\":\"EntryPoint\",\"urlTemplate\":\"https:\/\/femergs.com.br\/wfe\/?s={search_term_string}\"},\"query-input\":{\"@type\":\"PropertyValueSpecification\",\"valueRequired\":true,\"valueName\":\"search_term_string\"}}],\"inLanguage\":\"pt-BR\"},{\"@type\":\"Organization\",\"@id\":\"https:\/\/femergs.com.br\/wfe\/#organization\",\"name\":\"FEMERGS\",\"url\":\"https:\/\/femergs.com.br\/wfe\/\",\"logo\":{\"@type\":\"ImageObject\",\"inLanguage\":\"pt-BR\",\"@id\":\"https:\/\/femergs.com.br\/wfe\/#\/schema\/logo\/image\/\",\"url\":\"https:\/\/femergs.com.br\/wfe\/wp-content\/uploads\/2025\/06\/logotipo.png\",\"contentUrl\":\"https:\/\/femergs.com.br\/wfe\/wp-content\/uploads\/2025\/06\/logotipo.png\",\"width\":500,\"height\":500,\"caption\":\"FEMERGS\"},\"image\":{\"@id\":\"https:\/\/femergs.com.br\/wfe\/#\/schema\/logo\/image\/\"},\"sameAs\":[\"https:\/\/www.facebook.com\/profile.php?id=100057151733001\",\"https:\/\/www.instagram.com\/femergs_rs\/\"]},{\"@type\":\"Person\",\"@id\":\"https:\/\/femergs.com.br\/wfe\/#\/schema\/person\/f5558e6b5ffc044ee085016237dedb7f\",\"name\":\"adminfemergs\",\"image\":{\"@type\":\"ImageObject\",\"inLanguage\":\"pt-BR\",\"@id\":\"https:\/\/femergs.com.br\/wfe\/#\/schema\/person\/image\/\",\"url\":\"https:\/\/secure.gravatar.com\/avatar\/398642fa557cdd524617ad9b31c938845f071aeb3448b9c0aeb29aefc495337b?s=96&d=mm&r=g\",\"contentUrl\":\"https:\/\/secure.gravatar.com\/avatar\/398642fa557cdd524617ad9b31c938845f071aeb3448b9c0aeb29aefc495337b?s=96&d=mm&r=g\",\"caption\":\"adminfemergs\"},\"sameAs\":[\"https:\/\/femergs.com.br\/wfe\"],\"url\":\"https:\/\/femergs.com.br\/wfe\/blog\/author\/adminfemergs\/\"}]}<\/script>\n<!-- \/ Yoast SEO plugin. -->","yoast_head_json":{"title":"COMO SER\u00c1 NOSSO FUTURO COMO SOCIEDADE, COMO ENTIDADES SOCIAIS E SINDICAIS? - Federa\u00e7\u00e3o dos Municip\u00e1rios do Estado do Rio Grande do Sul","robots":{"index":"index","follow":"follow","max-snippet":"max-snippet:-1","max-image-preview":"max-image-preview:large","max-video-preview":"max-video-preview:-1"},"canonical":"https:\/\/femergs.com.br\/wfe\/blog\/como-sera-nosso-futuro-como-sociedade-como-entidades-sociais-e-sindicais\/","og_locale":"pt_BR","og_type":"article","og_title":"COMO SER\u00c1 NOSSO FUTURO COMO SOCIEDADE, COMO ENTIDADES SOCIAIS E SINDICAIS? - Federa\u00e7\u00e3o dos Municip\u00e1rios do Estado do Rio Grande do Sul","og_description":"COMO SERA NOSSO FUTURO COMO SOCIEDADE? COMO SER\u00c3O NOSSAS ENTIDADES SOCIAIS E SINDICAIS NESTE FUTURO? Estas perguntas podem parecer sem import\u00e2ncia para muitos, mas pe\u00e7o que leiam at\u00e9 o final para que juntos possamos entender e nos preparar para o que est\u00e1 nos afetando diretamente como integrantes da classe trabalhadora. Para quem simplesmente observa o [&hellip;]","og_url":"https:\/\/femergs.com.br\/wfe\/blog\/como-sera-nosso-futuro-como-sociedade-como-entidades-sociais-e-sindicais\/","og_site_name":"Federa\u00e7\u00e3o dos Municip\u00e1rios do Estado do Rio Grande do Sul","article_publisher":"https:\/\/www.facebook.com\/profile.php?id=100057151733001","article_published_time":"2020-11-13T16:16:32+00:00","article_modified_time":"2025-09-02T20:00:08+00:00","author":"adminfemergs","twitter_card":"summary_large_image","twitter_misc":{"Escrito por":"adminfemergs","Est. tempo de leitura":"8 minutos"},"schema":{"@context":"https:\/\/schema.org","@graph":[{"@type":"Article","@id":"https:\/\/femergs.com.br\/wfe\/blog\/como-sera-nosso-futuro-como-sociedade-como-entidades-sociais-e-sindicais\/#article","isPartOf":{"@id":"https:\/\/femergs.com.br\/wfe\/blog\/como-sera-nosso-futuro-como-sociedade-como-entidades-sociais-e-sindicais\/"},"author":{"name":"adminfemergs","@id":"https:\/\/femergs.com.br\/wfe\/#\/schema\/person\/f5558e6b5ffc044ee085016237dedb7f"},"headline":"COMO SER\u00c1 NOSSO FUTURO COMO SOCIEDADE, COMO ENTIDADES SOCIAIS E SINDICAIS?","datePublished":"2020-11-13T16:16:32+00:00","dateModified":"2025-09-02T20:00:08+00:00","mainEntityOfPage":{"@id":"https:\/\/femergs.com.br\/wfe\/blog\/como-sera-nosso-futuro-como-sociedade-como-entidades-sociais-e-sindicais\/"},"wordCount":1578,"publisher":{"@id":"https:\/\/femergs.com.br\/wfe\/#organization"},"keywords":["NULL"],"articleSection":["Not\u00edcias Gerais"],"inLanguage":"pt-BR"},{"@type":"WebPage","@id":"https:\/\/femergs.com.br\/wfe\/blog\/como-sera-nosso-futuro-como-sociedade-como-entidades-sociais-e-sindicais\/","url":"https:\/\/femergs.com.br\/wfe\/blog\/como-sera-nosso-futuro-como-sociedade-como-entidades-sociais-e-sindicais\/","name":"COMO SER\u00c1 NOSSO FUTURO COMO SOCIEDADE, COMO ENTIDADES SOCIAIS E SINDICAIS? - Federa\u00e7\u00e3o dos Municip\u00e1rios do Estado do Rio Grande do Sul","isPartOf":{"@id":"https:\/\/femergs.com.br\/wfe\/#website"},"datePublished":"2020-11-13T16:16:32+00:00","dateModified":"2025-09-02T20:00:08+00:00","breadcrumb":{"@id":"https:\/\/femergs.com.br\/wfe\/blog\/como-sera-nosso-futuro-como-sociedade-como-entidades-sociais-e-sindicais\/#breadcrumb"},"inLanguage":"pt-BR","potentialAction":[{"@type":"ReadAction","target":["https:\/\/femergs.com.br\/wfe\/blog\/como-sera-nosso-futuro-como-sociedade-como-entidades-sociais-e-sindicais\/"]}]},{"@type":"BreadcrumbList","@id":"https:\/\/femergs.com.br\/wfe\/blog\/como-sera-nosso-futuro-como-sociedade-como-entidades-sociais-e-sindicais\/#breadcrumb","itemListElement":[{"@type":"ListItem","position":1,"name":"In\u00edcio","item":"https:\/\/femergs.com.br\/wfe\/"},{"@type":"ListItem","position":2,"name":"COMO SER\u00c1 NOSSO FUTURO COMO SOCIEDADE, COMO ENTIDADES SOCIAIS E SINDICAIS?"}]},{"@type":"WebSite","@id":"https:\/\/femergs.com.br\/wfe\/#website","url":"https:\/\/femergs.com.br\/wfe\/","name":"FEMERGS","description":"FEDERA\u00c7\u00c3O DOS MUNICIP\u00c1RIOS DO ESTADO DO RIO GRANDE DO SUL","publisher":{"@id":"https:\/\/femergs.com.br\/wfe\/#organization"},"potentialAction":[{"@type":"SearchAction","target":{"@type":"EntryPoint","urlTemplate":"https:\/\/femergs.com.br\/wfe\/?s={search_term_string}"},"query-input":{"@type":"PropertyValueSpecification","valueRequired":true,"valueName":"search_term_string"}}],"inLanguage":"pt-BR"},{"@type":"Organization","@id":"https:\/\/femergs.com.br\/wfe\/#organization","name":"FEMERGS","url":"https:\/\/femergs.com.br\/wfe\/","logo":{"@type":"ImageObject","inLanguage":"pt-BR","@id":"https:\/\/femergs.com.br\/wfe\/#\/schema\/logo\/image\/","url":"https:\/\/femergs.com.br\/wfe\/wp-content\/uploads\/2025\/06\/logotipo.png","contentUrl":"https:\/\/femergs.com.br\/wfe\/wp-content\/uploads\/2025\/06\/logotipo.png","width":500,"height":500,"caption":"FEMERGS"},"image":{"@id":"https:\/\/femergs.com.br\/wfe\/#\/schema\/logo\/image\/"},"sameAs":["https:\/\/www.facebook.com\/profile.php?id=100057151733001","https:\/\/www.instagram.com\/femergs_rs\/"]},{"@type":"Person","@id":"https:\/\/femergs.com.br\/wfe\/#\/schema\/person\/f5558e6b5ffc044ee085016237dedb7f","name":"adminfemergs","image":{"@type":"ImageObject","inLanguage":"pt-BR","@id":"https:\/\/femergs.com.br\/wfe\/#\/schema\/person\/image\/","url":"https:\/\/secure.gravatar.com\/avatar\/398642fa557cdd524617ad9b31c938845f071aeb3448b9c0aeb29aefc495337b?s=96&d=mm&r=g","contentUrl":"https:\/\/secure.gravatar.com\/avatar\/398642fa557cdd524617ad9b31c938845f071aeb3448b9c0aeb29aefc495337b?s=96&d=mm&r=g","caption":"adminfemergs"},"sameAs":["https:\/\/femergs.com.br\/wfe"],"url":"https:\/\/femergs.com.br\/wfe\/blog\/author\/adminfemergs\/"}]}},"uagb_featured_image_src":{"full":false,"thumbnail":false,"medium":false,"medium_large":false,"large":false,"1536x1536":false,"2048x2048":false,"ultp_layout_landscape_large":false,"ultp_layout_landscape":false,"ultp_layout_portrait":false,"ultp_layout_square":false},"uagb_author_info":{"display_name":"adminfemergs","author_link":"https:\/\/femergs.com.br\/wfe\/blog\/author\/adminfemergs\/"},"uagb_comment_info":0,"uagb_excerpt":"COMO SERA NOSSO FUTURO COMO SOCIEDADE? COMO SER\u00c3O NOSSAS ENTIDADES SOCIAIS E SINDICAIS NESTE FUTURO? Estas perguntas podem parecer sem import\u00e2ncia para muitos, mas pe\u00e7o que leiam at\u00e9 o final para que juntos possamos entender e nos preparar para o que est\u00e1 nos afetando diretamente como integrantes da classe trabalhadora. Para quem simplesmente observa o&hellip;","_links":{"self":[{"href":"https:\/\/femergs.com.br\/wfe\/wp-json\/wp\/v2\/posts\/1264","targetHints":{"allow":["GET"]}}],"collection":[{"href":"https:\/\/femergs.com.br\/wfe\/wp-json\/wp\/v2\/posts"}],"about":[{"href":"https:\/\/femergs.com.br\/wfe\/wp-json\/wp\/v2\/types\/post"}],"author":[{"embeddable":true,"href":"https:\/\/femergs.com.br\/wfe\/wp-json\/wp\/v2\/users\/1"}],"replies":[{"embeddable":true,"href":"https:\/\/femergs.com.br\/wfe\/wp-json\/wp\/v2\/comments?post=1264"}],"version-history":[{"count":1,"href":"https:\/\/femergs.com.br\/wfe\/wp-json\/wp\/v2\/posts\/1264\/revisions"}],"predecessor-version":[{"id":1546,"href":"https:\/\/femergs.com.br\/wfe\/wp-json\/wp\/v2\/posts\/1264\/revisions\/1546"}],"wp:attachment":[{"href":"https:\/\/femergs.com.br\/wfe\/wp-json\/wp\/v2\/media?parent=1264"}],"wp:term":[{"taxonomy":"category","embeddable":true,"href":"https:\/\/femergs.com.br\/wfe\/wp-json\/wp\/v2\/categories?post=1264"},{"taxonomy":"post_tag","embeddable":true,"href":"https:\/\/femergs.com.br\/wfe\/wp-json\/wp\/v2\/tags?post=1264"}],"curies":[{"name":"wp","href":"https:\/\/api.w.org\/{rel}","templated":true}]}}