{"id":1265,"date":"2020-11-20T17:51:00","date_gmt":"2020-11-20T17:51:00","guid":{"rendered":"https:\/\/femergs.com.br\/wfe\/blog\/dia-da-consciencia-negra-20-de-novembro\/"},"modified":"2025-09-02T20:00:08","modified_gmt":"2025-09-02T20:00:08","slug":"dia-da-consciencia-negra-20-de-novembro","status":"publish","type":"post","link":"https:\/\/femergs.com.br\/wfe\/blog\/dia-da-consciencia-negra-20-de-novembro\/","title":{"rendered":"DIA DA CONSCI\u00caNCIA NEGRA &#8211; 20 DE NOVEMBRO"},"content":{"rendered":"<div style=\"text-align:justify\">Hoje dia da consci\u00eancia negra, t\u00e3o exaltado por alguns, t\u00e3o criticado por outros. E como estamos n\u00f3s, lideran\u00e7as sindicais? Sim, se faz necess\u00e1ria esta reflex\u00e3o pois sindicato surgiu e sempre esteve presente em todas as lutas das MINORIAS OPRIMIDAS, sejam elas minorias sexuais, raciais ou trabalhistas, de g\u00eanero, etc.<br \/>\nE atentem MINORIA aqui n\u00e3o significa de menor n\u00famero. Mas sim quem de alguma forma \u00e9 explorado ou menosprezado por quem de alguma forma tem poder, e por isso est\u00e1 no topo. Por isso sindicatos normalmente tem departamentos racial, de g\u00eanero, de necessidades especiais, de mulheres e outros tantos.<\/p>\n<p>Nossa reflex\u00e3o deve sim come\u00e7ar com a seguinte pergunta, como podemos ser sempre em grande n\u00famero, mas na hora de direitos e benef\u00edcios somos subjugados por uma minoria autorit\u00e1ria, preconceituosa e exploradora?<\/p>\n<p>Podemos fazer esta reflex\u00e3o com uma auto an\u00e1lise bem simples, temos determina\u00e7\u00e3o para a luta, se assim n\u00e3o fosse, j\u00e1 ter\u00edamos desistido dela, mas temos a no\u00e7\u00e3o de que s\u00f3 determina\u00e7\u00e3o n\u00e3o nos serve, precisamos ampliar este modo de ser, em determina\u00e7\u00e3o com conhecimento e entendimento de que as minorias precisam de defesa, e precisam acima de tudo que a nossa determina\u00e7\u00e3o venha daquele determinismo sustentado pela lei que diz que tudo o que existe no universo \u00e9 governado per leis causais, ou seja at\u00e9 as a\u00e7\u00f5es humanas s\u00e3o causalmente determinadas, sim pois todo evento \u00e9 precedido por uma causa anterior. O sentimento de liberdade, que podemos agir de forma diferente \u00e9 um tanto ilus\u00f3rio, o que explica que algumas pessoas passam por eventos parecidos e reagem de formas diferentes, algo houve de diferente l\u00e1 no que causou a rea\u00e7\u00e3o. E isto se aplica EM REGRA GERAL, sempre havendo exce\u00e7\u00f5es a todos n\u00f3s.<\/p>\n<p>A causa para nossas atitudes instant\u00e2neas, \u00e9 const\u00e2ncia em nosso presente, j\u00e1 aquelas enraizadas em nosso eu, s\u00e3o de s\u00e9culos atr\u00e1s, e que continuam de alguma forma presente, pois nunca foram erguidas verdadeiramente a tona, discutidas, exploradas resgatadas de forma curativa para a\u00ed sim, serem colocadas no arm\u00e1rio da mem\u00f3ria. Nosso pa\u00eds n\u00e3o tem, sob a falsa alega\u00e7\u00e3o, de sermos uma na\u00e7\u00e3o crist\u00e3 e extremamente religiosa, a pr\u00e1tica de sentir nossas dores. N\u00e3o fizemos isso com o exterm\u00ednio dos ind\u00edgenas, n\u00e3o buscamos ler os relat\u00f3rios dispon\u00edveis sobre estes assuntos, pois s\u00e3o TRISTES, \u00e9 melhor esquecer, fizemos isso com os negros, libertos e jogados na mis\u00e9ria, fizemos isso com os Lanceiros Negros mortos por trai\u00e7\u00e3o, e eles n\u00e3o tem nem uma rua aqui na minha regi\u00e3o com seu nome, mas o traidor David Canabarro, este tem. N\u00f3s fizemos isso com as vitimas da tortura durante o per\u00edodo militar. E o resultado desta falsa ideologia do PERD\u00c3O e ESQUECIMENTO, \u00e9 justamente o que vimos no Carrefour ontem, um homem sendo espancado at\u00e9 a morte, e uma representante das fam\u00edlias do bem e cristas, filmando como se fazem as filmagens do filme ROCK O LUTADOR, tentando pegar o melhor \u00e2ngulo.<\/p>\n<p>\u00c9 como cada vez que um ser humano passa por um morador de rua e nem olha, pois aquela dor, aquela vida j\u00e1 n\u00e3o importa. E n\u00e3o adianta recitarmos at\u00e9 cansar, \u201cum dia levaram os negros e n\u00e3o me importei, &#8230;&#8230;.JA nos levaram e n\u00f3s TAMB\u00c9M N\u00c3O NOS IMPORTAMOS.<\/p>\n<p>Sim nos levaram a aceitar uma sociedade hip\u00f3crita que faz do Black Friday, como o momento em que o trabalhador se esbalda em compras, j\u00e1 que seus baixos sal\u00e1rios n\u00e3o permitem o consumo de bens necess\u00e1rios para uma vida digna nos outros dias. Normalmente os bens que recebem desconto, j\u00e1 est\u00e3o saindo de linha, ser\u00e3o substitu\u00eddos para o \u00eaxtase de quem pode comprar o ano todo. Quando na verdade, as tr\u00eas vers\u00f5es do surgimento do nome, s\u00e3o extremamente RACISTAS, alguns dizem que Black Friday surgiu pois era na sexta que os vendedores de escravo faziam grandes promo\u00e7\u00f5es, principalmente vendendo escravos com \u201cdefeitos\u201d. E notem, estamos falando de seres humanos. Segunda vers\u00e3o diz que a pol\u00edcia dos EUA criou esta express\u00e3o por causa do burburinho de pessoas e aumento dos problemas logo depois das festas de a\u00e7\u00e3o de gra\u00e7as, pessoas que estavam atr\u00e1s das sobras de quem fez a festa. E finalmente a terceira, tem tudo a ver com o que enfrentamos hoje, quase CEM ANOS depois da primeira Black Friday, foi a express\u00e3o usada para definir os trabalhadores que INVENTAVAM doen\u00e7as para emendar a sexta-feira ao s\u00e1bado e domingo de folga.<\/p>\n<p>Ou seja, TODAS AS EXPRESS\u00d5ES, denegrindo o negro, s\u00e3o sim express\u00f5es racistas, como \u00e9 p\u00e9 sujo, rapa p\u00e9, a coisa t\u00e1 preta, e tantas outras, ai pergunto, de onde vem a express\u00e3o empregada dom\u00e9stica? Vem da necessidade que os brancos tinham de DOMESTICAR quem cuidasse da casa. E com certeza s\u00e3o express\u00f5es que todos usamos, muitas vezes sem maldade, mas, como somos seres humanos e sabemos que entre os PMs, tem PMs bom, mas tem PMs que s\u00f3 entrou l\u00e1 para poder exercer o direito de DAR PORRADA de ser truculento, como sabemos que tem religioso bom, mas tem os que entraram somente para praticarem seus atos homossexuais sob prote\u00e7\u00e3o, como sabemos que tem sindicalista que \u00e9 bom, mas tem os que deixam muito a desejar, em todos os segmentos isto ocorre, ent\u00e3o se n\u00f3s que dizemos ser contra o racismo, preconceito, se n\u00f3s nos policiar e n\u00e3o repetir mais express\u00f5es assim, n\u00e3o justificar por motivo nenhum o que ocorreu em Porto Alegre, ser\u00e1 que n\u00e3o seria mais f\u00e1cil detectar na sociedade quem continua achando que negros, \u00edndios, trabalhadores, mulheres s\u00e3o seres inferiores e que s\u00f3 servem para garantir o bem viver de uma minoria, daqueles que simplesmente falam sem pensar, sob a alega\u00e7\u00e3o, \u00e9 brincadeira, \u00e9 s\u00f3 um modo de falar?<\/p>\n<p>J\u00e1 se passaram d\u00e9cadas demais para que o ser humano amadure\u00e7a quanto esta quest\u00e3o. J\u00e1 existe tecnologia e ci\u00eancia suficiente para n\u00e3o sermos ignorantes, precisamos sim falar, sen\u00e3o continuar\u00e1 acontecendo mortes de vidas negras que importam sim. Que s\u00e3o iguais a morte de qualquer um que sofra espancamento, desnecess\u00e1rias, cru\u00e9is e in\u00fateis, como est\u00e3o sendo as mortes das mulheres, dos jovens. E continuaram existindo pessoas que acham ser a ditadura militar uma forma de educar, quando na verdade \u00e9 somente uma forma de INSTITUCIONALIZAR o que fizeram com o JOAO ALBERTO SILVEIRA FREITAS, alegando ser uma forma de educar o cidad\u00e3o. A liberdade nos permite escolher de que lado estamos, mas n\u00e3o existe como estar em dois lados ao mesmo tempo, n\u00e3o tem como esquecer o passado e fingir que nada aconteceu, nos temos sim divida com os negros, \u00edndios e trabalhadores, mulheres, homossexuais, torturados, desaparecidos, neste pa\u00eds.<\/p>\n<p>E enquanto n\u00e3o fizermos esta reflex\u00e3o, vamos continuar indo ao Carrefour como se Joao Alberto n\u00e3o tivesse existido, como se na mesma empresa n\u00e3o houvesse morrido um funcion\u00e1rio durante o trabalho e simplesmente jogaram um pano por cima do cad\u00e1ver para o atendimento continuar normalmente at\u00e9 a chegada da per\u00edcia. Este fato ocorreu na mesma empresa em SP, e nem vou falar do cachorro morto a pontap\u00e9s pela seguran\u00e7a.<\/p>\n<p>Como vamos falar em mudar o mundo para melhor se nos encaixamos no capitalismo que faz destes segmentos somente instrumento para render lucro.<\/p><\/div>\n","protected":false},"excerpt":{"rendered":"<p>Hoje dia da consci\u00eancia negra, t\u00e3o exaltado por alguns, t\u00e3o criticado por outros. E como estamos n\u00f3s, lideran\u00e7as sindicais? Sim, se faz necess\u00e1ria esta reflex\u00e3o pois sindicato surgiu e sempre esteve presente em todas as lutas das MINORIAS OPRIMIDAS, sejam elas minorias sexuais, raciais ou trabalhistas, de g\u00eanero, etc. E atentem MINORIA aqui n\u00e3o significa [&hellip;]<\/p>\n","protected":false},"author":1,"featured_media":0,"comment_status":"closed","ping_status":"closed","sticky":false,"template":"","format":"standard","meta":{"_eb_attr":"","_uag_custom_page_level_css":"","fifu_image_url":"","fifu_image_alt":"","footnotes":""},"categories":[7],"tags":[32],"class_list":["post-1265","post","type-post","status-publish","format-standard","hentry","category-noticias","tag-null"],"yoast_head":"<!-- This site is optimized with the Yoast SEO plugin v27.1.1 - https:\/\/yoast.com\/product\/yoast-seo-wordpress\/ -->\n<title>DIA DA CONSCI\u00caNCIA NEGRA - 20 DE NOVEMBRO - Federa\u00e7\u00e3o dos Municip\u00e1rios do Estado do Rio Grande do Sul<\/title>\n<meta name=\"robots\" content=\"index, follow, max-snippet:-1, max-image-preview:large, max-video-preview:-1\" \/>\n<link rel=\"canonical\" href=\"https:\/\/femergs.com.br\/wfe\/blog\/dia-da-consciencia-negra-20-de-novembro\/\" \/>\n<meta property=\"og:locale\" content=\"pt_BR\" \/>\n<meta property=\"og:type\" content=\"article\" \/>\n<meta property=\"og:title\" content=\"DIA DA CONSCI\u00caNCIA NEGRA - 20 DE NOVEMBRO - Federa\u00e7\u00e3o dos Municip\u00e1rios do Estado do Rio Grande do Sul\" \/>\n<meta property=\"og:description\" content=\"Hoje dia da consci\u00eancia negra, t\u00e3o exaltado por alguns, t\u00e3o criticado por outros. E como estamos n\u00f3s, lideran\u00e7as sindicais? Sim, se faz necess\u00e1ria esta reflex\u00e3o pois sindicato surgiu e sempre esteve presente em todas as lutas das MINORIAS OPRIMIDAS, sejam elas minorias sexuais, raciais ou trabalhistas, de g\u00eanero, etc. E atentem MINORIA aqui n\u00e3o significa [&hellip;]\" \/>\n<meta property=\"og:url\" content=\"https:\/\/femergs.com.br\/wfe\/blog\/dia-da-consciencia-negra-20-de-novembro\/\" \/>\n<meta property=\"og:site_name\" content=\"Federa\u00e7\u00e3o dos Municip\u00e1rios do Estado do Rio Grande do Sul\" \/>\n<meta property=\"article:publisher\" content=\"https:\/\/www.facebook.com\/profile.php?id=100057151733001\" \/>\n<meta property=\"article:published_time\" content=\"2020-11-20T17:51:00+00:00\" \/>\n<meta property=\"article:modified_time\" content=\"2025-09-02T20:00:08+00:00\" \/>\n<meta name=\"author\" content=\"adminfemergs\" \/>\n<meta name=\"twitter:card\" content=\"summary_large_image\" \/>\n<meta name=\"twitter:label1\" content=\"Escrito por\" \/>\n\t<meta name=\"twitter:data1\" content=\"adminfemergs\" \/>\n\t<meta name=\"twitter:label2\" content=\"Est. tempo de leitura\" \/>\n\t<meta name=\"twitter:data2\" content=\"6 minutos\" \/>\n<script type=\"application\/ld+json\" class=\"yoast-schema-graph\">{\"@context\":\"https:\/\/schema.org\",\"@graph\":[{\"@type\":\"Article\",\"@id\":\"https:\/\/femergs.com.br\/wfe\/blog\/dia-da-consciencia-negra-20-de-novembro\/#article\",\"isPartOf\":{\"@id\":\"https:\/\/femergs.com.br\/wfe\/blog\/dia-da-consciencia-negra-20-de-novembro\/\"},\"author\":{\"name\":\"adminfemergs\",\"@id\":\"https:\/\/femergs.com.br\/wfe\/#\/schema\/person\/f5558e6b5ffc044ee085016237dedb7f\"},\"headline\":\"DIA DA CONSCI\u00caNCIA NEGRA &#8211; 20 DE NOVEMBRO\",\"datePublished\":\"2020-11-20T17:51:00+00:00\",\"dateModified\":\"2025-09-02T20:00:08+00:00\",\"mainEntityOfPage\":{\"@id\":\"https:\/\/femergs.com.br\/wfe\/blog\/dia-da-consciencia-negra-20-de-novembro\/\"},\"wordCount\":1294,\"publisher\":{\"@id\":\"https:\/\/femergs.com.br\/wfe\/#organization\"},\"keywords\":[\"NULL\"],\"articleSection\":[\"Not\u00edcias Gerais\"],\"inLanguage\":\"pt-BR\"},{\"@type\":\"WebPage\",\"@id\":\"https:\/\/femergs.com.br\/wfe\/blog\/dia-da-consciencia-negra-20-de-novembro\/\",\"url\":\"https:\/\/femergs.com.br\/wfe\/blog\/dia-da-consciencia-negra-20-de-novembro\/\",\"name\":\"DIA DA CONSCI\u00caNCIA NEGRA - 20 DE NOVEMBRO - Federa\u00e7\u00e3o dos Municip\u00e1rios do Estado do Rio Grande do Sul\",\"isPartOf\":{\"@id\":\"https:\/\/femergs.com.br\/wfe\/#website\"},\"datePublished\":\"2020-11-20T17:51:00+00:00\",\"dateModified\":\"2025-09-02T20:00:08+00:00\",\"breadcrumb\":{\"@id\":\"https:\/\/femergs.com.br\/wfe\/blog\/dia-da-consciencia-negra-20-de-novembro\/#breadcrumb\"},\"inLanguage\":\"pt-BR\",\"potentialAction\":[{\"@type\":\"ReadAction\",\"target\":[\"https:\/\/femergs.com.br\/wfe\/blog\/dia-da-consciencia-negra-20-de-novembro\/\"]}]},{\"@type\":\"BreadcrumbList\",\"@id\":\"https:\/\/femergs.com.br\/wfe\/blog\/dia-da-consciencia-negra-20-de-novembro\/#breadcrumb\",\"itemListElement\":[{\"@type\":\"ListItem\",\"position\":1,\"name\":\"In\u00edcio\",\"item\":\"https:\/\/femergs.com.br\/wfe\/\"},{\"@type\":\"ListItem\",\"position\":2,\"name\":\"DIA DA CONSCI\u00caNCIA NEGRA &#8211; 20 DE NOVEMBRO\"}]},{\"@type\":\"WebSite\",\"@id\":\"https:\/\/femergs.com.br\/wfe\/#website\",\"url\":\"https:\/\/femergs.com.br\/wfe\/\",\"name\":\"FEMERGS\",\"description\":\"FEDERA\u00c7\u00c3O DOS MUNICIP\u00c1RIOS DO ESTADO DO RIO GRANDE DO SUL\",\"publisher\":{\"@id\":\"https:\/\/femergs.com.br\/wfe\/#organization\"},\"potentialAction\":[{\"@type\":\"SearchAction\",\"target\":{\"@type\":\"EntryPoint\",\"urlTemplate\":\"https:\/\/femergs.com.br\/wfe\/?s={search_term_string}\"},\"query-input\":{\"@type\":\"PropertyValueSpecification\",\"valueRequired\":true,\"valueName\":\"search_term_string\"}}],\"inLanguage\":\"pt-BR\"},{\"@type\":\"Organization\",\"@id\":\"https:\/\/femergs.com.br\/wfe\/#organization\",\"name\":\"FEMERGS\",\"url\":\"https:\/\/femergs.com.br\/wfe\/\",\"logo\":{\"@type\":\"ImageObject\",\"inLanguage\":\"pt-BR\",\"@id\":\"https:\/\/femergs.com.br\/wfe\/#\/schema\/logo\/image\/\",\"url\":\"https:\/\/femergs.com.br\/wfe\/wp-content\/uploads\/2025\/06\/logotipo.png\",\"contentUrl\":\"https:\/\/femergs.com.br\/wfe\/wp-content\/uploads\/2025\/06\/logotipo.png\",\"width\":500,\"height\":500,\"caption\":\"FEMERGS\"},\"image\":{\"@id\":\"https:\/\/femergs.com.br\/wfe\/#\/schema\/logo\/image\/\"},\"sameAs\":[\"https:\/\/www.facebook.com\/profile.php?id=100057151733001\",\"https:\/\/www.instagram.com\/femergs_rs\/\"]},{\"@type\":\"Person\",\"@id\":\"https:\/\/femergs.com.br\/wfe\/#\/schema\/person\/f5558e6b5ffc044ee085016237dedb7f\",\"name\":\"adminfemergs\",\"image\":{\"@type\":\"ImageObject\",\"inLanguage\":\"pt-BR\",\"@id\":\"https:\/\/femergs.com.br\/wfe\/#\/schema\/person\/image\/\",\"url\":\"https:\/\/secure.gravatar.com\/avatar\/398642fa557cdd524617ad9b31c938845f071aeb3448b9c0aeb29aefc495337b?s=96&d=mm&r=g\",\"contentUrl\":\"https:\/\/secure.gravatar.com\/avatar\/398642fa557cdd524617ad9b31c938845f071aeb3448b9c0aeb29aefc495337b?s=96&d=mm&r=g\",\"caption\":\"adminfemergs\"},\"sameAs\":[\"https:\/\/femergs.com.br\/wfe\"],\"url\":\"https:\/\/femergs.com.br\/wfe\/blog\/author\/adminfemergs\/\"}]}<\/script>\n<!-- \/ Yoast SEO plugin. -->","yoast_head_json":{"title":"DIA DA CONSCI\u00caNCIA NEGRA - 20 DE NOVEMBRO - Federa\u00e7\u00e3o dos Municip\u00e1rios do Estado do Rio Grande do Sul","robots":{"index":"index","follow":"follow","max-snippet":"max-snippet:-1","max-image-preview":"max-image-preview:large","max-video-preview":"max-video-preview:-1"},"canonical":"https:\/\/femergs.com.br\/wfe\/blog\/dia-da-consciencia-negra-20-de-novembro\/","og_locale":"pt_BR","og_type":"article","og_title":"DIA DA CONSCI\u00caNCIA NEGRA - 20 DE NOVEMBRO - Federa\u00e7\u00e3o dos Municip\u00e1rios do Estado do Rio Grande do Sul","og_description":"Hoje dia da consci\u00eancia negra, t\u00e3o exaltado por alguns, t\u00e3o criticado por outros. E como estamos n\u00f3s, lideran\u00e7as sindicais? Sim, se faz necess\u00e1ria esta reflex\u00e3o pois sindicato surgiu e sempre esteve presente em todas as lutas das MINORIAS OPRIMIDAS, sejam elas minorias sexuais, raciais ou trabalhistas, de g\u00eanero, etc. E atentem MINORIA aqui n\u00e3o significa [&hellip;]","og_url":"https:\/\/femergs.com.br\/wfe\/blog\/dia-da-consciencia-negra-20-de-novembro\/","og_site_name":"Federa\u00e7\u00e3o dos Municip\u00e1rios do Estado do Rio Grande do Sul","article_publisher":"https:\/\/www.facebook.com\/profile.php?id=100057151733001","article_published_time":"2020-11-20T17:51:00+00:00","article_modified_time":"2025-09-02T20:00:08+00:00","author":"adminfemergs","twitter_card":"summary_large_image","twitter_misc":{"Escrito por":"adminfemergs","Est. tempo de leitura":"6 minutos"},"schema":{"@context":"https:\/\/schema.org","@graph":[{"@type":"Article","@id":"https:\/\/femergs.com.br\/wfe\/blog\/dia-da-consciencia-negra-20-de-novembro\/#article","isPartOf":{"@id":"https:\/\/femergs.com.br\/wfe\/blog\/dia-da-consciencia-negra-20-de-novembro\/"},"author":{"name":"adminfemergs","@id":"https:\/\/femergs.com.br\/wfe\/#\/schema\/person\/f5558e6b5ffc044ee085016237dedb7f"},"headline":"DIA DA CONSCI\u00caNCIA NEGRA &#8211; 20 DE NOVEMBRO","datePublished":"2020-11-20T17:51:00+00:00","dateModified":"2025-09-02T20:00:08+00:00","mainEntityOfPage":{"@id":"https:\/\/femergs.com.br\/wfe\/blog\/dia-da-consciencia-negra-20-de-novembro\/"},"wordCount":1294,"publisher":{"@id":"https:\/\/femergs.com.br\/wfe\/#organization"},"keywords":["NULL"],"articleSection":["Not\u00edcias Gerais"],"inLanguage":"pt-BR"},{"@type":"WebPage","@id":"https:\/\/femergs.com.br\/wfe\/blog\/dia-da-consciencia-negra-20-de-novembro\/","url":"https:\/\/femergs.com.br\/wfe\/blog\/dia-da-consciencia-negra-20-de-novembro\/","name":"DIA DA CONSCI\u00caNCIA NEGRA - 20 DE NOVEMBRO - Federa\u00e7\u00e3o dos Municip\u00e1rios do Estado do Rio Grande do Sul","isPartOf":{"@id":"https:\/\/femergs.com.br\/wfe\/#website"},"datePublished":"2020-11-20T17:51:00+00:00","dateModified":"2025-09-02T20:00:08+00:00","breadcrumb":{"@id":"https:\/\/femergs.com.br\/wfe\/blog\/dia-da-consciencia-negra-20-de-novembro\/#breadcrumb"},"inLanguage":"pt-BR","potentialAction":[{"@type":"ReadAction","target":["https:\/\/femergs.com.br\/wfe\/blog\/dia-da-consciencia-negra-20-de-novembro\/"]}]},{"@type":"BreadcrumbList","@id":"https:\/\/femergs.com.br\/wfe\/blog\/dia-da-consciencia-negra-20-de-novembro\/#breadcrumb","itemListElement":[{"@type":"ListItem","position":1,"name":"In\u00edcio","item":"https:\/\/femergs.com.br\/wfe\/"},{"@type":"ListItem","position":2,"name":"DIA DA CONSCI\u00caNCIA NEGRA &#8211; 20 DE NOVEMBRO"}]},{"@type":"WebSite","@id":"https:\/\/femergs.com.br\/wfe\/#website","url":"https:\/\/femergs.com.br\/wfe\/","name":"FEMERGS","description":"FEDERA\u00c7\u00c3O DOS MUNICIP\u00c1RIOS DO ESTADO DO RIO GRANDE DO SUL","publisher":{"@id":"https:\/\/femergs.com.br\/wfe\/#organization"},"potentialAction":[{"@type":"SearchAction","target":{"@type":"EntryPoint","urlTemplate":"https:\/\/femergs.com.br\/wfe\/?s={search_term_string}"},"query-input":{"@type":"PropertyValueSpecification","valueRequired":true,"valueName":"search_term_string"}}],"inLanguage":"pt-BR"},{"@type":"Organization","@id":"https:\/\/femergs.com.br\/wfe\/#organization","name":"FEMERGS","url":"https:\/\/femergs.com.br\/wfe\/","logo":{"@type":"ImageObject","inLanguage":"pt-BR","@id":"https:\/\/femergs.com.br\/wfe\/#\/schema\/logo\/image\/","url":"https:\/\/femergs.com.br\/wfe\/wp-content\/uploads\/2025\/06\/logotipo.png","contentUrl":"https:\/\/femergs.com.br\/wfe\/wp-content\/uploads\/2025\/06\/logotipo.png","width":500,"height":500,"caption":"FEMERGS"},"image":{"@id":"https:\/\/femergs.com.br\/wfe\/#\/schema\/logo\/image\/"},"sameAs":["https:\/\/www.facebook.com\/profile.php?id=100057151733001","https:\/\/www.instagram.com\/femergs_rs\/"]},{"@type":"Person","@id":"https:\/\/femergs.com.br\/wfe\/#\/schema\/person\/f5558e6b5ffc044ee085016237dedb7f","name":"adminfemergs","image":{"@type":"ImageObject","inLanguage":"pt-BR","@id":"https:\/\/femergs.com.br\/wfe\/#\/schema\/person\/image\/","url":"https:\/\/secure.gravatar.com\/avatar\/398642fa557cdd524617ad9b31c938845f071aeb3448b9c0aeb29aefc495337b?s=96&d=mm&r=g","contentUrl":"https:\/\/secure.gravatar.com\/avatar\/398642fa557cdd524617ad9b31c938845f071aeb3448b9c0aeb29aefc495337b?s=96&d=mm&r=g","caption":"adminfemergs"},"sameAs":["https:\/\/femergs.com.br\/wfe"],"url":"https:\/\/femergs.com.br\/wfe\/blog\/author\/adminfemergs\/"}]}},"uagb_featured_image_src":{"full":false,"thumbnail":false,"medium":false,"medium_large":false,"large":false,"1536x1536":false,"2048x2048":false,"ultp_layout_landscape_large":false,"ultp_layout_landscape":false,"ultp_layout_portrait":false,"ultp_layout_square":false},"uagb_author_info":{"display_name":"adminfemergs","author_link":"https:\/\/femergs.com.br\/wfe\/blog\/author\/adminfemergs\/"},"uagb_comment_info":0,"uagb_excerpt":"Hoje dia da consci\u00eancia negra, t\u00e3o exaltado por alguns, t\u00e3o criticado por outros. E como estamos n\u00f3s, lideran\u00e7as sindicais? Sim, se faz necess\u00e1ria esta reflex\u00e3o pois sindicato surgiu e sempre esteve presente em todas as lutas das MINORIAS OPRIMIDAS, sejam elas minorias sexuais, raciais ou trabalhistas, de g\u00eanero, etc. E atentem MINORIA aqui n\u00e3o significa&hellip;","_links":{"self":[{"href":"https:\/\/femergs.com.br\/wfe\/wp-json\/wp\/v2\/posts\/1265","targetHints":{"allow":["GET"]}}],"collection":[{"href":"https:\/\/femergs.com.br\/wfe\/wp-json\/wp\/v2\/posts"}],"about":[{"href":"https:\/\/femergs.com.br\/wfe\/wp-json\/wp\/v2\/types\/post"}],"author":[{"embeddable":true,"href":"https:\/\/femergs.com.br\/wfe\/wp-json\/wp\/v2\/users\/1"}],"replies":[{"embeddable":true,"href":"https:\/\/femergs.com.br\/wfe\/wp-json\/wp\/v2\/comments?post=1265"}],"version-history":[{"count":1,"href":"https:\/\/femergs.com.br\/wfe\/wp-json\/wp\/v2\/posts\/1265\/revisions"}],"predecessor-version":[{"id":1545,"href":"https:\/\/femergs.com.br\/wfe\/wp-json\/wp\/v2\/posts\/1265\/revisions\/1545"}],"wp:attachment":[{"href":"https:\/\/femergs.com.br\/wfe\/wp-json\/wp\/v2\/media?parent=1265"}],"wp:term":[{"taxonomy":"category","embeddable":true,"href":"https:\/\/femergs.com.br\/wfe\/wp-json\/wp\/v2\/categories?post=1265"},{"taxonomy":"post_tag","embeddable":true,"href":"https:\/\/femergs.com.br\/wfe\/wp-json\/wp\/v2\/tags?post=1265"}],"curies":[{"name":"wp","href":"https:\/\/api.w.org\/{rel}","templated":true}]}}