{"id":1271,"date":"2021-03-04T10:29:09","date_gmt":"2021-03-04T10:29:09","guid":{"rendered":"https:\/\/femergs.com.br\/wfe\/blog\/dia-internacional-da-mulher-8-de-marco-de-2021\/"},"modified":"2025-09-02T20:00:08","modified_gmt":"2025-09-02T20:00:08","slug":"dia-internacional-da-mulher-8-de-marco-de-2021","status":"publish","type":"post","link":"https:\/\/femergs.com.br\/wfe\/blog\/dia-internacional-da-mulher-8-de-marco-de-2021\/","title":{"rendered":"Dia Internacional da Mulher &#8211;  8 de Mar\u00e7o de 2021"},"content":{"rendered":"<p><span style=\"color:#000000\">O Dia Internacional da Mulher ou Dia da Mulher \u00e9 comemorado anualmente em 8 de mar\u00e7o, e n\u00e3o \u00e9 considerado um feriado nacional.<\/p>\n<p>Trata-se de uma celebra\u00e7\u00e3o de conquistas sociais, pol\u00edticas e econ\u00f4micas das mulheres ao longo dos anos, sendo adotado pela Organiza\u00e7\u00e3o das Na\u00e7\u00f5es Unidas e, consequentemente, por diversos pa\u00edses.<\/p>\n<p><u><strong>Hist\u00f3ria e Origem do Dia Internacional da Mulher<\/strong><\/u><\/p>\n<p>A luta das mulheres por melhores condi\u00e7\u00f5es de vida e trabalho come\u00e7ou a partir do final do s\u00e9culo XIX, principalmente na Europa e nos Estados Unidos.<\/p>\n<p>As jornadas de trabalho de 15 horas di\u00e1rias, os baixos sal\u00e1rios e a discrimina\u00e7\u00e3o de g\u00eanero eram alguns dos pontos que eram debatidos pelas manifestantes da \u00e9poca.<\/p>\n<p>De acordo com registros hist\u00f3ricos, o primeiro Dia da Mulher foi celebrado nos Estados Unidos em maio de 1908, onde mais de 1.500 mulheres se uniram em prol da igualdade pol\u00edtica e econ\u00f4mica no pa\u00eds.<\/p>\n<p>Em agosto de 1910, a jornalista e pol\u00edtica feminista Clara Zetkin prop\u00f4s a realiza\u00e7\u00e3o anual de uma jornada pela igualdade de direitos das mulheres, sem uma data espec\u00edfica.<\/p>\n<p>V\u00e1rios acontecimentos levaram \u00e0 cria\u00e7\u00e3o de um dia especial para as mulheres. Um deles foi o inc\u00eandio numa f\u00e1brica de camisas em Nova York, ocorrido em 25 de mar\u00e7o de 1911, que mataria 146 pessoas, dessas quais 129 mulheres. O n\u00famero de v\u00edtimas se explica pelas p\u00e9ssimas condi\u00e7\u00f5es de trabalho e porque uma porta estava fechada para impedir a fuga das trabalhadoras.<\/p>\n<p>Na d\u00e9cada de 60, na sequ\u00eancia de not\u00edcias publicadas em jornais alem\u00e3es e franceses foi criado o mito de uma suposta greve que teria ocorrido em 8 de mar\u00e7o de 1857, em Nova York. Mas, na verdade, essa greve n\u00e3o aconteceu.<\/p>\n<p>O verdadeiro 8 de mar\u00e7o surgiu com as manifesta\u00e7\u00f5es das mulheres russas por melhores condi\u00e7\u00f5es de vida e trabalho, o que aconteceu em 8 de mar\u00e7o de 1917, ou seja, durante a Primeira Guerra Mundial.<\/p>\n<p>A manifesta\u00e7\u00e3o, que contou com mais de 90 mil russas, ficou conhecida como &#8220;P\u00e3o e Paz&#8221;, sendo este o marco oficial para a escolha do Dia Internacional da Mulher no 8 de mar\u00e7o, data que somente foi oficializada em 1921.<\/p>\n<p>Ap\u00f3s este conflito, e com as transforma\u00e7\u00f5es trazidas com a Segunda Revolu\u00e7\u00e3o Industrial, as f\u00e1bricas incorporaram as mulheres como m\u00e3o de obra barata. No entanto, devido \u00e0s condi\u00e7\u00f5es insalubres de trabalho, os protestos eram frequentes.<\/p>\n<p>Tamb\u00e9m nas primeiras d\u00e9cadas do s\u00e9culo, as mulheres come\u00e7am a lutar pelo direito ao voto e \u00e0 participa\u00e7\u00e3o pol\u00edtica.<\/p>\n<p>Apesar disso, por muito tempo, a data foi esquecida e acabou sendo recuperada somente com o movimento feminista nos anos 60. A Organiza\u00e7\u00e3o das Na\u00e7\u00f5es Unidas, por exemplo, somente reconheceu o Dia Internacional da Mulher em 1975.<\/p>\n<p>Atualmente, al\u00e9m do car\u00e1ter festivo e comemorativo, o Dia Internacional da Mulher ainda continua servindo como conscientiza\u00e7\u00e3o para evitar as desigualdades de g\u00eanero em todas as sociedades.<\/span><\/p>\n<div style=\"text-align:justify\"><span style=\"color:#000000\">Neste ano at\u00edpico em que estamos passando, devido a pandemia causada pela Covid 19, n\u00e3o pod\u00edamos deixar de homenagear as mulheres no Dia Internacional na Mulher. Um ano em que as profissionais da sa\u00fade se desdobram no trabalho, com os devidos cuidados para n\u00e3o levar o v\u00edrus para os filhos, esposo, pais, irm\u00e3os, namorados, av\u00f3s, que ficam em casa tomando todos os cuidados. S\u00e3o m\u00e3es, professoras, que neste ano por ser um ano at\u00edpico, trabalharam muito mais em casa atrav\u00e9s de aulas on-line, mesmo n\u00e3o sendo reconhecidas por muitos. Todas as que trabalham fora, seja qual for a sua profiss\u00e3o, est\u00e1 correndo risco e precisa tomar todo o cuidado para n\u00e3o levar o v\u00edrus para casa. Estamos vivendo o pior momento da pandemia, sem vagas nas UTIs, mesmo assim as pessoas insistem em fazer aglomera\u00e7\u00f5es, n\u00e3o tendo responsabilidade, nem se preocupando com os familiares, idosos e crian\u00e7as que est\u00e3o em casa.<\/p>\n<p>Parab\u00e9ns a todas essas mulheres guerreiras.<\/span><\/div>\n<p>\n<span style=\"color:#000000\">Em nome da Secretaria da Mulher da FEMERGS, queremos homenagear todas as Mulheres, pelo Dia Internacional da Mulher!<\/p>\n<p>Angela Maria R\u00e9gio Marques<br \/>\nSecretaria da Mulher \u2013 FEMERGS<br \/>\nMar\u00e7o\/2021<\/span><\/p>\n","protected":false},"excerpt":{"rendered":"<p>O Dia Internacional da Mulher ou Dia da Mulher \u00e9 comemorado anualmente em 8 de mar\u00e7o, e n\u00e3o \u00e9 considerado um feriado nacional. Trata-se de uma celebra\u00e7\u00e3o de conquistas sociais, pol\u00edticas e econ\u00f4micas das mulheres ao longo dos anos, sendo adotado pela Organiza\u00e7\u00e3o das Na\u00e7\u00f5es Unidas e, consequentemente, por diversos pa\u00edses. Hist\u00f3ria e Origem do [&hellip;]<\/p>\n","protected":false},"author":1,"featured_media":0,"comment_status":"closed","ping_status":"closed","sticky":false,"template":"","format":"standard","meta":{"_eb_attr":"","_uag_custom_page_level_css":"","fifu_image_url":"","fifu_image_alt":"","footnotes":""},"categories":[7],"tags":[32],"class_list":["post-1271","post","type-post","status-publish","format-standard","hentry","category-noticias","tag-null"],"yoast_head":"<!-- This site is optimized with the Yoast SEO plugin v27.1.1 - https:\/\/yoast.com\/product\/yoast-seo-wordpress\/ -->\n<title>Dia Internacional da Mulher - 8 de Mar\u00e7o de 2021 - Federa\u00e7\u00e3o dos Municip\u00e1rios do Estado do Rio Grande do Sul<\/title>\n<meta name=\"robots\" content=\"index, follow, max-snippet:-1, max-image-preview:large, max-video-preview:-1\" \/>\n<link rel=\"canonical\" href=\"https:\/\/femergs.com.br\/wfe\/blog\/dia-internacional-da-mulher-8-de-marco-de-2021\/\" \/>\n<meta property=\"og:locale\" content=\"pt_BR\" \/>\n<meta property=\"og:type\" content=\"article\" \/>\n<meta property=\"og:title\" content=\"Dia Internacional da Mulher - 8 de Mar\u00e7o de 2021 - Federa\u00e7\u00e3o dos Municip\u00e1rios do Estado do Rio Grande do Sul\" \/>\n<meta property=\"og:description\" content=\"O Dia Internacional da Mulher ou Dia da Mulher \u00e9 comemorado anualmente em 8 de mar\u00e7o, e n\u00e3o \u00e9 considerado um feriado nacional. Trata-se de uma celebra\u00e7\u00e3o de conquistas sociais, pol\u00edticas e econ\u00f4micas das mulheres ao longo dos anos, sendo adotado pela Organiza\u00e7\u00e3o das Na\u00e7\u00f5es Unidas e, consequentemente, por diversos pa\u00edses. Hist\u00f3ria e Origem do [&hellip;]\" \/>\n<meta property=\"og:url\" content=\"https:\/\/femergs.com.br\/wfe\/blog\/dia-internacional-da-mulher-8-de-marco-de-2021\/\" \/>\n<meta property=\"og:site_name\" content=\"Federa\u00e7\u00e3o dos Municip\u00e1rios do Estado do Rio Grande do Sul\" \/>\n<meta property=\"article:publisher\" content=\"https:\/\/www.facebook.com\/profile.php?id=100057151733001\" \/>\n<meta property=\"article:published_time\" content=\"2021-03-04T10:29:09+00:00\" \/>\n<meta property=\"article:modified_time\" content=\"2025-09-02T20:00:08+00:00\" \/>\n<meta name=\"author\" content=\"adminfemergs\" \/>\n<meta name=\"twitter:card\" content=\"summary_large_image\" \/>\n<meta name=\"twitter:label1\" content=\"Escrito por\" \/>\n\t<meta name=\"twitter:data1\" content=\"adminfemergs\" \/>\n\t<meta name=\"twitter:label2\" content=\"Est. tempo de leitura\" \/>\n\t<meta name=\"twitter:data2\" content=\"4 minutos\" \/>\n<script type=\"application\/ld+json\" class=\"yoast-schema-graph\">{\"@context\":\"https:\/\/schema.org\",\"@graph\":[{\"@type\":\"Article\",\"@id\":\"https:\/\/femergs.com.br\/wfe\/blog\/dia-internacional-da-mulher-8-de-marco-de-2021\/#article\",\"isPartOf\":{\"@id\":\"https:\/\/femergs.com.br\/wfe\/blog\/dia-internacional-da-mulher-8-de-marco-de-2021\/\"},\"author\":{\"name\":\"adminfemergs\",\"@id\":\"https:\/\/femergs.com.br\/wfe\/#\/schema\/person\/f5558e6b5ffc044ee085016237dedb7f\"},\"headline\":\"Dia Internacional da Mulher &#8211; 8 de Mar\u00e7o de 2021\",\"datePublished\":\"2021-03-04T10:29:09+00:00\",\"dateModified\":\"2025-09-02T20:00:08+00:00\",\"mainEntityOfPage\":{\"@id\":\"https:\/\/femergs.com.br\/wfe\/blog\/dia-internacional-da-mulher-8-de-marco-de-2021\/\"},\"wordCount\":726,\"publisher\":{\"@id\":\"https:\/\/femergs.com.br\/wfe\/#organization\"},\"keywords\":[\"NULL\"],\"articleSection\":[\"Not\u00edcias Gerais\"],\"inLanguage\":\"pt-BR\"},{\"@type\":\"WebPage\",\"@id\":\"https:\/\/femergs.com.br\/wfe\/blog\/dia-internacional-da-mulher-8-de-marco-de-2021\/\",\"url\":\"https:\/\/femergs.com.br\/wfe\/blog\/dia-internacional-da-mulher-8-de-marco-de-2021\/\",\"name\":\"Dia Internacional da Mulher - 8 de Mar\u00e7o de 2021 - Federa\u00e7\u00e3o dos Municip\u00e1rios do Estado do Rio Grande do Sul\",\"isPartOf\":{\"@id\":\"https:\/\/femergs.com.br\/wfe\/#website\"},\"datePublished\":\"2021-03-04T10:29:09+00:00\",\"dateModified\":\"2025-09-02T20:00:08+00:00\",\"breadcrumb\":{\"@id\":\"https:\/\/femergs.com.br\/wfe\/blog\/dia-internacional-da-mulher-8-de-marco-de-2021\/#breadcrumb\"},\"inLanguage\":\"pt-BR\",\"potentialAction\":[{\"@type\":\"ReadAction\",\"target\":[\"https:\/\/femergs.com.br\/wfe\/blog\/dia-internacional-da-mulher-8-de-marco-de-2021\/\"]}]},{\"@type\":\"BreadcrumbList\",\"@id\":\"https:\/\/femergs.com.br\/wfe\/blog\/dia-internacional-da-mulher-8-de-marco-de-2021\/#breadcrumb\",\"itemListElement\":[{\"@type\":\"ListItem\",\"position\":1,\"name\":\"In\u00edcio\",\"item\":\"https:\/\/femergs.com.br\/wfe\/\"},{\"@type\":\"ListItem\",\"position\":2,\"name\":\"Dia Internacional da Mulher &#8211; 8 de Mar\u00e7o de 2021\"}]},{\"@type\":\"WebSite\",\"@id\":\"https:\/\/femergs.com.br\/wfe\/#website\",\"url\":\"https:\/\/femergs.com.br\/wfe\/\",\"name\":\"FEMERGS\",\"description\":\"FEDERA\u00c7\u00c3O DOS MUNICIP\u00c1RIOS DO ESTADO DO RIO GRANDE DO SUL\",\"publisher\":{\"@id\":\"https:\/\/femergs.com.br\/wfe\/#organization\"},\"potentialAction\":[{\"@type\":\"SearchAction\",\"target\":{\"@type\":\"EntryPoint\",\"urlTemplate\":\"https:\/\/femergs.com.br\/wfe\/?s={search_term_string}\"},\"query-input\":{\"@type\":\"PropertyValueSpecification\",\"valueRequired\":true,\"valueName\":\"search_term_string\"}}],\"inLanguage\":\"pt-BR\"},{\"@type\":\"Organization\",\"@id\":\"https:\/\/femergs.com.br\/wfe\/#organization\",\"name\":\"FEMERGS\",\"url\":\"https:\/\/femergs.com.br\/wfe\/\",\"logo\":{\"@type\":\"ImageObject\",\"inLanguage\":\"pt-BR\",\"@id\":\"https:\/\/femergs.com.br\/wfe\/#\/schema\/logo\/image\/\",\"url\":\"https:\/\/femergs.com.br\/wfe\/wp-content\/uploads\/2025\/06\/logotipo.png\",\"contentUrl\":\"https:\/\/femergs.com.br\/wfe\/wp-content\/uploads\/2025\/06\/logotipo.png\",\"width\":500,\"height\":500,\"caption\":\"FEMERGS\"},\"image\":{\"@id\":\"https:\/\/femergs.com.br\/wfe\/#\/schema\/logo\/image\/\"},\"sameAs\":[\"https:\/\/www.facebook.com\/profile.php?id=100057151733001\",\"https:\/\/www.instagram.com\/femergs_rs\/\"]},{\"@type\":\"Person\",\"@id\":\"https:\/\/femergs.com.br\/wfe\/#\/schema\/person\/f5558e6b5ffc044ee085016237dedb7f\",\"name\":\"adminfemergs\",\"image\":{\"@type\":\"ImageObject\",\"inLanguage\":\"pt-BR\",\"@id\":\"https:\/\/femergs.com.br\/wfe\/#\/schema\/person\/image\/\",\"url\":\"https:\/\/secure.gravatar.com\/avatar\/398642fa557cdd524617ad9b31c938845f071aeb3448b9c0aeb29aefc495337b?s=96&d=mm&r=g\",\"contentUrl\":\"https:\/\/secure.gravatar.com\/avatar\/398642fa557cdd524617ad9b31c938845f071aeb3448b9c0aeb29aefc495337b?s=96&d=mm&r=g\",\"caption\":\"adminfemergs\"},\"sameAs\":[\"https:\/\/femergs.com.br\/wfe\"],\"url\":\"https:\/\/femergs.com.br\/wfe\/blog\/author\/adminfemergs\/\"}]}<\/script>\n<!-- \/ Yoast SEO plugin. -->","yoast_head_json":{"title":"Dia Internacional da Mulher - 8 de Mar\u00e7o de 2021 - Federa\u00e7\u00e3o dos Municip\u00e1rios do Estado do Rio Grande do Sul","robots":{"index":"index","follow":"follow","max-snippet":"max-snippet:-1","max-image-preview":"max-image-preview:large","max-video-preview":"max-video-preview:-1"},"canonical":"https:\/\/femergs.com.br\/wfe\/blog\/dia-internacional-da-mulher-8-de-marco-de-2021\/","og_locale":"pt_BR","og_type":"article","og_title":"Dia Internacional da Mulher - 8 de Mar\u00e7o de 2021 - Federa\u00e7\u00e3o dos Municip\u00e1rios do Estado do Rio Grande do Sul","og_description":"O Dia Internacional da Mulher ou Dia da Mulher \u00e9 comemorado anualmente em 8 de mar\u00e7o, e n\u00e3o \u00e9 considerado um feriado nacional. Trata-se de uma celebra\u00e7\u00e3o de conquistas sociais, pol\u00edticas e econ\u00f4micas das mulheres ao longo dos anos, sendo adotado pela Organiza\u00e7\u00e3o das Na\u00e7\u00f5es Unidas e, consequentemente, por diversos pa\u00edses. Hist\u00f3ria e Origem do [&hellip;]","og_url":"https:\/\/femergs.com.br\/wfe\/blog\/dia-internacional-da-mulher-8-de-marco-de-2021\/","og_site_name":"Federa\u00e7\u00e3o dos Municip\u00e1rios do Estado do Rio Grande do Sul","article_publisher":"https:\/\/www.facebook.com\/profile.php?id=100057151733001","article_published_time":"2021-03-04T10:29:09+00:00","article_modified_time":"2025-09-02T20:00:08+00:00","author":"adminfemergs","twitter_card":"summary_large_image","twitter_misc":{"Escrito por":"adminfemergs","Est. tempo de leitura":"4 minutos"},"schema":{"@context":"https:\/\/schema.org","@graph":[{"@type":"Article","@id":"https:\/\/femergs.com.br\/wfe\/blog\/dia-internacional-da-mulher-8-de-marco-de-2021\/#article","isPartOf":{"@id":"https:\/\/femergs.com.br\/wfe\/blog\/dia-internacional-da-mulher-8-de-marco-de-2021\/"},"author":{"name":"adminfemergs","@id":"https:\/\/femergs.com.br\/wfe\/#\/schema\/person\/f5558e6b5ffc044ee085016237dedb7f"},"headline":"Dia Internacional da Mulher &#8211; 8 de Mar\u00e7o de 2021","datePublished":"2021-03-04T10:29:09+00:00","dateModified":"2025-09-02T20:00:08+00:00","mainEntityOfPage":{"@id":"https:\/\/femergs.com.br\/wfe\/blog\/dia-internacional-da-mulher-8-de-marco-de-2021\/"},"wordCount":726,"publisher":{"@id":"https:\/\/femergs.com.br\/wfe\/#organization"},"keywords":["NULL"],"articleSection":["Not\u00edcias Gerais"],"inLanguage":"pt-BR"},{"@type":"WebPage","@id":"https:\/\/femergs.com.br\/wfe\/blog\/dia-internacional-da-mulher-8-de-marco-de-2021\/","url":"https:\/\/femergs.com.br\/wfe\/blog\/dia-internacional-da-mulher-8-de-marco-de-2021\/","name":"Dia Internacional da Mulher - 8 de Mar\u00e7o de 2021 - Federa\u00e7\u00e3o dos Municip\u00e1rios do Estado do Rio Grande do Sul","isPartOf":{"@id":"https:\/\/femergs.com.br\/wfe\/#website"},"datePublished":"2021-03-04T10:29:09+00:00","dateModified":"2025-09-02T20:00:08+00:00","breadcrumb":{"@id":"https:\/\/femergs.com.br\/wfe\/blog\/dia-internacional-da-mulher-8-de-marco-de-2021\/#breadcrumb"},"inLanguage":"pt-BR","potentialAction":[{"@type":"ReadAction","target":["https:\/\/femergs.com.br\/wfe\/blog\/dia-internacional-da-mulher-8-de-marco-de-2021\/"]}]},{"@type":"BreadcrumbList","@id":"https:\/\/femergs.com.br\/wfe\/blog\/dia-internacional-da-mulher-8-de-marco-de-2021\/#breadcrumb","itemListElement":[{"@type":"ListItem","position":1,"name":"In\u00edcio","item":"https:\/\/femergs.com.br\/wfe\/"},{"@type":"ListItem","position":2,"name":"Dia Internacional da Mulher &#8211; 8 de Mar\u00e7o de 2021"}]},{"@type":"WebSite","@id":"https:\/\/femergs.com.br\/wfe\/#website","url":"https:\/\/femergs.com.br\/wfe\/","name":"FEMERGS","description":"FEDERA\u00c7\u00c3O DOS MUNICIP\u00c1RIOS DO ESTADO DO RIO GRANDE DO SUL","publisher":{"@id":"https:\/\/femergs.com.br\/wfe\/#organization"},"potentialAction":[{"@type":"SearchAction","target":{"@type":"EntryPoint","urlTemplate":"https:\/\/femergs.com.br\/wfe\/?s={search_term_string}"},"query-input":{"@type":"PropertyValueSpecification","valueRequired":true,"valueName":"search_term_string"}}],"inLanguage":"pt-BR"},{"@type":"Organization","@id":"https:\/\/femergs.com.br\/wfe\/#organization","name":"FEMERGS","url":"https:\/\/femergs.com.br\/wfe\/","logo":{"@type":"ImageObject","inLanguage":"pt-BR","@id":"https:\/\/femergs.com.br\/wfe\/#\/schema\/logo\/image\/","url":"https:\/\/femergs.com.br\/wfe\/wp-content\/uploads\/2025\/06\/logotipo.png","contentUrl":"https:\/\/femergs.com.br\/wfe\/wp-content\/uploads\/2025\/06\/logotipo.png","width":500,"height":500,"caption":"FEMERGS"},"image":{"@id":"https:\/\/femergs.com.br\/wfe\/#\/schema\/logo\/image\/"},"sameAs":["https:\/\/www.facebook.com\/profile.php?id=100057151733001","https:\/\/www.instagram.com\/femergs_rs\/"]},{"@type":"Person","@id":"https:\/\/femergs.com.br\/wfe\/#\/schema\/person\/f5558e6b5ffc044ee085016237dedb7f","name":"adminfemergs","image":{"@type":"ImageObject","inLanguage":"pt-BR","@id":"https:\/\/femergs.com.br\/wfe\/#\/schema\/person\/image\/","url":"https:\/\/secure.gravatar.com\/avatar\/398642fa557cdd524617ad9b31c938845f071aeb3448b9c0aeb29aefc495337b?s=96&d=mm&r=g","contentUrl":"https:\/\/secure.gravatar.com\/avatar\/398642fa557cdd524617ad9b31c938845f071aeb3448b9c0aeb29aefc495337b?s=96&d=mm&r=g","caption":"adminfemergs"},"sameAs":["https:\/\/femergs.com.br\/wfe"],"url":"https:\/\/femergs.com.br\/wfe\/blog\/author\/adminfemergs\/"}]}},"uagb_featured_image_src":{"full":false,"thumbnail":false,"medium":false,"medium_large":false,"large":false,"1536x1536":false,"2048x2048":false,"ultp_layout_landscape_large":false,"ultp_layout_landscape":false,"ultp_layout_portrait":false,"ultp_layout_square":false},"uagb_author_info":{"display_name":"adminfemergs","author_link":"https:\/\/femergs.com.br\/wfe\/blog\/author\/adminfemergs\/"},"uagb_comment_info":0,"uagb_excerpt":"O Dia Internacional da Mulher ou Dia da Mulher \u00e9 comemorado anualmente em 8 de mar\u00e7o, e n\u00e3o \u00e9 considerado um feriado nacional. Trata-se de uma celebra\u00e7\u00e3o de conquistas sociais, pol\u00edticas e econ\u00f4micas das mulheres ao longo dos anos, sendo adotado pela Organiza\u00e7\u00e3o das Na\u00e7\u00f5es Unidas e, consequentemente, por diversos pa\u00edses. Hist\u00f3ria e Origem do&hellip;","_links":{"self":[{"href":"https:\/\/femergs.com.br\/wfe\/wp-json\/wp\/v2\/posts\/1271","targetHints":{"allow":["GET"]}}],"collection":[{"href":"https:\/\/femergs.com.br\/wfe\/wp-json\/wp\/v2\/posts"}],"about":[{"href":"https:\/\/femergs.com.br\/wfe\/wp-json\/wp\/v2\/types\/post"}],"author":[{"embeddable":true,"href":"https:\/\/femergs.com.br\/wfe\/wp-json\/wp\/v2\/users\/1"}],"replies":[{"embeddable":true,"href":"https:\/\/femergs.com.br\/wfe\/wp-json\/wp\/v2\/comments?post=1271"}],"version-history":[{"count":1,"href":"https:\/\/femergs.com.br\/wfe\/wp-json\/wp\/v2\/posts\/1271\/revisions"}],"predecessor-version":[{"id":1539,"href":"https:\/\/femergs.com.br\/wfe\/wp-json\/wp\/v2\/posts\/1271\/revisions\/1539"}],"wp:attachment":[{"href":"https:\/\/femergs.com.br\/wfe\/wp-json\/wp\/v2\/media?parent=1271"}],"wp:term":[{"taxonomy":"category","embeddable":true,"href":"https:\/\/femergs.com.br\/wfe\/wp-json\/wp\/v2\/categories?post=1271"},{"taxonomy":"post_tag","embeddable":true,"href":"https:\/\/femergs.com.br\/wfe\/wp-json\/wp\/v2\/tags?post=1271"}],"curies":[{"name":"wp","href":"https:\/\/api.w.org\/{rel}","templated":true}]}}