{"id":1272,"date":"2021-03-11T11:09:44","date_gmt":"2021-03-11T11:09:44","guid":{"rendered":"https:\/\/femergs.com.br\/wfe\/blog\/femergs-presta-homenagem-aos-colegas-servidores-que-perderam-a-luta-para-o-covid\/"},"modified":"2025-09-02T20:00:08","modified_gmt":"2025-09-02T20:00:08","slug":"femergs-presta-homenagem-aos-colegas-servidores-que-perderam-a-luta-para-o-covid","status":"publish","type":"post","link":"https:\/\/femergs.com.br\/wfe\/blog\/femergs-presta-homenagem-aos-colegas-servidores-que-perderam-a-luta-para-o-covid\/","title":{"rendered":"FEMERGS PRESTA HOMENAGEM AOS COLEGAS SERVIDORES QUE PERDERAM A LUTA PARA O COVID!"},"content":{"rendered":"<p>A Federa\u00e7\u00e3o dos Municip\u00e1rios do Estado do Rio Grande do Sul \u2013 FEMERGS, representando a todos os Servidores P\u00fablicos Municipais espalhados no Estado e ap\u00f3s um ano na luta, est\u00e3o enfadados do trabalho na linha de frente da Pandemia, indo desde Trabalhadores da \u00e1rea da Sa\u00fade, Profissionais da Educa\u00e7\u00e3o ou outros que independente da fun\u00e7\u00e3o buscam e d\u00e3o o melhor pelos seus mun\u00edcipes.<\/p>\n<p>Alguns jovens, com ou sem comorbidades, em uma luta longa ou curta, pais, m\u00e3es, filhos e filhas, amigos e colegas que perdemos em uma Pandemia terr\u00edvel e que est\u00e1 devastando cora\u00e7\u00f5es e pessoas. Sabemos que o certo seria em vida homenagear e n\u00e3o agora, mas estamos aqui para lembrar de cada um que tombou. \u00c9 um momento de muita dor e os Trabalhadores P\u00fablicos Municipais Ga\u00fachos est\u00e3o de luto.<\/p>\n<p>Mesmo assim lembramos que a vida \u00e9 um sopro divino, n\u00f3s n\u00e3o somos nada frente ao poder devastador que estamos cruzando, por isso Servidor, pedimos que aumente os cuidados e se protejam, assim como sua fam\u00edlia, para n\u00e3o perder esta luta imbat\u00edvel contra o v\u00edrus.<\/p>\n<p>Infelizmente, nossos colegas se foram!<\/p>\n<p>Aos parentes, amigos e colegas nossa solidariedade!<\/p>\n","protected":false},"excerpt":{"rendered":"<p>A Federa\u00e7\u00e3o dos Municip\u00e1rios do Estado do Rio Grande do Sul \u2013 FEMERGS, representando a todos os Servidores P\u00fablicos Municipais espalhados no Estado e ap\u00f3s um ano na luta, est\u00e3o enfadados do trabalho na linha de frente da Pandemia, indo desde Trabalhadores da \u00e1rea da Sa\u00fade, Profissionais da Educa\u00e7\u00e3o ou outros que independente da fun\u00e7\u00e3o [&hellip;]<\/p>\n","protected":false},"author":1,"featured_media":0,"comment_status":"closed","ping_status":"closed","sticky":false,"template":"","format":"standard","meta":{"_eb_attr":"","_uag_custom_page_level_css":"","fifu_image_url":"","fifu_image_alt":"","footnotes":""},"categories":[7],"tags":[32],"class_list":["post-1272","post","type-post","status-publish","format-standard","hentry","category-noticias","tag-null"],"yoast_head":"<!-- This site is optimized with the Yoast SEO plugin v27.1.1 - https:\/\/yoast.com\/product\/yoast-seo-wordpress\/ -->\n<title>FEMERGS PRESTA HOMENAGEM AOS COLEGAS SERVIDORES QUE PERDERAM A LUTA PARA O COVID! - Federa\u00e7\u00e3o dos Municip\u00e1rios do Estado do Rio Grande do Sul<\/title>\n<meta name=\"robots\" content=\"index, follow, max-snippet:-1, max-image-preview:large, max-video-preview:-1\" \/>\n<link rel=\"canonical\" href=\"https:\/\/femergs.com.br\/wfe\/blog\/femergs-presta-homenagem-aos-colegas-servidores-que-perderam-a-luta-para-o-covid\/\" \/>\n<meta property=\"og:locale\" content=\"pt_BR\" \/>\n<meta property=\"og:type\" content=\"article\" \/>\n<meta property=\"og:title\" content=\"FEMERGS PRESTA HOMENAGEM AOS COLEGAS SERVIDORES QUE PERDERAM A LUTA PARA O COVID! - Federa\u00e7\u00e3o dos Municip\u00e1rios do Estado do Rio Grande do Sul\" \/>\n<meta property=\"og:description\" content=\"A Federa\u00e7\u00e3o dos Municip\u00e1rios do Estado do Rio Grande do Sul \u2013 FEMERGS, representando a todos os Servidores P\u00fablicos Municipais espalhados no Estado e ap\u00f3s um ano na luta, est\u00e3o enfadados do trabalho na linha de frente da Pandemia, indo desde Trabalhadores da \u00e1rea da Sa\u00fade, Profissionais da Educa\u00e7\u00e3o ou outros que independente da fun\u00e7\u00e3o [&hellip;]\" \/>\n<meta property=\"og:url\" content=\"https:\/\/femergs.com.br\/wfe\/blog\/femergs-presta-homenagem-aos-colegas-servidores-que-perderam-a-luta-para-o-covid\/\" \/>\n<meta property=\"og:site_name\" content=\"Federa\u00e7\u00e3o dos Municip\u00e1rios do Estado do Rio Grande do Sul\" \/>\n<meta property=\"article:publisher\" content=\"https:\/\/www.facebook.com\/profile.php?id=100057151733001\" \/>\n<meta property=\"article:published_time\" content=\"2021-03-11T11:09:44+00:00\" \/>\n<meta property=\"article:modified_time\" content=\"2025-09-02T20:00:08+00:00\" \/>\n<meta name=\"author\" content=\"adminfemergs\" \/>\n<meta name=\"twitter:card\" content=\"summary_large_image\" \/>\n<meta name=\"twitter:label1\" content=\"Escrito por\" \/>\n\t<meta name=\"twitter:data1\" content=\"adminfemergs\" \/>\n\t<meta name=\"twitter:label2\" content=\"Est. tempo de leitura\" \/>\n\t<meta name=\"twitter:data2\" content=\"1 minuto\" \/>\n<script type=\"application\/ld+json\" class=\"yoast-schema-graph\">{\"@context\":\"https:\/\/schema.org\",\"@graph\":[{\"@type\":\"Article\",\"@id\":\"https:\/\/femergs.com.br\/wfe\/blog\/femergs-presta-homenagem-aos-colegas-servidores-que-perderam-a-luta-para-o-covid\/#article\",\"isPartOf\":{\"@id\":\"https:\/\/femergs.com.br\/wfe\/blog\/femergs-presta-homenagem-aos-colegas-servidores-que-perderam-a-luta-para-o-covid\/\"},\"author\":{\"name\":\"adminfemergs\",\"@id\":\"https:\/\/femergs.com.br\/wfe\/#\/schema\/person\/f5558e6b5ffc044ee085016237dedb7f\"},\"headline\":\"FEMERGS PRESTA HOMENAGEM AOS COLEGAS SERVIDORES QUE PERDERAM A LUTA PARA O COVID!\",\"datePublished\":\"2021-03-11T11:09:44+00:00\",\"dateModified\":\"2025-09-02T20:00:08+00:00\",\"mainEntityOfPage\":{\"@id\":\"https:\/\/femergs.com.br\/wfe\/blog\/femergs-presta-homenagem-aos-colegas-servidores-que-perderam-a-luta-para-o-covid\/\"},\"wordCount\":222,\"publisher\":{\"@id\":\"https:\/\/femergs.com.br\/wfe\/#organization\"},\"keywords\":[\"NULL\"],\"articleSection\":[\"Not\u00edcias Gerais\"],\"inLanguage\":\"pt-BR\"},{\"@type\":\"WebPage\",\"@id\":\"https:\/\/femergs.com.br\/wfe\/blog\/femergs-presta-homenagem-aos-colegas-servidores-que-perderam-a-luta-para-o-covid\/\",\"url\":\"https:\/\/femergs.com.br\/wfe\/blog\/femergs-presta-homenagem-aos-colegas-servidores-que-perderam-a-luta-para-o-covid\/\",\"name\":\"FEMERGS PRESTA HOMENAGEM AOS COLEGAS SERVIDORES QUE PERDERAM A LUTA PARA O COVID! - Federa\u00e7\u00e3o dos Municip\u00e1rios do Estado do Rio Grande do Sul\",\"isPartOf\":{\"@id\":\"https:\/\/femergs.com.br\/wfe\/#website\"},\"datePublished\":\"2021-03-11T11:09:44+00:00\",\"dateModified\":\"2025-09-02T20:00:08+00:00\",\"breadcrumb\":{\"@id\":\"https:\/\/femergs.com.br\/wfe\/blog\/femergs-presta-homenagem-aos-colegas-servidores-que-perderam-a-luta-para-o-covid\/#breadcrumb\"},\"inLanguage\":\"pt-BR\",\"potentialAction\":[{\"@type\":\"ReadAction\",\"target\":[\"https:\/\/femergs.com.br\/wfe\/blog\/femergs-presta-homenagem-aos-colegas-servidores-que-perderam-a-luta-para-o-covid\/\"]}]},{\"@type\":\"BreadcrumbList\",\"@id\":\"https:\/\/femergs.com.br\/wfe\/blog\/femergs-presta-homenagem-aos-colegas-servidores-que-perderam-a-luta-para-o-covid\/#breadcrumb\",\"itemListElement\":[{\"@type\":\"ListItem\",\"position\":1,\"name\":\"In\u00edcio\",\"item\":\"https:\/\/femergs.com.br\/wfe\/\"},{\"@type\":\"ListItem\",\"position\":2,\"name\":\"FEMERGS PRESTA HOMENAGEM AOS COLEGAS SERVIDORES QUE PERDERAM A LUTA PARA O COVID!\"}]},{\"@type\":\"WebSite\",\"@id\":\"https:\/\/femergs.com.br\/wfe\/#website\",\"url\":\"https:\/\/femergs.com.br\/wfe\/\",\"name\":\"FEMERGS\",\"description\":\"FEDERA\u00c7\u00c3O DOS MUNICIP\u00c1RIOS DO ESTADO DO RIO GRANDE DO SUL\",\"publisher\":{\"@id\":\"https:\/\/femergs.com.br\/wfe\/#organization\"},\"potentialAction\":[{\"@type\":\"SearchAction\",\"target\":{\"@type\":\"EntryPoint\",\"urlTemplate\":\"https:\/\/femergs.com.br\/wfe\/?s={search_term_string}\"},\"query-input\":{\"@type\":\"PropertyValueSpecification\",\"valueRequired\":true,\"valueName\":\"search_term_string\"}}],\"inLanguage\":\"pt-BR\"},{\"@type\":\"Organization\",\"@id\":\"https:\/\/femergs.com.br\/wfe\/#organization\",\"name\":\"FEMERGS\",\"url\":\"https:\/\/femergs.com.br\/wfe\/\",\"logo\":{\"@type\":\"ImageObject\",\"inLanguage\":\"pt-BR\",\"@id\":\"https:\/\/femergs.com.br\/wfe\/#\/schema\/logo\/image\/\",\"url\":\"https:\/\/femergs.com.br\/wfe\/wp-content\/uploads\/2025\/06\/logotipo.png\",\"contentUrl\":\"https:\/\/femergs.com.br\/wfe\/wp-content\/uploads\/2025\/06\/logotipo.png\",\"width\":500,\"height\":500,\"caption\":\"FEMERGS\"},\"image\":{\"@id\":\"https:\/\/femergs.com.br\/wfe\/#\/schema\/logo\/image\/\"},\"sameAs\":[\"https:\/\/www.facebook.com\/profile.php?id=100057151733001\",\"https:\/\/www.instagram.com\/femergs_rs\/\"]},{\"@type\":\"Person\",\"@id\":\"https:\/\/femergs.com.br\/wfe\/#\/schema\/person\/f5558e6b5ffc044ee085016237dedb7f\",\"name\":\"adminfemergs\",\"image\":{\"@type\":\"ImageObject\",\"inLanguage\":\"pt-BR\",\"@id\":\"https:\/\/femergs.com.br\/wfe\/#\/schema\/person\/image\/\",\"url\":\"https:\/\/secure.gravatar.com\/avatar\/398642fa557cdd524617ad9b31c938845f071aeb3448b9c0aeb29aefc495337b?s=96&d=mm&r=g\",\"contentUrl\":\"https:\/\/secure.gravatar.com\/avatar\/398642fa557cdd524617ad9b31c938845f071aeb3448b9c0aeb29aefc495337b?s=96&d=mm&r=g\",\"caption\":\"adminfemergs\"},\"sameAs\":[\"https:\/\/femergs.com.br\/wfe\"],\"url\":\"https:\/\/femergs.com.br\/wfe\/blog\/author\/adminfemergs\/\"}]}<\/script>\n<!-- \/ Yoast SEO plugin. -->","yoast_head_json":{"title":"FEMERGS PRESTA HOMENAGEM AOS COLEGAS SERVIDORES QUE PERDERAM A LUTA PARA O COVID! - Federa\u00e7\u00e3o dos Municip\u00e1rios do Estado do Rio Grande do Sul","robots":{"index":"index","follow":"follow","max-snippet":"max-snippet:-1","max-image-preview":"max-image-preview:large","max-video-preview":"max-video-preview:-1"},"canonical":"https:\/\/femergs.com.br\/wfe\/blog\/femergs-presta-homenagem-aos-colegas-servidores-que-perderam-a-luta-para-o-covid\/","og_locale":"pt_BR","og_type":"article","og_title":"FEMERGS PRESTA HOMENAGEM AOS COLEGAS SERVIDORES QUE PERDERAM A LUTA PARA O COVID! - Federa\u00e7\u00e3o dos Municip\u00e1rios do Estado do Rio Grande do Sul","og_description":"A Federa\u00e7\u00e3o dos Municip\u00e1rios do Estado do Rio Grande do Sul \u2013 FEMERGS, representando a todos os Servidores P\u00fablicos Municipais espalhados no Estado e ap\u00f3s um ano na luta, est\u00e3o enfadados do trabalho na linha de frente da Pandemia, indo desde Trabalhadores da \u00e1rea da Sa\u00fade, Profissionais da Educa\u00e7\u00e3o ou outros que independente da fun\u00e7\u00e3o [&hellip;]","og_url":"https:\/\/femergs.com.br\/wfe\/blog\/femergs-presta-homenagem-aos-colegas-servidores-que-perderam-a-luta-para-o-covid\/","og_site_name":"Federa\u00e7\u00e3o dos Municip\u00e1rios do Estado do Rio Grande do Sul","article_publisher":"https:\/\/www.facebook.com\/profile.php?id=100057151733001","article_published_time":"2021-03-11T11:09:44+00:00","article_modified_time":"2025-09-02T20:00:08+00:00","author":"adminfemergs","twitter_card":"summary_large_image","twitter_misc":{"Escrito por":"adminfemergs","Est. tempo de leitura":"1 minuto"},"schema":{"@context":"https:\/\/schema.org","@graph":[{"@type":"Article","@id":"https:\/\/femergs.com.br\/wfe\/blog\/femergs-presta-homenagem-aos-colegas-servidores-que-perderam-a-luta-para-o-covid\/#article","isPartOf":{"@id":"https:\/\/femergs.com.br\/wfe\/blog\/femergs-presta-homenagem-aos-colegas-servidores-que-perderam-a-luta-para-o-covid\/"},"author":{"name":"adminfemergs","@id":"https:\/\/femergs.com.br\/wfe\/#\/schema\/person\/f5558e6b5ffc044ee085016237dedb7f"},"headline":"FEMERGS PRESTA HOMENAGEM AOS COLEGAS SERVIDORES QUE PERDERAM A LUTA PARA O COVID!","datePublished":"2021-03-11T11:09:44+00:00","dateModified":"2025-09-02T20:00:08+00:00","mainEntityOfPage":{"@id":"https:\/\/femergs.com.br\/wfe\/blog\/femergs-presta-homenagem-aos-colegas-servidores-que-perderam-a-luta-para-o-covid\/"},"wordCount":222,"publisher":{"@id":"https:\/\/femergs.com.br\/wfe\/#organization"},"keywords":["NULL"],"articleSection":["Not\u00edcias Gerais"],"inLanguage":"pt-BR"},{"@type":"WebPage","@id":"https:\/\/femergs.com.br\/wfe\/blog\/femergs-presta-homenagem-aos-colegas-servidores-que-perderam-a-luta-para-o-covid\/","url":"https:\/\/femergs.com.br\/wfe\/blog\/femergs-presta-homenagem-aos-colegas-servidores-que-perderam-a-luta-para-o-covid\/","name":"FEMERGS PRESTA HOMENAGEM AOS COLEGAS SERVIDORES QUE PERDERAM A LUTA PARA O COVID! - Federa\u00e7\u00e3o dos Municip\u00e1rios do Estado do Rio Grande do Sul","isPartOf":{"@id":"https:\/\/femergs.com.br\/wfe\/#website"},"datePublished":"2021-03-11T11:09:44+00:00","dateModified":"2025-09-02T20:00:08+00:00","breadcrumb":{"@id":"https:\/\/femergs.com.br\/wfe\/blog\/femergs-presta-homenagem-aos-colegas-servidores-que-perderam-a-luta-para-o-covid\/#breadcrumb"},"inLanguage":"pt-BR","potentialAction":[{"@type":"ReadAction","target":["https:\/\/femergs.com.br\/wfe\/blog\/femergs-presta-homenagem-aos-colegas-servidores-que-perderam-a-luta-para-o-covid\/"]}]},{"@type":"BreadcrumbList","@id":"https:\/\/femergs.com.br\/wfe\/blog\/femergs-presta-homenagem-aos-colegas-servidores-que-perderam-a-luta-para-o-covid\/#breadcrumb","itemListElement":[{"@type":"ListItem","position":1,"name":"In\u00edcio","item":"https:\/\/femergs.com.br\/wfe\/"},{"@type":"ListItem","position":2,"name":"FEMERGS PRESTA HOMENAGEM AOS COLEGAS SERVIDORES QUE PERDERAM A LUTA PARA O COVID!"}]},{"@type":"WebSite","@id":"https:\/\/femergs.com.br\/wfe\/#website","url":"https:\/\/femergs.com.br\/wfe\/","name":"FEMERGS","description":"FEDERA\u00c7\u00c3O DOS MUNICIP\u00c1RIOS DO ESTADO DO RIO GRANDE DO SUL","publisher":{"@id":"https:\/\/femergs.com.br\/wfe\/#organization"},"potentialAction":[{"@type":"SearchAction","target":{"@type":"EntryPoint","urlTemplate":"https:\/\/femergs.com.br\/wfe\/?s={search_term_string}"},"query-input":{"@type":"PropertyValueSpecification","valueRequired":true,"valueName":"search_term_string"}}],"inLanguage":"pt-BR"},{"@type":"Organization","@id":"https:\/\/femergs.com.br\/wfe\/#organization","name":"FEMERGS","url":"https:\/\/femergs.com.br\/wfe\/","logo":{"@type":"ImageObject","inLanguage":"pt-BR","@id":"https:\/\/femergs.com.br\/wfe\/#\/schema\/logo\/image\/","url":"https:\/\/femergs.com.br\/wfe\/wp-content\/uploads\/2025\/06\/logotipo.png","contentUrl":"https:\/\/femergs.com.br\/wfe\/wp-content\/uploads\/2025\/06\/logotipo.png","width":500,"height":500,"caption":"FEMERGS"},"image":{"@id":"https:\/\/femergs.com.br\/wfe\/#\/schema\/logo\/image\/"},"sameAs":["https:\/\/www.facebook.com\/profile.php?id=100057151733001","https:\/\/www.instagram.com\/femergs_rs\/"]},{"@type":"Person","@id":"https:\/\/femergs.com.br\/wfe\/#\/schema\/person\/f5558e6b5ffc044ee085016237dedb7f","name":"adminfemergs","image":{"@type":"ImageObject","inLanguage":"pt-BR","@id":"https:\/\/femergs.com.br\/wfe\/#\/schema\/person\/image\/","url":"https:\/\/secure.gravatar.com\/avatar\/398642fa557cdd524617ad9b31c938845f071aeb3448b9c0aeb29aefc495337b?s=96&d=mm&r=g","contentUrl":"https:\/\/secure.gravatar.com\/avatar\/398642fa557cdd524617ad9b31c938845f071aeb3448b9c0aeb29aefc495337b?s=96&d=mm&r=g","caption":"adminfemergs"},"sameAs":["https:\/\/femergs.com.br\/wfe"],"url":"https:\/\/femergs.com.br\/wfe\/blog\/author\/adminfemergs\/"}]}},"uagb_featured_image_src":{"full":false,"thumbnail":false,"medium":false,"medium_large":false,"large":false,"1536x1536":false,"2048x2048":false,"ultp_layout_landscape_large":false,"ultp_layout_landscape":false,"ultp_layout_portrait":false,"ultp_layout_square":false},"uagb_author_info":{"display_name":"adminfemergs","author_link":"https:\/\/femergs.com.br\/wfe\/blog\/author\/adminfemergs\/"},"uagb_comment_info":0,"uagb_excerpt":"A Federa\u00e7\u00e3o dos Municip\u00e1rios do Estado do Rio Grande do Sul \u2013 FEMERGS, representando a todos os Servidores P\u00fablicos Municipais espalhados no Estado e ap\u00f3s um ano na luta, est\u00e3o enfadados do trabalho na linha de frente da Pandemia, indo desde Trabalhadores da \u00e1rea da Sa\u00fade, Profissionais da Educa\u00e7\u00e3o ou outros que independente da fun\u00e7\u00e3o&hellip;","_links":{"self":[{"href":"https:\/\/femergs.com.br\/wfe\/wp-json\/wp\/v2\/posts\/1272","targetHints":{"allow":["GET"]}}],"collection":[{"href":"https:\/\/femergs.com.br\/wfe\/wp-json\/wp\/v2\/posts"}],"about":[{"href":"https:\/\/femergs.com.br\/wfe\/wp-json\/wp\/v2\/types\/post"}],"author":[{"embeddable":true,"href":"https:\/\/femergs.com.br\/wfe\/wp-json\/wp\/v2\/users\/1"}],"replies":[{"embeddable":true,"href":"https:\/\/femergs.com.br\/wfe\/wp-json\/wp\/v2\/comments?post=1272"}],"version-history":[{"count":1,"href":"https:\/\/femergs.com.br\/wfe\/wp-json\/wp\/v2\/posts\/1272\/revisions"}],"predecessor-version":[{"id":1538,"href":"https:\/\/femergs.com.br\/wfe\/wp-json\/wp\/v2\/posts\/1272\/revisions\/1538"}],"wp:attachment":[{"href":"https:\/\/femergs.com.br\/wfe\/wp-json\/wp\/v2\/media?parent=1272"}],"wp:term":[{"taxonomy":"category","embeddable":true,"href":"https:\/\/femergs.com.br\/wfe\/wp-json\/wp\/v2\/categories?post=1272"},{"taxonomy":"post_tag","embeddable":true,"href":"https:\/\/femergs.com.br\/wfe\/wp-json\/wp\/v2\/tags?post=1272"}],"curies":[{"name":"wp","href":"https:\/\/api.w.org\/{rel}","templated":true}]}}