{"id":1273,"date":"2021-03-11T20:57:09","date_gmt":"2021-03-11T20:57:09","guid":{"rendered":"https:\/\/femergs.com.br\/wfe\/blog\/revisao-geral-anual-ja\/"},"modified":"2025-09-02T20:00:07","modified_gmt":"2025-09-02T20:00:07","slug":"revisao-geral-anual-ja","status":"publish","type":"post","link":"https:\/\/femergs.com.br\/wfe\/blog\/revisao-geral-anual-ja\/","title":{"rendered":"REVIS\u00c3O GERAL ANUAL J\u00c1&#8230;"},"content":{"rendered":"<div style=\"text-align:justify\">A FEMERGS \u2013 FEDERA\u00c7\u00c3O DOS MUNICIP\u00c1RIOS DO ESTADO DO RS, em conjunto com a CSB, organizaram reuni\u00e3o virtual com o Presidente da FAMURS, nesta quinta-feira, as 11 horas para tratar da Nota T\u00e9cnica 003\/2020 &#8211; do Tribunal de Contas do Estado do RS, no que diz respeito a Lei Complementar 173\/2020, em especial posicionamento sobre a Revis\u00e3o Geral Anual, previsto em termos constitucionais, e o que \u00e9 diferenciado do entendimento de aumento de despesas que \u00e9 a interpreta\u00e7\u00e3o que a assessoria jur\u00eddica da FAMURS est\u00e1 dando.<\/p>\n<p>Ap\u00f3s exposi\u00e7\u00e3o, do Presidente da CSB Sr. S\u00e9rgio Arnhoud, o presidente da FEMERGS Vilson Jo\u00e3o Weber, dirigiu os trabalhos e deu prosseguimento a an\u00e1lise das posi\u00e7\u00f5es divergentes do TCE\/RS em rela\u00e7\u00e3o a FAMURS.<\/p>\n<p>Importante citarmos a posi\u00e7\u00e3o do TCE\/RS \u201cA conclus\u00e3o que se imp\u00f5e, ent\u00e3o, da leitura acurada dos dispositivos citados da LC n\u00ba 173\/2020, n\u00e3o obstante a utiliza\u00e7\u00e3o pelo legislador do termo &#8220;reajuste&#8221; atrelado \u00e0 infla\u00e7\u00e3o e n\u00e3o ao aumento real, \u00e9 a que aponta sua inten\u00e7\u00e3o de permitir a revis\u00e3o geral anual.\u201d<\/p>\n<p>O prefeito Maneco \u2013 presidente da FAMURS, disse que o documento do jur\u00eddico da FAMURS \u00e9 um documento de orienta\u00e7\u00e3o para proteger os Prefeitos, mas que o seguimento ou n\u00e3o, \u00e9 de cada gestor municipal. Que cada gestor \u00e9 livre para conceder ou n\u00e3o, a Revis\u00e3o Geral Anual, de acordo com seu pr\u00f3prio entendimento.<\/p>\n<p>Como FEMERGS, queremos registrar que lamentamos profundamente a posi\u00e7\u00e3o da FAMURS, que opta em cumprir uma Lei Complementar 173, do Governo Bolsonaro\/GUEDES, e aproveitou uma obriga\u00e7\u00e3o\/necessidade de distribui\u00e7\u00e3o de recursos para os demais entes, j\u00e1 que \u00e9 detentora da maior parcela do OR\u00c7AMENTO da Rep\u00fablica Federativa do Brasil, para combater a grave PANDEMIA, em detrimento do Direito Constitucional da Revis\u00e3o Geral Anual, previsto na Constitui\u00e7\u00e3o e reconhecido em disputas judiciais.<\/p>\n<p>Queremos aqui PARABENIZAR a todos os prefeitos, que garantem o cumprimento da Constitui\u00e7\u00e3o e est\u00e3o dando a Revis\u00e3o Geral Anual agora em 2021 \u2013 PARAB\u00c9NS AOS PREFEITOS(AS) que j\u00e1 deram a reposi\u00e7\u00e3o das perdas da infla\u00e7\u00e3o.<\/p><\/div>\n<p>\nSanto Cristo, 11 de mar\u00e7o de 2021<br \/>\nVilson Jo\u00e3o Weber Presidente da FEMERGS \/ GEST\u00c3O 2018\/2021<br \/>\nvilsonweber@yahoo.com.br<br \/>\n(55) 99280858<\/p>\n","protected":false},"excerpt":{"rendered":"<p>A FEMERGS \u2013 FEDERA\u00c7\u00c3O DOS MUNICIP\u00c1RIOS DO ESTADO DO RS, em conjunto com a CSB, organizaram reuni\u00e3o virtual com o Presidente da FAMURS, nesta quinta-feira, as 11 horas para tratar da Nota T\u00e9cnica 003\/2020 &#8211; do Tribunal de Contas do Estado do RS, no que diz respeito a Lei Complementar 173\/2020, em especial posicionamento sobre [&hellip;]<\/p>\n","protected":false},"author":1,"featured_media":0,"comment_status":"closed","ping_status":"closed","sticky":false,"template":"","format":"standard","meta":{"_eb_attr":"","_uag_custom_page_level_css":"","fifu_image_url":"","fifu_image_alt":"","footnotes":""},"categories":[7],"tags":[32],"class_list":["post-1273","post","type-post","status-publish","format-standard","hentry","category-noticias","tag-null"],"yoast_head":"<!-- This site is optimized with the Yoast SEO plugin v27.1.1 - https:\/\/yoast.com\/product\/yoast-seo-wordpress\/ -->\n<title>REVIS\u00c3O GERAL ANUAL J\u00c1... - Federa\u00e7\u00e3o dos Municip\u00e1rios do Estado do Rio Grande do Sul<\/title>\n<meta name=\"robots\" content=\"index, follow, max-snippet:-1, max-image-preview:large, max-video-preview:-1\" \/>\n<link rel=\"canonical\" href=\"https:\/\/femergs.com.br\/wfe\/blog\/revisao-geral-anual-ja\/\" \/>\n<meta property=\"og:locale\" content=\"pt_BR\" \/>\n<meta property=\"og:type\" content=\"article\" \/>\n<meta property=\"og:title\" content=\"REVIS\u00c3O GERAL ANUAL J\u00c1... - Federa\u00e7\u00e3o dos Municip\u00e1rios do Estado do Rio Grande do Sul\" \/>\n<meta property=\"og:description\" content=\"A FEMERGS \u2013 FEDERA\u00c7\u00c3O DOS MUNICIP\u00c1RIOS DO ESTADO DO RS, em conjunto com a CSB, organizaram reuni\u00e3o virtual com o Presidente da FAMURS, nesta quinta-feira, as 11 horas para tratar da Nota T\u00e9cnica 003\/2020 &#8211; do Tribunal de Contas do Estado do RS, no que diz respeito a Lei Complementar 173\/2020, em especial posicionamento sobre [&hellip;]\" \/>\n<meta property=\"og:url\" content=\"https:\/\/femergs.com.br\/wfe\/blog\/revisao-geral-anual-ja\/\" \/>\n<meta property=\"og:site_name\" content=\"Federa\u00e7\u00e3o dos Municip\u00e1rios do Estado do Rio Grande do Sul\" \/>\n<meta property=\"article:publisher\" content=\"https:\/\/www.facebook.com\/profile.php?id=100057151733001\" \/>\n<meta property=\"article:published_time\" content=\"2021-03-11T20:57:09+00:00\" \/>\n<meta property=\"article:modified_time\" content=\"2025-09-02T20:00:07+00:00\" \/>\n<meta name=\"author\" content=\"adminfemergs\" \/>\n<meta name=\"twitter:card\" content=\"summary_large_image\" \/>\n<meta name=\"twitter:label1\" content=\"Escrito por\" \/>\n\t<meta name=\"twitter:data1\" content=\"adminfemergs\" \/>\n\t<meta name=\"twitter:label2\" content=\"Est. tempo de leitura\" \/>\n\t<meta name=\"twitter:data2\" content=\"2 minutos\" \/>\n<script type=\"application\/ld+json\" class=\"yoast-schema-graph\">{\"@context\":\"https:\/\/schema.org\",\"@graph\":[{\"@type\":\"Article\",\"@id\":\"https:\/\/femergs.com.br\/wfe\/blog\/revisao-geral-anual-ja\/#article\",\"isPartOf\":{\"@id\":\"https:\/\/femergs.com.br\/wfe\/blog\/revisao-geral-anual-ja\/\"},\"author\":{\"name\":\"adminfemergs\",\"@id\":\"https:\/\/femergs.com.br\/wfe\/#\/schema\/person\/f5558e6b5ffc044ee085016237dedb7f\"},\"headline\":\"REVIS\u00c3O GERAL ANUAL J\u00c1&#8230;\",\"datePublished\":\"2021-03-11T20:57:09+00:00\",\"dateModified\":\"2025-09-02T20:00:07+00:00\",\"mainEntityOfPage\":{\"@id\":\"https:\/\/femergs.com.br\/wfe\/blog\/revisao-geral-anual-ja\/\"},\"wordCount\":385,\"publisher\":{\"@id\":\"https:\/\/femergs.com.br\/wfe\/#organization\"},\"keywords\":[\"NULL\"],\"articleSection\":[\"Not\u00edcias Gerais\"],\"inLanguage\":\"pt-BR\"},{\"@type\":\"WebPage\",\"@id\":\"https:\/\/femergs.com.br\/wfe\/blog\/revisao-geral-anual-ja\/\",\"url\":\"https:\/\/femergs.com.br\/wfe\/blog\/revisao-geral-anual-ja\/\",\"name\":\"REVIS\u00c3O GERAL ANUAL J\u00c1... - Federa\u00e7\u00e3o dos Municip\u00e1rios do Estado do Rio Grande do Sul\",\"isPartOf\":{\"@id\":\"https:\/\/femergs.com.br\/wfe\/#website\"},\"datePublished\":\"2021-03-11T20:57:09+00:00\",\"dateModified\":\"2025-09-02T20:00:07+00:00\",\"breadcrumb\":{\"@id\":\"https:\/\/femergs.com.br\/wfe\/blog\/revisao-geral-anual-ja\/#breadcrumb\"},\"inLanguage\":\"pt-BR\",\"potentialAction\":[{\"@type\":\"ReadAction\",\"target\":[\"https:\/\/femergs.com.br\/wfe\/blog\/revisao-geral-anual-ja\/\"]}]},{\"@type\":\"BreadcrumbList\",\"@id\":\"https:\/\/femergs.com.br\/wfe\/blog\/revisao-geral-anual-ja\/#breadcrumb\",\"itemListElement\":[{\"@type\":\"ListItem\",\"position\":1,\"name\":\"In\u00edcio\",\"item\":\"https:\/\/femergs.com.br\/wfe\/\"},{\"@type\":\"ListItem\",\"position\":2,\"name\":\"REVIS\u00c3O GERAL ANUAL J\u00c1&#8230;\"}]},{\"@type\":\"WebSite\",\"@id\":\"https:\/\/femergs.com.br\/wfe\/#website\",\"url\":\"https:\/\/femergs.com.br\/wfe\/\",\"name\":\"FEMERGS\",\"description\":\"FEDERA\u00c7\u00c3O DOS MUNICIP\u00c1RIOS DO ESTADO DO RIO GRANDE DO SUL\",\"publisher\":{\"@id\":\"https:\/\/femergs.com.br\/wfe\/#organization\"},\"potentialAction\":[{\"@type\":\"SearchAction\",\"target\":{\"@type\":\"EntryPoint\",\"urlTemplate\":\"https:\/\/femergs.com.br\/wfe\/?s={search_term_string}\"},\"query-input\":{\"@type\":\"PropertyValueSpecification\",\"valueRequired\":true,\"valueName\":\"search_term_string\"}}],\"inLanguage\":\"pt-BR\"},{\"@type\":\"Organization\",\"@id\":\"https:\/\/femergs.com.br\/wfe\/#organization\",\"name\":\"FEMERGS\",\"url\":\"https:\/\/femergs.com.br\/wfe\/\",\"logo\":{\"@type\":\"ImageObject\",\"inLanguage\":\"pt-BR\",\"@id\":\"https:\/\/femergs.com.br\/wfe\/#\/schema\/logo\/image\/\",\"url\":\"https:\/\/femergs.com.br\/wfe\/wp-content\/uploads\/2025\/06\/logotipo.png\",\"contentUrl\":\"https:\/\/femergs.com.br\/wfe\/wp-content\/uploads\/2025\/06\/logotipo.png\",\"width\":500,\"height\":500,\"caption\":\"FEMERGS\"},\"image\":{\"@id\":\"https:\/\/femergs.com.br\/wfe\/#\/schema\/logo\/image\/\"},\"sameAs\":[\"https:\/\/www.facebook.com\/profile.php?id=100057151733001\",\"https:\/\/www.instagram.com\/femergs_rs\/\"]},{\"@type\":\"Person\",\"@id\":\"https:\/\/femergs.com.br\/wfe\/#\/schema\/person\/f5558e6b5ffc044ee085016237dedb7f\",\"name\":\"adminfemergs\",\"image\":{\"@type\":\"ImageObject\",\"inLanguage\":\"pt-BR\",\"@id\":\"https:\/\/femergs.com.br\/wfe\/#\/schema\/person\/image\/\",\"url\":\"https:\/\/secure.gravatar.com\/avatar\/398642fa557cdd524617ad9b31c938845f071aeb3448b9c0aeb29aefc495337b?s=96&d=mm&r=g\",\"contentUrl\":\"https:\/\/secure.gravatar.com\/avatar\/398642fa557cdd524617ad9b31c938845f071aeb3448b9c0aeb29aefc495337b?s=96&d=mm&r=g\",\"caption\":\"adminfemergs\"},\"sameAs\":[\"https:\/\/femergs.com.br\/wfe\"],\"url\":\"https:\/\/femergs.com.br\/wfe\/blog\/author\/adminfemergs\/\"}]}<\/script>\n<!-- \/ Yoast SEO plugin. -->","yoast_head_json":{"title":"REVIS\u00c3O GERAL ANUAL J\u00c1... - Federa\u00e7\u00e3o dos Municip\u00e1rios do Estado do Rio Grande do Sul","robots":{"index":"index","follow":"follow","max-snippet":"max-snippet:-1","max-image-preview":"max-image-preview:large","max-video-preview":"max-video-preview:-1"},"canonical":"https:\/\/femergs.com.br\/wfe\/blog\/revisao-geral-anual-ja\/","og_locale":"pt_BR","og_type":"article","og_title":"REVIS\u00c3O GERAL ANUAL J\u00c1... - Federa\u00e7\u00e3o dos Municip\u00e1rios do Estado do Rio Grande do Sul","og_description":"A FEMERGS \u2013 FEDERA\u00c7\u00c3O DOS MUNICIP\u00c1RIOS DO ESTADO DO RS, em conjunto com a CSB, organizaram reuni\u00e3o virtual com o Presidente da FAMURS, nesta quinta-feira, as 11 horas para tratar da Nota T\u00e9cnica 003\/2020 &#8211; do Tribunal de Contas do Estado do RS, no que diz respeito a Lei Complementar 173\/2020, em especial posicionamento sobre [&hellip;]","og_url":"https:\/\/femergs.com.br\/wfe\/blog\/revisao-geral-anual-ja\/","og_site_name":"Federa\u00e7\u00e3o dos Municip\u00e1rios do Estado do Rio Grande do Sul","article_publisher":"https:\/\/www.facebook.com\/profile.php?id=100057151733001","article_published_time":"2021-03-11T20:57:09+00:00","article_modified_time":"2025-09-02T20:00:07+00:00","author":"adminfemergs","twitter_card":"summary_large_image","twitter_misc":{"Escrito por":"adminfemergs","Est. tempo de leitura":"2 minutos"},"schema":{"@context":"https:\/\/schema.org","@graph":[{"@type":"Article","@id":"https:\/\/femergs.com.br\/wfe\/blog\/revisao-geral-anual-ja\/#article","isPartOf":{"@id":"https:\/\/femergs.com.br\/wfe\/blog\/revisao-geral-anual-ja\/"},"author":{"name":"adminfemergs","@id":"https:\/\/femergs.com.br\/wfe\/#\/schema\/person\/f5558e6b5ffc044ee085016237dedb7f"},"headline":"REVIS\u00c3O GERAL ANUAL J\u00c1&#8230;","datePublished":"2021-03-11T20:57:09+00:00","dateModified":"2025-09-02T20:00:07+00:00","mainEntityOfPage":{"@id":"https:\/\/femergs.com.br\/wfe\/blog\/revisao-geral-anual-ja\/"},"wordCount":385,"publisher":{"@id":"https:\/\/femergs.com.br\/wfe\/#organization"},"keywords":["NULL"],"articleSection":["Not\u00edcias Gerais"],"inLanguage":"pt-BR"},{"@type":"WebPage","@id":"https:\/\/femergs.com.br\/wfe\/blog\/revisao-geral-anual-ja\/","url":"https:\/\/femergs.com.br\/wfe\/blog\/revisao-geral-anual-ja\/","name":"REVIS\u00c3O GERAL ANUAL J\u00c1... - Federa\u00e7\u00e3o dos Municip\u00e1rios do Estado do Rio Grande do Sul","isPartOf":{"@id":"https:\/\/femergs.com.br\/wfe\/#website"},"datePublished":"2021-03-11T20:57:09+00:00","dateModified":"2025-09-02T20:00:07+00:00","breadcrumb":{"@id":"https:\/\/femergs.com.br\/wfe\/blog\/revisao-geral-anual-ja\/#breadcrumb"},"inLanguage":"pt-BR","potentialAction":[{"@type":"ReadAction","target":["https:\/\/femergs.com.br\/wfe\/blog\/revisao-geral-anual-ja\/"]}]},{"@type":"BreadcrumbList","@id":"https:\/\/femergs.com.br\/wfe\/blog\/revisao-geral-anual-ja\/#breadcrumb","itemListElement":[{"@type":"ListItem","position":1,"name":"In\u00edcio","item":"https:\/\/femergs.com.br\/wfe\/"},{"@type":"ListItem","position":2,"name":"REVIS\u00c3O GERAL ANUAL J\u00c1&#8230;"}]},{"@type":"WebSite","@id":"https:\/\/femergs.com.br\/wfe\/#website","url":"https:\/\/femergs.com.br\/wfe\/","name":"FEMERGS","description":"FEDERA\u00c7\u00c3O DOS MUNICIP\u00c1RIOS DO ESTADO DO RIO GRANDE DO SUL","publisher":{"@id":"https:\/\/femergs.com.br\/wfe\/#organization"},"potentialAction":[{"@type":"SearchAction","target":{"@type":"EntryPoint","urlTemplate":"https:\/\/femergs.com.br\/wfe\/?s={search_term_string}"},"query-input":{"@type":"PropertyValueSpecification","valueRequired":true,"valueName":"search_term_string"}}],"inLanguage":"pt-BR"},{"@type":"Organization","@id":"https:\/\/femergs.com.br\/wfe\/#organization","name":"FEMERGS","url":"https:\/\/femergs.com.br\/wfe\/","logo":{"@type":"ImageObject","inLanguage":"pt-BR","@id":"https:\/\/femergs.com.br\/wfe\/#\/schema\/logo\/image\/","url":"https:\/\/femergs.com.br\/wfe\/wp-content\/uploads\/2025\/06\/logotipo.png","contentUrl":"https:\/\/femergs.com.br\/wfe\/wp-content\/uploads\/2025\/06\/logotipo.png","width":500,"height":500,"caption":"FEMERGS"},"image":{"@id":"https:\/\/femergs.com.br\/wfe\/#\/schema\/logo\/image\/"},"sameAs":["https:\/\/www.facebook.com\/profile.php?id=100057151733001","https:\/\/www.instagram.com\/femergs_rs\/"]},{"@type":"Person","@id":"https:\/\/femergs.com.br\/wfe\/#\/schema\/person\/f5558e6b5ffc044ee085016237dedb7f","name":"adminfemergs","image":{"@type":"ImageObject","inLanguage":"pt-BR","@id":"https:\/\/femergs.com.br\/wfe\/#\/schema\/person\/image\/","url":"https:\/\/secure.gravatar.com\/avatar\/398642fa557cdd524617ad9b31c938845f071aeb3448b9c0aeb29aefc495337b?s=96&d=mm&r=g","contentUrl":"https:\/\/secure.gravatar.com\/avatar\/398642fa557cdd524617ad9b31c938845f071aeb3448b9c0aeb29aefc495337b?s=96&d=mm&r=g","caption":"adminfemergs"},"sameAs":["https:\/\/femergs.com.br\/wfe"],"url":"https:\/\/femergs.com.br\/wfe\/blog\/author\/adminfemergs\/"}]}},"uagb_featured_image_src":{"full":false,"thumbnail":false,"medium":false,"medium_large":false,"large":false,"1536x1536":false,"2048x2048":false,"ultp_layout_landscape_large":false,"ultp_layout_landscape":false,"ultp_layout_portrait":false,"ultp_layout_square":false},"uagb_author_info":{"display_name":"adminfemergs","author_link":"https:\/\/femergs.com.br\/wfe\/blog\/author\/adminfemergs\/"},"uagb_comment_info":0,"uagb_excerpt":"A FEMERGS \u2013 FEDERA\u00c7\u00c3O DOS MUNICIP\u00c1RIOS DO ESTADO DO RS, em conjunto com a CSB, organizaram reuni\u00e3o virtual com o Presidente da FAMURS, nesta quinta-feira, as 11 horas para tratar da Nota T\u00e9cnica 003\/2020 &#8211; do Tribunal de Contas do Estado do RS, no que diz respeito a Lei Complementar 173\/2020, em especial posicionamento sobre&hellip;","_links":{"self":[{"href":"https:\/\/femergs.com.br\/wfe\/wp-json\/wp\/v2\/posts\/1273","targetHints":{"allow":["GET"]}}],"collection":[{"href":"https:\/\/femergs.com.br\/wfe\/wp-json\/wp\/v2\/posts"}],"about":[{"href":"https:\/\/femergs.com.br\/wfe\/wp-json\/wp\/v2\/types\/post"}],"author":[{"embeddable":true,"href":"https:\/\/femergs.com.br\/wfe\/wp-json\/wp\/v2\/users\/1"}],"replies":[{"embeddable":true,"href":"https:\/\/femergs.com.br\/wfe\/wp-json\/wp\/v2\/comments?post=1273"}],"version-history":[{"count":1,"href":"https:\/\/femergs.com.br\/wfe\/wp-json\/wp\/v2\/posts\/1273\/revisions"}],"predecessor-version":[{"id":1537,"href":"https:\/\/femergs.com.br\/wfe\/wp-json\/wp\/v2\/posts\/1273\/revisions\/1537"}],"wp:attachment":[{"href":"https:\/\/femergs.com.br\/wfe\/wp-json\/wp\/v2\/media?parent=1273"}],"wp:term":[{"taxonomy":"category","embeddable":true,"href":"https:\/\/femergs.com.br\/wfe\/wp-json\/wp\/v2\/categories?post=1273"},{"taxonomy":"post_tag","embeddable":true,"href":"https:\/\/femergs.com.br\/wfe\/wp-json\/wp\/v2\/tags?post=1273"}],"curies":[{"name":"wp","href":"https:\/\/api.w.org\/{rel}","templated":true}]}}