{"id":1274,"date":"2021-03-23T10:58:17","date_gmt":"2021-03-23T10:58:17","guid":{"rendered":"https:\/\/femergs.com.br\/wfe\/blog\/comunicado-de-acidente-de-trabalho-e-o-coronavirus\/"},"modified":"2025-09-02T20:00:07","modified_gmt":"2025-09-02T20:00:07","slug":"comunicado-de-acidente-de-trabalho-e-o-coronavirus","status":"publish","type":"post","link":"https:\/\/femergs.com.br\/wfe\/blog\/comunicado-de-acidente-de-trabalho-e-o-coronavirus\/","title":{"rendered":"COMUNICADO DE ACIDENTE DE TRABALHO E O CORONAV\u00cdRUS"},"content":{"rendered":"<p>\n<strong>O QUE \u00c9 COMUNICA\u00c7\u00c3O DE ACIDENTE DE TRABALHO (CAT)? <\/strong><br \/>\n\u00c9 um documento utilizado para informar o acidente ou doen\u00e7a de trabalho ao INSS, seja trabalhador da iniciativa privada ou servidores p\u00fablicos.<\/p>\n<p><strong>QUAIS S\u00c3O OS TIPOS DE CAT?<\/strong><br \/>\nINICIAL: \u00c9 usada quando acontece o acidente ou doen\u00e7a ocupacional.<br \/>\nREABERTURA: Quando ocorre o agravamento das les\u00f5es decorrentes do acidente ou doen\u00e7a do trabalho, utilizando a data inicial do acidente.<br \/>\n\u00d3BITO: \u00c9 utilizada no caso de falecimento, somente \u00e9 utilizada quando teve o preenchimento da CAT inicial.<\/p>\n<p><strong>A SARS-COV-2 NO AMBIENTE DE TRABALHO \u00c9 CLASSIFICADA COMO ACIDENTE DE TRABALHO?<\/strong><br \/>\nSim, a COVID-19 pode constituir acidente de trabalho por doen\u00e7a equiparada, haja vista que os trabalhadores ao sa\u00edrem para laborar est\u00e3o expostos ao cont\u00e1gio com pessoas ou objetos contaminados. Caso contra\u00eddo, \u00e9 necess\u00e1rio que o CAT seja emitido.<\/p>\n<p><strong>NO SERVI\u00c7O P\u00daBLICO, QUANDO DEVE SER EMITIDA A CAT?<\/strong><br \/>\nE quando se tratar de servi\u00e7o p\u00fablico, a CAT deve ser realizada pela chefia imediata o qual o servidor \u00e9 subordinado ou pelo setor de recursos humanos.<\/p>\n<p><strong>E CASO O EMPREGADOR N\u00c3O FA\u00c7A A EMISS\u00c3O DA CAT?<\/strong><br \/>\nA emiss\u00e3o pode ser realizada pelo pr\u00f3prio empregado, dependentes, m\u00e9dico que realizou o atendimento, sindicato que \u00e9 filiado ou autoridade p\u00fablica.<\/p>\n<p><strong>QUAIS S\u00c3O OS DIREITOS DO TRABALHADORES?<\/strong><br \/>\nS\u00e3o assegurados tanto direitos trabalhistas como previdenci\u00e1rios. Para os trabalhadores seja da iniciativa privada ou ainda os empregados p\u00fablicos vinculados ao RGPS, pode receber aux\u00edlio-doen\u00e7a, acident\u00e1rio, aposentadoria por invalidez acident\u00e1ria, e pens\u00e3o por morte. Importante destacar, que os trabalhadores da iniciativa privada fazem jus a estabilidade no emprego.<\/p>\n<p>Para os servidores p\u00fablicos, havendo o reconhecimento do nexo de causalidade entre a doen\u00e7a adquirida e o trabalho, existe repercuss\u00e3o no valor da aposentadoria por invalidez e da pens\u00e3o por morte.<\/p>\n<p><strong>E SE FOR NECESS\u00c1RIO O AFASTAMENTO DO TRABALHO?<\/strong><br \/>\nOs primeiros 15 dias s\u00e3o de responsabilidade do empregador. Caso o afastamento seja superior a 15 dias, dever\u00e1 ser encaminhado o benef\u00edcio de aux\u00edlio doen\u00e7a acident\u00e1rio, para os trabalhadores vinculados ao INSS e licen\u00e7a tratamento de sa\u00fade, no caso dos servidores p\u00fablicos.<\/p>\n<p><strong>E CASO N\u00c3O OBTENHA RESPOSTA OU O RECURSO SEJA INFERIDO?<\/strong><br \/>\nCaso passado 40 dias ou mais sem resposta do INSS ou da administra\u00e7\u00e3o, \u00e9 recomendado o ingresso de uma a\u00e7\u00e3o judicial pugnando o reconhecimento judicial do nexo ou afastamento. Podendo assim, ser procurada a assessoria jur\u00eddica do sindicato da categoria ou um advogado de sua confian\u00e7a para melhor orient\u00e1-lo.<\/p>\n","protected":false},"excerpt":{"rendered":"<p>O QUE \u00c9 COMUNICA\u00c7\u00c3O DE ACIDENTE DE TRABALHO (CAT)? \u00c9 um documento utilizado para informar o acidente ou doen\u00e7a de trabalho ao INSS, seja trabalhador da iniciativa privada ou servidores p\u00fablicos. QUAIS S\u00c3O OS TIPOS DE CAT? INICIAL: \u00c9 usada quando acontece o acidente ou doen\u00e7a ocupacional. REABERTURA: Quando ocorre o agravamento das les\u00f5es decorrentes [&hellip;]<\/p>\n","protected":false},"author":1,"featured_media":0,"comment_status":"closed","ping_status":"closed","sticky":false,"template":"","format":"standard","meta":{"_eb_attr":"","_uag_custom_page_level_css":"","fifu_image_url":"","fifu_image_alt":"","footnotes":""},"categories":[7],"tags":[32],"class_list":["post-1274","post","type-post","status-publish","format-standard","hentry","category-noticias","tag-null"],"yoast_head":"<!-- This site is optimized with the Yoast SEO plugin v27.1.1 - https:\/\/yoast.com\/product\/yoast-seo-wordpress\/ -->\n<title>COMUNICADO DE ACIDENTE DE TRABALHO E O CORONAV\u00cdRUS - Federa\u00e7\u00e3o dos Municip\u00e1rios do Estado do Rio Grande do Sul<\/title>\n<meta name=\"robots\" content=\"index, follow, max-snippet:-1, max-image-preview:large, max-video-preview:-1\" \/>\n<link rel=\"canonical\" href=\"https:\/\/femergs.com.br\/wfe\/blog\/comunicado-de-acidente-de-trabalho-e-o-coronavirus\/\" \/>\n<meta property=\"og:locale\" content=\"pt_BR\" \/>\n<meta property=\"og:type\" content=\"article\" \/>\n<meta property=\"og:title\" content=\"COMUNICADO DE ACIDENTE DE TRABALHO E O CORONAV\u00cdRUS - Federa\u00e7\u00e3o dos Municip\u00e1rios do Estado do Rio Grande do Sul\" \/>\n<meta property=\"og:description\" content=\"O QUE \u00c9 COMUNICA\u00c7\u00c3O DE ACIDENTE DE TRABALHO (CAT)? \u00c9 um documento utilizado para informar o acidente ou doen\u00e7a de trabalho ao INSS, seja trabalhador da iniciativa privada ou servidores p\u00fablicos. QUAIS S\u00c3O OS TIPOS DE CAT? INICIAL: \u00c9 usada quando acontece o acidente ou doen\u00e7a ocupacional. REABERTURA: Quando ocorre o agravamento das les\u00f5es decorrentes [&hellip;]\" \/>\n<meta property=\"og:url\" content=\"https:\/\/femergs.com.br\/wfe\/blog\/comunicado-de-acidente-de-trabalho-e-o-coronavirus\/\" \/>\n<meta property=\"og:site_name\" content=\"Federa\u00e7\u00e3o dos Municip\u00e1rios do Estado do Rio Grande do Sul\" \/>\n<meta property=\"article:publisher\" content=\"https:\/\/www.facebook.com\/profile.php?id=100057151733001\" \/>\n<meta property=\"article:published_time\" content=\"2021-03-23T10:58:17+00:00\" \/>\n<meta property=\"article:modified_time\" content=\"2025-09-02T20:00:07+00:00\" \/>\n<meta name=\"author\" content=\"adminfemergs\" \/>\n<meta name=\"twitter:card\" content=\"summary_large_image\" \/>\n<meta name=\"twitter:label1\" content=\"Escrito por\" \/>\n\t<meta name=\"twitter:data1\" content=\"adminfemergs\" \/>\n\t<meta name=\"twitter:label2\" content=\"Est. tempo de leitura\" \/>\n\t<meta name=\"twitter:data2\" content=\"2 minutos\" \/>\n<script type=\"application\/ld+json\" class=\"yoast-schema-graph\">{\"@context\":\"https:\/\/schema.org\",\"@graph\":[{\"@type\":\"Article\",\"@id\":\"https:\/\/femergs.com.br\/wfe\/blog\/comunicado-de-acidente-de-trabalho-e-o-coronavirus\/#article\",\"isPartOf\":{\"@id\":\"https:\/\/femergs.com.br\/wfe\/blog\/comunicado-de-acidente-de-trabalho-e-o-coronavirus\/\"},\"author\":{\"name\":\"adminfemergs\",\"@id\":\"https:\/\/femergs.com.br\/wfe\/#\/schema\/person\/f5558e6b5ffc044ee085016237dedb7f\"},\"headline\":\"COMUNICADO DE ACIDENTE DE TRABALHO E O CORONAV\u00cdRUS\",\"datePublished\":\"2021-03-23T10:58:17+00:00\",\"dateModified\":\"2025-09-02T20:00:07+00:00\",\"mainEntityOfPage\":{\"@id\":\"https:\/\/femergs.com.br\/wfe\/blog\/comunicado-de-acidente-de-trabalho-e-o-coronavirus\/\"},\"wordCount\":443,\"publisher\":{\"@id\":\"https:\/\/femergs.com.br\/wfe\/#organization\"},\"keywords\":[\"NULL\"],\"articleSection\":[\"Not\u00edcias Gerais\"],\"inLanguage\":\"pt-BR\"},{\"@type\":\"WebPage\",\"@id\":\"https:\/\/femergs.com.br\/wfe\/blog\/comunicado-de-acidente-de-trabalho-e-o-coronavirus\/\",\"url\":\"https:\/\/femergs.com.br\/wfe\/blog\/comunicado-de-acidente-de-trabalho-e-o-coronavirus\/\",\"name\":\"COMUNICADO DE ACIDENTE DE TRABALHO E O CORONAV\u00cdRUS - Federa\u00e7\u00e3o dos Municip\u00e1rios do Estado do Rio Grande do Sul\",\"isPartOf\":{\"@id\":\"https:\/\/femergs.com.br\/wfe\/#website\"},\"datePublished\":\"2021-03-23T10:58:17+00:00\",\"dateModified\":\"2025-09-02T20:00:07+00:00\",\"breadcrumb\":{\"@id\":\"https:\/\/femergs.com.br\/wfe\/blog\/comunicado-de-acidente-de-trabalho-e-o-coronavirus\/#breadcrumb\"},\"inLanguage\":\"pt-BR\",\"potentialAction\":[{\"@type\":\"ReadAction\",\"target\":[\"https:\/\/femergs.com.br\/wfe\/blog\/comunicado-de-acidente-de-trabalho-e-o-coronavirus\/\"]}]},{\"@type\":\"BreadcrumbList\",\"@id\":\"https:\/\/femergs.com.br\/wfe\/blog\/comunicado-de-acidente-de-trabalho-e-o-coronavirus\/#breadcrumb\",\"itemListElement\":[{\"@type\":\"ListItem\",\"position\":1,\"name\":\"In\u00edcio\",\"item\":\"https:\/\/femergs.com.br\/wfe\/\"},{\"@type\":\"ListItem\",\"position\":2,\"name\":\"COMUNICADO DE ACIDENTE DE TRABALHO E O CORONAV\u00cdRUS\"}]},{\"@type\":\"WebSite\",\"@id\":\"https:\/\/femergs.com.br\/wfe\/#website\",\"url\":\"https:\/\/femergs.com.br\/wfe\/\",\"name\":\"FEMERGS\",\"description\":\"FEDERA\u00c7\u00c3O DOS MUNICIP\u00c1RIOS DO ESTADO DO RIO GRANDE DO SUL\",\"publisher\":{\"@id\":\"https:\/\/femergs.com.br\/wfe\/#organization\"},\"potentialAction\":[{\"@type\":\"SearchAction\",\"target\":{\"@type\":\"EntryPoint\",\"urlTemplate\":\"https:\/\/femergs.com.br\/wfe\/?s={search_term_string}\"},\"query-input\":{\"@type\":\"PropertyValueSpecification\",\"valueRequired\":true,\"valueName\":\"search_term_string\"}}],\"inLanguage\":\"pt-BR\"},{\"@type\":\"Organization\",\"@id\":\"https:\/\/femergs.com.br\/wfe\/#organization\",\"name\":\"FEMERGS\",\"url\":\"https:\/\/femergs.com.br\/wfe\/\",\"logo\":{\"@type\":\"ImageObject\",\"inLanguage\":\"pt-BR\",\"@id\":\"https:\/\/femergs.com.br\/wfe\/#\/schema\/logo\/image\/\",\"url\":\"https:\/\/femergs.com.br\/wfe\/wp-content\/uploads\/2025\/06\/logotipo.png\",\"contentUrl\":\"https:\/\/femergs.com.br\/wfe\/wp-content\/uploads\/2025\/06\/logotipo.png\",\"width\":500,\"height\":500,\"caption\":\"FEMERGS\"},\"image\":{\"@id\":\"https:\/\/femergs.com.br\/wfe\/#\/schema\/logo\/image\/\"},\"sameAs\":[\"https:\/\/www.facebook.com\/profile.php?id=100057151733001\",\"https:\/\/www.instagram.com\/femergs_rs\/\"]},{\"@type\":\"Person\",\"@id\":\"https:\/\/femergs.com.br\/wfe\/#\/schema\/person\/f5558e6b5ffc044ee085016237dedb7f\",\"name\":\"adminfemergs\",\"image\":{\"@type\":\"ImageObject\",\"inLanguage\":\"pt-BR\",\"@id\":\"https:\/\/femergs.com.br\/wfe\/#\/schema\/person\/image\/\",\"url\":\"https:\/\/secure.gravatar.com\/avatar\/398642fa557cdd524617ad9b31c938845f071aeb3448b9c0aeb29aefc495337b?s=96&d=mm&r=g\",\"contentUrl\":\"https:\/\/secure.gravatar.com\/avatar\/398642fa557cdd524617ad9b31c938845f071aeb3448b9c0aeb29aefc495337b?s=96&d=mm&r=g\",\"caption\":\"adminfemergs\"},\"sameAs\":[\"https:\/\/femergs.com.br\/wfe\"],\"url\":\"https:\/\/femergs.com.br\/wfe\/blog\/author\/adminfemergs\/\"}]}<\/script>\n<!-- \/ Yoast SEO plugin. -->","yoast_head_json":{"title":"COMUNICADO DE ACIDENTE DE TRABALHO E O CORONAV\u00cdRUS - Federa\u00e7\u00e3o dos Municip\u00e1rios do Estado do Rio Grande do Sul","robots":{"index":"index","follow":"follow","max-snippet":"max-snippet:-1","max-image-preview":"max-image-preview:large","max-video-preview":"max-video-preview:-1"},"canonical":"https:\/\/femergs.com.br\/wfe\/blog\/comunicado-de-acidente-de-trabalho-e-o-coronavirus\/","og_locale":"pt_BR","og_type":"article","og_title":"COMUNICADO DE ACIDENTE DE TRABALHO E O CORONAV\u00cdRUS - Federa\u00e7\u00e3o dos Municip\u00e1rios do Estado do Rio Grande do Sul","og_description":"O QUE \u00c9 COMUNICA\u00c7\u00c3O DE ACIDENTE DE TRABALHO (CAT)? \u00c9 um documento utilizado para informar o acidente ou doen\u00e7a de trabalho ao INSS, seja trabalhador da iniciativa privada ou servidores p\u00fablicos. QUAIS S\u00c3O OS TIPOS DE CAT? INICIAL: \u00c9 usada quando acontece o acidente ou doen\u00e7a ocupacional. REABERTURA: Quando ocorre o agravamento das les\u00f5es decorrentes [&hellip;]","og_url":"https:\/\/femergs.com.br\/wfe\/blog\/comunicado-de-acidente-de-trabalho-e-o-coronavirus\/","og_site_name":"Federa\u00e7\u00e3o dos Municip\u00e1rios do Estado do Rio Grande do Sul","article_publisher":"https:\/\/www.facebook.com\/profile.php?id=100057151733001","article_published_time":"2021-03-23T10:58:17+00:00","article_modified_time":"2025-09-02T20:00:07+00:00","author":"adminfemergs","twitter_card":"summary_large_image","twitter_misc":{"Escrito por":"adminfemergs","Est. tempo de leitura":"2 minutos"},"schema":{"@context":"https:\/\/schema.org","@graph":[{"@type":"Article","@id":"https:\/\/femergs.com.br\/wfe\/blog\/comunicado-de-acidente-de-trabalho-e-o-coronavirus\/#article","isPartOf":{"@id":"https:\/\/femergs.com.br\/wfe\/blog\/comunicado-de-acidente-de-trabalho-e-o-coronavirus\/"},"author":{"name":"adminfemergs","@id":"https:\/\/femergs.com.br\/wfe\/#\/schema\/person\/f5558e6b5ffc044ee085016237dedb7f"},"headline":"COMUNICADO DE ACIDENTE DE TRABALHO E O CORONAV\u00cdRUS","datePublished":"2021-03-23T10:58:17+00:00","dateModified":"2025-09-02T20:00:07+00:00","mainEntityOfPage":{"@id":"https:\/\/femergs.com.br\/wfe\/blog\/comunicado-de-acidente-de-trabalho-e-o-coronavirus\/"},"wordCount":443,"publisher":{"@id":"https:\/\/femergs.com.br\/wfe\/#organization"},"keywords":["NULL"],"articleSection":["Not\u00edcias Gerais"],"inLanguage":"pt-BR"},{"@type":"WebPage","@id":"https:\/\/femergs.com.br\/wfe\/blog\/comunicado-de-acidente-de-trabalho-e-o-coronavirus\/","url":"https:\/\/femergs.com.br\/wfe\/blog\/comunicado-de-acidente-de-trabalho-e-o-coronavirus\/","name":"COMUNICADO DE ACIDENTE DE TRABALHO E O CORONAV\u00cdRUS - Federa\u00e7\u00e3o dos Municip\u00e1rios do Estado do Rio Grande do Sul","isPartOf":{"@id":"https:\/\/femergs.com.br\/wfe\/#website"},"datePublished":"2021-03-23T10:58:17+00:00","dateModified":"2025-09-02T20:00:07+00:00","breadcrumb":{"@id":"https:\/\/femergs.com.br\/wfe\/blog\/comunicado-de-acidente-de-trabalho-e-o-coronavirus\/#breadcrumb"},"inLanguage":"pt-BR","potentialAction":[{"@type":"ReadAction","target":["https:\/\/femergs.com.br\/wfe\/blog\/comunicado-de-acidente-de-trabalho-e-o-coronavirus\/"]}]},{"@type":"BreadcrumbList","@id":"https:\/\/femergs.com.br\/wfe\/blog\/comunicado-de-acidente-de-trabalho-e-o-coronavirus\/#breadcrumb","itemListElement":[{"@type":"ListItem","position":1,"name":"In\u00edcio","item":"https:\/\/femergs.com.br\/wfe\/"},{"@type":"ListItem","position":2,"name":"COMUNICADO DE ACIDENTE DE TRABALHO E O CORONAV\u00cdRUS"}]},{"@type":"WebSite","@id":"https:\/\/femergs.com.br\/wfe\/#website","url":"https:\/\/femergs.com.br\/wfe\/","name":"FEMERGS","description":"FEDERA\u00c7\u00c3O DOS MUNICIP\u00c1RIOS DO ESTADO DO RIO GRANDE DO SUL","publisher":{"@id":"https:\/\/femergs.com.br\/wfe\/#organization"},"potentialAction":[{"@type":"SearchAction","target":{"@type":"EntryPoint","urlTemplate":"https:\/\/femergs.com.br\/wfe\/?s={search_term_string}"},"query-input":{"@type":"PropertyValueSpecification","valueRequired":true,"valueName":"search_term_string"}}],"inLanguage":"pt-BR"},{"@type":"Organization","@id":"https:\/\/femergs.com.br\/wfe\/#organization","name":"FEMERGS","url":"https:\/\/femergs.com.br\/wfe\/","logo":{"@type":"ImageObject","inLanguage":"pt-BR","@id":"https:\/\/femergs.com.br\/wfe\/#\/schema\/logo\/image\/","url":"https:\/\/femergs.com.br\/wfe\/wp-content\/uploads\/2025\/06\/logotipo.png","contentUrl":"https:\/\/femergs.com.br\/wfe\/wp-content\/uploads\/2025\/06\/logotipo.png","width":500,"height":500,"caption":"FEMERGS"},"image":{"@id":"https:\/\/femergs.com.br\/wfe\/#\/schema\/logo\/image\/"},"sameAs":["https:\/\/www.facebook.com\/profile.php?id=100057151733001","https:\/\/www.instagram.com\/femergs_rs\/"]},{"@type":"Person","@id":"https:\/\/femergs.com.br\/wfe\/#\/schema\/person\/f5558e6b5ffc044ee085016237dedb7f","name":"adminfemergs","image":{"@type":"ImageObject","inLanguage":"pt-BR","@id":"https:\/\/femergs.com.br\/wfe\/#\/schema\/person\/image\/","url":"https:\/\/secure.gravatar.com\/avatar\/398642fa557cdd524617ad9b31c938845f071aeb3448b9c0aeb29aefc495337b?s=96&d=mm&r=g","contentUrl":"https:\/\/secure.gravatar.com\/avatar\/398642fa557cdd524617ad9b31c938845f071aeb3448b9c0aeb29aefc495337b?s=96&d=mm&r=g","caption":"adminfemergs"},"sameAs":["https:\/\/femergs.com.br\/wfe"],"url":"https:\/\/femergs.com.br\/wfe\/blog\/author\/adminfemergs\/"}]}},"uagb_featured_image_src":{"full":false,"thumbnail":false,"medium":false,"medium_large":false,"large":false,"1536x1536":false,"2048x2048":false,"ultp_layout_landscape_large":false,"ultp_layout_landscape":false,"ultp_layout_portrait":false,"ultp_layout_square":false},"uagb_author_info":{"display_name":"adminfemergs","author_link":"https:\/\/femergs.com.br\/wfe\/blog\/author\/adminfemergs\/"},"uagb_comment_info":0,"uagb_excerpt":"O QUE \u00c9 COMUNICA\u00c7\u00c3O DE ACIDENTE DE TRABALHO (CAT)? \u00c9 um documento utilizado para informar o acidente ou doen\u00e7a de trabalho ao INSS, seja trabalhador da iniciativa privada ou servidores p\u00fablicos. QUAIS S\u00c3O OS TIPOS DE CAT? INICIAL: \u00c9 usada quando acontece o acidente ou doen\u00e7a ocupacional. REABERTURA: Quando ocorre o agravamento das les\u00f5es decorrentes&hellip;","_links":{"self":[{"href":"https:\/\/femergs.com.br\/wfe\/wp-json\/wp\/v2\/posts\/1274","targetHints":{"allow":["GET"]}}],"collection":[{"href":"https:\/\/femergs.com.br\/wfe\/wp-json\/wp\/v2\/posts"}],"about":[{"href":"https:\/\/femergs.com.br\/wfe\/wp-json\/wp\/v2\/types\/post"}],"author":[{"embeddable":true,"href":"https:\/\/femergs.com.br\/wfe\/wp-json\/wp\/v2\/users\/1"}],"replies":[{"embeddable":true,"href":"https:\/\/femergs.com.br\/wfe\/wp-json\/wp\/v2\/comments?post=1274"}],"version-history":[{"count":1,"href":"https:\/\/femergs.com.br\/wfe\/wp-json\/wp\/v2\/posts\/1274\/revisions"}],"predecessor-version":[{"id":1536,"href":"https:\/\/femergs.com.br\/wfe\/wp-json\/wp\/v2\/posts\/1274\/revisions\/1536"}],"wp:attachment":[{"href":"https:\/\/femergs.com.br\/wfe\/wp-json\/wp\/v2\/media?parent=1274"}],"wp:term":[{"taxonomy":"category","embeddable":true,"href":"https:\/\/femergs.com.br\/wfe\/wp-json\/wp\/v2\/categories?post=1274"},{"taxonomy":"post_tag","embeddable":true,"href":"https:\/\/femergs.com.br\/wfe\/wp-json\/wp\/v2\/tags?post=1274"}],"curies":[{"name":"wp","href":"https:\/\/api.w.org\/{rel}","templated":true}]}}