{"id":1275,"date":"2021-03-26T19:49:34","date_gmt":"2021-03-26T19:49:34","guid":{"rendered":"https:\/\/femergs.com.br\/wfe\/blog\/emenda-constitucional-109-e-os-impactos-nos-municipios\/"},"modified":"2025-09-02T20:00:07","modified_gmt":"2025-09-02T20:00:07","slug":"emenda-constitucional-109-e-os-impactos-nos-municipios","status":"publish","type":"post","link":"https:\/\/femergs.com.br\/wfe\/blog\/emenda-constitucional-109-e-os-impactos-nos-municipios\/","title":{"rendered":"Emenda Constitucional &#8211; 109 e os Impactos nos Munic\u00edpios!"},"content":{"rendered":"<p>O Congresso Nacional promulgou a Emenda Constitucional 109\/2021, que d\u00e1 mais rigidez \u00e0s medidas de conten\u00e7\u00e3o fiscal, controle de despesas e redu\u00e7\u00e3o de incentivos tribut\u00e1rios. O texto \u00e9 resultado da an\u00e1lise da PEC Emergencial, aprovada pelo Senado, em 4 de mar\u00e7o, e pela C\u00e2mara dos Deputados, no dia 12 do mesmo m\u00eas. A normal tamb\u00e9m permite que governo federal pague, em 2021, um novo aux\u00edlio emergencial \u00e0 popula\u00e7\u00e3o vulner\u00e1vel afetada pela pandemia.<\/p>\n<p>Alguns pontos da norma impactam diretamente nos munic\u00edpios, como o artigo 29-A, que determina que o total das despesas do Poder Legislativo municipal \u2013 inclu\u00eddos os gastos com vereados e pessoal inativo (aposentados e pensionistas) \u2013 n\u00e3o poder\u00e1 ultrapassar os percentuais de arrecada\u00e7\u00e3o de impostos e de transfer\u00eancias, previstos na Constitui\u00e7\u00e3o (\u00a7 5 do art. 153 e nos arts. 158 e 159). Antes da Emenda, esse limite n\u00e3o inclu\u00eda os gastos com o pessoal inativo.<br \/>\n<sub>Fonte: Brasil 61 <a href=\"https:\/\/brasil61.com\/noticias\/emenda-constitucional-109-2021-traz-impactos-para-os-municipios-bras214239\">https:\/\/brasil61.com\/noticias\/emenda-constitucional-109-2021-traz-impactos-para-os-municipios-bras214239<\/a><\/sub><\/p>\n<p>Para nosso Assessor Juridico, Dr. Eduardo Bechorner, a Ementa Constitucional 109\/2021:<\/p>\n<p><u><strong>Um novo marco fiscal<\/strong><\/u><\/p>\n<p>A PEC 186\/2019 convertida em Emenda Constitucional n.\u00ba 109\/2021 tem objetivo de introduzir um novo marco fiscal, criando uma s\u00e9rie de gatilhos que dificultam ou impedem o Estado de Expandir os gastos p\u00fablicos com politicas sociais e, sobretudo com pessoal.<\/p>\n<p><u><strong>Emenda Constitucional 109\/21<\/strong><\/u><\/p>\n<p>\u00c9 uma das medidas mais duras j\u00e1 aprovadas no ordenamento jur\u00eddico brasileiro desde a redemocratiza\u00e7\u00e3o do Estado. Trata-se de altera\u00e7\u00e3o da Constitui\u00e7\u00e3o Federal que permite a institui\u00e7\u00e3o de mecanismos de ajuste fiscal sobre o gasto p\u00fablico, que ser\u00e3o acionados sempre que as despesas obrigat\u00f3rias da Uni\u00e3o superarem 95% da despesa total sujeita ao teto de gastos.<\/p>\n<p>No caso dos Estados e Munic\u00edpios, esse mesmo ajuste ser\u00e1 acionado quando as despesas correntes superarem 95% das receitas correntes, mas essa parte do texto somente entrar\u00e1 em vigor a partir do in\u00edcio da primeira legislatura municipal ap\u00f3s a publica\u00e7\u00e3o da EC 109\/2021.<\/p>\n<p><u><strong>Arts. 167-A, 167-B e 167-G<\/strong><\/u><\/p>\n<p>Nas hip\u00f3teses de ser decretado estado de calamidade publica haver\u00e1 o congelamento de todas as despesas p\u00fablicas enquanto perdurar a calamidade.<\/p>\n<p><u><strong>Impositivo a Uni\u00e3o\/Facultativo Estados e Munic\u00edpios<\/strong><\/u><\/p>\n<p>O congelamento \u00e9 facultativo a Estados e Mun\u00edcipios e autom\u00e1tico a Uni\u00e3o.<br \/>\nObs: No exerc\u00edcio 2021 j\u00e1 existem veda\u00e7\u00f5es decorrentes da Lei 173\/2020.<\/p>\n<p><u><strong>Servidores P\u00fablicos Federais<\/strong><\/u><\/p>\n<p>Obrigatoriamente quando a  rela\u00e7\u00e3o entre despesa primaria obrigat\u00f3ria e despesa primaria total chegar a 95% s\u00e3o automaticamente acionados gatilhos com veda\u00e7\u00f5es e limita\u00e7\u00f5es semelhantes aquelas quando \u00e9 decretado Estado de Calamidade P\u00fablica (art. 109 do ADCT, regra do teto de gastos P\u00fablicos que possui validade at\u00e9 2036).<br \/>\nObs. Art. 109 (Quando verificado, na aprova\u00e7\u00e3o da lei or\u00e7amentaria)<\/p>\n<p><u><strong>Servidores Estaduais e Municipais<\/strong><\/u><\/p>\n<p>Quando a rela\u00e7\u00e3o entre Receita Corrente e despesas correntes, apurada no per\u00edodo de 12 meses, superar 95% \u00e9 facultado aos entes (Estados e Munic\u00edpios) acionarem gatilhos com veda\u00e7\u00e3o e suspens\u00e3o de despesas.<br \/>\nNa hip\u00f3tese de N\u00c3O acionarem os gatilhos ficar\u00e3o impedidos de contratar empr\u00e9stimos com avais da Uni\u00e3o at\u00e9 o retorno a \u00edndices inferir a 95%.<br \/>\nFacultado a faze-lo total ou parcialmente quando essa rela\u00e7\u00e3o atingir 85%, mas nessa hip\u00f3tese dever\u00e1 haver a convalida\u00e7\u00e3o da Assembleia Legislativa e\/ou C\u00e2mara de Vereadores, conforme for o caso. <\/p>\n<p><u><strong>Despesa Corrente<\/strong><\/u><\/p>\n<p>Classificam-se nessa categoria todas as despesas para manuten\u00e7\u00e3o e funcionamento dos servi\u00e7os p\u00fablicos em geral, s\u00e3o despesas que n\u00e3o contribuem, diretamente, para a forma\u00e7\u00e3o ou aquisi\u00e7\u00e3o de um bem de capital.<br \/>\nExemplos: material gr\u00e1fico, manuten\u00e7\u00e3o e conserva\u00e7\u00e3o de equipamento de processamento de dados; pen-drive; pe\u00e7as de inform\u00e1tica para reposi\u00e7\u00e3o imediata ou para estoque, despesas com di\u00e1rias pagas a prestadores de servi\u00e7os para a administra\u00e7\u00e3o p\u00fablica, manuten\u00e7\u00e3o de software, suporte de infraestrutura de Tecnologia da Informa\u00e7\u00e3o e Comunica\u00e7\u00e3o.<\/p>\n<p><u><strong>Poss\u00edveis Veda\u00e7\u00f5es com Implica\u00e7\u00e3o aos Servidores<\/strong><\/u><\/p>\n<ul>\n<li>Veda\u00e7\u00e3o \u00e0 concess\u00e3o de reajuste salarial, exceto decis\u00e3o judicial com transito em julgado;<\/li>\n<li>Veda\u00e7\u00e3o a cria\u00e7\u00e3o de cargos que implique despesas;<\/li>\n<li>Veda\u00e7\u00e3o \u00e0 reestrutura\u00e7\u00e3o de carreiras que implique em despesa;<\/li>\n<li>Veda\u00e7\u00e3o \u00e0 contrata\u00e7\u00e3o de pessoal efetivo, exceto vac\u00e2ncia;<\/li>\n<li>Veda\u00e7\u00e3o de novos concursos p\u00fablicos, exceto para reposi\u00e7\u00e3o;<\/li>\n<li>Veda\u00e7\u00e3o \u00e0 cria\u00e7\u00e3o ou majora\u00e7\u00e3o de aux\u00edlios;<\/li>\n<li>Veda\u00e7\u00e3o \u00e0 cria\u00e7\u00e3o de Nova despesa obrigat\u00f3ria;<\/li>\n<li>Veda\u00e7\u00e3o \u00e0 eleva\u00e7\u00e3o de despesa obrigat\u00f3ria acima da infla\u00e7\u00e3o<\/li>\n<\/ul>\n<p>\n<u><strong>Poss\u00edveis veda\u00e7\u00f5es sem Impacto para os Servidores P\u00fablicos<\/strong><\/u><\/p>\n<ul>\n<li>Veda\u00e7\u00e3o \u00e0 cria\u00e7\u00e3o ou expans\u00e3o de programas e linhas de financiamento;<\/li>\n<li>Veda\u00e7\u00e3o \u00e0 concess\u00e3o ou amplia\u00e7\u00e3o de incentivo ou benef\u00edcios de natureza tribut\u00e1ria.<\/li>\n<\/ul>\n<p>\n<u><strong>?Nota T\u00e9cnica 252 DIEESE<\/strong><\/u><\/p>\n<p>De acordo com DIEESE tr\u00eas estados brasileiros j\u00e1 teriam que colocar em pr\u00e1tica toda essa limita\u00e7\u00e3o or\u00e7ament\u00e1ria, a despeito do caos da presta\u00e7\u00e3o de servi\u00e7os p\u00fablicos na atual crise sanit\u00e1ria: Rio Grande do Sul, Minas Gerais e Rio Grande do Norte.<br \/>\nAl\u00e9m dos tr\u00eas estados, outros 15 (quinze) estados possuem comprometimento da receita entre 85% e 95% e que tamb\u00e9m j\u00e1 poderiam colocar em pr\u00e1tica tais medidas. Isto \u00e9, cerca de dois ter\u00e7os dos estados brasileiros j\u00e1 est\u00e3o em condi\u00e7\u00f5es de implementar as medidas de conten\u00e7\u00e3o de gastos prim\u00e1rios, deteriorando ainda mais os servi\u00e7os p\u00fablicos. Em pouco tempo esses gatilhos ser\u00e3o alcan\u00e7ados tamb\u00e9m pela Uni\u00e3o e ainda \u00e9 desconhecido o impacto potencial sobre os munic\u00edpios. (https:\/\/www.dieese.org.br\/notatecnica\/2021\/notaTec252PECEmergencial.html)<\/p>\n<p><strong><u>Inclus\u00e3o de Aposentado e Pensionistas no C\u00e1lculo de gasto de Pessoal<\/u><\/strong><\/p>\n<p>Outro aspecto fundamental aprovado pela EC 109, e com grande impacto para os servidores e servi\u00e7o p\u00fablico, \u00e9 a inclus\u00e3o de aposentados e pensionistas no c\u00e1lculo de gasto com pessoal. Essa inclus\u00e3o far\u00e1 com que a rela\u00e7\u00e3o entre esse gasto e a receita aumente em grande escala e, em muitos casos, ultrapasse os limites, o que implicar\u00e1, em um fator significativo para disparar o gatilho das proibi\u00e7\u00f5es dadas pela mudan\u00e7a constitucional.<\/p>\n","protected":false},"excerpt":{"rendered":"<p>O Congresso Nacional promulgou a Emenda Constitucional 109\/2021, que d\u00e1 mais rigidez \u00e0s medidas de conten\u00e7\u00e3o fiscal, controle de despesas e redu\u00e7\u00e3o de incentivos tribut\u00e1rios. O texto \u00e9 resultado da an\u00e1lise da PEC Emergencial, aprovada pelo Senado, em 4 de mar\u00e7o, e pela C\u00e2mara dos Deputados, no dia 12 do mesmo m\u00eas. A normal tamb\u00e9m [&hellip;]<\/p>\n","protected":false},"author":1,"featured_media":0,"comment_status":"closed","ping_status":"closed","sticky":false,"template":"","format":"standard","meta":{"_eb_attr":"","_uag_custom_page_level_css":"","fifu_image_url":"","fifu_image_alt":"","footnotes":""},"categories":[7],"tags":[32],"class_list":["post-1275","post","type-post","status-publish","format-standard","hentry","category-noticias","tag-null"],"yoast_head":"<!-- This site is optimized with the Yoast SEO plugin v27.1.1 - https:\/\/yoast.com\/product\/yoast-seo-wordpress\/ -->\n<title>Emenda Constitucional - 109 e os Impactos nos Munic\u00edpios! - Federa\u00e7\u00e3o dos Municip\u00e1rios do Estado do Rio Grande do Sul<\/title>\n<meta name=\"robots\" content=\"index, follow, max-snippet:-1, max-image-preview:large, max-video-preview:-1\" \/>\n<link rel=\"canonical\" href=\"https:\/\/femergs.com.br\/wfe\/blog\/emenda-constitucional-109-e-os-impactos-nos-municipios\/\" \/>\n<meta property=\"og:locale\" content=\"pt_BR\" \/>\n<meta property=\"og:type\" content=\"article\" \/>\n<meta property=\"og:title\" content=\"Emenda Constitucional - 109 e os Impactos nos Munic\u00edpios! - Federa\u00e7\u00e3o dos Municip\u00e1rios do Estado do Rio Grande do Sul\" \/>\n<meta property=\"og:description\" content=\"O Congresso Nacional promulgou a Emenda Constitucional 109\/2021, que d\u00e1 mais rigidez \u00e0s medidas de conten\u00e7\u00e3o fiscal, controle de despesas e redu\u00e7\u00e3o de incentivos tribut\u00e1rios. O texto \u00e9 resultado da an\u00e1lise da PEC Emergencial, aprovada pelo Senado, em 4 de mar\u00e7o, e pela C\u00e2mara dos Deputados, no dia 12 do mesmo m\u00eas. A normal tamb\u00e9m [&hellip;]\" \/>\n<meta property=\"og:url\" content=\"https:\/\/femergs.com.br\/wfe\/blog\/emenda-constitucional-109-e-os-impactos-nos-municipios\/\" \/>\n<meta property=\"og:site_name\" content=\"Federa\u00e7\u00e3o dos Municip\u00e1rios do Estado do Rio Grande do Sul\" \/>\n<meta property=\"article:publisher\" content=\"https:\/\/www.facebook.com\/profile.php?id=100057151733001\" \/>\n<meta property=\"article:published_time\" content=\"2021-03-26T19:49:34+00:00\" \/>\n<meta property=\"article:modified_time\" content=\"2025-09-02T20:00:07+00:00\" \/>\n<meta name=\"author\" content=\"adminfemergs\" \/>\n<meta name=\"twitter:card\" content=\"summary_large_image\" \/>\n<meta name=\"twitter:label1\" content=\"Escrito por\" \/>\n\t<meta name=\"twitter:data1\" content=\"adminfemergs\" \/>\n\t<meta name=\"twitter:label2\" content=\"Est. tempo de leitura\" \/>\n\t<meta name=\"twitter:data2\" content=\"5 minutos\" \/>\n<script type=\"application\/ld+json\" class=\"yoast-schema-graph\">{\"@context\":\"https:\/\/schema.org\",\"@graph\":[{\"@type\":\"Article\",\"@id\":\"https:\/\/femergs.com.br\/wfe\/blog\/emenda-constitucional-109-e-os-impactos-nos-municipios\/#article\",\"isPartOf\":{\"@id\":\"https:\/\/femergs.com.br\/wfe\/blog\/emenda-constitucional-109-e-os-impactos-nos-municipios\/\"},\"author\":{\"name\":\"adminfemergs\",\"@id\":\"https:\/\/femergs.com.br\/wfe\/#\/schema\/person\/f5558e6b5ffc044ee085016237dedb7f\"},\"headline\":\"Emenda Constitucional &#8211; 109 e os Impactos nos Munic\u00edpios!\",\"datePublished\":\"2021-03-26T19:49:34+00:00\",\"dateModified\":\"2025-09-02T20:00:07+00:00\",\"mainEntityOfPage\":{\"@id\":\"https:\/\/femergs.com.br\/wfe\/blog\/emenda-constitucional-109-e-os-impactos-nos-municipios\/\"},\"wordCount\":1034,\"publisher\":{\"@id\":\"https:\/\/femergs.com.br\/wfe\/#organization\"},\"keywords\":[\"NULL\"],\"articleSection\":[\"Not\u00edcias Gerais\"],\"inLanguage\":\"pt-BR\"},{\"@type\":\"WebPage\",\"@id\":\"https:\/\/femergs.com.br\/wfe\/blog\/emenda-constitucional-109-e-os-impactos-nos-municipios\/\",\"url\":\"https:\/\/femergs.com.br\/wfe\/blog\/emenda-constitucional-109-e-os-impactos-nos-municipios\/\",\"name\":\"Emenda Constitucional - 109 e os Impactos nos Munic\u00edpios! - Federa\u00e7\u00e3o dos Municip\u00e1rios do Estado do Rio Grande do Sul\",\"isPartOf\":{\"@id\":\"https:\/\/femergs.com.br\/wfe\/#website\"},\"datePublished\":\"2021-03-26T19:49:34+00:00\",\"dateModified\":\"2025-09-02T20:00:07+00:00\",\"breadcrumb\":{\"@id\":\"https:\/\/femergs.com.br\/wfe\/blog\/emenda-constitucional-109-e-os-impactos-nos-municipios\/#breadcrumb\"},\"inLanguage\":\"pt-BR\",\"potentialAction\":[{\"@type\":\"ReadAction\",\"target\":[\"https:\/\/femergs.com.br\/wfe\/blog\/emenda-constitucional-109-e-os-impactos-nos-municipios\/\"]}]},{\"@type\":\"BreadcrumbList\",\"@id\":\"https:\/\/femergs.com.br\/wfe\/blog\/emenda-constitucional-109-e-os-impactos-nos-municipios\/#breadcrumb\",\"itemListElement\":[{\"@type\":\"ListItem\",\"position\":1,\"name\":\"In\u00edcio\",\"item\":\"https:\/\/femergs.com.br\/wfe\/\"},{\"@type\":\"ListItem\",\"position\":2,\"name\":\"Emenda Constitucional &#8211; 109 e os Impactos nos Munic\u00edpios!\"}]},{\"@type\":\"WebSite\",\"@id\":\"https:\/\/femergs.com.br\/wfe\/#website\",\"url\":\"https:\/\/femergs.com.br\/wfe\/\",\"name\":\"FEMERGS\",\"description\":\"FEDERA\u00c7\u00c3O DOS MUNICIP\u00c1RIOS DO ESTADO DO RIO GRANDE DO SUL\",\"publisher\":{\"@id\":\"https:\/\/femergs.com.br\/wfe\/#organization\"},\"potentialAction\":[{\"@type\":\"SearchAction\",\"target\":{\"@type\":\"EntryPoint\",\"urlTemplate\":\"https:\/\/femergs.com.br\/wfe\/?s={search_term_string}\"},\"query-input\":{\"@type\":\"PropertyValueSpecification\",\"valueRequired\":true,\"valueName\":\"search_term_string\"}}],\"inLanguage\":\"pt-BR\"},{\"@type\":\"Organization\",\"@id\":\"https:\/\/femergs.com.br\/wfe\/#organization\",\"name\":\"FEMERGS\",\"url\":\"https:\/\/femergs.com.br\/wfe\/\",\"logo\":{\"@type\":\"ImageObject\",\"inLanguage\":\"pt-BR\",\"@id\":\"https:\/\/femergs.com.br\/wfe\/#\/schema\/logo\/image\/\",\"url\":\"https:\/\/femergs.com.br\/wfe\/wp-content\/uploads\/2025\/06\/logotipo.png\",\"contentUrl\":\"https:\/\/femergs.com.br\/wfe\/wp-content\/uploads\/2025\/06\/logotipo.png\",\"width\":500,\"height\":500,\"caption\":\"FEMERGS\"},\"image\":{\"@id\":\"https:\/\/femergs.com.br\/wfe\/#\/schema\/logo\/image\/\"},\"sameAs\":[\"https:\/\/www.facebook.com\/profile.php?id=100057151733001\",\"https:\/\/www.instagram.com\/femergs_rs\/\"]},{\"@type\":\"Person\",\"@id\":\"https:\/\/femergs.com.br\/wfe\/#\/schema\/person\/f5558e6b5ffc044ee085016237dedb7f\",\"name\":\"adminfemergs\",\"image\":{\"@type\":\"ImageObject\",\"inLanguage\":\"pt-BR\",\"@id\":\"https:\/\/femergs.com.br\/wfe\/#\/schema\/person\/image\/\",\"url\":\"https:\/\/secure.gravatar.com\/avatar\/398642fa557cdd524617ad9b31c938845f071aeb3448b9c0aeb29aefc495337b?s=96&d=mm&r=g\",\"contentUrl\":\"https:\/\/secure.gravatar.com\/avatar\/398642fa557cdd524617ad9b31c938845f071aeb3448b9c0aeb29aefc495337b?s=96&d=mm&r=g\",\"caption\":\"adminfemergs\"},\"sameAs\":[\"https:\/\/femergs.com.br\/wfe\"],\"url\":\"https:\/\/femergs.com.br\/wfe\/blog\/author\/adminfemergs\/\"}]}<\/script>\n<!-- \/ Yoast SEO plugin. -->","yoast_head_json":{"title":"Emenda Constitucional - 109 e os Impactos nos Munic\u00edpios! - Federa\u00e7\u00e3o dos Municip\u00e1rios do Estado do Rio Grande do Sul","robots":{"index":"index","follow":"follow","max-snippet":"max-snippet:-1","max-image-preview":"max-image-preview:large","max-video-preview":"max-video-preview:-1"},"canonical":"https:\/\/femergs.com.br\/wfe\/blog\/emenda-constitucional-109-e-os-impactos-nos-municipios\/","og_locale":"pt_BR","og_type":"article","og_title":"Emenda Constitucional - 109 e os Impactos nos Munic\u00edpios! - Federa\u00e7\u00e3o dos Municip\u00e1rios do Estado do Rio Grande do Sul","og_description":"O Congresso Nacional promulgou a Emenda Constitucional 109\/2021, que d\u00e1 mais rigidez \u00e0s medidas de conten\u00e7\u00e3o fiscal, controle de despesas e redu\u00e7\u00e3o de incentivos tribut\u00e1rios. O texto \u00e9 resultado da an\u00e1lise da PEC Emergencial, aprovada pelo Senado, em 4 de mar\u00e7o, e pela C\u00e2mara dos Deputados, no dia 12 do mesmo m\u00eas. A normal tamb\u00e9m [&hellip;]","og_url":"https:\/\/femergs.com.br\/wfe\/blog\/emenda-constitucional-109-e-os-impactos-nos-municipios\/","og_site_name":"Federa\u00e7\u00e3o dos Municip\u00e1rios do Estado do Rio Grande do Sul","article_publisher":"https:\/\/www.facebook.com\/profile.php?id=100057151733001","article_published_time":"2021-03-26T19:49:34+00:00","article_modified_time":"2025-09-02T20:00:07+00:00","author":"adminfemergs","twitter_card":"summary_large_image","twitter_misc":{"Escrito por":"adminfemergs","Est. tempo de leitura":"5 minutos"},"schema":{"@context":"https:\/\/schema.org","@graph":[{"@type":"Article","@id":"https:\/\/femergs.com.br\/wfe\/blog\/emenda-constitucional-109-e-os-impactos-nos-municipios\/#article","isPartOf":{"@id":"https:\/\/femergs.com.br\/wfe\/blog\/emenda-constitucional-109-e-os-impactos-nos-municipios\/"},"author":{"name":"adminfemergs","@id":"https:\/\/femergs.com.br\/wfe\/#\/schema\/person\/f5558e6b5ffc044ee085016237dedb7f"},"headline":"Emenda Constitucional &#8211; 109 e os Impactos nos Munic\u00edpios!","datePublished":"2021-03-26T19:49:34+00:00","dateModified":"2025-09-02T20:00:07+00:00","mainEntityOfPage":{"@id":"https:\/\/femergs.com.br\/wfe\/blog\/emenda-constitucional-109-e-os-impactos-nos-municipios\/"},"wordCount":1034,"publisher":{"@id":"https:\/\/femergs.com.br\/wfe\/#organization"},"keywords":["NULL"],"articleSection":["Not\u00edcias Gerais"],"inLanguage":"pt-BR"},{"@type":"WebPage","@id":"https:\/\/femergs.com.br\/wfe\/blog\/emenda-constitucional-109-e-os-impactos-nos-municipios\/","url":"https:\/\/femergs.com.br\/wfe\/blog\/emenda-constitucional-109-e-os-impactos-nos-municipios\/","name":"Emenda Constitucional - 109 e os Impactos nos Munic\u00edpios! - Federa\u00e7\u00e3o dos Municip\u00e1rios do Estado do Rio Grande do Sul","isPartOf":{"@id":"https:\/\/femergs.com.br\/wfe\/#website"},"datePublished":"2021-03-26T19:49:34+00:00","dateModified":"2025-09-02T20:00:07+00:00","breadcrumb":{"@id":"https:\/\/femergs.com.br\/wfe\/blog\/emenda-constitucional-109-e-os-impactos-nos-municipios\/#breadcrumb"},"inLanguage":"pt-BR","potentialAction":[{"@type":"ReadAction","target":["https:\/\/femergs.com.br\/wfe\/blog\/emenda-constitucional-109-e-os-impactos-nos-municipios\/"]}]},{"@type":"BreadcrumbList","@id":"https:\/\/femergs.com.br\/wfe\/blog\/emenda-constitucional-109-e-os-impactos-nos-municipios\/#breadcrumb","itemListElement":[{"@type":"ListItem","position":1,"name":"In\u00edcio","item":"https:\/\/femergs.com.br\/wfe\/"},{"@type":"ListItem","position":2,"name":"Emenda Constitucional &#8211; 109 e os Impactos nos Munic\u00edpios!"}]},{"@type":"WebSite","@id":"https:\/\/femergs.com.br\/wfe\/#website","url":"https:\/\/femergs.com.br\/wfe\/","name":"FEMERGS","description":"FEDERA\u00c7\u00c3O DOS MUNICIP\u00c1RIOS DO ESTADO DO RIO GRANDE DO SUL","publisher":{"@id":"https:\/\/femergs.com.br\/wfe\/#organization"},"potentialAction":[{"@type":"SearchAction","target":{"@type":"EntryPoint","urlTemplate":"https:\/\/femergs.com.br\/wfe\/?s={search_term_string}"},"query-input":{"@type":"PropertyValueSpecification","valueRequired":true,"valueName":"search_term_string"}}],"inLanguage":"pt-BR"},{"@type":"Organization","@id":"https:\/\/femergs.com.br\/wfe\/#organization","name":"FEMERGS","url":"https:\/\/femergs.com.br\/wfe\/","logo":{"@type":"ImageObject","inLanguage":"pt-BR","@id":"https:\/\/femergs.com.br\/wfe\/#\/schema\/logo\/image\/","url":"https:\/\/femergs.com.br\/wfe\/wp-content\/uploads\/2025\/06\/logotipo.png","contentUrl":"https:\/\/femergs.com.br\/wfe\/wp-content\/uploads\/2025\/06\/logotipo.png","width":500,"height":500,"caption":"FEMERGS"},"image":{"@id":"https:\/\/femergs.com.br\/wfe\/#\/schema\/logo\/image\/"},"sameAs":["https:\/\/www.facebook.com\/profile.php?id=100057151733001","https:\/\/www.instagram.com\/femergs_rs\/"]},{"@type":"Person","@id":"https:\/\/femergs.com.br\/wfe\/#\/schema\/person\/f5558e6b5ffc044ee085016237dedb7f","name":"adminfemergs","image":{"@type":"ImageObject","inLanguage":"pt-BR","@id":"https:\/\/femergs.com.br\/wfe\/#\/schema\/person\/image\/","url":"https:\/\/secure.gravatar.com\/avatar\/398642fa557cdd524617ad9b31c938845f071aeb3448b9c0aeb29aefc495337b?s=96&d=mm&r=g","contentUrl":"https:\/\/secure.gravatar.com\/avatar\/398642fa557cdd524617ad9b31c938845f071aeb3448b9c0aeb29aefc495337b?s=96&d=mm&r=g","caption":"adminfemergs"},"sameAs":["https:\/\/femergs.com.br\/wfe"],"url":"https:\/\/femergs.com.br\/wfe\/blog\/author\/adminfemergs\/"}]}},"uagb_featured_image_src":{"full":false,"thumbnail":false,"medium":false,"medium_large":false,"large":false,"1536x1536":false,"2048x2048":false,"ultp_layout_landscape_large":false,"ultp_layout_landscape":false,"ultp_layout_portrait":false,"ultp_layout_square":false},"uagb_author_info":{"display_name":"adminfemergs","author_link":"https:\/\/femergs.com.br\/wfe\/blog\/author\/adminfemergs\/"},"uagb_comment_info":0,"uagb_excerpt":"O Congresso Nacional promulgou a Emenda Constitucional 109\/2021, que d\u00e1 mais rigidez \u00e0s medidas de conten\u00e7\u00e3o fiscal, controle de despesas e redu\u00e7\u00e3o de incentivos tribut\u00e1rios. O texto \u00e9 resultado da an\u00e1lise da PEC Emergencial, aprovada pelo Senado, em 4 de mar\u00e7o, e pela C\u00e2mara dos Deputados, no dia 12 do mesmo m\u00eas. A normal tamb\u00e9m&hellip;","_links":{"self":[{"href":"https:\/\/femergs.com.br\/wfe\/wp-json\/wp\/v2\/posts\/1275","targetHints":{"allow":["GET"]}}],"collection":[{"href":"https:\/\/femergs.com.br\/wfe\/wp-json\/wp\/v2\/posts"}],"about":[{"href":"https:\/\/femergs.com.br\/wfe\/wp-json\/wp\/v2\/types\/post"}],"author":[{"embeddable":true,"href":"https:\/\/femergs.com.br\/wfe\/wp-json\/wp\/v2\/users\/1"}],"replies":[{"embeddable":true,"href":"https:\/\/femergs.com.br\/wfe\/wp-json\/wp\/v2\/comments?post=1275"}],"version-history":[{"count":1,"href":"https:\/\/femergs.com.br\/wfe\/wp-json\/wp\/v2\/posts\/1275\/revisions"}],"predecessor-version":[{"id":1535,"href":"https:\/\/femergs.com.br\/wfe\/wp-json\/wp\/v2\/posts\/1275\/revisions\/1535"}],"wp:attachment":[{"href":"https:\/\/femergs.com.br\/wfe\/wp-json\/wp\/v2\/media?parent=1275"}],"wp:term":[{"taxonomy":"category","embeddable":true,"href":"https:\/\/femergs.com.br\/wfe\/wp-json\/wp\/v2\/categories?post=1275"},{"taxonomy":"post_tag","embeddable":true,"href":"https:\/\/femergs.com.br\/wfe\/wp-json\/wp\/v2\/tags?post=1275"}],"curies":[{"name":"wp","href":"https:\/\/api.w.org\/{rel}","templated":true}]}}