{"id":1277,"date":"2021-06-17T11:41:18","date_gmt":"2021-06-17T11:41:18","guid":{"rendered":"https:\/\/femergs.com.br\/wfe\/blog\/forum-em-defesa-do-ipe-conquista-a-personalidade-juridica-femergs-integra-o-forum\/"},"modified":"2025-09-02T20:00:07","modified_gmt":"2025-09-02T20:00:07","slug":"forum-em-defesa-do-ipe-conquista-a-personalidade-juridica-femergs-integra-o-forum","status":"publish","type":"post","link":"https:\/\/femergs.com.br\/wfe\/blog\/forum-em-defesa-do-ipe-conquista-a-personalidade-juridica-femergs-integra-o-forum\/","title":{"rendered":"F\u00f3rum em Defesa do Ip\u00ea conquista a Personalidade Jur\u00eddica &#8211; FEMERGS integra o F\u00f3rum."},"content":{"rendered":"<p>Com a representatividade da Federa\u00e7\u00e3o dos Servidores Estaduais (Fessergs), dos Servidores Municipais, Femergs e Fesismers da Brigada Militar (Abamf\/BM), o F\u00f3rum Permanente realizou uma audi\u00eancia virtual com o presidente do IPE-Sa\u00fade nesta segunda-feira. Coincidentemente neste 14 de junho o presidente do F\u00f3rum, J\u00falio C\u00e9sar Lopes Pereira, recebeu o CNPJ da entidade, formalizando a personalidade jur\u00eddica da entidade, constitu\u00edda para defender o Instituto de Previd\u00eancia, que \u00e9 patrim\u00f4nio dos servidores do Estado. Durante quase duas horas ocorreu um debate extremamente proveitoso, onde o presidente do IPE-Sa\u00fade, J\u00falio C\u00e9sar Viero Ruivo, acompanhado do diretor de Relacionamento Paulo Gnoatto, ouviu as reivindica\u00e7\u00f5es dos representantes dos servidores e fez um relato das a\u00e7\u00f5es que est\u00e3o sendo tomadas, principalmente neste momento de pandemia.<br \/>\n <img decoding=\"async\" src=\"data:image\/gif;base64,R0lGODlhAQABAIAAAAAAAP\/\/\/ywAAAAAAQABAAACAUwAOw==\" fifu-lazy=\"1\" fifu-data-sizes=\"auto\" fifu-data-srcset=\"\/Im4g3nsN0t1cia\/geral\/images\/Aud_Virtual_1.jpg?w=75&resize=75&ssl=1 75w, \/Im4g3nsN0t1cia\/geral\/images\/Aud_Virtual_1.jpg?w=100&resize=100&ssl=1 100w, \/Im4g3nsN0t1cia\/geral\/images\/Aud_Virtual_1.jpg?w=150&resize=150&ssl=1 150w, \/Im4g3nsN0t1cia\/geral\/images\/Aud_Virtual_1.jpg?w=240&resize=240&ssl=1 240w, \/Im4g3nsN0t1cia\/geral\/images\/Aud_Virtual_1.jpg?w=320&resize=320&ssl=1 320w, \/Im4g3nsN0t1cia\/geral\/images\/Aud_Virtual_1.jpg?w=500&resize=500&ssl=1 500w, \/Im4g3nsN0t1cia\/geral\/images\/Aud_Virtual_1.jpg?w=640&resize=640&ssl=1 640w, \/Im4g3nsN0t1cia\/geral\/images\/Aud_Virtual_1.jpg?w=800&resize=800&ssl=1 800w, \/Im4g3nsN0t1cia\/geral\/images\/Aud_Virtual_1.jpg?w=1024&resize=1024&ssl=1 1024w, \/Im4g3nsN0t1cia\/geral\/images\/Aud_Virtual_1.jpg?w=1280&resize=1280&ssl=1 1280w, \/Im4g3nsN0t1cia\/geral\/images\/Aud_Virtual_1.jpg?w=1600&resize=1600&ssl=1 1600w\" alt=\"\" fifu-data-src=\"\/Im4g3nsN0t1cia\/geral\/images\/Aud_Virtual_1.jpg\" style=\"height:463px; width:800px\" \/><br \/>\nO presidente da Fessergs, S\u00e9rgio Arnoud iniciou falando da import\u00e2ncia da constitui\u00e7\u00e3o do F\u00f3rum, em maio de 2019, no in\u00edcio da gest\u00e3o Eduardo Leite, em uma ampla reuni\u00e3o na Sala de Converg\u00eancia da Assembleia Legislativa do RS, com a presen\u00e7a de mais de vinte entidades. A formaliza\u00e7\u00e3o jur\u00eddica mostra sua consolida\u00e7\u00e3o e permanente luta pela manuten\u00e7\u00e3o do patrim\u00f4nio do IPE. O representante da Brigada Militar, vice-presidente da Abamf\/BM,Jairo da Rosa, trouxe a quest\u00e3o referente a aberturas de postos do no interior do estado, demanda levada pela Abamf ao desde as primeiras reuni\u00f5es com a dire\u00e7\u00e3o do IPE, h\u00e1 dois anos. Tamb\u00e9m foi levantada a import\u00e2ncia de incrementar o atendimento via telefone para dirimir d\u00favidas e o aumento do n\u00famero de m\u00e9dicos das mais diversas especialidades com urg\u00eancia em todas as regi\u00f5es. Os presidentes da Femergs e Fesismers, Vilson Weber e Clelio Covari, trouxeram as preocupa\u00e7\u00f5es dos municip\u00e1rios, com rela\u00e7\u00e3o \u00e0 falta de ag\u00eancias, a dificuldade de atendimento via internet e tamb\u00e9m por telefone, falta de especialidades m\u00e9dicas, principalmente com a inclus\u00e3o de novas categorias. As Federa\u00e7\u00f5es se colocaram \u00e0 disposi\u00e7\u00e3o para trabalhar em conjunto com o IPE-Sa\u00fade, disponibilizando os Sindicatos e sua estrutura. Participaram ainda os dois Conselheiros do IPE-Sa\u00fade indicados pela Fessergs, M\u00e1rcia Elisa Pereira Trindade e Ant\u00f4nio de P\u00e1dua Vargas Alves, que foi Diretor M\u00e9dico do Instituto e o vice-presidente do Sindiper\u00edcias e tamb\u00e9m Conselheiro indicado pela Fessergs no IPE-Prev, Henrrique Bueno Machado.<br \/>\n <img decoding=\"async\" src=\"data:image\/gif;base64,R0lGODlhAQABAIAAAAAAAP\/\/\/ywAAAAAAQABAAACAUwAOw==\" fifu-lazy=\"1\" fifu-data-sizes=\"auto\" fifu-data-srcset=\"\/Im4g3nsN0t1cia\/geral\/images\/WhatsApp_Image_2021-06-17_at_11_21_55.jpeg?w=75&resize=75&ssl=1 75w, \/Im4g3nsN0t1cia\/geral\/images\/WhatsApp_Image_2021-06-17_at_11_21_55.jpeg?w=100&resize=100&ssl=1 100w, \/Im4g3nsN0t1cia\/geral\/images\/WhatsApp_Image_2021-06-17_at_11_21_55.jpeg?w=150&resize=150&ssl=1 150w, \/Im4g3nsN0t1cia\/geral\/images\/WhatsApp_Image_2021-06-17_at_11_21_55.jpeg?w=240&resize=240&ssl=1 240w, \/Im4g3nsN0t1cia\/geral\/images\/WhatsApp_Image_2021-06-17_at_11_21_55.jpeg?w=320&resize=320&ssl=1 320w, \/Im4g3nsN0t1cia\/geral\/images\/WhatsApp_Image_2021-06-17_at_11_21_55.jpeg?w=500&resize=500&ssl=1 500w, \/Im4g3nsN0t1cia\/geral\/images\/WhatsApp_Image_2021-06-17_at_11_21_55.jpeg?w=640&resize=640&ssl=1 640w, \/Im4g3nsN0t1cia\/geral\/images\/WhatsApp_Image_2021-06-17_at_11_21_55.jpeg?w=800&resize=800&ssl=1 800w, \/Im4g3nsN0t1cia\/geral\/images\/WhatsApp_Image_2021-06-17_at_11_21_55.jpeg?w=1024&resize=1024&ssl=1 1024w, \/Im4g3nsN0t1cia\/geral\/images\/WhatsApp_Image_2021-06-17_at_11_21_55.jpeg?w=1280&resize=1280&ssl=1 1280w, \/Im4g3nsN0t1cia\/geral\/images\/WhatsApp_Image_2021-06-17_at_11_21_55.jpeg?w=1600&resize=1600&ssl=1 1600w\" alt=\"\" fifu-data-src=\"\/Im4g3nsN0t1cia\/geral\/images\/WhatsApp_Image_2021-06-17_at_11_21_55.jpeg\" style=\"height:886px; width:793px\" \/><br \/>\nO presidente do IPE- Sa\u00fade, J\u00falio Ruivo, fez um amplo e transparente relato informando que o Instituto est\u00e1 trabalhando sempre no limite financeiro. H\u00e1 cerca de dois meses na presid\u00eancia, Ruivo busca fazer uma gest\u00e3o eficaz que contemple as necessidades dos segurados em especial no delicado momento de Pandemia que o mundo enfrenta. Desde  in\u00edcio de sua gest\u00e3o vem realizando encontros com os mais diversos setores, o que demonstra sua disponibilidade de aproxima\u00e7\u00e3o. O diretor de Relacionamento, Paulo Gnoatto refor\u00e7ou que o IPE eira em breve inaugurar postos de \u201cTudo F\u00e1cil\u201d para agilizar o atendimento e refor\u00e7ar muito o atendimento via telefone com a contrata\u00e7\u00e3o de uma empresa especializada. Com rela\u00e7\u00e3o \u00e0 informatiza\u00e7\u00e3o do atendimento, Gnoatto disse que a moderniza\u00e7\u00e3o \u00e9 constante e que o atendimento mudou totalmente com a Pandemia. Tamb\u00e9m comentada a quest\u00e3o do concurso p\u00fablico em curso que deve melhorar o atendimento.<\/p>\n<p>Por fim, ficou firmado um canal de comunica\u00e7\u00e3o permanente entre o F\u00f3rum Permante e o IPE-Sa\u00fade para que sejam realizadas audi\u00eancias constantes e haja um trabalho conjunto entre servidores de todas as esferas a dire\u00e7\u00e3o do Instituto.<\/p>\n","protected":false},"excerpt":{"rendered":"<p>Com a representatividade da Federa\u00e7\u00e3o dos Servidores Estaduais (Fessergs), dos Servidores Municipais, Femergs e Fesismers da Brigada Militar (Abamf\/BM), o F\u00f3rum Permanente realizou uma audi\u00eancia virtual com o presidente do IPE-Sa\u00fade nesta segunda-feira. Coincidentemente neste 14 de junho o presidente do F\u00f3rum, J\u00falio C\u00e9sar Lopes Pereira, recebeu o CNPJ da entidade, formalizando a personalidade jur\u00eddica [&hellip;]<\/p>\n","protected":false},"author":1,"featured_media":0,"comment_status":"closed","ping_status":"closed","sticky":false,"template":"","format":"standard","meta":{"_eb_attr":"","_uag_custom_page_level_css":"","fifu_image_url":"","fifu_image_alt":"","footnotes":""},"categories":[7],"tags":[32],"class_list":["post-1277","post","type-post","status-publish","format-standard","hentry","category-noticias","tag-null"],"yoast_head":"<!-- This site is optimized with the Yoast SEO plugin v27.1.1 - https:\/\/yoast.com\/product\/yoast-seo-wordpress\/ -->\n<title>F\u00f3rum em Defesa do Ip\u00ea conquista a Personalidade Jur\u00eddica - FEMERGS integra o F\u00f3rum. - Federa\u00e7\u00e3o dos Municip\u00e1rios do Estado do Rio Grande do Sul<\/title>\n<meta name=\"robots\" content=\"index, follow, max-snippet:-1, max-image-preview:large, max-video-preview:-1\" \/>\n<link rel=\"canonical\" href=\"https:\/\/femergs.com.br\/wfe\/blog\/forum-em-defesa-do-ipe-conquista-a-personalidade-juridica-femergs-integra-o-forum\/\" \/>\n<meta property=\"og:locale\" content=\"pt_BR\" \/>\n<meta property=\"og:type\" content=\"article\" \/>\n<meta property=\"og:title\" content=\"F\u00f3rum em Defesa do Ip\u00ea conquista a Personalidade Jur\u00eddica - FEMERGS integra o F\u00f3rum. - Federa\u00e7\u00e3o dos Municip\u00e1rios do Estado do Rio Grande do Sul\" \/>\n<meta property=\"og:description\" content=\"Com a representatividade da Federa\u00e7\u00e3o dos Servidores Estaduais (Fessergs), dos Servidores Municipais, Femergs e Fesismers da Brigada Militar (Abamf\/BM), o F\u00f3rum Permanente realizou uma audi\u00eancia virtual com o presidente do IPE-Sa\u00fade nesta segunda-feira. Coincidentemente neste 14 de junho o presidente do F\u00f3rum, J\u00falio C\u00e9sar Lopes Pereira, recebeu o CNPJ da entidade, formalizando a personalidade jur\u00eddica [&hellip;]\" \/>\n<meta property=\"og:url\" content=\"https:\/\/femergs.com.br\/wfe\/blog\/forum-em-defesa-do-ipe-conquista-a-personalidade-juridica-femergs-integra-o-forum\/\" \/>\n<meta property=\"og:site_name\" content=\"Federa\u00e7\u00e3o dos Municip\u00e1rios do Estado do Rio Grande do Sul\" \/>\n<meta property=\"article:publisher\" content=\"https:\/\/www.facebook.com\/profile.php?id=100057151733001\" \/>\n<meta property=\"article:published_time\" content=\"2021-06-17T11:41:18+00:00\" \/>\n<meta property=\"article:modified_time\" content=\"2025-09-02T20:00:07+00:00\" \/>\n<meta name=\"author\" content=\"adminfemergs\" \/>\n<meta name=\"twitter:card\" content=\"summary_large_image\" \/>\n<meta name=\"twitter:label1\" content=\"Escrito por\" \/>\n\t<meta name=\"twitter:data1\" content=\"adminfemergs\" \/>\n\t<meta name=\"twitter:label2\" content=\"Est. tempo de leitura\" \/>\n\t<meta name=\"twitter:data2\" content=\"3 minutos\" \/>\n<script type=\"application\/ld+json\" class=\"yoast-schema-graph\">{\"@context\":\"https:\/\/schema.org\",\"@graph\":[{\"@type\":\"Article\",\"@id\":\"https:\/\/femergs.com.br\/wfe\/blog\/forum-em-defesa-do-ipe-conquista-a-personalidade-juridica-femergs-integra-o-forum\/#article\",\"isPartOf\":{\"@id\":\"https:\/\/femergs.com.br\/wfe\/blog\/forum-em-defesa-do-ipe-conquista-a-personalidade-juridica-femergs-integra-o-forum\/\"},\"author\":{\"name\":\"adminfemergs\",\"@id\":\"https:\/\/femergs.com.br\/wfe\/#\/schema\/person\/f5558e6b5ffc044ee085016237dedb7f\"},\"headline\":\"F\u00f3rum em Defesa do Ip\u00ea conquista a Personalidade Jur\u00eddica &#8211; FEMERGS integra o F\u00f3rum.\",\"datePublished\":\"2021-06-17T11:41:18+00:00\",\"dateModified\":\"2025-09-02T20:00:07+00:00\",\"mainEntityOfPage\":{\"@id\":\"https:\/\/femergs.com.br\/wfe\/blog\/forum-em-defesa-do-ipe-conquista-a-personalidade-juridica-femergs-integra-o-forum\/\"},\"wordCount\":628,\"publisher\":{\"@id\":\"https:\/\/femergs.com.br\/wfe\/#organization\"},\"keywords\":[\"NULL\"],\"articleSection\":[\"Not\u00edcias Gerais\"],\"inLanguage\":\"pt-BR\"},{\"@type\":\"WebPage\",\"@id\":\"https:\/\/femergs.com.br\/wfe\/blog\/forum-em-defesa-do-ipe-conquista-a-personalidade-juridica-femergs-integra-o-forum\/\",\"url\":\"https:\/\/femergs.com.br\/wfe\/blog\/forum-em-defesa-do-ipe-conquista-a-personalidade-juridica-femergs-integra-o-forum\/\",\"name\":\"F\u00f3rum em Defesa do Ip\u00ea conquista a Personalidade Jur\u00eddica - FEMERGS integra o F\u00f3rum. - Federa\u00e7\u00e3o dos Municip\u00e1rios do Estado do Rio Grande do Sul\",\"isPartOf\":{\"@id\":\"https:\/\/femergs.com.br\/wfe\/#website\"},\"datePublished\":\"2021-06-17T11:41:18+00:00\",\"dateModified\":\"2025-09-02T20:00:07+00:00\",\"breadcrumb\":{\"@id\":\"https:\/\/femergs.com.br\/wfe\/blog\/forum-em-defesa-do-ipe-conquista-a-personalidade-juridica-femergs-integra-o-forum\/#breadcrumb\"},\"inLanguage\":\"pt-BR\",\"potentialAction\":[{\"@type\":\"ReadAction\",\"target\":[\"https:\/\/femergs.com.br\/wfe\/blog\/forum-em-defesa-do-ipe-conquista-a-personalidade-juridica-femergs-integra-o-forum\/\"]}]},{\"@type\":\"BreadcrumbList\",\"@id\":\"https:\/\/femergs.com.br\/wfe\/blog\/forum-em-defesa-do-ipe-conquista-a-personalidade-juridica-femergs-integra-o-forum\/#breadcrumb\",\"itemListElement\":[{\"@type\":\"ListItem\",\"position\":1,\"name\":\"In\u00edcio\",\"item\":\"https:\/\/femergs.com.br\/wfe\/\"},{\"@type\":\"ListItem\",\"position\":2,\"name\":\"F\u00f3rum em Defesa do Ip\u00ea conquista a Personalidade Jur\u00eddica &#8211; FEMERGS integra o F\u00f3rum.\"}]},{\"@type\":\"WebSite\",\"@id\":\"https:\/\/femergs.com.br\/wfe\/#website\",\"url\":\"https:\/\/femergs.com.br\/wfe\/\",\"name\":\"FEMERGS\",\"description\":\"FEDERA\u00c7\u00c3O DOS MUNICIP\u00c1RIOS DO ESTADO DO RIO GRANDE DO SUL\",\"publisher\":{\"@id\":\"https:\/\/femergs.com.br\/wfe\/#organization\"},\"potentialAction\":[{\"@type\":\"SearchAction\",\"target\":{\"@type\":\"EntryPoint\",\"urlTemplate\":\"https:\/\/femergs.com.br\/wfe\/?s={search_term_string}\"},\"query-input\":{\"@type\":\"PropertyValueSpecification\",\"valueRequired\":true,\"valueName\":\"search_term_string\"}}],\"inLanguage\":\"pt-BR\"},{\"@type\":\"Organization\",\"@id\":\"https:\/\/femergs.com.br\/wfe\/#organization\",\"name\":\"FEMERGS\",\"url\":\"https:\/\/femergs.com.br\/wfe\/\",\"logo\":{\"@type\":\"ImageObject\",\"inLanguage\":\"pt-BR\",\"@id\":\"https:\/\/femergs.com.br\/wfe\/#\/schema\/logo\/image\/\",\"url\":\"https:\/\/femergs.com.br\/wfe\/wp-content\/uploads\/2025\/06\/logotipo.png\",\"contentUrl\":\"https:\/\/femergs.com.br\/wfe\/wp-content\/uploads\/2025\/06\/logotipo.png\",\"width\":500,\"height\":500,\"caption\":\"FEMERGS\"},\"image\":{\"@id\":\"https:\/\/femergs.com.br\/wfe\/#\/schema\/logo\/image\/\"},\"sameAs\":[\"https:\/\/www.facebook.com\/profile.php?id=100057151733001\",\"https:\/\/www.instagram.com\/femergs_rs\/\"]},{\"@type\":\"Person\",\"@id\":\"https:\/\/femergs.com.br\/wfe\/#\/schema\/person\/f5558e6b5ffc044ee085016237dedb7f\",\"name\":\"adminfemergs\",\"image\":{\"@type\":\"ImageObject\",\"inLanguage\":\"pt-BR\",\"@id\":\"https:\/\/femergs.com.br\/wfe\/#\/schema\/person\/image\/\",\"url\":\"https:\/\/secure.gravatar.com\/avatar\/398642fa557cdd524617ad9b31c938845f071aeb3448b9c0aeb29aefc495337b?s=96&d=mm&r=g\",\"contentUrl\":\"https:\/\/secure.gravatar.com\/avatar\/398642fa557cdd524617ad9b31c938845f071aeb3448b9c0aeb29aefc495337b?s=96&d=mm&r=g\",\"caption\":\"adminfemergs\"},\"sameAs\":[\"https:\/\/femergs.com.br\/wfe\"],\"url\":\"https:\/\/femergs.com.br\/wfe\/blog\/author\/adminfemergs\/\"}]}<\/script>\n<!-- \/ Yoast SEO plugin. -->","yoast_head_json":{"title":"F\u00f3rum em Defesa do Ip\u00ea conquista a Personalidade Jur\u00eddica - FEMERGS integra o F\u00f3rum. - Federa\u00e7\u00e3o dos Municip\u00e1rios do Estado do Rio Grande do Sul","robots":{"index":"index","follow":"follow","max-snippet":"max-snippet:-1","max-image-preview":"max-image-preview:large","max-video-preview":"max-video-preview:-1"},"canonical":"https:\/\/femergs.com.br\/wfe\/blog\/forum-em-defesa-do-ipe-conquista-a-personalidade-juridica-femergs-integra-o-forum\/","og_locale":"pt_BR","og_type":"article","og_title":"F\u00f3rum em Defesa do Ip\u00ea conquista a Personalidade Jur\u00eddica - FEMERGS integra o F\u00f3rum. - Federa\u00e7\u00e3o dos Municip\u00e1rios do Estado do Rio Grande do Sul","og_description":"Com a representatividade da Federa\u00e7\u00e3o dos Servidores Estaduais (Fessergs), dos Servidores Municipais, Femergs e Fesismers da Brigada Militar (Abamf\/BM), o F\u00f3rum Permanente realizou uma audi\u00eancia virtual com o presidente do IPE-Sa\u00fade nesta segunda-feira. Coincidentemente neste 14 de junho o presidente do F\u00f3rum, J\u00falio C\u00e9sar Lopes Pereira, recebeu o CNPJ da entidade, formalizando a personalidade jur\u00eddica [&hellip;]","og_url":"https:\/\/femergs.com.br\/wfe\/blog\/forum-em-defesa-do-ipe-conquista-a-personalidade-juridica-femergs-integra-o-forum\/","og_site_name":"Federa\u00e7\u00e3o dos Municip\u00e1rios do Estado do Rio Grande do Sul","article_publisher":"https:\/\/www.facebook.com\/profile.php?id=100057151733001","article_published_time":"2021-06-17T11:41:18+00:00","article_modified_time":"2025-09-02T20:00:07+00:00","author":"adminfemergs","twitter_card":"summary_large_image","twitter_misc":{"Escrito por":"adminfemergs","Est. tempo de leitura":"3 minutos"},"schema":{"@context":"https:\/\/schema.org","@graph":[{"@type":"Article","@id":"https:\/\/femergs.com.br\/wfe\/blog\/forum-em-defesa-do-ipe-conquista-a-personalidade-juridica-femergs-integra-o-forum\/#article","isPartOf":{"@id":"https:\/\/femergs.com.br\/wfe\/blog\/forum-em-defesa-do-ipe-conquista-a-personalidade-juridica-femergs-integra-o-forum\/"},"author":{"name":"adminfemergs","@id":"https:\/\/femergs.com.br\/wfe\/#\/schema\/person\/f5558e6b5ffc044ee085016237dedb7f"},"headline":"F\u00f3rum em Defesa do Ip\u00ea conquista a Personalidade Jur\u00eddica &#8211; FEMERGS integra o F\u00f3rum.","datePublished":"2021-06-17T11:41:18+00:00","dateModified":"2025-09-02T20:00:07+00:00","mainEntityOfPage":{"@id":"https:\/\/femergs.com.br\/wfe\/blog\/forum-em-defesa-do-ipe-conquista-a-personalidade-juridica-femergs-integra-o-forum\/"},"wordCount":628,"publisher":{"@id":"https:\/\/femergs.com.br\/wfe\/#organization"},"keywords":["NULL"],"articleSection":["Not\u00edcias Gerais"],"inLanguage":"pt-BR"},{"@type":"WebPage","@id":"https:\/\/femergs.com.br\/wfe\/blog\/forum-em-defesa-do-ipe-conquista-a-personalidade-juridica-femergs-integra-o-forum\/","url":"https:\/\/femergs.com.br\/wfe\/blog\/forum-em-defesa-do-ipe-conquista-a-personalidade-juridica-femergs-integra-o-forum\/","name":"F\u00f3rum em Defesa do Ip\u00ea conquista a Personalidade Jur\u00eddica - FEMERGS integra o F\u00f3rum. - Federa\u00e7\u00e3o dos Municip\u00e1rios do Estado do Rio Grande do Sul","isPartOf":{"@id":"https:\/\/femergs.com.br\/wfe\/#website"},"datePublished":"2021-06-17T11:41:18+00:00","dateModified":"2025-09-02T20:00:07+00:00","breadcrumb":{"@id":"https:\/\/femergs.com.br\/wfe\/blog\/forum-em-defesa-do-ipe-conquista-a-personalidade-juridica-femergs-integra-o-forum\/#breadcrumb"},"inLanguage":"pt-BR","potentialAction":[{"@type":"ReadAction","target":["https:\/\/femergs.com.br\/wfe\/blog\/forum-em-defesa-do-ipe-conquista-a-personalidade-juridica-femergs-integra-o-forum\/"]}]},{"@type":"BreadcrumbList","@id":"https:\/\/femergs.com.br\/wfe\/blog\/forum-em-defesa-do-ipe-conquista-a-personalidade-juridica-femergs-integra-o-forum\/#breadcrumb","itemListElement":[{"@type":"ListItem","position":1,"name":"In\u00edcio","item":"https:\/\/femergs.com.br\/wfe\/"},{"@type":"ListItem","position":2,"name":"F\u00f3rum em Defesa do Ip\u00ea conquista a Personalidade Jur\u00eddica &#8211; FEMERGS integra o F\u00f3rum."}]},{"@type":"WebSite","@id":"https:\/\/femergs.com.br\/wfe\/#website","url":"https:\/\/femergs.com.br\/wfe\/","name":"FEMERGS","description":"FEDERA\u00c7\u00c3O DOS MUNICIP\u00c1RIOS DO ESTADO DO RIO GRANDE DO SUL","publisher":{"@id":"https:\/\/femergs.com.br\/wfe\/#organization"},"potentialAction":[{"@type":"SearchAction","target":{"@type":"EntryPoint","urlTemplate":"https:\/\/femergs.com.br\/wfe\/?s={search_term_string}"},"query-input":{"@type":"PropertyValueSpecification","valueRequired":true,"valueName":"search_term_string"}}],"inLanguage":"pt-BR"},{"@type":"Organization","@id":"https:\/\/femergs.com.br\/wfe\/#organization","name":"FEMERGS","url":"https:\/\/femergs.com.br\/wfe\/","logo":{"@type":"ImageObject","inLanguage":"pt-BR","@id":"https:\/\/femergs.com.br\/wfe\/#\/schema\/logo\/image\/","url":"https:\/\/femergs.com.br\/wfe\/wp-content\/uploads\/2025\/06\/logotipo.png","contentUrl":"https:\/\/femergs.com.br\/wfe\/wp-content\/uploads\/2025\/06\/logotipo.png","width":500,"height":500,"caption":"FEMERGS"},"image":{"@id":"https:\/\/femergs.com.br\/wfe\/#\/schema\/logo\/image\/"},"sameAs":["https:\/\/www.facebook.com\/profile.php?id=100057151733001","https:\/\/www.instagram.com\/femergs_rs\/"]},{"@type":"Person","@id":"https:\/\/femergs.com.br\/wfe\/#\/schema\/person\/f5558e6b5ffc044ee085016237dedb7f","name":"adminfemergs","image":{"@type":"ImageObject","inLanguage":"pt-BR","@id":"https:\/\/femergs.com.br\/wfe\/#\/schema\/person\/image\/","url":"https:\/\/secure.gravatar.com\/avatar\/398642fa557cdd524617ad9b31c938845f071aeb3448b9c0aeb29aefc495337b?s=96&d=mm&r=g","contentUrl":"https:\/\/secure.gravatar.com\/avatar\/398642fa557cdd524617ad9b31c938845f071aeb3448b9c0aeb29aefc495337b?s=96&d=mm&r=g","caption":"adminfemergs"},"sameAs":["https:\/\/femergs.com.br\/wfe"],"url":"https:\/\/femergs.com.br\/wfe\/blog\/author\/adminfemergs\/"}]}},"uagb_featured_image_src":{"full":false,"thumbnail":false,"medium":false,"medium_large":false,"large":false,"1536x1536":false,"2048x2048":false,"ultp_layout_landscape_large":false,"ultp_layout_landscape":false,"ultp_layout_portrait":false,"ultp_layout_square":false},"uagb_author_info":{"display_name":"adminfemergs","author_link":"https:\/\/femergs.com.br\/wfe\/blog\/author\/adminfemergs\/"},"uagb_comment_info":0,"uagb_excerpt":"Com a representatividade da Federa\u00e7\u00e3o dos Servidores Estaduais (Fessergs), dos Servidores Municipais, Femergs e Fesismers da Brigada Militar (Abamf\/BM), o F\u00f3rum Permanente realizou uma audi\u00eancia virtual com o presidente do IPE-Sa\u00fade nesta segunda-feira. Coincidentemente neste 14 de junho o presidente do F\u00f3rum, J\u00falio C\u00e9sar Lopes Pereira, recebeu o CNPJ da entidade, formalizando a personalidade jur\u00eddica&hellip;","_links":{"self":[{"href":"https:\/\/femergs.com.br\/wfe\/wp-json\/wp\/v2\/posts\/1277","targetHints":{"allow":["GET"]}}],"collection":[{"href":"https:\/\/femergs.com.br\/wfe\/wp-json\/wp\/v2\/posts"}],"about":[{"href":"https:\/\/femergs.com.br\/wfe\/wp-json\/wp\/v2\/types\/post"}],"author":[{"embeddable":true,"href":"https:\/\/femergs.com.br\/wfe\/wp-json\/wp\/v2\/users\/1"}],"replies":[{"embeddable":true,"href":"https:\/\/femergs.com.br\/wfe\/wp-json\/wp\/v2\/comments?post=1277"}],"version-history":[{"count":1,"href":"https:\/\/femergs.com.br\/wfe\/wp-json\/wp\/v2\/posts\/1277\/revisions"}],"predecessor-version":[{"id":1533,"href":"https:\/\/femergs.com.br\/wfe\/wp-json\/wp\/v2\/posts\/1277\/revisions\/1533"}],"wp:attachment":[{"href":"https:\/\/femergs.com.br\/wfe\/wp-json\/wp\/v2\/media?parent=1277"}],"wp:term":[{"taxonomy":"category","embeddable":true,"href":"https:\/\/femergs.com.br\/wfe\/wp-json\/wp\/v2\/categories?post=1277"},{"taxonomy":"post_tag","embeddable":true,"href":"https:\/\/femergs.com.br\/wfe\/wp-json\/wp\/v2\/tags?post=1277"}],"curies":[{"name":"wp","href":"https:\/\/api.w.org\/{rel}","templated":true}]}}