{"id":1280,"date":"2021-06-27T20:44:40","date_gmt":"2021-06-27T20:44:40","guid":{"rendered":"https:\/\/femergs.com.br\/wfe\/blog\/determine-a-luta-contra-a-pec-32\/"},"modified":"2025-09-02T20:00:07","modified_gmt":"2025-09-02T20:00:07","slug":"determine-a-luta-contra-a-pec-32","status":"publish","type":"post","link":"https:\/\/femergs.com.br\/wfe\/blog\/determine-a-luta-contra-a-pec-32\/","title":{"rendered":"DETERMINE A  LUTA CONTRA \u00c0 PEC 32!"},"content":{"rendered":"<div style=\"text-align:justify\">Sexta-feira, 25, ficou bem claro o verdadeiro objetivo que os pol\u00edticos tem para a aprovar a PEC 32. Quem n\u00e3o viu ou\u00e7a o depoimento do SERVIDOR P\u00daBLICO CONCURSADO que denunciou a &#8220;RACHADINHA&#8221; da compra de uma vacina n\u00e3o aprovada pela Anvisa e que est\u00e1 empenhado o pagamento desde fevereiro, com valor MUITO maior do que as vacinas aprovadas e que estai no mercado.<\/p>\n<p>Se partidarismo, somos servidores, sabemos como funcionaria as compras, as obras se n\u00e3o existissem os regulamentos constitucionais a estabilidade do servidor&#8230; Sim, pois se n\u00e3o existisse ESTABILIDADE, o pol\u00edtico amea\u00e7aria com demiss\u00e3o para que o servidor ficasse quieto e assim garantisse o sal\u00e1rio que alimenta sua fam\u00edlia.<\/p>\n<p>E n\u00e3o acreditem na Mentira de que servidor est\u00e1vel significa servidor incompetente n\u00e3o poder ser demitido. PODE SIM. Est\u00e1 na Constitui\u00e7\u00e3o, e se voc\u00ea cidad\u00e3o sabe de algum servidor que n\u00e3o cumpre SUAS OBRIGA\u00c7\u00d5ES PREVISTAS em Lei, denuncie na prefeitura, e se a administra\u00e7\u00e3o n\u00e3o fizer nada, j\u00e1 desconfie que s\u00e3o parceiros e denuncie na Promotoria.<\/p>\n<p>Mas ANTES, leia a Constitui\u00e7\u00e3o Federal nos itens que trata do SERVI\u00c7O P\u00daBLICO, leia o Estatuto do Servidor e a Lei Org\u00e2nica do seu munic\u00edpio. Sim, pois infelizmente temos at\u00e9 vereadores que n\u00e3o conhecem nem a CF, que dir\u00e1 as Leis municipais.<\/p>\n<p>O prefeito n\u00e3o pode fazer o que quer, n\u00e3o tem a caneta na m\u00e3o, o ver adoro n\u00e3o pode fazer o que quer entender Servidor p\u00fablico est\u00e1vel, tamb\u00e9m n\u00e3o, estamos os tr\u00eas a servi\u00e7o do cidad\u00e3o, para garantir qualidade, impessoalidade e efici\u00eancia.<\/p>\n<p>Quer ajudar a melhorar nosso pa\u00eds, vamos come\u00e7ar nos alimentando com conhecimento das nossas Leis, pois assim n\u00e3o seremos enganados por pol\u00edticos sem vergonha que prometem o que n\u00e3o podem fazer, por pol\u00edticos sem vergonha que s\u00f3 querem um espa\u00e7o na RACHADINHA, no plano de sa\u00fade, na licita\u00e7\u00e3o ou qualquer outro benef\u00edcio.<\/p>\n<p>Saiba quais s\u00e3o os deveres do servidor concursado, e saiba que existem algumas coisas que os pol\u00edticos passam para a popula\u00e7\u00e3o como problema e na verdade s\u00e3o garantias de honestidade na administra\u00e7\u00e3o. Como por exemplo o servidor S\u00d3 PODER FAZER O QUE CONSTA NA PORTARIA DE SUA NOMEA\u00c7\u00c3O.<\/p>\n<p>QUEREM UM EXEMPLO?<\/p>\n<p>Um trabalhador especializado, faz curso, paga, se prepara para o Concurso, paga mais cara a inscri\u00e7\u00e3o pois \u00e9 especializado. Ai uma outra pessoa que pertence a Partido X, n\u00e3o estudou, n\u00e3o gastou para se preparar, paga a inscri\u00e7\u00e3o de uma vaga com menos exig\u00eancia e passa. Ai depois s\u00f3 para ter equipara\u00e7\u00e3o salarial o prefeito eleito e que e de seu partido, coloca est\u00e1 pessoa executar o servi\u00e7o especializado, voc\u00ea acha isso correto cidad\u00e3o?<br \/>\nVoc\u00ea n\u00e3o acha que teus impostos devem te prestar servi\u00e7o de qualidade?<\/p>\n<p>Voc\u00ea acha os impostos n\u00e3o est\u00e3o sendo pagos para os administradores ajudar a melhorar a vida de seus correligion\u00e1rios?<\/p>\n<p>Ou voc\u00ea acha que os servidores p\u00fablicos devem ser escolhidos em concurso, que sejam nomeados independente do partido que pertencem e que trabalhem para o cidad\u00e3o e n\u00e3o para o partido que est\u00e1 no poder?<\/p>\n<p>\nPense em tudo isso e venha conosco LUTAR CONTRA A PEC 32. Pense no futuro deste pa\u00eds.<\/div>\n","protected":false},"excerpt":{"rendered":"<p>Sexta-feira, 25, ficou bem claro o verdadeiro objetivo que os pol\u00edticos tem para a aprovar a PEC 32. Quem n\u00e3o viu ou\u00e7a o depoimento do SERVIDOR P\u00daBLICO CONCURSADO que denunciou a &#8220;RACHADINHA&#8221; da compra de uma vacina n\u00e3o aprovada pela Anvisa e que est\u00e1 empenhado o pagamento desde fevereiro, com valor MUITO maior do que [&hellip;]<\/p>\n","protected":false},"author":1,"featured_media":0,"comment_status":"closed","ping_status":"closed","sticky":false,"template":"","format":"standard","meta":{"_eb_attr":"","_uag_custom_page_level_css":"","fifu_image_url":"","fifu_image_alt":"","footnotes":""},"categories":[7],"tags":[32],"class_list":["post-1280","post","type-post","status-publish","format-standard","hentry","category-noticias","tag-null"],"yoast_head":"<!-- This site is optimized with the Yoast SEO plugin v27.1.1 - https:\/\/yoast.com\/product\/yoast-seo-wordpress\/ -->\n<title>DETERMINE A LUTA CONTRA \u00c0 PEC 32! - Federa\u00e7\u00e3o dos Municip\u00e1rios do Estado do Rio Grande do Sul<\/title>\n<meta name=\"robots\" content=\"index, follow, max-snippet:-1, max-image-preview:large, max-video-preview:-1\" \/>\n<link rel=\"canonical\" href=\"https:\/\/femergs.com.br\/wfe\/blog\/determine-a-luta-contra-a-pec-32\/\" \/>\n<meta property=\"og:locale\" content=\"pt_BR\" \/>\n<meta property=\"og:type\" content=\"article\" \/>\n<meta property=\"og:title\" content=\"DETERMINE A LUTA CONTRA \u00c0 PEC 32! - Federa\u00e7\u00e3o dos Municip\u00e1rios do Estado do Rio Grande do Sul\" \/>\n<meta property=\"og:description\" content=\"Sexta-feira, 25, ficou bem claro o verdadeiro objetivo que os pol\u00edticos tem para a aprovar a PEC 32. Quem n\u00e3o viu ou\u00e7a o depoimento do SERVIDOR P\u00daBLICO CONCURSADO que denunciou a &#8220;RACHADINHA&#8221; da compra de uma vacina n\u00e3o aprovada pela Anvisa e que est\u00e1 empenhado o pagamento desde fevereiro, com valor MUITO maior do que [&hellip;]\" \/>\n<meta property=\"og:url\" content=\"https:\/\/femergs.com.br\/wfe\/blog\/determine-a-luta-contra-a-pec-32\/\" \/>\n<meta property=\"og:site_name\" content=\"Federa\u00e7\u00e3o dos Municip\u00e1rios do Estado do Rio Grande do Sul\" \/>\n<meta property=\"article:publisher\" content=\"https:\/\/www.facebook.com\/profile.php?id=100057151733001\" \/>\n<meta property=\"article:published_time\" content=\"2021-06-27T20:44:40+00:00\" \/>\n<meta property=\"article:modified_time\" content=\"2025-09-02T20:00:07+00:00\" \/>\n<meta name=\"author\" content=\"adminfemergs\" \/>\n<meta name=\"twitter:card\" content=\"summary_large_image\" \/>\n<meta name=\"twitter:label1\" content=\"Escrito por\" \/>\n\t<meta name=\"twitter:data1\" content=\"adminfemergs\" \/>\n\t<meta name=\"twitter:label2\" content=\"Est. tempo de leitura\" \/>\n\t<meta name=\"twitter:data2\" content=\"3 minutos\" \/>\n<script type=\"application\/ld+json\" class=\"yoast-schema-graph\">{\"@context\":\"https:\/\/schema.org\",\"@graph\":[{\"@type\":\"Article\",\"@id\":\"https:\/\/femergs.com.br\/wfe\/blog\/determine-a-luta-contra-a-pec-32\/#article\",\"isPartOf\":{\"@id\":\"https:\/\/femergs.com.br\/wfe\/blog\/determine-a-luta-contra-a-pec-32\/\"},\"author\":{\"name\":\"adminfemergs\",\"@id\":\"https:\/\/femergs.com.br\/wfe\/#\/schema\/person\/f5558e6b5ffc044ee085016237dedb7f\"},\"headline\":\"DETERMINE A LUTA CONTRA \u00c0 PEC 32!\",\"datePublished\":\"2021-06-27T20:44:40+00:00\",\"dateModified\":\"2025-09-02T20:00:07+00:00\",\"mainEntityOfPage\":{\"@id\":\"https:\/\/femergs.com.br\/wfe\/blog\/determine-a-luta-contra-a-pec-32\/\"},\"wordCount\":584,\"publisher\":{\"@id\":\"https:\/\/femergs.com.br\/wfe\/#organization\"},\"keywords\":[\"NULL\"],\"articleSection\":[\"Not\u00edcias Gerais\"],\"inLanguage\":\"pt-BR\"},{\"@type\":\"WebPage\",\"@id\":\"https:\/\/femergs.com.br\/wfe\/blog\/determine-a-luta-contra-a-pec-32\/\",\"url\":\"https:\/\/femergs.com.br\/wfe\/blog\/determine-a-luta-contra-a-pec-32\/\",\"name\":\"DETERMINE A LUTA CONTRA \u00c0 PEC 32! - Federa\u00e7\u00e3o dos Municip\u00e1rios do Estado do Rio Grande do Sul\",\"isPartOf\":{\"@id\":\"https:\/\/femergs.com.br\/wfe\/#website\"},\"datePublished\":\"2021-06-27T20:44:40+00:00\",\"dateModified\":\"2025-09-02T20:00:07+00:00\",\"breadcrumb\":{\"@id\":\"https:\/\/femergs.com.br\/wfe\/blog\/determine-a-luta-contra-a-pec-32\/#breadcrumb\"},\"inLanguage\":\"pt-BR\",\"potentialAction\":[{\"@type\":\"ReadAction\",\"target\":[\"https:\/\/femergs.com.br\/wfe\/blog\/determine-a-luta-contra-a-pec-32\/\"]}]},{\"@type\":\"BreadcrumbList\",\"@id\":\"https:\/\/femergs.com.br\/wfe\/blog\/determine-a-luta-contra-a-pec-32\/#breadcrumb\",\"itemListElement\":[{\"@type\":\"ListItem\",\"position\":1,\"name\":\"In\u00edcio\",\"item\":\"https:\/\/femergs.com.br\/wfe\/\"},{\"@type\":\"ListItem\",\"position\":2,\"name\":\"DETERMINE A LUTA CONTRA \u00c0 PEC 32!\"}]},{\"@type\":\"WebSite\",\"@id\":\"https:\/\/femergs.com.br\/wfe\/#website\",\"url\":\"https:\/\/femergs.com.br\/wfe\/\",\"name\":\"FEMERGS\",\"description\":\"FEDERA\u00c7\u00c3O DOS MUNICIP\u00c1RIOS DO ESTADO DO RIO GRANDE DO SUL\",\"publisher\":{\"@id\":\"https:\/\/femergs.com.br\/wfe\/#organization\"},\"potentialAction\":[{\"@type\":\"SearchAction\",\"target\":{\"@type\":\"EntryPoint\",\"urlTemplate\":\"https:\/\/femergs.com.br\/wfe\/?s={search_term_string}\"},\"query-input\":{\"@type\":\"PropertyValueSpecification\",\"valueRequired\":true,\"valueName\":\"search_term_string\"}}],\"inLanguage\":\"pt-BR\"},{\"@type\":\"Organization\",\"@id\":\"https:\/\/femergs.com.br\/wfe\/#organization\",\"name\":\"FEMERGS\",\"url\":\"https:\/\/femergs.com.br\/wfe\/\",\"logo\":{\"@type\":\"ImageObject\",\"inLanguage\":\"pt-BR\",\"@id\":\"https:\/\/femergs.com.br\/wfe\/#\/schema\/logo\/image\/\",\"url\":\"https:\/\/femergs.com.br\/wfe\/wp-content\/uploads\/2025\/06\/logotipo.png\",\"contentUrl\":\"https:\/\/femergs.com.br\/wfe\/wp-content\/uploads\/2025\/06\/logotipo.png\",\"width\":500,\"height\":500,\"caption\":\"FEMERGS\"},\"image\":{\"@id\":\"https:\/\/femergs.com.br\/wfe\/#\/schema\/logo\/image\/\"},\"sameAs\":[\"https:\/\/www.facebook.com\/profile.php?id=100057151733001\",\"https:\/\/www.instagram.com\/femergs_rs\/\"]},{\"@type\":\"Person\",\"@id\":\"https:\/\/femergs.com.br\/wfe\/#\/schema\/person\/f5558e6b5ffc044ee085016237dedb7f\",\"name\":\"adminfemergs\",\"image\":{\"@type\":\"ImageObject\",\"inLanguage\":\"pt-BR\",\"@id\":\"https:\/\/femergs.com.br\/wfe\/#\/schema\/person\/image\/\",\"url\":\"https:\/\/secure.gravatar.com\/avatar\/398642fa557cdd524617ad9b31c938845f071aeb3448b9c0aeb29aefc495337b?s=96&d=mm&r=g\",\"contentUrl\":\"https:\/\/secure.gravatar.com\/avatar\/398642fa557cdd524617ad9b31c938845f071aeb3448b9c0aeb29aefc495337b?s=96&d=mm&r=g\",\"caption\":\"adminfemergs\"},\"sameAs\":[\"https:\/\/femergs.com.br\/wfe\"],\"url\":\"https:\/\/femergs.com.br\/wfe\/blog\/author\/adminfemergs\/\"}]}<\/script>\n<!-- \/ Yoast SEO plugin. -->","yoast_head_json":{"title":"DETERMINE A LUTA CONTRA \u00c0 PEC 32! - Federa\u00e7\u00e3o dos Municip\u00e1rios do Estado do Rio Grande do Sul","robots":{"index":"index","follow":"follow","max-snippet":"max-snippet:-1","max-image-preview":"max-image-preview:large","max-video-preview":"max-video-preview:-1"},"canonical":"https:\/\/femergs.com.br\/wfe\/blog\/determine-a-luta-contra-a-pec-32\/","og_locale":"pt_BR","og_type":"article","og_title":"DETERMINE A LUTA CONTRA \u00c0 PEC 32! - Federa\u00e7\u00e3o dos Municip\u00e1rios do Estado do Rio Grande do Sul","og_description":"Sexta-feira, 25, ficou bem claro o verdadeiro objetivo que os pol\u00edticos tem para a aprovar a PEC 32. Quem n\u00e3o viu ou\u00e7a o depoimento do SERVIDOR P\u00daBLICO CONCURSADO que denunciou a &#8220;RACHADINHA&#8221; da compra de uma vacina n\u00e3o aprovada pela Anvisa e que est\u00e1 empenhado o pagamento desde fevereiro, com valor MUITO maior do que [&hellip;]","og_url":"https:\/\/femergs.com.br\/wfe\/blog\/determine-a-luta-contra-a-pec-32\/","og_site_name":"Federa\u00e7\u00e3o dos Municip\u00e1rios do Estado do Rio Grande do Sul","article_publisher":"https:\/\/www.facebook.com\/profile.php?id=100057151733001","article_published_time":"2021-06-27T20:44:40+00:00","article_modified_time":"2025-09-02T20:00:07+00:00","author":"adminfemergs","twitter_card":"summary_large_image","twitter_misc":{"Escrito por":"adminfemergs","Est. tempo de leitura":"3 minutos"},"schema":{"@context":"https:\/\/schema.org","@graph":[{"@type":"Article","@id":"https:\/\/femergs.com.br\/wfe\/blog\/determine-a-luta-contra-a-pec-32\/#article","isPartOf":{"@id":"https:\/\/femergs.com.br\/wfe\/blog\/determine-a-luta-contra-a-pec-32\/"},"author":{"name":"adminfemergs","@id":"https:\/\/femergs.com.br\/wfe\/#\/schema\/person\/f5558e6b5ffc044ee085016237dedb7f"},"headline":"DETERMINE A LUTA CONTRA \u00c0 PEC 32!","datePublished":"2021-06-27T20:44:40+00:00","dateModified":"2025-09-02T20:00:07+00:00","mainEntityOfPage":{"@id":"https:\/\/femergs.com.br\/wfe\/blog\/determine-a-luta-contra-a-pec-32\/"},"wordCount":584,"publisher":{"@id":"https:\/\/femergs.com.br\/wfe\/#organization"},"keywords":["NULL"],"articleSection":["Not\u00edcias Gerais"],"inLanguage":"pt-BR"},{"@type":"WebPage","@id":"https:\/\/femergs.com.br\/wfe\/blog\/determine-a-luta-contra-a-pec-32\/","url":"https:\/\/femergs.com.br\/wfe\/blog\/determine-a-luta-contra-a-pec-32\/","name":"DETERMINE A LUTA CONTRA \u00c0 PEC 32! - Federa\u00e7\u00e3o dos Municip\u00e1rios do Estado do Rio Grande do Sul","isPartOf":{"@id":"https:\/\/femergs.com.br\/wfe\/#website"},"datePublished":"2021-06-27T20:44:40+00:00","dateModified":"2025-09-02T20:00:07+00:00","breadcrumb":{"@id":"https:\/\/femergs.com.br\/wfe\/blog\/determine-a-luta-contra-a-pec-32\/#breadcrumb"},"inLanguage":"pt-BR","potentialAction":[{"@type":"ReadAction","target":["https:\/\/femergs.com.br\/wfe\/blog\/determine-a-luta-contra-a-pec-32\/"]}]},{"@type":"BreadcrumbList","@id":"https:\/\/femergs.com.br\/wfe\/blog\/determine-a-luta-contra-a-pec-32\/#breadcrumb","itemListElement":[{"@type":"ListItem","position":1,"name":"In\u00edcio","item":"https:\/\/femergs.com.br\/wfe\/"},{"@type":"ListItem","position":2,"name":"DETERMINE A LUTA CONTRA \u00c0 PEC 32!"}]},{"@type":"WebSite","@id":"https:\/\/femergs.com.br\/wfe\/#website","url":"https:\/\/femergs.com.br\/wfe\/","name":"FEMERGS","description":"FEDERA\u00c7\u00c3O DOS MUNICIP\u00c1RIOS DO ESTADO DO RIO GRANDE DO SUL","publisher":{"@id":"https:\/\/femergs.com.br\/wfe\/#organization"},"potentialAction":[{"@type":"SearchAction","target":{"@type":"EntryPoint","urlTemplate":"https:\/\/femergs.com.br\/wfe\/?s={search_term_string}"},"query-input":{"@type":"PropertyValueSpecification","valueRequired":true,"valueName":"search_term_string"}}],"inLanguage":"pt-BR"},{"@type":"Organization","@id":"https:\/\/femergs.com.br\/wfe\/#organization","name":"FEMERGS","url":"https:\/\/femergs.com.br\/wfe\/","logo":{"@type":"ImageObject","inLanguage":"pt-BR","@id":"https:\/\/femergs.com.br\/wfe\/#\/schema\/logo\/image\/","url":"https:\/\/femergs.com.br\/wfe\/wp-content\/uploads\/2025\/06\/logotipo.png","contentUrl":"https:\/\/femergs.com.br\/wfe\/wp-content\/uploads\/2025\/06\/logotipo.png","width":500,"height":500,"caption":"FEMERGS"},"image":{"@id":"https:\/\/femergs.com.br\/wfe\/#\/schema\/logo\/image\/"},"sameAs":["https:\/\/www.facebook.com\/profile.php?id=100057151733001","https:\/\/www.instagram.com\/femergs_rs\/"]},{"@type":"Person","@id":"https:\/\/femergs.com.br\/wfe\/#\/schema\/person\/f5558e6b5ffc044ee085016237dedb7f","name":"adminfemergs","image":{"@type":"ImageObject","inLanguage":"pt-BR","@id":"https:\/\/femergs.com.br\/wfe\/#\/schema\/person\/image\/","url":"https:\/\/secure.gravatar.com\/avatar\/398642fa557cdd524617ad9b31c938845f071aeb3448b9c0aeb29aefc495337b?s=96&d=mm&r=g","contentUrl":"https:\/\/secure.gravatar.com\/avatar\/398642fa557cdd524617ad9b31c938845f071aeb3448b9c0aeb29aefc495337b?s=96&d=mm&r=g","caption":"adminfemergs"},"sameAs":["https:\/\/femergs.com.br\/wfe"],"url":"https:\/\/femergs.com.br\/wfe\/blog\/author\/adminfemergs\/"}]}},"uagb_featured_image_src":{"full":false,"thumbnail":false,"medium":false,"medium_large":false,"large":false,"1536x1536":false,"2048x2048":false,"ultp_layout_landscape_large":false,"ultp_layout_landscape":false,"ultp_layout_portrait":false,"ultp_layout_square":false},"uagb_author_info":{"display_name":"adminfemergs","author_link":"https:\/\/femergs.com.br\/wfe\/blog\/author\/adminfemergs\/"},"uagb_comment_info":0,"uagb_excerpt":"Sexta-feira, 25, ficou bem claro o verdadeiro objetivo que os pol\u00edticos tem para a aprovar a PEC 32. Quem n\u00e3o viu ou\u00e7a o depoimento do SERVIDOR P\u00daBLICO CONCURSADO que denunciou a &#8220;RACHADINHA&#8221; da compra de uma vacina n\u00e3o aprovada pela Anvisa e que est\u00e1 empenhado o pagamento desde fevereiro, com valor MUITO maior do que&hellip;","_links":{"self":[{"href":"https:\/\/femergs.com.br\/wfe\/wp-json\/wp\/v2\/posts\/1280","targetHints":{"allow":["GET"]}}],"collection":[{"href":"https:\/\/femergs.com.br\/wfe\/wp-json\/wp\/v2\/posts"}],"about":[{"href":"https:\/\/femergs.com.br\/wfe\/wp-json\/wp\/v2\/types\/post"}],"author":[{"embeddable":true,"href":"https:\/\/femergs.com.br\/wfe\/wp-json\/wp\/v2\/users\/1"}],"replies":[{"embeddable":true,"href":"https:\/\/femergs.com.br\/wfe\/wp-json\/wp\/v2\/comments?post=1280"}],"version-history":[{"count":1,"href":"https:\/\/femergs.com.br\/wfe\/wp-json\/wp\/v2\/posts\/1280\/revisions"}],"predecessor-version":[{"id":1528,"href":"https:\/\/femergs.com.br\/wfe\/wp-json\/wp\/v2\/posts\/1280\/revisions\/1528"}],"wp:attachment":[{"href":"https:\/\/femergs.com.br\/wfe\/wp-json\/wp\/v2\/media?parent=1280"}],"wp:term":[{"taxonomy":"category","embeddable":true,"href":"https:\/\/femergs.com.br\/wfe\/wp-json\/wp\/v2\/categories?post=1280"},{"taxonomy":"post_tag","embeddable":true,"href":"https:\/\/femergs.com.br\/wfe\/wp-json\/wp\/v2\/tags?post=1280"}],"curies":[{"name":"wp","href":"https:\/\/api.w.org\/{rel}","templated":true}]}}