{"id":1281,"date":"2021-06-24T13:43:11","date_gmt":"2021-06-24T13:43:11","guid":{"rendered":"https:\/\/femergs.com.br\/wfe\/blog\/por-que-algumas-profissoes-estao-fora-da-reforma-administrativa\/"},"modified":"2025-09-02T20:00:07","modified_gmt":"2025-09-02T20:00:07","slug":"por-que-algumas-profissoes-estao-fora-da-reforma-administrativa","status":"publish","type":"post","link":"https:\/\/femergs.com.br\/wfe\/blog\/por-que-algumas-profissoes-estao-fora-da-reforma-administrativa\/","title":{"rendered":"POR QUE ALGUMAS PROFISS\u00d5ES EST\u00c3O FORA DA REFORMA ADMINISTRATIVA?"},"content":{"rendered":"<p>\u201cN\u00e3o mexa com quem voc\u00ea n\u00e3o pode\u201d era uma frase muito usada por pais que instru\u00edam seus filhos a n\u00e3o provocar meninos \u201cmais fortes\u201d. Mesmo tendo um cunho um tanto machista, essa vis\u00e3o parece guiar o Governo Federal em sua proposta de Reforma Administrativa.<\/p>\n<p>O governo mente para a popula\u00e7\u00e3o, dizendo que a proposta servir\u00e1 para acabar com \u201cprivil\u00e9gios\u201d, mas por que o projeto vai poupar as carreiras do funcionalismo que pagam sal\u00e1rios maiores e que s\u00e3o, justamente, aquelas que podem investigar, acusar, julgar, condenar e punir crimes do Governo Federal, do presidente Bolsonaro e dos membros de sua fam\u00edlia (j\u00e1 que seus [4?] filhos est\u00e3o sob investiga\u00e7\u00e3o de diferentes esferas)?<\/p>\n<p> promotores (investiga\u00e7\u00e3o e acusa\u00e7\u00e3o) e procuradores (acusa\u00e7\u00e3o), ju\u00edzes, desembargadores (TJ e TRF) e ministros de tribunais superiores (STJ, STF e TSE), por exemplo, ficar\u00e3o de fora.<\/p>\n<p>Outros que n\u00e3o ser\u00e3o afetados com a PEC 32\/2020 s\u00e3o ?<\/p>\n<p> Militares, tanto os que lotearam o governo em troca da sustenta\u00e7\u00e3o como os que mant\u00e9m o clima permanente de amea\u00e7a \u00e0 democracia nos estados<\/p>\n<p> Parlamentares (n\u00e3o s\u00e3o servidores p\u00fablicos, mas s\u00e3o pagos com dinheiro p\u00fablico, e decidem sobre abertura e julgamento de impeachment do presidente)<\/p>\n<p> Outras que provavelmente ser\u00e3o consideradas \u201ccarreiras t\u00edpicas\u201d (e que ser\u00e3o definidas estrategicamente), que possuem poder de pol\u00edcia<\/p>\n<p> Tudo isso seria apenas uma gigantesca coincid\u00eancia, ou a PEC 32\/2020 foi criada para proteger Bolsonaro e aqueles que est\u00e3o \u00e0 sua volta?<\/p>\n<p>Ajude-nos a barr\u00e1-la: compartilhe esse post e valorize o servi\u00e7o p\u00fablico, pois ele foi criado para todos.<\/p>\n<p>#Servi\u00e7oP\u00fablico #\u00c9Publico #\u00c9praTodos #ValorizeOServidor #ReformaAdministrativaN\u00e3o<\/p>\n","protected":false},"excerpt":{"rendered":"<p>\u201cN\u00e3o mexa com quem voc\u00ea n\u00e3o pode\u201d era uma frase muito usada por pais que instru\u00edam seus filhos a n\u00e3o provocar meninos \u201cmais fortes\u201d. Mesmo tendo um cunho um tanto machista, essa vis\u00e3o parece guiar o Governo Federal em sua proposta de Reforma Administrativa. O governo mente para a popula\u00e7\u00e3o, dizendo que a proposta servir\u00e1 [&hellip;]<\/p>\n","protected":false},"author":1,"featured_media":0,"comment_status":"closed","ping_status":"closed","sticky":false,"template":"","format":"standard","meta":{"_eb_attr":"","_uag_custom_page_level_css":"","fifu_image_url":"","fifu_image_alt":"","footnotes":""},"categories":[7],"tags":[32],"class_list":["post-1281","post","type-post","status-publish","format-standard","hentry","category-noticias","tag-null"],"yoast_head":"<!-- This site is optimized with the Yoast SEO plugin v27.1.1 - https:\/\/yoast.com\/product\/yoast-seo-wordpress\/ -->\n<title>POR QUE ALGUMAS PROFISS\u00d5ES EST\u00c3O FORA DA REFORMA ADMINISTRATIVA? - Federa\u00e7\u00e3o dos Municip\u00e1rios do Estado do Rio Grande do Sul<\/title>\n<meta name=\"robots\" content=\"index, follow, max-snippet:-1, max-image-preview:large, max-video-preview:-1\" \/>\n<link rel=\"canonical\" href=\"https:\/\/femergs.com.br\/wfe\/blog\/por-que-algumas-profissoes-estao-fora-da-reforma-administrativa\/\" \/>\n<meta property=\"og:locale\" content=\"pt_BR\" \/>\n<meta property=\"og:type\" content=\"article\" \/>\n<meta property=\"og:title\" content=\"POR QUE ALGUMAS PROFISS\u00d5ES EST\u00c3O FORA DA REFORMA ADMINISTRATIVA? - Federa\u00e7\u00e3o dos Municip\u00e1rios do Estado do Rio Grande do Sul\" \/>\n<meta property=\"og:description\" content=\"\u201cN\u00e3o mexa com quem voc\u00ea n\u00e3o pode\u201d era uma frase muito usada por pais que instru\u00edam seus filhos a n\u00e3o provocar meninos \u201cmais fortes\u201d. Mesmo tendo um cunho um tanto machista, essa vis\u00e3o parece guiar o Governo Federal em sua proposta de Reforma Administrativa. O governo mente para a popula\u00e7\u00e3o, dizendo que a proposta servir\u00e1 [&hellip;]\" \/>\n<meta property=\"og:url\" content=\"https:\/\/femergs.com.br\/wfe\/blog\/por-que-algumas-profissoes-estao-fora-da-reforma-administrativa\/\" \/>\n<meta property=\"og:site_name\" content=\"Federa\u00e7\u00e3o dos Municip\u00e1rios do Estado do Rio Grande do Sul\" \/>\n<meta property=\"article:publisher\" content=\"https:\/\/www.facebook.com\/profile.php?id=100057151733001\" \/>\n<meta property=\"article:published_time\" content=\"2021-06-24T13:43:11+00:00\" \/>\n<meta property=\"article:modified_time\" content=\"2025-09-02T20:00:07+00:00\" \/>\n<meta name=\"author\" content=\"adminfemergs\" \/>\n<meta name=\"twitter:card\" content=\"summary_large_image\" \/>\n<meta name=\"twitter:label1\" content=\"Escrito por\" \/>\n\t<meta name=\"twitter:data1\" content=\"adminfemergs\" \/>\n\t<meta name=\"twitter:label2\" content=\"Est. tempo de leitura\" \/>\n\t<meta name=\"twitter:data2\" content=\"1 minuto\" \/>\n<script type=\"application\/ld+json\" class=\"yoast-schema-graph\">{\"@context\":\"https:\/\/schema.org\",\"@graph\":[{\"@type\":\"Article\",\"@id\":\"https:\/\/femergs.com.br\/wfe\/blog\/por-que-algumas-profissoes-estao-fora-da-reforma-administrativa\/#article\",\"isPartOf\":{\"@id\":\"https:\/\/femergs.com.br\/wfe\/blog\/por-que-algumas-profissoes-estao-fora-da-reforma-administrativa\/\"},\"author\":{\"name\":\"adminfemergs\",\"@id\":\"https:\/\/femergs.com.br\/wfe\/#\/schema\/person\/f5558e6b5ffc044ee085016237dedb7f\"},\"headline\":\"POR QUE ALGUMAS PROFISS\u00d5ES EST\u00c3O FORA DA REFORMA ADMINISTRATIVA?\",\"datePublished\":\"2021-06-24T13:43:11+00:00\",\"dateModified\":\"2025-09-02T20:00:07+00:00\",\"mainEntityOfPage\":{\"@id\":\"https:\/\/femergs.com.br\/wfe\/blog\/por-que-algumas-profissoes-estao-fora-da-reforma-administrativa\/\"},\"wordCount\":300,\"publisher\":{\"@id\":\"https:\/\/femergs.com.br\/wfe\/#organization\"},\"keywords\":[\"NULL\"],\"articleSection\":[\"Not\u00edcias Gerais\"],\"inLanguage\":\"pt-BR\"},{\"@type\":\"WebPage\",\"@id\":\"https:\/\/femergs.com.br\/wfe\/blog\/por-que-algumas-profissoes-estao-fora-da-reforma-administrativa\/\",\"url\":\"https:\/\/femergs.com.br\/wfe\/blog\/por-que-algumas-profissoes-estao-fora-da-reforma-administrativa\/\",\"name\":\"POR QUE ALGUMAS PROFISS\u00d5ES EST\u00c3O FORA DA REFORMA ADMINISTRATIVA? - Federa\u00e7\u00e3o dos Municip\u00e1rios do Estado do Rio Grande do Sul\",\"isPartOf\":{\"@id\":\"https:\/\/femergs.com.br\/wfe\/#website\"},\"datePublished\":\"2021-06-24T13:43:11+00:00\",\"dateModified\":\"2025-09-02T20:00:07+00:00\",\"breadcrumb\":{\"@id\":\"https:\/\/femergs.com.br\/wfe\/blog\/por-que-algumas-profissoes-estao-fora-da-reforma-administrativa\/#breadcrumb\"},\"inLanguage\":\"pt-BR\",\"potentialAction\":[{\"@type\":\"ReadAction\",\"target\":[\"https:\/\/femergs.com.br\/wfe\/blog\/por-que-algumas-profissoes-estao-fora-da-reforma-administrativa\/\"]}]},{\"@type\":\"BreadcrumbList\",\"@id\":\"https:\/\/femergs.com.br\/wfe\/blog\/por-que-algumas-profissoes-estao-fora-da-reforma-administrativa\/#breadcrumb\",\"itemListElement\":[{\"@type\":\"ListItem\",\"position\":1,\"name\":\"In\u00edcio\",\"item\":\"https:\/\/femergs.com.br\/wfe\/\"},{\"@type\":\"ListItem\",\"position\":2,\"name\":\"POR QUE ALGUMAS PROFISS\u00d5ES EST\u00c3O FORA DA REFORMA ADMINISTRATIVA?\"}]},{\"@type\":\"WebSite\",\"@id\":\"https:\/\/femergs.com.br\/wfe\/#website\",\"url\":\"https:\/\/femergs.com.br\/wfe\/\",\"name\":\"FEMERGS\",\"description\":\"FEDERA\u00c7\u00c3O DOS MUNICIP\u00c1RIOS DO ESTADO DO RIO GRANDE DO SUL\",\"publisher\":{\"@id\":\"https:\/\/femergs.com.br\/wfe\/#organization\"},\"potentialAction\":[{\"@type\":\"SearchAction\",\"target\":{\"@type\":\"EntryPoint\",\"urlTemplate\":\"https:\/\/femergs.com.br\/wfe\/?s={search_term_string}\"},\"query-input\":{\"@type\":\"PropertyValueSpecification\",\"valueRequired\":true,\"valueName\":\"search_term_string\"}}],\"inLanguage\":\"pt-BR\"},{\"@type\":\"Organization\",\"@id\":\"https:\/\/femergs.com.br\/wfe\/#organization\",\"name\":\"FEMERGS\",\"url\":\"https:\/\/femergs.com.br\/wfe\/\",\"logo\":{\"@type\":\"ImageObject\",\"inLanguage\":\"pt-BR\",\"@id\":\"https:\/\/femergs.com.br\/wfe\/#\/schema\/logo\/image\/\",\"url\":\"https:\/\/femergs.com.br\/wfe\/wp-content\/uploads\/2025\/06\/logotipo.png\",\"contentUrl\":\"https:\/\/femergs.com.br\/wfe\/wp-content\/uploads\/2025\/06\/logotipo.png\",\"width\":500,\"height\":500,\"caption\":\"FEMERGS\"},\"image\":{\"@id\":\"https:\/\/femergs.com.br\/wfe\/#\/schema\/logo\/image\/\"},\"sameAs\":[\"https:\/\/www.facebook.com\/profile.php?id=100057151733001\",\"https:\/\/www.instagram.com\/femergs_rs\/\"]},{\"@type\":\"Person\",\"@id\":\"https:\/\/femergs.com.br\/wfe\/#\/schema\/person\/f5558e6b5ffc044ee085016237dedb7f\",\"name\":\"adminfemergs\",\"image\":{\"@type\":\"ImageObject\",\"inLanguage\":\"pt-BR\",\"@id\":\"https:\/\/femergs.com.br\/wfe\/#\/schema\/person\/image\/\",\"url\":\"https:\/\/secure.gravatar.com\/avatar\/398642fa557cdd524617ad9b31c938845f071aeb3448b9c0aeb29aefc495337b?s=96&d=mm&r=g\",\"contentUrl\":\"https:\/\/secure.gravatar.com\/avatar\/398642fa557cdd524617ad9b31c938845f071aeb3448b9c0aeb29aefc495337b?s=96&d=mm&r=g\",\"caption\":\"adminfemergs\"},\"sameAs\":[\"https:\/\/femergs.com.br\/wfe\"],\"url\":\"https:\/\/femergs.com.br\/wfe\/blog\/author\/adminfemergs\/\"}]}<\/script>\n<!-- \/ Yoast SEO plugin. -->","yoast_head_json":{"title":"POR QUE ALGUMAS PROFISS\u00d5ES EST\u00c3O FORA DA REFORMA ADMINISTRATIVA? - Federa\u00e7\u00e3o dos Municip\u00e1rios do Estado do Rio Grande do Sul","robots":{"index":"index","follow":"follow","max-snippet":"max-snippet:-1","max-image-preview":"max-image-preview:large","max-video-preview":"max-video-preview:-1"},"canonical":"https:\/\/femergs.com.br\/wfe\/blog\/por-que-algumas-profissoes-estao-fora-da-reforma-administrativa\/","og_locale":"pt_BR","og_type":"article","og_title":"POR QUE ALGUMAS PROFISS\u00d5ES EST\u00c3O FORA DA REFORMA ADMINISTRATIVA? - Federa\u00e7\u00e3o dos Municip\u00e1rios do Estado do Rio Grande do Sul","og_description":"\u201cN\u00e3o mexa com quem voc\u00ea n\u00e3o pode\u201d era uma frase muito usada por pais que instru\u00edam seus filhos a n\u00e3o provocar meninos \u201cmais fortes\u201d. Mesmo tendo um cunho um tanto machista, essa vis\u00e3o parece guiar o Governo Federal em sua proposta de Reforma Administrativa. O governo mente para a popula\u00e7\u00e3o, dizendo que a proposta servir\u00e1 [&hellip;]","og_url":"https:\/\/femergs.com.br\/wfe\/blog\/por-que-algumas-profissoes-estao-fora-da-reforma-administrativa\/","og_site_name":"Federa\u00e7\u00e3o dos Municip\u00e1rios do Estado do Rio Grande do Sul","article_publisher":"https:\/\/www.facebook.com\/profile.php?id=100057151733001","article_published_time":"2021-06-24T13:43:11+00:00","article_modified_time":"2025-09-02T20:00:07+00:00","author":"adminfemergs","twitter_card":"summary_large_image","twitter_misc":{"Escrito por":"adminfemergs","Est. tempo de leitura":"1 minuto"},"schema":{"@context":"https:\/\/schema.org","@graph":[{"@type":"Article","@id":"https:\/\/femergs.com.br\/wfe\/blog\/por-que-algumas-profissoes-estao-fora-da-reforma-administrativa\/#article","isPartOf":{"@id":"https:\/\/femergs.com.br\/wfe\/blog\/por-que-algumas-profissoes-estao-fora-da-reforma-administrativa\/"},"author":{"name":"adminfemergs","@id":"https:\/\/femergs.com.br\/wfe\/#\/schema\/person\/f5558e6b5ffc044ee085016237dedb7f"},"headline":"POR QUE ALGUMAS PROFISS\u00d5ES EST\u00c3O FORA DA REFORMA ADMINISTRATIVA?","datePublished":"2021-06-24T13:43:11+00:00","dateModified":"2025-09-02T20:00:07+00:00","mainEntityOfPage":{"@id":"https:\/\/femergs.com.br\/wfe\/blog\/por-que-algumas-profissoes-estao-fora-da-reforma-administrativa\/"},"wordCount":300,"publisher":{"@id":"https:\/\/femergs.com.br\/wfe\/#organization"},"keywords":["NULL"],"articleSection":["Not\u00edcias Gerais"],"inLanguage":"pt-BR"},{"@type":"WebPage","@id":"https:\/\/femergs.com.br\/wfe\/blog\/por-que-algumas-profissoes-estao-fora-da-reforma-administrativa\/","url":"https:\/\/femergs.com.br\/wfe\/blog\/por-que-algumas-profissoes-estao-fora-da-reforma-administrativa\/","name":"POR QUE ALGUMAS PROFISS\u00d5ES EST\u00c3O FORA DA REFORMA ADMINISTRATIVA? - Federa\u00e7\u00e3o dos Municip\u00e1rios do Estado do Rio Grande do Sul","isPartOf":{"@id":"https:\/\/femergs.com.br\/wfe\/#website"},"datePublished":"2021-06-24T13:43:11+00:00","dateModified":"2025-09-02T20:00:07+00:00","breadcrumb":{"@id":"https:\/\/femergs.com.br\/wfe\/blog\/por-que-algumas-profissoes-estao-fora-da-reforma-administrativa\/#breadcrumb"},"inLanguage":"pt-BR","potentialAction":[{"@type":"ReadAction","target":["https:\/\/femergs.com.br\/wfe\/blog\/por-que-algumas-profissoes-estao-fora-da-reforma-administrativa\/"]}]},{"@type":"BreadcrumbList","@id":"https:\/\/femergs.com.br\/wfe\/blog\/por-que-algumas-profissoes-estao-fora-da-reforma-administrativa\/#breadcrumb","itemListElement":[{"@type":"ListItem","position":1,"name":"In\u00edcio","item":"https:\/\/femergs.com.br\/wfe\/"},{"@type":"ListItem","position":2,"name":"POR QUE ALGUMAS PROFISS\u00d5ES EST\u00c3O FORA DA REFORMA ADMINISTRATIVA?"}]},{"@type":"WebSite","@id":"https:\/\/femergs.com.br\/wfe\/#website","url":"https:\/\/femergs.com.br\/wfe\/","name":"FEMERGS","description":"FEDERA\u00c7\u00c3O DOS MUNICIP\u00c1RIOS DO ESTADO DO RIO GRANDE DO SUL","publisher":{"@id":"https:\/\/femergs.com.br\/wfe\/#organization"},"potentialAction":[{"@type":"SearchAction","target":{"@type":"EntryPoint","urlTemplate":"https:\/\/femergs.com.br\/wfe\/?s={search_term_string}"},"query-input":{"@type":"PropertyValueSpecification","valueRequired":true,"valueName":"search_term_string"}}],"inLanguage":"pt-BR"},{"@type":"Organization","@id":"https:\/\/femergs.com.br\/wfe\/#organization","name":"FEMERGS","url":"https:\/\/femergs.com.br\/wfe\/","logo":{"@type":"ImageObject","inLanguage":"pt-BR","@id":"https:\/\/femergs.com.br\/wfe\/#\/schema\/logo\/image\/","url":"https:\/\/femergs.com.br\/wfe\/wp-content\/uploads\/2025\/06\/logotipo.png","contentUrl":"https:\/\/femergs.com.br\/wfe\/wp-content\/uploads\/2025\/06\/logotipo.png","width":500,"height":500,"caption":"FEMERGS"},"image":{"@id":"https:\/\/femergs.com.br\/wfe\/#\/schema\/logo\/image\/"},"sameAs":["https:\/\/www.facebook.com\/profile.php?id=100057151733001","https:\/\/www.instagram.com\/femergs_rs\/"]},{"@type":"Person","@id":"https:\/\/femergs.com.br\/wfe\/#\/schema\/person\/f5558e6b5ffc044ee085016237dedb7f","name":"adminfemergs","image":{"@type":"ImageObject","inLanguage":"pt-BR","@id":"https:\/\/femergs.com.br\/wfe\/#\/schema\/person\/image\/","url":"https:\/\/secure.gravatar.com\/avatar\/398642fa557cdd524617ad9b31c938845f071aeb3448b9c0aeb29aefc495337b?s=96&d=mm&r=g","contentUrl":"https:\/\/secure.gravatar.com\/avatar\/398642fa557cdd524617ad9b31c938845f071aeb3448b9c0aeb29aefc495337b?s=96&d=mm&r=g","caption":"adminfemergs"},"sameAs":["https:\/\/femergs.com.br\/wfe"],"url":"https:\/\/femergs.com.br\/wfe\/blog\/author\/adminfemergs\/"}]}},"uagb_featured_image_src":{"full":false,"thumbnail":false,"medium":false,"medium_large":false,"large":false,"1536x1536":false,"2048x2048":false,"ultp_layout_landscape_large":false,"ultp_layout_landscape":false,"ultp_layout_portrait":false,"ultp_layout_square":false},"uagb_author_info":{"display_name":"adminfemergs","author_link":"https:\/\/femergs.com.br\/wfe\/blog\/author\/adminfemergs\/"},"uagb_comment_info":0,"uagb_excerpt":"\u201cN\u00e3o mexa com quem voc\u00ea n\u00e3o pode\u201d era uma frase muito usada por pais que instru\u00edam seus filhos a n\u00e3o provocar meninos \u201cmais fortes\u201d. Mesmo tendo um cunho um tanto machista, essa vis\u00e3o parece guiar o Governo Federal em sua proposta de Reforma Administrativa. O governo mente para a popula\u00e7\u00e3o, dizendo que a proposta servir\u00e1&hellip;","_links":{"self":[{"href":"https:\/\/femergs.com.br\/wfe\/wp-json\/wp\/v2\/posts\/1281","targetHints":{"allow":["GET"]}}],"collection":[{"href":"https:\/\/femergs.com.br\/wfe\/wp-json\/wp\/v2\/posts"}],"about":[{"href":"https:\/\/femergs.com.br\/wfe\/wp-json\/wp\/v2\/types\/post"}],"author":[{"embeddable":true,"href":"https:\/\/femergs.com.br\/wfe\/wp-json\/wp\/v2\/users\/1"}],"replies":[{"embeddable":true,"href":"https:\/\/femergs.com.br\/wfe\/wp-json\/wp\/v2\/comments?post=1281"}],"version-history":[{"count":1,"href":"https:\/\/femergs.com.br\/wfe\/wp-json\/wp\/v2\/posts\/1281\/revisions"}],"predecessor-version":[{"id":1530,"href":"https:\/\/femergs.com.br\/wfe\/wp-json\/wp\/v2\/posts\/1281\/revisions\/1530"}],"wp:attachment":[{"href":"https:\/\/femergs.com.br\/wfe\/wp-json\/wp\/v2\/media?parent=1281"}],"wp:term":[{"taxonomy":"category","embeddable":true,"href":"https:\/\/femergs.com.br\/wfe\/wp-json\/wp\/v2\/categories?post=1281"},{"taxonomy":"post_tag","embeddable":true,"href":"https:\/\/femergs.com.br\/wfe\/wp-json\/wp\/v2\/tags?post=1281"}],"curies":[{"name":"wp","href":"https:\/\/api.w.org\/{rel}","templated":true}]}}