{"id":1283,"date":"2021-06-29T19:31:41","date_gmt":"2021-06-29T19:31:41","guid":{"rendered":"https:\/\/femergs.com.br\/wfe\/blog\/1o-audiencia-publica-mostra-que-reforma-administrativa-pretende-acabar-com-o-servico-publico\/"},"modified":"2025-09-02T20:00:07","modified_gmt":"2025-09-02T20:00:07","slug":"1o-audiencia-publica-mostra-que-reforma-administrativa-pretende-acabar-com-o-servico-publico","status":"publish","type":"post","link":"https:\/\/femergs.com.br\/wfe\/blog\/1o-audiencia-publica-mostra-que-reforma-administrativa-pretende-acabar-com-o-servico-publico\/","title":{"rendered":"1\u00ba audi\u00eancia p\u00fablica mostra que Reforma Administrativa pretende acabar com o servi\u00e7o p\u00fablico"},"content":{"rendered":"<p>\nA primeira audi\u00eancia p\u00fablica sobre a Reforma Administrativa (PEC 32\/2020), das doze que est\u00e3o programadas, foi realizada em 22 de junho por sua Comiss\u00e3o Especial.<\/p>\n<p>O que podemos dizer, sem sombras de d\u00favidas, que existem esqueletos muito maiores dentro desse projeto de destrui\u00e7\u00e3o do servi\u00e7o p\u00fablico.<\/p>\n<p>Nesta audi\u00eancia, a grande preocupa\u00e7\u00e3o daqueles que defendem a PEC 32\/2020 foi alegar aos quatro cantos do Brasil que essa Reforma n\u00e3o atingiria os atuais servidores.<\/p>\n<p>\u201cTodos os efeitos dela com o enxugamento da m\u00e1quina p\u00fablica ser\u00e3o para os novos servidores. Isso d\u00e1 uma tranquilidade para que o parlamentar possa votar. Queremos um Estado mais \u00e1gil, com o redesenho da m\u00e1quina p\u00fablica aferindo a qualidade do servi\u00e7o e n\u00e3o do servidor\u201d, mentiu o presidente da C\u00e2mara dos Deputados, Arthur Lira (PP-AL).<\/p>\n<p>Mas o que se viu nessa primeira audi\u00eancia foi completamente diferente.<\/p>\n<p>Servi\u00e7os p\u00fablicos destru\u00eddos<\/p>\n<p>Usando um falso discurso de inova\u00e7\u00e3o no servi\u00e7o p\u00fablico e novas ferramentas tecnol\u00f3gicas, o plano do governo se desenha at\u00e9 2030.<br \/>\nSegundo o presidente na Escola Nacional de Administra\u00e7\u00e3o P\u00fablica (Enap), Diogo Costa, entre os servidores aptos a se aposentar at\u00e9 2030, 23% n\u00e3o precisariam ser repostos. Dos servidores que n\u00e3o v\u00e3o se aposentar at\u00e9 2030, 18% poderiam ser realocados ou desligados porque suas fun\u00e7\u00f5es se tornariam obsoletas.<br \/>\nAl\u00e9m disso, soma-se a isso, a falta de reposi\u00e7\u00e3o de pessoal nos \u00faltimos anos. Apenas em 2019, o governo de Jair Bolsonaro diminui 22.856 servidores, n\u00e3o repondo aqueles que se aposentaram ou pediram exonera\u00e7\u00e3o.<\/p>\n<p><strong>M\u00e1quina \u201cinchada\u201d<\/strong><\/p>\n<p>E se voc\u00ea \u00e9 do time que acredita que a m\u00e1quina p\u00fablica \u00e9 muito inchada, sinto de dizer, mas \u00e9 preciso rever essa ideia.<\/p>\n<p>Para um servi\u00e7o de qualidade e que possa a atender mais pessoas, o Estado precisa de mais servidores p\u00fablicos. \u00c9 s\u00f3 olhar as filas no SUS, e ver o quanto esses profissionais se matam de trabalhar, sem recursos.<\/p>\n<p>Ou at\u00e9 mesmo olhar e pensar o quanto os servidores s\u00e3o t\u00e3o essenciais em um pa\u00eds que ainda tem 16% de sua popula\u00e7\u00e3o sem \u00e1gua tratada e 47% n\u00e3o t\u00eam acesso \u00e0 rede de esgoto.<br \/>\nSim, precisamos resolver as desigualdades desse nosso Brasil, mas s\u00f3 conseguiremos isso com mais servidores p\u00fablicos.<\/p>\n<p>Podemos, inclusive, discutir o quanto nosso pa\u00eds ganharia se pud\u00e9ssemos ter muito mais vagas nas universidades p\u00fablicas para seu filho, afinal, \u00e9 somente com a educa\u00e7\u00e3o de qualidade que podemos avan\u00e7ar para que o Brasil volte a trilhar um caminho de desenvolvimento.<\/p>\n<p><strong>Acabou a festa\u2026<\/strong><\/p>\n<p>Mas, se mesmo assim, esses n\u00e3o s\u00e3o argumentos suficientes, e para voc\u00ea \u00e9 preciso acabar com todos os servidores p\u00fablicos, sinto lhe dizer que a ideia do governo n\u00e3o \u00e9 economizar.<\/p>\n<p>Porque se por um lado reduziria os n\u00fameros de p\u00fablicos concursados, por outro iria abarrotar os servi\u00e7os p\u00fablicos com apadrinhados pol\u00edticos sem concurso.<\/p>\n<p>A estimativa apresentada na audi\u00eancia p\u00fablica \u00e9 que s\u00f3 no servi\u00e7o p\u00fablico federal, esse n\u00famero de cargos comissionados pode subir de 6 mil para 90 mil.<\/p>\n<p>Se somarmos a esse n\u00famero as possibilidades de comissionados no plano estadual e municipal, o Brasil pode chegar a 956 mil cargos ocupados por pessoas indicadas por pol\u00edticos.<\/p>\n<p>E a\u00ed, minha gente, todo o discurso de que a Reforma Administrativa veio para acabar com a mamata foi-se por terra, logo nessa primeira audi\u00eancia.<\/p>\n<p>Mas \u00e9 \u00f3bvio que para muitos presentes ali, essa informa\u00e7\u00e3o fez os olhinhos brilharem, ou at\u00e9 mesmo podemos dizer, tilintar.<\/p>\n<p><strong>Guedes em audi\u00eancia na pr\u00f3xima semana<\/strong><\/p>\n<p>A previs\u00e3o \u00e9 que o ministro da Economia, Paulo Guedes, esteja presente na pr\u00f3xima audi\u00eancia p\u00fablica prevista para quarta-feira (30 de junho).<\/p>\n<p>Junto com Jair Bolsonaro, Guedes, um ex-banqueiro, \u00e9 o principal formulador dessa Reforma.<br \/>\nCaso seja aprovada, a PEC 32\/2020 transformar\u00e1 o servi\u00e7o p\u00fablico em uma verdadeira farra.<\/p>\n<p><strong>Pressione!<\/strong><\/p>\n<p>Agora, mais do que nunca, \u00e9 hora de refor\u00e7ar a mobiliza\u00e7\u00e3o contra a aprova\u00e7\u00e3o da Reforma.<br \/>\nAcesse aqui (<a href=\"https:\/\/napressao.org.br\/campanha\/diga-nao-a-reforma-administrativa\">https:\/\/napressao.org.br\/campanha\/diga-nao-a-reforma-administrativa<\/a>) a plataforma Na Press\u00e3o e confira o posicionamento dos parlamentares, bem como os seus contatos.<\/p>\n<p>Pressione os deputados e senadores enviando mensagens no WhatsApp, fazendo coment\u00e1rios nas redes sociais, por e-mail ou at\u00e9 mesmo ligando para seus telefones fixos.<\/p>\n<p>Precisamos salvar o Brasil desse plano de destrui\u00e7\u00e3o e pode ajudar. As pr\u00f3ximas gera\u00e7\u00f5es<\/p>\n","protected":false},"excerpt":{"rendered":"<p>A primeira audi\u00eancia p\u00fablica sobre a Reforma Administrativa (PEC 32\/2020), das doze que est\u00e3o programadas, foi realizada em 22 de junho por sua Comiss\u00e3o Especial. O que podemos dizer, sem sombras de d\u00favidas, que existem esqueletos muito maiores dentro desse projeto de destrui\u00e7\u00e3o do servi\u00e7o p\u00fablico. Nesta audi\u00eancia, a grande preocupa\u00e7\u00e3o daqueles que defendem a [&hellip;]<\/p>\n","protected":false},"author":1,"featured_media":0,"comment_status":"closed","ping_status":"closed","sticky":false,"template":"","format":"standard","meta":{"_eb_attr":"","_uag_custom_page_level_css":"","fifu_image_url":"","fifu_image_alt":"","footnotes":""},"categories":[7],"tags":[32],"class_list":["post-1283","post","type-post","status-publish","format-standard","hentry","category-noticias","tag-null"],"yoast_head":"<!-- This site is optimized with the Yoast SEO plugin v27.1.1 - https:\/\/yoast.com\/product\/yoast-seo-wordpress\/ -->\n<title>1\u00ba audi\u00eancia p\u00fablica mostra que Reforma Administrativa pretende acabar com o servi\u00e7o p\u00fablico - Federa\u00e7\u00e3o dos Municip\u00e1rios do Estado do Rio Grande do Sul<\/title>\n<meta name=\"robots\" content=\"index, follow, max-snippet:-1, max-image-preview:large, max-video-preview:-1\" \/>\n<link rel=\"canonical\" href=\"https:\/\/femergs.com.br\/wfe\/blog\/1o-audiencia-publica-mostra-que-reforma-administrativa-pretende-acabar-com-o-servico-publico\/\" \/>\n<meta property=\"og:locale\" content=\"pt_BR\" \/>\n<meta property=\"og:type\" content=\"article\" \/>\n<meta property=\"og:title\" content=\"1\u00ba audi\u00eancia p\u00fablica mostra que Reforma Administrativa pretende acabar com o servi\u00e7o p\u00fablico - Federa\u00e7\u00e3o dos Municip\u00e1rios do Estado do Rio Grande do Sul\" \/>\n<meta property=\"og:description\" content=\"A primeira audi\u00eancia p\u00fablica sobre a Reforma Administrativa (PEC 32\/2020), das doze que est\u00e3o programadas, foi realizada em 22 de junho por sua Comiss\u00e3o Especial. O que podemos dizer, sem sombras de d\u00favidas, que existem esqueletos muito maiores dentro desse projeto de destrui\u00e7\u00e3o do servi\u00e7o p\u00fablico. Nesta audi\u00eancia, a grande preocupa\u00e7\u00e3o daqueles que defendem a [&hellip;]\" \/>\n<meta property=\"og:url\" content=\"https:\/\/femergs.com.br\/wfe\/blog\/1o-audiencia-publica-mostra-que-reforma-administrativa-pretende-acabar-com-o-servico-publico\/\" \/>\n<meta property=\"og:site_name\" content=\"Federa\u00e7\u00e3o dos Municip\u00e1rios do Estado do Rio Grande do Sul\" \/>\n<meta property=\"article:publisher\" content=\"https:\/\/www.facebook.com\/profile.php?id=100057151733001\" \/>\n<meta property=\"article:published_time\" content=\"2021-06-29T19:31:41+00:00\" \/>\n<meta property=\"article:modified_time\" content=\"2025-09-02T20:00:07+00:00\" \/>\n<meta name=\"author\" content=\"adminfemergs\" \/>\n<meta name=\"twitter:card\" content=\"summary_large_image\" \/>\n<meta name=\"twitter:label1\" content=\"Escrito por\" \/>\n\t<meta name=\"twitter:data1\" content=\"adminfemergs\" \/>\n\t<meta name=\"twitter:label2\" content=\"Est. tempo de leitura\" \/>\n\t<meta name=\"twitter:data2\" content=\"4 minutos\" \/>\n<script type=\"application\/ld+json\" class=\"yoast-schema-graph\">{\"@context\":\"https:\/\/schema.org\",\"@graph\":[{\"@type\":\"Article\",\"@id\":\"https:\/\/femergs.com.br\/wfe\/blog\/1o-audiencia-publica-mostra-que-reforma-administrativa-pretende-acabar-com-o-servico-publico\/#article\",\"isPartOf\":{\"@id\":\"https:\/\/femergs.com.br\/wfe\/blog\/1o-audiencia-publica-mostra-que-reforma-administrativa-pretende-acabar-com-o-servico-publico\/\"},\"author\":{\"name\":\"adminfemergs\",\"@id\":\"https:\/\/femergs.com.br\/wfe\/#\/schema\/person\/f5558e6b5ffc044ee085016237dedb7f\"},\"headline\":\"1\u00ba audi\u00eancia p\u00fablica mostra que Reforma Administrativa pretende acabar com o servi\u00e7o p\u00fablico\",\"datePublished\":\"2021-06-29T19:31:41+00:00\",\"dateModified\":\"2025-09-02T20:00:07+00:00\",\"mainEntityOfPage\":{\"@id\":\"https:\/\/femergs.com.br\/wfe\/blog\/1o-audiencia-publica-mostra-que-reforma-administrativa-pretende-acabar-com-o-servico-publico\/\"},\"wordCount\":763,\"publisher\":{\"@id\":\"https:\/\/femergs.com.br\/wfe\/#organization\"},\"keywords\":[\"NULL\"],\"articleSection\":[\"Not\u00edcias Gerais\"],\"inLanguage\":\"pt-BR\"},{\"@type\":\"WebPage\",\"@id\":\"https:\/\/femergs.com.br\/wfe\/blog\/1o-audiencia-publica-mostra-que-reforma-administrativa-pretende-acabar-com-o-servico-publico\/\",\"url\":\"https:\/\/femergs.com.br\/wfe\/blog\/1o-audiencia-publica-mostra-que-reforma-administrativa-pretende-acabar-com-o-servico-publico\/\",\"name\":\"1\u00ba audi\u00eancia p\u00fablica mostra que Reforma Administrativa pretende acabar com o servi\u00e7o p\u00fablico - Federa\u00e7\u00e3o dos Municip\u00e1rios do Estado do Rio Grande do Sul\",\"isPartOf\":{\"@id\":\"https:\/\/femergs.com.br\/wfe\/#website\"},\"datePublished\":\"2021-06-29T19:31:41+00:00\",\"dateModified\":\"2025-09-02T20:00:07+00:00\",\"breadcrumb\":{\"@id\":\"https:\/\/femergs.com.br\/wfe\/blog\/1o-audiencia-publica-mostra-que-reforma-administrativa-pretende-acabar-com-o-servico-publico\/#breadcrumb\"},\"inLanguage\":\"pt-BR\",\"potentialAction\":[{\"@type\":\"ReadAction\",\"target\":[\"https:\/\/femergs.com.br\/wfe\/blog\/1o-audiencia-publica-mostra-que-reforma-administrativa-pretende-acabar-com-o-servico-publico\/\"]}]},{\"@type\":\"BreadcrumbList\",\"@id\":\"https:\/\/femergs.com.br\/wfe\/blog\/1o-audiencia-publica-mostra-que-reforma-administrativa-pretende-acabar-com-o-servico-publico\/#breadcrumb\",\"itemListElement\":[{\"@type\":\"ListItem\",\"position\":1,\"name\":\"In\u00edcio\",\"item\":\"https:\/\/femergs.com.br\/wfe\/\"},{\"@type\":\"ListItem\",\"position\":2,\"name\":\"1\u00ba audi\u00eancia p\u00fablica mostra que Reforma Administrativa pretende acabar com o servi\u00e7o p\u00fablico\"}]},{\"@type\":\"WebSite\",\"@id\":\"https:\/\/femergs.com.br\/wfe\/#website\",\"url\":\"https:\/\/femergs.com.br\/wfe\/\",\"name\":\"FEMERGS\",\"description\":\"FEDERA\u00c7\u00c3O DOS MUNICIP\u00c1RIOS DO ESTADO DO RIO GRANDE DO SUL\",\"publisher\":{\"@id\":\"https:\/\/femergs.com.br\/wfe\/#organization\"},\"potentialAction\":[{\"@type\":\"SearchAction\",\"target\":{\"@type\":\"EntryPoint\",\"urlTemplate\":\"https:\/\/femergs.com.br\/wfe\/?s={search_term_string}\"},\"query-input\":{\"@type\":\"PropertyValueSpecification\",\"valueRequired\":true,\"valueName\":\"search_term_string\"}}],\"inLanguage\":\"pt-BR\"},{\"@type\":\"Organization\",\"@id\":\"https:\/\/femergs.com.br\/wfe\/#organization\",\"name\":\"FEMERGS\",\"url\":\"https:\/\/femergs.com.br\/wfe\/\",\"logo\":{\"@type\":\"ImageObject\",\"inLanguage\":\"pt-BR\",\"@id\":\"https:\/\/femergs.com.br\/wfe\/#\/schema\/logo\/image\/\",\"url\":\"https:\/\/femergs.com.br\/wfe\/wp-content\/uploads\/2025\/06\/logotipo.png\",\"contentUrl\":\"https:\/\/femergs.com.br\/wfe\/wp-content\/uploads\/2025\/06\/logotipo.png\",\"width\":500,\"height\":500,\"caption\":\"FEMERGS\"},\"image\":{\"@id\":\"https:\/\/femergs.com.br\/wfe\/#\/schema\/logo\/image\/\"},\"sameAs\":[\"https:\/\/www.facebook.com\/profile.php?id=100057151733001\",\"https:\/\/www.instagram.com\/femergs_rs\/\"]},{\"@type\":\"Person\",\"@id\":\"https:\/\/femergs.com.br\/wfe\/#\/schema\/person\/f5558e6b5ffc044ee085016237dedb7f\",\"name\":\"adminfemergs\",\"image\":{\"@type\":\"ImageObject\",\"inLanguage\":\"pt-BR\",\"@id\":\"https:\/\/femergs.com.br\/wfe\/#\/schema\/person\/image\/\",\"url\":\"https:\/\/secure.gravatar.com\/avatar\/398642fa557cdd524617ad9b31c938845f071aeb3448b9c0aeb29aefc495337b?s=96&d=mm&r=g\",\"contentUrl\":\"https:\/\/secure.gravatar.com\/avatar\/398642fa557cdd524617ad9b31c938845f071aeb3448b9c0aeb29aefc495337b?s=96&d=mm&r=g\",\"caption\":\"adminfemergs\"},\"sameAs\":[\"https:\/\/femergs.com.br\/wfe\"],\"url\":\"https:\/\/femergs.com.br\/wfe\/blog\/author\/adminfemergs\/\"}]}<\/script>\n<!-- \/ Yoast SEO plugin. -->","yoast_head_json":{"title":"1\u00ba audi\u00eancia p\u00fablica mostra que Reforma Administrativa pretende acabar com o servi\u00e7o p\u00fablico - Federa\u00e7\u00e3o dos Municip\u00e1rios do Estado do Rio Grande do Sul","robots":{"index":"index","follow":"follow","max-snippet":"max-snippet:-1","max-image-preview":"max-image-preview:large","max-video-preview":"max-video-preview:-1"},"canonical":"https:\/\/femergs.com.br\/wfe\/blog\/1o-audiencia-publica-mostra-que-reforma-administrativa-pretende-acabar-com-o-servico-publico\/","og_locale":"pt_BR","og_type":"article","og_title":"1\u00ba audi\u00eancia p\u00fablica mostra que Reforma Administrativa pretende acabar com o servi\u00e7o p\u00fablico - Federa\u00e7\u00e3o dos Municip\u00e1rios do Estado do Rio Grande do Sul","og_description":"A primeira audi\u00eancia p\u00fablica sobre a Reforma Administrativa (PEC 32\/2020), das doze que est\u00e3o programadas, foi realizada em 22 de junho por sua Comiss\u00e3o Especial. O que podemos dizer, sem sombras de d\u00favidas, que existem esqueletos muito maiores dentro desse projeto de destrui\u00e7\u00e3o do servi\u00e7o p\u00fablico. Nesta audi\u00eancia, a grande preocupa\u00e7\u00e3o daqueles que defendem a [&hellip;]","og_url":"https:\/\/femergs.com.br\/wfe\/blog\/1o-audiencia-publica-mostra-que-reforma-administrativa-pretende-acabar-com-o-servico-publico\/","og_site_name":"Federa\u00e7\u00e3o dos Municip\u00e1rios do Estado do Rio Grande do Sul","article_publisher":"https:\/\/www.facebook.com\/profile.php?id=100057151733001","article_published_time":"2021-06-29T19:31:41+00:00","article_modified_time":"2025-09-02T20:00:07+00:00","author":"adminfemergs","twitter_card":"summary_large_image","twitter_misc":{"Escrito por":"adminfemergs","Est. tempo de leitura":"4 minutos"},"schema":{"@context":"https:\/\/schema.org","@graph":[{"@type":"Article","@id":"https:\/\/femergs.com.br\/wfe\/blog\/1o-audiencia-publica-mostra-que-reforma-administrativa-pretende-acabar-com-o-servico-publico\/#article","isPartOf":{"@id":"https:\/\/femergs.com.br\/wfe\/blog\/1o-audiencia-publica-mostra-que-reforma-administrativa-pretende-acabar-com-o-servico-publico\/"},"author":{"name":"adminfemergs","@id":"https:\/\/femergs.com.br\/wfe\/#\/schema\/person\/f5558e6b5ffc044ee085016237dedb7f"},"headline":"1\u00ba audi\u00eancia p\u00fablica mostra que Reforma Administrativa pretende acabar com o servi\u00e7o p\u00fablico","datePublished":"2021-06-29T19:31:41+00:00","dateModified":"2025-09-02T20:00:07+00:00","mainEntityOfPage":{"@id":"https:\/\/femergs.com.br\/wfe\/blog\/1o-audiencia-publica-mostra-que-reforma-administrativa-pretende-acabar-com-o-servico-publico\/"},"wordCount":763,"publisher":{"@id":"https:\/\/femergs.com.br\/wfe\/#organization"},"keywords":["NULL"],"articleSection":["Not\u00edcias Gerais"],"inLanguage":"pt-BR"},{"@type":"WebPage","@id":"https:\/\/femergs.com.br\/wfe\/blog\/1o-audiencia-publica-mostra-que-reforma-administrativa-pretende-acabar-com-o-servico-publico\/","url":"https:\/\/femergs.com.br\/wfe\/blog\/1o-audiencia-publica-mostra-que-reforma-administrativa-pretende-acabar-com-o-servico-publico\/","name":"1\u00ba audi\u00eancia p\u00fablica mostra que Reforma Administrativa pretende acabar com o servi\u00e7o p\u00fablico - Federa\u00e7\u00e3o dos Municip\u00e1rios do Estado do Rio Grande do Sul","isPartOf":{"@id":"https:\/\/femergs.com.br\/wfe\/#website"},"datePublished":"2021-06-29T19:31:41+00:00","dateModified":"2025-09-02T20:00:07+00:00","breadcrumb":{"@id":"https:\/\/femergs.com.br\/wfe\/blog\/1o-audiencia-publica-mostra-que-reforma-administrativa-pretende-acabar-com-o-servico-publico\/#breadcrumb"},"inLanguage":"pt-BR","potentialAction":[{"@type":"ReadAction","target":["https:\/\/femergs.com.br\/wfe\/blog\/1o-audiencia-publica-mostra-que-reforma-administrativa-pretende-acabar-com-o-servico-publico\/"]}]},{"@type":"BreadcrumbList","@id":"https:\/\/femergs.com.br\/wfe\/blog\/1o-audiencia-publica-mostra-que-reforma-administrativa-pretende-acabar-com-o-servico-publico\/#breadcrumb","itemListElement":[{"@type":"ListItem","position":1,"name":"In\u00edcio","item":"https:\/\/femergs.com.br\/wfe\/"},{"@type":"ListItem","position":2,"name":"1\u00ba audi\u00eancia p\u00fablica mostra que Reforma Administrativa pretende acabar com o servi\u00e7o p\u00fablico"}]},{"@type":"WebSite","@id":"https:\/\/femergs.com.br\/wfe\/#website","url":"https:\/\/femergs.com.br\/wfe\/","name":"FEMERGS","description":"FEDERA\u00c7\u00c3O DOS MUNICIP\u00c1RIOS DO ESTADO DO RIO GRANDE DO SUL","publisher":{"@id":"https:\/\/femergs.com.br\/wfe\/#organization"},"potentialAction":[{"@type":"SearchAction","target":{"@type":"EntryPoint","urlTemplate":"https:\/\/femergs.com.br\/wfe\/?s={search_term_string}"},"query-input":{"@type":"PropertyValueSpecification","valueRequired":true,"valueName":"search_term_string"}}],"inLanguage":"pt-BR"},{"@type":"Organization","@id":"https:\/\/femergs.com.br\/wfe\/#organization","name":"FEMERGS","url":"https:\/\/femergs.com.br\/wfe\/","logo":{"@type":"ImageObject","inLanguage":"pt-BR","@id":"https:\/\/femergs.com.br\/wfe\/#\/schema\/logo\/image\/","url":"https:\/\/femergs.com.br\/wfe\/wp-content\/uploads\/2025\/06\/logotipo.png","contentUrl":"https:\/\/femergs.com.br\/wfe\/wp-content\/uploads\/2025\/06\/logotipo.png","width":500,"height":500,"caption":"FEMERGS"},"image":{"@id":"https:\/\/femergs.com.br\/wfe\/#\/schema\/logo\/image\/"},"sameAs":["https:\/\/www.facebook.com\/profile.php?id=100057151733001","https:\/\/www.instagram.com\/femergs_rs\/"]},{"@type":"Person","@id":"https:\/\/femergs.com.br\/wfe\/#\/schema\/person\/f5558e6b5ffc044ee085016237dedb7f","name":"adminfemergs","image":{"@type":"ImageObject","inLanguage":"pt-BR","@id":"https:\/\/femergs.com.br\/wfe\/#\/schema\/person\/image\/","url":"https:\/\/secure.gravatar.com\/avatar\/398642fa557cdd524617ad9b31c938845f071aeb3448b9c0aeb29aefc495337b?s=96&d=mm&r=g","contentUrl":"https:\/\/secure.gravatar.com\/avatar\/398642fa557cdd524617ad9b31c938845f071aeb3448b9c0aeb29aefc495337b?s=96&d=mm&r=g","caption":"adminfemergs"},"sameAs":["https:\/\/femergs.com.br\/wfe"],"url":"https:\/\/femergs.com.br\/wfe\/blog\/author\/adminfemergs\/"}]}},"uagb_featured_image_src":{"full":false,"thumbnail":false,"medium":false,"medium_large":false,"large":false,"1536x1536":false,"2048x2048":false,"ultp_layout_landscape_large":false,"ultp_layout_landscape":false,"ultp_layout_portrait":false,"ultp_layout_square":false},"uagb_author_info":{"display_name":"adminfemergs","author_link":"https:\/\/femergs.com.br\/wfe\/blog\/author\/adminfemergs\/"},"uagb_comment_info":0,"uagb_excerpt":"A primeira audi\u00eancia p\u00fablica sobre a Reforma Administrativa (PEC 32\/2020), das doze que est\u00e3o programadas, foi realizada em 22 de junho por sua Comiss\u00e3o Especial. O que podemos dizer, sem sombras de d\u00favidas, que existem esqueletos muito maiores dentro desse projeto de destrui\u00e7\u00e3o do servi\u00e7o p\u00fablico. Nesta audi\u00eancia, a grande preocupa\u00e7\u00e3o daqueles que defendem a&hellip;","_links":{"self":[{"href":"https:\/\/femergs.com.br\/wfe\/wp-json\/wp\/v2\/posts\/1283","targetHints":{"allow":["GET"]}}],"collection":[{"href":"https:\/\/femergs.com.br\/wfe\/wp-json\/wp\/v2\/posts"}],"about":[{"href":"https:\/\/femergs.com.br\/wfe\/wp-json\/wp\/v2\/types\/post"}],"author":[{"embeddable":true,"href":"https:\/\/femergs.com.br\/wfe\/wp-json\/wp\/v2\/users\/1"}],"replies":[{"embeddable":true,"href":"https:\/\/femergs.com.br\/wfe\/wp-json\/wp\/v2\/comments?post=1283"}],"version-history":[{"count":1,"href":"https:\/\/femergs.com.br\/wfe\/wp-json\/wp\/v2\/posts\/1283\/revisions"}],"predecessor-version":[{"id":1527,"href":"https:\/\/femergs.com.br\/wfe\/wp-json\/wp\/v2\/posts\/1283\/revisions\/1527"}],"wp:attachment":[{"href":"https:\/\/femergs.com.br\/wfe\/wp-json\/wp\/v2\/media?parent=1283"}],"wp:term":[{"taxonomy":"category","embeddable":true,"href":"https:\/\/femergs.com.br\/wfe\/wp-json\/wp\/v2\/categories?post=1283"},{"taxonomy":"post_tag","embeddable":true,"href":"https:\/\/femergs.com.br\/wfe\/wp-json\/wp\/v2\/tags?post=1283"}],"curies":[{"name":"wp","href":"https:\/\/api.w.org\/{rel}","templated":true}]}}