{"id":1288,"date":"2021-09-08T12:43:23","date_gmt":"2021-09-08T12:43:23","guid":{"rendered":"https:\/\/femergs.com.br\/wfe\/blog\/prefeituras-aprovam-mocoes-de-repudio-a-pec-32-reforma-administrativa\/"},"modified":"2025-09-02T20:00:06","modified_gmt":"2025-09-02T20:00:06","slug":"prefeituras-aprovam-mocoes-de-repudio-a-pec-32-reforma-administrativa","status":"publish","type":"post","link":"https:\/\/femergs.com.br\/wfe\/blog\/prefeituras-aprovam-mocoes-de-repudio-a-pec-32-reforma-administrativa\/","title":{"rendered":"PREFEITURAS APROVAM MO\u00c7\u00d5ES DE REPUDIO \u00c0 PEC 32 &#8211; REFORMA ADMINISTRATIVA"},"content":{"rendered":"<p>C\u00e2mara de S\u00c3O PAULO DAS MISS\u00d5ES:<br \/>\n<img decoding=\"async\" src=\"data:image\/gif;base64,R0lGODlhAQABAIAAAAAAAP\/\/\/ywAAAAAAQABAAACAUwAOw==\" fifu-lazy=\"1\" fifu-data-sizes=\"auto\" fifu-data-srcset=\"\/Im4g3nsN0t1cia\/geral\/images\/Sao-Paulo-das-Missoes.jpg?w=75&resize=75&ssl=1 75w, \/Im4g3nsN0t1cia\/geral\/images\/Sao-Paulo-das-Missoes.jpg?w=100&resize=100&ssl=1 100w, \/Im4g3nsN0t1cia\/geral\/images\/Sao-Paulo-das-Missoes.jpg?w=150&resize=150&ssl=1 150w, \/Im4g3nsN0t1cia\/geral\/images\/Sao-Paulo-das-Missoes.jpg?w=240&resize=240&ssl=1 240w, \/Im4g3nsN0t1cia\/geral\/images\/Sao-Paulo-das-Missoes.jpg?w=320&resize=320&ssl=1 320w, \/Im4g3nsN0t1cia\/geral\/images\/Sao-Paulo-das-Missoes.jpg?w=500&resize=500&ssl=1 500w, \/Im4g3nsN0t1cia\/geral\/images\/Sao-Paulo-das-Missoes.jpg?w=640&resize=640&ssl=1 640w, \/Im4g3nsN0t1cia\/geral\/images\/Sao-Paulo-das-Missoes.jpg?w=800&resize=800&ssl=1 800w, \/Im4g3nsN0t1cia\/geral\/images\/Sao-Paulo-das-Missoes.jpg?w=1024&resize=1024&ssl=1 1024w, \/Im4g3nsN0t1cia\/geral\/images\/Sao-Paulo-das-Missoes.jpg?w=1280&resize=1280&ssl=1 1280w, \/Im4g3nsN0t1cia\/geral\/images\/Sao-Paulo-das-Missoes.jpg?w=1600&resize=1600&ssl=1 1600w\" alt=\"\" fifu-data-src=\"\/Im4g3nsN0t1cia\/geral\/images\/Sao-Paulo-das-Missoes.jpg\" style=\"height:1200px; width:849px\" \/><br \/>\nC\u00e2mara de Pinheiro Machado<br \/>\n<img decoding=\"async\" src=\"data:image\/gif;base64,R0lGODlhAQABAIAAAAAAAP\/\/\/ywAAAAAAQABAAACAUwAOw==\" fifu-lazy=\"1\" fifu-data-sizes=\"auto\" fifu-data-srcset=\"\/Im4g3nsN0t1cia\/geral\/images\/PINHEIRO.jpg?w=75&resize=75&ssl=1 75w, \/Im4g3nsN0t1cia\/geral\/images\/PINHEIRO.jpg?w=100&resize=100&ssl=1 100w, \/Im4g3nsN0t1cia\/geral\/images\/PINHEIRO.jpg?w=150&resize=150&ssl=1 150w, \/Im4g3nsN0t1cia\/geral\/images\/PINHEIRO.jpg?w=240&resize=240&ssl=1 240w, \/Im4g3nsN0t1cia\/geral\/images\/PINHEIRO.jpg?w=320&resize=320&ssl=1 320w, \/Im4g3nsN0t1cia\/geral\/images\/PINHEIRO.jpg?w=500&resize=500&ssl=1 500w, \/Im4g3nsN0t1cia\/geral\/images\/PINHEIRO.jpg?w=640&resize=640&ssl=1 640w, \/Im4g3nsN0t1cia\/geral\/images\/PINHEIRO.jpg?w=800&resize=800&ssl=1 800w, \/Im4g3nsN0t1cia\/geral\/images\/PINHEIRO.jpg?w=1024&resize=1024&ssl=1 1024w, \/Im4g3nsN0t1cia\/geral\/images\/PINHEIRO.jpg?w=1280&resize=1280&ssl=1 1280w, \/Im4g3nsN0t1cia\/geral\/images\/PINHEIRO.jpg?w=1600&resize=1600&ssl=1 1600w\" alt=\"\" fifu-data-src=\"\/Im4g3nsN0t1cia\/geral\/images\/PINHEIRO.jpg\" style=\"height:1200px; width:849px\" \/><img decoding=\"async\" src=\"data:image\/gif;base64,R0lGODlhAQABAIAAAAAAAP\/\/\/ywAAAAAAQABAAACAUwAOw==\" fifu-lazy=\"1\" fifu-data-sizes=\"auto\" fifu-data-srcset=\"\/Im4g3nsN0t1cia\/geral\/images\/PI_2.jpg?w=75&resize=75&ssl=1 75w, \/Im4g3nsN0t1cia\/geral\/images\/PI_2.jpg?w=100&resize=100&ssl=1 100w, \/Im4g3nsN0t1cia\/geral\/images\/PI_2.jpg?w=150&resize=150&ssl=1 150w, \/Im4g3nsN0t1cia\/geral\/images\/PI_2.jpg?w=240&resize=240&ssl=1 240w, \/Im4g3nsN0t1cia\/geral\/images\/PI_2.jpg?w=320&resize=320&ssl=1 320w, \/Im4g3nsN0t1cia\/geral\/images\/PI_2.jpg?w=500&resize=500&ssl=1 500w, \/Im4g3nsN0t1cia\/geral\/images\/PI_2.jpg?w=640&resize=640&ssl=1 640w, \/Im4g3nsN0t1cia\/geral\/images\/PI_2.jpg?w=800&resize=800&ssl=1 800w, \/Im4g3nsN0t1cia\/geral\/images\/PI_2.jpg?w=1024&resize=1024&ssl=1 1024w, \/Im4g3nsN0t1cia\/geral\/images\/PI_2.jpg?w=1280&resize=1280&ssl=1 1280w, \/Im4g3nsN0t1cia\/geral\/images\/PI_2.jpg?w=1600&resize=1600&ssl=1 1600w\" alt=\"\" fifu-data-src=\"\/Im4g3nsN0t1cia\/geral\/images\/PI_2.jpg\" style=\"height:1200px; width:849px\" \/>C\u00e2mara de Vereadores de Tenente Portela<br \/>\n <img decoding=\"async\" src=\"data:image\/gif;base64,R0lGODlhAQABAIAAAAAAAP\/\/\/ywAAAAAAQABAAACAUwAOw==\" fifu-lazy=\"1\" fifu-data-sizes=\"auto\" fifu-data-srcset=\"\/Im4g3nsN0t1cia\/geral\/images\/TP.jpg?w=75&resize=75&ssl=1 75w, \/Im4g3nsN0t1cia\/geral\/images\/TP.jpg?w=100&resize=100&ssl=1 100w, \/Im4g3nsN0t1cia\/geral\/images\/TP.jpg?w=150&resize=150&ssl=1 150w, \/Im4g3nsN0t1cia\/geral\/images\/TP.jpg?w=240&resize=240&ssl=1 240w, \/Im4g3nsN0t1cia\/geral\/images\/TP.jpg?w=320&resize=320&ssl=1 320w, \/Im4g3nsN0t1cia\/geral\/images\/TP.jpg?w=500&resize=500&ssl=1 500w, \/Im4g3nsN0t1cia\/geral\/images\/TP.jpg?w=640&resize=640&ssl=1 640w, \/Im4g3nsN0t1cia\/geral\/images\/TP.jpg?w=800&resize=800&ssl=1 800w, \/Im4g3nsN0t1cia\/geral\/images\/TP.jpg?w=1024&resize=1024&ssl=1 1024w, \/Im4g3nsN0t1cia\/geral\/images\/TP.jpg?w=1280&resize=1280&ssl=1 1280w, \/Im4g3nsN0t1cia\/geral\/images\/TP.jpg?w=1600&resize=1600&ssl=1 1600w\" alt=\"\" fifu-data-src=\"\/Im4g3nsN0t1cia\/geral\/images\/TP.jpg\" style=\"height:1200px; width:849px\" \/><img decoding=\"async\" src=\"data:image\/gif;base64,R0lGODlhAQABAIAAAAAAAP\/\/\/ywAAAAAAQABAAACAUwAOw==\" fifu-lazy=\"1\" fifu-data-sizes=\"auto\" fifu-data-srcset=\"\/Im4g3nsN0t1cia\/geral\/images\/TP_2.jpg?w=75&resize=75&ssl=1 75w, \/Im4g3nsN0t1cia\/geral\/images\/TP_2.jpg?w=100&resize=100&ssl=1 100w, \/Im4g3nsN0t1cia\/geral\/images\/TP_2.jpg?w=150&resize=150&ssl=1 150w, \/Im4g3nsN0t1cia\/geral\/images\/TP_2.jpg?w=240&resize=240&ssl=1 240w, \/Im4g3nsN0t1cia\/geral\/images\/TP_2.jpg?w=320&resize=320&ssl=1 320w, \/Im4g3nsN0t1cia\/geral\/images\/TP_2.jpg?w=500&resize=500&ssl=1 500w, \/Im4g3nsN0t1cia\/geral\/images\/TP_2.jpg?w=640&resize=640&ssl=1 640w, \/Im4g3nsN0t1cia\/geral\/images\/TP_2.jpg?w=800&resize=800&ssl=1 800w, \/Im4g3nsN0t1cia\/geral\/images\/TP_2.jpg?w=1024&resize=1024&ssl=1 1024w, \/Im4g3nsN0t1cia\/geral\/images\/TP_2.jpg?w=1280&resize=1280&ssl=1 1280w, \/Im4g3nsN0t1cia\/geral\/images\/TP_2.jpg?w=1600&resize=1600&ssl=1 1600w\" alt=\"\" fifu-data-src=\"\/Im4g3nsN0t1cia\/geral\/images\/TP_2.jpg\" style=\"height:1200px; width:849px\" \/>C\u00e2mara de Santo \u00c2ngelo<br \/>\n<img decoding=\"async\" src=\"data:image\/gif;base64,R0lGODlhAQABAIAAAAAAAP\/\/\/ywAAAAAAQABAAACAUwAOw==\" fifu-lazy=\"1\" fifu-data-sizes=\"auto\" fifu-data-srcset=\"\/Im4g3nsN0t1cia\/geral\/images\/SA.jpg?w=75&resize=75&ssl=1 75w, \/Im4g3nsN0t1cia\/geral\/images\/SA.jpg?w=100&resize=100&ssl=1 100w, \/Im4g3nsN0t1cia\/geral\/images\/SA.jpg?w=150&resize=150&ssl=1 150w, \/Im4g3nsN0t1cia\/geral\/images\/SA.jpg?w=240&resize=240&ssl=1 240w, \/Im4g3nsN0t1cia\/geral\/images\/SA.jpg?w=320&resize=320&ssl=1 320w, \/Im4g3nsN0t1cia\/geral\/images\/SA.jpg?w=500&resize=500&ssl=1 500w, \/Im4g3nsN0t1cia\/geral\/images\/SA.jpg?w=640&resize=640&ssl=1 640w, \/Im4g3nsN0t1cia\/geral\/images\/SA.jpg?w=800&resize=800&ssl=1 800w, \/Im4g3nsN0t1cia\/geral\/images\/SA.jpg?w=1024&resize=1024&ssl=1 1024w, \/Im4g3nsN0t1cia\/geral\/images\/SA.jpg?w=1280&resize=1280&ssl=1 1280w, \/Im4g3nsN0t1cia\/geral\/images\/SA.jpg?w=1600&resize=1600&ssl=1 1600w\" alt=\"\" fifu-data-src=\"\/Im4g3nsN0t1cia\/geral\/images\/SA.jpg\" style=\"height:1200px; width:849px\" \/><br \/>\nC\u00e2mara de Vereadores de Sapiranga<br \/>\n<img decoding=\"async\" src=\"data:image\/gif;base64,R0lGODlhAQABAIAAAAAAAP\/\/\/ywAAAAAAQABAAACAUwAOw==\" fifu-lazy=\"1\" fifu-data-sizes=\"auto\" fifu-data-srcset=\"\/Im4g3nsN0t1cia\/geral\/images\/SAPI.jpg?w=75&resize=75&ssl=1 75w, \/Im4g3nsN0t1cia\/geral\/images\/SAPI.jpg?w=100&resize=100&ssl=1 100w, \/Im4g3nsN0t1cia\/geral\/images\/SAPI.jpg?w=150&resize=150&ssl=1 150w, \/Im4g3nsN0t1cia\/geral\/images\/SAPI.jpg?w=240&resize=240&ssl=1 240w, \/Im4g3nsN0t1cia\/geral\/images\/SAPI.jpg?w=320&resize=320&ssl=1 320w, \/Im4g3nsN0t1cia\/geral\/images\/SAPI.jpg?w=500&resize=500&ssl=1 500w, \/Im4g3nsN0t1cia\/geral\/images\/SAPI.jpg?w=640&resize=640&ssl=1 640w, \/Im4g3nsN0t1cia\/geral\/images\/SAPI.jpg?w=800&resize=800&ssl=1 800w, \/Im4g3nsN0t1cia\/geral\/images\/SAPI.jpg?w=1024&resize=1024&ssl=1 1024w, \/Im4g3nsN0t1cia\/geral\/images\/SAPI.jpg?w=1280&resize=1280&ssl=1 1280w, \/Im4g3nsN0t1cia\/geral\/images\/SAPI.jpg?w=1600&resize=1600&ssl=1 1600w\" alt=\"\" fifu-data-src=\"\/Im4g3nsN0t1cia\/geral\/images\/SAPI.jpg\" style=\"height:1200px; width:848px\" \/><img decoding=\"async\" src=\"data:image\/gif;base64,R0lGODlhAQABAIAAAAAAAP\/\/\/ywAAAAAAQABAAACAUwAOw==\" fifu-lazy=\"1\" fifu-data-sizes=\"auto\" fifu-data-srcset=\"\/Im4g3nsN0t1cia\/geral\/images\/SAPI_2.jpg?w=75&resize=75&ssl=1 75w, \/Im4g3nsN0t1cia\/geral\/images\/SAPI_2.jpg?w=100&resize=100&ssl=1 100w, \/Im4g3nsN0t1cia\/geral\/images\/SAPI_2.jpg?w=150&resize=150&ssl=1 150w, \/Im4g3nsN0t1cia\/geral\/images\/SAPI_2.jpg?w=240&resize=240&ssl=1 240w, \/Im4g3nsN0t1cia\/geral\/images\/SAPI_2.jpg?w=320&resize=320&ssl=1 320w, \/Im4g3nsN0t1cia\/geral\/images\/SAPI_2.jpg?w=500&resize=500&ssl=1 500w, \/Im4g3nsN0t1cia\/geral\/images\/SAPI_2.jpg?w=640&resize=640&ssl=1 640w, \/Im4g3nsN0t1cia\/geral\/images\/SAPI_2.jpg?w=800&resize=800&ssl=1 800w, \/Im4g3nsN0t1cia\/geral\/images\/SAPI_2.jpg?w=1024&resize=1024&ssl=1 1024w, \/Im4g3nsN0t1cia\/geral\/images\/SAPI_2.jpg?w=1280&resize=1280&ssl=1 1280w, \/Im4g3nsN0t1cia\/geral\/images\/SAPI_2.jpg?w=1600&resize=1600&ssl=1 1600w\" alt=\"\" fifu-data-src=\"\/Im4g3nsN0t1cia\/geral\/images\/SAPI_2.jpg\" style=\"height:1200px; width:848px\" \/><\/p>\n<p>C\u00e2mara de Vereadores de Camaqu\u00e2<br \/>\n<img decoding=\"async\" src=\"data:image\/gif;base64,R0lGODlhAQABAIAAAAAAAP\/\/\/ywAAAAAAQABAAACAUwAOw==\" fifu-lazy=\"1\" fifu-data-sizes=\"auto\" fifu-data-srcset=\"\/Im4g3nsN0t1cia\/geral\/images\/CAMAQUA.jpg?w=75&resize=75&ssl=1 75w, \/Im4g3nsN0t1cia\/geral\/images\/CAMAQUA.jpg?w=100&resize=100&ssl=1 100w, \/Im4g3nsN0t1cia\/geral\/images\/CAMAQUA.jpg?w=150&resize=150&ssl=1 150w, \/Im4g3nsN0t1cia\/geral\/images\/CAMAQUA.jpg?w=240&resize=240&ssl=1 240w, \/Im4g3nsN0t1cia\/geral\/images\/CAMAQUA.jpg?w=320&resize=320&ssl=1 320w, \/Im4g3nsN0t1cia\/geral\/images\/CAMAQUA.jpg?w=500&resize=500&ssl=1 500w, \/Im4g3nsN0t1cia\/geral\/images\/CAMAQUA.jpg?w=640&resize=640&ssl=1 640w, \/Im4g3nsN0t1cia\/geral\/images\/CAMAQUA.jpg?w=800&resize=800&ssl=1 800w, \/Im4g3nsN0t1cia\/geral\/images\/CAMAQUA.jpg?w=1024&resize=1024&ssl=1 1024w, \/Im4g3nsN0t1cia\/geral\/images\/CAMAQUA.jpg?w=1280&resize=1280&ssl=1 1280w, \/Im4g3nsN0t1cia\/geral\/images\/CAMAQUA.jpg?w=1600&resize=1600&ssl=1 1600w\" alt=\"\" fifu-data-src=\"\/Im4g3nsN0t1cia\/geral\/images\/CAMAQUA.jpg\" style=\"height:1200px; width:849px\" \/><img decoding=\"async\" src=\"data:image\/gif;base64,R0lGODlhAQABAIAAAAAAAP\/\/\/ywAAAAAAQABAAACAUwAOw==\" fifu-lazy=\"1\" fifu-data-sizes=\"auto\" fifu-data-srcset=\"\/Im4g3nsN0t1cia\/geral\/images\/CAMAQUA_2.jpg?w=75&resize=75&ssl=1 75w, \/Im4g3nsN0t1cia\/geral\/images\/CAMAQUA_2.jpg?w=100&resize=100&ssl=1 100w, \/Im4g3nsN0t1cia\/geral\/images\/CAMAQUA_2.jpg?w=150&resize=150&ssl=1 150w, \/Im4g3nsN0t1cia\/geral\/images\/CAMAQUA_2.jpg?w=240&resize=240&ssl=1 240w, \/Im4g3nsN0t1cia\/geral\/images\/CAMAQUA_2.jpg?w=320&resize=320&ssl=1 320w, \/Im4g3nsN0t1cia\/geral\/images\/CAMAQUA_2.jpg?w=500&resize=500&ssl=1 500w, \/Im4g3nsN0t1cia\/geral\/images\/CAMAQUA_2.jpg?w=640&resize=640&ssl=1 640w, \/Im4g3nsN0t1cia\/geral\/images\/CAMAQUA_2.jpg?w=800&resize=800&ssl=1 800w, \/Im4g3nsN0t1cia\/geral\/images\/CAMAQUA_2.jpg?w=1024&resize=1024&ssl=1 1024w, \/Im4g3nsN0t1cia\/geral\/images\/CAMAQUA_2.jpg?w=1280&resize=1280&ssl=1 1280w, \/Im4g3nsN0t1cia\/geral\/images\/CAMAQUA_2.jpg?w=1600&resize=1600&ssl=1 1600w\" alt=\"\" fifu-data-src=\"\/Im4g3nsN0t1cia\/geral\/images\/CAMAQUA_2.jpg\" style=\"height:1200px; width:849px\" \/>C\u00e2mara de Vereadores de Santo Cristo<br \/>\n<img decoding=\"async\" src=\"data:image\/gif;base64,R0lGODlhAQABAIAAAAAAAP\/\/\/ywAAAAAAQABAAACAUwAOw==\" fifu-lazy=\"1\" fifu-data-sizes=\"auto\" fifu-data-srcset=\"\/Im4g3nsN0t1cia\/geral\/images\/SANTO_CRISTO.jpg?w=75&resize=75&ssl=1 75w, \/Im4g3nsN0t1cia\/geral\/images\/SANTO_CRISTO.jpg?w=100&resize=100&ssl=1 100w, \/Im4g3nsN0t1cia\/geral\/images\/SANTO_CRISTO.jpg?w=150&resize=150&ssl=1 150w, \/Im4g3nsN0t1cia\/geral\/images\/SANTO_CRISTO.jpg?w=240&resize=240&ssl=1 240w, \/Im4g3nsN0t1cia\/geral\/images\/SANTO_CRISTO.jpg?w=320&resize=320&ssl=1 320w, \/Im4g3nsN0t1cia\/geral\/images\/SANTO_CRISTO.jpg?w=500&resize=500&ssl=1 500w, \/Im4g3nsN0t1cia\/geral\/images\/SANTO_CRISTO.jpg?w=640&resize=640&ssl=1 640w, \/Im4g3nsN0t1cia\/geral\/images\/SANTO_CRISTO.jpg?w=800&resize=800&ssl=1 800w, \/Im4g3nsN0t1cia\/geral\/images\/SANTO_CRISTO.jpg?w=1024&resize=1024&ssl=1 1024w, \/Im4g3nsN0t1cia\/geral\/images\/SANTO_CRISTO.jpg?w=1280&resize=1280&ssl=1 1280w, \/Im4g3nsN0t1cia\/geral\/images\/SANTO_CRISTO.jpg?w=1600&resize=1600&ssl=1 1600w\" alt=\"\" fifu-data-src=\"\/Im4g3nsN0t1cia\/geral\/images\/SANTO_CRISTO.jpg\" style=\"height:1200px; width:848px\" \/> <\/p>\n<p>Entenda por que a reforma administrativa vai prejudicar o servi\u00e7o p\u00fablico: <\/p>\n<p>O servi\u00e7o p\u00fablico \u00e9 essencial na vida de todos n\u00f3s. E um servi\u00e7o p\u00fablico de qualidade depende de funcion\u00e1rios qualificados e experientes. Dominar os processos inerentes a sua fun\u00e7\u00e3o e manter-se permanentemente atualizado demanda tempo e dedica\u00e7\u00e3o. A reforma administrativa pretende interromper essa l\u00f3gica, prejudicando a popula\u00e7\u00e3o e a pr\u00f3pria carreira dos servidores.<\/p>\n<p>Entenda por que:<\/p>\n<p>\u2022 A reforma abre brechas para a corrup\u00e7\u00e3o e as indica\u00e7\u00f5es pol\u00edticas sem crit\u00e9rios t\u00e9cnicos, causando a perda da qualidade dos servi\u00e7os e a efici\u00eancia no atendimento. Abre tamb\u00e9m a possibilidade de disseminar as rachadinhas e a corrup\u00e7\u00e3o.<br \/>\n\u2022 A falta de continuidade com a troca de gerenciamento nos servi\u00e7os p\u00fablicos certamente ir\u00e1 desprezar as evolu\u00e7\u00f5es conquistadas e prejudicar o atendimento \u00e0 popula\u00e7\u00e3o; <br \/>\n\u2022 A reforma pretende transformar o servi\u00e7o p\u00fablico, que \u00e9 de Estado, numa ferramenta de governo com interesses pol\u00edticos e privados.<\/p>\n<p> Nunca \u00e9 demais lembrar que, quem cuida da sua sa\u00fade, da sua seguran\u00e7a e da educa\u00e7\u00e3o dos seus filhos \u00e9 um funcion\u00e1rio p\u00fablico. N\u00e3o podemos permitir que esses servi\u00e7os t\u00e3o essenciais \u00e0 popula\u00e7\u00e3o sejam prejudicados pela reforma administrativa.<\/p>\n<p>O texto original da PEC 32\/2020 pode ser acessado <a href=\"https:\/\/www.camara.leg.br\/propostas-legislativas\/2262083\">clicando aqui<\/a>. <\/p>\n<p>\u2022 Para mais informa\u00e7\u00f5es sobre a Reforma Administrativa, acesse os sites: <\/p>\n<p>N\u00e3o \u00e0 PEC 32: <a href=\"https:\/\/naoapec32.com.br\/\">https:\/\/naoapec32.com.br\/<\/a><\/p>\n<p>Contra PEC 32: <a href=\"http:\/\/contrapec32.com.br\/\">http:\/\/contrapec32.com.br\/<\/a><\/p>\n<p>Que Estado Queremos: <a href=\"https:\/\/queestadoqueremos.org\/\">https:\/\/queestadoqueremos.org\/<\/a><\/p>\n","protected":false},"excerpt":{"rendered":"<p>C\u00e2mara de S\u00c3O PAULO DAS MISS\u00d5ES: C\u00e2mara de Pinheiro Machado C\u00e2mara de Vereadores de Tenente Portela C\u00e2mara de Santo \u00c2ngelo C\u00e2mara de Vereadores de Sapiranga C\u00e2mara de Vereadores de Camaqu\u00e2 C\u00e2mara de Vereadores de Santo Cristo Entenda por que a reforma administrativa vai prejudicar o servi\u00e7o p\u00fablico: O servi\u00e7o p\u00fablico \u00e9 essencial na vida de [&hellip;]<\/p>\n","protected":false},"author":1,"featured_media":0,"comment_status":"closed","ping_status":"closed","sticky":false,"template":"","format":"standard","meta":{"_eb_attr":"","_uag_custom_page_level_css":"","fifu_image_url":"","fifu_image_alt":"","footnotes":""},"categories":[7],"tags":[32],"class_list":["post-1288","post","type-post","status-publish","format-standard","hentry","category-noticias","tag-null"],"yoast_head":"<!-- This site is optimized with the Yoast SEO plugin v27.1.1 - https:\/\/yoast.com\/product\/yoast-seo-wordpress\/ -->\n<title>PREFEITURAS APROVAM MO\u00c7\u00d5ES DE REPUDIO \u00c0 PEC 32 - REFORMA ADMINISTRATIVA - Federa\u00e7\u00e3o dos Municip\u00e1rios do Estado do Rio Grande do Sul<\/title>\n<meta name=\"robots\" content=\"index, follow, max-snippet:-1, max-image-preview:large, max-video-preview:-1\" \/>\n<link rel=\"canonical\" href=\"https:\/\/femergs.com.br\/wfe\/blog\/prefeituras-aprovam-mocoes-de-repudio-a-pec-32-reforma-administrativa\/\" \/>\n<meta property=\"og:locale\" content=\"pt_BR\" \/>\n<meta property=\"og:type\" content=\"article\" \/>\n<meta property=\"og:title\" content=\"PREFEITURAS APROVAM MO\u00c7\u00d5ES DE REPUDIO \u00c0 PEC 32 - REFORMA ADMINISTRATIVA - Federa\u00e7\u00e3o dos Municip\u00e1rios do Estado do Rio Grande do Sul\" \/>\n<meta property=\"og:description\" content=\"C\u00e2mara de S\u00c3O PAULO DAS MISS\u00d5ES: C\u00e2mara de Pinheiro Machado C\u00e2mara de Vereadores de Tenente Portela C\u00e2mara de Santo \u00c2ngelo C\u00e2mara de Vereadores de Sapiranga C\u00e2mara de Vereadores de Camaqu\u00e2 C\u00e2mara de Vereadores de Santo Cristo Entenda por que a reforma administrativa vai prejudicar o servi\u00e7o p\u00fablico: O servi\u00e7o p\u00fablico \u00e9 essencial na vida de [&hellip;]\" \/>\n<meta property=\"og:url\" content=\"https:\/\/femergs.com.br\/wfe\/blog\/prefeituras-aprovam-mocoes-de-repudio-a-pec-32-reforma-administrativa\/\" \/>\n<meta property=\"og:site_name\" content=\"Federa\u00e7\u00e3o dos Municip\u00e1rios do Estado do Rio Grande do Sul\" \/>\n<meta property=\"article:publisher\" content=\"https:\/\/www.facebook.com\/profile.php?id=100057151733001\" \/>\n<meta property=\"article:published_time\" content=\"2021-09-08T12:43:23+00:00\" \/>\n<meta property=\"article:modified_time\" content=\"2025-09-02T20:00:06+00:00\" \/>\n<meta name=\"author\" content=\"adminfemergs\" \/>\n<meta name=\"twitter:card\" content=\"summary_large_image\" \/>\n<meta name=\"twitter:label1\" content=\"Escrito por\" \/>\n\t<meta name=\"twitter:data1\" content=\"adminfemergs\" \/>\n\t<meta name=\"twitter:label2\" content=\"Est. tempo de leitura\" \/>\n\t<meta name=\"twitter:data2\" content=\"2 minutos\" \/>\n<script type=\"application\/ld+json\" class=\"yoast-schema-graph\">{\"@context\":\"https:\/\/schema.org\",\"@graph\":[{\"@type\":\"Article\",\"@id\":\"https:\/\/femergs.com.br\/wfe\/blog\/prefeituras-aprovam-mocoes-de-repudio-a-pec-32-reforma-administrativa\/#article\",\"isPartOf\":{\"@id\":\"https:\/\/femergs.com.br\/wfe\/blog\/prefeituras-aprovam-mocoes-de-repudio-a-pec-32-reforma-administrativa\/\"},\"author\":{\"name\":\"adminfemergs\",\"@id\":\"https:\/\/femergs.com.br\/wfe\/#\/schema\/person\/f5558e6b5ffc044ee085016237dedb7f\"},\"headline\":\"PREFEITURAS APROVAM MO\u00c7\u00d5ES DE REPUDIO \u00c0 PEC 32 &#8211; REFORMA ADMINISTRATIVA\",\"datePublished\":\"2021-09-08T12:43:23+00:00\",\"dateModified\":\"2025-09-02T20:00:06+00:00\",\"mainEntityOfPage\":{\"@id\":\"https:\/\/femergs.com.br\/wfe\/blog\/prefeituras-aprovam-mocoes-de-repudio-a-pec-32-reforma-administrativa\/\"},\"wordCount\":313,\"publisher\":{\"@id\":\"https:\/\/femergs.com.br\/wfe\/#organization\"},\"keywords\":[\"NULL\"],\"articleSection\":[\"Not\u00edcias Gerais\"],\"inLanguage\":\"pt-BR\"},{\"@type\":\"WebPage\",\"@id\":\"https:\/\/femergs.com.br\/wfe\/blog\/prefeituras-aprovam-mocoes-de-repudio-a-pec-32-reforma-administrativa\/\",\"url\":\"https:\/\/femergs.com.br\/wfe\/blog\/prefeituras-aprovam-mocoes-de-repudio-a-pec-32-reforma-administrativa\/\",\"name\":\"PREFEITURAS APROVAM MO\u00c7\u00d5ES DE REPUDIO \u00c0 PEC 32 - REFORMA ADMINISTRATIVA - Federa\u00e7\u00e3o dos Municip\u00e1rios do Estado do Rio Grande do Sul\",\"isPartOf\":{\"@id\":\"https:\/\/femergs.com.br\/wfe\/#website\"},\"datePublished\":\"2021-09-08T12:43:23+00:00\",\"dateModified\":\"2025-09-02T20:00:06+00:00\",\"breadcrumb\":{\"@id\":\"https:\/\/femergs.com.br\/wfe\/blog\/prefeituras-aprovam-mocoes-de-repudio-a-pec-32-reforma-administrativa\/#breadcrumb\"},\"inLanguage\":\"pt-BR\",\"potentialAction\":[{\"@type\":\"ReadAction\",\"target\":[\"https:\/\/femergs.com.br\/wfe\/blog\/prefeituras-aprovam-mocoes-de-repudio-a-pec-32-reforma-administrativa\/\"]}]},{\"@type\":\"BreadcrumbList\",\"@id\":\"https:\/\/femergs.com.br\/wfe\/blog\/prefeituras-aprovam-mocoes-de-repudio-a-pec-32-reforma-administrativa\/#breadcrumb\",\"itemListElement\":[{\"@type\":\"ListItem\",\"position\":1,\"name\":\"In\u00edcio\",\"item\":\"https:\/\/femergs.com.br\/wfe\/\"},{\"@type\":\"ListItem\",\"position\":2,\"name\":\"PREFEITURAS APROVAM MO\u00c7\u00d5ES DE REPUDIO \u00c0 PEC 32 &#8211; REFORMA ADMINISTRATIVA\"}]},{\"@type\":\"WebSite\",\"@id\":\"https:\/\/femergs.com.br\/wfe\/#website\",\"url\":\"https:\/\/femergs.com.br\/wfe\/\",\"name\":\"FEMERGS\",\"description\":\"FEDERA\u00c7\u00c3O DOS MUNICIP\u00c1RIOS DO ESTADO DO RIO GRANDE DO SUL\",\"publisher\":{\"@id\":\"https:\/\/femergs.com.br\/wfe\/#organization\"},\"potentialAction\":[{\"@type\":\"SearchAction\",\"target\":{\"@type\":\"EntryPoint\",\"urlTemplate\":\"https:\/\/femergs.com.br\/wfe\/?s={search_term_string}\"},\"query-input\":{\"@type\":\"PropertyValueSpecification\",\"valueRequired\":true,\"valueName\":\"search_term_string\"}}],\"inLanguage\":\"pt-BR\"},{\"@type\":\"Organization\",\"@id\":\"https:\/\/femergs.com.br\/wfe\/#organization\",\"name\":\"FEMERGS\",\"url\":\"https:\/\/femergs.com.br\/wfe\/\",\"logo\":{\"@type\":\"ImageObject\",\"inLanguage\":\"pt-BR\",\"@id\":\"https:\/\/femergs.com.br\/wfe\/#\/schema\/logo\/image\/\",\"url\":\"https:\/\/femergs.com.br\/wfe\/wp-content\/uploads\/2025\/06\/logotipo.png\",\"contentUrl\":\"https:\/\/femergs.com.br\/wfe\/wp-content\/uploads\/2025\/06\/logotipo.png\",\"width\":500,\"height\":500,\"caption\":\"FEMERGS\"},\"image\":{\"@id\":\"https:\/\/femergs.com.br\/wfe\/#\/schema\/logo\/image\/\"},\"sameAs\":[\"https:\/\/www.facebook.com\/profile.php?id=100057151733001\",\"https:\/\/www.instagram.com\/femergs_rs\/\"]},{\"@type\":\"Person\",\"@id\":\"https:\/\/femergs.com.br\/wfe\/#\/schema\/person\/f5558e6b5ffc044ee085016237dedb7f\",\"name\":\"adminfemergs\",\"image\":{\"@type\":\"ImageObject\",\"inLanguage\":\"pt-BR\",\"@id\":\"https:\/\/femergs.com.br\/wfe\/#\/schema\/person\/image\/\",\"url\":\"https:\/\/secure.gravatar.com\/avatar\/398642fa557cdd524617ad9b31c938845f071aeb3448b9c0aeb29aefc495337b?s=96&d=mm&r=g\",\"contentUrl\":\"https:\/\/secure.gravatar.com\/avatar\/398642fa557cdd524617ad9b31c938845f071aeb3448b9c0aeb29aefc495337b?s=96&d=mm&r=g\",\"caption\":\"adminfemergs\"},\"sameAs\":[\"https:\/\/femergs.com.br\/wfe\"],\"url\":\"https:\/\/femergs.com.br\/wfe\/blog\/author\/adminfemergs\/\"}]}<\/script>\n<!-- \/ Yoast SEO plugin. -->","yoast_head_json":{"title":"PREFEITURAS APROVAM MO\u00c7\u00d5ES DE REPUDIO \u00c0 PEC 32 - REFORMA ADMINISTRATIVA - Federa\u00e7\u00e3o dos Municip\u00e1rios do Estado do Rio Grande do Sul","robots":{"index":"index","follow":"follow","max-snippet":"max-snippet:-1","max-image-preview":"max-image-preview:large","max-video-preview":"max-video-preview:-1"},"canonical":"https:\/\/femergs.com.br\/wfe\/blog\/prefeituras-aprovam-mocoes-de-repudio-a-pec-32-reforma-administrativa\/","og_locale":"pt_BR","og_type":"article","og_title":"PREFEITURAS APROVAM MO\u00c7\u00d5ES DE REPUDIO \u00c0 PEC 32 - REFORMA ADMINISTRATIVA - Federa\u00e7\u00e3o dos Municip\u00e1rios do Estado do Rio Grande do Sul","og_description":"C\u00e2mara de S\u00c3O PAULO DAS MISS\u00d5ES: C\u00e2mara de Pinheiro Machado C\u00e2mara de Vereadores de Tenente Portela C\u00e2mara de Santo \u00c2ngelo C\u00e2mara de Vereadores de Sapiranga C\u00e2mara de Vereadores de Camaqu\u00e2 C\u00e2mara de Vereadores de Santo Cristo Entenda por que a reforma administrativa vai prejudicar o servi\u00e7o p\u00fablico: O servi\u00e7o p\u00fablico \u00e9 essencial na vida de [&hellip;]","og_url":"https:\/\/femergs.com.br\/wfe\/blog\/prefeituras-aprovam-mocoes-de-repudio-a-pec-32-reforma-administrativa\/","og_site_name":"Federa\u00e7\u00e3o dos Municip\u00e1rios do Estado do Rio Grande do Sul","article_publisher":"https:\/\/www.facebook.com\/profile.php?id=100057151733001","article_published_time":"2021-09-08T12:43:23+00:00","article_modified_time":"2025-09-02T20:00:06+00:00","author":"adminfemergs","twitter_card":"summary_large_image","twitter_misc":{"Escrito por":"adminfemergs","Est. tempo de leitura":"2 minutos"},"schema":{"@context":"https:\/\/schema.org","@graph":[{"@type":"Article","@id":"https:\/\/femergs.com.br\/wfe\/blog\/prefeituras-aprovam-mocoes-de-repudio-a-pec-32-reforma-administrativa\/#article","isPartOf":{"@id":"https:\/\/femergs.com.br\/wfe\/blog\/prefeituras-aprovam-mocoes-de-repudio-a-pec-32-reforma-administrativa\/"},"author":{"name":"adminfemergs","@id":"https:\/\/femergs.com.br\/wfe\/#\/schema\/person\/f5558e6b5ffc044ee085016237dedb7f"},"headline":"PREFEITURAS APROVAM MO\u00c7\u00d5ES DE REPUDIO \u00c0 PEC 32 &#8211; REFORMA ADMINISTRATIVA","datePublished":"2021-09-08T12:43:23+00:00","dateModified":"2025-09-02T20:00:06+00:00","mainEntityOfPage":{"@id":"https:\/\/femergs.com.br\/wfe\/blog\/prefeituras-aprovam-mocoes-de-repudio-a-pec-32-reforma-administrativa\/"},"wordCount":313,"publisher":{"@id":"https:\/\/femergs.com.br\/wfe\/#organization"},"keywords":["NULL"],"articleSection":["Not\u00edcias Gerais"],"inLanguage":"pt-BR"},{"@type":"WebPage","@id":"https:\/\/femergs.com.br\/wfe\/blog\/prefeituras-aprovam-mocoes-de-repudio-a-pec-32-reforma-administrativa\/","url":"https:\/\/femergs.com.br\/wfe\/blog\/prefeituras-aprovam-mocoes-de-repudio-a-pec-32-reforma-administrativa\/","name":"PREFEITURAS APROVAM MO\u00c7\u00d5ES DE REPUDIO \u00c0 PEC 32 - REFORMA ADMINISTRATIVA - Federa\u00e7\u00e3o dos Municip\u00e1rios do Estado do Rio Grande do Sul","isPartOf":{"@id":"https:\/\/femergs.com.br\/wfe\/#website"},"datePublished":"2021-09-08T12:43:23+00:00","dateModified":"2025-09-02T20:00:06+00:00","breadcrumb":{"@id":"https:\/\/femergs.com.br\/wfe\/blog\/prefeituras-aprovam-mocoes-de-repudio-a-pec-32-reforma-administrativa\/#breadcrumb"},"inLanguage":"pt-BR","potentialAction":[{"@type":"ReadAction","target":["https:\/\/femergs.com.br\/wfe\/blog\/prefeituras-aprovam-mocoes-de-repudio-a-pec-32-reforma-administrativa\/"]}]},{"@type":"BreadcrumbList","@id":"https:\/\/femergs.com.br\/wfe\/blog\/prefeituras-aprovam-mocoes-de-repudio-a-pec-32-reforma-administrativa\/#breadcrumb","itemListElement":[{"@type":"ListItem","position":1,"name":"In\u00edcio","item":"https:\/\/femergs.com.br\/wfe\/"},{"@type":"ListItem","position":2,"name":"PREFEITURAS APROVAM MO\u00c7\u00d5ES DE REPUDIO \u00c0 PEC 32 &#8211; REFORMA ADMINISTRATIVA"}]},{"@type":"WebSite","@id":"https:\/\/femergs.com.br\/wfe\/#website","url":"https:\/\/femergs.com.br\/wfe\/","name":"FEMERGS","description":"FEDERA\u00c7\u00c3O DOS MUNICIP\u00c1RIOS DO ESTADO DO RIO GRANDE DO SUL","publisher":{"@id":"https:\/\/femergs.com.br\/wfe\/#organization"},"potentialAction":[{"@type":"SearchAction","target":{"@type":"EntryPoint","urlTemplate":"https:\/\/femergs.com.br\/wfe\/?s={search_term_string}"},"query-input":{"@type":"PropertyValueSpecification","valueRequired":true,"valueName":"search_term_string"}}],"inLanguage":"pt-BR"},{"@type":"Organization","@id":"https:\/\/femergs.com.br\/wfe\/#organization","name":"FEMERGS","url":"https:\/\/femergs.com.br\/wfe\/","logo":{"@type":"ImageObject","inLanguage":"pt-BR","@id":"https:\/\/femergs.com.br\/wfe\/#\/schema\/logo\/image\/","url":"https:\/\/femergs.com.br\/wfe\/wp-content\/uploads\/2025\/06\/logotipo.png","contentUrl":"https:\/\/femergs.com.br\/wfe\/wp-content\/uploads\/2025\/06\/logotipo.png","width":500,"height":500,"caption":"FEMERGS"},"image":{"@id":"https:\/\/femergs.com.br\/wfe\/#\/schema\/logo\/image\/"},"sameAs":["https:\/\/www.facebook.com\/profile.php?id=100057151733001","https:\/\/www.instagram.com\/femergs_rs\/"]},{"@type":"Person","@id":"https:\/\/femergs.com.br\/wfe\/#\/schema\/person\/f5558e6b5ffc044ee085016237dedb7f","name":"adminfemergs","image":{"@type":"ImageObject","inLanguage":"pt-BR","@id":"https:\/\/femergs.com.br\/wfe\/#\/schema\/person\/image\/","url":"https:\/\/secure.gravatar.com\/avatar\/398642fa557cdd524617ad9b31c938845f071aeb3448b9c0aeb29aefc495337b?s=96&d=mm&r=g","contentUrl":"https:\/\/secure.gravatar.com\/avatar\/398642fa557cdd524617ad9b31c938845f071aeb3448b9c0aeb29aefc495337b?s=96&d=mm&r=g","caption":"adminfemergs"},"sameAs":["https:\/\/femergs.com.br\/wfe"],"url":"https:\/\/femergs.com.br\/wfe\/blog\/author\/adminfemergs\/"}]}},"uagb_featured_image_src":{"full":false,"thumbnail":false,"medium":false,"medium_large":false,"large":false,"1536x1536":false,"2048x2048":false,"ultp_layout_landscape_large":false,"ultp_layout_landscape":false,"ultp_layout_portrait":false,"ultp_layout_square":false},"uagb_author_info":{"display_name":"adminfemergs","author_link":"https:\/\/femergs.com.br\/wfe\/blog\/author\/adminfemergs\/"},"uagb_comment_info":0,"uagb_excerpt":"C\u00e2mara de S\u00c3O PAULO DAS MISS\u00d5ES: C\u00e2mara de Pinheiro Machado C\u00e2mara de Vereadores de Tenente Portela C\u00e2mara de Santo \u00c2ngelo C\u00e2mara de Vereadores de Sapiranga C\u00e2mara de Vereadores de Camaqu\u00e2 C\u00e2mara de Vereadores de Santo Cristo Entenda por que a reforma administrativa vai prejudicar o servi\u00e7o p\u00fablico: O servi\u00e7o p\u00fablico \u00e9 essencial na vida de&hellip;","_links":{"self":[{"href":"https:\/\/femergs.com.br\/wfe\/wp-json\/wp\/v2\/posts\/1288","targetHints":{"allow":["GET"]}}],"collection":[{"href":"https:\/\/femergs.com.br\/wfe\/wp-json\/wp\/v2\/posts"}],"about":[{"href":"https:\/\/femergs.com.br\/wfe\/wp-json\/wp\/v2\/types\/post"}],"author":[{"embeddable":true,"href":"https:\/\/femergs.com.br\/wfe\/wp-json\/wp\/v2\/users\/1"}],"replies":[{"embeddable":true,"href":"https:\/\/femergs.com.br\/wfe\/wp-json\/wp\/v2\/comments?post=1288"}],"version-history":[{"count":1,"href":"https:\/\/femergs.com.br\/wfe\/wp-json\/wp\/v2\/posts\/1288\/revisions"}],"predecessor-version":[{"id":1520,"href":"https:\/\/femergs.com.br\/wfe\/wp-json\/wp\/v2\/posts\/1288\/revisions\/1520"}],"wp:attachment":[{"href":"https:\/\/femergs.com.br\/wfe\/wp-json\/wp\/v2\/media?parent=1288"}],"wp:term":[{"taxonomy":"category","embeddable":true,"href":"https:\/\/femergs.com.br\/wfe\/wp-json\/wp\/v2\/categories?post=1288"},{"taxonomy":"post_tag","embeddable":true,"href":"https:\/\/femergs.com.br\/wfe\/wp-json\/wp\/v2\/tags?post=1288"}],"curies":[{"name":"wp","href":"https:\/\/api.w.org\/{rel}","templated":true}]}}