{"id":1290,"date":"2021-08-05T16:37:08","date_gmt":"2021-08-05T16:37:08","guid":{"rendered":"https:\/\/femergs.com.br\/wfe\/blog\/a-reforma-administrativa-fara-a-seguranca-publica-de-refem\/"},"modified":"2025-09-02T20:00:06","modified_gmt":"2025-09-02T20:00:06","slug":"a-reforma-administrativa-fara-a-seguranca-publica-de-refem","status":"publish","type":"post","link":"https:\/\/femergs.com.br\/wfe\/blog\/a-reforma-administrativa-fara-a-seguranca-publica-de-refem\/","title":{"rendered":"A Reforma Administrativa Far\u00e1 a Seguran\u00e7a P\u00fablica de ref\u00e9m"},"content":{"rendered":"<p>????  A Reforma Administrativa (PEC 32\/2020) vai fragilizar a Seguran\u00e7a p\u00fablica para aumentar a impunidade de pol\u00edticos, governantes e gestores criminosos.<\/p>\n<p>Ela criar\u00e1 a figura do servidor \u201ctrainee\u201d, que ficar\u00e1 em \u201cper\u00edodo de experi\u00eancia\u201d sem estabilidade garantida [?]<\/p>\n<p>?  Um delegado de pol\u00edcia, por exemplo, poder\u00e1 ser demitido caso investigue o prefeito da sua cidade ou um pol\u00edtico envolvido em crimes (poder\u00e3o criar uma avalia\u00e7\u00e3o falsa dizendo que ele era incapaz para a fun\u00e7\u00e3o)<\/p>\n<p>?  Um policial federal, por exemplo, n\u00e3o poder\u00e1 dar continuidade a investiga\u00e7\u00f5es de \u201crachadinhas de sal\u00e1rios\u201d nos gabinetes de pol\u00edticos.<\/p>\n<p>?  J\u00e1 um agente de tr\u00e2nsito, com medo da demiss\u00e3o, aplicar\u00e1 um monte de multas para bater metas de produtividade. Por outro lado, poder\u00e1 deixar de aplicar multas em pol\u00edticos e pessoas poderosas para n\u00e3o sofrer retalia\u00e7\u00f5es.<\/p>\n<p>?  Um policial penal ter\u00e1 dificuldades de impedir a entrada de drogas e armas em pres\u00eddios, j\u00e1 que h\u00e1 pol\u00edticos ligados a fac\u00e7\u00f5es criminosas que ir\u00e3o chantage\u00e1-lo.<\/p>\n<p>????  A Reforma vai destruir a seguran\u00e7a da popula\u00e7\u00e3o e, por isso, tem o apoio dos corruptos.<\/p>\n<p>Os servidores j\u00e1 sofrem com as press\u00f5es dos poderosos. Sem a estabilidade, ficar\u00e3o completamente fragilizados.<\/p>\n<p>????  Eles n\u00e3o ter\u00e3o autonomia para proteger o povo, e viveremos sob inseguran\u00e7a permanente.<\/p>\n<p>?  Diga N\u00c3O \u00e0 PEC 32\/2020, e SIM ao servi\u00e7o p\u00fablico. Ele \u00e9 para todos!<\/p>\n<p>#Servi\u00e7oP\u00fablico<br \/>\n#\u00c9Publico<br \/>\n#\u00c9praTodos<br \/>\n#ValorizeOServidor<br \/>\n#ReformaAdministrativaN\u00e3o<\/p>\n","protected":false},"excerpt":{"rendered":"<p>???? A Reforma Administrativa (PEC 32\/2020) vai fragilizar a Seguran\u00e7a p\u00fablica para aumentar a impunidade de pol\u00edticos, governantes e gestores criminosos. Ela criar\u00e1 a figura do servidor \u201ctrainee\u201d, que ficar\u00e1 em \u201cper\u00edodo de experi\u00eancia\u201d sem estabilidade garantida [?] ? Um delegado de pol\u00edcia, por exemplo, poder\u00e1 ser demitido caso investigue o prefeito da sua cidade [&hellip;]<\/p>\n","protected":false},"author":1,"featured_media":0,"comment_status":"closed","ping_status":"closed","sticky":false,"template":"","format":"standard","meta":{"_eb_attr":"","_uag_custom_page_level_css":"","fifu_image_url":"","fifu_image_alt":"","footnotes":""},"categories":[7],"tags":[32],"class_list":["post-1290","post","type-post","status-publish","format-standard","hentry","category-noticias","tag-null"],"yoast_head":"<!-- This site is optimized with the Yoast SEO plugin v27.1.1 - https:\/\/yoast.com\/product\/yoast-seo-wordpress\/ -->\n<title>A Reforma Administrativa Far\u00e1 a Seguran\u00e7a P\u00fablica de ref\u00e9m - Federa\u00e7\u00e3o dos Municip\u00e1rios do Estado do Rio Grande do Sul<\/title>\n<meta name=\"robots\" content=\"index, follow, max-snippet:-1, max-image-preview:large, max-video-preview:-1\" \/>\n<link rel=\"canonical\" href=\"https:\/\/femergs.com.br\/wfe\/blog\/a-reforma-administrativa-fara-a-seguranca-publica-de-refem\/\" \/>\n<meta property=\"og:locale\" content=\"pt_BR\" \/>\n<meta property=\"og:type\" content=\"article\" \/>\n<meta property=\"og:title\" content=\"A Reforma Administrativa Far\u00e1 a Seguran\u00e7a P\u00fablica de ref\u00e9m - Federa\u00e7\u00e3o dos Municip\u00e1rios do Estado do Rio Grande do Sul\" \/>\n<meta property=\"og:description\" content=\"???? A Reforma Administrativa (PEC 32\/2020) vai fragilizar a Seguran\u00e7a p\u00fablica para aumentar a impunidade de pol\u00edticos, governantes e gestores criminosos. Ela criar\u00e1 a figura do servidor \u201ctrainee\u201d, que ficar\u00e1 em \u201cper\u00edodo de experi\u00eancia\u201d sem estabilidade garantida [?] ? Um delegado de pol\u00edcia, por exemplo, poder\u00e1 ser demitido caso investigue o prefeito da sua cidade [&hellip;]\" \/>\n<meta property=\"og:url\" content=\"https:\/\/femergs.com.br\/wfe\/blog\/a-reforma-administrativa-fara-a-seguranca-publica-de-refem\/\" \/>\n<meta property=\"og:site_name\" content=\"Federa\u00e7\u00e3o dos Municip\u00e1rios do Estado do Rio Grande do Sul\" \/>\n<meta property=\"article:publisher\" content=\"https:\/\/www.facebook.com\/profile.php?id=100057151733001\" \/>\n<meta property=\"article:published_time\" content=\"2021-08-05T16:37:08+00:00\" \/>\n<meta property=\"article:modified_time\" content=\"2025-09-02T20:00:06+00:00\" \/>\n<meta name=\"author\" content=\"adminfemergs\" \/>\n<meta name=\"twitter:card\" content=\"summary_large_image\" \/>\n<meta name=\"twitter:label1\" content=\"Escrito por\" \/>\n\t<meta name=\"twitter:data1\" content=\"adminfemergs\" \/>\n\t<meta name=\"twitter:label2\" content=\"Est. tempo de leitura\" \/>\n\t<meta name=\"twitter:data2\" content=\"1 minuto\" \/>\n<script type=\"application\/ld+json\" class=\"yoast-schema-graph\">{\"@context\":\"https:\/\/schema.org\",\"@graph\":[{\"@type\":\"Article\",\"@id\":\"https:\/\/femergs.com.br\/wfe\/blog\/a-reforma-administrativa-fara-a-seguranca-publica-de-refem\/#article\",\"isPartOf\":{\"@id\":\"https:\/\/femergs.com.br\/wfe\/blog\/a-reforma-administrativa-fara-a-seguranca-publica-de-refem\/\"},\"author\":{\"name\":\"adminfemergs\",\"@id\":\"https:\/\/femergs.com.br\/wfe\/#\/schema\/person\/f5558e6b5ffc044ee085016237dedb7f\"},\"headline\":\"A Reforma Administrativa Far\u00e1 a Seguran\u00e7a P\u00fablica de ref\u00e9m\",\"datePublished\":\"2021-08-05T16:37:08+00:00\",\"dateModified\":\"2025-09-02T20:00:06+00:00\",\"mainEntityOfPage\":{\"@id\":\"https:\/\/femergs.com.br\/wfe\/blog\/a-reforma-administrativa-fara-a-seguranca-publica-de-refem\/\"},\"wordCount\":260,\"publisher\":{\"@id\":\"https:\/\/femergs.com.br\/wfe\/#organization\"},\"keywords\":[\"NULL\"],\"articleSection\":[\"Not\u00edcias Gerais\"],\"inLanguage\":\"pt-BR\"},{\"@type\":\"WebPage\",\"@id\":\"https:\/\/femergs.com.br\/wfe\/blog\/a-reforma-administrativa-fara-a-seguranca-publica-de-refem\/\",\"url\":\"https:\/\/femergs.com.br\/wfe\/blog\/a-reforma-administrativa-fara-a-seguranca-publica-de-refem\/\",\"name\":\"A Reforma Administrativa Far\u00e1 a Seguran\u00e7a P\u00fablica de ref\u00e9m - Federa\u00e7\u00e3o dos Municip\u00e1rios do Estado do Rio Grande do Sul\",\"isPartOf\":{\"@id\":\"https:\/\/femergs.com.br\/wfe\/#website\"},\"datePublished\":\"2021-08-05T16:37:08+00:00\",\"dateModified\":\"2025-09-02T20:00:06+00:00\",\"breadcrumb\":{\"@id\":\"https:\/\/femergs.com.br\/wfe\/blog\/a-reforma-administrativa-fara-a-seguranca-publica-de-refem\/#breadcrumb\"},\"inLanguage\":\"pt-BR\",\"potentialAction\":[{\"@type\":\"ReadAction\",\"target\":[\"https:\/\/femergs.com.br\/wfe\/blog\/a-reforma-administrativa-fara-a-seguranca-publica-de-refem\/\"]}]},{\"@type\":\"BreadcrumbList\",\"@id\":\"https:\/\/femergs.com.br\/wfe\/blog\/a-reforma-administrativa-fara-a-seguranca-publica-de-refem\/#breadcrumb\",\"itemListElement\":[{\"@type\":\"ListItem\",\"position\":1,\"name\":\"In\u00edcio\",\"item\":\"https:\/\/femergs.com.br\/wfe\/\"},{\"@type\":\"ListItem\",\"position\":2,\"name\":\"A Reforma Administrativa Far\u00e1 a Seguran\u00e7a P\u00fablica de ref\u00e9m\"}]},{\"@type\":\"WebSite\",\"@id\":\"https:\/\/femergs.com.br\/wfe\/#website\",\"url\":\"https:\/\/femergs.com.br\/wfe\/\",\"name\":\"FEMERGS\",\"description\":\"FEDERA\u00c7\u00c3O DOS MUNICIP\u00c1RIOS DO ESTADO DO RIO GRANDE DO SUL\",\"publisher\":{\"@id\":\"https:\/\/femergs.com.br\/wfe\/#organization\"},\"potentialAction\":[{\"@type\":\"SearchAction\",\"target\":{\"@type\":\"EntryPoint\",\"urlTemplate\":\"https:\/\/femergs.com.br\/wfe\/?s={search_term_string}\"},\"query-input\":{\"@type\":\"PropertyValueSpecification\",\"valueRequired\":true,\"valueName\":\"search_term_string\"}}],\"inLanguage\":\"pt-BR\"},{\"@type\":\"Organization\",\"@id\":\"https:\/\/femergs.com.br\/wfe\/#organization\",\"name\":\"FEMERGS\",\"url\":\"https:\/\/femergs.com.br\/wfe\/\",\"logo\":{\"@type\":\"ImageObject\",\"inLanguage\":\"pt-BR\",\"@id\":\"https:\/\/femergs.com.br\/wfe\/#\/schema\/logo\/image\/\",\"url\":\"https:\/\/femergs.com.br\/wfe\/wp-content\/uploads\/2025\/06\/logotipo.png\",\"contentUrl\":\"https:\/\/femergs.com.br\/wfe\/wp-content\/uploads\/2025\/06\/logotipo.png\",\"width\":500,\"height\":500,\"caption\":\"FEMERGS\"},\"image\":{\"@id\":\"https:\/\/femergs.com.br\/wfe\/#\/schema\/logo\/image\/\"},\"sameAs\":[\"https:\/\/www.facebook.com\/profile.php?id=100057151733001\",\"https:\/\/www.instagram.com\/femergs_rs\/\"]},{\"@type\":\"Person\",\"@id\":\"https:\/\/femergs.com.br\/wfe\/#\/schema\/person\/f5558e6b5ffc044ee085016237dedb7f\",\"name\":\"adminfemergs\",\"image\":{\"@type\":\"ImageObject\",\"inLanguage\":\"pt-BR\",\"@id\":\"https:\/\/femergs.com.br\/wfe\/#\/schema\/person\/image\/\",\"url\":\"https:\/\/secure.gravatar.com\/avatar\/398642fa557cdd524617ad9b31c938845f071aeb3448b9c0aeb29aefc495337b?s=96&d=mm&r=g\",\"contentUrl\":\"https:\/\/secure.gravatar.com\/avatar\/398642fa557cdd524617ad9b31c938845f071aeb3448b9c0aeb29aefc495337b?s=96&d=mm&r=g\",\"caption\":\"adminfemergs\"},\"sameAs\":[\"https:\/\/femergs.com.br\/wfe\"],\"url\":\"https:\/\/femergs.com.br\/wfe\/blog\/author\/adminfemergs\/\"}]}<\/script>\n<!-- \/ Yoast SEO plugin. -->","yoast_head_json":{"title":"A Reforma Administrativa Far\u00e1 a Seguran\u00e7a P\u00fablica de ref\u00e9m - Federa\u00e7\u00e3o dos Municip\u00e1rios do Estado do Rio Grande do Sul","robots":{"index":"index","follow":"follow","max-snippet":"max-snippet:-1","max-image-preview":"max-image-preview:large","max-video-preview":"max-video-preview:-1"},"canonical":"https:\/\/femergs.com.br\/wfe\/blog\/a-reforma-administrativa-fara-a-seguranca-publica-de-refem\/","og_locale":"pt_BR","og_type":"article","og_title":"A Reforma Administrativa Far\u00e1 a Seguran\u00e7a P\u00fablica de ref\u00e9m - Federa\u00e7\u00e3o dos Municip\u00e1rios do Estado do Rio Grande do Sul","og_description":"???? A Reforma Administrativa (PEC 32\/2020) vai fragilizar a Seguran\u00e7a p\u00fablica para aumentar a impunidade de pol\u00edticos, governantes e gestores criminosos. Ela criar\u00e1 a figura do servidor \u201ctrainee\u201d, que ficar\u00e1 em \u201cper\u00edodo de experi\u00eancia\u201d sem estabilidade garantida [?] ? Um delegado de pol\u00edcia, por exemplo, poder\u00e1 ser demitido caso investigue o prefeito da sua cidade [&hellip;]","og_url":"https:\/\/femergs.com.br\/wfe\/blog\/a-reforma-administrativa-fara-a-seguranca-publica-de-refem\/","og_site_name":"Federa\u00e7\u00e3o dos Municip\u00e1rios do Estado do Rio Grande do Sul","article_publisher":"https:\/\/www.facebook.com\/profile.php?id=100057151733001","article_published_time":"2021-08-05T16:37:08+00:00","article_modified_time":"2025-09-02T20:00:06+00:00","author":"adminfemergs","twitter_card":"summary_large_image","twitter_misc":{"Escrito por":"adminfemergs","Est. tempo de leitura":"1 minuto"},"schema":{"@context":"https:\/\/schema.org","@graph":[{"@type":"Article","@id":"https:\/\/femergs.com.br\/wfe\/blog\/a-reforma-administrativa-fara-a-seguranca-publica-de-refem\/#article","isPartOf":{"@id":"https:\/\/femergs.com.br\/wfe\/blog\/a-reforma-administrativa-fara-a-seguranca-publica-de-refem\/"},"author":{"name":"adminfemergs","@id":"https:\/\/femergs.com.br\/wfe\/#\/schema\/person\/f5558e6b5ffc044ee085016237dedb7f"},"headline":"A Reforma Administrativa Far\u00e1 a Seguran\u00e7a P\u00fablica de ref\u00e9m","datePublished":"2021-08-05T16:37:08+00:00","dateModified":"2025-09-02T20:00:06+00:00","mainEntityOfPage":{"@id":"https:\/\/femergs.com.br\/wfe\/blog\/a-reforma-administrativa-fara-a-seguranca-publica-de-refem\/"},"wordCount":260,"publisher":{"@id":"https:\/\/femergs.com.br\/wfe\/#organization"},"keywords":["NULL"],"articleSection":["Not\u00edcias Gerais"],"inLanguage":"pt-BR"},{"@type":"WebPage","@id":"https:\/\/femergs.com.br\/wfe\/blog\/a-reforma-administrativa-fara-a-seguranca-publica-de-refem\/","url":"https:\/\/femergs.com.br\/wfe\/blog\/a-reforma-administrativa-fara-a-seguranca-publica-de-refem\/","name":"A Reforma Administrativa Far\u00e1 a Seguran\u00e7a P\u00fablica de ref\u00e9m - Federa\u00e7\u00e3o dos Municip\u00e1rios do Estado do Rio Grande do Sul","isPartOf":{"@id":"https:\/\/femergs.com.br\/wfe\/#website"},"datePublished":"2021-08-05T16:37:08+00:00","dateModified":"2025-09-02T20:00:06+00:00","breadcrumb":{"@id":"https:\/\/femergs.com.br\/wfe\/blog\/a-reforma-administrativa-fara-a-seguranca-publica-de-refem\/#breadcrumb"},"inLanguage":"pt-BR","potentialAction":[{"@type":"ReadAction","target":["https:\/\/femergs.com.br\/wfe\/blog\/a-reforma-administrativa-fara-a-seguranca-publica-de-refem\/"]}]},{"@type":"BreadcrumbList","@id":"https:\/\/femergs.com.br\/wfe\/blog\/a-reforma-administrativa-fara-a-seguranca-publica-de-refem\/#breadcrumb","itemListElement":[{"@type":"ListItem","position":1,"name":"In\u00edcio","item":"https:\/\/femergs.com.br\/wfe\/"},{"@type":"ListItem","position":2,"name":"A Reforma Administrativa Far\u00e1 a Seguran\u00e7a P\u00fablica de ref\u00e9m"}]},{"@type":"WebSite","@id":"https:\/\/femergs.com.br\/wfe\/#website","url":"https:\/\/femergs.com.br\/wfe\/","name":"FEMERGS","description":"FEDERA\u00c7\u00c3O DOS MUNICIP\u00c1RIOS DO ESTADO DO RIO GRANDE DO SUL","publisher":{"@id":"https:\/\/femergs.com.br\/wfe\/#organization"},"potentialAction":[{"@type":"SearchAction","target":{"@type":"EntryPoint","urlTemplate":"https:\/\/femergs.com.br\/wfe\/?s={search_term_string}"},"query-input":{"@type":"PropertyValueSpecification","valueRequired":true,"valueName":"search_term_string"}}],"inLanguage":"pt-BR"},{"@type":"Organization","@id":"https:\/\/femergs.com.br\/wfe\/#organization","name":"FEMERGS","url":"https:\/\/femergs.com.br\/wfe\/","logo":{"@type":"ImageObject","inLanguage":"pt-BR","@id":"https:\/\/femergs.com.br\/wfe\/#\/schema\/logo\/image\/","url":"https:\/\/femergs.com.br\/wfe\/wp-content\/uploads\/2025\/06\/logotipo.png","contentUrl":"https:\/\/femergs.com.br\/wfe\/wp-content\/uploads\/2025\/06\/logotipo.png","width":500,"height":500,"caption":"FEMERGS"},"image":{"@id":"https:\/\/femergs.com.br\/wfe\/#\/schema\/logo\/image\/"},"sameAs":["https:\/\/www.facebook.com\/profile.php?id=100057151733001","https:\/\/www.instagram.com\/femergs_rs\/"]},{"@type":"Person","@id":"https:\/\/femergs.com.br\/wfe\/#\/schema\/person\/f5558e6b5ffc044ee085016237dedb7f","name":"adminfemergs","image":{"@type":"ImageObject","inLanguage":"pt-BR","@id":"https:\/\/femergs.com.br\/wfe\/#\/schema\/person\/image\/","url":"https:\/\/secure.gravatar.com\/avatar\/398642fa557cdd524617ad9b31c938845f071aeb3448b9c0aeb29aefc495337b?s=96&d=mm&r=g","contentUrl":"https:\/\/secure.gravatar.com\/avatar\/398642fa557cdd524617ad9b31c938845f071aeb3448b9c0aeb29aefc495337b?s=96&d=mm&r=g","caption":"adminfemergs"},"sameAs":["https:\/\/femergs.com.br\/wfe"],"url":"https:\/\/femergs.com.br\/wfe\/blog\/author\/adminfemergs\/"}]}},"uagb_featured_image_src":{"full":false,"thumbnail":false,"medium":false,"medium_large":false,"large":false,"1536x1536":false,"2048x2048":false,"ultp_layout_landscape_large":false,"ultp_layout_landscape":false,"ultp_layout_portrait":false,"ultp_layout_square":false},"uagb_author_info":{"display_name":"adminfemergs","author_link":"https:\/\/femergs.com.br\/wfe\/blog\/author\/adminfemergs\/"},"uagb_comment_info":0,"uagb_excerpt":"???? A Reforma Administrativa (PEC 32\/2020) vai fragilizar a Seguran\u00e7a p\u00fablica para aumentar a impunidade de pol\u00edticos, governantes e gestores criminosos. Ela criar\u00e1 a figura do servidor \u201ctrainee\u201d, que ficar\u00e1 em \u201cper\u00edodo de experi\u00eancia\u201d sem estabilidade garantida [?] ? Um delegado de pol\u00edcia, por exemplo, poder\u00e1 ser demitido caso investigue o prefeito da sua cidade&hellip;","_links":{"self":[{"href":"https:\/\/femergs.com.br\/wfe\/wp-json\/wp\/v2\/posts\/1290","targetHints":{"allow":["GET"]}}],"collection":[{"href":"https:\/\/femergs.com.br\/wfe\/wp-json\/wp\/v2\/posts"}],"about":[{"href":"https:\/\/femergs.com.br\/wfe\/wp-json\/wp\/v2\/types\/post"}],"author":[{"embeddable":true,"href":"https:\/\/femergs.com.br\/wfe\/wp-json\/wp\/v2\/users\/1"}],"replies":[{"embeddable":true,"href":"https:\/\/femergs.com.br\/wfe\/wp-json\/wp\/v2\/comments?post=1290"}],"version-history":[{"count":1,"href":"https:\/\/femergs.com.br\/wfe\/wp-json\/wp\/v2\/posts\/1290\/revisions"}],"predecessor-version":[{"id":1521,"href":"https:\/\/femergs.com.br\/wfe\/wp-json\/wp\/v2\/posts\/1290\/revisions\/1521"}],"wp:attachment":[{"href":"https:\/\/femergs.com.br\/wfe\/wp-json\/wp\/v2\/media?parent=1290"}],"wp:term":[{"taxonomy":"category","embeddable":true,"href":"https:\/\/femergs.com.br\/wfe\/wp-json\/wp\/v2\/categories?post=1290"},{"taxonomy":"post_tag","embeddable":true,"href":"https:\/\/femergs.com.br\/wfe\/wp-json\/wp\/v2\/tags?post=1290"}],"curies":[{"name":"wp","href":"https:\/\/api.w.org\/{rel}","templated":true}]}}