{"id":1291,"date":"2021-09-24T08:24:38","date_gmt":"2021-09-24T08:24:38","guid":{"rendered":"https:\/\/femergs.com.br\/wfe\/blog\/sabe-quais-politicos-apoiam-a-reforma-administrativa-os-corruptos-e-oportunistas\/"},"modified":"2025-09-02T20:00:06","modified_gmt":"2025-09-02T20:00:06","slug":"sabe-quais-politicos-apoiam-a-reforma-administrativa-os-corruptos-e-oportunistas","status":"publish","type":"post","link":"https:\/\/femergs.com.br\/wfe\/blog\/sabe-quais-politicos-apoiam-a-reforma-administrativa-os-corruptos-e-oportunistas\/","title":{"rendered":"Sabe quais pol\u00edticos apoiam a Reforma Administrativa? Os corruptos e oportunistas"},"content":{"rendered":"<p>Sabe quais pol\u00edticos apoiam a Reforma Administrativa? Os corruptos e oportunistas<\/p>\n<p>Sabe qual tipo de pol\u00edtico apoia a Reforma Administrativa (PEC 32\/2020) do governo de Jair Bolsonaro? Os corruptos e oportunistas!<\/p>\n<p>Isso porque ela tornar\u00e1 padr\u00e3o velhos esquemas, como tr\u00e1fico de influ\u00eancia, suborno, apadrinhamento pol\u00edtico, clientelismo, venda ilegal de madeiras, coronelismo, or\u00e7amentos paralelos, favorecimento, compra superfaturada de vacinas, mamata, enriquecimento il\u00edcito, nepotismo, inger\u00eancia pol\u00edtica, empreguismo, loteamento partid\u00e1rio, conchavos, cabides de emprego, propina, terceiriza\u00e7\u00e3o generalizada, rachadinhas, funcion\u00e1rios fantasmas e por a\u00ed vai.<\/p>\n<p> Ali\u00e1s, a PEC 32\/2020 \u00e9 chamada de \u201cPEC da Rachadinha\u201d, pois permitir\u00e1 que mais de 1,1 milh\u00e3o de cargos sejam ocupados por pessoas sem concurso p\u00fablico e sem capacita\u00e7\u00e3o para a fun\u00e7\u00e3o. Muitos estar\u00e3o l\u00e1 apenas para repassar parte do pr\u00f3prio sal\u00e1rio com pol\u00edticos que lhe deram o cargo, outros ir\u00e3o apenas atender aos interesses daqueles que quiserem desviar os recursos p\u00fablicos que deveriam ser destinados para o cuidado da popula\u00e7\u00e3o.<\/p>\n<p>A Reforma Administrativa do governo Bolsonaro tamb\u00e9m vai institucionalizar a carteirada e a persegui\u00e7\u00e3o aos servidores, e permitir\u00e1 que criminosos e investigados interfiram e controlem os \u00f3rg\u00e3os policiais e de fiscaliza\u00e7\u00e3o.<\/p>\n<p>Ou seja, a PEC 32\/2020 destruir\u00e1 os servi\u00e7os p\u00fablicos, prejudicar\u00e1 a popula\u00e7\u00e3o, e vai escancarar a porta para a corrup\u00e7\u00e3o \u2013 tudo para beneficiar os pol\u00edticos corruptos e oportunistas que a apoiam com tanto fervor.<\/p>\n<p> Barr\u00e1-la \u00e9 o \u00fanico meio de evitar que o servi\u00e7o p\u00fablico se torne um imenso balc\u00e3o de neg\u00f3cios il\u00edcitos.<\/p>\n<p>#Servi\u00e7oP\u00fablico #\u00c9Publico #\u00c9praTodos #ValorizeOServidor #ReformaAdministrativaN\u00e3o<\/p>\n","protected":false},"excerpt":{"rendered":"<p>Sabe quais pol\u00edticos apoiam a Reforma Administrativa? Os corruptos e oportunistas Sabe qual tipo de pol\u00edtico apoia a Reforma Administrativa (PEC 32\/2020) do governo de Jair Bolsonaro? Os corruptos e oportunistas! Isso porque ela tornar\u00e1 padr\u00e3o velhos esquemas, como tr\u00e1fico de influ\u00eancia, suborno, apadrinhamento pol\u00edtico, clientelismo, venda ilegal de madeiras, coronelismo, or\u00e7amentos paralelos, favorecimento, compra [&hellip;]<\/p>\n","protected":false},"author":1,"featured_media":0,"comment_status":"closed","ping_status":"closed","sticky":false,"template":"","format":"standard","meta":{"_eb_attr":"","_uag_custom_page_level_css":"","fifu_image_url":"","fifu_image_alt":"","footnotes":""},"categories":[7],"tags":[32],"class_list":["post-1291","post","type-post","status-publish","format-standard","hentry","category-noticias","tag-null"],"yoast_head":"<!-- This site is optimized with the Yoast SEO plugin v27.1.1 - https:\/\/yoast.com\/product\/yoast-seo-wordpress\/ -->\n<title>Sabe quais pol\u00edticos apoiam a Reforma Administrativa? Os corruptos e oportunistas - Federa\u00e7\u00e3o dos Municip\u00e1rios do Estado do Rio Grande do Sul<\/title>\n<meta name=\"robots\" content=\"index, follow, max-snippet:-1, max-image-preview:large, max-video-preview:-1\" \/>\n<link rel=\"canonical\" href=\"https:\/\/femergs.com.br\/wfe\/blog\/sabe-quais-politicos-apoiam-a-reforma-administrativa-os-corruptos-e-oportunistas\/\" \/>\n<meta property=\"og:locale\" content=\"pt_BR\" \/>\n<meta property=\"og:type\" content=\"article\" \/>\n<meta property=\"og:title\" content=\"Sabe quais pol\u00edticos apoiam a Reforma Administrativa? Os corruptos e oportunistas - Federa\u00e7\u00e3o dos Municip\u00e1rios do Estado do Rio Grande do Sul\" \/>\n<meta property=\"og:description\" content=\"Sabe quais pol\u00edticos apoiam a Reforma Administrativa? Os corruptos e oportunistas Sabe qual tipo de pol\u00edtico apoia a Reforma Administrativa (PEC 32\/2020) do governo de Jair Bolsonaro? Os corruptos e oportunistas! Isso porque ela tornar\u00e1 padr\u00e3o velhos esquemas, como tr\u00e1fico de influ\u00eancia, suborno, apadrinhamento pol\u00edtico, clientelismo, venda ilegal de madeiras, coronelismo, or\u00e7amentos paralelos, favorecimento, compra [&hellip;]\" \/>\n<meta property=\"og:url\" content=\"https:\/\/femergs.com.br\/wfe\/blog\/sabe-quais-politicos-apoiam-a-reforma-administrativa-os-corruptos-e-oportunistas\/\" \/>\n<meta property=\"og:site_name\" content=\"Federa\u00e7\u00e3o dos Municip\u00e1rios do Estado do Rio Grande do Sul\" \/>\n<meta property=\"article:publisher\" content=\"https:\/\/www.facebook.com\/profile.php?id=100057151733001\" \/>\n<meta property=\"article:published_time\" content=\"2021-09-24T08:24:38+00:00\" \/>\n<meta property=\"article:modified_time\" content=\"2025-09-02T20:00:06+00:00\" \/>\n<meta name=\"author\" content=\"adminfemergs\" \/>\n<meta name=\"twitter:card\" content=\"summary_large_image\" \/>\n<meta name=\"twitter:label1\" content=\"Escrito por\" \/>\n\t<meta name=\"twitter:data1\" content=\"adminfemergs\" \/>\n\t<meta name=\"twitter:label2\" content=\"Est. tempo de leitura\" \/>\n\t<meta name=\"twitter:data2\" content=\"1 minuto\" \/>\n<script type=\"application\/ld+json\" class=\"yoast-schema-graph\">{\"@context\":\"https:\/\/schema.org\",\"@graph\":[{\"@type\":\"Article\",\"@id\":\"https:\/\/femergs.com.br\/wfe\/blog\/sabe-quais-politicos-apoiam-a-reforma-administrativa-os-corruptos-e-oportunistas\/#article\",\"isPartOf\":{\"@id\":\"https:\/\/femergs.com.br\/wfe\/blog\/sabe-quais-politicos-apoiam-a-reforma-administrativa-os-corruptos-e-oportunistas\/\"},\"author\":{\"name\":\"adminfemergs\",\"@id\":\"https:\/\/femergs.com.br\/wfe\/#\/schema\/person\/f5558e6b5ffc044ee085016237dedb7f\"},\"headline\":\"Sabe quais pol\u00edticos apoiam a Reforma Administrativa? Os corruptos e oportunistas\",\"datePublished\":\"2021-09-24T08:24:38+00:00\",\"dateModified\":\"2025-09-02T20:00:06+00:00\",\"mainEntityOfPage\":{\"@id\":\"https:\/\/femergs.com.br\/wfe\/blog\/sabe-quais-politicos-apoiam-a-reforma-administrativa-os-corruptos-e-oportunistas\/\"},\"wordCount\":290,\"publisher\":{\"@id\":\"https:\/\/femergs.com.br\/wfe\/#organization\"},\"keywords\":[\"NULL\"],\"articleSection\":[\"Not\u00edcias Gerais\"],\"inLanguage\":\"pt-BR\"},{\"@type\":\"WebPage\",\"@id\":\"https:\/\/femergs.com.br\/wfe\/blog\/sabe-quais-politicos-apoiam-a-reforma-administrativa-os-corruptos-e-oportunistas\/\",\"url\":\"https:\/\/femergs.com.br\/wfe\/blog\/sabe-quais-politicos-apoiam-a-reforma-administrativa-os-corruptos-e-oportunistas\/\",\"name\":\"Sabe quais pol\u00edticos apoiam a Reforma Administrativa? Os corruptos e oportunistas - Federa\u00e7\u00e3o dos Municip\u00e1rios do Estado do Rio Grande do Sul\",\"isPartOf\":{\"@id\":\"https:\/\/femergs.com.br\/wfe\/#website\"},\"datePublished\":\"2021-09-24T08:24:38+00:00\",\"dateModified\":\"2025-09-02T20:00:06+00:00\",\"breadcrumb\":{\"@id\":\"https:\/\/femergs.com.br\/wfe\/blog\/sabe-quais-politicos-apoiam-a-reforma-administrativa-os-corruptos-e-oportunistas\/#breadcrumb\"},\"inLanguage\":\"pt-BR\",\"potentialAction\":[{\"@type\":\"ReadAction\",\"target\":[\"https:\/\/femergs.com.br\/wfe\/blog\/sabe-quais-politicos-apoiam-a-reforma-administrativa-os-corruptos-e-oportunistas\/\"]}]},{\"@type\":\"BreadcrumbList\",\"@id\":\"https:\/\/femergs.com.br\/wfe\/blog\/sabe-quais-politicos-apoiam-a-reforma-administrativa-os-corruptos-e-oportunistas\/#breadcrumb\",\"itemListElement\":[{\"@type\":\"ListItem\",\"position\":1,\"name\":\"In\u00edcio\",\"item\":\"https:\/\/femergs.com.br\/wfe\/\"},{\"@type\":\"ListItem\",\"position\":2,\"name\":\"Sabe quais pol\u00edticos apoiam a Reforma Administrativa? Os corruptos e oportunistas\"}]},{\"@type\":\"WebSite\",\"@id\":\"https:\/\/femergs.com.br\/wfe\/#website\",\"url\":\"https:\/\/femergs.com.br\/wfe\/\",\"name\":\"FEMERGS\",\"description\":\"FEDERA\u00c7\u00c3O DOS MUNICIP\u00c1RIOS DO ESTADO DO RIO GRANDE DO SUL\",\"publisher\":{\"@id\":\"https:\/\/femergs.com.br\/wfe\/#organization\"},\"potentialAction\":[{\"@type\":\"SearchAction\",\"target\":{\"@type\":\"EntryPoint\",\"urlTemplate\":\"https:\/\/femergs.com.br\/wfe\/?s={search_term_string}\"},\"query-input\":{\"@type\":\"PropertyValueSpecification\",\"valueRequired\":true,\"valueName\":\"search_term_string\"}}],\"inLanguage\":\"pt-BR\"},{\"@type\":\"Organization\",\"@id\":\"https:\/\/femergs.com.br\/wfe\/#organization\",\"name\":\"FEMERGS\",\"url\":\"https:\/\/femergs.com.br\/wfe\/\",\"logo\":{\"@type\":\"ImageObject\",\"inLanguage\":\"pt-BR\",\"@id\":\"https:\/\/femergs.com.br\/wfe\/#\/schema\/logo\/image\/\",\"url\":\"https:\/\/femergs.com.br\/wfe\/wp-content\/uploads\/2025\/06\/logotipo.png\",\"contentUrl\":\"https:\/\/femergs.com.br\/wfe\/wp-content\/uploads\/2025\/06\/logotipo.png\",\"width\":500,\"height\":500,\"caption\":\"FEMERGS\"},\"image\":{\"@id\":\"https:\/\/femergs.com.br\/wfe\/#\/schema\/logo\/image\/\"},\"sameAs\":[\"https:\/\/www.facebook.com\/profile.php?id=100057151733001\",\"https:\/\/www.instagram.com\/femergs_rs\/\"]},{\"@type\":\"Person\",\"@id\":\"https:\/\/femergs.com.br\/wfe\/#\/schema\/person\/f5558e6b5ffc044ee085016237dedb7f\",\"name\":\"adminfemergs\",\"image\":{\"@type\":\"ImageObject\",\"inLanguage\":\"pt-BR\",\"@id\":\"https:\/\/femergs.com.br\/wfe\/#\/schema\/person\/image\/\",\"url\":\"https:\/\/secure.gravatar.com\/avatar\/398642fa557cdd524617ad9b31c938845f071aeb3448b9c0aeb29aefc495337b?s=96&d=mm&r=g\",\"contentUrl\":\"https:\/\/secure.gravatar.com\/avatar\/398642fa557cdd524617ad9b31c938845f071aeb3448b9c0aeb29aefc495337b?s=96&d=mm&r=g\",\"caption\":\"adminfemergs\"},\"sameAs\":[\"https:\/\/femergs.com.br\/wfe\"],\"url\":\"https:\/\/femergs.com.br\/wfe\/blog\/author\/adminfemergs\/\"}]}<\/script>\n<!-- \/ Yoast SEO plugin. -->","yoast_head_json":{"title":"Sabe quais pol\u00edticos apoiam a Reforma Administrativa? Os corruptos e oportunistas - Federa\u00e7\u00e3o dos Municip\u00e1rios do Estado do Rio Grande do Sul","robots":{"index":"index","follow":"follow","max-snippet":"max-snippet:-1","max-image-preview":"max-image-preview:large","max-video-preview":"max-video-preview:-1"},"canonical":"https:\/\/femergs.com.br\/wfe\/blog\/sabe-quais-politicos-apoiam-a-reforma-administrativa-os-corruptos-e-oportunistas\/","og_locale":"pt_BR","og_type":"article","og_title":"Sabe quais pol\u00edticos apoiam a Reforma Administrativa? Os corruptos e oportunistas - Federa\u00e7\u00e3o dos Municip\u00e1rios do Estado do Rio Grande do Sul","og_description":"Sabe quais pol\u00edticos apoiam a Reforma Administrativa? Os corruptos e oportunistas Sabe qual tipo de pol\u00edtico apoia a Reforma Administrativa (PEC 32\/2020) do governo de Jair Bolsonaro? Os corruptos e oportunistas! Isso porque ela tornar\u00e1 padr\u00e3o velhos esquemas, como tr\u00e1fico de influ\u00eancia, suborno, apadrinhamento pol\u00edtico, clientelismo, venda ilegal de madeiras, coronelismo, or\u00e7amentos paralelos, favorecimento, compra [&hellip;]","og_url":"https:\/\/femergs.com.br\/wfe\/blog\/sabe-quais-politicos-apoiam-a-reforma-administrativa-os-corruptos-e-oportunistas\/","og_site_name":"Federa\u00e7\u00e3o dos Municip\u00e1rios do Estado do Rio Grande do Sul","article_publisher":"https:\/\/www.facebook.com\/profile.php?id=100057151733001","article_published_time":"2021-09-24T08:24:38+00:00","article_modified_time":"2025-09-02T20:00:06+00:00","author":"adminfemergs","twitter_card":"summary_large_image","twitter_misc":{"Escrito por":"adminfemergs","Est. tempo de leitura":"1 minuto"},"schema":{"@context":"https:\/\/schema.org","@graph":[{"@type":"Article","@id":"https:\/\/femergs.com.br\/wfe\/blog\/sabe-quais-politicos-apoiam-a-reforma-administrativa-os-corruptos-e-oportunistas\/#article","isPartOf":{"@id":"https:\/\/femergs.com.br\/wfe\/blog\/sabe-quais-politicos-apoiam-a-reforma-administrativa-os-corruptos-e-oportunistas\/"},"author":{"name":"adminfemergs","@id":"https:\/\/femergs.com.br\/wfe\/#\/schema\/person\/f5558e6b5ffc044ee085016237dedb7f"},"headline":"Sabe quais pol\u00edticos apoiam a Reforma Administrativa? Os corruptos e oportunistas","datePublished":"2021-09-24T08:24:38+00:00","dateModified":"2025-09-02T20:00:06+00:00","mainEntityOfPage":{"@id":"https:\/\/femergs.com.br\/wfe\/blog\/sabe-quais-politicos-apoiam-a-reforma-administrativa-os-corruptos-e-oportunistas\/"},"wordCount":290,"publisher":{"@id":"https:\/\/femergs.com.br\/wfe\/#organization"},"keywords":["NULL"],"articleSection":["Not\u00edcias Gerais"],"inLanguage":"pt-BR"},{"@type":"WebPage","@id":"https:\/\/femergs.com.br\/wfe\/blog\/sabe-quais-politicos-apoiam-a-reforma-administrativa-os-corruptos-e-oportunistas\/","url":"https:\/\/femergs.com.br\/wfe\/blog\/sabe-quais-politicos-apoiam-a-reforma-administrativa-os-corruptos-e-oportunistas\/","name":"Sabe quais pol\u00edticos apoiam a Reforma Administrativa? Os corruptos e oportunistas - Federa\u00e7\u00e3o dos Municip\u00e1rios do Estado do Rio Grande do Sul","isPartOf":{"@id":"https:\/\/femergs.com.br\/wfe\/#website"},"datePublished":"2021-09-24T08:24:38+00:00","dateModified":"2025-09-02T20:00:06+00:00","breadcrumb":{"@id":"https:\/\/femergs.com.br\/wfe\/blog\/sabe-quais-politicos-apoiam-a-reforma-administrativa-os-corruptos-e-oportunistas\/#breadcrumb"},"inLanguage":"pt-BR","potentialAction":[{"@type":"ReadAction","target":["https:\/\/femergs.com.br\/wfe\/blog\/sabe-quais-politicos-apoiam-a-reforma-administrativa-os-corruptos-e-oportunistas\/"]}]},{"@type":"BreadcrumbList","@id":"https:\/\/femergs.com.br\/wfe\/blog\/sabe-quais-politicos-apoiam-a-reforma-administrativa-os-corruptos-e-oportunistas\/#breadcrumb","itemListElement":[{"@type":"ListItem","position":1,"name":"In\u00edcio","item":"https:\/\/femergs.com.br\/wfe\/"},{"@type":"ListItem","position":2,"name":"Sabe quais pol\u00edticos apoiam a Reforma Administrativa? Os corruptos e oportunistas"}]},{"@type":"WebSite","@id":"https:\/\/femergs.com.br\/wfe\/#website","url":"https:\/\/femergs.com.br\/wfe\/","name":"FEMERGS","description":"FEDERA\u00c7\u00c3O DOS MUNICIP\u00c1RIOS DO ESTADO DO RIO GRANDE DO SUL","publisher":{"@id":"https:\/\/femergs.com.br\/wfe\/#organization"},"potentialAction":[{"@type":"SearchAction","target":{"@type":"EntryPoint","urlTemplate":"https:\/\/femergs.com.br\/wfe\/?s={search_term_string}"},"query-input":{"@type":"PropertyValueSpecification","valueRequired":true,"valueName":"search_term_string"}}],"inLanguage":"pt-BR"},{"@type":"Organization","@id":"https:\/\/femergs.com.br\/wfe\/#organization","name":"FEMERGS","url":"https:\/\/femergs.com.br\/wfe\/","logo":{"@type":"ImageObject","inLanguage":"pt-BR","@id":"https:\/\/femergs.com.br\/wfe\/#\/schema\/logo\/image\/","url":"https:\/\/femergs.com.br\/wfe\/wp-content\/uploads\/2025\/06\/logotipo.png","contentUrl":"https:\/\/femergs.com.br\/wfe\/wp-content\/uploads\/2025\/06\/logotipo.png","width":500,"height":500,"caption":"FEMERGS"},"image":{"@id":"https:\/\/femergs.com.br\/wfe\/#\/schema\/logo\/image\/"},"sameAs":["https:\/\/www.facebook.com\/profile.php?id=100057151733001","https:\/\/www.instagram.com\/femergs_rs\/"]},{"@type":"Person","@id":"https:\/\/femergs.com.br\/wfe\/#\/schema\/person\/f5558e6b5ffc044ee085016237dedb7f","name":"adminfemergs","image":{"@type":"ImageObject","inLanguage":"pt-BR","@id":"https:\/\/femergs.com.br\/wfe\/#\/schema\/person\/image\/","url":"https:\/\/secure.gravatar.com\/avatar\/398642fa557cdd524617ad9b31c938845f071aeb3448b9c0aeb29aefc495337b?s=96&d=mm&r=g","contentUrl":"https:\/\/secure.gravatar.com\/avatar\/398642fa557cdd524617ad9b31c938845f071aeb3448b9c0aeb29aefc495337b?s=96&d=mm&r=g","caption":"adminfemergs"},"sameAs":["https:\/\/femergs.com.br\/wfe"],"url":"https:\/\/femergs.com.br\/wfe\/blog\/author\/adminfemergs\/"}]}},"uagb_featured_image_src":{"full":false,"thumbnail":false,"medium":false,"medium_large":false,"large":false,"1536x1536":false,"2048x2048":false,"ultp_layout_landscape_large":false,"ultp_layout_landscape":false,"ultp_layout_portrait":false,"ultp_layout_square":false},"uagb_author_info":{"display_name":"adminfemergs","author_link":"https:\/\/femergs.com.br\/wfe\/blog\/author\/adminfemergs\/"},"uagb_comment_info":0,"uagb_excerpt":"Sabe quais pol\u00edticos apoiam a Reforma Administrativa? Os corruptos e oportunistas Sabe qual tipo de pol\u00edtico apoia a Reforma Administrativa (PEC 32\/2020) do governo de Jair Bolsonaro? Os corruptos e oportunistas! Isso porque ela tornar\u00e1 padr\u00e3o velhos esquemas, como tr\u00e1fico de influ\u00eancia, suborno, apadrinhamento pol\u00edtico, clientelismo, venda ilegal de madeiras, coronelismo, or\u00e7amentos paralelos, favorecimento, compra&hellip;","_links":{"self":[{"href":"https:\/\/femergs.com.br\/wfe\/wp-json\/wp\/v2\/posts\/1291","targetHints":{"allow":["GET"]}}],"collection":[{"href":"https:\/\/femergs.com.br\/wfe\/wp-json\/wp\/v2\/posts"}],"about":[{"href":"https:\/\/femergs.com.br\/wfe\/wp-json\/wp\/v2\/types\/post"}],"author":[{"embeddable":true,"href":"https:\/\/femergs.com.br\/wfe\/wp-json\/wp\/v2\/users\/1"}],"replies":[{"embeddable":true,"href":"https:\/\/femergs.com.br\/wfe\/wp-json\/wp\/v2\/comments?post=1291"}],"version-history":[{"count":1,"href":"https:\/\/femergs.com.br\/wfe\/wp-json\/wp\/v2\/posts\/1291\/revisions"}],"predecessor-version":[{"id":1519,"href":"https:\/\/femergs.com.br\/wfe\/wp-json\/wp\/v2\/posts\/1291\/revisions\/1519"}],"wp:attachment":[{"href":"https:\/\/femergs.com.br\/wfe\/wp-json\/wp\/v2\/media?parent=1291"}],"wp:term":[{"taxonomy":"category","embeddable":true,"href":"https:\/\/femergs.com.br\/wfe\/wp-json\/wp\/v2\/categories?post=1291"},{"taxonomy":"post_tag","embeddable":true,"href":"https:\/\/femergs.com.br\/wfe\/wp-json\/wp\/v2\/tags?post=1291"}],"curies":[{"name":"wp","href":"https:\/\/api.w.org\/{rel}","templated":true}]}}