{"id":1296,"date":"2022-04-11T17:18:56","date_gmt":"2022-04-11T17:18:56","guid":{"rendered":"https:\/\/femergs.com.br\/wfe\/blog\/ipe-saude-esta-na-uti\/"},"modified":"2025-09-02T20:00:06","modified_gmt":"2025-09-02T20:00:06","slug":"ipe-saude-esta-na-uti","status":"publish","type":"post","link":"https:\/\/femergs.com.br\/wfe\/blog\/ipe-saude-esta-na-uti\/","title":{"rendered":"IPE SA\u00daDE ESTA NA UTI"},"content":{"rendered":"<div style=\"text-align: center;\"><strong>I<img decoding=\"async\" src=\"data:image\/gif;base64,R0lGODlhAQABAIAAAAAAAP\/\/\/ywAAAAAAQABAAACAUwAOw==\" fifu-lazy=\"1\" fifu-data-sizes=\"auto\" fifu-data-srcset=\"\/Im4g3nsN0t1cia\/geral\/images\/IPE_SAUDE.png?w=75&resize=75&ssl=1 75w, \/Im4g3nsN0t1cia\/geral\/images\/IPE_SAUDE.png?w=100&resize=100&ssl=1 100w, \/Im4g3nsN0t1cia\/geral\/images\/IPE_SAUDE.png?w=150&resize=150&ssl=1 150w, \/Im4g3nsN0t1cia\/geral\/images\/IPE_SAUDE.png?w=240&resize=240&ssl=1 240w, \/Im4g3nsN0t1cia\/geral\/images\/IPE_SAUDE.png?w=320&resize=320&ssl=1 320w, \/Im4g3nsN0t1cia\/geral\/images\/IPE_SAUDE.png?w=500&resize=500&ssl=1 500w, \/Im4g3nsN0t1cia\/geral\/images\/IPE_SAUDE.png?w=640&resize=640&ssl=1 640w, \/Im4g3nsN0t1cia\/geral\/images\/IPE_SAUDE.png?w=800&resize=800&ssl=1 800w, \/Im4g3nsN0t1cia\/geral\/images\/IPE_SAUDE.png?w=1024&resize=1024&ssl=1 1024w, \/Im4g3nsN0t1cia\/geral\/images\/IPE_SAUDE.png?w=1280&resize=1280&ssl=1 1280w, \/Im4g3nsN0t1cia\/geral\/images\/IPE_SAUDE.png?w=1600&resize=1600&ssl=1 1600w\" alt=\"\" fifu-data-src=\"\/Im4g3nsN0t1cia\/geral\/images\/IPE_SAUDE.png\" style=\"height:1080px; width:1080px\" \/><\/p>\n<p>  IPE SA\u00daDE EST\u00c1 NA UTI<br \/>\nSocorro!!!<\/strong><\/div>\n<p> O presidente da FEMERGS \u2013 Vilson Jo\u00e3o Weber, que tamb\u00e9m \u00e9 vice-presidente da CSB \/RS e integrante do F\u00f3rum Permanente em Defesa do IP\u00ca Sa\u00fade, participou de uma reuni\u00e3o virtual com o presidente do Ip\u00ea Sa\u00fade Sr. J\u00falio Ruivo, e infelizmente tivemos a confirma\u00e7\u00e3o, de que o IP\u00ca Sa\u00fade teve um d\u00e9ficit\/preju\u00edzo em 2021, de mais de R$ 500 milh\u00f5es e continua com d\u00e9ficit mensal de mais de R$ 70 milh\u00f5es.<br \/>\nO grande problema surge com o congelamento dos sal\u00e1rios dos servidores estaduais h\u00e1 8 anos, e a contribui\u00e7\u00e3o de al\u00edquotas muito baixas, de 3,1% tanto pelo lado do trabalhador, quanto do lado patronal, ou seja, servidores estaduais tem direito ao IP\u00ca Sa\u00fade familiar, tendo uma contribui\u00e7\u00e3o de 6,2% entre as partes. Al\u00e9m deste problema temos o Governo Leite, que a exemplo do governo Sartori, atrasa os repasses para o IP\u00ca, e delapidam o patrim\u00f4nio do IP\u00ca, vendendo-o sem que estes recursos entrem efetivamente no caixa do IP\u00ca Sa\u00fade.<br \/>\nTemos mais de 300 munic\u00edpios e C\u00e2maras de Vereadores que tamb\u00e9m possuem conv\u00eanio com o IP\u00ca Sa\u00fade, que tem acompanhamento com c\u00e1lculos atuariais, e trazem a realidade de percentuais muito elevados de contribui\u00e7\u00e3o para ter direito ao Plano de Sa\u00fade Ip\u00ea. As menores al\u00edquotas est\u00e3o em 13,6%, por\u00e9m temos casos de munic\u00edpios que chegam ao patamar de 40% sobre a folha de pagamento para ter direito ao Plano de Sa\u00fade familiar do Ip\u00ea.<br \/>\nNa fala que o presidente Vilson fez, na reuni\u00e3o virtual, al\u00e9m das quest\u00f5es mencionadas acima, levantou a not\u00edcia que o Governador traz para a popula\u00e7\u00e3o que tem super\u00e1vit de 2,55 bilh\u00f5es de reais, e ao mesmo tempo deve para o IP\u00ca Sa\u00fade, demonstrando o descaso que tem com o Instituto que atende mais de um milh\u00e3o de vidas atrav\u00e9s do Plano de Sa\u00fade.<br \/>\nSegue texto que foi escrito pelo Presidente da FESSERGS sobre a reuni\u00e3o.<br \/>\n\u201cREUNI\u00c3O COM PRESIDENTE DO IPE SA\u00daDE: SEM RESPOSTAS<br \/>\nA reuni\u00e3o realizada nesta tarde com o Presidente do IPE SA\u00daDE, s\u00f3 trouxe mais not\u00edcias ruins que confirmam o estrangulamento financeiro do Instituto.<br \/>\nAno passado, o IPE Sa\u00fade teve desembolso adicional de 500 milh\u00f5es por conta da COVID, sem receber nenhum aporte do governo em seu or\u00e7amento. Hoje, o d\u00e9ficit mensal \u00e9 de 70 milh\u00f5es\/m\u00eas.<br \/>\nEnquanto isso, o governo do Estado atrasa repasses mensais das contribui\u00e7\u00f5es sistematicamente e reduz o or\u00e7amento em 200 milh\u00f5es de reais: em contrapartida, anuncia super\u00e1vit de 2,55 bilh\u00f5es!<br \/>\nA Fessergs e o F\u00f3rum Permanente em Defesa do IPE SA\u00daDE destacam que a solu\u00e7\u00e3o para a crise financeira do Instituto passa pelo Reajuste Geral Anual dos sal\u00e1rios dos servidores, congelados h\u00e1 8 anos e que por tabela se reflete no encurtamento das receitas do IPE, bem como a normaliza\u00e7\u00e3o dos repasses do governo, al\u00e9m de mudan\u00e7as estruturais necess\u00e1rias.<br \/>\nApelamos para uma solu\u00e7\u00e3o imediata que n\u00e3o penalize ainda mais os segurados que n\u00e3o tem as m\u00ednimas condi\u00e7\u00f5es de aumentar suas contribui\u00e7\u00f5es sem nenhuma reposi\u00e7\u00e3o salarial.<br \/>\nE solicitamos nova reuni\u00e3o com o Governo, atrav\u00e9s da Secretaria da Administra\u00e7\u00e3o, respons\u00e1vel pelo IPE.<br \/>\nQuanto ao desembarque dos cirurgi\u00f5es, a dire\u00e7\u00e3o disse que j\u00e1 aguardava e demonstrou que n\u00e3o tem no\u00e7\u00e3o do que fazer, o que nos causa indigna\u00e7\u00e3o. https:\/\/www.facebook.com\/FESSERGS<br \/>\nS\u00e9rgio Arnoud \/ Presidente da Fessergs e CSB RS<br \/>\nAl\u00e9m de n\u00e3o termos mais ANESTESISTAS credenciados, agora outras especialidades est\u00e3o se organizando e n\u00e3o aguentam o congelamento das al\u00edquotas e atrasos nos pagamentos. Muito preocupados estamos pedindo SOCORRO. A quem interessa este sucateamento do IP\u00ca Sa\u00fade? Vejam mat\u00e9ria baixo.<br \/>\n\u201cCirurgi\u00f5es cardiovasculares decidem n\u00e3o atender mais pelo IPE Sa\u00fade<br \/>\nNota publicada por entidades m\u00e9dicas do Rio Grande do Sul informa que os cirurgi\u00f5es cardiovasculares credenciados junto ao IPE Sa\u00fade ir\u00e3o atender apenas emerg\u00eancias pelo plano.<br \/>\n\u201cInformamos que os cirurgi\u00f5es continuar\u00e3o exercendo seu mister, fazendo seus atendimentos em car\u00e1ter particular, observando valores compat\u00edveis com a realidade, sempre ressalvando que as situa\u00e7\u00f5es de emerg\u00eancia ser\u00e3o atendidas sem qualquer ressalva, como \u00e9 usual na boa pr\u00e1tica m\u00e9dica e da \u00edndole de cada m\u00e9dico\u201d, diz a nota.<br \/>\nO SINDICAIXA considera esta situa\u00e7\u00e3o desastrosa para o conjunto do funcionalismo. Eduardo Leite segue com sua pol\u00edtica de sucateamento do IPE Sa\u00fade com vistas a sua privatiza\u00e7\u00e3o. \u201cComo ficam os colegas que est\u00e3o em tratamento? Como deixaram chegar a este ponto?\u201d Questiona o presidente \u00c9rico Corr\u00eaa.<br \/>\nEmbora devamos reconhecer o direito dos m\u00e9dicos de reivindicar seus direitos, esta decis\u00e3o prejudica muitos servidores que, obviamente, n\u00e3o t\u00eam condi\u00e7\u00f5es financeiras de arcar com despesas particulares, sobretudo em uma \u00e1rea t\u00e3o delicada da medicina.<br \/>\nEntre servidores do estado, de munic\u00edpios, \u00f3rg\u00e3os e empresas p\u00fablicas e dependentes, o IPE Sa\u00fade atende, atualmente, cerca de um milh\u00e3o de pessoas, que, segundo a nota, ter\u00e3o atendimentos apenas para consultas e procedimentos de emerg\u00eancia.<br \/>\nO governo Leite deve urgentemente resolver esta situa\u00e7\u00e3o. Os servidores amargam j\u00e1 oito anos de congelamento dos sal\u00e1rios e, a cada dia que passa, veem seus direitos desaparecer.\u201d https:\/\/www.sindicaixars.org.br\/noticias\/detalhe\/3635\/cirurgioes-cardiovasculares-decidem-nao-atender-mais-pelo-ipe-saude#<\/p>\n","protected":false},"excerpt":{"rendered":"<p>I IPE SA\u00daDE EST\u00c1 NA UTI Socorro!!! O presidente da FEMERGS \u2013 Vilson Jo\u00e3o Weber, que tamb\u00e9m \u00e9 vice-presidente da CSB \/RS e integrante do F\u00f3rum Permanente em Defesa do IP\u00ca Sa\u00fade, participou de uma reuni\u00e3o virtual com o presidente do Ip\u00ea Sa\u00fade Sr. J\u00falio Ruivo, e infelizmente tivemos a confirma\u00e7\u00e3o, de que o IP\u00ca [&hellip;]<\/p>\n","protected":false},"author":1,"featured_media":1927,"comment_status":"closed","ping_status":"closed","sticky":false,"template":"","format":"standard","meta":{"_eb_attr":"","_uag_custom_page_level_css":"","fifu_image_url":"https:\/\/femergs.com.br\/Im4g3nsN0t1cia\/geral\/images\/IPE_SAUDE.png","fifu_image_alt":"","footnotes":""},"categories":[7],"tags":[32],"class_list":["post-1296","post","type-post","status-publish","format-standard","has-post-thumbnail","hentry","category-noticias","tag-null"],"yoast_head":"<!-- This site is optimized with the Yoast SEO plugin v27.1.1 - https:\/\/yoast.com\/product\/yoast-seo-wordpress\/ -->\n<title>IPE SA\u00daDE ESTA NA UTI - Federa\u00e7\u00e3o dos Municip\u00e1rios do Estado do Rio Grande do Sul<\/title>\n<meta name=\"robots\" content=\"index, follow, max-snippet:-1, max-image-preview:large, max-video-preview:-1\" \/>\n<link rel=\"canonical\" href=\"https:\/\/femergs.com.br\/wfe\/blog\/ipe-saude-esta-na-uti\/\" \/>\n<meta property=\"og:locale\" content=\"pt_BR\" \/>\n<meta property=\"og:type\" content=\"article\" \/>\n<meta property=\"og:title\" content=\"IPE SA\u00daDE ESTA NA UTI - Federa\u00e7\u00e3o dos Municip\u00e1rios do Estado do Rio Grande do Sul\" \/>\n<meta property=\"og:description\" content=\"I IPE SA\u00daDE EST\u00c1 NA UTI Socorro!!! O presidente da FEMERGS \u2013 Vilson Jo\u00e3o Weber, que tamb\u00e9m \u00e9 vice-presidente da CSB \/RS e integrante do F\u00f3rum Permanente em Defesa do IP\u00ca Sa\u00fade, participou de uma reuni\u00e3o virtual com o presidente do Ip\u00ea Sa\u00fade Sr. J\u00falio Ruivo, e infelizmente tivemos a confirma\u00e7\u00e3o, de que o IP\u00ca [&hellip;]\" \/>\n<meta property=\"og:url\" content=\"https:\/\/femergs.com.br\/wfe\/blog\/ipe-saude-esta-na-uti\/\" \/>\n<meta property=\"og:site_name\" content=\"Federa\u00e7\u00e3o dos Municip\u00e1rios do Estado do Rio Grande do Sul\" \/>\n<meta property=\"article:publisher\" content=\"https:\/\/www.facebook.com\/profile.php?id=100057151733001\" \/>\n<meta property=\"article:published_time\" content=\"2022-04-11T17:18:56+00:00\" \/>\n<meta property=\"article:modified_time\" content=\"2025-09-02T20:00:06+00:00\" \/>\n<meta property=\"og:image\" content=\"https:\/\/femergs.com.br\/Im4g3nsN0t1cia\/geral\/images\/IPE_SAUDE.png\" \/>\n<meta name=\"author\" content=\"adminfemergs\" \/>\n<meta name=\"twitter:card\" content=\"summary_large_image\" \/>\n<meta name=\"twitter:image\" content=\"https:\/\/femergs.com.br\/Im4g3nsN0t1cia\/geral\/images\/IPE_SAUDE.png\" \/>\n<meta name=\"twitter:label1\" content=\"Escrito por\" \/>\n\t<meta name=\"twitter:data1\" content=\"adminfemergs\" \/>\n\t<meta name=\"twitter:label2\" content=\"Est. tempo de leitura\" \/>\n\t<meta name=\"twitter:data2\" content=\"5 minutos\" \/>\n<script type=\"application\/ld+json\" class=\"yoast-schema-graph\">{\"@context\":\"https:\/\/schema.org\",\"@graph\":[{\"@type\":\"Article\",\"@id\":\"https:\/\/femergs.com.br\/wfe\/blog\/ipe-saude-esta-na-uti\/#article\",\"isPartOf\":{\"@id\":\"https:\/\/femergs.com.br\/wfe\/blog\/ipe-saude-esta-na-uti\/\"},\"author\":{\"name\":\"adminfemergs\",\"@id\":\"https:\/\/femergs.com.br\/wfe\/#\/schema\/person\/f5558e6b5ffc044ee085016237dedb7f\"},\"headline\":\"IPE SA\u00daDE ESTA NA UTI\",\"datePublished\":\"2022-04-11T17:18:56+00:00\",\"dateModified\":\"2025-09-02T20:00:06+00:00\",\"mainEntityOfPage\":{\"@id\":\"https:\/\/femergs.com.br\/wfe\/blog\/ipe-saude-esta-na-uti\/\"},\"wordCount\":943,\"publisher\":{\"@id\":\"https:\/\/femergs.com.br\/wfe\/#organization\"},\"image\":{\"@id\":\"https:\/\/femergs.com.br\/wfe\/blog\/ipe-saude-esta-na-uti\/#primaryimage\"},\"thumbnailUrl\":\"https:\/\/i0.wp.com\/femergs.com.br\/Im4g3nsN0t1cia\/geral\/images\/IPE_SAUDE.png?ssl=1\",\"keywords\":[\"NULL\"],\"articleSection\":[\"Not\u00edcias Gerais\"],\"inLanguage\":\"pt-BR\"},{\"@type\":\"WebPage\",\"@id\":\"https:\/\/femergs.com.br\/wfe\/blog\/ipe-saude-esta-na-uti\/\",\"url\":\"https:\/\/femergs.com.br\/wfe\/blog\/ipe-saude-esta-na-uti\/\",\"name\":\"IPE SA\u00daDE ESTA NA UTI - Federa\u00e7\u00e3o dos Municip\u00e1rios do Estado do Rio Grande do Sul\",\"isPartOf\":{\"@id\":\"https:\/\/femergs.com.br\/wfe\/#website\"},\"primaryImageOfPage\":{\"@id\":\"https:\/\/femergs.com.br\/wfe\/blog\/ipe-saude-esta-na-uti\/#primaryimage\"},\"image\":{\"@id\":\"https:\/\/femergs.com.br\/wfe\/blog\/ipe-saude-esta-na-uti\/#primaryimage\"},\"thumbnailUrl\":\"https:\/\/i0.wp.com\/femergs.com.br\/Im4g3nsN0t1cia\/geral\/images\/IPE_SAUDE.png?ssl=1\",\"datePublished\":\"2022-04-11T17:18:56+00:00\",\"dateModified\":\"2025-09-02T20:00:06+00:00\",\"breadcrumb\":{\"@id\":\"https:\/\/femergs.com.br\/wfe\/blog\/ipe-saude-esta-na-uti\/#breadcrumb\"},\"inLanguage\":\"pt-BR\",\"potentialAction\":[{\"@type\":\"ReadAction\",\"target\":[\"https:\/\/femergs.com.br\/wfe\/blog\/ipe-saude-esta-na-uti\/\"]}]},{\"@type\":\"ImageObject\",\"inLanguage\":\"pt-BR\",\"@id\":\"https:\/\/femergs.com.br\/wfe\/blog\/ipe-saude-esta-na-uti\/#primaryimage\",\"url\":\"https:\/\/i0.wp.com\/femergs.com.br\/Im4g3nsN0t1cia\/geral\/images\/IPE_SAUDE.png?ssl=1\",\"contentUrl\":\"https:\/\/i0.wp.com\/femergs.com.br\/Im4g3nsN0t1cia\/geral\/images\/IPE_SAUDE.png?ssl=1\"},{\"@type\":\"BreadcrumbList\",\"@id\":\"https:\/\/femergs.com.br\/wfe\/blog\/ipe-saude-esta-na-uti\/#breadcrumb\",\"itemListElement\":[{\"@type\":\"ListItem\",\"position\":1,\"name\":\"In\u00edcio\",\"item\":\"https:\/\/femergs.com.br\/wfe\/\"},{\"@type\":\"ListItem\",\"position\":2,\"name\":\"IPE SA\u00daDE ESTA NA UTI\"}]},{\"@type\":\"WebSite\",\"@id\":\"https:\/\/femergs.com.br\/wfe\/#website\",\"url\":\"https:\/\/femergs.com.br\/wfe\/\",\"name\":\"FEMERGS\",\"description\":\"FEDERA\u00c7\u00c3O DOS MUNICIP\u00c1RIOS DO ESTADO DO RIO GRANDE DO SUL\",\"publisher\":{\"@id\":\"https:\/\/femergs.com.br\/wfe\/#organization\"},\"potentialAction\":[{\"@type\":\"SearchAction\",\"target\":{\"@type\":\"EntryPoint\",\"urlTemplate\":\"https:\/\/femergs.com.br\/wfe\/?s={search_term_string}\"},\"query-input\":{\"@type\":\"PropertyValueSpecification\",\"valueRequired\":true,\"valueName\":\"search_term_string\"}}],\"inLanguage\":\"pt-BR\"},{\"@type\":\"Organization\",\"@id\":\"https:\/\/femergs.com.br\/wfe\/#organization\",\"name\":\"FEMERGS\",\"url\":\"https:\/\/femergs.com.br\/wfe\/\",\"logo\":{\"@type\":\"ImageObject\",\"inLanguage\":\"pt-BR\",\"@id\":\"https:\/\/femergs.com.br\/wfe\/#\/schema\/logo\/image\/\",\"url\":\"https:\/\/femergs.com.br\/wfe\/wp-content\/uploads\/2025\/06\/logotipo.png\",\"contentUrl\":\"https:\/\/femergs.com.br\/wfe\/wp-content\/uploads\/2025\/06\/logotipo.png\",\"width\":500,\"height\":500,\"caption\":\"FEMERGS\"},\"image\":{\"@id\":\"https:\/\/femergs.com.br\/wfe\/#\/schema\/logo\/image\/\"},\"sameAs\":[\"https:\/\/www.facebook.com\/profile.php?id=100057151733001\",\"https:\/\/www.instagram.com\/femergs_rs\/\"]},{\"@type\":\"Person\",\"@id\":\"https:\/\/femergs.com.br\/wfe\/#\/schema\/person\/f5558e6b5ffc044ee085016237dedb7f\",\"name\":\"adminfemergs\",\"image\":{\"@type\":\"ImageObject\",\"inLanguage\":\"pt-BR\",\"@id\":\"https:\/\/femergs.com.br\/wfe\/#\/schema\/person\/image\/\",\"url\":\"https:\/\/secure.gravatar.com\/avatar\/398642fa557cdd524617ad9b31c938845f071aeb3448b9c0aeb29aefc495337b?s=96&d=mm&r=g\",\"contentUrl\":\"https:\/\/secure.gravatar.com\/avatar\/398642fa557cdd524617ad9b31c938845f071aeb3448b9c0aeb29aefc495337b?s=96&d=mm&r=g\",\"caption\":\"adminfemergs\"},\"sameAs\":[\"https:\/\/femergs.com.br\/wfe\"],\"url\":\"https:\/\/femergs.com.br\/wfe\/blog\/author\/adminfemergs\/\"}]}<\/script>\n<!-- \/ Yoast SEO plugin. -->","yoast_head_json":{"title":"IPE SA\u00daDE ESTA NA UTI - Federa\u00e7\u00e3o dos Municip\u00e1rios do Estado do Rio Grande do Sul","robots":{"index":"index","follow":"follow","max-snippet":"max-snippet:-1","max-image-preview":"max-image-preview:large","max-video-preview":"max-video-preview:-1"},"canonical":"https:\/\/femergs.com.br\/wfe\/blog\/ipe-saude-esta-na-uti\/","og_locale":"pt_BR","og_type":"article","og_title":"IPE SA\u00daDE ESTA NA UTI - Federa\u00e7\u00e3o dos Municip\u00e1rios do Estado do Rio Grande do Sul","og_description":"I IPE SA\u00daDE EST\u00c1 NA UTI Socorro!!! O presidente da FEMERGS \u2013 Vilson Jo\u00e3o Weber, que tamb\u00e9m \u00e9 vice-presidente da CSB \/RS e integrante do F\u00f3rum Permanente em Defesa do IP\u00ca Sa\u00fade, participou de uma reuni\u00e3o virtual com o presidente do Ip\u00ea Sa\u00fade Sr. J\u00falio Ruivo, e infelizmente tivemos a confirma\u00e7\u00e3o, de que o IP\u00ca [&hellip;]","og_url":"https:\/\/femergs.com.br\/wfe\/blog\/ipe-saude-esta-na-uti\/","og_site_name":"Federa\u00e7\u00e3o dos Municip\u00e1rios do Estado do Rio Grande do Sul","article_publisher":"https:\/\/www.facebook.com\/profile.php?id=100057151733001","article_published_time":"2022-04-11T17:18:56+00:00","article_modified_time":"2025-09-02T20:00:06+00:00","og_image":[{"url":"https:\/\/femergs.com.br\/Im4g3nsN0t1cia\/geral\/images\/IPE_SAUDE.png","type":"","width":"","height":""}],"author":"adminfemergs","twitter_card":"summary_large_image","twitter_image":"https:\/\/femergs.com.br\/Im4g3nsN0t1cia\/geral\/images\/IPE_SAUDE.png","twitter_misc":{"Escrito por":"adminfemergs","Est. tempo de leitura":"5 minutos"},"schema":{"@context":"https:\/\/schema.org","@graph":[{"@type":"Article","@id":"https:\/\/femergs.com.br\/wfe\/blog\/ipe-saude-esta-na-uti\/#article","isPartOf":{"@id":"https:\/\/femergs.com.br\/wfe\/blog\/ipe-saude-esta-na-uti\/"},"author":{"name":"adminfemergs","@id":"https:\/\/femergs.com.br\/wfe\/#\/schema\/person\/f5558e6b5ffc044ee085016237dedb7f"},"headline":"IPE SA\u00daDE ESTA NA UTI","datePublished":"2022-04-11T17:18:56+00:00","dateModified":"2025-09-02T20:00:06+00:00","mainEntityOfPage":{"@id":"https:\/\/femergs.com.br\/wfe\/blog\/ipe-saude-esta-na-uti\/"},"wordCount":943,"publisher":{"@id":"https:\/\/femergs.com.br\/wfe\/#organization"},"image":{"@id":"https:\/\/femergs.com.br\/wfe\/blog\/ipe-saude-esta-na-uti\/#primaryimage"},"thumbnailUrl":"https:\/\/i0.wp.com\/femergs.com.br\/Im4g3nsN0t1cia\/geral\/images\/IPE_SAUDE.png?ssl=1","keywords":["NULL"],"articleSection":["Not\u00edcias Gerais"],"inLanguage":"pt-BR"},{"@type":"WebPage","@id":"https:\/\/femergs.com.br\/wfe\/blog\/ipe-saude-esta-na-uti\/","url":"https:\/\/femergs.com.br\/wfe\/blog\/ipe-saude-esta-na-uti\/","name":"IPE SA\u00daDE ESTA NA UTI - Federa\u00e7\u00e3o dos Municip\u00e1rios do Estado do Rio Grande do Sul","isPartOf":{"@id":"https:\/\/femergs.com.br\/wfe\/#website"},"primaryImageOfPage":{"@id":"https:\/\/femergs.com.br\/wfe\/blog\/ipe-saude-esta-na-uti\/#primaryimage"},"image":{"@id":"https:\/\/femergs.com.br\/wfe\/blog\/ipe-saude-esta-na-uti\/#primaryimage"},"thumbnailUrl":"https:\/\/i0.wp.com\/femergs.com.br\/Im4g3nsN0t1cia\/geral\/images\/IPE_SAUDE.png?ssl=1","datePublished":"2022-04-11T17:18:56+00:00","dateModified":"2025-09-02T20:00:06+00:00","breadcrumb":{"@id":"https:\/\/femergs.com.br\/wfe\/blog\/ipe-saude-esta-na-uti\/#breadcrumb"},"inLanguage":"pt-BR","potentialAction":[{"@type":"ReadAction","target":["https:\/\/femergs.com.br\/wfe\/blog\/ipe-saude-esta-na-uti\/"]}]},{"@type":"ImageObject","inLanguage":"pt-BR","@id":"https:\/\/femergs.com.br\/wfe\/blog\/ipe-saude-esta-na-uti\/#primaryimage","url":"https:\/\/i0.wp.com\/femergs.com.br\/Im4g3nsN0t1cia\/geral\/images\/IPE_SAUDE.png?ssl=1","contentUrl":"https:\/\/i0.wp.com\/femergs.com.br\/Im4g3nsN0t1cia\/geral\/images\/IPE_SAUDE.png?ssl=1"},{"@type":"BreadcrumbList","@id":"https:\/\/femergs.com.br\/wfe\/blog\/ipe-saude-esta-na-uti\/#breadcrumb","itemListElement":[{"@type":"ListItem","position":1,"name":"In\u00edcio","item":"https:\/\/femergs.com.br\/wfe\/"},{"@type":"ListItem","position":2,"name":"IPE SA\u00daDE ESTA NA UTI"}]},{"@type":"WebSite","@id":"https:\/\/femergs.com.br\/wfe\/#website","url":"https:\/\/femergs.com.br\/wfe\/","name":"FEMERGS","description":"FEDERA\u00c7\u00c3O DOS MUNICIP\u00c1RIOS DO ESTADO DO RIO GRANDE DO SUL","publisher":{"@id":"https:\/\/femergs.com.br\/wfe\/#organization"},"potentialAction":[{"@type":"SearchAction","target":{"@type":"EntryPoint","urlTemplate":"https:\/\/femergs.com.br\/wfe\/?s={search_term_string}"},"query-input":{"@type":"PropertyValueSpecification","valueRequired":true,"valueName":"search_term_string"}}],"inLanguage":"pt-BR"},{"@type":"Organization","@id":"https:\/\/femergs.com.br\/wfe\/#organization","name":"FEMERGS","url":"https:\/\/femergs.com.br\/wfe\/","logo":{"@type":"ImageObject","inLanguage":"pt-BR","@id":"https:\/\/femergs.com.br\/wfe\/#\/schema\/logo\/image\/","url":"https:\/\/femergs.com.br\/wfe\/wp-content\/uploads\/2025\/06\/logotipo.png","contentUrl":"https:\/\/femergs.com.br\/wfe\/wp-content\/uploads\/2025\/06\/logotipo.png","width":500,"height":500,"caption":"FEMERGS"},"image":{"@id":"https:\/\/femergs.com.br\/wfe\/#\/schema\/logo\/image\/"},"sameAs":["https:\/\/www.facebook.com\/profile.php?id=100057151733001","https:\/\/www.instagram.com\/femergs_rs\/"]},{"@type":"Person","@id":"https:\/\/femergs.com.br\/wfe\/#\/schema\/person\/f5558e6b5ffc044ee085016237dedb7f","name":"adminfemergs","image":{"@type":"ImageObject","inLanguage":"pt-BR","@id":"https:\/\/femergs.com.br\/wfe\/#\/schema\/person\/image\/","url":"https:\/\/secure.gravatar.com\/avatar\/398642fa557cdd524617ad9b31c938845f071aeb3448b9c0aeb29aefc495337b?s=96&d=mm&r=g","contentUrl":"https:\/\/secure.gravatar.com\/avatar\/398642fa557cdd524617ad9b31c938845f071aeb3448b9c0aeb29aefc495337b?s=96&d=mm&r=g","caption":"adminfemergs"},"sameAs":["https:\/\/femergs.com.br\/wfe"],"url":"https:\/\/femergs.com.br\/wfe\/blog\/author\/adminfemergs\/"}]}},"uagb_featured_image_src":{"full":["https:\/\/i0.wp.com\/femergs.com.br\/Im4g3nsN0t1cia\/geral\/images\/IPE_SAUDE.png?ssl=1",0,0,false],"thumbnail":["https:\/\/i3.wp.com\/femergs.com.br\/Im4g3nsN0t1cia\/geral\/images\/IPE_SAUDE.png?w=150&resize=150,150&ssl=1",150,150,true],"medium":["https:\/\/i3.wp.com\/femergs.com.br\/Im4g3nsN0t1cia\/geral\/images\/IPE_SAUDE.png?w=300&resize=300,300&ssl=1",300,300,true],"medium_large":["https:\/\/i3.wp.com\/femergs.com.br\/Im4g3nsN0t1cia\/geral\/images\/IPE_SAUDE.png?w=768&resize=768,0&ssl=1",768,0,true],"large":["https:\/\/i3.wp.com\/femergs.com.br\/Im4g3nsN0t1cia\/geral\/images\/IPE_SAUDE.png?w=1024&resize=1024,1024&ssl=1",1024,1024,true],"1536x1536":["https:\/\/i3.wp.com\/femergs.com.br\/Im4g3nsN0t1cia\/geral\/images\/IPE_SAUDE.png?w=1536&resize=1536,1536&ssl=1",1536,1536,true],"2048x2048":["https:\/\/i3.wp.com\/femergs.com.br\/Im4g3nsN0t1cia\/geral\/images\/IPE_SAUDE.png?w=2048&resize=2048,2048&ssl=1",2048,2048,true],"ultp_layout_landscape_large":["https:\/\/i3.wp.com\/femergs.com.br\/Im4g3nsN0t1cia\/geral\/images\/IPE_SAUDE.png?w=1200&resize=1200,800&ssl=1",1200,800,true],"ultp_layout_landscape":["https:\/\/i3.wp.com\/femergs.com.br\/Im4g3nsN0t1cia\/geral\/images\/IPE_SAUDE.png?w=870&resize=870,570&ssl=1",870,570,true],"ultp_layout_portrait":["https:\/\/i3.wp.com\/femergs.com.br\/Im4g3nsN0t1cia\/geral\/images\/IPE_SAUDE.png?w=600&resize=600,900&ssl=1",600,900,true],"ultp_layout_square":["https:\/\/i3.wp.com\/femergs.com.br\/Im4g3nsN0t1cia\/geral\/images\/IPE_SAUDE.png?w=600&resize=600,600&ssl=1",600,600,true]},"uagb_author_info":{"display_name":"adminfemergs","author_link":"https:\/\/femergs.com.br\/wfe\/blog\/author\/adminfemergs\/"},"uagb_comment_info":0,"uagb_excerpt":"I IPE SA\u00daDE EST\u00c1 NA UTI Socorro!!! O presidente da FEMERGS \u2013 Vilson Jo\u00e3o Weber, que tamb\u00e9m \u00e9 vice-presidente da CSB \/RS e integrante do F\u00f3rum Permanente em Defesa do IP\u00ca Sa\u00fade, participou de uma reuni\u00e3o virtual com o presidente do Ip\u00ea Sa\u00fade Sr. J\u00falio Ruivo, e infelizmente tivemos a confirma\u00e7\u00e3o, de que o IP\u00ca&hellip;","_links":{"self":[{"href":"https:\/\/femergs.com.br\/wfe\/wp-json\/wp\/v2\/posts\/1296","targetHints":{"allow":["GET"]}}],"collection":[{"href":"https:\/\/femergs.com.br\/wfe\/wp-json\/wp\/v2\/posts"}],"about":[{"href":"https:\/\/femergs.com.br\/wfe\/wp-json\/wp\/v2\/types\/post"}],"author":[{"embeddable":true,"href":"https:\/\/femergs.com.br\/wfe\/wp-json\/wp\/v2\/users\/1"}],"replies":[{"embeddable":true,"href":"https:\/\/femergs.com.br\/wfe\/wp-json\/wp\/v2\/comments?post=1296"}],"version-history":[{"count":1,"href":"https:\/\/femergs.com.br\/wfe\/wp-json\/wp\/v2\/posts\/1296\/revisions"}],"predecessor-version":[{"id":1514,"href":"https:\/\/femergs.com.br\/wfe\/wp-json\/wp\/v2\/posts\/1296\/revisions\/1514"}],"wp:featuredmedia":[{"embeddable":true,"href":"https:\/\/femergs.com.br\/wfe\/wp-json\/wp\/v2\/media\/1927"}],"wp:attachment":[{"href":"https:\/\/femergs.com.br\/wfe\/wp-json\/wp\/v2\/media?parent=1296"}],"wp:term":[{"taxonomy":"category","embeddable":true,"href":"https:\/\/femergs.com.br\/wfe\/wp-json\/wp\/v2\/categories?post=1296"},{"taxonomy":"post_tag","embeddable":true,"href":"https:\/\/femergs.com.br\/wfe\/wp-json\/wp\/v2\/tags?post=1296"}],"curies":[{"name":"wp","href":"https:\/\/api.w.org\/{rel}","templated":true}]}}