{"id":1297,"date":"2022-04-19T13:29:39","date_gmt":"2022-04-19T13:29:39","guid":{"rendered":"https:\/\/femergs.com.br\/wfe\/blog\/nota-oficial-de-orientacao-ao-magisterio-municipal-da-diretora-de-educacao-femergs\/"},"modified":"2025-09-02T20:00:05","modified_gmt":"2025-09-02T20:00:05","slug":"nota-oficial-de-orientacao-ao-magisterio-municipal-da-diretora-de-educacao-femergs","status":"publish","type":"post","link":"https:\/\/femergs.com.br\/wfe\/blog\/nota-oficial-de-orientacao-ao-magisterio-municipal-da-diretora-de-educacao-femergs\/","title":{"rendered":"NOTA OFICIAL DE ORIENTA\u00c7\u00c3O AO MAGISTERIO MUNICIPAL DA DIRETORA DE EDUCA\u00c7\u00c3O FEMERGS."},"content":{"rendered":"<div>\n<p><em><strong><img decoding=\"async\" src=\"data:image\/gif;base64,R0lGODlhAQABAIAAAAAAAP\/\/\/ywAAAAAAQABAAACAUwAOw==\" fifu-lazy=\"1\" fifu-data-sizes=\"auto\" fifu-data-srcset=\"\/Im4g3nsN0t1cia\/geral\/images\/Cartao_Digital_Interativo.png?w=75&resize=75&ssl=1 75w, \/Im4g3nsN0t1cia\/geral\/images\/Cartao_Digital_Interativo.png?w=100&resize=100&ssl=1 100w, \/Im4g3nsN0t1cia\/geral\/images\/Cartao_Digital_Interativo.png?w=150&resize=150&ssl=1 150w, \/Im4g3nsN0t1cia\/geral\/images\/Cartao_Digital_Interativo.png?w=240&resize=240&ssl=1 240w, \/Im4g3nsN0t1cia\/geral\/images\/Cartao_Digital_Interativo.png?w=320&resize=320&ssl=1 320w, \/Im4g3nsN0t1cia\/geral\/images\/Cartao_Digital_Interativo.png?w=500&resize=500&ssl=1 500w, \/Im4g3nsN0t1cia\/geral\/images\/Cartao_Digital_Interativo.png?w=640&resize=640&ssl=1 640w, \/Im4g3nsN0t1cia\/geral\/images\/Cartao_Digital_Interativo.png?w=800&resize=800&ssl=1 800w, \/Im4g3nsN0t1cia\/geral\/images\/Cartao_Digital_Interativo.png?w=1024&resize=1024&ssl=1 1024w, \/Im4g3nsN0t1cia\/geral\/images\/Cartao_Digital_Interativo.png?w=1280&resize=1280&ssl=1 1280w, \/Im4g3nsN0t1cia\/geral\/images\/Cartao_Digital_Interativo.png?w=1600&resize=1600&ssl=1 1600w\" alt=\"\" fifu-data-src=\"\/Im4g3nsN0t1cia\/geral\/images\/Cartao_Digital_Interativo.png\" style=\"height:1200px; width:675px\" \/><\/p>\n<p>NOTA OFICIAL DE ORIENTA\u00c7\u00c3O AO MAGISTERIO MUNICIPAL DA DIRETORA DE EDUCA\u00c7\u00c3O FEMERGS.<\/strong><\/em>\n <\/div>\n<div style=\"text-align: center;\"><em><strong>Piso Salarial Profissional Nacional do Magist\u00e9rio P\u00fablico da Educa\u00e7\u00e3o B\u00e1sica \u2013 PSPM<\/strong><\/em><\/div>\n<div style=\"text-align: justify;\"><em><strong>      O Sindicato dos Professores Municipais de Santo \u00c2ngelo \u00e9 terminantemente contr\u00e1rio a qualquer reformula\u00e7\u00e3o do Plano de Carreira do Magist\u00e9rio com o intuito de pagar o Piso, conforme vem sendo orientado aos gestores municipais por certa assessoria jur\u00eddica. Em anos anteriores, essa mesma assessoria jur\u00eddica j\u00e1 orientou o gestor municipal de Santo \u00c2ngelo e o Sindicato buscou judicialmente o pagamento do Piso obtendo \u00eaxito. Sendo que o atual Prefeito Jacques Barbosa repassou mais de tr\u00eas milh\u00f5es de reais aos professores referentes ao pagamento do Piso.<\/p>\n<p>      Desde 2009, ao longo do processo de implementa\u00e7\u00e3o do PSPM- Piso Salarial Profissional Nacional do Magist\u00e9rio P\u00fablico da Educa\u00e7\u00e3o B\u00e1sica- a Lei Federal 11.738\/2008 tem sido objeto de m\u00faltiplos ataques e interpreta\u00e7\u00f5es dos gestores p\u00fablicos, sendo que outra parte a ignora solenemente.<\/p>\n<p>      Vencida a batalha judicial da A\u00e7\u00e3o Direta de Inconstitucionalidade (ADIN) n\u00ba 4.167 que havia sido proposta pelos governadores, os quais sa\u00edram derrotados do processo no Supremo Tribunal Federal (STF), ainda hoje os trabalhadores em educa\u00e7\u00e3o s\u00e3o obrigados a fazer greves e mobiliza\u00e7\u00f5es nacionais, estaduais e municipais para cobrar a correta e imediata aplica\u00e7\u00e3o da Lei do Piso.<\/p>\n<p>      As pesquisas recentes junto aos Sindicatos filiados a FEMERGS, Federa\u00e7\u00e3o dos Municip\u00e1rios do Estado do Rio Grande do Sul, mostram que uma grande parcela dos munic\u00edpios do Rio Grande do Sul n\u00e3o cumpre a Lei do Piso na integralidade. Alguns, observam os vencimentos. Outros, s\u00f3 a jornada com hora-atividade. E tem aqueles que sequer cumprem a Lei.<\/p>\n<p>     Uma das quest\u00f5es mais conflituosas se refere ao \u201cachatamento\u201d pelos administradores p\u00fablicos dos Planos de Carreira do Magist\u00e9rio com: a diminui\u00e7\u00e3o dos vencimentos por n\u00edveis de forma\u00e7\u00e3o; a compress\u00e3o entre as classes e n\u00edveis das tabelas salariais; a supress\u00e3o ou diminui\u00e7\u00e3o dos anu\u00eanios, bi\u00eanios, tri\u00eanios e quinqu\u00eanios; as vantagens devido ao tempo de servi\u00e7o prestado pelos trabalhadores em educa\u00e7\u00e3o; e, a retirada do n\u00edvel m\u00e9dio na modalidade normal para impedir a ascens\u00e3o do piso.<\/p>\n<p>      Os dados revelam que o Brasil, ao longo de sua hist\u00f3ria, enfrenta dificuldades para implementar pol\u00edticas p\u00fablicas para melhorar a remunera\u00e7\u00e3o dos profissionais do magist\u00e9rio p\u00fablico e a qualidade de ensino. Assim, a pol\u00edtica de valoriza\u00e7\u00e3o profissional por meio do Piso Salarial tem se desenvolvido em um contexto em que os gestores estaduais e municipais usam como argumento a insufici\u00eancia de recursos financeiros para justificar o n\u00e3o cumprimento da Lei 11.738\/2008.<\/p>\n<p>      Constantemente \u00e9 noticiado pelos meios de comunica\u00e7\u00e3o a queda do n\u00famero de universit\u00e1rios formados em cursos voltados a disciplina espec\u00edfica ao magist\u00e9rio e a crescente evas\u00e3o dos professores da educa\u00e7\u00e3o p\u00fablica para outras atividades, em raz\u00e3o dos baixos sal\u00e1rios e da desvaloriza\u00e7\u00e3o do profissional do magist\u00e9rio. Essa situa\u00e7\u00e3o \u00e9 contradit\u00f3ria com as necessidades da educa\u00e7\u00e3o brasileira e com as pol\u00edticas direcionadas a progressiva universaliza\u00e7\u00e3o do ensino no pa\u00eds.<\/p>\n<p>      \u00c9 necess\u00e1rio combater as causas dessa evas\u00e3o e da pouca motiva\u00e7\u00e3o dos jovens ao magist\u00e9rio. Ainda, sabese que a Lei 11.738\/2008 n\u00e3o ir\u00e1 resolver sozinha os problemas que se acumularam ao longo de muitas d\u00e9cadas no que se refere a valoriza\u00e7\u00e3o dos profissionais do magist\u00e9rio. Todavia, a sua implementa\u00e7\u00e3o contribuiu muito para que esses profissionais que se afastaram para exercer outras atividades financeiramente mais atraentes retornassem aos quadros da educa\u00e7\u00e3o p\u00fablica.<\/p>\n<p>      A Resolu\u00e7\u00e3o CEB\/CNE n\u00ba 02\/2009, que fixa as diretrizes nacionais para os planos de carreira de remunera\u00e7\u00e3o dos profissionais do magist\u00e9rio da educa\u00e7\u00e3o b\u00e1sica p\u00fablica, aprovada pelo Conselho Nacional de Educa\u00e7\u00e3o e homologada pelo Ministro da educa\u00e7\u00e3o, em seu artigo 4\u00ba, inciso IV, refere que:<br \/>\nArt. 4\u00ba (&#8230;) IV \u2013 reconhecimento da import\u00e2ncia da carreira dos profissionais do magist\u00e9rio p\u00fablico e desenvolvimento de a\u00e7\u00f5es que visem a equipara\u00e7\u00e3o salarial com outras carreiras profissionais de forma\u00e7\u00e3o semelhantes;<br \/>\n      Al\u00e9m disso, o Plano Nacional de Educa\u00e7\u00e3o (PNE) contempla a valoriza\u00e7\u00e3o dos profissionais do magist\u00e9rio, nos termos das diretrizes para carreira.<\/p>\n<p>    \u00c9 not\u00f3rio que o Piso Salarial Nacional n\u00e3o tem atingido o objetivo de equipara\u00e7\u00e3o salarial com outros profissionais do mesmo n\u00edvel de forma\u00e7\u00e3o, mas estabelece um novo patamar a partir do qual se pode persegui-lo, da mesma forma destina no m\u00ednimo 1\/3 da jornada de trabalho para atividade extraclasse.<\/p>\n<p>     O argumento que os prefeitos usam para n\u00e3o pagar o Piso \u00e9 que n\u00e3o teriam dinheiro, mas isso \u00e9 mentira!! O dinheiro vem atrav\u00e9s do valor-aluno FUNDEB que entra para os munic\u00edpios e Estados onde do total no M\u00cdNIMO 70% \u00e9 para o pagamento dos profissionais do magist\u00e9rio.<\/p>\n<p>     Importante referir que em 2020 o custo-aluno era de R$ 3.349,56, sendo que em 2021 foi para R$ 4.397,91, essa foi a m\u00e9dia nacional. No Rio Grande do Sul o Estado e os munic\u00edpios receberam por cada aluno atendido R$ 5.935,84, bem mais que a m\u00e9dia nacional. Lembramos que em 2021 o Piso ficou congelado pela Lei 173, mas o valoraluno n\u00e3o, onde foi constatado no final do exerc\u00edcio de 2021 que muitos munic\u00edpios tiveram dificuldades para alcan\u00e7ar o percentual de 25% em educa\u00e7\u00e3o, bem como os 70% com pagamento dos profissionais da educa\u00e7\u00e3o.<\/p>\n<p>     Ademais, a Lei do FUNDEB garante que se o Estado ou munic\u00edpios n\u00e3o tiverem recursos suficientes para pagamento do Piso, o governo federal dever\u00e1 complementar a diferen\u00e7a\/insufici\u00eancia de recursos. Todavia, para conseguir essa complementa\u00e7\u00e3o federal um dos requisitos \u00e9 que o Estado ou munic\u00edpio possuam um Plano de Carreira com valoriza\u00e7\u00e3o da categoria.<\/p>\n<p>   Em suma, precisamos reconhecer que a Lei 11.738\/2008 \u00e9 mais uma contribui\u00e7\u00e3o ao processo de valoriza\u00e7\u00e3o dos profissionais do magist\u00e9rio e da melhoria da qualidade de ensino. E devido a sua for\u00e7a normativa, ela n\u00e3o pode ser ignorada ou descumprida pelos entes federados, sen\u00e3o, os representantes da categoria (Sindicatos) dever\u00e3o buscar judicialmente a sua aplicabilidade e cumprimento.<\/p>\n<p>     O reajuste do Piso do Magist\u00e9rio no ano de 2022 foi de 33.24%, elevando o seu valor para R$ 3.845,63 para uma jornada de 40h, onde o professor de 20h recebe no seu inicial R$ 1.922,81. Portanto, isso nem se compara a um \u201cbom\u201d sal\u00e1rio.<\/p>\n<p>     Portanto, cabe a todos os \u00f3rg\u00e3os do Estado brasileiro cumpri-la e faz\u00ea-la cumprir sob pena de tornar \u201cletra morta\u201d uma Lei que \u00e9 resultado de luta dos professores e da cumula\u00e7\u00e3o de esfor\u00e7os das autoridades educacionais, gestores, profissionais da educa\u00e7\u00e3o e outros seguimentos sociais comprometidos com a qualidade da educa\u00e7\u00e3o e os direitos das nossas crian\u00e7as e jovens, bem como comprometimento com o ensino de qualidade.<\/p>\n<p>    Repudiamos qualquer a\u00e7\u00e3o dos gestores no intuito de alterar os Planos de Carreira usando os recursos que j\u00e1 est\u00e1 sendo pago aos professores para mascarar o cumprimento da Lei do Piso Nacional.<\/strong><\/em><\/p><\/div>\n<div style=\"text-align: center;\"><strong>Rosani Maria Lima Stocker\/ Presidente do Sindicato dos Professores Municipais de Santo \u00c2ngelo<\/strong><\/div>\n","protected":false},"excerpt":{"rendered":"<p>NOTA OFICIAL DE ORIENTA\u00c7\u00c3O AO MAGISTERIO MUNICIPAL DA DIRETORA DE EDUCA\u00c7\u00c3O FEMERGS. Piso Salarial Profissional Nacional do Magist\u00e9rio P\u00fablico da Educa\u00e7\u00e3o B\u00e1sica \u2013 PSPM O Sindicato dos Professores Municipais de Santo \u00c2ngelo \u00e9 terminantemente contr\u00e1rio a qualquer reformula\u00e7\u00e3o do Plano de Carreira do Magist\u00e9rio com o intuito de pagar o Piso, conforme vem sendo orientado [&hellip;]<\/p>\n","protected":false},"author":1,"featured_media":0,"comment_status":"closed","ping_status":"closed","sticky":false,"template":"","format":"standard","meta":{"_eb_attr":"","_uag_custom_page_level_css":"","fifu_image_url":"","fifu_image_alt":"","footnotes":""},"categories":[7],"tags":[32],"class_list":["post-1297","post","type-post","status-publish","format-standard","hentry","category-noticias","tag-null"],"yoast_head":"<!-- This site is optimized with the Yoast SEO plugin v27.1.1 - https:\/\/yoast.com\/product\/yoast-seo-wordpress\/ -->\n<title>NOTA OFICIAL DE ORIENTA\u00c7\u00c3O AO MAGISTERIO MUNICIPAL DA DIRETORA DE EDUCA\u00c7\u00c3O FEMERGS. - Federa\u00e7\u00e3o dos Municip\u00e1rios do Estado do Rio Grande do Sul<\/title>\n<meta name=\"robots\" content=\"index, follow, max-snippet:-1, max-image-preview:large, max-video-preview:-1\" \/>\n<link rel=\"canonical\" href=\"https:\/\/femergs.com.br\/wfe\/blog\/nota-oficial-de-orientacao-ao-magisterio-municipal-da-diretora-de-educacao-femergs\/\" \/>\n<meta property=\"og:locale\" content=\"pt_BR\" \/>\n<meta property=\"og:type\" content=\"article\" \/>\n<meta property=\"og:title\" content=\"NOTA OFICIAL DE ORIENTA\u00c7\u00c3O AO MAGISTERIO MUNICIPAL DA DIRETORA DE EDUCA\u00c7\u00c3O FEMERGS. - Federa\u00e7\u00e3o dos Municip\u00e1rios do Estado do Rio Grande do Sul\" \/>\n<meta property=\"og:description\" content=\"NOTA OFICIAL DE ORIENTA\u00c7\u00c3O AO MAGISTERIO MUNICIPAL DA DIRETORA DE EDUCA\u00c7\u00c3O FEMERGS. Piso Salarial Profissional Nacional do Magist\u00e9rio P\u00fablico da Educa\u00e7\u00e3o B\u00e1sica \u2013 PSPM O Sindicato dos Professores Municipais de Santo \u00c2ngelo \u00e9 terminantemente contr\u00e1rio a qualquer reformula\u00e7\u00e3o do Plano de Carreira do Magist\u00e9rio com o intuito de pagar o Piso, conforme vem sendo orientado [&hellip;]\" \/>\n<meta property=\"og:url\" content=\"https:\/\/femergs.com.br\/wfe\/blog\/nota-oficial-de-orientacao-ao-magisterio-municipal-da-diretora-de-educacao-femergs\/\" \/>\n<meta property=\"og:site_name\" content=\"Federa\u00e7\u00e3o dos Municip\u00e1rios do Estado do Rio Grande do Sul\" \/>\n<meta property=\"article:publisher\" content=\"https:\/\/www.facebook.com\/profile.php?id=100057151733001\" \/>\n<meta property=\"article:published_time\" content=\"2022-04-19T13:29:39+00:00\" \/>\n<meta property=\"article:modified_time\" content=\"2025-09-02T20:00:05+00:00\" \/>\n<meta name=\"author\" content=\"adminfemergs\" \/>\n<meta name=\"twitter:card\" content=\"summary_large_image\" \/>\n<meta name=\"twitter:label1\" content=\"Escrito por\" \/>\n\t<meta name=\"twitter:data1\" content=\"adminfemergs\" \/>\n\t<meta name=\"twitter:label2\" content=\"Est. tempo de leitura\" \/>\n\t<meta name=\"twitter:data2\" content=\"6 minutos\" \/>\n<script type=\"application\/ld+json\" class=\"yoast-schema-graph\">{\"@context\":\"https:\/\/schema.org\",\"@graph\":[{\"@type\":\"Article\",\"@id\":\"https:\/\/femergs.com.br\/wfe\/blog\/nota-oficial-de-orientacao-ao-magisterio-municipal-da-diretora-de-educacao-femergs\/#article\",\"isPartOf\":{\"@id\":\"https:\/\/femergs.com.br\/wfe\/blog\/nota-oficial-de-orientacao-ao-magisterio-municipal-da-diretora-de-educacao-femergs\/\"},\"author\":{\"name\":\"adminfemergs\",\"@id\":\"https:\/\/femergs.com.br\/wfe\/#\/schema\/person\/f5558e6b5ffc044ee085016237dedb7f\"},\"headline\":\"NOTA OFICIAL DE ORIENTA\u00c7\u00c3O AO MAGISTERIO MUNICIPAL DA DIRETORA DE EDUCA\u00c7\u00c3O FEMERGS.\",\"datePublished\":\"2022-04-19T13:29:39+00:00\",\"dateModified\":\"2025-09-02T20:00:05+00:00\",\"mainEntityOfPage\":{\"@id\":\"https:\/\/femergs.com.br\/wfe\/blog\/nota-oficial-de-orientacao-ao-magisterio-municipal-da-diretora-de-educacao-femergs\/\"},\"wordCount\":1232,\"publisher\":{\"@id\":\"https:\/\/femergs.com.br\/wfe\/#organization\"},\"keywords\":[\"NULL\"],\"articleSection\":[\"Not\u00edcias Gerais\"],\"inLanguage\":\"pt-BR\"},{\"@type\":\"WebPage\",\"@id\":\"https:\/\/femergs.com.br\/wfe\/blog\/nota-oficial-de-orientacao-ao-magisterio-municipal-da-diretora-de-educacao-femergs\/\",\"url\":\"https:\/\/femergs.com.br\/wfe\/blog\/nota-oficial-de-orientacao-ao-magisterio-municipal-da-diretora-de-educacao-femergs\/\",\"name\":\"NOTA OFICIAL DE ORIENTA\u00c7\u00c3O AO MAGISTERIO MUNICIPAL DA DIRETORA DE EDUCA\u00c7\u00c3O FEMERGS. - Federa\u00e7\u00e3o dos Municip\u00e1rios do Estado do Rio Grande do Sul\",\"isPartOf\":{\"@id\":\"https:\/\/femergs.com.br\/wfe\/#website\"},\"datePublished\":\"2022-04-19T13:29:39+00:00\",\"dateModified\":\"2025-09-02T20:00:05+00:00\",\"breadcrumb\":{\"@id\":\"https:\/\/femergs.com.br\/wfe\/blog\/nota-oficial-de-orientacao-ao-magisterio-municipal-da-diretora-de-educacao-femergs\/#breadcrumb\"},\"inLanguage\":\"pt-BR\",\"potentialAction\":[{\"@type\":\"ReadAction\",\"target\":[\"https:\/\/femergs.com.br\/wfe\/blog\/nota-oficial-de-orientacao-ao-magisterio-municipal-da-diretora-de-educacao-femergs\/\"]}]},{\"@type\":\"BreadcrumbList\",\"@id\":\"https:\/\/femergs.com.br\/wfe\/blog\/nota-oficial-de-orientacao-ao-magisterio-municipal-da-diretora-de-educacao-femergs\/#breadcrumb\",\"itemListElement\":[{\"@type\":\"ListItem\",\"position\":1,\"name\":\"In\u00edcio\",\"item\":\"https:\/\/femergs.com.br\/wfe\/\"},{\"@type\":\"ListItem\",\"position\":2,\"name\":\"NOTA OFICIAL DE ORIENTA\u00c7\u00c3O AO MAGISTERIO MUNICIPAL DA DIRETORA DE EDUCA\u00c7\u00c3O FEMERGS.\"}]},{\"@type\":\"WebSite\",\"@id\":\"https:\/\/femergs.com.br\/wfe\/#website\",\"url\":\"https:\/\/femergs.com.br\/wfe\/\",\"name\":\"FEMERGS\",\"description\":\"FEDERA\u00c7\u00c3O DOS MUNICIP\u00c1RIOS DO ESTADO DO RIO GRANDE DO SUL\",\"publisher\":{\"@id\":\"https:\/\/femergs.com.br\/wfe\/#organization\"},\"potentialAction\":[{\"@type\":\"SearchAction\",\"target\":{\"@type\":\"EntryPoint\",\"urlTemplate\":\"https:\/\/femergs.com.br\/wfe\/?s={search_term_string}\"},\"query-input\":{\"@type\":\"PropertyValueSpecification\",\"valueRequired\":true,\"valueName\":\"search_term_string\"}}],\"inLanguage\":\"pt-BR\"},{\"@type\":\"Organization\",\"@id\":\"https:\/\/femergs.com.br\/wfe\/#organization\",\"name\":\"FEMERGS\",\"url\":\"https:\/\/femergs.com.br\/wfe\/\",\"logo\":{\"@type\":\"ImageObject\",\"inLanguage\":\"pt-BR\",\"@id\":\"https:\/\/femergs.com.br\/wfe\/#\/schema\/logo\/image\/\",\"url\":\"https:\/\/femergs.com.br\/wfe\/wp-content\/uploads\/2025\/06\/logotipo.png\",\"contentUrl\":\"https:\/\/femergs.com.br\/wfe\/wp-content\/uploads\/2025\/06\/logotipo.png\",\"width\":500,\"height\":500,\"caption\":\"FEMERGS\"},\"image\":{\"@id\":\"https:\/\/femergs.com.br\/wfe\/#\/schema\/logo\/image\/\"},\"sameAs\":[\"https:\/\/www.facebook.com\/profile.php?id=100057151733001\",\"https:\/\/www.instagram.com\/femergs_rs\/\"]},{\"@type\":\"Person\",\"@id\":\"https:\/\/femergs.com.br\/wfe\/#\/schema\/person\/f5558e6b5ffc044ee085016237dedb7f\",\"name\":\"adminfemergs\",\"image\":{\"@type\":\"ImageObject\",\"inLanguage\":\"pt-BR\",\"@id\":\"https:\/\/femergs.com.br\/wfe\/#\/schema\/person\/image\/\",\"url\":\"https:\/\/secure.gravatar.com\/avatar\/398642fa557cdd524617ad9b31c938845f071aeb3448b9c0aeb29aefc495337b?s=96&d=mm&r=g\",\"contentUrl\":\"https:\/\/secure.gravatar.com\/avatar\/398642fa557cdd524617ad9b31c938845f071aeb3448b9c0aeb29aefc495337b?s=96&d=mm&r=g\",\"caption\":\"adminfemergs\"},\"sameAs\":[\"https:\/\/femergs.com.br\/wfe\"],\"url\":\"https:\/\/femergs.com.br\/wfe\/blog\/author\/adminfemergs\/\"}]}<\/script>\n<!-- \/ Yoast SEO plugin. -->","yoast_head_json":{"title":"NOTA OFICIAL DE ORIENTA\u00c7\u00c3O AO MAGISTERIO MUNICIPAL DA DIRETORA DE EDUCA\u00c7\u00c3O FEMERGS. - Federa\u00e7\u00e3o dos Municip\u00e1rios do Estado do Rio Grande do Sul","robots":{"index":"index","follow":"follow","max-snippet":"max-snippet:-1","max-image-preview":"max-image-preview:large","max-video-preview":"max-video-preview:-1"},"canonical":"https:\/\/femergs.com.br\/wfe\/blog\/nota-oficial-de-orientacao-ao-magisterio-municipal-da-diretora-de-educacao-femergs\/","og_locale":"pt_BR","og_type":"article","og_title":"NOTA OFICIAL DE ORIENTA\u00c7\u00c3O AO MAGISTERIO MUNICIPAL DA DIRETORA DE EDUCA\u00c7\u00c3O FEMERGS. - Federa\u00e7\u00e3o dos Municip\u00e1rios do Estado do Rio Grande do Sul","og_description":"NOTA OFICIAL DE ORIENTA\u00c7\u00c3O AO MAGISTERIO MUNICIPAL DA DIRETORA DE EDUCA\u00c7\u00c3O FEMERGS. Piso Salarial Profissional Nacional do Magist\u00e9rio P\u00fablico da Educa\u00e7\u00e3o B\u00e1sica \u2013 PSPM O Sindicato dos Professores Municipais de Santo \u00c2ngelo \u00e9 terminantemente contr\u00e1rio a qualquer reformula\u00e7\u00e3o do Plano de Carreira do Magist\u00e9rio com o intuito de pagar o Piso, conforme vem sendo orientado [&hellip;]","og_url":"https:\/\/femergs.com.br\/wfe\/blog\/nota-oficial-de-orientacao-ao-magisterio-municipal-da-diretora-de-educacao-femergs\/","og_site_name":"Federa\u00e7\u00e3o dos Municip\u00e1rios do Estado do Rio Grande do Sul","article_publisher":"https:\/\/www.facebook.com\/profile.php?id=100057151733001","article_published_time":"2022-04-19T13:29:39+00:00","article_modified_time":"2025-09-02T20:00:05+00:00","author":"adminfemergs","twitter_card":"summary_large_image","twitter_misc":{"Escrito por":"adminfemergs","Est. tempo de leitura":"6 minutos"},"schema":{"@context":"https:\/\/schema.org","@graph":[{"@type":"Article","@id":"https:\/\/femergs.com.br\/wfe\/blog\/nota-oficial-de-orientacao-ao-magisterio-municipal-da-diretora-de-educacao-femergs\/#article","isPartOf":{"@id":"https:\/\/femergs.com.br\/wfe\/blog\/nota-oficial-de-orientacao-ao-magisterio-municipal-da-diretora-de-educacao-femergs\/"},"author":{"name":"adminfemergs","@id":"https:\/\/femergs.com.br\/wfe\/#\/schema\/person\/f5558e6b5ffc044ee085016237dedb7f"},"headline":"NOTA OFICIAL DE ORIENTA\u00c7\u00c3O AO MAGISTERIO MUNICIPAL DA DIRETORA DE EDUCA\u00c7\u00c3O FEMERGS.","datePublished":"2022-04-19T13:29:39+00:00","dateModified":"2025-09-02T20:00:05+00:00","mainEntityOfPage":{"@id":"https:\/\/femergs.com.br\/wfe\/blog\/nota-oficial-de-orientacao-ao-magisterio-municipal-da-diretora-de-educacao-femergs\/"},"wordCount":1232,"publisher":{"@id":"https:\/\/femergs.com.br\/wfe\/#organization"},"keywords":["NULL"],"articleSection":["Not\u00edcias Gerais"],"inLanguage":"pt-BR"},{"@type":"WebPage","@id":"https:\/\/femergs.com.br\/wfe\/blog\/nota-oficial-de-orientacao-ao-magisterio-municipal-da-diretora-de-educacao-femergs\/","url":"https:\/\/femergs.com.br\/wfe\/blog\/nota-oficial-de-orientacao-ao-magisterio-municipal-da-diretora-de-educacao-femergs\/","name":"NOTA OFICIAL DE ORIENTA\u00c7\u00c3O AO MAGISTERIO MUNICIPAL DA DIRETORA DE EDUCA\u00c7\u00c3O FEMERGS. - Federa\u00e7\u00e3o dos Municip\u00e1rios do Estado do Rio Grande do Sul","isPartOf":{"@id":"https:\/\/femergs.com.br\/wfe\/#website"},"datePublished":"2022-04-19T13:29:39+00:00","dateModified":"2025-09-02T20:00:05+00:00","breadcrumb":{"@id":"https:\/\/femergs.com.br\/wfe\/blog\/nota-oficial-de-orientacao-ao-magisterio-municipal-da-diretora-de-educacao-femergs\/#breadcrumb"},"inLanguage":"pt-BR","potentialAction":[{"@type":"ReadAction","target":["https:\/\/femergs.com.br\/wfe\/blog\/nota-oficial-de-orientacao-ao-magisterio-municipal-da-diretora-de-educacao-femergs\/"]}]},{"@type":"BreadcrumbList","@id":"https:\/\/femergs.com.br\/wfe\/blog\/nota-oficial-de-orientacao-ao-magisterio-municipal-da-diretora-de-educacao-femergs\/#breadcrumb","itemListElement":[{"@type":"ListItem","position":1,"name":"In\u00edcio","item":"https:\/\/femergs.com.br\/wfe\/"},{"@type":"ListItem","position":2,"name":"NOTA OFICIAL DE ORIENTA\u00c7\u00c3O AO MAGISTERIO MUNICIPAL DA DIRETORA DE EDUCA\u00c7\u00c3O FEMERGS."}]},{"@type":"WebSite","@id":"https:\/\/femergs.com.br\/wfe\/#website","url":"https:\/\/femergs.com.br\/wfe\/","name":"FEMERGS","description":"FEDERA\u00c7\u00c3O DOS MUNICIP\u00c1RIOS DO ESTADO DO RIO GRANDE DO SUL","publisher":{"@id":"https:\/\/femergs.com.br\/wfe\/#organization"},"potentialAction":[{"@type":"SearchAction","target":{"@type":"EntryPoint","urlTemplate":"https:\/\/femergs.com.br\/wfe\/?s={search_term_string}"},"query-input":{"@type":"PropertyValueSpecification","valueRequired":true,"valueName":"search_term_string"}}],"inLanguage":"pt-BR"},{"@type":"Organization","@id":"https:\/\/femergs.com.br\/wfe\/#organization","name":"FEMERGS","url":"https:\/\/femergs.com.br\/wfe\/","logo":{"@type":"ImageObject","inLanguage":"pt-BR","@id":"https:\/\/femergs.com.br\/wfe\/#\/schema\/logo\/image\/","url":"https:\/\/femergs.com.br\/wfe\/wp-content\/uploads\/2025\/06\/logotipo.png","contentUrl":"https:\/\/femergs.com.br\/wfe\/wp-content\/uploads\/2025\/06\/logotipo.png","width":500,"height":500,"caption":"FEMERGS"},"image":{"@id":"https:\/\/femergs.com.br\/wfe\/#\/schema\/logo\/image\/"},"sameAs":["https:\/\/www.facebook.com\/profile.php?id=100057151733001","https:\/\/www.instagram.com\/femergs_rs\/"]},{"@type":"Person","@id":"https:\/\/femergs.com.br\/wfe\/#\/schema\/person\/f5558e6b5ffc044ee085016237dedb7f","name":"adminfemergs","image":{"@type":"ImageObject","inLanguage":"pt-BR","@id":"https:\/\/femergs.com.br\/wfe\/#\/schema\/person\/image\/","url":"https:\/\/secure.gravatar.com\/avatar\/398642fa557cdd524617ad9b31c938845f071aeb3448b9c0aeb29aefc495337b?s=96&d=mm&r=g","contentUrl":"https:\/\/secure.gravatar.com\/avatar\/398642fa557cdd524617ad9b31c938845f071aeb3448b9c0aeb29aefc495337b?s=96&d=mm&r=g","caption":"adminfemergs"},"sameAs":["https:\/\/femergs.com.br\/wfe"],"url":"https:\/\/femergs.com.br\/wfe\/blog\/author\/adminfemergs\/"}]}},"uagb_featured_image_src":{"full":false,"thumbnail":false,"medium":false,"medium_large":false,"large":false,"1536x1536":false,"2048x2048":false,"ultp_layout_landscape_large":false,"ultp_layout_landscape":false,"ultp_layout_portrait":false,"ultp_layout_square":false},"uagb_author_info":{"display_name":"adminfemergs","author_link":"https:\/\/femergs.com.br\/wfe\/blog\/author\/adminfemergs\/"},"uagb_comment_info":0,"uagb_excerpt":"NOTA OFICIAL DE ORIENTA\u00c7\u00c3O AO MAGISTERIO MUNICIPAL DA DIRETORA DE EDUCA\u00c7\u00c3O FEMERGS. Piso Salarial Profissional Nacional do Magist\u00e9rio P\u00fablico da Educa\u00e7\u00e3o B\u00e1sica \u2013 PSPM O Sindicato dos Professores Municipais de Santo \u00c2ngelo \u00e9 terminantemente contr\u00e1rio a qualquer reformula\u00e7\u00e3o do Plano de Carreira do Magist\u00e9rio com o intuito de pagar o Piso, conforme vem sendo orientado&hellip;","_links":{"self":[{"href":"https:\/\/femergs.com.br\/wfe\/wp-json\/wp\/v2\/posts\/1297","targetHints":{"allow":["GET"]}}],"collection":[{"href":"https:\/\/femergs.com.br\/wfe\/wp-json\/wp\/v2\/posts"}],"about":[{"href":"https:\/\/femergs.com.br\/wfe\/wp-json\/wp\/v2\/types\/post"}],"author":[{"embeddable":true,"href":"https:\/\/femergs.com.br\/wfe\/wp-json\/wp\/v2\/users\/1"}],"replies":[{"embeddable":true,"href":"https:\/\/femergs.com.br\/wfe\/wp-json\/wp\/v2\/comments?post=1297"}],"version-history":[{"count":1,"href":"https:\/\/femergs.com.br\/wfe\/wp-json\/wp\/v2\/posts\/1297\/revisions"}],"predecessor-version":[{"id":1513,"href":"https:\/\/femergs.com.br\/wfe\/wp-json\/wp\/v2\/posts\/1297\/revisions\/1513"}],"wp:attachment":[{"href":"https:\/\/femergs.com.br\/wfe\/wp-json\/wp\/v2\/media?parent=1297"}],"wp:term":[{"taxonomy":"category","embeddable":true,"href":"https:\/\/femergs.com.br\/wfe\/wp-json\/wp\/v2\/categories?post=1297"},{"taxonomy":"post_tag","embeddable":true,"href":"https:\/\/femergs.com.br\/wfe\/wp-json\/wp\/v2\/tags?post=1297"}],"curies":[{"name":"wp","href":"https:\/\/api.w.org\/{rel}","templated":true}]}}