{"id":1300,"date":"2022-08-10T10:50:45","date_gmt":"2022-08-10T10:50:45","guid":{"rendered":"https:\/\/femergs.com.br\/wfe\/blog\/formacao-sindical-e-assessoria-juridica\/"},"modified":"2025-09-02T20:00:05","modified_gmt":"2025-09-02T20:00:05","slug":"formacao-sindical-e-assessoria-juridica","status":"publish","type":"post","link":"https:\/\/femergs.com.br\/wfe\/blog\/formacao-sindical-e-assessoria-juridica\/","title":{"rendered":"FORMA\u00c7\u00c3O SINDICAL E ASSESSORIA JUR\u00cdDICA"},"content":{"rendered":"<div style=\"text-align:justify\">No dia de ontem, 07 de agosto de 2022, a Diretora de Forma\u00e7\u00e3o Sindical da FEMERGS, Clarice In\u00eas Mainardi, acompanhada pelo Assessor Jur\u00eddico da Federa\u00e7\u00e3o dos Municip\u00e1rios, Dr. Eduardo Bechorner, estiveram presentes, a pedido dos sindicatos nas cidades Tiradentes do Sul e Lajeado do Bugre .<br \/>\nDr. Eduardo Bechorner com sua vasta experi\u00eancia em advocacia para sindicatos e servidores p\u00fablicos, fez esclarecimentos fundamentais para que os trabalhadores tenham compreens\u00e3o da Gest\u00e3o P\u00fablica Municipal, suas nuances e peculiaridades frente ao trabalhador P\u00fablico. Apesar do tempo, um grande n\u00famero de municip\u00e1rios estiveram presentes na cidade de Lajeado do Bugre, onde a pauta jur\u00eddica da assembleia foi Piso do Magist\u00e9rio, Reforma da Previd\u00eancia. No munic\u00edpio de Tiradentes, a pauta foi a reforma da Previd\u00eancia, e como \u00e9 importante o servidor se apropriar do conhecimento para saber como agir, como buscar informa\u00e7\u00f5es que no futuro possam lhes dar tranquilidade jur\u00eddica.<br \/>\nA diretora Clarice Mainardi, apresentou todos os dados referentes aos munic\u00edpios, al\u00e9m de reafirmar que entidade sindical, n\u00e3o \u00e9 contra pol\u00edticos, ao contr\u00e1rio, \u00e9 uma ferramenta que deve ser usada para garantir o que diz na nossa Constitui\u00e7\u00e3o Federal, principalmente no que se refere a presta\u00e7\u00e3o de servi\u00e7o p\u00fablico de qualidade para a popula\u00e7\u00e3o. O momento atual mundial exige novos caminhos para o sindicalismo, como para qualquer outro setor da sociedade. N\u00e3o podemos mais continuar com moldes antigos frente a toda tecnologia hoje existente. E a palavra de ordem \u00e9 justamente mostrar que \u00e9 poss\u00edvel fazer a diferen\u00e7a atrav\u00e9s do di\u00e1logo, informa\u00e7\u00f5es e principalmente DISTRIBUI\u00c7\u00c3O DO CONHECIMENTO E DA INFORMA\u00c7\u00c3O.<img decoding=\"async\" src=\"data:image\/gif;base64,R0lGODlhAQABAIAAAAAAAP\/\/\/ywAAAAAAQABAAACAUwAOw==\" fifu-lazy=\"1\" fifu-data-sizes=\"auto\" fifu-data-srcset=\"\/Im4g3nsN0t1cia\/geral\/images\/WhatsApp_Image_2022-08-10_at_10_37_49.jpeg?w=75&resize=75&ssl=1 75w, \/Im4g3nsN0t1cia\/geral\/images\/WhatsApp_Image_2022-08-10_at_10_37_49.jpeg?w=100&resize=100&ssl=1 100w, \/Im4g3nsN0t1cia\/geral\/images\/WhatsApp_Image_2022-08-10_at_10_37_49.jpeg?w=150&resize=150&ssl=1 150w, \/Im4g3nsN0t1cia\/geral\/images\/WhatsApp_Image_2022-08-10_at_10_37_49.jpeg?w=240&resize=240&ssl=1 240w, \/Im4g3nsN0t1cia\/geral\/images\/WhatsApp_Image_2022-08-10_at_10_37_49.jpeg?w=320&resize=320&ssl=1 320w, \/Im4g3nsN0t1cia\/geral\/images\/WhatsApp_Image_2022-08-10_at_10_37_49.jpeg?w=500&resize=500&ssl=1 500w, \/Im4g3nsN0t1cia\/geral\/images\/WhatsApp_Image_2022-08-10_at_10_37_49.jpeg?w=640&resize=640&ssl=1 640w, \/Im4g3nsN0t1cia\/geral\/images\/WhatsApp_Image_2022-08-10_at_10_37_49.jpeg?w=800&resize=800&ssl=1 800w, \/Im4g3nsN0t1cia\/geral\/images\/WhatsApp_Image_2022-08-10_at_10_37_49.jpeg?w=1024&resize=1024&ssl=1 1024w, \/Im4g3nsN0t1cia\/geral\/images\/WhatsApp_Image_2022-08-10_at_10_37_49.jpeg?w=1280&resize=1280&ssl=1 1280w, \/Im4g3nsN0t1cia\/geral\/images\/WhatsApp_Image_2022-08-10_at_10_37_49.jpeg?w=1600&resize=1600&ssl=1 1600w\" alt=\"\" fifu-data-src=\"\/Im4g3nsN0t1cia\/geral\/images\/WhatsApp_Image_2022-08-10_at_10_37_49.jpeg\" style=\"height:1024px; width:1024px\" \/><\/div>\n","protected":false},"excerpt":{"rendered":"<p>No dia de ontem, 07 de agosto de 2022, a Diretora de Forma\u00e7\u00e3o Sindical da FEMERGS, Clarice In\u00eas Mainardi, acompanhada pelo Assessor Jur\u00eddico da Federa\u00e7\u00e3o dos Municip\u00e1rios, Dr. Eduardo Bechorner, estiveram presentes, a pedido dos sindicatos nas cidades Tiradentes do Sul e Lajeado do Bugre . Dr. Eduardo Bechorner com sua vasta experi\u00eancia em advocacia [&hellip;]<\/p>\n","protected":false},"author":1,"featured_media":0,"comment_status":"closed","ping_status":"closed","sticky":false,"template":"","format":"standard","meta":{"_eb_attr":"","_uag_custom_page_level_css":"","fifu_image_url":"","fifu_image_alt":"","footnotes":""},"categories":[7],"tags":[32],"class_list":["post-1300","post","type-post","status-publish","format-standard","hentry","category-noticias","tag-null"],"yoast_head":"<!-- This site is optimized with the Yoast SEO plugin v27.1.1 - https:\/\/yoast.com\/product\/yoast-seo-wordpress\/ -->\n<title>FORMA\u00c7\u00c3O SINDICAL E ASSESSORIA JUR\u00cdDICA - Federa\u00e7\u00e3o dos Municip\u00e1rios do Estado do Rio Grande do Sul<\/title>\n<meta name=\"robots\" content=\"index, follow, max-snippet:-1, max-image-preview:large, max-video-preview:-1\" \/>\n<link rel=\"canonical\" href=\"https:\/\/femergs.com.br\/wfe\/blog\/formacao-sindical-e-assessoria-juridica\/\" \/>\n<meta property=\"og:locale\" content=\"pt_BR\" \/>\n<meta property=\"og:type\" content=\"article\" \/>\n<meta property=\"og:title\" content=\"FORMA\u00c7\u00c3O SINDICAL E ASSESSORIA JUR\u00cdDICA - Federa\u00e7\u00e3o dos Municip\u00e1rios do Estado do Rio Grande do Sul\" \/>\n<meta property=\"og:description\" content=\"No dia de ontem, 07 de agosto de 2022, a Diretora de Forma\u00e7\u00e3o Sindical da FEMERGS, Clarice In\u00eas Mainardi, acompanhada pelo Assessor Jur\u00eddico da Federa\u00e7\u00e3o dos Municip\u00e1rios, Dr. Eduardo Bechorner, estiveram presentes, a pedido dos sindicatos nas cidades Tiradentes do Sul e Lajeado do Bugre . Dr. Eduardo Bechorner com sua vasta experi\u00eancia em advocacia [&hellip;]\" \/>\n<meta property=\"og:url\" content=\"https:\/\/femergs.com.br\/wfe\/blog\/formacao-sindical-e-assessoria-juridica\/\" \/>\n<meta property=\"og:site_name\" content=\"Federa\u00e7\u00e3o dos Municip\u00e1rios do Estado do Rio Grande do Sul\" \/>\n<meta property=\"article:publisher\" content=\"https:\/\/www.facebook.com\/profile.php?id=100057151733001\" \/>\n<meta property=\"article:published_time\" content=\"2022-08-10T10:50:45+00:00\" \/>\n<meta property=\"article:modified_time\" content=\"2025-09-02T20:00:05+00:00\" \/>\n<meta name=\"author\" content=\"adminfemergs\" \/>\n<meta name=\"twitter:card\" content=\"summary_large_image\" \/>\n<meta name=\"twitter:label1\" content=\"Escrito por\" \/>\n\t<meta name=\"twitter:data1\" content=\"adminfemergs\" \/>\n\t<meta name=\"twitter:label2\" content=\"Est. tempo de leitura\" \/>\n\t<meta name=\"twitter:data2\" content=\"1 minuto\" \/>\n<script type=\"application\/ld+json\" class=\"yoast-schema-graph\">{\"@context\":\"https:\/\/schema.org\",\"@graph\":[{\"@type\":\"Article\",\"@id\":\"https:\/\/femergs.com.br\/wfe\/blog\/formacao-sindical-e-assessoria-juridica\/#article\",\"isPartOf\":{\"@id\":\"https:\/\/femergs.com.br\/wfe\/blog\/formacao-sindical-e-assessoria-juridica\/\"},\"author\":{\"name\":\"adminfemergs\",\"@id\":\"https:\/\/femergs.com.br\/wfe\/#\/schema\/person\/f5558e6b5ffc044ee085016237dedb7f\"},\"headline\":\"FORMA\u00c7\u00c3O SINDICAL E ASSESSORIA JUR\u00cdDICA\",\"datePublished\":\"2022-08-10T10:50:45+00:00\",\"dateModified\":\"2025-09-02T20:00:05+00:00\",\"mainEntityOfPage\":{\"@id\":\"https:\/\/femergs.com.br\/wfe\/blog\/formacao-sindical-e-assessoria-juridica\/\"},\"wordCount\":293,\"publisher\":{\"@id\":\"https:\/\/femergs.com.br\/wfe\/#organization\"},\"keywords\":[\"NULL\"],\"articleSection\":[\"Not\u00edcias Gerais\"],\"inLanguage\":\"pt-BR\"},{\"@type\":\"WebPage\",\"@id\":\"https:\/\/femergs.com.br\/wfe\/blog\/formacao-sindical-e-assessoria-juridica\/\",\"url\":\"https:\/\/femergs.com.br\/wfe\/blog\/formacao-sindical-e-assessoria-juridica\/\",\"name\":\"FORMA\u00c7\u00c3O SINDICAL E ASSESSORIA JUR\u00cdDICA - Federa\u00e7\u00e3o dos Municip\u00e1rios do Estado do Rio Grande do Sul\",\"isPartOf\":{\"@id\":\"https:\/\/femergs.com.br\/wfe\/#website\"},\"datePublished\":\"2022-08-10T10:50:45+00:00\",\"dateModified\":\"2025-09-02T20:00:05+00:00\",\"breadcrumb\":{\"@id\":\"https:\/\/femergs.com.br\/wfe\/blog\/formacao-sindical-e-assessoria-juridica\/#breadcrumb\"},\"inLanguage\":\"pt-BR\",\"potentialAction\":[{\"@type\":\"ReadAction\",\"target\":[\"https:\/\/femergs.com.br\/wfe\/blog\/formacao-sindical-e-assessoria-juridica\/\"]}]},{\"@type\":\"BreadcrumbList\",\"@id\":\"https:\/\/femergs.com.br\/wfe\/blog\/formacao-sindical-e-assessoria-juridica\/#breadcrumb\",\"itemListElement\":[{\"@type\":\"ListItem\",\"position\":1,\"name\":\"In\u00edcio\",\"item\":\"https:\/\/femergs.com.br\/wfe\/\"},{\"@type\":\"ListItem\",\"position\":2,\"name\":\"FORMA\u00c7\u00c3O SINDICAL E ASSESSORIA JUR\u00cdDICA\"}]},{\"@type\":\"WebSite\",\"@id\":\"https:\/\/femergs.com.br\/wfe\/#website\",\"url\":\"https:\/\/femergs.com.br\/wfe\/\",\"name\":\"FEMERGS\",\"description\":\"FEDERA\u00c7\u00c3O DOS MUNICIP\u00c1RIOS DO ESTADO DO RIO GRANDE DO SUL\",\"publisher\":{\"@id\":\"https:\/\/femergs.com.br\/wfe\/#organization\"},\"potentialAction\":[{\"@type\":\"SearchAction\",\"target\":{\"@type\":\"EntryPoint\",\"urlTemplate\":\"https:\/\/femergs.com.br\/wfe\/?s={search_term_string}\"},\"query-input\":{\"@type\":\"PropertyValueSpecification\",\"valueRequired\":true,\"valueName\":\"search_term_string\"}}],\"inLanguage\":\"pt-BR\"},{\"@type\":\"Organization\",\"@id\":\"https:\/\/femergs.com.br\/wfe\/#organization\",\"name\":\"FEMERGS\",\"url\":\"https:\/\/femergs.com.br\/wfe\/\",\"logo\":{\"@type\":\"ImageObject\",\"inLanguage\":\"pt-BR\",\"@id\":\"https:\/\/femergs.com.br\/wfe\/#\/schema\/logo\/image\/\",\"url\":\"https:\/\/femergs.com.br\/wfe\/wp-content\/uploads\/2025\/06\/logotipo.png\",\"contentUrl\":\"https:\/\/femergs.com.br\/wfe\/wp-content\/uploads\/2025\/06\/logotipo.png\",\"width\":500,\"height\":500,\"caption\":\"FEMERGS\"},\"image\":{\"@id\":\"https:\/\/femergs.com.br\/wfe\/#\/schema\/logo\/image\/\"},\"sameAs\":[\"https:\/\/www.facebook.com\/profile.php?id=100057151733001\",\"https:\/\/www.instagram.com\/femergs_rs\/\"]},{\"@type\":\"Person\",\"@id\":\"https:\/\/femergs.com.br\/wfe\/#\/schema\/person\/f5558e6b5ffc044ee085016237dedb7f\",\"name\":\"adminfemergs\",\"image\":{\"@type\":\"ImageObject\",\"inLanguage\":\"pt-BR\",\"@id\":\"https:\/\/femergs.com.br\/wfe\/#\/schema\/person\/image\/\",\"url\":\"https:\/\/secure.gravatar.com\/avatar\/398642fa557cdd524617ad9b31c938845f071aeb3448b9c0aeb29aefc495337b?s=96&d=mm&r=g\",\"contentUrl\":\"https:\/\/secure.gravatar.com\/avatar\/398642fa557cdd524617ad9b31c938845f071aeb3448b9c0aeb29aefc495337b?s=96&d=mm&r=g\",\"caption\":\"adminfemergs\"},\"sameAs\":[\"https:\/\/femergs.com.br\/wfe\"],\"url\":\"https:\/\/femergs.com.br\/wfe\/blog\/author\/adminfemergs\/\"}]}<\/script>\n<!-- \/ Yoast SEO plugin. -->","yoast_head_json":{"title":"FORMA\u00c7\u00c3O SINDICAL E ASSESSORIA JUR\u00cdDICA - Federa\u00e7\u00e3o dos Municip\u00e1rios do Estado do Rio Grande do Sul","robots":{"index":"index","follow":"follow","max-snippet":"max-snippet:-1","max-image-preview":"max-image-preview:large","max-video-preview":"max-video-preview:-1"},"canonical":"https:\/\/femergs.com.br\/wfe\/blog\/formacao-sindical-e-assessoria-juridica\/","og_locale":"pt_BR","og_type":"article","og_title":"FORMA\u00c7\u00c3O SINDICAL E ASSESSORIA JUR\u00cdDICA - Federa\u00e7\u00e3o dos Municip\u00e1rios do Estado do Rio Grande do Sul","og_description":"No dia de ontem, 07 de agosto de 2022, a Diretora de Forma\u00e7\u00e3o Sindical da FEMERGS, Clarice In\u00eas Mainardi, acompanhada pelo Assessor Jur\u00eddico da Federa\u00e7\u00e3o dos Municip\u00e1rios, Dr. Eduardo Bechorner, estiveram presentes, a pedido dos sindicatos nas cidades Tiradentes do Sul e Lajeado do Bugre . Dr. Eduardo Bechorner com sua vasta experi\u00eancia em advocacia [&hellip;]","og_url":"https:\/\/femergs.com.br\/wfe\/blog\/formacao-sindical-e-assessoria-juridica\/","og_site_name":"Federa\u00e7\u00e3o dos Municip\u00e1rios do Estado do Rio Grande do Sul","article_publisher":"https:\/\/www.facebook.com\/profile.php?id=100057151733001","article_published_time":"2022-08-10T10:50:45+00:00","article_modified_time":"2025-09-02T20:00:05+00:00","author":"adminfemergs","twitter_card":"summary_large_image","twitter_misc":{"Escrito por":"adminfemergs","Est. tempo de leitura":"1 minuto"},"schema":{"@context":"https:\/\/schema.org","@graph":[{"@type":"Article","@id":"https:\/\/femergs.com.br\/wfe\/blog\/formacao-sindical-e-assessoria-juridica\/#article","isPartOf":{"@id":"https:\/\/femergs.com.br\/wfe\/blog\/formacao-sindical-e-assessoria-juridica\/"},"author":{"name":"adminfemergs","@id":"https:\/\/femergs.com.br\/wfe\/#\/schema\/person\/f5558e6b5ffc044ee085016237dedb7f"},"headline":"FORMA\u00c7\u00c3O SINDICAL E ASSESSORIA JUR\u00cdDICA","datePublished":"2022-08-10T10:50:45+00:00","dateModified":"2025-09-02T20:00:05+00:00","mainEntityOfPage":{"@id":"https:\/\/femergs.com.br\/wfe\/blog\/formacao-sindical-e-assessoria-juridica\/"},"wordCount":293,"publisher":{"@id":"https:\/\/femergs.com.br\/wfe\/#organization"},"keywords":["NULL"],"articleSection":["Not\u00edcias Gerais"],"inLanguage":"pt-BR"},{"@type":"WebPage","@id":"https:\/\/femergs.com.br\/wfe\/blog\/formacao-sindical-e-assessoria-juridica\/","url":"https:\/\/femergs.com.br\/wfe\/blog\/formacao-sindical-e-assessoria-juridica\/","name":"FORMA\u00c7\u00c3O SINDICAL E ASSESSORIA JUR\u00cdDICA - Federa\u00e7\u00e3o dos Municip\u00e1rios do Estado do Rio Grande do Sul","isPartOf":{"@id":"https:\/\/femergs.com.br\/wfe\/#website"},"datePublished":"2022-08-10T10:50:45+00:00","dateModified":"2025-09-02T20:00:05+00:00","breadcrumb":{"@id":"https:\/\/femergs.com.br\/wfe\/blog\/formacao-sindical-e-assessoria-juridica\/#breadcrumb"},"inLanguage":"pt-BR","potentialAction":[{"@type":"ReadAction","target":["https:\/\/femergs.com.br\/wfe\/blog\/formacao-sindical-e-assessoria-juridica\/"]}]},{"@type":"BreadcrumbList","@id":"https:\/\/femergs.com.br\/wfe\/blog\/formacao-sindical-e-assessoria-juridica\/#breadcrumb","itemListElement":[{"@type":"ListItem","position":1,"name":"In\u00edcio","item":"https:\/\/femergs.com.br\/wfe\/"},{"@type":"ListItem","position":2,"name":"FORMA\u00c7\u00c3O SINDICAL E ASSESSORIA JUR\u00cdDICA"}]},{"@type":"WebSite","@id":"https:\/\/femergs.com.br\/wfe\/#website","url":"https:\/\/femergs.com.br\/wfe\/","name":"FEMERGS","description":"FEDERA\u00c7\u00c3O DOS MUNICIP\u00c1RIOS DO ESTADO DO RIO GRANDE DO SUL","publisher":{"@id":"https:\/\/femergs.com.br\/wfe\/#organization"},"potentialAction":[{"@type":"SearchAction","target":{"@type":"EntryPoint","urlTemplate":"https:\/\/femergs.com.br\/wfe\/?s={search_term_string}"},"query-input":{"@type":"PropertyValueSpecification","valueRequired":true,"valueName":"search_term_string"}}],"inLanguage":"pt-BR"},{"@type":"Organization","@id":"https:\/\/femergs.com.br\/wfe\/#organization","name":"FEMERGS","url":"https:\/\/femergs.com.br\/wfe\/","logo":{"@type":"ImageObject","inLanguage":"pt-BR","@id":"https:\/\/femergs.com.br\/wfe\/#\/schema\/logo\/image\/","url":"https:\/\/femergs.com.br\/wfe\/wp-content\/uploads\/2025\/06\/logotipo.png","contentUrl":"https:\/\/femergs.com.br\/wfe\/wp-content\/uploads\/2025\/06\/logotipo.png","width":500,"height":500,"caption":"FEMERGS"},"image":{"@id":"https:\/\/femergs.com.br\/wfe\/#\/schema\/logo\/image\/"},"sameAs":["https:\/\/www.facebook.com\/profile.php?id=100057151733001","https:\/\/www.instagram.com\/femergs_rs\/"]},{"@type":"Person","@id":"https:\/\/femergs.com.br\/wfe\/#\/schema\/person\/f5558e6b5ffc044ee085016237dedb7f","name":"adminfemergs","image":{"@type":"ImageObject","inLanguage":"pt-BR","@id":"https:\/\/femergs.com.br\/wfe\/#\/schema\/person\/image\/","url":"https:\/\/secure.gravatar.com\/avatar\/398642fa557cdd524617ad9b31c938845f071aeb3448b9c0aeb29aefc495337b?s=96&d=mm&r=g","contentUrl":"https:\/\/secure.gravatar.com\/avatar\/398642fa557cdd524617ad9b31c938845f071aeb3448b9c0aeb29aefc495337b?s=96&d=mm&r=g","caption":"adminfemergs"},"sameAs":["https:\/\/femergs.com.br\/wfe"],"url":"https:\/\/femergs.com.br\/wfe\/blog\/author\/adminfemergs\/"}]}},"uagb_featured_image_src":{"full":false,"thumbnail":false,"medium":false,"medium_large":false,"large":false,"1536x1536":false,"2048x2048":false,"ultp_layout_landscape_large":false,"ultp_layout_landscape":false,"ultp_layout_portrait":false,"ultp_layout_square":false},"uagb_author_info":{"display_name":"adminfemergs","author_link":"https:\/\/femergs.com.br\/wfe\/blog\/author\/adminfemergs\/"},"uagb_comment_info":0,"uagb_excerpt":"No dia de ontem, 07 de agosto de 2022, a Diretora de Forma\u00e7\u00e3o Sindical da FEMERGS, Clarice In\u00eas Mainardi, acompanhada pelo Assessor Jur\u00eddico da Federa\u00e7\u00e3o dos Municip\u00e1rios, Dr. Eduardo Bechorner, estiveram presentes, a pedido dos sindicatos nas cidades Tiradentes do Sul e Lajeado do Bugre . Dr. Eduardo Bechorner com sua vasta experi\u00eancia em advocacia&hellip;","_links":{"self":[{"href":"https:\/\/femergs.com.br\/wfe\/wp-json\/wp\/v2\/posts\/1300","targetHints":{"allow":["GET"]}}],"collection":[{"href":"https:\/\/femergs.com.br\/wfe\/wp-json\/wp\/v2\/posts"}],"about":[{"href":"https:\/\/femergs.com.br\/wfe\/wp-json\/wp\/v2\/types\/post"}],"author":[{"embeddable":true,"href":"https:\/\/femergs.com.br\/wfe\/wp-json\/wp\/v2\/users\/1"}],"replies":[{"embeddable":true,"href":"https:\/\/femergs.com.br\/wfe\/wp-json\/wp\/v2\/comments?post=1300"}],"version-history":[{"count":1,"href":"https:\/\/femergs.com.br\/wfe\/wp-json\/wp\/v2\/posts\/1300\/revisions"}],"predecessor-version":[{"id":1510,"href":"https:\/\/femergs.com.br\/wfe\/wp-json\/wp\/v2\/posts\/1300\/revisions\/1510"}],"wp:attachment":[{"href":"https:\/\/femergs.com.br\/wfe\/wp-json\/wp\/v2\/media?parent=1300"}],"wp:term":[{"taxonomy":"category","embeddable":true,"href":"https:\/\/femergs.com.br\/wfe\/wp-json\/wp\/v2\/categories?post=1300"},{"taxonomy":"post_tag","embeddable":true,"href":"https:\/\/femergs.com.br\/wfe\/wp-json\/wp\/v2\/tags?post=1300"}],"curies":[{"name":"wp","href":"https:\/\/api.w.org\/{rel}","templated":true}]}}