{"id":1301,"date":"2022-06-08T21:51:01","date_gmt":"2022-06-08T21:51:01","guid":{"rendered":"https:\/\/femergs.com.br\/wfe\/blog\/nota-despacho-de-santana-do-livramento-lei-do-piso-do-magisterio\/"},"modified":"2025-09-02T20:00:05","modified_gmt":"2025-09-02T20:00:05","slug":"nota-despacho-de-santana-do-livramento-lei-do-piso-do-magisterio","status":"publish","type":"post","link":"https:\/\/femergs.com.br\/wfe\/blog\/nota-despacho-de-santana-do-livramento-lei-do-piso-do-magisterio\/","title":{"rendered":"NOTA &#8211; DESPACHO DE SANTANA DO LIVRAMENTO &#8211; LEI DO PISO DO MAGIST\u00c9RIO"},"content":{"rendered":"<div style=\"text-align:center\"><img decoding=\"async\" src=\"data:image\/gif;base64,R0lGODlhAQABAIAAAAAAAP\/\/\/ywAAAAAAQABAAACAUwAOw==\" fifu-lazy=\"1\" fifu-data-sizes=\"auto\" fifu-data-srcset=\"\/Im4g3nsN0t1cia\/geral\/images\/Nota-sobre-despacho-Juiz-Sant-Livramento-FEMERGS-LEI-DO-PISO_(1).jpg?w=75&resize=75&ssl=1 75w, \/Im4g3nsN0t1cia\/geral\/images\/Nota-sobre-despacho-Juiz-Sant-Livramento-FEMERGS-LEI-DO-PISO_(1).jpg?w=100&resize=100&ssl=1 100w, \/Im4g3nsN0t1cia\/geral\/images\/Nota-sobre-despacho-Juiz-Sant-Livramento-FEMERGS-LEI-DO-PISO_(1).jpg?w=150&resize=150&ssl=1 150w, \/Im4g3nsN0t1cia\/geral\/images\/Nota-sobre-despacho-Juiz-Sant-Livramento-FEMERGS-LEI-DO-PISO_(1).jpg?w=240&resize=240&ssl=1 240w, \/Im4g3nsN0t1cia\/geral\/images\/Nota-sobre-despacho-Juiz-Sant-Livramento-FEMERGS-LEI-DO-PISO_(1).jpg?w=320&resize=320&ssl=1 320w, \/Im4g3nsN0t1cia\/geral\/images\/Nota-sobre-despacho-Juiz-Sant-Livramento-FEMERGS-LEI-DO-PISO_(1).jpg?w=500&resize=500&ssl=1 500w, \/Im4g3nsN0t1cia\/geral\/images\/Nota-sobre-despacho-Juiz-Sant-Livramento-FEMERGS-LEI-DO-PISO_(1).jpg?w=640&resize=640&ssl=1 640w, \/Im4g3nsN0t1cia\/geral\/images\/Nota-sobre-despacho-Juiz-Sant-Livramento-FEMERGS-LEI-DO-PISO_(1).jpg?w=800&resize=800&ssl=1 800w, \/Im4g3nsN0t1cia\/geral\/images\/Nota-sobre-despacho-Juiz-Sant-Livramento-FEMERGS-LEI-DO-PISO_(1).jpg?w=1024&resize=1024&ssl=1 1024w, \/Im4g3nsN0t1cia\/geral\/images\/Nota-sobre-despacho-Juiz-Sant-Livramento-FEMERGS-LEI-DO-PISO_(1).jpg?w=1280&resize=1280&ssl=1 1280w, \/Im4g3nsN0t1cia\/geral\/images\/Nota-sobre-despacho-Juiz-Sant-Livramento-FEMERGS-LEI-DO-PISO_(1).jpg?w=1600&resize=1600&ssl=1 1600w\" alt=\"\" fifu-data-src=\"\/Im4g3nsN0t1cia\/geral\/images\/Nota-sobre-despacho-Juiz-Sant-Livramento-FEMERGS-LEI-DO-PISO_(1).jpg\" style=\"height:1200px; width:849px\" \/><\/p>\n<p>Nota<\/p><\/div>\n<div style=\"text-align:justify\">Considerando a divulga\u00e7\u00e3o de informa\u00e7\u00e3o sobre o deferimento de cautelar para suspender os efeitos da Portaria 067\/2022\/MEC nos autos de a\u00e7\u00e3o judicial proposta no \u00e2mbito da Justi\u00e7a Federal pelo Munic\u00edpio de Santana do Livramento entendemos oportuno esclarecer o seguinte:<br \/>\nTrata-se de decis\u00e3o cautelar (n\u00e3o \u00e9 decis\u00e3o definitiva), cujos efeitos provis\u00f3rios estendem-se unicamente ao Munic\u00edpio de Santana do Livramento;<br \/>\nA decis\u00e3o mencionada refere-se apenas aos efeitos da Portaria 067\/2022\/MEC, ou seja, n\u00e3o \u00e9 objeto de questionamento na referida a\u00e7\u00e3o judicial o piso nacional do magist\u00e9rio, cuja constitucionalidade j\u00e1 foi referendada em outrora pelo STF, muito menos os \u00edndices de corre\u00e7\u00e3o aplicados (anteriormente) a 2021;<br \/>\nNo entanto quanto a corre\u00e7\u00e3o para o exerc\u00edcio 2022, entende o Magistrado que \u00e9 necess\u00e1rio a edi\u00e7\u00e3o de Lei especifica que vincule novamente a atualiza\u00e7\u00e3o do piso salarial a Lei 14.113\/20 (novo Fundeb).<br \/>\nNesse contexto esclarecemos que a decis\u00e3o cautelar anteriormente mencionada \u00e9 pass\u00edvel de reexame recursal, ou seja, tanto a Uni\u00e3o, quanto entidades legitimas a aquele processo, podem e devem apresentar contesta\u00e7\u00e3o ao pedido e recurso ao Tribunal Regional quanto a decis\u00e3o cautelar proferida;<br \/>\nEntendemos tamb\u00e9m que a a\u00e7\u00e3o a administrativa de publica\u00e7\u00e3o da Portaria 067\/2022\/MEC que homologou o Parecer \/2022\/CHEFIA\/GAB\/SEB\/SEB tem viabilidade jur\u00eddica diante da obrigatoriedade da valoriza\u00e7\u00e3o dos profissionais da educa\u00e7\u00e3o.<br \/>\nPor fim a Lei do Piso, conquista da Sociedade Brasileira j\u00e1 foi alvo de ADIs, que foram derrubadas, sendo que a FEMERGS estar\u00e1 lutando em todas as inst\u00e2ncias para garantir o seu cumprimento.<\/div>\n<div style=\"text-align:center\">Santo \u00c2ngelo (RS) 08 de junho de 2022<\/p>\n<p>Eduardo Bechorner Neusa Bechorner<br \/>\nOAB\/RS 47.305 OAB\/RS 70.780<\/div>\n","protected":false},"excerpt":{"rendered":"<p>Nota Considerando a divulga\u00e7\u00e3o de informa\u00e7\u00e3o sobre o deferimento de cautelar para suspender os efeitos da Portaria 067\/2022\/MEC nos autos de a\u00e7\u00e3o judicial proposta no \u00e2mbito da Justi\u00e7a Federal pelo Munic\u00edpio de Santana do Livramento entendemos oportuno esclarecer o seguinte: Trata-se de decis\u00e3o cautelar (n\u00e3o \u00e9 decis\u00e3o definitiva), cujos efeitos provis\u00f3rios estendem-se unicamente ao Munic\u00edpio [&hellip;]<\/p>\n","protected":false},"author":1,"featured_media":0,"comment_status":"closed","ping_status":"closed","sticky":false,"template":"","format":"standard","meta":{"_eb_attr":"","_uag_custom_page_level_css":"","fifu_image_url":"","fifu_image_alt":"","footnotes":""},"categories":[7],"tags":[32],"class_list":["post-1301","post","type-post","status-publish","format-standard","hentry","category-noticias","tag-null"],"yoast_head":"<!-- This site is optimized with the Yoast SEO plugin v27.1.1 - https:\/\/yoast.com\/product\/yoast-seo-wordpress\/ -->\n<title>NOTA - DESPACHO DE SANTANA DO LIVRAMENTO - LEI DO PISO DO MAGIST\u00c9RIO - Federa\u00e7\u00e3o dos Municip\u00e1rios do Estado do Rio Grande do Sul<\/title>\n<meta name=\"robots\" content=\"index, follow, max-snippet:-1, max-image-preview:large, max-video-preview:-1\" \/>\n<link rel=\"canonical\" href=\"https:\/\/femergs.com.br\/wfe\/blog\/nota-despacho-de-santana-do-livramento-lei-do-piso-do-magisterio\/\" \/>\n<meta property=\"og:locale\" content=\"pt_BR\" \/>\n<meta property=\"og:type\" content=\"article\" \/>\n<meta property=\"og:title\" content=\"NOTA - DESPACHO DE SANTANA DO LIVRAMENTO - LEI DO PISO DO MAGIST\u00c9RIO - Federa\u00e7\u00e3o dos Municip\u00e1rios do Estado do Rio Grande do Sul\" \/>\n<meta property=\"og:description\" content=\"Nota Considerando a divulga\u00e7\u00e3o de informa\u00e7\u00e3o sobre o deferimento de cautelar para suspender os efeitos da Portaria 067\/2022\/MEC nos autos de a\u00e7\u00e3o judicial proposta no \u00e2mbito da Justi\u00e7a Federal pelo Munic\u00edpio de Santana do Livramento entendemos oportuno esclarecer o seguinte: Trata-se de decis\u00e3o cautelar (n\u00e3o \u00e9 decis\u00e3o definitiva), cujos efeitos provis\u00f3rios estendem-se unicamente ao Munic\u00edpio [&hellip;]\" \/>\n<meta property=\"og:url\" content=\"https:\/\/femergs.com.br\/wfe\/blog\/nota-despacho-de-santana-do-livramento-lei-do-piso-do-magisterio\/\" \/>\n<meta property=\"og:site_name\" content=\"Federa\u00e7\u00e3o dos Municip\u00e1rios do Estado do Rio Grande do Sul\" \/>\n<meta property=\"article:publisher\" content=\"https:\/\/www.facebook.com\/profile.php?id=100057151733001\" \/>\n<meta property=\"article:published_time\" content=\"2022-06-08T21:51:01+00:00\" \/>\n<meta property=\"article:modified_time\" content=\"2025-09-02T20:00:05+00:00\" \/>\n<meta name=\"author\" content=\"adminfemergs\" \/>\n<meta name=\"twitter:card\" content=\"summary_large_image\" \/>\n<meta name=\"twitter:label1\" content=\"Escrito por\" \/>\n\t<meta name=\"twitter:data1\" content=\"adminfemergs\" \/>\n\t<meta name=\"twitter:label2\" content=\"Est. tempo de leitura\" \/>\n\t<meta name=\"twitter:data2\" content=\"1 minuto\" \/>\n<script type=\"application\/ld+json\" class=\"yoast-schema-graph\">{\"@context\":\"https:\/\/schema.org\",\"@graph\":[{\"@type\":\"Article\",\"@id\":\"https:\/\/femergs.com.br\/wfe\/blog\/nota-despacho-de-santana-do-livramento-lei-do-piso-do-magisterio\/#article\",\"isPartOf\":{\"@id\":\"https:\/\/femergs.com.br\/wfe\/blog\/nota-despacho-de-santana-do-livramento-lei-do-piso-do-magisterio\/\"},\"author\":{\"name\":\"adminfemergs\",\"@id\":\"https:\/\/femergs.com.br\/wfe\/#\/schema\/person\/f5558e6b5ffc044ee085016237dedb7f\"},\"headline\":\"NOTA &#8211; DESPACHO DE SANTANA DO LIVRAMENTO &#8211; LEI DO PISO DO MAGIST\u00c9RIO\",\"datePublished\":\"2022-06-08T21:51:01+00:00\",\"dateModified\":\"2025-09-02T20:00:05+00:00\",\"mainEntityOfPage\":{\"@id\":\"https:\/\/femergs.com.br\/wfe\/blog\/nota-despacho-de-santana-do-livramento-lei-do-piso-do-magisterio\/\"},\"wordCount\":297,\"publisher\":{\"@id\":\"https:\/\/femergs.com.br\/wfe\/#organization\"},\"keywords\":[\"NULL\"],\"articleSection\":[\"Not\u00edcias Gerais\"],\"inLanguage\":\"pt-BR\"},{\"@type\":\"WebPage\",\"@id\":\"https:\/\/femergs.com.br\/wfe\/blog\/nota-despacho-de-santana-do-livramento-lei-do-piso-do-magisterio\/\",\"url\":\"https:\/\/femergs.com.br\/wfe\/blog\/nota-despacho-de-santana-do-livramento-lei-do-piso-do-magisterio\/\",\"name\":\"NOTA - DESPACHO DE SANTANA DO LIVRAMENTO - LEI DO PISO DO MAGIST\u00c9RIO - Federa\u00e7\u00e3o dos Municip\u00e1rios do Estado do Rio Grande do Sul\",\"isPartOf\":{\"@id\":\"https:\/\/femergs.com.br\/wfe\/#website\"},\"datePublished\":\"2022-06-08T21:51:01+00:00\",\"dateModified\":\"2025-09-02T20:00:05+00:00\",\"breadcrumb\":{\"@id\":\"https:\/\/femergs.com.br\/wfe\/blog\/nota-despacho-de-santana-do-livramento-lei-do-piso-do-magisterio\/#breadcrumb\"},\"inLanguage\":\"pt-BR\",\"potentialAction\":[{\"@type\":\"ReadAction\",\"target\":[\"https:\/\/femergs.com.br\/wfe\/blog\/nota-despacho-de-santana-do-livramento-lei-do-piso-do-magisterio\/\"]}]},{\"@type\":\"BreadcrumbList\",\"@id\":\"https:\/\/femergs.com.br\/wfe\/blog\/nota-despacho-de-santana-do-livramento-lei-do-piso-do-magisterio\/#breadcrumb\",\"itemListElement\":[{\"@type\":\"ListItem\",\"position\":1,\"name\":\"In\u00edcio\",\"item\":\"https:\/\/femergs.com.br\/wfe\/\"},{\"@type\":\"ListItem\",\"position\":2,\"name\":\"NOTA &#8211; DESPACHO DE SANTANA DO LIVRAMENTO &#8211; LEI DO PISO DO MAGIST\u00c9RIO\"}]},{\"@type\":\"WebSite\",\"@id\":\"https:\/\/femergs.com.br\/wfe\/#website\",\"url\":\"https:\/\/femergs.com.br\/wfe\/\",\"name\":\"FEMERGS\",\"description\":\"FEDERA\u00c7\u00c3O DOS MUNICIP\u00c1RIOS DO ESTADO DO RIO GRANDE DO SUL\",\"publisher\":{\"@id\":\"https:\/\/femergs.com.br\/wfe\/#organization\"},\"potentialAction\":[{\"@type\":\"SearchAction\",\"target\":{\"@type\":\"EntryPoint\",\"urlTemplate\":\"https:\/\/femergs.com.br\/wfe\/?s={search_term_string}\"},\"query-input\":{\"@type\":\"PropertyValueSpecification\",\"valueRequired\":true,\"valueName\":\"search_term_string\"}}],\"inLanguage\":\"pt-BR\"},{\"@type\":\"Organization\",\"@id\":\"https:\/\/femergs.com.br\/wfe\/#organization\",\"name\":\"FEMERGS\",\"url\":\"https:\/\/femergs.com.br\/wfe\/\",\"logo\":{\"@type\":\"ImageObject\",\"inLanguage\":\"pt-BR\",\"@id\":\"https:\/\/femergs.com.br\/wfe\/#\/schema\/logo\/image\/\",\"url\":\"https:\/\/femergs.com.br\/wfe\/wp-content\/uploads\/2025\/06\/logotipo.png\",\"contentUrl\":\"https:\/\/femergs.com.br\/wfe\/wp-content\/uploads\/2025\/06\/logotipo.png\",\"width\":500,\"height\":500,\"caption\":\"FEMERGS\"},\"image\":{\"@id\":\"https:\/\/femergs.com.br\/wfe\/#\/schema\/logo\/image\/\"},\"sameAs\":[\"https:\/\/www.facebook.com\/profile.php?id=100057151733001\",\"https:\/\/www.instagram.com\/femergs_rs\/\"]},{\"@type\":\"Person\",\"@id\":\"https:\/\/femergs.com.br\/wfe\/#\/schema\/person\/f5558e6b5ffc044ee085016237dedb7f\",\"name\":\"adminfemergs\",\"image\":{\"@type\":\"ImageObject\",\"inLanguage\":\"pt-BR\",\"@id\":\"https:\/\/femergs.com.br\/wfe\/#\/schema\/person\/image\/\",\"url\":\"https:\/\/secure.gravatar.com\/avatar\/398642fa557cdd524617ad9b31c938845f071aeb3448b9c0aeb29aefc495337b?s=96&d=mm&r=g\",\"contentUrl\":\"https:\/\/secure.gravatar.com\/avatar\/398642fa557cdd524617ad9b31c938845f071aeb3448b9c0aeb29aefc495337b?s=96&d=mm&r=g\",\"caption\":\"adminfemergs\"},\"sameAs\":[\"https:\/\/femergs.com.br\/wfe\"],\"url\":\"https:\/\/femergs.com.br\/wfe\/blog\/author\/adminfemergs\/\"}]}<\/script>\n<!-- \/ Yoast SEO plugin. -->","yoast_head_json":{"title":"NOTA - DESPACHO DE SANTANA DO LIVRAMENTO - LEI DO PISO DO MAGIST\u00c9RIO - Federa\u00e7\u00e3o dos Municip\u00e1rios do Estado do Rio Grande do Sul","robots":{"index":"index","follow":"follow","max-snippet":"max-snippet:-1","max-image-preview":"max-image-preview:large","max-video-preview":"max-video-preview:-1"},"canonical":"https:\/\/femergs.com.br\/wfe\/blog\/nota-despacho-de-santana-do-livramento-lei-do-piso-do-magisterio\/","og_locale":"pt_BR","og_type":"article","og_title":"NOTA - DESPACHO DE SANTANA DO LIVRAMENTO - LEI DO PISO DO MAGIST\u00c9RIO - Federa\u00e7\u00e3o dos Municip\u00e1rios do Estado do Rio Grande do Sul","og_description":"Nota Considerando a divulga\u00e7\u00e3o de informa\u00e7\u00e3o sobre o deferimento de cautelar para suspender os efeitos da Portaria 067\/2022\/MEC nos autos de a\u00e7\u00e3o judicial proposta no \u00e2mbito da Justi\u00e7a Federal pelo Munic\u00edpio de Santana do Livramento entendemos oportuno esclarecer o seguinte: Trata-se de decis\u00e3o cautelar (n\u00e3o \u00e9 decis\u00e3o definitiva), cujos efeitos provis\u00f3rios estendem-se unicamente ao Munic\u00edpio [&hellip;]","og_url":"https:\/\/femergs.com.br\/wfe\/blog\/nota-despacho-de-santana-do-livramento-lei-do-piso-do-magisterio\/","og_site_name":"Federa\u00e7\u00e3o dos Municip\u00e1rios do Estado do Rio Grande do Sul","article_publisher":"https:\/\/www.facebook.com\/profile.php?id=100057151733001","article_published_time":"2022-06-08T21:51:01+00:00","article_modified_time":"2025-09-02T20:00:05+00:00","author":"adminfemergs","twitter_card":"summary_large_image","twitter_misc":{"Escrito por":"adminfemergs","Est. tempo de leitura":"1 minuto"},"schema":{"@context":"https:\/\/schema.org","@graph":[{"@type":"Article","@id":"https:\/\/femergs.com.br\/wfe\/blog\/nota-despacho-de-santana-do-livramento-lei-do-piso-do-magisterio\/#article","isPartOf":{"@id":"https:\/\/femergs.com.br\/wfe\/blog\/nota-despacho-de-santana-do-livramento-lei-do-piso-do-magisterio\/"},"author":{"name":"adminfemergs","@id":"https:\/\/femergs.com.br\/wfe\/#\/schema\/person\/f5558e6b5ffc044ee085016237dedb7f"},"headline":"NOTA &#8211; DESPACHO DE SANTANA DO LIVRAMENTO &#8211; LEI DO PISO DO MAGIST\u00c9RIO","datePublished":"2022-06-08T21:51:01+00:00","dateModified":"2025-09-02T20:00:05+00:00","mainEntityOfPage":{"@id":"https:\/\/femergs.com.br\/wfe\/blog\/nota-despacho-de-santana-do-livramento-lei-do-piso-do-magisterio\/"},"wordCount":297,"publisher":{"@id":"https:\/\/femergs.com.br\/wfe\/#organization"},"keywords":["NULL"],"articleSection":["Not\u00edcias Gerais"],"inLanguage":"pt-BR"},{"@type":"WebPage","@id":"https:\/\/femergs.com.br\/wfe\/blog\/nota-despacho-de-santana-do-livramento-lei-do-piso-do-magisterio\/","url":"https:\/\/femergs.com.br\/wfe\/blog\/nota-despacho-de-santana-do-livramento-lei-do-piso-do-magisterio\/","name":"NOTA - DESPACHO DE SANTANA DO LIVRAMENTO - LEI DO PISO DO MAGIST\u00c9RIO - Federa\u00e7\u00e3o dos Municip\u00e1rios do Estado do Rio Grande do Sul","isPartOf":{"@id":"https:\/\/femergs.com.br\/wfe\/#website"},"datePublished":"2022-06-08T21:51:01+00:00","dateModified":"2025-09-02T20:00:05+00:00","breadcrumb":{"@id":"https:\/\/femergs.com.br\/wfe\/blog\/nota-despacho-de-santana-do-livramento-lei-do-piso-do-magisterio\/#breadcrumb"},"inLanguage":"pt-BR","potentialAction":[{"@type":"ReadAction","target":["https:\/\/femergs.com.br\/wfe\/blog\/nota-despacho-de-santana-do-livramento-lei-do-piso-do-magisterio\/"]}]},{"@type":"BreadcrumbList","@id":"https:\/\/femergs.com.br\/wfe\/blog\/nota-despacho-de-santana-do-livramento-lei-do-piso-do-magisterio\/#breadcrumb","itemListElement":[{"@type":"ListItem","position":1,"name":"In\u00edcio","item":"https:\/\/femergs.com.br\/wfe\/"},{"@type":"ListItem","position":2,"name":"NOTA &#8211; DESPACHO DE SANTANA DO LIVRAMENTO &#8211; LEI DO PISO DO MAGIST\u00c9RIO"}]},{"@type":"WebSite","@id":"https:\/\/femergs.com.br\/wfe\/#website","url":"https:\/\/femergs.com.br\/wfe\/","name":"FEMERGS","description":"FEDERA\u00c7\u00c3O DOS MUNICIP\u00c1RIOS DO ESTADO DO RIO GRANDE DO SUL","publisher":{"@id":"https:\/\/femergs.com.br\/wfe\/#organization"},"potentialAction":[{"@type":"SearchAction","target":{"@type":"EntryPoint","urlTemplate":"https:\/\/femergs.com.br\/wfe\/?s={search_term_string}"},"query-input":{"@type":"PropertyValueSpecification","valueRequired":true,"valueName":"search_term_string"}}],"inLanguage":"pt-BR"},{"@type":"Organization","@id":"https:\/\/femergs.com.br\/wfe\/#organization","name":"FEMERGS","url":"https:\/\/femergs.com.br\/wfe\/","logo":{"@type":"ImageObject","inLanguage":"pt-BR","@id":"https:\/\/femergs.com.br\/wfe\/#\/schema\/logo\/image\/","url":"https:\/\/femergs.com.br\/wfe\/wp-content\/uploads\/2025\/06\/logotipo.png","contentUrl":"https:\/\/femergs.com.br\/wfe\/wp-content\/uploads\/2025\/06\/logotipo.png","width":500,"height":500,"caption":"FEMERGS"},"image":{"@id":"https:\/\/femergs.com.br\/wfe\/#\/schema\/logo\/image\/"},"sameAs":["https:\/\/www.facebook.com\/profile.php?id=100057151733001","https:\/\/www.instagram.com\/femergs_rs\/"]},{"@type":"Person","@id":"https:\/\/femergs.com.br\/wfe\/#\/schema\/person\/f5558e6b5ffc044ee085016237dedb7f","name":"adminfemergs","image":{"@type":"ImageObject","inLanguage":"pt-BR","@id":"https:\/\/femergs.com.br\/wfe\/#\/schema\/person\/image\/","url":"https:\/\/secure.gravatar.com\/avatar\/398642fa557cdd524617ad9b31c938845f071aeb3448b9c0aeb29aefc495337b?s=96&d=mm&r=g","contentUrl":"https:\/\/secure.gravatar.com\/avatar\/398642fa557cdd524617ad9b31c938845f071aeb3448b9c0aeb29aefc495337b?s=96&d=mm&r=g","caption":"adminfemergs"},"sameAs":["https:\/\/femergs.com.br\/wfe"],"url":"https:\/\/femergs.com.br\/wfe\/blog\/author\/adminfemergs\/"}]}},"uagb_featured_image_src":{"full":false,"thumbnail":false,"medium":false,"medium_large":false,"large":false,"1536x1536":false,"2048x2048":false,"ultp_layout_landscape_large":false,"ultp_layout_landscape":false,"ultp_layout_portrait":false,"ultp_layout_square":false},"uagb_author_info":{"display_name":"adminfemergs","author_link":"https:\/\/femergs.com.br\/wfe\/blog\/author\/adminfemergs\/"},"uagb_comment_info":0,"uagb_excerpt":"Nota Considerando a divulga\u00e7\u00e3o de informa\u00e7\u00e3o sobre o deferimento de cautelar para suspender os efeitos da Portaria 067\/2022\/MEC nos autos de a\u00e7\u00e3o judicial proposta no \u00e2mbito da Justi\u00e7a Federal pelo Munic\u00edpio de Santana do Livramento entendemos oportuno esclarecer o seguinte: Trata-se de decis\u00e3o cautelar (n\u00e3o \u00e9 decis\u00e3o definitiva), cujos efeitos provis\u00f3rios estendem-se unicamente ao Munic\u00edpio&hellip;","_links":{"self":[{"href":"https:\/\/femergs.com.br\/wfe\/wp-json\/wp\/v2\/posts\/1301","targetHints":{"allow":["GET"]}}],"collection":[{"href":"https:\/\/femergs.com.br\/wfe\/wp-json\/wp\/v2\/posts"}],"about":[{"href":"https:\/\/femergs.com.br\/wfe\/wp-json\/wp\/v2\/types\/post"}],"author":[{"embeddable":true,"href":"https:\/\/femergs.com.br\/wfe\/wp-json\/wp\/v2\/users\/1"}],"replies":[{"embeddable":true,"href":"https:\/\/femergs.com.br\/wfe\/wp-json\/wp\/v2\/comments?post=1301"}],"version-history":[{"count":1,"href":"https:\/\/femergs.com.br\/wfe\/wp-json\/wp\/v2\/posts\/1301\/revisions"}],"predecessor-version":[{"id":1511,"href":"https:\/\/femergs.com.br\/wfe\/wp-json\/wp\/v2\/posts\/1301\/revisions\/1511"}],"wp:attachment":[{"href":"https:\/\/femergs.com.br\/wfe\/wp-json\/wp\/v2\/media?parent=1301"}],"wp:term":[{"taxonomy":"category","embeddable":true,"href":"https:\/\/femergs.com.br\/wfe\/wp-json\/wp\/v2\/categories?post=1301"},{"taxonomy":"post_tag","embeddable":true,"href":"https:\/\/femergs.com.br\/wfe\/wp-json\/wp\/v2\/tags?post=1301"}],"curies":[{"name":"wp","href":"https:\/\/api.w.org\/{rel}","templated":true}]}}