{"id":1306,"date":"2022-10-07T17:17:53","date_gmt":"2022-10-07T17:17:53","guid":{"rendered":"https:\/\/femergs.com.br\/wfe\/blog\/eleicao-no-sindicato-dos-municiparios-de-sao-paulo-das-missoes\/"},"modified":"2025-09-02T20:00:05","modified_gmt":"2025-09-02T20:00:05","slug":"eleicao-no-sindicato-dos-municiparios-de-sao-paulo-das-missoes","status":"publish","type":"post","link":"https:\/\/femergs.com.br\/wfe\/blog\/eleicao-no-sindicato-dos-municiparios-de-sao-paulo-das-missoes\/","title":{"rendered":"ELEI\u00c7\u00c3O NO SINDICATO DOS MUNICIP\u00c1RIOS DE S\u00c3O PAULO DAS MISS\u00d5ES"},"content":{"rendered":"<p>\nNA DATA DE ONTEM 06 DE OUTUBRO DE 2022<br \/>\nFOI DIA DO SINDICATO DOS MUNICIPARIOS DE S\u00c3O PAULO DAS MISS\u00d5ES ELEGER SUA NOVA DIRETORIA.<br \/>\nELEITA COM APROVA\u00c7\u00c3O DE 89,00% DOS VOTOS V\u00c1LIDOS!!! QUE DEUS ABEN\u00c7OE A PRESIDENTE LUCIA THOMAS E AOS DEMAIS MEMBROS DA DIRETORIA!!!<br \/>\nPARAB\u00c9NS<br \/>\nTAMB\u00c9M A COMISS\u00c3O ELEITORAL PELO TRABALHO E TRANSPAR\u00caNCIA NESTA ELEI\u00c7\u00c3O E AO DR. EDUARDO, ASSESSOR JUR\u00cdDICO DA FEMERGS!!!<br \/>\n<strong>DIRETORIA ELEITA<br \/>\nPRESIDENTE: Lucia Thomas<br \/>\nVICE-PRESIDENTE: Lucas Fernando Schunemann<br \/>\nSECRET\u00c1RIA: Maria Roselaine Ferreira Glitz<br \/>\nVICE-SECRET\u00c1RIA: Carmen Regina Chiquim Engroff<br \/>\nTESOUREIRO: Valdir Mombach Zimermann<br \/>\nVICE- TESOUREIRO: Pedro Luis Schwarzer Zimmermann<br \/>\nSUPLENTE: Ros\u00e2ngela Marusiak Kapusta<br \/>\nSUPLENTE: Rita Maria Kramer Hertz<br \/>\nSUPLENTE: Venilda Gr\u00fctzmann Vorpagel<br \/>\nCONSELHO FISCAL &#8211; TITULAR: Marli Terezinha Scherer<br \/>\nCONSELHO FISCAL &#8211; TITULAR: Davi Rodrigues da Silva<br \/>\nCONSELHO FISCAL &#8211; TITULAR: Isabel Hahn<br \/>\nCONSELHO FISCAL &#8211; SUPLENTE: Marieta Weyh Dattein<br \/>\nCONSELHO FISCAL &#8211; SUPLENTE: Loreni Wagner Hoffmann<br \/>\nCONSELHO FISCAL &#8211; SUPLENTE: Gicelda de Matos Back<\/strong><\/p>\n<p><img decoding=\"async\" src=\"data:image\/gif;base64,R0lGODlhAQABAIAAAAAAAP\/\/\/ywAAAAAAQABAAACAUwAOw==\" fifu-lazy=\"1\" fifu-data-sizes=\"auto\" fifu-data-srcset=\"\/Im4g3nsN0t1cia\/geral\/images\/311285143_5792468537542486_128298774595944012_n.jpg?w=75&resize=75&ssl=1 75w, \/Im4g3nsN0t1cia\/geral\/images\/311285143_5792468537542486_128298774595944012_n.jpg?w=100&resize=100&ssl=1 100w, \/Im4g3nsN0t1cia\/geral\/images\/311285143_5792468537542486_128298774595944012_n.jpg?w=150&resize=150&ssl=1 150w, \/Im4g3nsN0t1cia\/geral\/images\/311285143_5792468537542486_128298774595944012_n.jpg?w=240&resize=240&ssl=1 240w, \/Im4g3nsN0t1cia\/geral\/images\/311285143_5792468537542486_128298774595944012_n.jpg?w=320&resize=320&ssl=1 320w, \/Im4g3nsN0t1cia\/geral\/images\/311285143_5792468537542486_128298774595944012_n.jpg?w=500&resize=500&ssl=1 500w, \/Im4g3nsN0t1cia\/geral\/images\/311285143_5792468537542486_128298774595944012_n.jpg?w=640&resize=640&ssl=1 640w, \/Im4g3nsN0t1cia\/geral\/images\/311285143_5792468537542486_128298774595944012_n.jpg?w=800&resize=800&ssl=1 800w, \/Im4g3nsN0t1cia\/geral\/images\/311285143_5792468537542486_128298774595944012_n.jpg?w=1024&resize=1024&ssl=1 1024w, \/Im4g3nsN0t1cia\/geral\/images\/311285143_5792468537542486_128298774595944012_n.jpg?w=1280&resize=1280&ssl=1 1280w, \/Im4g3nsN0t1cia\/geral\/images\/311285143_5792468537542486_128298774595944012_n.jpg?w=1600&resize=1600&ssl=1 1600w\" alt=\"\" fifu-data-src=\"\/Im4g3nsN0t1cia\/geral\/images\/311285143_5792468537542486_128298774595944012_n.jpg\" style=\"height:1200px; width:900px\" \/><\/p>\n","protected":false},"excerpt":{"rendered":"<p>NA DATA DE ONTEM 06 DE OUTUBRO DE 2022 FOI DIA DO SINDICATO DOS MUNICIPARIOS DE S\u00c3O PAULO DAS MISS\u00d5ES ELEGER SUA NOVA DIRETORIA. ELEITA COM APROVA\u00c7\u00c3O DE 89,00% DOS VOTOS V\u00c1LIDOS!!! QUE DEUS ABEN\u00c7OE A PRESIDENTE LUCIA THOMAS E AOS DEMAIS MEMBROS DA DIRETORIA!!! PARAB\u00c9NS TAMB\u00c9M A COMISS\u00c3O ELEITORAL PELO TRABALHO E TRANSPAR\u00caNCIA NESTA [&hellip;]<\/p>\n","protected":false},"author":1,"featured_media":2002,"comment_status":"closed","ping_status":"closed","sticky":false,"template":"","format":"standard","meta":{"_eb_attr":"","_uag_custom_page_level_css":"","fifu_image_url":"https:\/\/femergs.com.br\/Im4g3nsN0t1cia\/geral\/images\/311285143_5792468537542486_128298774595944012_n.jpg","fifu_image_alt":"","footnotes":""},"categories":[7],"tags":[32],"class_list":["post-1306","post","type-post","status-publish","format-standard","has-post-thumbnail","hentry","category-noticias","tag-null"],"yoast_head":"<!-- This site is optimized with the Yoast SEO plugin v27.1.1 - https:\/\/yoast.com\/product\/yoast-seo-wordpress\/ -->\n<title>ELEI\u00c7\u00c3O NO SINDICATO DOS MUNICIP\u00c1RIOS DE S\u00c3O PAULO DAS MISS\u00d5ES - Federa\u00e7\u00e3o dos Municip\u00e1rios do Estado do Rio Grande do Sul<\/title>\n<meta name=\"robots\" content=\"index, follow, max-snippet:-1, max-image-preview:large, max-video-preview:-1\" \/>\n<link rel=\"canonical\" href=\"https:\/\/femergs.com.br\/wfe\/blog\/eleicao-no-sindicato-dos-municiparios-de-sao-paulo-das-missoes\/\" \/>\n<meta property=\"og:locale\" content=\"pt_BR\" \/>\n<meta property=\"og:type\" content=\"article\" \/>\n<meta property=\"og:title\" content=\"ELEI\u00c7\u00c3O NO SINDICATO DOS MUNICIP\u00c1RIOS DE S\u00c3O PAULO DAS MISS\u00d5ES - Federa\u00e7\u00e3o dos Municip\u00e1rios do Estado do Rio Grande do Sul\" \/>\n<meta property=\"og:description\" content=\"NA DATA DE ONTEM 06 DE OUTUBRO DE 2022 FOI DIA DO SINDICATO DOS MUNICIPARIOS DE S\u00c3O PAULO DAS MISS\u00d5ES ELEGER SUA NOVA DIRETORIA. ELEITA COM APROVA\u00c7\u00c3O DE 89,00% DOS VOTOS V\u00c1LIDOS!!! QUE DEUS ABEN\u00c7OE A PRESIDENTE LUCIA THOMAS E AOS DEMAIS MEMBROS DA DIRETORIA!!! PARAB\u00c9NS TAMB\u00c9M A COMISS\u00c3O ELEITORAL PELO TRABALHO E TRANSPAR\u00caNCIA NESTA [&hellip;]\" \/>\n<meta property=\"og:url\" content=\"https:\/\/femergs.com.br\/wfe\/blog\/eleicao-no-sindicato-dos-municiparios-de-sao-paulo-das-missoes\/\" \/>\n<meta property=\"og:site_name\" content=\"Federa\u00e7\u00e3o dos Municip\u00e1rios do Estado do Rio Grande do Sul\" \/>\n<meta property=\"article:publisher\" content=\"https:\/\/www.facebook.com\/profile.php?id=100057151733001\" \/>\n<meta property=\"article:published_time\" content=\"2022-10-07T17:17:53+00:00\" \/>\n<meta property=\"article:modified_time\" content=\"2025-09-02T20:00:05+00:00\" \/>\n<meta property=\"og:image\" content=\"https:\/\/femergs.com.br\/Im4g3nsN0t1cia\/geral\/images\/311285143_5792468537542486_128298774595944012_n.jpg\" \/>\n<meta name=\"author\" content=\"adminfemergs\" \/>\n<meta name=\"twitter:card\" content=\"summary_large_image\" \/>\n<meta name=\"twitter:image\" content=\"https:\/\/femergs.com.br\/Im4g3nsN0t1cia\/geral\/images\/311285143_5792468537542486_128298774595944012_n.jpg\" \/>\n<meta name=\"twitter:label1\" content=\"Escrito por\" \/>\n\t<meta name=\"twitter:data1\" content=\"adminfemergs\" \/>\n\t<meta name=\"twitter:label2\" content=\"Est. tempo de leitura\" \/>\n\t<meta name=\"twitter:data2\" content=\"1 minuto\" \/>\n<script type=\"application\/ld+json\" class=\"yoast-schema-graph\">{\"@context\":\"https:\/\/schema.org\",\"@graph\":[{\"@type\":\"Article\",\"@id\":\"https:\/\/femergs.com.br\/wfe\/blog\/eleicao-no-sindicato-dos-municiparios-de-sao-paulo-das-missoes\/#article\",\"isPartOf\":{\"@id\":\"https:\/\/femergs.com.br\/wfe\/blog\/eleicao-no-sindicato-dos-municiparios-de-sao-paulo-das-missoes\/\"},\"author\":{\"name\":\"adminfemergs\",\"@id\":\"https:\/\/femergs.com.br\/wfe\/#\/schema\/person\/f5558e6b5ffc044ee085016237dedb7f\"},\"headline\":\"ELEI\u00c7\u00c3O NO SINDICATO DOS MUNICIP\u00c1RIOS DE S\u00c3O PAULO DAS MISS\u00d5ES\",\"datePublished\":\"2022-10-07T17:17:53+00:00\",\"dateModified\":\"2025-09-02T20:00:05+00:00\",\"mainEntityOfPage\":{\"@id\":\"https:\/\/femergs.com.br\/wfe\/blog\/eleicao-no-sindicato-dos-municiparios-de-sao-paulo-das-missoes\/\"},\"wordCount\":175,\"publisher\":{\"@id\":\"https:\/\/femergs.com.br\/wfe\/#organization\"},\"image\":{\"@id\":\"https:\/\/femergs.com.br\/wfe\/blog\/eleicao-no-sindicato-dos-municiparios-de-sao-paulo-das-missoes\/#primaryimage\"},\"thumbnailUrl\":\"https:\/\/i2.wp.com\/femergs.com.br\/Im4g3nsN0t1cia\/geral\/images\/311285143_5792468537542486_128298774595944012_n.jpg?ssl=1\",\"keywords\":[\"NULL\"],\"articleSection\":[\"Not\u00edcias Gerais\"],\"inLanguage\":\"pt-BR\"},{\"@type\":\"WebPage\",\"@id\":\"https:\/\/femergs.com.br\/wfe\/blog\/eleicao-no-sindicato-dos-municiparios-de-sao-paulo-das-missoes\/\",\"url\":\"https:\/\/femergs.com.br\/wfe\/blog\/eleicao-no-sindicato-dos-municiparios-de-sao-paulo-das-missoes\/\",\"name\":\"ELEI\u00c7\u00c3O NO SINDICATO DOS MUNICIP\u00c1RIOS DE S\u00c3O PAULO DAS MISS\u00d5ES - Federa\u00e7\u00e3o dos Municip\u00e1rios do Estado do Rio Grande do Sul\",\"isPartOf\":{\"@id\":\"https:\/\/femergs.com.br\/wfe\/#website\"},\"primaryImageOfPage\":{\"@id\":\"https:\/\/femergs.com.br\/wfe\/blog\/eleicao-no-sindicato-dos-municiparios-de-sao-paulo-das-missoes\/#primaryimage\"},\"image\":{\"@id\":\"https:\/\/femergs.com.br\/wfe\/blog\/eleicao-no-sindicato-dos-municiparios-de-sao-paulo-das-missoes\/#primaryimage\"},\"thumbnailUrl\":\"https:\/\/i2.wp.com\/femergs.com.br\/Im4g3nsN0t1cia\/geral\/images\/311285143_5792468537542486_128298774595944012_n.jpg?ssl=1\",\"datePublished\":\"2022-10-07T17:17:53+00:00\",\"dateModified\":\"2025-09-02T20:00:05+00:00\",\"breadcrumb\":{\"@id\":\"https:\/\/femergs.com.br\/wfe\/blog\/eleicao-no-sindicato-dos-municiparios-de-sao-paulo-das-missoes\/#breadcrumb\"},\"inLanguage\":\"pt-BR\",\"potentialAction\":[{\"@type\":\"ReadAction\",\"target\":[\"https:\/\/femergs.com.br\/wfe\/blog\/eleicao-no-sindicato-dos-municiparios-de-sao-paulo-das-missoes\/\"]}]},{\"@type\":\"ImageObject\",\"inLanguage\":\"pt-BR\",\"@id\":\"https:\/\/femergs.com.br\/wfe\/blog\/eleicao-no-sindicato-dos-municiparios-de-sao-paulo-das-missoes\/#primaryimage\",\"url\":\"https:\/\/i2.wp.com\/femergs.com.br\/Im4g3nsN0t1cia\/geral\/images\/311285143_5792468537542486_128298774595944012_n.jpg?ssl=1\",\"contentUrl\":\"https:\/\/i2.wp.com\/femergs.com.br\/Im4g3nsN0t1cia\/geral\/images\/311285143_5792468537542486_128298774595944012_n.jpg?ssl=1\"},{\"@type\":\"BreadcrumbList\",\"@id\":\"https:\/\/femergs.com.br\/wfe\/blog\/eleicao-no-sindicato-dos-municiparios-de-sao-paulo-das-missoes\/#breadcrumb\",\"itemListElement\":[{\"@type\":\"ListItem\",\"position\":1,\"name\":\"In\u00edcio\",\"item\":\"https:\/\/femergs.com.br\/wfe\/\"},{\"@type\":\"ListItem\",\"position\":2,\"name\":\"ELEI\u00c7\u00c3O NO SINDICATO DOS MUNICIP\u00c1RIOS DE S\u00c3O PAULO DAS MISS\u00d5ES\"}]},{\"@type\":\"WebSite\",\"@id\":\"https:\/\/femergs.com.br\/wfe\/#website\",\"url\":\"https:\/\/femergs.com.br\/wfe\/\",\"name\":\"FEMERGS\",\"description\":\"FEDERA\u00c7\u00c3O DOS MUNICIP\u00c1RIOS DO ESTADO DO RIO GRANDE DO SUL\",\"publisher\":{\"@id\":\"https:\/\/femergs.com.br\/wfe\/#organization\"},\"potentialAction\":[{\"@type\":\"SearchAction\",\"target\":{\"@type\":\"EntryPoint\",\"urlTemplate\":\"https:\/\/femergs.com.br\/wfe\/?s={search_term_string}\"},\"query-input\":{\"@type\":\"PropertyValueSpecification\",\"valueRequired\":true,\"valueName\":\"search_term_string\"}}],\"inLanguage\":\"pt-BR\"},{\"@type\":\"Organization\",\"@id\":\"https:\/\/femergs.com.br\/wfe\/#organization\",\"name\":\"FEMERGS\",\"url\":\"https:\/\/femergs.com.br\/wfe\/\",\"logo\":{\"@type\":\"ImageObject\",\"inLanguage\":\"pt-BR\",\"@id\":\"https:\/\/femergs.com.br\/wfe\/#\/schema\/logo\/image\/\",\"url\":\"https:\/\/femergs.com.br\/wfe\/wp-content\/uploads\/2025\/06\/logotipo.png\",\"contentUrl\":\"https:\/\/femergs.com.br\/wfe\/wp-content\/uploads\/2025\/06\/logotipo.png\",\"width\":500,\"height\":500,\"caption\":\"FEMERGS\"},\"image\":{\"@id\":\"https:\/\/femergs.com.br\/wfe\/#\/schema\/logo\/image\/\"},\"sameAs\":[\"https:\/\/www.facebook.com\/profile.php?id=100057151733001\",\"https:\/\/www.instagram.com\/femergs_rs\/\"]},{\"@type\":\"Person\",\"@id\":\"https:\/\/femergs.com.br\/wfe\/#\/schema\/person\/f5558e6b5ffc044ee085016237dedb7f\",\"name\":\"adminfemergs\",\"image\":{\"@type\":\"ImageObject\",\"inLanguage\":\"pt-BR\",\"@id\":\"https:\/\/femergs.com.br\/wfe\/#\/schema\/person\/image\/\",\"url\":\"https:\/\/secure.gravatar.com\/avatar\/398642fa557cdd524617ad9b31c938845f071aeb3448b9c0aeb29aefc495337b?s=96&d=mm&r=g\",\"contentUrl\":\"https:\/\/secure.gravatar.com\/avatar\/398642fa557cdd524617ad9b31c938845f071aeb3448b9c0aeb29aefc495337b?s=96&d=mm&r=g\",\"caption\":\"adminfemergs\"},\"sameAs\":[\"https:\/\/femergs.com.br\/wfe\"],\"url\":\"https:\/\/femergs.com.br\/wfe\/blog\/author\/adminfemergs\/\"}]}<\/script>\n<!-- \/ Yoast SEO plugin. -->","yoast_head_json":{"title":"ELEI\u00c7\u00c3O NO SINDICATO DOS MUNICIP\u00c1RIOS DE S\u00c3O PAULO DAS MISS\u00d5ES - Federa\u00e7\u00e3o dos Municip\u00e1rios do Estado do Rio Grande do Sul","robots":{"index":"index","follow":"follow","max-snippet":"max-snippet:-1","max-image-preview":"max-image-preview:large","max-video-preview":"max-video-preview:-1"},"canonical":"https:\/\/femergs.com.br\/wfe\/blog\/eleicao-no-sindicato-dos-municiparios-de-sao-paulo-das-missoes\/","og_locale":"pt_BR","og_type":"article","og_title":"ELEI\u00c7\u00c3O NO SINDICATO DOS MUNICIP\u00c1RIOS DE S\u00c3O PAULO DAS MISS\u00d5ES - Federa\u00e7\u00e3o dos Municip\u00e1rios do Estado do Rio Grande do Sul","og_description":"NA DATA DE ONTEM 06 DE OUTUBRO DE 2022 FOI DIA DO SINDICATO DOS MUNICIPARIOS DE S\u00c3O PAULO DAS MISS\u00d5ES ELEGER SUA NOVA DIRETORIA. ELEITA COM APROVA\u00c7\u00c3O DE 89,00% DOS VOTOS V\u00c1LIDOS!!! QUE DEUS ABEN\u00c7OE A PRESIDENTE LUCIA THOMAS E AOS DEMAIS MEMBROS DA DIRETORIA!!! PARAB\u00c9NS TAMB\u00c9M A COMISS\u00c3O ELEITORAL PELO TRABALHO E TRANSPAR\u00caNCIA NESTA [&hellip;]","og_url":"https:\/\/femergs.com.br\/wfe\/blog\/eleicao-no-sindicato-dos-municiparios-de-sao-paulo-das-missoes\/","og_site_name":"Federa\u00e7\u00e3o dos Municip\u00e1rios do Estado do Rio Grande do Sul","article_publisher":"https:\/\/www.facebook.com\/profile.php?id=100057151733001","article_published_time":"2022-10-07T17:17:53+00:00","article_modified_time":"2025-09-02T20:00:05+00:00","og_image":[{"url":"https:\/\/femergs.com.br\/Im4g3nsN0t1cia\/geral\/images\/311285143_5792468537542486_128298774595944012_n.jpg","type":"","width":"","height":""}],"author":"adminfemergs","twitter_card":"summary_large_image","twitter_image":"https:\/\/femergs.com.br\/Im4g3nsN0t1cia\/geral\/images\/311285143_5792468537542486_128298774595944012_n.jpg","twitter_misc":{"Escrito por":"adminfemergs","Est. tempo de leitura":"1 minuto"},"schema":{"@context":"https:\/\/schema.org","@graph":[{"@type":"Article","@id":"https:\/\/femergs.com.br\/wfe\/blog\/eleicao-no-sindicato-dos-municiparios-de-sao-paulo-das-missoes\/#article","isPartOf":{"@id":"https:\/\/femergs.com.br\/wfe\/blog\/eleicao-no-sindicato-dos-municiparios-de-sao-paulo-das-missoes\/"},"author":{"name":"adminfemergs","@id":"https:\/\/femergs.com.br\/wfe\/#\/schema\/person\/f5558e6b5ffc044ee085016237dedb7f"},"headline":"ELEI\u00c7\u00c3O NO SINDICATO DOS MUNICIP\u00c1RIOS DE S\u00c3O PAULO DAS MISS\u00d5ES","datePublished":"2022-10-07T17:17:53+00:00","dateModified":"2025-09-02T20:00:05+00:00","mainEntityOfPage":{"@id":"https:\/\/femergs.com.br\/wfe\/blog\/eleicao-no-sindicato-dos-municiparios-de-sao-paulo-das-missoes\/"},"wordCount":175,"publisher":{"@id":"https:\/\/femergs.com.br\/wfe\/#organization"},"image":{"@id":"https:\/\/femergs.com.br\/wfe\/blog\/eleicao-no-sindicato-dos-municiparios-de-sao-paulo-das-missoes\/#primaryimage"},"thumbnailUrl":"https:\/\/i2.wp.com\/femergs.com.br\/Im4g3nsN0t1cia\/geral\/images\/311285143_5792468537542486_128298774595944012_n.jpg?ssl=1","keywords":["NULL"],"articleSection":["Not\u00edcias Gerais"],"inLanguage":"pt-BR"},{"@type":"WebPage","@id":"https:\/\/femergs.com.br\/wfe\/blog\/eleicao-no-sindicato-dos-municiparios-de-sao-paulo-das-missoes\/","url":"https:\/\/femergs.com.br\/wfe\/blog\/eleicao-no-sindicato-dos-municiparios-de-sao-paulo-das-missoes\/","name":"ELEI\u00c7\u00c3O NO SINDICATO DOS MUNICIP\u00c1RIOS DE S\u00c3O PAULO DAS MISS\u00d5ES - Federa\u00e7\u00e3o dos Municip\u00e1rios do Estado do Rio Grande do Sul","isPartOf":{"@id":"https:\/\/femergs.com.br\/wfe\/#website"},"primaryImageOfPage":{"@id":"https:\/\/femergs.com.br\/wfe\/blog\/eleicao-no-sindicato-dos-municiparios-de-sao-paulo-das-missoes\/#primaryimage"},"image":{"@id":"https:\/\/femergs.com.br\/wfe\/blog\/eleicao-no-sindicato-dos-municiparios-de-sao-paulo-das-missoes\/#primaryimage"},"thumbnailUrl":"https:\/\/i2.wp.com\/femergs.com.br\/Im4g3nsN0t1cia\/geral\/images\/311285143_5792468537542486_128298774595944012_n.jpg?ssl=1","datePublished":"2022-10-07T17:17:53+00:00","dateModified":"2025-09-02T20:00:05+00:00","breadcrumb":{"@id":"https:\/\/femergs.com.br\/wfe\/blog\/eleicao-no-sindicato-dos-municiparios-de-sao-paulo-das-missoes\/#breadcrumb"},"inLanguage":"pt-BR","potentialAction":[{"@type":"ReadAction","target":["https:\/\/femergs.com.br\/wfe\/blog\/eleicao-no-sindicato-dos-municiparios-de-sao-paulo-das-missoes\/"]}]},{"@type":"ImageObject","inLanguage":"pt-BR","@id":"https:\/\/femergs.com.br\/wfe\/blog\/eleicao-no-sindicato-dos-municiparios-de-sao-paulo-das-missoes\/#primaryimage","url":"https:\/\/i2.wp.com\/femergs.com.br\/Im4g3nsN0t1cia\/geral\/images\/311285143_5792468537542486_128298774595944012_n.jpg?ssl=1","contentUrl":"https:\/\/i2.wp.com\/femergs.com.br\/Im4g3nsN0t1cia\/geral\/images\/311285143_5792468537542486_128298774595944012_n.jpg?ssl=1"},{"@type":"BreadcrumbList","@id":"https:\/\/femergs.com.br\/wfe\/blog\/eleicao-no-sindicato-dos-municiparios-de-sao-paulo-das-missoes\/#breadcrumb","itemListElement":[{"@type":"ListItem","position":1,"name":"In\u00edcio","item":"https:\/\/femergs.com.br\/wfe\/"},{"@type":"ListItem","position":2,"name":"ELEI\u00c7\u00c3O NO SINDICATO DOS MUNICIP\u00c1RIOS DE S\u00c3O PAULO DAS MISS\u00d5ES"}]},{"@type":"WebSite","@id":"https:\/\/femergs.com.br\/wfe\/#website","url":"https:\/\/femergs.com.br\/wfe\/","name":"FEMERGS","description":"FEDERA\u00c7\u00c3O DOS MUNICIP\u00c1RIOS DO ESTADO DO RIO GRANDE DO SUL","publisher":{"@id":"https:\/\/femergs.com.br\/wfe\/#organization"},"potentialAction":[{"@type":"SearchAction","target":{"@type":"EntryPoint","urlTemplate":"https:\/\/femergs.com.br\/wfe\/?s={search_term_string}"},"query-input":{"@type":"PropertyValueSpecification","valueRequired":true,"valueName":"search_term_string"}}],"inLanguage":"pt-BR"},{"@type":"Organization","@id":"https:\/\/femergs.com.br\/wfe\/#organization","name":"FEMERGS","url":"https:\/\/femergs.com.br\/wfe\/","logo":{"@type":"ImageObject","inLanguage":"pt-BR","@id":"https:\/\/femergs.com.br\/wfe\/#\/schema\/logo\/image\/","url":"https:\/\/femergs.com.br\/wfe\/wp-content\/uploads\/2025\/06\/logotipo.png","contentUrl":"https:\/\/femergs.com.br\/wfe\/wp-content\/uploads\/2025\/06\/logotipo.png","width":500,"height":500,"caption":"FEMERGS"},"image":{"@id":"https:\/\/femergs.com.br\/wfe\/#\/schema\/logo\/image\/"},"sameAs":["https:\/\/www.facebook.com\/profile.php?id=100057151733001","https:\/\/www.instagram.com\/femergs_rs\/"]},{"@type":"Person","@id":"https:\/\/femergs.com.br\/wfe\/#\/schema\/person\/f5558e6b5ffc044ee085016237dedb7f","name":"adminfemergs","image":{"@type":"ImageObject","inLanguage":"pt-BR","@id":"https:\/\/femergs.com.br\/wfe\/#\/schema\/person\/image\/","url":"https:\/\/secure.gravatar.com\/avatar\/398642fa557cdd524617ad9b31c938845f071aeb3448b9c0aeb29aefc495337b?s=96&d=mm&r=g","contentUrl":"https:\/\/secure.gravatar.com\/avatar\/398642fa557cdd524617ad9b31c938845f071aeb3448b9c0aeb29aefc495337b?s=96&d=mm&r=g","caption":"adminfemergs"},"sameAs":["https:\/\/femergs.com.br\/wfe"],"url":"https:\/\/femergs.com.br\/wfe\/blog\/author\/adminfemergs\/"}]}},"uagb_featured_image_src":{"full":["https:\/\/i2.wp.com\/femergs.com.br\/Im4g3nsN0t1cia\/geral\/images\/311285143_5792468537542486_128298774595944012_n.jpg?ssl=1",0,0,false],"thumbnail":["https:\/\/i1.wp.com\/femergs.com.br\/Im4g3nsN0t1cia\/geral\/images\/311285143_5792468537542486_128298774595944012_n.jpg?w=150&resize=150,150&ssl=1",150,150,true],"medium":["https:\/\/i1.wp.com\/femergs.com.br\/Im4g3nsN0t1cia\/geral\/images\/311285143_5792468537542486_128298774595944012_n.jpg?w=300&resize=300,300&ssl=1",300,300,true],"medium_large":["https:\/\/i1.wp.com\/femergs.com.br\/Im4g3nsN0t1cia\/geral\/images\/311285143_5792468537542486_128298774595944012_n.jpg?w=768&resize=768,0&ssl=1",768,0,true],"large":["https:\/\/i1.wp.com\/femergs.com.br\/Im4g3nsN0t1cia\/geral\/images\/311285143_5792468537542486_128298774595944012_n.jpg?w=1024&resize=1024,1024&ssl=1",1024,1024,true],"1536x1536":["https:\/\/i1.wp.com\/femergs.com.br\/Im4g3nsN0t1cia\/geral\/images\/311285143_5792468537542486_128298774595944012_n.jpg?w=1536&resize=1536,1536&ssl=1",1536,1536,true],"2048x2048":["https:\/\/i1.wp.com\/femergs.com.br\/Im4g3nsN0t1cia\/geral\/images\/311285143_5792468537542486_128298774595944012_n.jpg?w=2048&resize=2048,2048&ssl=1",2048,2048,true],"ultp_layout_landscape_large":["https:\/\/i1.wp.com\/femergs.com.br\/Im4g3nsN0t1cia\/geral\/images\/311285143_5792468537542486_128298774595944012_n.jpg?w=1200&resize=1200,800&ssl=1",1200,800,true],"ultp_layout_landscape":["https:\/\/i1.wp.com\/femergs.com.br\/Im4g3nsN0t1cia\/geral\/images\/311285143_5792468537542486_128298774595944012_n.jpg?w=870&resize=870,570&ssl=1",870,570,true],"ultp_layout_portrait":["https:\/\/i1.wp.com\/femergs.com.br\/Im4g3nsN0t1cia\/geral\/images\/311285143_5792468537542486_128298774595944012_n.jpg?w=600&resize=600,900&ssl=1",600,900,true],"ultp_layout_square":["https:\/\/i1.wp.com\/femergs.com.br\/Im4g3nsN0t1cia\/geral\/images\/311285143_5792468537542486_128298774595944012_n.jpg?w=600&resize=600,600&ssl=1",600,600,true]},"uagb_author_info":{"display_name":"adminfemergs","author_link":"https:\/\/femergs.com.br\/wfe\/blog\/author\/adminfemergs\/"},"uagb_comment_info":0,"uagb_excerpt":"NA DATA DE ONTEM 06 DE OUTUBRO DE 2022 FOI DIA DO SINDICATO DOS MUNICIPARIOS DE S\u00c3O PAULO DAS MISS\u00d5ES ELEGER SUA NOVA DIRETORIA. ELEITA COM APROVA\u00c7\u00c3O DE 89,00% DOS VOTOS V\u00c1LIDOS!!! QUE DEUS ABEN\u00c7OE A PRESIDENTE LUCIA THOMAS E AOS DEMAIS MEMBROS DA DIRETORIA!!! PARAB\u00c9NS TAMB\u00c9M A COMISS\u00c3O ELEITORAL PELO TRABALHO E TRANSPAR\u00caNCIA NESTA&hellip;","_links":{"self":[{"href":"https:\/\/femergs.com.br\/wfe\/wp-json\/wp\/v2\/posts\/1306","targetHints":{"allow":["GET"]}}],"collection":[{"href":"https:\/\/femergs.com.br\/wfe\/wp-json\/wp\/v2\/posts"}],"about":[{"href":"https:\/\/femergs.com.br\/wfe\/wp-json\/wp\/v2\/types\/post"}],"author":[{"embeddable":true,"href":"https:\/\/femergs.com.br\/wfe\/wp-json\/wp\/v2\/users\/1"}],"replies":[{"embeddable":true,"href":"https:\/\/femergs.com.br\/wfe\/wp-json\/wp\/v2\/comments?post=1306"}],"version-history":[{"count":1,"href":"https:\/\/femergs.com.br\/wfe\/wp-json\/wp\/v2\/posts\/1306\/revisions"}],"predecessor-version":[{"id":1504,"href":"https:\/\/femergs.com.br\/wfe\/wp-json\/wp\/v2\/posts\/1306\/revisions\/1504"}],"wp:featuredmedia":[{"embeddable":true,"href":"https:\/\/femergs.com.br\/wfe\/wp-json\/wp\/v2\/media\/2002"}],"wp:attachment":[{"href":"https:\/\/femergs.com.br\/wfe\/wp-json\/wp\/v2\/media?parent=1306"}],"wp:term":[{"taxonomy":"category","embeddable":true,"href":"https:\/\/femergs.com.br\/wfe\/wp-json\/wp\/v2\/categories?post=1306"},{"taxonomy":"post_tag","embeddable":true,"href":"https:\/\/femergs.com.br\/wfe\/wp-json\/wp\/v2\/tags?post=1306"}],"curies":[{"name":"wp","href":"https:\/\/api.w.org\/{rel}","templated":true}]}}