{"id":1314,"date":"2023-01-27T16:55:01","date_gmt":"2023-01-27T16:55:01","guid":{"rendered":"https:\/\/femergs.com.br\/wfe\/blog\/informativo-semanal\/"},"modified":"2023-01-27T16:55:01","modified_gmt":"2023-01-27T16:55:01","slug":"informativo-semanal","status":"publish","type":"post","link":"https:\/\/femergs.com.br\/wfe\/blog\/informativo-semanal\/","title":{"rendered":"Informativo Semanal"},"content":{"rendered":"<p>A Diretora de Forma\u00e7\u00e3o <strong>FEMERGS<\/strong>, <strong>Clarice Mainardi<\/strong>, participou a convite do Sindicato dos Municiparios de Crissiumal e do Presidente da C\u00e2mara de Vereadores de uma  reuni\u00e3o para apresentar os dados economia do munic\u00edpio dos \u00faltimos fez anos objetivando viabilizar  com base nestes dados os servidores e Vereadores possam buscar junto a administra\u00e7\u00e3o municipal  uma reposi\u00e7\u00e3o salarial com ganho real para 2023. O prefeito infelizmente n\u00e3o compareceu, e dos nove vereadores sete se fizeram presente mostrando apoio a reinvindica\u00e7\u00e3o do Sindicato para os servidores.<\/p>\n<p>\n<strong>COMUNICADO AOS COLEGAS DO SIMTP:<\/p>\n<p>A Diretoria do SIMTP comunica aos colegas municip\u00e1rios s\u00f3cios e n\u00e3o s\u00f3cios que na Sess\u00e3o Extraordin\u00e1ria da C\u00e2mara de Vereadores de Tr\u00eas Passos realizada ontem dia 23 de janeiro, foi aprovada a Reforma da Previd\u00eancia de Tr\u00eas Passos. Tal altera\u00e7\u00e3o legislativa se impunha desde a aprova\u00e7\u00e3o, no \u00e2mbito federal, da EC 103\/19. Ap\u00f3s um longo processo constitu\u00eddo de muitas reuni\u00f5es, debates, assessoria t\u00e9cnica, com muito empenho este sindicato sempre primou pela garantia dos diretos dos Servidores Municipais, evitando ao m\u00e1ximo poss\u00edvel altera\u00e7\u00f5es em seu detrimento. Desta forma, nos empenhamos na defesa da manuten\u00e7\u00e3o das regras de aposentadoria ent\u00e3o vigentes para os servidores ativos e consequentemente sem altera\u00e7\u00e3o para os aposentados e pensionistas, assim, temas a exemplo da contribui\u00e7\u00e3o previdenci\u00e1ria, da idade e do tempo de contribui\u00e7\u00e3o, entre outros, foram mantidos sem altera\u00e7\u00e3o. Importante garantia foi especialmente assegurada atrav\u00e9s da inclus\u00e3o de artigo espec\u00edfico da aposentadoria especial para servidores portadores de necessidades especiais e expostos a atividades insalubres.<\/p>\n<p>O SINDICATO SOMOS TODOS N\u00d3S!!! <\/strong><br \/>\n<img decoding=\"async\" src=\"data:image\/gif;base64,R0lGODlhAQABAIAAAAAAAP\/\/\/ywAAAAAAQABAAACAUwAOw==\" fifu-lazy=\"1\" fifu-data-sizes=\"auto\" fifu-data-srcset=\"\/Im4g3nsN0t1cia\/geral\/images\/WhatsApp_Image_2023-01-24_at_13_32_45.jpeg?w=75&resize=75&ssl=1 75w, \/Im4g3nsN0t1cia\/geral\/images\/WhatsApp_Image_2023-01-24_at_13_32_45.jpeg?w=100&resize=100&ssl=1 100w, \/Im4g3nsN0t1cia\/geral\/images\/WhatsApp_Image_2023-01-24_at_13_32_45.jpeg?w=150&resize=150&ssl=1 150w, \/Im4g3nsN0t1cia\/geral\/images\/WhatsApp_Image_2023-01-24_at_13_32_45.jpeg?w=240&resize=240&ssl=1 240w, \/Im4g3nsN0t1cia\/geral\/images\/WhatsApp_Image_2023-01-24_at_13_32_45.jpeg?w=320&resize=320&ssl=1 320w, \/Im4g3nsN0t1cia\/geral\/images\/WhatsApp_Image_2023-01-24_at_13_32_45.jpeg?w=500&resize=500&ssl=1 500w, \/Im4g3nsN0t1cia\/geral\/images\/WhatsApp_Image_2023-01-24_at_13_32_45.jpeg?w=640&resize=640&ssl=1 640w, \/Im4g3nsN0t1cia\/geral\/images\/WhatsApp_Image_2023-01-24_at_13_32_45.jpeg?w=800&resize=800&ssl=1 800w, \/Im4g3nsN0t1cia\/geral\/images\/WhatsApp_Image_2023-01-24_at_13_32_45.jpeg?w=1024&resize=1024&ssl=1 1024w, \/Im4g3nsN0t1cia\/geral\/images\/WhatsApp_Image_2023-01-24_at_13_32_45.jpeg?w=1280&resize=1280&ssl=1 1280w, \/Im4g3nsN0t1cia\/geral\/images\/WhatsApp_Image_2023-01-24_at_13_32_45.jpeg?w=1600&resize=1600&ssl=1 1600w\" alt=\"\" fifu-data-src=\"\/Im4g3nsN0t1cia\/geral\/images\/WhatsApp_Image_2023-01-24_at_13_32_45.jpeg\" style=\"height:720px; width:1280px\" \/><\/p>\n","protected":false},"excerpt":{"rendered":"<p>A Diretora de Forma\u00e7\u00e3o FEMERGS, Clarice Mainardi, participou a convite do Sindicato dos Municiparios de Crissiumal e do Presidente da C\u00e2mara de Vereadores de uma reuni\u00e3o para apresentar os dados economia do munic\u00edpio dos \u00faltimos fez anos objetivando viabilizar com base nestes dados os servidores e Vereadores possam buscar junto a administra\u00e7\u00e3o municipal uma reposi\u00e7\u00e3o [&hellip;]<\/p>\n","protected":false},"author":1,"featured_media":0,"comment_status":"closed","ping_status":"closed","sticky":false,"template":"","format":"standard","meta":{"_eb_attr":"","_uag_custom_page_level_css":"","fifu_image_url":"","fifu_image_alt":"","footnotes":""},"categories":[1],"tags":[32],"class_list":["post-1314","post","type-post","status-publish","format-standard","hentry","category-arquivadas","tag-null"],"yoast_head":"<!-- This site is optimized with the Yoast SEO plugin v27.1.1 - https:\/\/yoast.com\/product\/yoast-seo-wordpress\/ -->\n<title>Informativo Semanal - Federa\u00e7\u00e3o dos Municip\u00e1rios do Estado do Rio Grande do Sul<\/title>\n<meta name=\"robots\" content=\"index, follow, max-snippet:-1, max-image-preview:large, max-video-preview:-1\" \/>\n<link rel=\"canonical\" href=\"https:\/\/femergs.com.br\/wfe\/blog\/informativo-semanal\/\" \/>\n<meta property=\"og:locale\" content=\"pt_BR\" \/>\n<meta property=\"og:type\" content=\"article\" \/>\n<meta property=\"og:title\" content=\"Informativo Semanal - Federa\u00e7\u00e3o dos Municip\u00e1rios do Estado do Rio Grande do Sul\" \/>\n<meta property=\"og:description\" content=\"A Diretora de Forma\u00e7\u00e3o FEMERGS, Clarice Mainardi, participou a convite do Sindicato dos Municiparios de Crissiumal e do Presidente da C\u00e2mara de Vereadores de uma reuni\u00e3o para apresentar os dados economia do munic\u00edpio dos \u00faltimos fez anos objetivando viabilizar com base nestes dados os servidores e Vereadores possam buscar junto a administra\u00e7\u00e3o municipal uma reposi\u00e7\u00e3o [&hellip;]\" \/>\n<meta property=\"og:url\" content=\"https:\/\/femergs.com.br\/wfe\/blog\/informativo-semanal\/\" \/>\n<meta property=\"og:site_name\" content=\"Federa\u00e7\u00e3o dos Municip\u00e1rios do Estado do Rio Grande do Sul\" \/>\n<meta property=\"article:publisher\" content=\"https:\/\/www.facebook.com\/profile.php?id=100057151733001\" \/>\n<meta property=\"article:published_time\" content=\"2023-01-27T16:55:01+00:00\" \/>\n<meta name=\"author\" content=\"adminfemergs\" \/>\n<meta name=\"twitter:card\" content=\"summary_large_image\" \/>\n<meta name=\"twitter:label1\" content=\"Escrito por\" \/>\n\t<meta name=\"twitter:data1\" content=\"adminfemergs\" \/>\n\t<meta name=\"twitter:label2\" content=\"Est. tempo de leitura\" \/>\n\t<meta name=\"twitter:data2\" content=\"1 minuto\" \/>\n<script type=\"application\/ld+json\" class=\"yoast-schema-graph\">{\"@context\":\"https:\/\/schema.org\",\"@graph\":[{\"@type\":\"Article\",\"@id\":\"https:\/\/femergs.com.br\/wfe\/blog\/informativo-semanal\/#article\",\"isPartOf\":{\"@id\":\"https:\/\/femergs.com.br\/wfe\/blog\/informativo-semanal\/\"},\"author\":{\"name\":\"adminfemergs\",\"@id\":\"https:\/\/femergs.com.br\/wfe\/#\/schema\/person\/f5558e6b5ffc044ee085016237dedb7f\"},\"headline\":\"Informativo Semanal\",\"datePublished\":\"2023-01-27T16:55:01+00:00\",\"mainEntityOfPage\":{\"@id\":\"https:\/\/femergs.com.br\/wfe\/blog\/informativo-semanal\/\"},\"wordCount\":287,\"publisher\":{\"@id\":\"https:\/\/femergs.com.br\/wfe\/#organization\"},\"keywords\":[\"NULL\"],\"articleSection\":[\"ARQUIVADAS\"],\"inLanguage\":\"pt-BR\"},{\"@type\":\"WebPage\",\"@id\":\"https:\/\/femergs.com.br\/wfe\/blog\/informativo-semanal\/\",\"url\":\"https:\/\/femergs.com.br\/wfe\/blog\/informativo-semanal\/\",\"name\":\"Informativo Semanal - Federa\u00e7\u00e3o dos Municip\u00e1rios do Estado do Rio Grande do Sul\",\"isPartOf\":{\"@id\":\"https:\/\/femergs.com.br\/wfe\/#website\"},\"datePublished\":\"2023-01-27T16:55:01+00:00\",\"breadcrumb\":{\"@id\":\"https:\/\/femergs.com.br\/wfe\/blog\/informativo-semanal\/#breadcrumb\"},\"inLanguage\":\"pt-BR\",\"potentialAction\":[{\"@type\":\"ReadAction\",\"target\":[\"https:\/\/femergs.com.br\/wfe\/blog\/informativo-semanal\/\"]}]},{\"@type\":\"BreadcrumbList\",\"@id\":\"https:\/\/femergs.com.br\/wfe\/blog\/informativo-semanal\/#breadcrumb\",\"itemListElement\":[{\"@type\":\"ListItem\",\"position\":1,\"name\":\"In\u00edcio\",\"item\":\"https:\/\/femergs.com.br\/wfe\/\"},{\"@type\":\"ListItem\",\"position\":2,\"name\":\"Informativo Semanal\"}]},{\"@type\":\"WebSite\",\"@id\":\"https:\/\/femergs.com.br\/wfe\/#website\",\"url\":\"https:\/\/femergs.com.br\/wfe\/\",\"name\":\"FEMERGS\",\"description\":\"FEDERA\u00c7\u00c3O DOS MUNICIP\u00c1RIOS DO ESTADO DO RIO GRANDE DO SUL\",\"publisher\":{\"@id\":\"https:\/\/femergs.com.br\/wfe\/#organization\"},\"potentialAction\":[{\"@type\":\"SearchAction\",\"target\":{\"@type\":\"EntryPoint\",\"urlTemplate\":\"https:\/\/femergs.com.br\/wfe\/?s={search_term_string}\"},\"query-input\":{\"@type\":\"PropertyValueSpecification\",\"valueRequired\":true,\"valueName\":\"search_term_string\"}}],\"inLanguage\":\"pt-BR\"},{\"@type\":\"Organization\",\"@id\":\"https:\/\/femergs.com.br\/wfe\/#organization\",\"name\":\"FEMERGS\",\"url\":\"https:\/\/femergs.com.br\/wfe\/\",\"logo\":{\"@type\":\"ImageObject\",\"inLanguage\":\"pt-BR\",\"@id\":\"https:\/\/femergs.com.br\/wfe\/#\/schema\/logo\/image\/\",\"url\":\"https:\/\/femergs.com.br\/wfe\/wp-content\/uploads\/2025\/06\/logotipo.png\",\"contentUrl\":\"https:\/\/femergs.com.br\/wfe\/wp-content\/uploads\/2025\/06\/logotipo.png\",\"width\":500,\"height\":500,\"caption\":\"FEMERGS\"},\"image\":{\"@id\":\"https:\/\/femergs.com.br\/wfe\/#\/schema\/logo\/image\/\"},\"sameAs\":[\"https:\/\/www.facebook.com\/profile.php?id=100057151733001\",\"https:\/\/www.instagram.com\/femergs_rs\/\"]},{\"@type\":\"Person\",\"@id\":\"https:\/\/femergs.com.br\/wfe\/#\/schema\/person\/f5558e6b5ffc044ee085016237dedb7f\",\"name\":\"adminfemergs\",\"image\":{\"@type\":\"ImageObject\",\"inLanguage\":\"pt-BR\",\"@id\":\"https:\/\/femergs.com.br\/wfe\/#\/schema\/person\/image\/\",\"url\":\"https:\/\/secure.gravatar.com\/avatar\/398642fa557cdd524617ad9b31c938845f071aeb3448b9c0aeb29aefc495337b?s=96&d=mm&r=g\",\"contentUrl\":\"https:\/\/secure.gravatar.com\/avatar\/398642fa557cdd524617ad9b31c938845f071aeb3448b9c0aeb29aefc495337b?s=96&d=mm&r=g\",\"caption\":\"adminfemergs\"},\"sameAs\":[\"https:\/\/femergs.com.br\/wfe\"],\"url\":\"https:\/\/femergs.com.br\/wfe\/blog\/author\/adminfemergs\/\"}]}<\/script>\n<!-- \/ Yoast SEO plugin. -->","yoast_head_json":{"title":"Informativo Semanal - Federa\u00e7\u00e3o dos Municip\u00e1rios do Estado do Rio Grande do Sul","robots":{"index":"index","follow":"follow","max-snippet":"max-snippet:-1","max-image-preview":"max-image-preview:large","max-video-preview":"max-video-preview:-1"},"canonical":"https:\/\/femergs.com.br\/wfe\/blog\/informativo-semanal\/","og_locale":"pt_BR","og_type":"article","og_title":"Informativo Semanal - Federa\u00e7\u00e3o dos Municip\u00e1rios do Estado do Rio Grande do Sul","og_description":"A Diretora de Forma\u00e7\u00e3o FEMERGS, Clarice Mainardi, participou a convite do Sindicato dos Municiparios de Crissiumal e do Presidente da C\u00e2mara de Vereadores de uma reuni\u00e3o para apresentar os dados economia do munic\u00edpio dos \u00faltimos fez anos objetivando viabilizar com base nestes dados os servidores e Vereadores possam buscar junto a administra\u00e7\u00e3o municipal uma reposi\u00e7\u00e3o [&hellip;]","og_url":"https:\/\/femergs.com.br\/wfe\/blog\/informativo-semanal\/","og_site_name":"Federa\u00e7\u00e3o dos Municip\u00e1rios do Estado do Rio Grande do Sul","article_publisher":"https:\/\/www.facebook.com\/profile.php?id=100057151733001","article_published_time":"2023-01-27T16:55:01+00:00","author":"adminfemergs","twitter_card":"summary_large_image","twitter_misc":{"Escrito por":"adminfemergs","Est. tempo de leitura":"1 minuto"},"schema":{"@context":"https:\/\/schema.org","@graph":[{"@type":"Article","@id":"https:\/\/femergs.com.br\/wfe\/blog\/informativo-semanal\/#article","isPartOf":{"@id":"https:\/\/femergs.com.br\/wfe\/blog\/informativo-semanal\/"},"author":{"name":"adminfemergs","@id":"https:\/\/femergs.com.br\/wfe\/#\/schema\/person\/f5558e6b5ffc044ee085016237dedb7f"},"headline":"Informativo Semanal","datePublished":"2023-01-27T16:55:01+00:00","mainEntityOfPage":{"@id":"https:\/\/femergs.com.br\/wfe\/blog\/informativo-semanal\/"},"wordCount":287,"publisher":{"@id":"https:\/\/femergs.com.br\/wfe\/#organization"},"keywords":["NULL"],"articleSection":["ARQUIVADAS"],"inLanguage":"pt-BR"},{"@type":"WebPage","@id":"https:\/\/femergs.com.br\/wfe\/blog\/informativo-semanal\/","url":"https:\/\/femergs.com.br\/wfe\/blog\/informativo-semanal\/","name":"Informativo Semanal - Federa\u00e7\u00e3o dos Municip\u00e1rios do Estado do Rio Grande do Sul","isPartOf":{"@id":"https:\/\/femergs.com.br\/wfe\/#website"},"datePublished":"2023-01-27T16:55:01+00:00","breadcrumb":{"@id":"https:\/\/femergs.com.br\/wfe\/blog\/informativo-semanal\/#breadcrumb"},"inLanguage":"pt-BR","potentialAction":[{"@type":"ReadAction","target":["https:\/\/femergs.com.br\/wfe\/blog\/informativo-semanal\/"]}]},{"@type":"BreadcrumbList","@id":"https:\/\/femergs.com.br\/wfe\/blog\/informativo-semanal\/#breadcrumb","itemListElement":[{"@type":"ListItem","position":1,"name":"In\u00edcio","item":"https:\/\/femergs.com.br\/wfe\/"},{"@type":"ListItem","position":2,"name":"Informativo Semanal"}]},{"@type":"WebSite","@id":"https:\/\/femergs.com.br\/wfe\/#website","url":"https:\/\/femergs.com.br\/wfe\/","name":"FEMERGS","description":"FEDERA\u00c7\u00c3O DOS MUNICIP\u00c1RIOS DO ESTADO DO RIO GRANDE DO SUL","publisher":{"@id":"https:\/\/femergs.com.br\/wfe\/#organization"},"potentialAction":[{"@type":"SearchAction","target":{"@type":"EntryPoint","urlTemplate":"https:\/\/femergs.com.br\/wfe\/?s={search_term_string}"},"query-input":{"@type":"PropertyValueSpecification","valueRequired":true,"valueName":"search_term_string"}}],"inLanguage":"pt-BR"},{"@type":"Organization","@id":"https:\/\/femergs.com.br\/wfe\/#organization","name":"FEMERGS","url":"https:\/\/femergs.com.br\/wfe\/","logo":{"@type":"ImageObject","inLanguage":"pt-BR","@id":"https:\/\/femergs.com.br\/wfe\/#\/schema\/logo\/image\/","url":"https:\/\/femergs.com.br\/wfe\/wp-content\/uploads\/2025\/06\/logotipo.png","contentUrl":"https:\/\/femergs.com.br\/wfe\/wp-content\/uploads\/2025\/06\/logotipo.png","width":500,"height":500,"caption":"FEMERGS"},"image":{"@id":"https:\/\/femergs.com.br\/wfe\/#\/schema\/logo\/image\/"},"sameAs":["https:\/\/www.facebook.com\/profile.php?id=100057151733001","https:\/\/www.instagram.com\/femergs_rs\/"]},{"@type":"Person","@id":"https:\/\/femergs.com.br\/wfe\/#\/schema\/person\/f5558e6b5ffc044ee085016237dedb7f","name":"adminfemergs","image":{"@type":"ImageObject","inLanguage":"pt-BR","@id":"https:\/\/femergs.com.br\/wfe\/#\/schema\/person\/image\/","url":"https:\/\/secure.gravatar.com\/avatar\/398642fa557cdd524617ad9b31c938845f071aeb3448b9c0aeb29aefc495337b?s=96&d=mm&r=g","contentUrl":"https:\/\/secure.gravatar.com\/avatar\/398642fa557cdd524617ad9b31c938845f071aeb3448b9c0aeb29aefc495337b?s=96&d=mm&r=g","caption":"adminfemergs"},"sameAs":["https:\/\/femergs.com.br\/wfe"],"url":"https:\/\/femergs.com.br\/wfe\/blog\/author\/adminfemergs\/"}]}},"uagb_featured_image_src":{"full":false,"thumbnail":false,"medium":false,"medium_large":false,"large":false,"1536x1536":false,"2048x2048":false,"ultp_layout_landscape_large":false,"ultp_layout_landscape":false,"ultp_layout_portrait":false,"ultp_layout_square":false},"uagb_author_info":{"display_name":"adminfemergs","author_link":"https:\/\/femergs.com.br\/wfe\/blog\/author\/adminfemergs\/"},"uagb_comment_info":0,"uagb_excerpt":"A Diretora de Forma\u00e7\u00e3o FEMERGS, Clarice Mainardi, participou a convite do Sindicato dos Municiparios de Crissiumal e do Presidente da C\u00e2mara de Vereadores de uma reuni\u00e3o para apresentar os dados economia do munic\u00edpio dos \u00faltimos fez anos objetivando viabilizar com base nestes dados os servidores e Vereadores possam buscar junto a administra\u00e7\u00e3o municipal uma reposi\u00e7\u00e3o&hellip;","_links":{"self":[{"href":"https:\/\/femergs.com.br\/wfe\/wp-json\/wp\/v2\/posts\/1314","targetHints":{"allow":["GET"]}}],"collection":[{"href":"https:\/\/femergs.com.br\/wfe\/wp-json\/wp\/v2\/posts"}],"about":[{"href":"https:\/\/femergs.com.br\/wfe\/wp-json\/wp\/v2\/types\/post"}],"author":[{"embeddable":true,"href":"https:\/\/femergs.com.br\/wfe\/wp-json\/wp\/v2\/users\/1"}],"replies":[{"embeddable":true,"href":"https:\/\/femergs.com.br\/wfe\/wp-json\/wp\/v2\/comments?post=1314"}],"version-history":[{"count":0,"href":"https:\/\/femergs.com.br\/wfe\/wp-json\/wp\/v2\/posts\/1314\/revisions"}],"wp:attachment":[{"href":"https:\/\/femergs.com.br\/wfe\/wp-json\/wp\/v2\/media?parent=1314"}],"wp:term":[{"taxonomy":"category","embeddable":true,"href":"https:\/\/femergs.com.br\/wfe\/wp-json\/wp\/v2\/categories?post=1314"},{"taxonomy":"post_tag","embeddable":true,"href":"https:\/\/femergs.com.br\/wfe\/wp-json\/wp\/v2\/tags?post=1314"}],"curies":[{"name":"wp","href":"https:\/\/api.w.org\/{rel}","templated":true}]}}