{"id":1319,"date":"2023-02-27T15:56:58","date_gmt":"2023-02-27T15:56:58","guid":{"rendered":"https:\/\/femergs.com.br\/wfe\/blog\/trovador-violinista-e-cantor-pedro-munhoz-realiza-evento-na-cidade-de-tres-passos\/"},"modified":"2023-02-27T15:56:58","modified_gmt":"2023-02-27T15:56:58","slug":"trovador-violinista-e-cantor-pedro-munhoz-realiza-evento-na-cidade-de-tres-passos","status":"publish","type":"post","link":"https:\/\/femergs.com.br\/wfe\/blog\/trovador-violinista-e-cantor-pedro-munhoz-realiza-evento-na-cidade-de-tres-passos\/","title":{"rendered":"Trovador, violinista e cantor Pedro Munhoz, realiza evento na cidade de Tr\u00eas Passos."},"content":{"rendered":"<p><img decoding=\"async\" src=\"data:image\/gif;base64,R0lGODlhAQABAIAAAAAAAP\/\/\/ywAAAAAAQABAAACAUwAOw==\" fifu-lazy=\"1\" fifu-data-sizes=\"auto\" fifu-data-srcset=\"\/Im4g3nsN0t1cia\/geral\/images\/WhatsApp_Image_2023-02-27_at_10_56_26.jpeg?w=75&resize=75&ssl=1 75w, \/Im4g3nsN0t1cia\/geral\/images\/WhatsApp_Image_2023-02-27_at_10_56_26.jpeg?w=100&resize=100&ssl=1 100w, \/Im4g3nsN0t1cia\/geral\/images\/WhatsApp_Image_2023-02-27_at_10_56_26.jpeg?w=150&resize=150&ssl=1 150w, \/Im4g3nsN0t1cia\/geral\/images\/WhatsApp_Image_2023-02-27_at_10_56_26.jpeg?w=240&resize=240&ssl=1 240w, \/Im4g3nsN0t1cia\/geral\/images\/WhatsApp_Image_2023-02-27_at_10_56_26.jpeg?w=320&resize=320&ssl=1 320w, \/Im4g3nsN0t1cia\/geral\/images\/WhatsApp_Image_2023-02-27_at_10_56_26.jpeg?w=500&resize=500&ssl=1 500w, \/Im4g3nsN0t1cia\/geral\/images\/WhatsApp_Image_2023-02-27_at_10_56_26.jpeg?w=640&resize=640&ssl=1 640w, \/Im4g3nsN0t1cia\/geral\/images\/WhatsApp_Image_2023-02-27_at_10_56_26.jpeg?w=800&resize=800&ssl=1 800w, \/Im4g3nsN0t1cia\/geral\/images\/WhatsApp_Image_2023-02-27_at_10_56_26.jpeg?w=1024&resize=1024&ssl=1 1024w, \/Im4g3nsN0t1cia\/geral\/images\/WhatsApp_Image_2023-02-27_at_10_56_26.jpeg?w=1280&resize=1280&ssl=1 1280w, \/Im4g3nsN0t1cia\/geral\/images\/WhatsApp_Image_2023-02-27_at_10_56_26.jpeg?w=1600&resize=1600&ssl=1 1600w\" alt=\"\" fifu-data-src=\"\/Im4g3nsN0t1cia\/geral\/images\/WhatsApp_Image_2023-02-27_at_10_56_26.jpeg\" style=\"height:1024px; width:768px\" \/><\/p>\n<p>                  No final de semana de 25 e 26 de fevereiro, na cidade de Tr\u00eas Passos, ocorreu um evento cultural e de forma\u00e7\u00e3o politica social, organizado por entidades sindicais, a atra\u00e7\u00e3o maior do evento foi o trovador, violinista e cantor Pedro Munhoz, conhecido por sua trajet\u00f3ria em defesa dos direitos dos cidad\u00e3os brasileiros, principalmente do Movimento Sem Terra, sua musica TERRA, foi tema da novela o Rei do Gado, possui um largo conhecimento sobre as quest\u00f5es sociais que afetam nossa vida, e entre trovas, versos e musica de qualidade trouxe a renova\u00e7\u00e3o de sentimentos como persist\u00eancia e coragem para que possamos como entidade Sindical   continuarmos em busca de uma sociedade justa e com qualidade de vida para todos.<\/p>\n<p><\/p>\n<div style=\"text-align: right;\"><strong>MORRER de Pedro Munhoz<br \/>\noutubro 26, 2019<\/strong><br \/>\nT<br \/>\n<em>Tenho morrido muitas vezes<br \/>\nDepois, respiro fundo, lavo o rosto, sigo em frente.<br \/>\nN\u00e3o \u00e9 f\u00e1cil morrer,<br \/>\nDif\u00edcil \u00e9 renascer,<br \/>\nFingir-se de sol,<br \/>\nCegar a lua,<br \/>\nBeber o mar.<br \/>\nDetest\u00e1vel seria ter a covardia dos que me mataram.<br \/>\nEu sigo renascendo, eles seguem covardes.<\/em><\/div>\n","protected":false},"excerpt":{"rendered":"<p>No final de semana de 25 e 26 de fevereiro, na cidade de Tr\u00eas Passos, ocorreu um evento cultural e de forma\u00e7\u00e3o politica social, organizado por entidades sindicais, a atra\u00e7\u00e3o maior do evento foi o trovador, violinista e cantor Pedro Munhoz, conhecido por sua trajet\u00f3ria em defesa dos direitos dos cidad\u00e3os brasileiros, principalmente do Movimento [&hellip;]<\/p>\n","protected":false},"author":1,"featured_media":0,"comment_status":"closed","ping_status":"closed","sticky":false,"template":"","format":"standard","meta":{"_eb_attr":"","_uag_custom_page_level_css":"","fifu_image_url":"","fifu_image_alt":"","footnotes":""},"categories":[1],"tags":[32],"class_list":["post-1319","post","type-post","status-publish","format-standard","hentry","category-arquivadas","tag-null"],"yoast_head":"<!-- This site is optimized with the Yoast SEO plugin v27.1.1 - https:\/\/yoast.com\/product\/yoast-seo-wordpress\/ -->\n<title>Trovador, violinista e cantor Pedro Munhoz, realiza evento na cidade de Tr\u00eas Passos. - Federa\u00e7\u00e3o dos Municip\u00e1rios do Estado do Rio Grande do Sul<\/title>\n<meta name=\"robots\" content=\"index, follow, max-snippet:-1, max-image-preview:large, max-video-preview:-1\" \/>\n<link rel=\"canonical\" href=\"https:\/\/femergs.com.br\/wfe\/blog\/trovador-violinista-e-cantor-pedro-munhoz-realiza-evento-na-cidade-de-tres-passos\/\" \/>\n<meta property=\"og:locale\" content=\"pt_BR\" \/>\n<meta property=\"og:type\" content=\"article\" \/>\n<meta property=\"og:title\" content=\"Trovador, violinista e cantor Pedro Munhoz, realiza evento na cidade de Tr\u00eas Passos. - Federa\u00e7\u00e3o dos Municip\u00e1rios do Estado do Rio Grande do Sul\" \/>\n<meta property=\"og:description\" content=\"No final de semana de 25 e 26 de fevereiro, na cidade de Tr\u00eas Passos, ocorreu um evento cultural e de forma\u00e7\u00e3o politica social, organizado por entidades sindicais, a atra\u00e7\u00e3o maior do evento foi o trovador, violinista e cantor Pedro Munhoz, conhecido por sua trajet\u00f3ria em defesa dos direitos dos cidad\u00e3os brasileiros, principalmente do Movimento [&hellip;]\" \/>\n<meta property=\"og:url\" content=\"https:\/\/femergs.com.br\/wfe\/blog\/trovador-violinista-e-cantor-pedro-munhoz-realiza-evento-na-cidade-de-tres-passos\/\" \/>\n<meta property=\"og:site_name\" content=\"Federa\u00e7\u00e3o dos Municip\u00e1rios do Estado do Rio Grande do Sul\" \/>\n<meta property=\"article:publisher\" content=\"https:\/\/www.facebook.com\/profile.php?id=100057151733001\" \/>\n<meta property=\"article:published_time\" content=\"2023-02-27T15:56:58+00:00\" \/>\n<meta name=\"author\" content=\"adminfemergs\" \/>\n<meta name=\"twitter:card\" content=\"summary_large_image\" \/>\n<meta name=\"twitter:label1\" content=\"Escrito por\" \/>\n\t<meta name=\"twitter:data1\" content=\"adminfemergs\" \/>\n\t<meta name=\"twitter:label2\" content=\"Est. tempo de leitura\" \/>\n\t<meta name=\"twitter:data2\" content=\"1 minuto\" \/>\n<script type=\"application\/ld+json\" class=\"yoast-schema-graph\">{\"@context\":\"https:\/\/schema.org\",\"@graph\":[{\"@type\":\"Article\",\"@id\":\"https:\/\/femergs.com.br\/wfe\/blog\/trovador-violinista-e-cantor-pedro-munhoz-realiza-evento-na-cidade-de-tres-passos\/#article\",\"isPartOf\":{\"@id\":\"https:\/\/femergs.com.br\/wfe\/blog\/trovador-violinista-e-cantor-pedro-munhoz-realiza-evento-na-cidade-de-tres-passos\/\"},\"author\":{\"name\":\"adminfemergs\",\"@id\":\"https:\/\/femergs.com.br\/wfe\/#\/schema\/person\/f5558e6b5ffc044ee085016237dedb7f\"},\"headline\":\"Trovador, violinista e cantor Pedro Munhoz, realiza evento na cidade de Tr\u00eas Passos.\",\"datePublished\":\"2023-02-27T15:56:58+00:00\",\"mainEntityOfPage\":{\"@id\":\"https:\/\/femergs.com.br\/wfe\/blog\/trovador-violinista-e-cantor-pedro-munhoz-realiza-evento-na-cidade-de-tres-passos\/\"},\"wordCount\":189,\"publisher\":{\"@id\":\"https:\/\/femergs.com.br\/wfe\/#organization\"},\"keywords\":[\"NULL\"],\"articleSection\":[\"ARQUIVADAS\"],\"inLanguage\":\"pt-BR\"},{\"@type\":\"WebPage\",\"@id\":\"https:\/\/femergs.com.br\/wfe\/blog\/trovador-violinista-e-cantor-pedro-munhoz-realiza-evento-na-cidade-de-tres-passos\/\",\"url\":\"https:\/\/femergs.com.br\/wfe\/blog\/trovador-violinista-e-cantor-pedro-munhoz-realiza-evento-na-cidade-de-tres-passos\/\",\"name\":\"Trovador, violinista e cantor Pedro Munhoz, realiza evento na cidade de Tr\u00eas Passos. - Federa\u00e7\u00e3o dos Municip\u00e1rios do Estado do Rio Grande do Sul\",\"isPartOf\":{\"@id\":\"https:\/\/femergs.com.br\/wfe\/#website\"},\"datePublished\":\"2023-02-27T15:56:58+00:00\",\"breadcrumb\":{\"@id\":\"https:\/\/femergs.com.br\/wfe\/blog\/trovador-violinista-e-cantor-pedro-munhoz-realiza-evento-na-cidade-de-tres-passos\/#breadcrumb\"},\"inLanguage\":\"pt-BR\",\"potentialAction\":[{\"@type\":\"ReadAction\",\"target\":[\"https:\/\/femergs.com.br\/wfe\/blog\/trovador-violinista-e-cantor-pedro-munhoz-realiza-evento-na-cidade-de-tres-passos\/\"]}]},{\"@type\":\"BreadcrumbList\",\"@id\":\"https:\/\/femergs.com.br\/wfe\/blog\/trovador-violinista-e-cantor-pedro-munhoz-realiza-evento-na-cidade-de-tres-passos\/#breadcrumb\",\"itemListElement\":[{\"@type\":\"ListItem\",\"position\":1,\"name\":\"In\u00edcio\",\"item\":\"https:\/\/femergs.com.br\/wfe\/\"},{\"@type\":\"ListItem\",\"position\":2,\"name\":\"Trovador, violinista e cantor Pedro Munhoz, realiza evento na cidade de Tr\u00eas Passos.\"}]},{\"@type\":\"WebSite\",\"@id\":\"https:\/\/femergs.com.br\/wfe\/#website\",\"url\":\"https:\/\/femergs.com.br\/wfe\/\",\"name\":\"FEMERGS\",\"description\":\"FEDERA\u00c7\u00c3O DOS MUNICIP\u00c1RIOS DO ESTADO DO RIO GRANDE DO SUL\",\"publisher\":{\"@id\":\"https:\/\/femergs.com.br\/wfe\/#organization\"},\"potentialAction\":[{\"@type\":\"SearchAction\",\"target\":{\"@type\":\"EntryPoint\",\"urlTemplate\":\"https:\/\/femergs.com.br\/wfe\/?s={search_term_string}\"},\"query-input\":{\"@type\":\"PropertyValueSpecification\",\"valueRequired\":true,\"valueName\":\"search_term_string\"}}],\"inLanguage\":\"pt-BR\"},{\"@type\":\"Organization\",\"@id\":\"https:\/\/femergs.com.br\/wfe\/#organization\",\"name\":\"FEMERGS\",\"url\":\"https:\/\/femergs.com.br\/wfe\/\",\"logo\":{\"@type\":\"ImageObject\",\"inLanguage\":\"pt-BR\",\"@id\":\"https:\/\/femergs.com.br\/wfe\/#\/schema\/logo\/image\/\",\"url\":\"https:\/\/femergs.com.br\/wfe\/wp-content\/uploads\/2025\/06\/logotipo.png\",\"contentUrl\":\"https:\/\/femergs.com.br\/wfe\/wp-content\/uploads\/2025\/06\/logotipo.png\",\"width\":500,\"height\":500,\"caption\":\"FEMERGS\"},\"image\":{\"@id\":\"https:\/\/femergs.com.br\/wfe\/#\/schema\/logo\/image\/\"},\"sameAs\":[\"https:\/\/www.facebook.com\/profile.php?id=100057151733001\",\"https:\/\/www.instagram.com\/femergs_rs\/\"]},{\"@type\":\"Person\",\"@id\":\"https:\/\/femergs.com.br\/wfe\/#\/schema\/person\/f5558e6b5ffc044ee085016237dedb7f\",\"name\":\"adminfemergs\",\"image\":{\"@type\":\"ImageObject\",\"inLanguage\":\"pt-BR\",\"@id\":\"https:\/\/femergs.com.br\/wfe\/#\/schema\/person\/image\/\",\"url\":\"https:\/\/secure.gravatar.com\/avatar\/398642fa557cdd524617ad9b31c938845f071aeb3448b9c0aeb29aefc495337b?s=96&d=mm&r=g\",\"contentUrl\":\"https:\/\/secure.gravatar.com\/avatar\/398642fa557cdd524617ad9b31c938845f071aeb3448b9c0aeb29aefc495337b?s=96&d=mm&r=g\",\"caption\":\"adminfemergs\"},\"sameAs\":[\"https:\/\/femergs.com.br\/wfe\"],\"url\":\"https:\/\/femergs.com.br\/wfe\/blog\/author\/adminfemergs\/\"}]}<\/script>\n<!-- \/ Yoast SEO plugin. -->","yoast_head_json":{"title":"Trovador, violinista e cantor Pedro Munhoz, realiza evento na cidade de Tr\u00eas Passos. - Federa\u00e7\u00e3o dos Municip\u00e1rios do Estado do Rio Grande do Sul","robots":{"index":"index","follow":"follow","max-snippet":"max-snippet:-1","max-image-preview":"max-image-preview:large","max-video-preview":"max-video-preview:-1"},"canonical":"https:\/\/femergs.com.br\/wfe\/blog\/trovador-violinista-e-cantor-pedro-munhoz-realiza-evento-na-cidade-de-tres-passos\/","og_locale":"pt_BR","og_type":"article","og_title":"Trovador, violinista e cantor Pedro Munhoz, realiza evento na cidade de Tr\u00eas Passos. - Federa\u00e7\u00e3o dos Municip\u00e1rios do Estado do Rio Grande do Sul","og_description":"No final de semana de 25 e 26 de fevereiro, na cidade de Tr\u00eas Passos, ocorreu um evento cultural e de forma\u00e7\u00e3o politica social, organizado por entidades sindicais, a atra\u00e7\u00e3o maior do evento foi o trovador, violinista e cantor Pedro Munhoz, conhecido por sua trajet\u00f3ria em defesa dos direitos dos cidad\u00e3os brasileiros, principalmente do Movimento [&hellip;]","og_url":"https:\/\/femergs.com.br\/wfe\/blog\/trovador-violinista-e-cantor-pedro-munhoz-realiza-evento-na-cidade-de-tres-passos\/","og_site_name":"Federa\u00e7\u00e3o dos Municip\u00e1rios do Estado do Rio Grande do Sul","article_publisher":"https:\/\/www.facebook.com\/profile.php?id=100057151733001","article_published_time":"2023-02-27T15:56:58+00:00","author":"adminfemergs","twitter_card":"summary_large_image","twitter_misc":{"Escrito por":"adminfemergs","Est. tempo de leitura":"1 minuto"},"schema":{"@context":"https:\/\/schema.org","@graph":[{"@type":"Article","@id":"https:\/\/femergs.com.br\/wfe\/blog\/trovador-violinista-e-cantor-pedro-munhoz-realiza-evento-na-cidade-de-tres-passos\/#article","isPartOf":{"@id":"https:\/\/femergs.com.br\/wfe\/blog\/trovador-violinista-e-cantor-pedro-munhoz-realiza-evento-na-cidade-de-tres-passos\/"},"author":{"name":"adminfemergs","@id":"https:\/\/femergs.com.br\/wfe\/#\/schema\/person\/f5558e6b5ffc044ee085016237dedb7f"},"headline":"Trovador, violinista e cantor Pedro Munhoz, realiza evento na cidade de Tr\u00eas Passos.","datePublished":"2023-02-27T15:56:58+00:00","mainEntityOfPage":{"@id":"https:\/\/femergs.com.br\/wfe\/blog\/trovador-violinista-e-cantor-pedro-munhoz-realiza-evento-na-cidade-de-tres-passos\/"},"wordCount":189,"publisher":{"@id":"https:\/\/femergs.com.br\/wfe\/#organization"},"keywords":["NULL"],"articleSection":["ARQUIVADAS"],"inLanguage":"pt-BR"},{"@type":"WebPage","@id":"https:\/\/femergs.com.br\/wfe\/blog\/trovador-violinista-e-cantor-pedro-munhoz-realiza-evento-na-cidade-de-tres-passos\/","url":"https:\/\/femergs.com.br\/wfe\/blog\/trovador-violinista-e-cantor-pedro-munhoz-realiza-evento-na-cidade-de-tres-passos\/","name":"Trovador, violinista e cantor Pedro Munhoz, realiza evento na cidade de Tr\u00eas Passos. - Federa\u00e7\u00e3o dos Municip\u00e1rios do Estado do Rio Grande do Sul","isPartOf":{"@id":"https:\/\/femergs.com.br\/wfe\/#website"},"datePublished":"2023-02-27T15:56:58+00:00","breadcrumb":{"@id":"https:\/\/femergs.com.br\/wfe\/blog\/trovador-violinista-e-cantor-pedro-munhoz-realiza-evento-na-cidade-de-tres-passos\/#breadcrumb"},"inLanguage":"pt-BR","potentialAction":[{"@type":"ReadAction","target":["https:\/\/femergs.com.br\/wfe\/blog\/trovador-violinista-e-cantor-pedro-munhoz-realiza-evento-na-cidade-de-tres-passos\/"]}]},{"@type":"BreadcrumbList","@id":"https:\/\/femergs.com.br\/wfe\/blog\/trovador-violinista-e-cantor-pedro-munhoz-realiza-evento-na-cidade-de-tres-passos\/#breadcrumb","itemListElement":[{"@type":"ListItem","position":1,"name":"In\u00edcio","item":"https:\/\/femergs.com.br\/wfe\/"},{"@type":"ListItem","position":2,"name":"Trovador, violinista e cantor Pedro Munhoz, realiza evento na cidade de Tr\u00eas Passos."}]},{"@type":"WebSite","@id":"https:\/\/femergs.com.br\/wfe\/#website","url":"https:\/\/femergs.com.br\/wfe\/","name":"FEMERGS","description":"FEDERA\u00c7\u00c3O DOS MUNICIP\u00c1RIOS DO ESTADO DO RIO GRANDE DO SUL","publisher":{"@id":"https:\/\/femergs.com.br\/wfe\/#organization"},"potentialAction":[{"@type":"SearchAction","target":{"@type":"EntryPoint","urlTemplate":"https:\/\/femergs.com.br\/wfe\/?s={search_term_string}"},"query-input":{"@type":"PropertyValueSpecification","valueRequired":true,"valueName":"search_term_string"}}],"inLanguage":"pt-BR"},{"@type":"Organization","@id":"https:\/\/femergs.com.br\/wfe\/#organization","name":"FEMERGS","url":"https:\/\/femergs.com.br\/wfe\/","logo":{"@type":"ImageObject","inLanguage":"pt-BR","@id":"https:\/\/femergs.com.br\/wfe\/#\/schema\/logo\/image\/","url":"https:\/\/femergs.com.br\/wfe\/wp-content\/uploads\/2025\/06\/logotipo.png","contentUrl":"https:\/\/femergs.com.br\/wfe\/wp-content\/uploads\/2025\/06\/logotipo.png","width":500,"height":500,"caption":"FEMERGS"},"image":{"@id":"https:\/\/femergs.com.br\/wfe\/#\/schema\/logo\/image\/"},"sameAs":["https:\/\/www.facebook.com\/profile.php?id=100057151733001","https:\/\/www.instagram.com\/femergs_rs\/"]},{"@type":"Person","@id":"https:\/\/femergs.com.br\/wfe\/#\/schema\/person\/f5558e6b5ffc044ee085016237dedb7f","name":"adminfemergs","image":{"@type":"ImageObject","inLanguage":"pt-BR","@id":"https:\/\/femergs.com.br\/wfe\/#\/schema\/person\/image\/","url":"https:\/\/secure.gravatar.com\/avatar\/398642fa557cdd524617ad9b31c938845f071aeb3448b9c0aeb29aefc495337b?s=96&d=mm&r=g","contentUrl":"https:\/\/secure.gravatar.com\/avatar\/398642fa557cdd524617ad9b31c938845f071aeb3448b9c0aeb29aefc495337b?s=96&d=mm&r=g","caption":"adminfemergs"},"sameAs":["https:\/\/femergs.com.br\/wfe"],"url":"https:\/\/femergs.com.br\/wfe\/blog\/author\/adminfemergs\/"}]}},"uagb_featured_image_src":{"full":false,"thumbnail":false,"medium":false,"medium_large":false,"large":false,"1536x1536":false,"2048x2048":false,"ultp_layout_landscape_large":false,"ultp_layout_landscape":false,"ultp_layout_portrait":false,"ultp_layout_square":false},"uagb_author_info":{"display_name":"adminfemergs","author_link":"https:\/\/femergs.com.br\/wfe\/blog\/author\/adminfemergs\/"},"uagb_comment_info":0,"uagb_excerpt":"No final de semana de 25 e 26 de fevereiro, na cidade de Tr\u00eas Passos, ocorreu um evento cultural e de forma\u00e7\u00e3o politica social, organizado por entidades sindicais, a atra\u00e7\u00e3o maior do evento foi o trovador, violinista e cantor Pedro Munhoz, conhecido por sua trajet\u00f3ria em defesa dos direitos dos cidad\u00e3os brasileiros, principalmente do Movimento&hellip;","_links":{"self":[{"href":"https:\/\/femergs.com.br\/wfe\/wp-json\/wp\/v2\/posts\/1319","targetHints":{"allow":["GET"]}}],"collection":[{"href":"https:\/\/femergs.com.br\/wfe\/wp-json\/wp\/v2\/posts"}],"about":[{"href":"https:\/\/femergs.com.br\/wfe\/wp-json\/wp\/v2\/types\/post"}],"author":[{"embeddable":true,"href":"https:\/\/femergs.com.br\/wfe\/wp-json\/wp\/v2\/users\/1"}],"replies":[{"embeddable":true,"href":"https:\/\/femergs.com.br\/wfe\/wp-json\/wp\/v2\/comments?post=1319"}],"version-history":[{"count":0,"href":"https:\/\/femergs.com.br\/wfe\/wp-json\/wp\/v2\/posts\/1319\/revisions"}],"wp:attachment":[{"href":"https:\/\/femergs.com.br\/wfe\/wp-json\/wp\/v2\/media?parent=1319"}],"wp:term":[{"taxonomy":"category","embeddable":true,"href":"https:\/\/femergs.com.br\/wfe\/wp-json\/wp\/v2\/categories?post=1319"},{"taxonomy":"post_tag","embeddable":true,"href":"https:\/\/femergs.com.br\/wfe\/wp-json\/wp\/v2\/tags?post=1319"}],"curies":[{"name":"wp","href":"https:\/\/api.w.org\/{rel}","templated":true}]}}