{"id":1321,"date":"2023-03-08T08:56:02","date_gmt":"2023-03-08T08:56:02","guid":{"rendered":"https:\/\/femergs.com.br\/wfe\/blog\/convencao-n-151-direito-de-sindicalizacao-e-relacoes-de-trabalho-na-administracao-publica\/"},"modified":"2023-03-08T08:56:02","modified_gmt":"2023-03-08T08:56:02","slug":"convencao-n-151-direito-de-sindicalizacao-e-relacoes-de-trabalho-na-administracao-publica","status":"publish","type":"post","link":"https:\/\/femergs.com.br\/wfe\/blog\/convencao-n-151-direito-de-sindicalizacao-e-relacoes-de-trabalho-na-administracao-publica\/","title":{"rendered":"CONVEN\u00c7\u00c3O N. 151 \u2013 DIREITO DE SINDICALIZA\u00c7\u00c3O E RELA\u00c7\u00d5ES DE TRABALHO NA ADMINISTRA\u00c7\u00c3O P\u00daBLICA"},"content":{"rendered":"<div style=\"text-align: center;\"><em><strong>CONVEN\u00c7\u00c3O N. 151 \u2013 DIREITO DE SINDICALIZA\u00c7\u00c3O E RELA\u00c7\u00d5ES DE TRABALHO NA ADMINISTRA\u00c7\u00c3O P\u00daBLICA<\/strong><\/em><\/div>\n<p>\n                O presidente da<strong> FEMERGS<\/strong>, <strong>Vilson Jo\u00e3o Weber<\/strong> e o <strong>Dr. Eduardo Bechorner<\/strong>, jur\u00eddico da Federa\u00e7\u00e3o estiveram em Bras\u00edlia nestes dias 1 e 2 de mar\u00e7o, participando de <strong>SEMIN\u00c1RIO \u2013 RELA\u00c7\u00d5ES SINDICAIS NA ADMNINISTRA\u00c7\u00c3O P\u00daBLICA \u2013 Aplica\u00e7\u00e3o da Conven\u00e7\u00e3o 151 da OIT \u2013 Organiza\u00e7\u00e3o Internacional do Trabalho.<br \/>\nEsta conven\u00e7\u00e3o foi aprovada na OIT na 64\u00aa reuni\u00e3o da Confer\u00eancia Internacional do Trabalho (Genebra \u2014 1978), entrou em vigor no plano internacional em 25.2.81.<\/strong><br \/>\nA Conven\u00e7\u00e3o 151 \u00e9 um documento formulado pela Organiza\u00e7\u00e3o Internacional do Trabalho (OIT) e prev\u00ea, entre outros pontos, a liberdade sindical e a inclus\u00e3o dos servidores p\u00fablicos federais, estaduais e municipais, na negocia\u00e7\u00e3o das condi\u00e7\u00f5es de trabalho.<br \/>\nNo Brasil, ela foi alvo de Decreto Legislativo n\u00ba 206, apenas em 7 de abril de 2010 \u2013 no Congresso Nacional. A Ratifica\u00e7\u00e3o se deu em 15 de julho de 2010.  Por\u00e9m apenas em 6 de mar\u00e7o de 2013 a Presidenta Dilma Rousseff fez o Decreto que considerou promulgadas a Conven\u00e7\u00e3o n\u00ba 151 e a Recomenda\u00e7\u00e3o n\u00ba 159 da OIT \u2013 Organiza\u00e7\u00e3o Internacional do Trabalho sobre as Rela\u00e7\u00f5es de Trabalho na Administra\u00e7\u00e3o P\u00fablica, firmadas em 1978 na OIT.<br \/>\nForam dois dias de intensos e acalorados debates, sobre a Conven\u00e7\u00e3o 151 \u2013 especialmente no que trata da Negocia\u00e7\u00e3o Coletiva no Setor P\u00fablico.<br \/>\nInfelizmente, o Brasil ratificou, mas o conjunto dos servidores, na pr\u00e1tica n\u00e3o est\u00e3o com o direito da Negocia\u00e7\u00e3o Coletiva, pois simplesmente, os gestores a ignoram. Temos muitas dificuldades nas rela\u00e7\u00f5es de trabalho. A maioria dos gestores n\u00e3o reconhecem os Sindicatos, n\u00e3o recebem os dirigentes para que possa se instalar as mesas de negocia\u00e7\u00e3o.<br \/>\nNos pain\u00e9is do Semin\u00e1rio, estivemos analisando o Processo de ratifica\u00e7\u00e3o da Conven\u00e7\u00e3o 151 da OIT, e sua validade formal no ordenamento brasileiro; o Sistema de garantias na Negocia\u00e7\u00e3o Coletiva na Administra\u00e7\u00e3o P\u00fablica; Pressupostos jur\u00eddicos e pol\u00edticos de efetividade da Conven\u00e7\u00e3o 151, no Brasil; Formas de Regulamenta\u00e7\u00e3o da negocia\u00e7\u00e3o coletiva no \u00e2mbito do servi\u00e7o p\u00fablico; Fixa\u00e7\u00e3o de par\u00e2metros para a regula\u00e7\u00e3o da autocomposi\u00e7\u00e3o no servi\u00e7o p\u00fablico; Incentivo \u00e0 autocomposi\u00e7\u00e3o de conflitos no servi\u00e7o p\u00fablico e a negocia\u00e7\u00e3o coletiva no servi\u00e7o p\u00fablico no direito comparado.<br \/>\nAs quatro Confedera\u00e7\u00f5es promotoras do Evento <strong>\u2013 CONACATE \u2013 CSPB \u2013 CSPM \u2013 COBRAPOL BRASIL<\/strong>, todas se manifestaram sobre a import\u00e2ncia do encontro, bem como, ficaram de produzir a Carta de Bras\u00edlia que estar\u00e1 contemplando os debates que aconteceram. Igualmente, ficou de se enviar para todos os participantes, al\u00e9m da carta encaminhamentos concretos que ser\u00e3o remetidos para o Congresso nacional e Governos buscando a efetiva\u00e7\u00e3o do direito a <strong>NEGOCIA\u00c7\u00c3O COLETIVA<\/strong> no servi\u00e7o p\u00fablico. <\/p>\n<div style=\"text-align: center;\">Assim que tivermos estes documentos, estaremos disponibilizando para todos.<\/div>\n<p><img decoding=\"async\" src=\"data:image\/gif;base64,R0lGODlhAQABAIAAAAAAAP\/\/\/ywAAAAAAQABAAACAUwAOw==\" fifu-lazy=\"1\" fifu-data-sizes=\"auto\" fifu-data-srcset=\"\/Im4g3nsN0t1cia\/geral\/images\/WhatsApp_Image_2023-03-07_at_13_55_11.jpeg?w=75&resize=75&ssl=1 75w, \/Im4g3nsN0t1cia\/geral\/images\/WhatsApp_Image_2023-03-07_at_13_55_11.jpeg?w=100&resize=100&ssl=1 100w, \/Im4g3nsN0t1cia\/geral\/images\/WhatsApp_Image_2023-03-07_at_13_55_11.jpeg?w=150&resize=150&ssl=1 150w, \/Im4g3nsN0t1cia\/geral\/images\/WhatsApp_Image_2023-03-07_at_13_55_11.jpeg?w=240&resize=240&ssl=1 240w, \/Im4g3nsN0t1cia\/geral\/images\/WhatsApp_Image_2023-03-07_at_13_55_11.jpeg?w=320&resize=320&ssl=1 320w, \/Im4g3nsN0t1cia\/geral\/images\/WhatsApp_Image_2023-03-07_at_13_55_11.jpeg?w=500&resize=500&ssl=1 500w, \/Im4g3nsN0t1cia\/geral\/images\/WhatsApp_Image_2023-03-07_at_13_55_11.jpeg?w=640&resize=640&ssl=1 640w, \/Im4g3nsN0t1cia\/geral\/images\/WhatsApp_Image_2023-03-07_at_13_55_11.jpeg?w=800&resize=800&ssl=1 800w, \/Im4g3nsN0t1cia\/geral\/images\/WhatsApp_Image_2023-03-07_at_13_55_11.jpeg?w=1024&resize=1024&ssl=1 1024w, \/Im4g3nsN0t1cia\/geral\/images\/WhatsApp_Image_2023-03-07_at_13_55_11.jpeg?w=1280&resize=1280&ssl=1 1280w, \/Im4g3nsN0t1cia\/geral\/images\/WhatsApp_Image_2023-03-07_at_13_55_11.jpeg?w=1600&resize=1600&ssl=1 1600w\" alt=\"\" fifu-data-src=\"\/Im4g3nsN0t1cia\/geral\/images\/WhatsApp_Image_2023-03-07_at_13_55_11.jpeg\" style=\"height:1200px; width:675px\" \/><\/p>\n<div style=\"text-align: center;\">Assim que tivermos estes documentos, estaremos disponibilizando para todos.<\/div>\n<div><\/div>\n","protected":false},"excerpt":{"rendered":"<p>CONVEN\u00c7\u00c3O N. 151 \u2013 DIREITO DE SINDICALIZA\u00c7\u00c3O E RELA\u00c7\u00d5ES DE TRABALHO NA ADMINISTRA\u00c7\u00c3O P\u00daBLICA O presidente da FEMERGS, Vilson Jo\u00e3o Weber e o Dr. Eduardo Bechorner, jur\u00eddico da Federa\u00e7\u00e3o estiveram em Bras\u00edlia nestes dias 1 e 2 de mar\u00e7o, participando de SEMIN\u00c1RIO \u2013 RELA\u00c7\u00d5ES SINDICAIS NA ADMNINISTRA\u00c7\u00c3O P\u00daBLICA \u2013 Aplica\u00e7\u00e3o da Conven\u00e7\u00e3o 151 da OIT [&hellip;]<\/p>\n","protected":false},"author":1,"featured_media":0,"comment_status":"closed","ping_status":"closed","sticky":false,"template":"","format":"standard","meta":{"_eb_attr":"","_uag_custom_page_level_css":"","fifu_image_url":"","fifu_image_alt":"","footnotes":""},"categories":[1],"tags":[32],"class_list":["post-1321","post","type-post","status-publish","format-standard","hentry","category-arquivadas","tag-null"],"yoast_head":"<!-- This site is optimized with the Yoast SEO plugin v27.1.1 - https:\/\/yoast.com\/product\/yoast-seo-wordpress\/ -->\n<title>CONVEN\u00c7\u00c3O N. 151 \u2013 DIREITO DE SINDICALIZA\u00c7\u00c3O E RELA\u00c7\u00d5ES DE TRABALHO NA ADMINISTRA\u00c7\u00c3O P\u00daBLICA - Federa\u00e7\u00e3o dos Municip\u00e1rios do Estado do Rio Grande do Sul<\/title>\n<meta name=\"robots\" content=\"index, follow, max-snippet:-1, max-image-preview:large, max-video-preview:-1\" \/>\n<link rel=\"canonical\" href=\"https:\/\/femergs.com.br\/wfe\/blog\/convencao-n-151-direito-de-sindicalizacao-e-relacoes-de-trabalho-na-administracao-publica\/\" \/>\n<meta property=\"og:locale\" content=\"pt_BR\" \/>\n<meta property=\"og:type\" content=\"article\" \/>\n<meta property=\"og:title\" content=\"CONVEN\u00c7\u00c3O N. 151 \u2013 DIREITO DE SINDICALIZA\u00c7\u00c3O E RELA\u00c7\u00d5ES DE TRABALHO NA ADMINISTRA\u00c7\u00c3O P\u00daBLICA - Federa\u00e7\u00e3o dos Municip\u00e1rios do Estado do Rio Grande do Sul\" \/>\n<meta property=\"og:description\" content=\"CONVEN\u00c7\u00c3O N. 151 \u2013 DIREITO DE SINDICALIZA\u00c7\u00c3O E RELA\u00c7\u00d5ES DE TRABALHO NA ADMINISTRA\u00c7\u00c3O P\u00daBLICA O presidente da FEMERGS, Vilson Jo\u00e3o Weber e o Dr. Eduardo Bechorner, jur\u00eddico da Federa\u00e7\u00e3o estiveram em Bras\u00edlia nestes dias 1 e 2 de mar\u00e7o, participando de SEMIN\u00c1RIO \u2013 RELA\u00c7\u00d5ES SINDICAIS NA ADMNINISTRA\u00c7\u00c3O P\u00daBLICA \u2013 Aplica\u00e7\u00e3o da Conven\u00e7\u00e3o 151 da OIT [&hellip;]\" \/>\n<meta property=\"og:url\" content=\"https:\/\/femergs.com.br\/wfe\/blog\/convencao-n-151-direito-de-sindicalizacao-e-relacoes-de-trabalho-na-administracao-publica\/\" \/>\n<meta property=\"og:site_name\" content=\"Federa\u00e7\u00e3o dos Municip\u00e1rios do Estado do Rio Grande do Sul\" \/>\n<meta property=\"article:publisher\" content=\"https:\/\/www.facebook.com\/profile.php?id=100057151733001\" \/>\n<meta property=\"article:published_time\" content=\"2023-03-08T08:56:02+00:00\" \/>\n<meta name=\"author\" content=\"adminfemergs\" \/>\n<meta name=\"twitter:card\" content=\"summary_large_image\" \/>\n<meta name=\"twitter:label1\" content=\"Escrito por\" \/>\n\t<meta name=\"twitter:data1\" content=\"adminfemergs\" \/>\n\t<meta name=\"twitter:label2\" content=\"Est. tempo de leitura\" \/>\n\t<meta name=\"twitter:data2\" content=\"2 minutos\" \/>\n<script type=\"application\/ld+json\" class=\"yoast-schema-graph\">{\"@context\":\"https:\/\/schema.org\",\"@graph\":[{\"@type\":\"Article\",\"@id\":\"https:\/\/femergs.com.br\/wfe\/blog\/convencao-n-151-direito-de-sindicalizacao-e-relacoes-de-trabalho-na-administracao-publica\/#article\",\"isPartOf\":{\"@id\":\"https:\/\/femergs.com.br\/wfe\/blog\/convencao-n-151-direito-de-sindicalizacao-e-relacoes-de-trabalho-na-administracao-publica\/\"},\"author\":{\"name\":\"adminfemergs\",\"@id\":\"https:\/\/femergs.com.br\/wfe\/#\/schema\/person\/f5558e6b5ffc044ee085016237dedb7f\"},\"headline\":\"CONVEN\u00c7\u00c3O N. 151 \u2013 DIREITO DE SINDICALIZA\u00c7\u00c3O E RELA\u00c7\u00d5ES DE TRABALHO NA ADMINISTRA\u00c7\u00c3O P\u00daBLICA\",\"datePublished\":\"2023-03-08T08:56:02+00:00\",\"mainEntityOfPage\":{\"@id\":\"https:\/\/femergs.com.br\/wfe\/blog\/convencao-n-151-direito-de-sindicalizacao-e-relacoes-de-trabalho-na-administracao-publica\/\"},\"wordCount\":513,\"publisher\":{\"@id\":\"https:\/\/femergs.com.br\/wfe\/#organization\"},\"keywords\":[\"NULL\"],\"articleSection\":[\"ARQUIVADAS\"],\"inLanguage\":\"pt-BR\"},{\"@type\":\"WebPage\",\"@id\":\"https:\/\/femergs.com.br\/wfe\/blog\/convencao-n-151-direito-de-sindicalizacao-e-relacoes-de-trabalho-na-administracao-publica\/\",\"url\":\"https:\/\/femergs.com.br\/wfe\/blog\/convencao-n-151-direito-de-sindicalizacao-e-relacoes-de-trabalho-na-administracao-publica\/\",\"name\":\"CONVEN\u00c7\u00c3O N. 151 \u2013 DIREITO DE SINDICALIZA\u00c7\u00c3O E RELA\u00c7\u00d5ES DE TRABALHO NA ADMINISTRA\u00c7\u00c3O P\u00daBLICA - Federa\u00e7\u00e3o dos Municip\u00e1rios do Estado do Rio Grande do Sul\",\"isPartOf\":{\"@id\":\"https:\/\/femergs.com.br\/wfe\/#website\"},\"datePublished\":\"2023-03-08T08:56:02+00:00\",\"breadcrumb\":{\"@id\":\"https:\/\/femergs.com.br\/wfe\/blog\/convencao-n-151-direito-de-sindicalizacao-e-relacoes-de-trabalho-na-administracao-publica\/#breadcrumb\"},\"inLanguage\":\"pt-BR\",\"potentialAction\":[{\"@type\":\"ReadAction\",\"target\":[\"https:\/\/femergs.com.br\/wfe\/blog\/convencao-n-151-direito-de-sindicalizacao-e-relacoes-de-trabalho-na-administracao-publica\/\"]}]},{\"@type\":\"BreadcrumbList\",\"@id\":\"https:\/\/femergs.com.br\/wfe\/blog\/convencao-n-151-direito-de-sindicalizacao-e-relacoes-de-trabalho-na-administracao-publica\/#breadcrumb\",\"itemListElement\":[{\"@type\":\"ListItem\",\"position\":1,\"name\":\"In\u00edcio\",\"item\":\"https:\/\/femergs.com.br\/wfe\/\"},{\"@type\":\"ListItem\",\"position\":2,\"name\":\"CONVEN\u00c7\u00c3O N. 151 \u2013 DIREITO DE SINDICALIZA\u00c7\u00c3O E RELA\u00c7\u00d5ES DE TRABALHO NA ADMINISTRA\u00c7\u00c3O P\u00daBLICA\"}]},{\"@type\":\"WebSite\",\"@id\":\"https:\/\/femergs.com.br\/wfe\/#website\",\"url\":\"https:\/\/femergs.com.br\/wfe\/\",\"name\":\"FEMERGS\",\"description\":\"FEDERA\u00c7\u00c3O DOS MUNICIP\u00c1RIOS DO ESTADO DO RIO GRANDE DO SUL\",\"publisher\":{\"@id\":\"https:\/\/femergs.com.br\/wfe\/#organization\"},\"potentialAction\":[{\"@type\":\"SearchAction\",\"target\":{\"@type\":\"EntryPoint\",\"urlTemplate\":\"https:\/\/femergs.com.br\/wfe\/?s={search_term_string}\"},\"query-input\":{\"@type\":\"PropertyValueSpecification\",\"valueRequired\":true,\"valueName\":\"search_term_string\"}}],\"inLanguage\":\"pt-BR\"},{\"@type\":\"Organization\",\"@id\":\"https:\/\/femergs.com.br\/wfe\/#organization\",\"name\":\"FEMERGS\",\"url\":\"https:\/\/femergs.com.br\/wfe\/\",\"logo\":{\"@type\":\"ImageObject\",\"inLanguage\":\"pt-BR\",\"@id\":\"https:\/\/femergs.com.br\/wfe\/#\/schema\/logo\/image\/\",\"url\":\"https:\/\/femergs.com.br\/wfe\/wp-content\/uploads\/2025\/06\/logotipo.png\",\"contentUrl\":\"https:\/\/femergs.com.br\/wfe\/wp-content\/uploads\/2025\/06\/logotipo.png\",\"width\":500,\"height\":500,\"caption\":\"FEMERGS\"},\"image\":{\"@id\":\"https:\/\/femergs.com.br\/wfe\/#\/schema\/logo\/image\/\"},\"sameAs\":[\"https:\/\/www.facebook.com\/profile.php?id=100057151733001\",\"https:\/\/www.instagram.com\/femergs_rs\/\"]},{\"@type\":\"Person\",\"@id\":\"https:\/\/femergs.com.br\/wfe\/#\/schema\/person\/f5558e6b5ffc044ee085016237dedb7f\",\"name\":\"adminfemergs\",\"image\":{\"@type\":\"ImageObject\",\"inLanguage\":\"pt-BR\",\"@id\":\"https:\/\/femergs.com.br\/wfe\/#\/schema\/person\/image\/\",\"url\":\"https:\/\/secure.gravatar.com\/avatar\/398642fa557cdd524617ad9b31c938845f071aeb3448b9c0aeb29aefc495337b?s=96&d=mm&r=g\",\"contentUrl\":\"https:\/\/secure.gravatar.com\/avatar\/398642fa557cdd524617ad9b31c938845f071aeb3448b9c0aeb29aefc495337b?s=96&d=mm&r=g\",\"caption\":\"adminfemergs\"},\"sameAs\":[\"https:\/\/femergs.com.br\/wfe\"],\"url\":\"https:\/\/femergs.com.br\/wfe\/blog\/author\/adminfemergs\/\"}]}<\/script>\n<!-- \/ Yoast SEO plugin. -->","yoast_head_json":{"title":"CONVEN\u00c7\u00c3O N. 151 \u2013 DIREITO DE SINDICALIZA\u00c7\u00c3O E RELA\u00c7\u00d5ES DE TRABALHO NA ADMINISTRA\u00c7\u00c3O P\u00daBLICA - Federa\u00e7\u00e3o dos Municip\u00e1rios do Estado do Rio Grande do Sul","robots":{"index":"index","follow":"follow","max-snippet":"max-snippet:-1","max-image-preview":"max-image-preview:large","max-video-preview":"max-video-preview:-1"},"canonical":"https:\/\/femergs.com.br\/wfe\/blog\/convencao-n-151-direito-de-sindicalizacao-e-relacoes-de-trabalho-na-administracao-publica\/","og_locale":"pt_BR","og_type":"article","og_title":"CONVEN\u00c7\u00c3O N. 151 \u2013 DIREITO DE SINDICALIZA\u00c7\u00c3O E RELA\u00c7\u00d5ES DE TRABALHO NA ADMINISTRA\u00c7\u00c3O P\u00daBLICA - Federa\u00e7\u00e3o dos Municip\u00e1rios do Estado do Rio Grande do Sul","og_description":"CONVEN\u00c7\u00c3O N. 151 \u2013 DIREITO DE SINDICALIZA\u00c7\u00c3O E RELA\u00c7\u00d5ES DE TRABALHO NA ADMINISTRA\u00c7\u00c3O P\u00daBLICA O presidente da FEMERGS, Vilson Jo\u00e3o Weber e o Dr. Eduardo Bechorner, jur\u00eddico da Federa\u00e7\u00e3o estiveram em Bras\u00edlia nestes dias 1 e 2 de mar\u00e7o, participando de SEMIN\u00c1RIO \u2013 RELA\u00c7\u00d5ES SINDICAIS NA ADMNINISTRA\u00c7\u00c3O P\u00daBLICA \u2013 Aplica\u00e7\u00e3o da Conven\u00e7\u00e3o 151 da OIT [&hellip;]","og_url":"https:\/\/femergs.com.br\/wfe\/blog\/convencao-n-151-direito-de-sindicalizacao-e-relacoes-de-trabalho-na-administracao-publica\/","og_site_name":"Federa\u00e7\u00e3o dos Municip\u00e1rios do Estado do Rio Grande do Sul","article_publisher":"https:\/\/www.facebook.com\/profile.php?id=100057151733001","article_published_time":"2023-03-08T08:56:02+00:00","author":"adminfemergs","twitter_card":"summary_large_image","twitter_misc":{"Escrito por":"adminfemergs","Est. tempo de leitura":"2 minutos"},"schema":{"@context":"https:\/\/schema.org","@graph":[{"@type":"Article","@id":"https:\/\/femergs.com.br\/wfe\/blog\/convencao-n-151-direito-de-sindicalizacao-e-relacoes-de-trabalho-na-administracao-publica\/#article","isPartOf":{"@id":"https:\/\/femergs.com.br\/wfe\/blog\/convencao-n-151-direito-de-sindicalizacao-e-relacoes-de-trabalho-na-administracao-publica\/"},"author":{"name":"adminfemergs","@id":"https:\/\/femergs.com.br\/wfe\/#\/schema\/person\/f5558e6b5ffc044ee085016237dedb7f"},"headline":"CONVEN\u00c7\u00c3O N. 151 \u2013 DIREITO DE SINDICALIZA\u00c7\u00c3O E RELA\u00c7\u00d5ES DE TRABALHO NA ADMINISTRA\u00c7\u00c3O P\u00daBLICA","datePublished":"2023-03-08T08:56:02+00:00","mainEntityOfPage":{"@id":"https:\/\/femergs.com.br\/wfe\/blog\/convencao-n-151-direito-de-sindicalizacao-e-relacoes-de-trabalho-na-administracao-publica\/"},"wordCount":513,"publisher":{"@id":"https:\/\/femergs.com.br\/wfe\/#organization"},"keywords":["NULL"],"articleSection":["ARQUIVADAS"],"inLanguage":"pt-BR"},{"@type":"WebPage","@id":"https:\/\/femergs.com.br\/wfe\/blog\/convencao-n-151-direito-de-sindicalizacao-e-relacoes-de-trabalho-na-administracao-publica\/","url":"https:\/\/femergs.com.br\/wfe\/blog\/convencao-n-151-direito-de-sindicalizacao-e-relacoes-de-trabalho-na-administracao-publica\/","name":"CONVEN\u00c7\u00c3O N. 151 \u2013 DIREITO DE SINDICALIZA\u00c7\u00c3O E RELA\u00c7\u00d5ES DE TRABALHO NA ADMINISTRA\u00c7\u00c3O P\u00daBLICA - Federa\u00e7\u00e3o dos Municip\u00e1rios do Estado do Rio Grande do Sul","isPartOf":{"@id":"https:\/\/femergs.com.br\/wfe\/#website"},"datePublished":"2023-03-08T08:56:02+00:00","breadcrumb":{"@id":"https:\/\/femergs.com.br\/wfe\/blog\/convencao-n-151-direito-de-sindicalizacao-e-relacoes-de-trabalho-na-administracao-publica\/#breadcrumb"},"inLanguage":"pt-BR","potentialAction":[{"@type":"ReadAction","target":["https:\/\/femergs.com.br\/wfe\/blog\/convencao-n-151-direito-de-sindicalizacao-e-relacoes-de-trabalho-na-administracao-publica\/"]}]},{"@type":"BreadcrumbList","@id":"https:\/\/femergs.com.br\/wfe\/blog\/convencao-n-151-direito-de-sindicalizacao-e-relacoes-de-trabalho-na-administracao-publica\/#breadcrumb","itemListElement":[{"@type":"ListItem","position":1,"name":"In\u00edcio","item":"https:\/\/femergs.com.br\/wfe\/"},{"@type":"ListItem","position":2,"name":"CONVEN\u00c7\u00c3O N. 151 \u2013 DIREITO DE SINDICALIZA\u00c7\u00c3O E RELA\u00c7\u00d5ES DE TRABALHO NA ADMINISTRA\u00c7\u00c3O P\u00daBLICA"}]},{"@type":"WebSite","@id":"https:\/\/femergs.com.br\/wfe\/#website","url":"https:\/\/femergs.com.br\/wfe\/","name":"FEMERGS","description":"FEDERA\u00c7\u00c3O DOS MUNICIP\u00c1RIOS DO ESTADO DO RIO GRANDE DO SUL","publisher":{"@id":"https:\/\/femergs.com.br\/wfe\/#organization"},"potentialAction":[{"@type":"SearchAction","target":{"@type":"EntryPoint","urlTemplate":"https:\/\/femergs.com.br\/wfe\/?s={search_term_string}"},"query-input":{"@type":"PropertyValueSpecification","valueRequired":true,"valueName":"search_term_string"}}],"inLanguage":"pt-BR"},{"@type":"Organization","@id":"https:\/\/femergs.com.br\/wfe\/#organization","name":"FEMERGS","url":"https:\/\/femergs.com.br\/wfe\/","logo":{"@type":"ImageObject","inLanguage":"pt-BR","@id":"https:\/\/femergs.com.br\/wfe\/#\/schema\/logo\/image\/","url":"https:\/\/femergs.com.br\/wfe\/wp-content\/uploads\/2025\/06\/logotipo.png","contentUrl":"https:\/\/femergs.com.br\/wfe\/wp-content\/uploads\/2025\/06\/logotipo.png","width":500,"height":500,"caption":"FEMERGS"},"image":{"@id":"https:\/\/femergs.com.br\/wfe\/#\/schema\/logo\/image\/"},"sameAs":["https:\/\/www.facebook.com\/profile.php?id=100057151733001","https:\/\/www.instagram.com\/femergs_rs\/"]},{"@type":"Person","@id":"https:\/\/femergs.com.br\/wfe\/#\/schema\/person\/f5558e6b5ffc044ee085016237dedb7f","name":"adminfemergs","image":{"@type":"ImageObject","inLanguage":"pt-BR","@id":"https:\/\/femergs.com.br\/wfe\/#\/schema\/person\/image\/","url":"https:\/\/secure.gravatar.com\/avatar\/398642fa557cdd524617ad9b31c938845f071aeb3448b9c0aeb29aefc495337b?s=96&d=mm&r=g","contentUrl":"https:\/\/secure.gravatar.com\/avatar\/398642fa557cdd524617ad9b31c938845f071aeb3448b9c0aeb29aefc495337b?s=96&d=mm&r=g","caption":"adminfemergs"},"sameAs":["https:\/\/femergs.com.br\/wfe"],"url":"https:\/\/femergs.com.br\/wfe\/blog\/author\/adminfemergs\/"}]}},"uagb_featured_image_src":{"full":false,"thumbnail":false,"medium":false,"medium_large":false,"large":false,"1536x1536":false,"2048x2048":false,"ultp_layout_landscape_large":false,"ultp_layout_landscape":false,"ultp_layout_portrait":false,"ultp_layout_square":false},"uagb_author_info":{"display_name":"adminfemergs","author_link":"https:\/\/femergs.com.br\/wfe\/blog\/author\/adminfemergs\/"},"uagb_comment_info":0,"uagb_excerpt":"CONVEN\u00c7\u00c3O N. 151 \u2013 DIREITO DE SINDICALIZA\u00c7\u00c3O E RELA\u00c7\u00d5ES DE TRABALHO NA ADMINISTRA\u00c7\u00c3O P\u00daBLICA O presidente da FEMERGS, Vilson Jo\u00e3o Weber e o Dr. Eduardo Bechorner, jur\u00eddico da Federa\u00e7\u00e3o estiveram em Bras\u00edlia nestes dias 1 e 2 de mar\u00e7o, participando de SEMIN\u00c1RIO \u2013 RELA\u00c7\u00d5ES SINDICAIS NA ADMNINISTRA\u00c7\u00c3O P\u00daBLICA \u2013 Aplica\u00e7\u00e3o da Conven\u00e7\u00e3o 151 da OIT&hellip;","_links":{"self":[{"href":"https:\/\/femergs.com.br\/wfe\/wp-json\/wp\/v2\/posts\/1321","targetHints":{"allow":["GET"]}}],"collection":[{"href":"https:\/\/femergs.com.br\/wfe\/wp-json\/wp\/v2\/posts"}],"about":[{"href":"https:\/\/femergs.com.br\/wfe\/wp-json\/wp\/v2\/types\/post"}],"author":[{"embeddable":true,"href":"https:\/\/femergs.com.br\/wfe\/wp-json\/wp\/v2\/users\/1"}],"replies":[{"embeddable":true,"href":"https:\/\/femergs.com.br\/wfe\/wp-json\/wp\/v2\/comments?post=1321"}],"version-history":[{"count":0,"href":"https:\/\/femergs.com.br\/wfe\/wp-json\/wp\/v2\/posts\/1321\/revisions"}],"wp:attachment":[{"href":"https:\/\/femergs.com.br\/wfe\/wp-json\/wp\/v2\/media?parent=1321"}],"wp:term":[{"taxonomy":"category","embeddable":true,"href":"https:\/\/femergs.com.br\/wfe\/wp-json\/wp\/v2\/categories?post=1321"},{"taxonomy":"post_tag","embeddable":true,"href":"https:\/\/femergs.com.br\/wfe\/wp-json\/wp\/v2\/tags?post=1321"}],"curies":[{"name":"wp","href":"https:\/\/api.w.org\/{rel}","templated":true}]}}