{"id":1323,"date":"2023-03-15T16:00:36","date_gmt":"2023-03-15T16:00:36","guid":{"rendered":"https:\/\/femergs.com.br\/wfe\/blog\/eleicao-regional-das-missoes\/"},"modified":"2023-03-15T16:00:36","modified_gmt":"2023-03-15T16:00:36","slug":"eleicao-regional-das-missoes","status":"publish","type":"post","link":"https:\/\/femergs.com.br\/wfe\/blog\/eleicao-regional-das-missoes\/","title":{"rendered":"ELEI\u00c7\u00c3O REGIONAL DAS MISS\u00d5ES."},"content":{"rendered":"<p>\nNa noite de hoje, 08\/03 ocorreu a Elei\u00e7\u00e3o da Regional das Miss\u00f5es- FEMERGS &#8211;<br \/>\njunto ao Sindicato dos Municiparios de S\u00e3o Paulo das Miss\u00f5es.<br \/>\n<strong>Foram eleitos como Vice Presidente da regional Nilson de Chaves (Sindicato dos Mun. De S\u00e3o Luiz Gonzaga) Secretaria L\u00facia Thomas (Sindicato dos Mun. S\u00e3o Paulo das Miss\u00f5es)<br \/>\nE como Suplente, Jo\u00e3o Ademar Machado (Sindicato dos Mun. de Santo \u00c2ngelo)<\/strong><br \/>\nFoi tratado tamb\u00e9m as seguintes pautas referente a:<br \/>\n<strong>&#8211; An\u00e1lise de Conjuntura.<br \/>\n&#8211; Finan\u00e7as &#8211; Resolu\u00e7\u00e3o do Congresso extraordin\u00e1rio.<br \/>\n&#8211; Campanhas sal\u00e1riais &#8211; RGA &#8211; Revista Geral Anual &#8211; Planilha RCL.<br \/>\n&#8211; Planilha RPPS &#8211; Reforma da Previd\u00eancia.<br \/>\n&#8211; Pisos &#8211; magist\u00e9rio, ACS, enfermagem &#8211; Informe Jur\u00eddico.<br \/>\n&#8211; Elei\u00e7\u00e3o da Regional<br \/>\n&#8211; Assuntos gerais.<\/strong><br \/>\nAos colegas sindicalistas de Bossoroca, Guarani das Miss\u00f5es, Santo \u00c2ngelo, S\u00e3o Luiz Gonzaga, Santo Cristo, Entre-Iju\u00eds, Salvador das Miss\u00f5es, S\u00e3o Nicolau, S\u00e3o Paulo das Miss\u00f5es, Vit\u00f3ria das Miss\u00f5es e Roque Gonzales, nosso agradecimento pela presen\u00e7a.<\/p>\n","protected":false},"excerpt":{"rendered":"<p>Na noite de hoje, 08\/03 ocorreu a Elei\u00e7\u00e3o da Regional das Miss\u00f5es- FEMERGS &#8211; junto ao Sindicato dos Municiparios de S\u00e3o Paulo das Miss\u00f5es. Foram eleitos como Vice Presidente da regional Nilson de Chaves (Sindicato dos Mun. De S\u00e3o Luiz Gonzaga) Secretaria L\u00facia Thomas (Sindicato dos Mun. S\u00e3o Paulo das Miss\u00f5es) E como Suplente, Jo\u00e3o [&hellip;]<\/p>\n","protected":false},"author":1,"featured_media":0,"comment_status":"closed","ping_status":"closed","sticky":false,"template":"","format":"standard","meta":{"_eb_attr":"","_uag_custom_page_level_css":"","fifu_image_url":"","fifu_image_alt":"","footnotes":""},"categories":[1],"tags":[32],"class_list":["post-1323","post","type-post","status-publish","format-standard","hentry","category-arquivadas","tag-null"],"yoast_head":"<!-- This site is optimized with the Yoast SEO plugin v27.1.1 - https:\/\/yoast.com\/product\/yoast-seo-wordpress\/ -->\n<title>ELEI\u00c7\u00c3O REGIONAL DAS MISS\u00d5ES. - Federa\u00e7\u00e3o dos Municip\u00e1rios do Estado do Rio Grande do Sul<\/title>\n<meta name=\"robots\" content=\"index, follow, max-snippet:-1, max-image-preview:large, max-video-preview:-1\" \/>\n<link rel=\"canonical\" href=\"https:\/\/femergs.com.br\/wfe\/blog\/eleicao-regional-das-missoes\/\" \/>\n<meta property=\"og:locale\" content=\"pt_BR\" \/>\n<meta property=\"og:type\" content=\"article\" \/>\n<meta property=\"og:title\" content=\"ELEI\u00c7\u00c3O REGIONAL DAS MISS\u00d5ES. - Federa\u00e7\u00e3o dos Municip\u00e1rios do Estado do Rio Grande do Sul\" \/>\n<meta property=\"og:description\" content=\"Na noite de hoje, 08\/03 ocorreu a Elei\u00e7\u00e3o da Regional das Miss\u00f5es- FEMERGS &#8211; junto ao Sindicato dos Municiparios de S\u00e3o Paulo das Miss\u00f5es. Foram eleitos como Vice Presidente da regional Nilson de Chaves (Sindicato dos Mun. De S\u00e3o Luiz Gonzaga) Secretaria L\u00facia Thomas (Sindicato dos Mun. S\u00e3o Paulo das Miss\u00f5es) E como Suplente, Jo\u00e3o [&hellip;]\" \/>\n<meta property=\"og:url\" content=\"https:\/\/femergs.com.br\/wfe\/blog\/eleicao-regional-das-missoes\/\" \/>\n<meta property=\"og:site_name\" content=\"Federa\u00e7\u00e3o dos Municip\u00e1rios do Estado do Rio Grande do Sul\" \/>\n<meta property=\"article:publisher\" content=\"https:\/\/www.facebook.com\/profile.php?id=100057151733001\" \/>\n<meta property=\"article:published_time\" content=\"2023-03-15T16:00:36+00:00\" \/>\n<meta name=\"author\" content=\"adminfemergs\" \/>\n<meta name=\"twitter:card\" content=\"summary_large_image\" \/>\n<meta name=\"twitter:label1\" content=\"Escrito por\" \/>\n\t<meta name=\"twitter:data1\" content=\"adminfemergs\" \/>\n\t<meta name=\"twitter:label2\" content=\"Est. tempo de leitura\" \/>\n\t<meta name=\"twitter:data2\" content=\"1 minuto\" \/>\n<script type=\"application\/ld+json\" class=\"yoast-schema-graph\">{\"@context\":\"https:\/\/schema.org\",\"@graph\":[{\"@type\":\"Article\",\"@id\":\"https:\/\/femergs.com.br\/wfe\/blog\/eleicao-regional-das-missoes\/#article\",\"isPartOf\":{\"@id\":\"https:\/\/femergs.com.br\/wfe\/blog\/eleicao-regional-das-missoes\/\"},\"author\":{\"name\":\"adminfemergs\",\"@id\":\"https:\/\/femergs.com.br\/wfe\/#\/schema\/person\/f5558e6b5ffc044ee085016237dedb7f\"},\"headline\":\"ELEI\u00c7\u00c3O REGIONAL DAS MISS\u00d5ES.\",\"datePublished\":\"2023-03-15T16:00:36+00:00\",\"mainEntityOfPage\":{\"@id\":\"https:\/\/femergs.com.br\/wfe\/blog\/eleicao-regional-das-missoes\/\"},\"wordCount\":186,\"publisher\":{\"@id\":\"https:\/\/femergs.com.br\/wfe\/#organization\"},\"keywords\":[\"NULL\"],\"articleSection\":[\"ARQUIVADAS\"],\"inLanguage\":\"pt-BR\"},{\"@type\":\"WebPage\",\"@id\":\"https:\/\/femergs.com.br\/wfe\/blog\/eleicao-regional-das-missoes\/\",\"url\":\"https:\/\/femergs.com.br\/wfe\/blog\/eleicao-regional-das-missoes\/\",\"name\":\"ELEI\u00c7\u00c3O REGIONAL DAS MISS\u00d5ES. - Federa\u00e7\u00e3o dos Municip\u00e1rios do Estado do Rio Grande do Sul\",\"isPartOf\":{\"@id\":\"https:\/\/femergs.com.br\/wfe\/#website\"},\"datePublished\":\"2023-03-15T16:00:36+00:00\",\"breadcrumb\":{\"@id\":\"https:\/\/femergs.com.br\/wfe\/blog\/eleicao-regional-das-missoes\/#breadcrumb\"},\"inLanguage\":\"pt-BR\",\"potentialAction\":[{\"@type\":\"ReadAction\",\"target\":[\"https:\/\/femergs.com.br\/wfe\/blog\/eleicao-regional-das-missoes\/\"]}]},{\"@type\":\"BreadcrumbList\",\"@id\":\"https:\/\/femergs.com.br\/wfe\/blog\/eleicao-regional-das-missoes\/#breadcrumb\",\"itemListElement\":[{\"@type\":\"ListItem\",\"position\":1,\"name\":\"In\u00edcio\",\"item\":\"https:\/\/femergs.com.br\/wfe\/\"},{\"@type\":\"ListItem\",\"position\":2,\"name\":\"ELEI\u00c7\u00c3O REGIONAL DAS MISS\u00d5ES.\"}]},{\"@type\":\"WebSite\",\"@id\":\"https:\/\/femergs.com.br\/wfe\/#website\",\"url\":\"https:\/\/femergs.com.br\/wfe\/\",\"name\":\"FEMERGS\",\"description\":\"FEDERA\u00c7\u00c3O DOS MUNICIP\u00c1RIOS DO ESTADO DO RIO GRANDE DO SUL\",\"publisher\":{\"@id\":\"https:\/\/femergs.com.br\/wfe\/#organization\"},\"potentialAction\":[{\"@type\":\"SearchAction\",\"target\":{\"@type\":\"EntryPoint\",\"urlTemplate\":\"https:\/\/femergs.com.br\/wfe\/?s={search_term_string}\"},\"query-input\":{\"@type\":\"PropertyValueSpecification\",\"valueRequired\":true,\"valueName\":\"search_term_string\"}}],\"inLanguage\":\"pt-BR\"},{\"@type\":\"Organization\",\"@id\":\"https:\/\/femergs.com.br\/wfe\/#organization\",\"name\":\"FEMERGS\",\"url\":\"https:\/\/femergs.com.br\/wfe\/\",\"logo\":{\"@type\":\"ImageObject\",\"inLanguage\":\"pt-BR\",\"@id\":\"https:\/\/femergs.com.br\/wfe\/#\/schema\/logo\/image\/\",\"url\":\"https:\/\/femergs.com.br\/wfe\/wp-content\/uploads\/2025\/06\/logotipo.png\",\"contentUrl\":\"https:\/\/femergs.com.br\/wfe\/wp-content\/uploads\/2025\/06\/logotipo.png\",\"width\":500,\"height\":500,\"caption\":\"FEMERGS\"},\"image\":{\"@id\":\"https:\/\/femergs.com.br\/wfe\/#\/schema\/logo\/image\/\"},\"sameAs\":[\"https:\/\/www.facebook.com\/profile.php?id=100057151733001\",\"https:\/\/www.instagram.com\/femergs_rs\/\"]},{\"@type\":\"Person\",\"@id\":\"https:\/\/femergs.com.br\/wfe\/#\/schema\/person\/f5558e6b5ffc044ee085016237dedb7f\",\"name\":\"adminfemergs\",\"image\":{\"@type\":\"ImageObject\",\"inLanguage\":\"pt-BR\",\"@id\":\"https:\/\/femergs.com.br\/wfe\/#\/schema\/person\/image\/\",\"url\":\"https:\/\/secure.gravatar.com\/avatar\/398642fa557cdd524617ad9b31c938845f071aeb3448b9c0aeb29aefc495337b?s=96&d=mm&r=g\",\"contentUrl\":\"https:\/\/secure.gravatar.com\/avatar\/398642fa557cdd524617ad9b31c938845f071aeb3448b9c0aeb29aefc495337b?s=96&d=mm&r=g\",\"caption\":\"adminfemergs\"},\"sameAs\":[\"https:\/\/femergs.com.br\/wfe\"],\"url\":\"https:\/\/femergs.com.br\/wfe\/blog\/author\/adminfemergs\/\"}]}<\/script>\n<!-- \/ Yoast SEO plugin. -->","yoast_head_json":{"title":"ELEI\u00c7\u00c3O REGIONAL DAS MISS\u00d5ES. - Federa\u00e7\u00e3o dos Municip\u00e1rios do Estado do Rio Grande do Sul","robots":{"index":"index","follow":"follow","max-snippet":"max-snippet:-1","max-image-preview":"max-image-preview:large","max-video-preview":"max-video-preview:-1"},"canonical":"https:\/\/femergs.com.br\/wfe\/blog\/eleicao-regional-das-missoes\/","og_locale":"pt_BR","og_type":"article","og_title":"ELEI\u00c7\u00c3O REGIONAL DAS MISS\u00d5ES. - Federa\u00e7\u00e3o dos Municip\u00e1rios do Estado do Rio Grande do Sul","og_description":"Na noite de hoje, 08\/03 ocorreu a Elei\u00e7\u00e3o da Regional das Miss\u00f5es- FEMERGS &#8211; junto ao Sindicato dos Municiparios de S\u00e3o Paulo das Miss\u00f5es. Foram eleitos como Vice Presidente da regional Nilson de Chaves (Sindicato dos Mun. De S\u00e3o Luiz Gonzaga) Secretaria L\u00facia Thomas (Sindicato dos Mun. S\u00e3o Paulo das Miss\u00f5es) E como Suplente, Jo\u00e3o [&hellip;]","og_url":"https:\/\/femergs.com.br\/wfe\/blog\/eleicao-regional-das-missoes\/","og_site_name":"Federa\u00e7\u00e3o dos Municip\u00e1rios do Estado do Rio Grande do Sul","article_publisher":"https:\/\/www.facebook.com\/profile.php?id=100057151733001","article_published_time":"2023-03-15T16:00:36+00:00","author":"adminfemergs","twitter_card":"summary_large_image","twitter_misc":{"Escrito por":"adminfemergs","Est. tempo de leitura":"1 minuto"},"schema":{"@context":"https:\/\/schema.org","@graph":[{"@type":"Article","@id":"https:\/\/femergs.com.br\/wfe\/blog\/eleicao-regional-das-missoes\/#article","isPartOf":{"@id":"https:\/\/femergs.com.br\/wfe\/blog\/eleicao-regional-das-missoes\/"},"author":{"name":"adminfemergs","@id":"https:\/\/femergs.com.br\/wfe\/#\/schema\/person\/f5558e6b5ffc044ee085016237dedb7f"},"headline":"ELEI\u00c7\u00c3O REGIONAL DAS MISS\u00d5ES.","datePublished":"2023-03-15T16:00:36+00:00","mainEntityOfPage":{"@id":"https:\/\/femergs.com.br\/wfe\/blog\/eleicao-regional-das-missoes\/"},"wordCount":186,"publisher":{"@id":"https:\/\/femergs.com.br\/wfe\/#organization"},"keywords":["NULL"],"articleSection":["ARQUIVADAS"],"inLanguage":"pt-BR"},{"@type":"WebPage","@id":"https:\/\/femergs.com.br\/wfe\/blog\/eleicao-regional-das-missoes\/","url":"https:\/\/femergs.com.br\/wfe\/blog\/eleicao-regional-das-missoes\/","name":"ELEI\u00c7\u00c3O REGIONAL DAS MISS\u00d5ES. - Federa\u00e7\u00e3o dos Municip\u00e1rios do Estado do Rio Grande do Sul","isPartOf":{"@id":"https:\/\/femergs.com.br\/wfe\/#website"},"datePublished":"2023-03-15T16:00:36+00:00","breadcrumb":{"@id":"https:\/\/femergs.com.br\/wfe\/blog\/eleicao-regional-das-missoes\/#breadcrumb"},"inLanguage":"pt-BR","potentialAction":[{"@type":"ReadAction","target":["https:\/\/femergs.com.br\/wfe\/blog\/eleicao-regional-das-missoes\/"]}]},{"@type":"BreadcrumbList","@id":"https:\/\/femergs.com.br\/wfe\/blog\/eleicao-regional-das-missoes\/#breadcrumb","itemListElement":[{"@type":"ListItem","position":1,"name":"In\u00edcio","item":"https:\/\/femergs.com.br\/wfe\/"},{"@type":"ListItem","position":2,"name":"ELEI\u00c7\u00c3O REGIONAL DAS MISS\u00d5ES."}]},{"@type":"WebSite","@id":"https:\/\/femergs.com.br\/wfe\/#website","url":"https:\/\/femergs.com.br\/wfe\/","name":"FEMERGS","description":"FEDERA\u00c7\u00c3O DOS MUNICIP\u00c1RIOS DO ESTADO DO RIO GRANDE DO SUL","publisher":{"@id":"https:\/\/femergs.com.br\/wfe\/#organization"},"potentialAction":[{"@type":"SearchAction","target":{"@type":"EntryPoint","urlTemplate":"https:\/\/femergs.com.br\/wfe\/?s={search_term_string}"},"query-input":{"@type":"PropertyValueSpecification","valueRequired":true,"valueName":"search_term_string"}}],"inLanguage":"pt-BR"},{"@type":"Organization","@id":"https:\/\/femergs.com.br\/wfe\/#organization","name":"FEMERGS","url":"https:\/\/femergs.com.br\/wfe\/","logo":{"@type":"ImageObject","inLanguage":"pt-BR","@id":"https:\/\/femergs.com.br\/wfe\/#\/schema\/logo\/image\/","url":"https:\/\/femergs.com.br\/wfe\/wp-content\/uploads\/2025\/06\/logotipo.png","contentUrl":"https:\/\/femergs.com.br\/wfe\/wp-content\/uploads\/2025\/06\/logotipo.png","width":500,"height":500,"caption":"FEMERGS"},"image":{"@id":"https:\/\/femergs.com.br\/wfe\/#\/schema\/logo\/image\/"},"sameAs":["https:\/\/www.facebook.com\/profile.php?id=100057151733001","https:\/\/www.instagram.com\/femergs_rs\/"]},{"@type":"Person","@id":"https:\/\/femergs.com.br\/wfe\/#\/schema\/person\/f5558e6b5ffc044ee085016237dedb7f","name":"adminfemergs","image":{"@type":"ImageObject","inLanguage":"pt-BR","@id":"https:\/\/femergs.com.br\/wfe\/#\/schema\/person\/image\/","url":"https:\/\/secure.gravatar.com\/avatar\/398642fa557cdd524617ad9b31c938845f071aeb3448b9c0aeb29aefc495337b?s=96&d=mm&r=g","contentUrl":"https:\/\/secure.gravatar.com\/avatar\/398642fa557cdd524617ad9b31c938845f071aeb3448b9c0aeb29aefc495337b?s=96&d=mm&r=g","caption":"adminfemergs"},"sameAs":["https:\/\/femergs.com.br\/wfe"],"url":"https:\/\/femergs.com.br\/wfe\/blog\/author\/adminfemergs\/"}]}},"uagb_featured_image_src":{"full":false,"thumbnail":false,"medium":false,"medium_large":false,"large":false,"1536x1536":false,"2048x2048":false,"ultp_layout_landscape_large":false,"ultp_layout_landscape":false,"ultp_layout_portrait":false,"ultp_layout_square":false},"uagb_author_info":{"display_name":"adminfemergs","author_link":"https:\/\/femergs.com.br\/wfe\/blog\/author\/adminfemergs\/"},"uagb_comment_info":0,"uagb_excerpt":"Na noite de hoje, 08\/03 ocorreu a Elei\u00e7\u00e3o da Regional das Miss\u00f5es- FEMERGS &#8211; junto ao Sindicato dos Municiparios de S\u00e3o Paulo das Miss\u00f5es. Foram eleitos como Vice Presidente da regional Nilson de Chaves (Sindicato dos Mun. De S\u00e3o Luiz Gonzaga) Secretaria L\u00facia Thomas (Sindicato dos Mun. S\u00e3o Paulo das Miss\u00f5es) E como Suplente, Jo\u00e3o&hellip;","_links":{"self":[{"href":"https:\/\/femergs.com.br\/wfe\/wp-json\/wp\/v2\/posts\/1323","targetHints":{"allow":["GET"]}}],"collection":[{"href":"https:\/\/femergs.com.br\/wfe\/wp-json\/wp\/v2\/posts"}],"about":[{"href":"https:\/\/femergs.com.br\/wfe\/wp-json\/wp\/v2\/types\/post"}],"author":[{"embeddable":true,"href":"https:\/\/femergs.com.br\/wfe\/wp-json\/wp\/v2\/users\/1"}],"replies":[{"embeddable":true,"href":"https:\/\/femergs.com.br\/wfe\/wp-json\/wp\/v2\/comments?post=1323"}],"version-history":[{"count":0,"href":"https:\/\/femergs.com.br\/wfe\/wp-json\/wp\/v2\/posts\/1323\/revisions"}],"wp:attachment":[{"href":"https:\/\/femergs.com.br\/wfe\/wp-json\/wp\/v2\/media?parent=1323"}],"wp:term":[{"taxonomy":"category","embeddable":true,"href":"https:\/\/femergs.com.br\/wfe\/wp-json\/wp\/v2\/categories?post=1323"},{"taxonomy":"post_tag","embeddable":true,"href":"https:\/\/femergs.com.br\/wfe\/wp-json\/wp\/v2\/tags?post=1323"}],"curies":[{"name":"wp","href":"https:\/\/api.w.org\/{rel}","templated":true}]}}