{"id":1327,"date":"2023-04-03T10:58:27","date_gmt":"2023-04-03T10:58:27","guid":{"rendered":"https:\/\/femergs.com.br\/wfe\/blog\/assembleia-de-eleicao-regional-amcentro\/"},"modified":"2025-09-02T17:43:24","modified_gmt":"2025-09-02T17:43:24","slug":"assembleia-de-eleicao-regional-amcentro","status":"publish","type":"post","link":"https:\/\/femergs.com.br\/wfe\/blog\/assembleia-de-eleicao-regional-amcentro\/","title":{"rendered":"Assembl\u00e9ia de Elei\u00e7\u00e3o Regional AMCENTRO"},"content":{"rendered":"\n<figure class=\"wp-block-image alignright is-resized\"><img decoding=\"async\" src=\"data:image\/gif;base64,R0lGODlhAQABAIAAAAAAAP\/\/\/ywAAAAAAQABAAACAUwAOw==\" fifu-lazy=\"1\" fifu-data-sizes=\"auto\" fifu-data-srcset=\"\/Im4g3nsN0t1cia\/geral\/images\/WhatsApp_Image_2023-03-29_at_15_48_28.jpeg?w=75&resize=75&ssl=1 75w, \/Im4g3nsN0t1cia\/geral\/images\/WhatsApp_Image_2023-03-29_at_15_48_28.jpeg?w=100&resize=100&ssl=1 100w, \/Im4g3nsN0t1cia\/geral\/images\/WhatsApp_Image_2023-03-29_at_15_48_28.jpeg?w=150&resize=150&ssl=1 150w, \/Im4g3nsN0t1cia\/geral\/images\/WhatsApp_Image_2023-03-29_at_15_48_28.jpeg?w=240&resize=240&ssl=1 240w, \/Im4g3nsN0t1cia\/geral\/images\/WhatsApp_Image_2023-03-29_at_15_48_28.jpeg?w=320&resize=320&ssl=1 320w, \/Im4g3nsN0t1cia\/geral\/images\/WhatsApp_Image_2023-03-29_at_15_48_28.jpeg?w=500&resize=500&ssl=1 500w, \/Im4g3nsN0t1cia\/geral\/images\/WhatsApp_Image_2023-03-29_at_15_48_28.jpeg?w=640&resize=640&ssl=1 640w, \/Im4g3nsN0t1cia\/geral\/images\/WhatsApp_Image_2023-03-29_at_15_48_28.jpeg?w=800&resize=800&ssl=1 800w, \/Im4g3nsN0t1cia\/geral\/images\/WhatsApp_Image_2023-03-29_at_15_48_28.jpeg?w=1024&resize=1024&ssl=1 1024w, \/Im4g3nsN0t1cia\/geral\/images\/WhatsApp_Image_2023-03-29_at_15_48_28.jpeg?w=1280&resize=1280&ssl=1 1280w, \/Im4g3nsN0t1cia\/geral\/images\/WhatsApp_Image_2023-03-29_at_15_48_28.jpeg?w=1600&resize=1600&ssl=1 1600w\" fifu-data-src=\"\/Im4g3nsN0t1cia\/geral\/images\/WhatsApp_Image_2023-03-29_at_15_48_28.jpeg\" alt=\"\" style=\"width:510px;height:auto\"\/><\/figure>\n\n\n\n<p>Na noite de 28 de mar\u00e7o ocorreu a Assembl\u00e9ia de Elei\u00e7\u00e3o da Regional AMCENTRO- FEMERGS &#8211; junto so Sindicato dos Servidores Municipais de Jari.<br>Foram eleitos como <strong>Vice Presidente da regional Adriano Diniz (Sindicato dos Serv. Mun de Jari ) Secret\u00e1rio, Lisandro Machado Bevilaqua (Sindicato dos Serv, de Mata)<br>E como Suplente, Fransisco Jos\u00e9 Maciel Junior (Sindicato dos Serv. Dilermano Aguiar)<\/strong><br>Foi tratado tamb\u00e9m as seguintes pautas referente a:<br>&#8211; An\u00e1lise de Conjuntura.<br>&#8211; Finan\u00e7as &#8211; Resolu\u00e7\u00e3o do Congresso extraordin\u00e1rio.<br>&#8211; Campanhas sal\u00e1riais &#8211; RGA &#8211; Revista Geral Anual &#8211; Planilha RCL.<br>&#8211; Planilha RPPS &#8211; Reforma da Previd\u00eancia.<br>&#8211; Pisos &#8211; magist\u00e9rio, ACS, enfermagem &#8211; Informe Jur\u00eddico.<br>&#8211; Elei\u00e7\u00e3o da Regional<br>&#8211; Assuntos gerais.<br>Aos colegas sindicalistas que se fizeram presente, nosso agradecimento.<\/p>\n\n\n\n<p><\/p>\n","protected":false},"excerpt":{"rendered":"<p>Na noite de 28 de mar\u00e7o ocorreu a Assembl\u00e9ia de Elei\u00e7\u00e3o da Regional AMCENTRO- FEMERGS &#8211; junto so Sindicato dos Servidores Municipais de Jari.Foram eleitos como Vice Presidente da regional Adriano Diniz (Sindicato dos Serv. Mun de Jari ) Secret\u00e1rio, Lisandro Machado Bevilaqua (Sindicato dos Serv, de Mata)E como Suplente, Fransisco Jos\u00e9 Maciel Junior (Sindicato [&hellip;]<\/p>\n","protected":false},"author":1,"featured_media":0,"comment_status":"closed","ping_status":"closed","sticky":false,"template":"","format":"standard","meta":{"_eb_attr":"","_uag_custom_page_level_css":"","fifu_image_url":"","fifu_image_alt":"","footnotes":""},"categories":[1],"tags":[32],"class_list":["post-1327","post","type-post","status-publish","format-standard","hentry","category-arquivadas","tag-null"],"yoast_head":"<!-- This site is optimized with the Yoast SEO plugin v27.1.1 - https:\/\/yoast.com\/product\/yoast-seo-wordpress\/ -->\n<title>Assembl\u00e9ia de Elei\u00e7\u00e3o Regional AMCENTRO - Federa\u00e7\u00e3o dos Municip\u00e1rios do Estado do Rio Grande do Sul<\/title>\n<meta name=\"robots\" content=\"index, follow, max-snippet:-1, max-image-preview:large, max-video-preview:-1\" \/>\n<link rel=\"canonical\" href=\"https:\/\/femergs.com.br\/wfe\/blog\/assembleia-de-eleicao-regional-amcentro\/\" \/>\n<meta property=\"og:locale\" content=\"pt_BR\" \/>\n<meta property=\"og:type\" content=\"article\" \/>\n<meta property=\"og:title\" content=\"Assembl\u00e9ia de Elei\u00e7\u00e3o Regional AMCENTRO - Federa\u00e7\u00e3o dos Municip\u00e1rios do Estado do Rio Grande do Sul\" \/>\n<meta property=\"og:description\" content=\"Na noite de 28 de mar\u00e7o ocorreu a Assembl\u00e9ia de Elei\u00e7\u00e3o da Regional AMCENTRO- FEMERGS &#8211; junto so Sindicato dos Servidores Municipais de Jari.Foram eleitos como Vice Presidente da regional Adriano Diniz (Sindicato dos Serv. Mun de Jari ) Secret\u00e1rio, Lisandro Machado Bevilaqua (Sindicato dos Serv, de Mata)E como Suplente, Fransisco Jos\u00e9 Maciel Junior (Sindicato [&hellip;]\" \/>\n<meta property=\"og:url\" content=\"https:\/\/femergs.com.br\/wfe\/blog\/assembleia-de-eleicao-regional-amcentro\/\" \/>\n<meta property=\"og:site_name\" content=\"Federa\u00e7\u00e3o dos Municip\u00e1rios do Estado do Rio Grande do Sul\" \/>\n<meta property=\"article:publisher\" content=\"https:\/\/www.facebook.com\/profile.php?id=100057151733001\" \/>\n<meta property=\"article:published_time\" content=\"2023-04-03T10:58:27+00:00\" \/>\n<meta property=\"article:modified_time\" content=\"2025-09-02T17:43:24+00:00\" \/>\n<meta name=\"author\" content=\"adminfemergs\" \/>\n<meta name=\"twitter:card\" content=\"summary_large_image\" \/>\n<meta name=\"twitter:label1\" content=\"Escrito por\" \/>\n\t<meta name=\"twitter:data1\" content=\"adminfemergs\" \/>\n\t<meta name=\"twitter:label2\" content=\"Est. tempo de leitura\" \/>\n\t<meta name=\"twitter:data2\" content=\"1 minuto\" \/>\n<script type=\"application\/ld+json\" class=\"yoast-schema-graph\">{\"@context\":\"https:\/\/schema.org\",\"@graph\":[{\"@type\":\"Article\",\"@id\":\"https:\/\/femergs.com.br\/wfe\/blog\/assembleia-de-eleicao-regional-amcentro\/#article\",\"isPartOf\":{\"@id\":\"https:\/\/femergs.com.br\/wfe\/blog\/assembleia-de-eleicao-regional-amcentro\/\"},\"author\":{\"name\":\"adminfemergs\",\"@id\":\"https:\/\/femergs.com.br\/wfe\/#\/schema\/person\/f5558e6b5ffc044ee085016237dedb7f\"},\"headline\":\"Assembl\u00e9ia de Elei\u00e7\u00e3o Regional AMCENTRO\",\"datePublished\":\"2023-04-03T10:58:27+00:00\",\"dateModified\":\"2025-09-02T17:43:24+00:00\",\"mainEntityOfPage\":{\"@id\":\"https:\/\/femergs.com.br\/wfe\/blog\/assembleia-de-eleicao-regional-amcentro\/\"},\"wordCount\":142,\"publisher\":{\"@id\":\"https:\/\/femergs.com.br\/wfe\/#organization\"},\"keywords\":[\"NULL\"],\"articleSection\":[\"ARQUIVADAS\"],\"inLanguage\":\"pt-BR\"},{\"@type\":\"WebPage\",\"@id\":\"https:\/\/femergs.com.br\/wfe\/blog\/assembleia-de-eleicao-regional-amcentro\/\",\"url\":\"https:\/\/femergs.com.br\/wfe\/blog\/assembleia-de-eleicao-regional-amcentro\/\",\"name\":\"Assembl\u00e9ia de Elei\u00e7\u00e3o Regional AMCENTRO - Federa\u00e7\u00e3o dos Municip\u00e1rios do Estado do Rio Grande do Sul\",\"isPartOf\":{\"@id\":\"https:\/\/femergs.com.br\/wfe\/#website\"},\"datePublished\":\"2023-04-03T10:58:27+00:00\",\"dateModified\":\"2025-09-02T17:43:24+00:00\",\"breadcrumb\":{\"@id\":\"https:\/\/femergs.com.br\/wfe\/blog\/assembleia-de-eleicao-regional-amcentro\/#breadcrumb\"},\"inLanguage\":\"pt-BR\",\"potentialAction\":[{\"@type\":\"ReadAction\",\"target\":[\"https:\/\/femergs.com.br\/wfe\/blog\/assembleia-de-eleicao-regional-amcentro\/\"]}]},{\"@type\":\"BreadcrumbList\",\"@id\":\"https:\/\/femergs.com.br\/wfe\/blog\/assembleia-de-eleicao-regional-amcentro\/#breadcrumb\",\"itemListElement\":[{\"@type\":\"ListItem\",\"position\":1,\"name\":\"In\u00edcio\",\"item\":\"https:\/\/femergs.com.br\/wfe\/\"},{\"@type\":\"ListItem\",\"position\":2,\"name\":\"Assembl\u00e9ia de Elei\u00e7\u00e3o Regional AMCENTRO\"}]},{\"@type\":\"WebSite\",\"@id\":\"https:\/\/femergs.com.br\/wfe\/#website\",\"url\":\"https:\/\/femergs.com.br\/wfe\/\",\"name\":\"FEMERGS\",\"description\":\"FEDERA\u00c7\u00c3O DOS MUNICIP\u00c1RIOS DO ESTADO DO RIO GRANDE DO SUL\",\"publisher\":{\"@id\":\"https:\/\/femergs.com.br\/wfe\/#organization\"},\"potentialAction\":[{\"@type\":\"SearchAction\",\"target\":{\"@type\":\"EntryPoint\",\"urlTemplate\":\"https:\/\/femergs.com.br\/wfe\/?s={search_term_string}\"},\"query-input\":{\"@type\":\"PropertyValueSpecification\",\"valueRequired\":true,\"valueName\":\"search_term_string\"}}],\"inLanguage\":\"pt-BR\"},{\"@type\":\"Organization\",\"@id\":\"https:\/\/femergs.com.br\/wfe\/#organization\",\"name\":\"FEMERGS\",\"url\":\"https:\/\/femergs.com.br\/wfe\/\",\"logo\":{\"@type\":\"ImageObject\",\"inLanguage\":\"pt-BR\",\"@id\":\"https:\/\/femergs.com.br\/wfe\/#\/schema\/logo\/image\/\",\"url\":\"https:\/\/femergs.com.br\/wfe\/wp-content\/uploads\/2025\/06\/logotipo.png\",\"contentUrl\":\"https:\/\/femergs.com.br\/wfe\/wp-content\/uploads\/2025\/06\/logotipo.png\",\"width\":500,\"height\":500,\"caption\":\"FEMERGS\"},\"image\":{\"@id\":\"https:\/\/femergs.com.br\/wfe\/#\/schema\/logo\/image\/\"},\"sameAs\":[\"https:\/\/www.facebook.com\/profile.php?id=100057151733001\",\"https:\/\/www.instagram.com\/femergs_rs\/\"]},{\"@type\":\"Person\",\"@id\":\"https:\/\/femergs.com.br\/wfe\/#\/schema\/person\/f5558e6b5ffc044ee085016237dedb7f\",\"name\":\"adminfemergs\",\"image\":{\"@type\":\"ImageObject\",\"inLanguage\":\"pt-BR\",\"@id\":\"https:\/\/femergs.com.br\/wfe\/#\/schema\/person\/image\/\",\"url\":\"https:\/\/secure.gravatar.com\/avatar\/398642fa557cdd524617ad9b31c938845f071aeb3448b9c0aeb29aefc495337b?s=96&d=mm&r=g\",\"contentUrl\":\"https:\/\/secure.gravatar.com\/avatar\/398642fa557cdd524617ad9b31c938845f071aeb3448b9c0aeb29aefc495337b?s=96&d=mm&r=g\",\"caption\":\"adminfemergs\"},\"sameAs\":[\"https:\/\/femergs.com.br\/wfe\"],\"url\":\"https:\/\/femergs.com.br\/wfe\/blog\/author\/adminfemergs\/\"}]}<\/script>\n<!-- \/ Yoast SEO plugin. -->","yoast_head_json":{"title":"Assembl\u00e9ia de Elei\u00e7\u00e3o Regional AMCENTRO - Federa\u00e7\u00e3o dos Municip\u00e1rios do Estado do Rio Grande do Sul","robots":{"index":"index","follow":"follow","max-snippet":"max-snippet:-1","max-image-preview":"max-image-preview:large","max-video-preview":"max-video-preview:-1"},"canonical":"https:\/\/femergs.com.br\/wfe\/blog\/assembleia-de-eleicao-regional-amcentro\/","og_locale":"pt_BR","og_type":"article","og_title":"Assembl\u00e9ia de Elei\u00e7\u00e3o Regional AMCENTRO - Federa\u00e7\u00e3o dos Municip\u00e1rios do Estado do Rio Grande do Sul","og_description":"Na noite de 28 de mar\u00e7o ocorreu a Assembl\u00e9ia de Elei\u00e7\u00e3o da Regional AMCENTRO- FEMERGS &#8211; junto so Sindicato dos Servidores Municipais de Jari.Foram eleitos como Vice Presidente da regional Adriano Diniz (Sindicato dos Serv. Mun de Jari ) Secret\u00e1rio, Lisandro Machado Bevilaqua (Sindicato dos Serv, de Mata)E como Suplente, Fransisco Jos\u00e9 Maciel Junior (Sindicato [&hellip;]","og_url":"https:\/\/femergs.com.br\/wfe\/blog\/assembleia-de-eleicao-regional-amcentro\/","og_site_name":"Federa\u00e7\u00e3o dos Municip\u00e1rios do Estado do Rio Grande do Sul","article_publisher":"https:\/\/www.facebook.com\/profile.php?id=100057151733001","article_published_time":"2023-04-03T10:58:27+00:00","article_modified_time":"2025-09-02T17:43:24+00:00","author":"adminfemergs","twitter_card":"summary_large_image","twitter_misc":{"Escrito por":"adminfemergs","Est. tempo de leitura":"1 minuto"},"schema":{"@context":"https:\/\/schema.org","@graph":[{"@type":"Article","@id":"https:\/\/femergs.com.br\/wfe\/blog\/assembleia-de-eleicao-regional-amcentro\/#article","isPartOf":{"@id":"https:\/\/femergs.com.br\/wfe\/blog\/assembleia-de-eleicao-regional-amcentro\/"},"author":{"name":"adminfemergs","@id":"https:\/\/femergs.com.br\/wfe\/#\/schema\/person\/f5558e6b5ffc044ee085016237dedb7f"},"headline":"Assembl\u00e9ia de Elei\u00e7\u00e3o Regional AMCENTRO","datePublished":"2023-04-03T10:58:27+00:00","dateModified":"2025-09-02T17:43:24+00:00","mainEntityOfPage":{"@id":"https:\/\/femergs.com.br\/wfe\/blog\/assembleia-de-eleicao-regional-amcentro\/"},"wordCount":142,"publisher":{"@id":"https:\/\/femergs.com.br\/wfe\/#organization"},"keywords":["NULL"],"articleSection":["ARQUIVADAS"],"inLanguage":"pt-BR"},{"@type":"WebPage","@id":"https:\/\/femergs.com.br\/wfe\/blog\/assembleia-de-eleicao-regional-amcentro\/","url":"https:\/\/femergs.com.br\/wfe\/blog\/assembleia-de-eleicao-regional-amcentro\/","name":"Assembl\u00e9ia de Elei\u00e7\u00e3o Regional AMCENTRO - Federa\u00e7\u00e3o dos Municip\u00e1rios do Estado do Rio Grande do Sul","isPartOf":{"@id":"https:\/\/femergs.com.br\/wfe\/#website"},"datePublished":"2023-04-03T10:58:27+00:00","dateModified":"2025-09-02T17:43:24+00:00","breadcrumb":{"@id":"https:\/\/femergs.com.br\/wfe\/blog\/assembleia-de-eleicao-regional-amcentro\/#breadcrumb"},"inLanguage":"pt-BR","potentialAction":[{"@type":"ReadAction","target":["https:\/\/femergs.com.br\/wfe\/blog\/assembleia-de-eleicao-regional-amcentro\/"]}]},{"@type":"BreadcrumbList","@id":"https:\/\/femergs.com.br\/wfe\/blog\/assembleia-de-eleicao-regional-amcentro\/#breadcrumb","itemListElement":[{"@type":"ListItem","position":1,"name":"In\u00edcio","item":"https:\/\/femergs.com.br\/wfe\/"},{"@type":"ListItem","position":2,"name":"Assembl\u00e9ia de Elei\u00e7\u00e3o Regional AMCENTRO"}]},{"@type":"WebSite","@id":"https:\/\/femergs.com.br\/wfe\/#website","url":"https:\/\/femergs.com.br\/wfe\/","name":"FEMERGS","description":"FEDERA\u00c7\u00c3O DOS MUNICIP\u00c1RIOS DO ESTADO DO RIO GRANDE DO SUL","publisher":{"@id":"https:\/\/femergs.com.br\/wfe\/#organization"},"potentialAction":[{"@type":"SearchAction","target":{"@type":"EntryPoint","urlTemplate":"https:\/\/femergs.com.br\/wfe\/?s={search_term_string}"},"query-input":{"@type":"PropertyValueSpecification","valueRequired":true,"valueName":"search_term_string"}}],"inLanguage":"pt-BR"},{"@type":"Organization","@id":"https:\/\/femergs.com.br\/wfe\/#organization","name":"FEMERGS","url":"https:\/\/femergs.com.br\/wfe\/","logo":{"@type":"ImageObject","inLanguage":"pt-BR","@id":"https:\/\/femergs.com.br\/wfe\/#\/schema\/logo\/image\/","url":"https:\/\/femergs.com.br\/wfe\/wp-content\/uploads\/2025\/06\/logotipo.png","contentUrl":"https:\/\/femergs.com.br\/wfe\/wp-content\/uploads\/2025\/06\/logotipo.png","width":500,"height":500,"caption":"FEMERGS"},"image":{"@id":"https:\/\/femergs.com.br\/wfe\/#\/schema\/logo\/image\/"},"sameAs":["https:\/\/www.facebook.com\/profile.php?id=100057151733001","https:\/\/www.instagram.com\/femergs_rs\/"]},{"@type":"Person","@id":"https:\/\/femergs.com.br\/wfe\/#\/schema\/person\/f5558e6b5ffc044ee085016237dedb7f","name":"adminfemergs","image":{"@type":"ImageObject","inLanguage":"pt-BR","@id":"https:\/\/femergs.com.br\/wfe\/#\/schema\/person\/image\/","url":"https:\/\/secure.gravatar.com\/avatar\/398642fa557cdd524617ad9b31c938845f071aeb3448b9c0aeb29aefc495337b?s=96&d=mm&r=g","contentUrl":"https:\/\/secure.gravatar.com\/avatar\/398642fa557cdd524617ad9b31c938845f071aeb3448b9c0aeb29aefc495337b?s=96&d=mm&r=g","caption":"adminfemergs"},"sameAs":["https:\/\/femergs.com.br\/wfe"],"url":"https:\/\/femergs.com.br\/wfe\/blog\/author\/adminfemergs\/"}]}},"uagb_featured_image_src":{"full":false,"thumbnail":false,"medium":false,"medium_large":false,"large":false,"1536x1536":false,"2048x2048":false,"ultp_layout_landscape_large":false,"ultp_layout_landscape":false,"ultp_layout_portrait":false,"ultp_layout_square":false},"uagb_author_info":{"display_name":"adminfemergs","author_link":"https:\/\/femergs.com.br\/wfe\/blog\/author\/adminfemergs\/"},"uagb_comment_info":0,"uagb_excerpt":"Na noite de 28 de mar\u00e7o ocorreu a Assembl\u00e9ia de Elei\u00e7\u00e3o da Regional AMCENTRO- FEMERGS &#8211; junto so Sindicato dos Servidores Municipais de Jari.Foram eleitos como Vice Presidente da regional Adriano Diniz (Sindicato dos Serv. Mun de Jari ) Secret\u00e1rio, Lisandro Machado Bevilaqua (Sindicato dos Serv, de Mata)E como Suplente, Fransisco Jos\u00e9 Maciel Junior (Sindicato&hellip;","_links":{"self":[{"href":"https:\/\/femergs.com.br\/wfe\/wp-json\/wp\/v2\/posts\/1327","targetHints":{"allow":["GET"]}}],"collection":[{"href":"https:\/\/femergs.com.br\/wfe\/wp-json\/wp\/v2\/posts"}],"about":[{"href":"https:\/\/femergs.com.br\/wfe\/wp-json\/wp\/v2\/types\/post"}],"author":[{"embeddable":true,"href":"https:\/\/femergs.com.br\/wfe\/wp-json\/wp\/v2\/users\/1"}],"replies":[{"embeddable":true,"href":"https:\/\/femergs.com.br\/wfe\/wp-json\/wp\/v2\/comments?post=1327"}],"version-history":[{"count":2,"href":"https:\/\/femergs.com.br\/wfe\/wp-json\/wp\/v2\/posts\/1327\/revisions"}],"predecessor-version":[{"id":1390,"href":"https:\/\/femergs.com.br\/wfe\/wp-json\/wp\/v2\/posts\/1327\/revisions\/1390"}],"wp:attachment":[{"href":"https:\/\/femergs.com.br\/wfe\/wp-json\/wp\/v2\/media?parent=1327"}],"wp:term":[{"taxonomy":"category","embeddable":true,"href":"https:\/\/femergs.com.br\/wfe\/wp-json\/wp\/v2\/categories?post=1327"},{"taxonomy":"post_tag","embeddable":true,"href":"https:\/\/femergs.com.br\/wfe\/wp-json\/wp\/v2\/tags?post=1327"}],"curies":[{"name":"wp","href":"https:\/\/api.w.org\/{rel}","templated":true}]}}