{"id":1328,"date":"2023-04-24T16:02:49","date_gmt":"2023-04-24T16:02:49","guid":{"rendered":"https:\/\/femergs.com.br\/wfe\/blog\/forum-debate-com-sindicatos-e-associacoes-projeto-do-ipe\/"},"modified":"2023-04-24T16:02:49","modified_gmt":"2023-04-24T16:02:49","slug":"forum-debate-com-sindicatos-e-associacoes-projeto-do-ipe","status":"publish","type":"post","link":"https:\/\/femergs.com.br\/wfe\/blog\/forum-debate-com-sindicatos-e-associacoes-projeto-do-ipe\/","title":{"rendered":"F\u00d3RUM DEBATE COM SINDICATOS E ASSOCIA\u00c7\u00d5ES PROJETO DO IPE"},"content":{"rendered":"<div style=\"text-align: center;\"><strong>F\u00d3RUM DEBATE COM SINDICATOS E ASSOCIA\u00c7\u00d5ES PROJETO DO IPE <\/strong><\/div>\n<p>\nRepresentantes de servidores civis e militares, estaduais e municipais lotaram o audit\u00f3rio da Fessergs na tarde desta quarta-feira (19) para discutir os pilares do projeto de reestrutura\u00e7\u00e3o do IPE-Sa\u00fade apresentado pelo governo Eduardo Leite. A reuni\u00e3o teve participa\u00e7\u00e3o tamb\u00e9m de mais de 30 lideran\u00e7as do interior do estado virtualmente. <\/p>\n<p>O presidente do F\u00f3rum Permanente em Defesa do IPE, J\u00falio C\u00e9sar Lopes Pereira, que teve a iniciativa de chamar o encontro, fez uma explana\u00e7\u00e3o do que significa para os servidores o aumento de al\u00edquotas, a cobran\u00e7a de dependentes e o aumento na coparticipa\u00e7\u00e3o em exames e procedimentos num cen\u00e1rio em que a grande massa do funcionalismo est\u00e1 com sal\u00e1rios arrochados, tendo tido 6% de reposi\u00e7\u00e3o em oito anos, diante de uma infla\u00e7\u00e3o de 60%. &#8220;Esse projeto aumentar\u00e1  a perda salarial e a inviabilizar\u00e1 a continuidade do plano para muitos.<\/p>\n<p>A seguir o presidente da Fessergs, S\u00e9rgio Arnoud, relatou que os servidores e segurados &#8220;n\u00e3o podem aceitar nenhum tipo de reestrutura\u00e7\u00e3o antes do governo sinalizar como e quando vai pagar o que deve ao IPE Sa\u00fade, uma d\u00edvida que chega a 1,5 bilh\u00e3o de reais&#8221;.  Al\u00e9m disso, o projeto apresentado n\u00e3o se sustenta, pois a grande maioria dos servidores n\u00e3o ter\u00e1 como arcar com os valores e o Instituto ir\u00e1 caminhar para a privatiza\u00e7\u00e3o.<\/p>\n<p>Os representantes presentes aprovaram a participa\u00e7\u00e3o no Ato por Reajuste Anual de Sal\u00e1rios e em Defesa do IPE no dia 26\/04, as 9h, em frente ao Instituto, al\u00e9m do aprofundamento de an\u00e1lise t\u00e9cnica das propostas do governo.<\/p>\n<p>Tamb\u00e9m decidiram pedir informa\u00e7\u00f5es mais detalhadas ao governo, pois os dados apresentados n\u00e3o s\u00e3o suficientes para permitir conhecimento claro da situa\u00e7\u00e3o, nem para a formula\u00e7\u00e3o de propostas sustent\u00e1veis.<br \/>\n\u201cQue o Governo pague o que deve ao IPE, para que possamos discutir qualquer reestrutura\u00e7\u00e3o\u201c,?afirmou S\u00e9rgio Arnoud.<br \/>\n<img decoding=\"async\" src=\"data:image\/gif;base64,R0lGODlhAQABAIAAAAAAAP\/\/\/ywAAAAAAQABAAACAUwAOw==\" fifu-lazy=\"1\" fifu-data-sizes=\"auto\" fifu-data-srcset=\"\/Im4g3nsN0t1cia\/geral\/images\/WhatsApp_Image_2023-04-21_at_09_41_44.jpeg?w=75&resize=75&ssl=1 75w, \/Im4g3nsN0t1cia\/geral\/images\/WhatsApp_Image_2023-04-21_at_09_41_44.jpeg?w=100&resize=100&ssl=1 100w, \/Im4g3nsN0t1cia\/geral\/images\/WhatsApp_Image_2023-04-21_at_09_41_44.jpeg?w=150&resize=150&ssl=1 150w, \/Im4g3nsN0t1cia\/geral\/images\/WhatsApp_Image_2023-04-21_at_09_41_44.jpeg?w=240&resize=240&ssl=1 240w, \/Im4g3nsN0t1cia\/geral\/images\/WhatsApp_Image_2023-04-21_at_09_41_44.jpeg?w=320&resize=320&ssl=1 320w, \/Im4g3nsN0t1cia\/geral\/images\/WhatsApp_Image_2023-04-21_at_09_41_44.jpeg?w=500&resize=500&ssl=1 500w, \/Im4g3nsN0t1cia\/geral\/images\/WhatsApp_Image_2023-04-21_at_09_41_44.jpeg?w=640&resize=640&ssl=1 640w, \/Im4g3nsN0t1cia\/geral\/images\/WhatsApp_Image_2023-04-21_at_09_41_44.jpeg?w=800&resize=800&ssl=1 800w, \/Im4g3nsN0t1cia\/geral\/images\/WhatsApp_Image_2023-04-21_at_09_41_44.jpeg?w=1024&resize=1024&ssl=1 1024w, \/Im4g3nsN0t1cia\/geral\/images\/WhatsApp_Image_2023-04-21_at_09_41_44.jpeg?w=1280&resize=1280&ssl=1 1280w, \/Im4g3nsN0t1cia\/geral\/images\/WhatsApp_Image_2023-04-21_at_09_41_44.jpeg?w=1600&resize=1600&ssl=1 1600w\" alt=\"\" fifu-data-src=\"\/Im4g3nsN0t1cia\/geral\/images\/WhatsApp_Image_2023-04-21_at_09_41_44.jpeg\" style=\"height:1200px; width:1600px\" \/><\/p>\n","protected":false},"excerpt":{"rendered":"<p>F\u00d3RUM DEBATE COM SINDICATOS E ASSOCIA\u00c7\u00d5ES PROJETO DO IPE Representantes de servidores civis e militares, estaduais e municipais lotaram o audit\u00f3rio da Fessergs na tarde desta quarta-feira (19) para discutir os pilares do projeto de reestrutura\u00e7\u00e3o do IPE-Sa\u00fade apresentado pelo governo Eduardo Leite. A reuni\u00e3o teve participa\u00e7\u00e3o tamb\u00e9m de mais de 30 lideran\u00e7as do interior [&hellip;]<\/p>\n","protected":false},"author":1,"featured_media":0,"comment_status":"closed","ping_status":"closed","sticky":false,"template":"","format":"standard","meta":{"_eb_attr":"","_uag_custom_page_level_css":"","fifu_image_url":"","fifu_image_alt":"","footnotes":""},"categories":[1],"tags":[32],"class_list":["post-1328","post","type-post","status-publish","format-standard","hentry","category-arquivadas","tag-null"],"yoast_head":"<!-- This site is optimized with the Yoast SEO plugin v27.1.1 - https:\/\/yoast.com\/product\/yoast-seo-wordpress\/ -->\n<title>F\u00d3RUM DEBATE COM SINDICATOS E ASSOCIA\u00c7\u00d5ES PROJETO DO IPE - Federa\u00e7\u00e3o dos Municip\u00e1rios do Estado do Rio Grande do Sul<\/title>\n<meta name=\"robots\" content=\"index, follow, max-snippet:-1, max-image-preview:large, max-video-preview:-1\" \/>\n<link rel=\"canonical\" href=\"https:\/\/femergs.com.br\/wfe\/blog\/forum-debate-com-sindicatos-e-associacoes-projeto-do-ipe\/\" \/>\n<meta property=\"og:locale\" content=\"pt_BR\" \/>\n<meta property=\"og:type\" content=\"article\" \/>\n<meta property=\"og:title\" content=\"F\u00d3RUM DEBATE COM SINDICATOS E ASSOCIA\u00c7\u00d5ES PROJETO DO IPE - Federa\u00e7\u00e3o dos Municip\u00e1rios do Estado do Rio Grande do Sul\" \/>\n<meta property=\"og:description\" content=\"F\u00d3RUM DEBATE COM SINDICATOS E ASSOCIA\u00c7\u00d5ES PROJETO DO IPE Representantes de servidores civis e militares, estaduais e municipais lotaram o audit\u00f3rio da Fessergs na tarde desta quarta-feira (19) para discutir os pilares do projeto de reestrutura\u00e7\u00e3o do IPE-Sa\u00fade apresentado pelo governo Eduardo Leite. A reuni\u00e3o teve participa\u00e7\u00e3o tamb\u00e9m de mais de 30 lideran\u00e7as do interior [&hellip;]\" \/>\n<meta property=\"og:url\" content=\"https:\/\/femergs.com.br\/wfe\/blog\/forum-debate-com-sindicatos-e-associacoes-projeto-do-ipe\/\" \/>\n<meta property=\"og:site_name\" content=\"Federa\u00e7\u00e3o dos Municip\u00e1rios do Estado do Rio Grande do Sul\" \/>\n<meta property=\"article:publisher\" content=\"https:\/\/www.facebook.com\/profile.php?id=100057151733001\" \/>\n<meta property=\"article:published_time\" content=\"2023-04-24T16:02:49+00:00\" \/>\n<meta name=\"author\" content=\"adminfemergs\" \/>\n<meta name=\"twitter:card\" content=\"summary_large_image\" \/>\n<meta name=\"twitter:label1\" content=\"Escrito por\" \/>\n\t<meta name=\"twitter:data1\" content=\"adminfemergs\" \/>\n\t<meta name=\"twitter:label2\" content=\"Est. tempo de leitura\" \/>\n\t<meta name=\"twitter:data2\" content=\"2 minutos\" \/>\n<script type=\"application\/ld+json\" class=\"yoast-schema-graph\">{\"@context\":\"https:\/\/schema.org\",\"@graph\":[{\"@type\":\"Article\",\"@id\":\"https:\/\/femergs.com.br\/wfe\/blog\/forum-debate-com-sindicatos-e-associacoes-projeto-do-ipe\/#article\",\"isPartOf\":{\"@id\":\"https:\/\/femergs.com.br\/wfe\/blog\/forum-debate-com-sindicatos-e-associacoes-projeto-do-ipe\/\"},\"author\":{\"name\":\"adminfemergs\",\"@id\":\"https:\/\/femergs.com.br\/wfe\/#\/schema\/person\/f5558e6b5ffc044ee085016237dedb7f\"},\"headline\":\"F\u00d3RUM DEBATE COM SINDICATOS E ASSOCIA\u00c7\u00d5ES PROJETO DO IPE\",\"datePublished\":\"2023-04-24T16:02:49+00:00\",\"mainEntityOfPage\":{\"@id\":\"https:\/\/femergs.com.br\/wfe\/blog\/forum-debate-com-sindicatos-e-associacoes-projeto-do-ipe\/\"},\"wordCount\":353,\"publisher\":{\"@id\":\"https:\/\/femergs.com.br\/wfe\/#organization\"},\"keywords\":[\"NULL\"],\"articleSection\":[\"ARQUIVADAS\"],\"inLanguage\":\"pt-BR\"},{\"@type\":\"WebPage\",\"@id\":\"https:\/\/femergs.com.br\/wfe\/blog\/forum-debate-com-sindicatos-e-associacoes-projeto-do-ipe\/\",\"url\":\"https:\/\/femergs.com.br\/wfe\/blog\/forum-debate-com-sindicatos-e-associacoes-projeto-do-ipe\/\",\"name\":\"F\u00d3RUM DEBATE COM SINDICATOS E ASSOCIA\u00c7\u00d5ES PROJETO DO IPE - Federa\u00e7\u00e3o dos Municip\u00e1rios do Estado do Rio Grande do Sul\",\"isPartOf\":{\"@id\":\"https:\/\/femergs.com.br\/wfe\/#website\"},\"datePublished\":\"2023-04-24T16:02:49+00:00\",\"breadcrumb\":{\"@id\":\"https:\/\/femergs.com.br\/wfe\/blog\/forum-debate-com-sindicatos-e-associacoes-projeto-do-ipe\/#breadcrumb\"},\"inLanguage\":\"pt-BR\",\"potentialAction\":[{\"@type\":\"ReadAction\",\"target\":[\"https:\/\/femergs.com.br\/wfe\/blog\/forum-debate-com-sindicatos-e-associacoes-projeto-do-ipe\/\"]}]},{\"@type\":\"BreadcrumbList\",\"@id\":\"https:\/\/femergs.com.br\/wfe\/blog\/forum-debate-com-sindicatos-e-associacoes-projeto-do-ipe\/#breadcrumb\",\"itemListElement\":[{\"@type\":\"ListItem\",\"position\":1,\"name\":\"In\u00edcio\",\"item\":\"https:\/\/femergs.com.br\/wfe\/\"},{\"@type\":\"ListItem\",\"position\":2,\"name\":\"F\u00d3RUM DEBATE COM SINDICATOS E ASSOCIA\u00c7\u00d5ES PROJETO DO IPE\"}]},{\"@type\":\"WebSite\",\"@id\":\"https:\/\/femergs.com.br\/wfe\/#website\",\"url\":\"https:\/\/femergs.com.br\/wfe\/\",\"name\":\"FEMERGS\",\"description\":\"FEDERA\u00c7\u00c3O DOS MUNICIP\u00c1RIOS DO ESTADO DO RIO GRANDE DO SUL\",\"publisher\":{\"@id\":\"https:\/\/femergs.com.br\/wfe\/#organization\"},\"potentialAction\":[{\"@type\":\"SearchAction\",\"target\":{\"@type\":\"EntryPoint\",\"urlTemplate\":\"https:\/\/femergs.com.br\/wfe\/?s={search_term_string}\"},\"query-input\":{\"@type\":\"PropertyValueSpecification\",\"valueRequired\":true,\"valueName\":\"search_term_string\"}}],\"inLanguage\":\"pt-BR\"},{\"@type\":\"Organization\",\"@id\":\"https:\/\/femergs.com.br\/wfe\/#organization\",\"name\":\"FEMERGS\",\"url\":\"https:\/\/femergs.com.br\/wfe\/\",\"logo\":{\"@type\":\"ImageObject\",\"inLanguage\":\"pt-BR\",\"@id\":\"https:\/\/femergs.com.br\/wfe\/#\/schema\/logo\/image\/\",\"url\":\"https:\/\/femergs.com.br\/wfe\/wp-content\/uploads\/2025\/06\/logotipo.png\",\"contentUrl\":\"https:\/\/femergs.com.br\/wfe\/wp-content\/uploads\/2025\/06\/logotipo.png\",\"width\":500,\"height\":500,\"caption\":\"FEMERGS\"},\"image\":{\"@id\":\"https:\/\/femergs.com.br\/wfe\/#\/schema\/logo\/image\/\"},\"sameAs\":[\"https:\/\/www.facebook.com\/profile.php?id=100057151733001\",\"https:\/\/www.instagram.com\/femergs_rs\/\"]},{\"@type\":\"Person\",\"@id\":\"https:\/\/femergs.com.br\/wfe\/#\/schema\/person\/f5558e6b5ffc044ee085016237dedb7f\",\"name\":\"adminfemergs\",\"image\":{\"@type\":\"ImageObject\",\"inLanguage\":\"pt-BR\",\"@id\":\"https:\/\/femergs.com.br\/wfe\/#\/schema\/person\/image\/\",\"url\":\"https:\/\/secure.gravatar.com\/avatar\/398642fa557cdd524617ad9b31c938845f071aeb3448b9c0aeb29aefc495337b?s=96&d=mm&r=g\",\"contentUrl\":\"https:\/\/secure.gravatar.com\/avatar\/398642fa557cdd524617ad9b31c938845f071aeb3448b9c0aeb29aefc495337b?s=96&d=mm&r=g\",\"caption\":\"adminfemergs\"},\"sameAs\":[\"https:\/\/femergs.com.br\/wfe\"],\"url\":\"https:\/\/femergs.com.br\/wfe\/blog\/author\/adminfemergs\/\"}]}<\/script>\n<!-- \/ Yoast SEO plugin. -->","yoast_head_json":{"title":"F\u00d3RUM DEBATE COM SINDICATOS E ASSOCIA\u00c7\u00d5ES PROJETO DO IPE - Federa\u00e7\u00e3o dos Municip\u00e1rios do Estado do Rio Grande do Sul","robots":{"index":"index","follow":"follow","max-snippet":"max-snippet:-1","max-image-preview":"max-image-preview:large","max-video-preview":"max-video-preview:-1"},"canonical":"https:\/\/femergs.com.br\/wfe\/blog\/forum-debate-com-sindicatos-e-associacoes-projeto-do-ipe\/","og_locale":"pt_BR","og_type":"article","og_title":"F\u00d3RUM DEBATE COM SINDICATOS E ASSOCIA\u00c7\u00d5ES PROJETO DO IPE - Federa\u00e7\u00e3o dos Municip\u00e1rios do Estado do Rio Grande do Sul","og_description":"F\u00d3RUM DEBATE COM SINDICATOS E ASSOCIA\u00c7\u00d5ES PROJETO DO IPE Representantes de servidores civis e militares, estaduais e municipais lotaram o audit\u00f3rio da Fessergs na tarde desta quarta-feira (19) para discutir os pilares do projeto de reestrutura\u00e7\u00e3o do IPE-Sa\u00fade apresentado pelo governo Eduardo Leite. A reuni\u00e3o teve participa\u00e7\u00e3o tamb\u00e9m de mais de 30 lideran\u00e7as do interior [&hellip;]","og_url":"https:\/\/femergs.com.br\/wfe\/blog\/forum-debate-com-sindicatos-e-associacoes-projeto-do-ipe\/","og_site_name":"Federa\u00e7\u00e3o dos Municip\u00e1rios do Estado do Rio Grande do Sul","article_publisher":"https:\/\/www.facebook.com\/profile.php?id=100057151733001","article_published_time":"2023-04-24T16:02:49+00:00","author":"adminfemergs","twitter_card":"summary_large_image","twitter_misc":{"Escrito por":"adminfemergs","Est. tempo de leitura":"2 minutos"},"schema":{"@context":"https:\/\/schema.org","@graph":[{"@type":"Article","@id":"https:\/\/femergs.com.br\/wfe\/blog\/forum-debate-com-sindicatos-e-associacoes-projeto-do-ipe\/#article","isPartOf":{"@id":"https:\/\/femergs.com.br\/wfe\/blog\/forum-debate-com-sindicatos-e-associacoes-projeto-do-ipe\/"},"author":{"name":"adminfemergs","@id":"https:\/\/femergs.com.br\/wfe\/#\/schema\/person\/f5558e6b5ffc044ee085016237dedb7f"},"headline":"F\u00d3RUM DEBATE COM SINDICATOS E ASSOCIA\u00c7\u00d5ES PROJETO DO IPE","datePublished":"2023-04-24T16:02:49+00:00","mainEntityOfPage":{"@id":"https:\/\/femergs.com.br\/wfe\/blog\/forum-debate-com-sindicatos-e-associacoes-projeto-do-ipe\/"},"wordCount":353,"publisher":{"@id":"https:\/\/femergs.com.br\/wfe\/#organization"},"keywords":["NULL"],"articleSection":["ARQUIVADAS"],"inLanguage":"pt-BR"},{"@type":"WebPage","@id":"https:\/\/femergs.com.br\/wfe\/blog\/forum-debate-com-sindicatos-e-associacoes-projeto-do-ipe\/","url":"https:\/\/femergs.com.br\/wfe\/blog\/forum-debate-com-sindicatos-e-associacoes-projeto-do-ipe\/","name":"F\u00d3RUM DEBATE COM SINDICATOS E ASSOCIA\u00c7\u00d5ES PROJETO DO IPE - Federa\u00e7\u00e3o dos Municip\u00e1rios do Estado do Rio Grande do Sul","isPartOf":{"@id":"https:\/\/femergs.com.br\/wfe\/#website"},"datePublished":"2023-04-24T16:02:49+00:00","breadcrumb":{"@id":"https:\/\/femergs.com.br\/wfe\/blog\/forum-debate-com-sindicatos-e-associacoes-projeto-do-ipe\/#breadcrumb"},"inLanguage":"pt-BR","potentialAction":[{"@type":"ReadAction","target":["https:\/\/femergs.com.br\/wfe\/blog\/forum-debate-com-sindicatos-e-associacoes-projeto-do-ipe\/"]}]},{"@type":"BreadcrumbList","@id":"https:\/\/femergs.com.br\/wfe\/blog\/forum-debate-com-sindicatos-e-associacoes-projeto-do-ipe\/#breadcrumb","itemListElement":[{"@type":"ListItem","position":1,"name":"In\u00edcio","item":"https:\/\/femergs.com.br\/wfe\/"},{"@type":"ListItem","position":2,"name":"F\u00d3RUM DEBATE COM SINDICATOS E ASSOCIA\u00c7\u00d5ES PROJETO DO IPE"}]},{"@type":"WebSite","@id":"https:\/\/femergs.com.br\/wfe\/#website","url":"https:\/\/femergs.com.br\/wfe\/","name":"FEMERGS","description":"FEDERA\u00c7\u00c3O DOS MUNICIP\u00c1RIOS DO ESTADO DO RIO GRANDE DO SUL","publisher":{"@id":"https:\/\/femergs.com.br\/wfe\/#organization"},"potentialAction":[{"@type":"SearchAction","target":{"@type":"EntryPoint","urlTemplate":"https:\/\/femergs.com.br\/wfe\/?s={search_term_string}"},"query-input":{"@type":"PropertyValueSpecification","valueRequired":true,"valueName":"search_term_string"}}],"inLanguage":"pt-BR"},{"@type":"Organization","@id":"https:\/\/femergs.com.br\/wfe\/#organization","name":"FEMERGS","url":"https:\/\/femergs.com.br\/wfe\/","logo":{"@type":"ImageObject","inLanguage":"pt-BR","@id":"https:\/\/femergs.com.br\/wfe\/#\/schema\/logo\/image\/","url":"https:\/\/femergs.com.br\/wfe\/wp-content\/uploads\/2025\/06\/logotipo.png","contentUrl":"https:\/\/femergs.com.br\/wfe\/wp-content\/uploads\/2025\/06\/logotipo.png","width":500,"height":500,"caption":"FEMERGS"},"image":{"@id":"https:\/\/femergs.com.br\/wfe\/#\/schema\/logo\/image\/"},"sameAs":["https:\/\/www.facebook.com\/profile.php?id=100057151733001","https:\/\/www.instagram.com\/femergs_rs\/"]},{"@type":"Person","@id":"https:\/\/femergs.com.br\/wfe\/#\/schema\/person\/f5558e6b5ffc044ee085016237dedb7f","name":"adminfemergs","image":{"@type":"ImageObject","inLanguage":"pt-BR","@id":"https:\/\/femergs.com.br\/wfe\/#\/schema\/person\/image\/","url":"https:\/\/secure.gravatar.com\/avatar\/398642fa557cdd524617ad9b31c938845f071aeb3448b9c0aeb29aefc495337b?s=96&d=mm&r=g","contentUrl":"https:\/\/secure.gravatar.com\/avatar\/398642fa557cdd524617ad9b31c938845f071aeb3448b9c0aeb29aefc495337b?s=96&d=mm&r=g","caption":"adminfemergs"},"sameAs":["https:\/\/femergs.com.br\/wfe"],"url":"https:\/\/femergs.com.br\/wfe\/blog\/author\/adminfemergs\/"}]}},"uagb_featured_image_src":{"full":false,"thumbnail":false,"medium":false,"medium_large":false,"large":false,"1536x1536":false,"2048x2048":false,"ultp_layout_landscape_large":false,"ultp_layout_landscape":false,"ultp_layout_portrait":false,"ultp_layout_square":false},"uagb_author_info":{"display_name":"adminfemergs","author_link":"https:\/\/femergs.com.br\/wfe\/blog\/author\/adminfemergs\/"},"uagb_comment_info":0,"uagb_excerpt":"F\u00d3RUM DEBATE COM SINDICATOS E ASSOCIA\u00c7\u00d5ES PROJETO DO IPE Representantes de servidores civis e militares, estaduais e municipais lotaram o audit\u00f3rio da Fessergs na tarde desta quarta-feira (19) para discutir os pilares do projeto de reestrutura\u00e7\u00e3o do IPE-Sa\u00fade apresentado pelo governo Eduardo Leite. A reuni\u00e3o teve participa\u00e7\u00e3o tamb\u00e9m de mais de 30 lideran\u00e7as do interior&hellip;","_links":{"self":[{"href":"https:\/\/femergs.com.br\/wfe\/wp-json\/wp\/v2\/posts\/1328","targetHints":{"allow":["GET"]}}],"collection":[{"href":"https:\/\/femergs.com.br\/wfe\/wp-json\/wp\/v2\/posts"}],"about":[{"href":"https:\/\/femergs.com.br\/wfe\/wp-json\/wp\/v2\/types\/post"}],"author":[{"embeddable":true,"href":"https:\/\/femergs.com.br\/wfe\/wp-json\/wp\/v2\/users\/1"}],"replies":[{"embeddable":true,"href":"https:\/\/femergs.com.br\/wfe\/wp-json\/wp\/v2\/comments?post=1328"}],"version-history":[{"count":0,"href":"https:\/\/femergs.com.br\/wfe\/wp-json\/wp\/v2\/posts\/1328\/revisions"}],"wp:attachment":[{"href":"https:\/\/femergs.com.br\/wfe\/wp-json\/wp\/v2\/media?parent=1328"}],"wp:term":[{"taxonomy":"category","embeddable":true,"href":"https:\/\/femergs.com.br\/wfe\/wp-json\/wp\/v2\/categories?post=1328"},{"taxonomy":"post_tag","embeddable":true,"href":"https:\/\/femergs.com.br\/wfe\/wp-json\/wp\/v2\/tags?post=1328"}],"curies":[{"name":"wp","href":"https:\/\/api.w.org\/{rel}","templated":true}]}}