{"id":1329,"date":"2023-05-02T09:30:51","date_gmt":"2023-05-02T09:30:51","guid":{"rendered":"https:\/\/femergs.com.br\/wfe\/blog\/tarde-maravilhosa-em-comemoracao-ao-dia-do-trabalhador-em-tres-passos\/"},"modified":"2025-09-02T19:36:25","modified_gmt":"2025-09-02T19:36:25","slug":"tarde-maravilhosa-em-comemoracao-ao-dia-do-trabalhador-em-tres-passos","status":"publish","type":"post","link":"https:\/\/femergs.com.br\/wfe\/blog\/tarde-maravilhosa-em-comemoracao-ao-dia-do-trabalhador-em-tres-passos\/","title":{"rendered":"TARDE MARAVILHOSA EM COMEMORA\u00c7\u00c3O AO DIA DO TRABALHADOR EM TR\u00caS PASSOS."},"content":{"rendered":"\n<p>O Condom\u00ednio Sindical Erton Lampert em Tr\u00eas Passos organizou e prop\u00f4s pela primeira vez,<br>uma semana de atividades alusivas ao dia do Trabalhador.<br>O evento do dia primeiro de maio aconteceu no Parque Frei Ivo,<br>com passeio cicl\u00edstico, exposi\u00e7\u00e3o fotogr\u00e1fica e boa m\u00fasica.<br>Os organizadores agradecem ao grande n\u00famero de pessoas<br>que vieram ao local festejar e refletir sobre est\u00e1 importante data.<\/p>\n\n\n\n<p><\/p>\n","protected":false},"excerpt":{"rendered":"<p>O Condom\u00ednio Sindical Erton Lampert em Tr\u00eas Passos organizou e prop\u00f4s pela primeira vez,uma semana de atividades alusivas ao dia do Trabalhador.O evento do dia primeiro de maio aconteceu no Parque Frei Ivo,com passeio cicl\u00edstico, exposi\u00e7\u00e3o fotogr\u00e1fica e boa m\u00fasica.Os organizadores agradecem ao grande n\u00famero de pessoasque vieram ao local festejar e refletir sobre est\u00e1 [&hellip;]<\/p>\n","protected":false},"author":1,"featured_media":1431,"comment_status":"closed","ping_status":"closed","sticky":false,"template":"","format":"standard","meta":{"_eb_attr":"","_uag_custom_page_level_css":"","fifu_image_url":"https:\/\/femergs.com.br\/Im4g3nsN0t1cia\/geral\/images\/344703697_1882623158797605_6266668384586121634_n.jpg","fifu_image_alt":"","footnotes":""},"categories":[1],"tags":[32],"class_list":["post-1329","post","type-post","status-publish","format-standard","has-post-thumbnail","hentry","category-arquivadas","tag-null"],"yoast_head":"<!-- This site is optimized with the Yoast SEO plugin v27.1.1 - https:\/\/yoast.com\/product\/yoast-seo-wordpress\/ -->\n<title>TARDE MARAVILHOSA EM COMEMORA\u00c7\u00c3O AO DIA DO TRABALHADOR EM TR\u00caS PASSOS. - Federa\u00e7\u00e3o dos Municip\u00e1rios do Estado do Rio Grande do Sul<\/title>\n<meta name=\"robots\" content=\"index, follow, max-snippet:-1, max-image-preview:large, max-video-preview:-1\" \/>\n<link rel=\"canonical\" href=\"https:\/\/femergs.com.br\/wfe\/blog\/tarde-maravilhosa-em-comemoracao-ao-dia-do-trabalhador-em-tres-passos\/\" \/>\n<meta property=\"og:locale\" content=\"pt_BR\" \/>\n<meta property=\"og:type\" content=\"article\" \/>\n<meta property=\"og:title\" content=\"TARDE MARAVILHOSA EM COMEMORA\u00c7\u00c3O AO DIA DO TRABALHADOR EM TR\u00caS PASSOS. - Federa\u00e7\u00e3o dos Municip\u00e1rios do Estado do Rio Grande do Sul\" \/>\n<meta property=\"og:description\" content=\"O Condom\u00ednio Sindical Erton Lampert em Tr\u00eas Passos organizou e prop\u00f4s pela primeira vez,uma semana de atividades alusivas ao dia do Trabalhador.O evento do dia primeiro de maio aconteceu no Parque Frei Ivo,com passeio cicl\u00edstico, exposi\u00e7\u00e3o fotogr\u00e1fica e boa m\u00fasica.Os organizadores agradecem ao grande n\u00famero de pessoasque vieram ao local festejar e refletir sobre est\u00e1 [&hellip;]\" \/>\n<meta property=\"og:url\" content=\"https:\/\/femergs.com.br\/wfe\/blog\/tarde-maravilhosa-em-comemoracao-ao-dia-do-trabalhador-em-tres-passos\/\" \/>\n<meta property=\"og:site_name\" content=\"Federa\u00e7\u00e3o dos Municip\u00e1rios do Estado do Rio Grande do Sul\" \/>\n<meta property=\"article:publisher\" content=\"https:\/\/www.facebook.com\/profile.php?id=100057151733001\" \/>\n<meta property=\"article:published_time\" content=\"2023-05-02T09:30:51+00:00\" \/>\n<meta property=\"article:modified_time\" content=\"2025-09-02T19:36:25+00:00\" \/>\n<meta property=\"og:image\" content=\"https:\/\/femergs.com.br\/Im4g3nsN0t1cia\/geral\/images\/344703697_1882623158797605_6266668384586121634_n.jpg\" \/><meta property=\"og:image\" content=\"https:\/\/femergs.com.br\/Im4g3nsN0t1cia\/geral\/images\/344703697_1882623158797605_6266668384586121634_n.jpg\" \/>\n\t<meta property=\"og:image:width\" content=\"1600\" \/>\n\t<meta property=\"og:image:height\" content=\"736\" \/>\n\t<meta property=\"og:image:type\" content=\"image\/jpeg\" \/>\n<meta name=\"author\" content=\"adminfemergs\" \/>\n<meta name=\"twitter:card\" content=\"summary_large_image\" \/>\n<meta name=\"twitter:image\" content=\"https:\/\/femergs.com.br\/Im4g3nsN0t1cia\/geral\/images\/344703697_1882623158797605_6266668384586121634_n.jpg\" \/>\n<meta name=\"twitter:label1\" content=\"Escrito por\" \/>\n\t<meta name=\"twitter:data1\" content=\"adminfemergs\" \/>\n\t<meta name=\"twitter:label2\" content=\"Est. tempo de leitura\" \/>\n\t<meta name=\"twitter:data2\" content=\"1 minuto\" \/>\n<script type=\"application\/ld+json\" class=\"yoast-schema-graph\">{\"@context\":\"https:\/\/schema.org\",\"@graph\":[{\"@type\":\"Article\",\"@id\":\"https:\/\/femergs.com.br\/wfe\/blog\/tarde-maravilhosa-em-comemoracao-ao-dia-do-trabalhador-em-tres-passos\/#article\",\"isPartOf\":{\"@id\":\"https:\/\/femergs.com.br\/wfe\/blog\/tarde-maravilhosa-em-comemoracao-ao-dia-do-trabalhador-em-tres-passos\/\"},\"author\":{\"name\":\"adminfemergs\",\"@id\":\"https:\/\/femergs.com.br\/wfe\/#\/schema\/person\/f5558e6b5ffc044ee085016237dedb7f\"},\"headline\":\"TARDE MARAVILHOSA EM COMEMORA\u00c7\u00c3O AO DIA DO TRABALHADOR EM TR\u00caS PASSOS.\",\"datePublished\":\"2023-05-02T09:30:51+00:00\",\"dateModified\":\"2025-09-02T19:36:25+00:00\",\"mainEntityOfPage\":{\"@id\":\"https:\/\/femergs.com.br\/wfe\/blog\/tarde-maravilhosa-em-comemoracao-ao-dia-do-trabalhador-em-tres-passos\/\"},\"wordCount\":82,\"publisher\":{\"@id\":\"https:\/\/femergs.com.br\/wfe\/#organization\"},\"image\":{\"@id\":\"https:\/\/femergs.com.br\/wfe\/blog\/tarde-maravilhosa-em-comemoracao-ao-dia-do-trabalhador-em-tres-passos\/#primaryimage\"},\"thumbnailUrl\":\"https:\/\/i0.wp.com\/femergs.com.br\/Im4g3nsN0t1cia\/geral\/images\/344703697_1882623158797605_6266668384586121634_n.jpg?w=1600&resize=1600,736&ssl=1\",\"keywords\":[\"NULL\"],\"articleSection\":[\"ARQUIVADAS\"],\"inLanguage\":\"pt-BR\"},{\"@type\":\"WebPage\",\"@id\":\"https:\/\/femergs.com.br\/wfe\/blog\/tarde-maravilhosa-em-comemoracao-ao-dia-do-trabalhador-em-tres-passos\/\",\"url\":\"https:\/\/femergs.com.br\/wfe\/blog\/tarde-maravilhosa-em-comemoracao-ao-dia-do-trabalhador-em-tres-passos\/\",\"name\":\"TARDE MARAVILHOSA EM COMEMORA\u00c7\u00c3O AO DIA DO TRABALHADOR EM TR\u00caS PASSOS. - Federa\u00e7\u00e3o dos Municip\u00e1rios do Estado do Rio Grande do Sul\",\"isPartOf\":{\"@id\":\"https:\/\/femergs.com.br\/wfe\/#website\"},\"primaryImageOfPage\":{\"@id\":\"https:\/\/femergs.com.br\/wfe\/blog\/tarde-maravilhosa-em-comemoracao-ao-dia-do-trabalhador-em-tres-passos\/#primaryimage\"},\"image\":{\"@id\":\"https:\/\/femergs.com.br\/wfe\/blog\/tarde-maravilhosa-em-comemoracao-ao-dia-do-trabalhador-em-tres-passos\/#primaryimage\"},\"thumbnailUrl\":\"https:\/\/i0.wp.com\/femergs.com.br\/Im4g3nsN0t1cia\/geral\/images\/344703697_1882623158797605_6266668384586121634_n.jpg?w=1600&resize=1600,736&ssl=1\",\"datePublished\":\"2023-05-02T09:30:51+00:00\",\"dateModified\":\"2025-09-02T19:36:25+00:00\",\"breadcrumb\":{\"@id\":\"https:\/\/femergs.com.br\/wfe\/blog\/tarde-maravilhosa-em-comemoracao-ao-dia-do-trabalhador-em-tres-passos\/#breadcrumb\"},\"inLanguage\":\"pt-BR\",\"potentialAction\":[{\"@type\":\"ReadAction\",\"target\":[\"https:\/\/femergs.com.br\/wfe\/blog\/tarde-maravilhosa-em-comemoracao-ao-dia-do-trabalhador-em-tres-passos\/\"]}]},{\"@type\":\"ImageObject\",\"inLanguage\":\"pt-BR\",\"@id\":\"https:\/\/femergs.com.br\/wfe\/blog\/tarde-maravilhosa-em-comemoracao-ao-dia-do-trabalhador-em-tres-passos\/#primaryimage\",\"url\":\"https:\/\/i0.wp.com\/femergs.com.br\/Im4g3nsN0t1cia\/geral\/images\/344703697_1882623158797605_6266668384586121634_n.jpg?w=1600&resize=1600,736&ssl=1\",\"contentUrl\":\"https:\/\/i0.wp.com\/femergs.com.br\/Im4g3nsN0t1cia\/geral\/images\/344703697_1882623158797605_6266668384586121634_n.jpg?w=1600&resize=1600,736&ssl=1\",\"width\":\"1600\",\"height\":\"736\"},{\"@type\":\"BreadcrumbList\",\"@id\":\"https:\/\/femergs.com.br\/wfe\/blog\/tarde-maravilhosa-em-comemoracao-ao-dia-do-trabalhador-em-tres-passos\/#breadcrumb\",\"itemListElement\":[{\"@type\":\"ListItem\",\"position\":1,\"name\":\"In\u00edcio\",\"item\":\"https:\/\/femergs.com.br\/wfe\/\"},{\"@type\":\"ListItem\",\"position\":2,\"name\":\"TARDE MARAVILHOSA EM COMEMORA\u00c7\u00c3O AO DIA DO TRABALHADOR EM TR\u00caS PASSOS.\"}]},{\"@type\":\"WebSite\",\"@id\":\"https:\/\/femergs.com.br\/wfe\/#website\",\"url\":\"https:\/\/femergs.com.br\/wfe\/\",\"name\":\"FEMERGS\",\"description\":\"FEDERA\u00c7\u00c3O DOS MUNICIP\u00c1RIOS DO ESTADO DO RIO GRANDE DO SUL\",\"publisher\":{\"@id\":\"https:\/\/femergs.com.br\/wfe\/#organization\"},\"potentialAction\":[{\"@type\":\"SearchAction\",\"target\":{\"@type\":\"EntryPoint\",\"urlTemplate\":\"https:\/\/femergs.com.br\/wfe\/?s={search_term_string}\"},\"query-input\":{\"@type\":\"PropertyValueSpecification\",\"valueRequired\":true,\"valueName\":\"search_term_string\"}}],\"inLanguage\":\"pt-BR\"},{\"@type\":\"Organization\",\"@id\":\"https:\/\/femergs.com.br\/wfe\/#organization\",\"name\":\"FEMERGS\",\"url\":\"https:\/\/femergs.com.br\/wfe\/\",\"logo\":{\"@type\":\"ImageObject\",\"inLanguage\":\"pt-BR\",\"@id\":\"https:\/\/femergs.com.br\/wfe\/#\/schema\/logo\/image\/\",\"url\":\"https:\/\/femergs.com.br\/wfe\/wp-content\/uploads\/2025\/06\/logotipo.png\",\"contentUrl\":\"https:\/\/femergs.com.br\/wfe\/wp-content\/uploads\/2025\/06\/logotipo.png\",\"width\":500,\"height\":500,\"caption\":\"FEMERGS\"},\"image\":{\"@id\":\"https:\/\/femergs.com.br\/wfe\/#\/schema\/logo\/image\/\"},\"sameAs\":[\"https:\/\/www.facebook.com\/profile.php?id=100057151733001\",\"https:\/\/www.instagram.com\/femergs_rs\/\"]},{\"@type\":\"Person\",\"@id\":\"https:\/\/femergs.com.br\/wfe\/#\/schema\/person\/f5558e6b5ffc044ee085016237dedb7f\",\"name\":\"adminfemergs\",\"image\":{\"@type\":\"ImageObject\",\"inLanguage\":\"pt-BR\",\"@id\":\"https:\/\/femergs.com.br\/wfe\/#\/schema\/person\/image\/\",\"url\":\"https:\/\/secure.gravatar.com\/avatar\/398642fa557cdd524617ad9b31c938845f071aeb3448b9c0aeb29aefc495337b?s=96&d=mm&r=g\",\"contentUrl\":\"https:\/\/secure.gravatar.com\/avatar\/398642fa557cdd524617ad9b31c938845f071aeb3448b9c0aeb29aefc495337b?s=96&d=mm&r=g\",\"caption\":\"adminfemergs\"},\"sameAs\":[\"https:\/\/femergs.com.br\/wfe\"],\"url\":\"https:\/\/femergs.com.br\/wfe\/blog\/author\/adminfemergs\/\"}]}<\/script>\n<!-- \/ Yoast SEO plugin. -->","yoast_head_json":{"title":"TARDE MARAVILHOSA EM COMEMORA\u00c7\u00c3O AO DIA DO TRABALHADOR EM TR\u00caS PASSOS. - Federa\u00e7\u00e3o dos Municip\u00e1rios do Estado do Rio Grande do Sul","robots":{"index":"index","follow":"follow","max-snippet":"max-snippet:-1","max-image-preview":"max-image-preview:large","max-video-preview":"max-video-preview:-1"},"canonical":"https:\/\/femergs.com.br\/wfe\/blog\/tarde-maravilhosa-em-comemoracao-ao-dia-do-trabalhador-em-tres-passos\/","og_locale":"pt_BR","og_type":"article","og_title":"TARDE MARAVILHOSA EM COMEMORA\u00c7\u00c3O AO DIA DO TRABALHADOR EM TR\u00caS PASSOS. - Federa\u00e7\u00e3o dos Municip\u00e1rios do Estado do Rio Grande do Sul","og_description":"O Condom\u00ednio Sindical Erton Lampert em Tr\u00eas Passos organizou e prop\u00f4s pela primeira vez,uma semana de atividades alusivas ao dia do Trabalhador.O evento do dia primeiro de maio aconteceu no Parque Frei Ivo,com passeio cicl\u00edstico, exposi\u00e7\u00e3o fotogr\u00e1fica e boa m\u00fasica.Os organizadores agradecem ao grande n\u00famero de pessoasque vieram ao local festejar e refletir sobre est\u00e1 [&hellip;]","og_url":"https:\/\/femergs.com.br\/wfe\/blog\/tarde-maravilhosa-em-comemoracao-ao-dia-do-trabalhador-em-tres-passos\/","og_site_name":"Federa\u00e7\u00e3o dos Municip\u00e1rios do Estado do Rio Grande do Sul","article_publisher":"https:\/\/www.facebook.com\/profile.php?id=100057151733001","article_published_time":"2023-05-02T09:30:51+00:00","article_modified_time":"2025-09-02T19:36:25+00:00","og_image":[{"url":"https:\/\/femergs.com.br\/Im4g3nsN0t1cia\/geral\/images\/344703697_1882623158797605_6266668384586121634_n.jpg","type":"","width":"","height":""},{"width":1600,"height":736,"url":"https:\/\/femergs.com.br\/Im4g3nsN0t1cia\/geral\/images\/344703697_1882623158797605_6266668384586121634_n.jpg","type":"image\/jpeg"}],"author":"adminfemergs","twitter_card":"summary_large_image","twitter_image":"https:\/\/femergs.com.br\/Im4g3nsN0t1cia\/geral\/images\/344703697_1882623158797605_6266668384586121634_n.jpg","twitter_misc":{"Escrito por":"adminfemergs","Est. tempo de leitura":"1 minuto"},"schema":{"@context":"https:\/\/schema.org","@graph":[{"@type":"Article","@id":"https:\/\/femergs.com.br\/wfe\/blog\/tarde-maravilhosa-em-comemoracao-ao-dia-do-trabalhador-em-tres-passos\/#article","isPartOf":{"@id":"https:\/\/femergs.com.br\/wfe\/blog\/tarde-maravilhosa-em-comemoracao-ao-dia-do-trabalhador-em-tres-passos\/"},"author":{"name":"adminfemergs","@id":"https:\/\/femergs.com.br\/wfe\/#\/schema\/person\/f5558e6b5ffc044ee085016237dedb7f"},"headline":"TARDE MARAVILHOSA EM COMEMORA\u00c7\u00c3O AO DIA DO TRABALHADOR EM TR\u00caS PASSOS.","datePublished":"2023-05-02T09:30:51+00:00","dateModified":"2025-09-02T19:36:25+00:00","mainEntityOfPage":{"@id":"https:\/\/femergs.com.br\/wfe\/blog\/tarde-maravilhosa-em-comemoracao-ao-dia-do-trabalhador-em-tres-passos\/"},"wordCount":82,"publisher":{"@id":"https:\/\/femergs.com.br\/wfe\/#organization"},"image":{"@id":"https:\/\/femergs.com.br\/wfe\/blog\/tarde-maravilhosa-em-comemoracao-ao-dia-do-trabalhador-em-tres-passos\/#primaryimage"},"thumbnailUrl":"https:\/\/i0.wp.com\/femergs.com.br\/Im4g3nsN0t1cia\/geral\/images\/344703697_1882623158797605_6266668384586121634_n.jpg?w=1600&resize=1600,736&ssl=1","keywords":["NULL"],"articleSection":["ARQUIVADAS"],"inLanguage":"pt-BR"},{"@type":"WebPage","@id":"https:\/\/femergs.com.br\/wfe\/blog\/tarde-maravilhosa-em-comemoracao-ao-dia-do-trabalhador-em-tres-passos\/","url":"https:\/\/femergs.com.br\/wfe\/blog\/tarde-maravilhosa-em-comemoracao-ao-dia-do-trabalhador-em-tres-passos\/","name":"TARDE MARAVILHOSA EM COMEMORA\u00c7\u00c3O AO DIA DO TRABALHADOR EM TR\u00caS PASSOS. - Federa\u00e7\u00e3o dos Municip\u00e1rios do Estado do Rio Grande do Sul","isPartOf":{"@id":"https:\/\/femergs.com.br\/wfe\/#website"},"primaryImageOfPage":{"@id":"https:\/\/femergs.com.br\/wfe\/blog\/tarde-maravilhosa-em-comemoracao-ao-dia-do-trabalhador-em-tres-passos\/#primaryimage"},"image":{"@id":"https:\/\/femergs.com.br\/wfe\/blog\/tarde-maravilhosa-em-comemoracao-ao-dia-do-trabalhador-em-tres-passos\/#primaryimage"},"thumbnailUrl":"https:\/\/i0.wp.com\/femergs.com.br\/Im4g3nsN0t1cia\/geral\/images\/344703697_1882623158797605_6266668384586121634_n.jpg?w=1600&resize=1600,736&ssl=1","datePublished":"2023-05-02T09:30:51+00:00","dateModified":"2025-09-02T19:36:25+00:00","breadcrumb":{"@id":"https:\/\/femergs.com.br\/wfe\/blog\/tarde-maravilhosa-em-comemoracao-ao-dia-do-trabalhador-em-tres-passos\/#breadcrumb"},"inLanguage":"pt-BR","potentialAction":[{"@type":"ReadAction","target":["https:\/\/femergs.com.br\/wfe\/blog\/tarde-maravilhosa-em-comemoracao-ao-dia-do-trabalhador-em-tres-passos\/"]}]},{"@type":"ImageObject","inLanguage":"pt-BR","@id":"https:\/\/femergs.com.br\/wfe\/blog\/tarde-maravilhosa-em-comemoracao-ao-dia-do-trabalhador-em-tres-passos\/#primaryimage","url":"https:\/\/i0.wp.com\/femergs.com.br\/Im4g3nsN0t1cia\/geral\/images\/344703697_1882623158797605_6266668384586121634_n.jpg?w=1600&resize=1600,736&ssl=1","contentUrl":"https:\/\/i0.wp.com\/femergs.com.br\/Im4g3nsN0t1cia\/geral\/images\/344703697_1882623158797605_6266668384586121634_n.jpg?w=1600&resize=1600,736&ssl=1","width":"1600","height":"736"},{"@type":"BreadcrumbList","@id":"https:\/\/femergs.com.br\/wfe\/blog\/tarde-maravilhosa-em-comemoracao-ao-dia-do-trabalhador-em-tres-passos\/#breadcrumb","itemListElement":[{"@type":"ListItem","position":1,"name":"In\u00edcio","item":"https:\/\/femergs.com.br\/wfe\/"},{"@type":"ListItem","position":2,"name":"TARDE MARAVILHOSA EM COMEMORA\u00c7\u00c3O AO DIA DO TRABALHADOR EM TR\u00caS PASSOS."}]},{"@type":"WebSite","@id":"https:\/\/femergs.com.br\/wfe\/#website","url":"https:\/\/femergs.com.br\/wfe\/","name":"FEMERGS","description":"FEDERA\u00c7\u00c3O DOS MUNICIP\u00c1RIOS DO ESTADO DO RIO GRANDE DO SUL","publisher":{"@id":"https:\/\/femergs.com.br\/wfe\/#organization"},"potentialAction":[{"@type":"SearchAction","target":{"@type":"EntryPoint","urlTemplate":"https:\/\/femergs.com.br\/wfe\/?s={search_term_string}"},"query-input":{"@type":"PropertyValueSpecification","valueRequired":true,"valueName":"search_term_string"}}],"inLanguage":"pt-BR"},{"@type":"Organization","@id":"https:\/\/femergs.com.br\/wfe\/#organization","name":"FEMERGS","url":"https:\/\/femergs.com.br\/wfe\/","logo":{"@type":"ImageObject","inLanguage":"pt-BR","@id":"https:\/\/femergs.com.br\/wfe\/#\/schema\/logo\/image\/","url":"https:\/\/femergs.com.br\/wfe\/wp-content\/uploads\/2025\/06\/logotipo.png","contentUrl":"https:\/\/femergs.com.br\/wfe\/wp-content\/uploads\/2025\/06\/logotipo.png","width":500,"height":500,"caption":"FEMERGS"},"image":{"@id":"https:\/\/femergs.com.br\/wfe\/#\/schema\/logo\/image\/"},"sameAs":["https:\/\/www.facebook.com\/profile.php?id=100057151733001","https:\/\/www.instagram.com\/femergs_rs\/"]},{"@type":"Person","@id":"https:\/\/femergs.com.br\/wfe\/#\/schema\/person\/f5558e6b5ffc044ee085016237dedb7f","name":"adminfemergs","image":{"@type":"ImageObject","inLanguage":"pt-BR","@id":"https:\/\/femergs.com.br\/wfe\/#\/schema\/person\/image\/","url":"https:\/\/secure.gravatar.com\/avatar\/398642fa557cdd524617ad9b31c938845f071aeb3448b9c0aeb29aefc495337b?s=96&d=mm&r=g","contentUrl":"https:\/\/secure.gravatar.com\/avatar\/398642fa557cdd524617ad9b31c938845f071aeb3448b9c0aeb29aefc495337b?s=96&d=mm&r=g","caption":"adminfemergs"},"sameAs":["https:\/\/femergs.com.br\/wfe"],"url":"https:\/\/femergs.com.br\/wfe\/blog\/author\/adminfemergs\/"}]}},"uagb_featured_image_src":{"full":["https:\/\/i0.wp.com\/femergs.com.br\/Im4g3nsN0t1cia\/geral\/images\/344703697_1882623158797605_6266668384586121634_n.jpg?w=1600&resize=1600,736&ssl=1",1600,736,true],"thumbnail":["https:\/\/i0.wp.com\/femergs.com.br\/Im4g3nsN0t1cia\/geral\/images\/344703697_1882623158797605_6266668384586121634_n.jpg?w=150&resize=150,150&ssl=1",150,150,true],"medium":["https:\/\/i0.wp.com\/femergs.com.br\/Im4g3nsN0t1cia\/geral\/images\/344703697_1882623158797605_6266668384586121634_n.jpg?w=300&resize=300,300&ssl=1",300,300,true],"medium_large":["https:\/\/i0.wp.com\/femergs.com.br\/Im4g3nsN0t1cia\/geral\/images\/344703697_1882623158797605_6266668384586121634_n.jpg?w=768&resize=768,0&ssl=1",768,0,true],"large":["https:\/\/i0.wp.com\/femergs.com.br\/Im4g3nsN0t1cia\/geral\/images\/344703697_1882623158797605_6266668384586121634_n.jpg?w=1024&resize=1024,1024&ssl=1",1024,1024,true],"1536x1536":["https:\/\/i0.wp.com\/femergs.com.br\/Im4g3nsN0t1cia\/geral\/images\/344703697_1882623158797605_6266668384586121634_n.jpg?w=1536&resize=1536,1536&ssl=1",1536,1536,true],"2048x2048":["https:\/\/i0.wp.com\/femergs.com.br\/Im4g3nsN0t1cia\/geral\/images\/344703697_1882623158797605_6266668384586121634_n.jpg?w=2048&resize=2048,2048&ssl=1",2048,2048,true],"ultp_layout_landscape_large":["https:\/\/i0.wp.com\/femergs.com.br\/Im4g3nsN0t1cia\/geral\/images\/344703697_1882623158797605_6266668384586121634_n.jpg?w=1200&resize=1200,800&ssl=1",1200,800,true],"ultp_layout_landscape":["https:\/\/i0.wp.com\/femergs.com.br\/Im4g3nsN0t1cia\/geral\/images\/344703697_1882623158797605_6266668384586121634_n.jpg?w=870&resize=870,570&ssl=1",870,570,true],"ultp_layout_portrait":["https:\/\/i0.wp.com\/femergs.com.br\/Im4g3nsN0t1cia\/geral\/images\/344703697_1882623158797605_6266668384586121634_n.jpg?w=600&resize=600,900&ssl=1",600,900,true],"ultp_layout_square":["https:\/\/i0.wp.com\/femergs.com.br\/Im4g3nsN0t1cia\/geral\/images\/344703697_1882623158797605_6266668384586121634_n.jpg?w=600&resize=600,600&ssl=1",600,600,true]},"uagb_author_info":{"display_name":"adminfemergs","author_link":"https:\/\/femergs.com.br\/wfe\/blog\/author\/adminfemergs\/"},"uagb_comment_info":0,"uagb_excerpt":"O Condom\u00ednio Sindical Erton Lampert em Tr\u00eas Passos organizou e prop\u00f4s pela primeira vez,uma semana de atividades alusivas ao dia do Trabalhador.O evento do dia primeiro de maio aconteceu no Parque Frei Ivo,com passeio cicl\u00edstico, exposi\u00e7\u00e3o fotogr\u00e1fica e boa m\u00fasica.Os organizadores agradecem ao grande n\u00famero de pessoasque vieram ao local festejar e refletir sobre est\u00e1&hellip;","_links":{"self":[{"href":"https:\/\/femergs.com.br\/wfe\/wp-json\/wp\/v2\/posts\/1329","targetHints":{"allow":["GET"]}}],"collection":[{"href":"https:\/\/femergs.com.br\/wfe\/wp-json\/wp\/v2\/posts"}],"about":[{"href":"https:\/\/femergs.com.br\/wfe\/wp-json\/wp\/v2\/types\/post"}],"author":[{"embeddable":true,"href":"https:\/\/femergs.com.br\/wfe\/wp-json\/wp\/v2\/users\/1"}],"replies":[{"embeddable":true,"href":"https:\/\/femergs.com.br\/wfe\/wp-json\/wp\/v2\/comments?post=1329"}],"version-history":[{"count":1,"href":"https:\/\/femergs.com.br\/wfe\/wp-json\/wp\/v2\/posts\/1329\/revisions"}],"predecessor-version":[{"id":1430,"href":"https:\/\/femergs.com.br\/wfe\/wp-json\/wp\/v2\/posts\/1329\/revisions\/1430"}],"wp:featuredmedia":[{"embeddable":true,"href":"https:\/\/femergs.com.br\/wfe\/wp-json\/wp\/v2\/media\/1431"}],"wp:attachment":[{"href":"https:\/\/femergs.com.br\/wfe\/wp-json\/wp\/v2\/media?parent=1329"}],"wp:term":[{"taxonomy":"category","embeddable":true,"href":"https:\/\/femergs.com.br\/wfe\/wp-json\/wp\/v2\/categories?post=1329"},{"taxonomy":"post_tag","embeddable":true,"href":"https:\/\/femergs.com.br\/wfe\/wp-json\/wp\/v2\/tags?post=1329"}],"curies":[{"name":"wp","href":"https:\/\/api.w.org\/{rel}","templated":true}]}}