{"id":1334,"date":"2023-07-19T14:39:06","date_gmt":"2023-07-19T14:39:06","guid":{"rendered":"https:\/\/femergs.com.br\/wfe\/blog\/ix-congresso-ordinario-da-femergs\/"},"modified":"2025-09-02T20:00:04","modified_gmt":"2025-09-02T20:00:04","slug":"ix-congresso-ordinario-da-femergs","status":"publish","type":"post","link":"https:\/\/femergs.com.br\/wfe\/blog\/ix-congresso-ordinario-da-femergs\/","title":{"rendered":"IX CONGRESSO ORDIN\u00c1RIO DA FEMERGS"},"content":{"rendered":"<div style=\"text-align: center;\">            No \u00faltimo dia 15 de julho ocorreu o<strong> IX CONGRESSO DA FEMERGS<\/strong>, no CTG 20 de Setembro na cidade de Santo \u00c2ngelo, o evento foi um sucesso, mais de 130 delegados inscritos e aptos a votar, mais de 150 observadores e suplentes de delegados, presen\u00e7a de mais de 80 sindicatos garantiram brilhantismo ao evento. <\/div>\n<div style=\"text-align: justify;\">A FEMERGS agradece a todos que estiveram presentes, e aos que n\u00e3o puderam participar por causa do ciclone que atingiu diversas cidades do nosso Estado nos dois dias anteriores ao evento, mas que estiveram conosco todo o dia em pensamento e energia.<\/div>\n<div>           Agradecemos de forma  especial a Comiss\u00e3o organizadora do Congresso, ao Presidente Vilson Weber, ao Assessor Jur\u00eddico Dr. Eduardo Bechorner, Contador Luciano Decker, ao Derc\u00edrio Cardoso da Silva Junior da CSB, Aldomir Foza, aos painelistas do dia Joel Fraga, atu\u00e1rio, Nilson Chagas Presidente do RPPS de S\u00e3o Luiz Gonzaga, que trouxeram informa\u00e7\u00f5es sobre Fundos de Previd\u00eancia, Leticia Diesel da UNISC de Santa Cruz e Patr\u00edcia Lendem Tormer do CEREST de Iju\u00ed, que esclareceram muito sobre sa\u00fade do trabalhador,. ao Diretor de cinema Luiz Alberto Cassol, ao deputado Constituinte Hermes Zanetti pela libera\u00e7\u00e3o do filme O COMPL\u00d4, enfim o sucesso foi garantido pela participa\u00e7\u00e3o de todos.<\/div>\n<div style=\"text-align: center;\">            A FEMERGS est\u00e1 a trinta anos participando da vida do servidor p\u00fablico municipal, e continuaremos cada dia mais presentes, para que possamos trilhar um caminho de valoriza\u00e7\u00e3o do trabalhador em busca do servi\u00e7o publico de qualidade prestado ao cidad\u00e3o dos nossos munic\u00edpios.\n <\/div>\n<div style=\"text-align: center;\">           <strong> Obrigada a todos.<\/strong><\/div>\n<div style=\"text-align: center;\">\n<img decoding=\"async\" src=\"data:image\/gif;base64,R0lGODlhAQABAIAAAAAAAP\/\/\/ywAAAAAAQABAAACAUwAOw==\" fifu-lazy=\"1\" fifu-data-sizes=\"auto\" fifu-data-srcset=\"\/Im4g3nsN0t1cia\/geral\/images\/WhatsApp_Image_2023-07-19_at_11_33_18_(1)(1).jpeg?w=75&resize=75&ssl=1 75w, \/Im4g3nsN0t1cia\/geral\/images\/WhatsApp_Image_2023-07-19_at_11_33_18_(1)(1).jpeg?w=100&resize=100&ssl=1 100w, \/Im4g3nsN0t1cia\/geral\/images\/WhatsApp_Image_2023-07-19_at_11_33_18_(1)(1).jpeg?w=150&resize=150&ssl=1 150w, \/Im4g3nsN0t1cia\/geral\/images\/WhatsApp_Image_2023-07-19_at_11_33_18_(1)(1).jpeg?w=240&resize=240&ssl=1 240w, \/Im4g3nsN0t1cia\/geral\/images\/WhatsApp_Image_2023-07-19_at_11_33_18_(1)(1).jpeg?w=320&resize=320&ssl=1 320w, \/Im4g3nsN0t1cia\/geral\/images\/WhatsApp_Image_2023-07-19_at_11_33_18_(1)(1).jpeg?w=500&resize=500&ssl=1 500w, \/Im4g3nsN0t1cia\/geral\/images\/WhatsApp_Image_2023-07-19_at_11_33_18_(1)(1).jpeg?w=640&resize=640&ssl=1 640w, \/Im4g3nsN0t1cia\/geral\/images\/WhatsApp_Image_2023-07-19_at_11_33_18_(1)(1).jpeg?w=800&resize=800&ssl=1 800w, \/Im4g3nsN0t1cia\/geral\/images\/WhatsApp_Image_2023-07-19_at_11_33_18_(1)(1).jpeg?w=1024&resize=1024&ssl=1 1024w, \/Im4g3nsN0t1cia\/geral\/images\/WhatsApp_Image_2023-07-19_at_11_33_18_(1)(1).jpeg?w=1280&resize=1280&ssl=1 1280w, \/Im4g3nsN0t1cia\/geral\/images\/WhatsApp_Image_2023-07-19_at_11_33_18_(1)(1).jpeg?w=1600&resize=1600&ssl=1 1600w\" alt=\"\" fifu-data-src=\"\/Im4g3nsN0t1cia\/geral\/images\/WhatsApp_Image_2023-07-19_at_11_33_18_(1)(1).jpeg\" style=\"height:1200px; width:749px\" \/><\/p><\/div>\n","protected":false},"excerpt":{"rendered":"<p>No \u00faltimo dia 15 de julho ocorreu o IX CONGRESSO DA FEMERGS, no CTG 20 de Setembro na cidade de Santo \u00c2ngelo, o evento foi um sucesso, mais de 130 delegados inscritos e aptos a votar, mais de 150 observadores e suplentes de delegados, presen\u00e7a de mais de 80 sindicatos garantiram brilhantismo ao evento. A [&hellip;]<\/p>\n","protected":false},"author":1,"featured_media":0,"comment_status":"closed","ping_status":"closed","sticky":false,"template":"","format":"standard","meta":{"_eb_attr":"","_uag_custom_page_level_css":"","fifu_image_url":"","fifu_image_alt":"","footnotes":""},"categories":[7],"tags":[32],"class_list":["post-1334","post","type-post","status-publish","format-standard","hentry","category-noticias","tag-null"],"yoast_head":"<!-- This site is optimized with the Yoast SEO plugin v27.1.1 - https:\/\/yoast.com\/product\/yoast-seo-wordpress\/ -->\n<title>IX CONGRESSO ORDIN\u00c1RIO DA FEMERGS - Federa\u00e7\u00e3o dos Municip\u00e1rios do Estado do Rio Grande do Sul<\/title>\n<meta name=\"robots\" content=\"index, follow, max-snippet:-1, max-image-preview:large, max-video-preview:-1\" \/>\n<link rel=\"canonical\" href=\"https:\/\/femergs.com.br\/wfe\/blog\/ix-congresso-ordinario-da-femergs\/\" \/>\n<meta property=\"og:locale\" content=\"pt_BR\" \/>\n<meta property=\"og:type\" content=\"article\" \/>\n<meta property=\"og:title\" content=\"IX CONGRESSO ORDIN\u00c1RIO DA FEMERGS - Federa\u00e7\u00e3o dos Municip\u00e1rios do Estado do Rio Grande do Sul\" \/>\n<meta property=\"og:description\" content=\"No \u00faltimo dia 15 de julho ocorreu o IX CONGRESSO DA FEMERGS, no CTG 20 de Setembro na cidade de Santo \u00c2ngelo, o evento foi um sucesso, mais de 130 delegados inscritos e aptos a votar, mais de 150 observadores e suplentes de delegados, presen\u00e7a de mais de 80 sindicatos garantiram brilhantismo ao evento. A [&hellip;]\" \/>\n<meta property=\"og:url\" content=\"https:\/\/femergs.com.br\/wfe\/blog\/ix-congresso-ordinario-da-femergs\/\" \/>\n<meta property=\"og:site_name\" content=\"Federa\u00e7\u00e3o dos Municip\u00e1rios do Estado do Rio Grande do Sul\" \/>\n<meta property=\"article:publisher\" content=\"https:\/\/www.facebook.com\/profile.php?id=100057151733001\" \/>\n<meta property=\"article:published_time\" content=\"2023-07-19T14:39:06+00:00\" \/>\n<meta property=\"article:modified_time\" content=\"2025-09-02T20:00:04+00:00\" \/>\n<meta name=\"author\" content=\"adminfemergs\" \/>\n<meta name=\"twitter:card\" content=\"summary_large_image\" \/>\n<meta name=\"twitter:label1\" content=\"Escrito por\" \/>\n\t<meta name=\"twitter:data1\" content=\"adminfemergs\" \/>\n\t<meta name=\"twitter:label2\" content=\"Est. tempo de leitura\" \/>\n\t<meta name=\"twitter:data2\" content=\"1 minuto\" \/>\n<script type=\"application\/ld+json\" class=\"yoast-schema-graph\">{\"@context\":\"https:\/\/schema.org\",\"@graph\":[{\"@type\":\"Article\",\"@id\":\"https:\/\/femergs.com.br\/wfe\/blog\/ix-congresso-ordinario-da-femergs\/#article\",\"isPartOf\":{\"@id\":\"https:\/\/femergs.com.br\/wfe\/blog\/ix-congresso-ordinario-da-femergs\/\"},\"author\":{\"name\":\"adminfemergs\",\"@id\":\"https:\/\/femergs.com.br\/wfe\/#\/schema\/person\/f5558e6b5ffc044ee085016237dedb7f\"},\"headline\":\"IX CONGRESSO ORDIN\u00c1RIO DA FEMERGS\",\"datePublished\":\"2023-07-19T14:39:06+00:00\",\"dateModified\":\"2025-09-02T20:00:04+00:00\",\"mainEntityOfPage\":{\"@id\":\"https:\/\/femergs.com.br\/wfe\/blog\/ix-congresso-ordinario-da-femergs\/\"},\"wordCount\":264,\"publisher\":{\"@id\":\"https:\/\/femergs.com.br\/wfe\/#organization\"},\"keywords\":[\"NULL\"],\"articleSection\":[\"Not\u00edcias Gerais\"],\"inLanguage\":\"pt-BR\"},{\"@type\":\"WebPage\",\"@id\":\"https:\/\/femergs.com.br\/wfe\/blog\/ix-congresso-ordinario-da-femergs\/\",\"url\":\"https:\/\/femergs.com.br\/wfe\/blog\/ix-congresso-ordinario-da-femergs\/\",\"name\":\"IX CONGRESSO ORDIN\u00c1RIO DA FEMERGS - Federa\u00e7\u00e3o dos Municip\u00e1rios do Estado do Rio Grande do Sul\",\"isPartOf\":{\"@id\":\"https:\/\/femergs.com.br\/wfe\/#website\"},\"datePublished\":\"2023-07-19T14:39:06+00:00\",\"dateModified\":\"2025-09-02T20:00:04+00:00\",\"breadcrumb\":{\"@id\":\"https:\/\/femergs.com.br\/wfe\/blog\/ix-congresso-ordinario-da-femergs\/#breadcrumb\"},\"inLanguage\":\"pt-BR\",\"potentialAction\":[{\"@type\":\"ReadAction\",\"target\":[\"https:\/\/femergs.com.br\/wfe\/blog\/ix-congresso-ordinario-da-femergs\/\"]}]},{\"@type\":\"BreadcrumbList\",\"@id\":\"https:\/\/femergs.com.br\/wfe\/blog\/ix-congresso-ordinario-da-femergs\/#breadcrumb\",\"itemListElement\":[{\"@type\":\"ListItem\",\"position\":1,\"name\":\"In\u00edcio\",\"item\":\"https:\/\/femergs.com.br\/wfe\/\"},{\"@type\":\"ListItem\",\"position\":2,\"name\":\"IX CONGRESSO ORDIN\u00c1RIO DA FEMERGS\"}]},{\"@type\":\"WebSite\",\"@id\":\"https:\/\/femergs.com.br\/wfe\/#website\",\"url\":\"https:\/\/femergs.com.br\/wfe\/\",\"name\":\"FEMERGS\",\"description\":\"FEDERA\u00c7\u00c3O DOS MUNICIP\u00c1RIOS DO ESTADO DO RIO GRANDE DO SUL\",\"publisher\":{\"@id\":\"https:\/\/femergs.com.br\/wfe\/#organization\"},\"potentialAction\":[{\"@type\":\"SearchAction\",\"target\":{\"@type\":\"EntryPoint\",\"urlTemplate\":\"https:\/\/femergs.com.br\/wfe\/?s={search_term_string}\"},\"query-input\":{\"@type\":\"PropertyValueSpecification\",\"valueRequired\":true,\"valueName\":\"search_term_string\"}}],\"inLanguage\":\"pt-BR\"},{\"@type\":\"Organization\",\"@id\":\"https:\/\/femergs.com.br\/wfe\/#organization\",\"name\":\"FEMERGS\",\"url\":\"https:\/\/femergs.com.br\/wfe\/\",\"logo\":{\"@type\":\"ImageObject\",\"inLanguage\":\"pt-BR\",\"@id\":\"https:\/\/femergs.com.br\/wfe\/#\/schema\/logo\/image\/\",\"url\":\"https:\/\/femergs.com.br\/wfe\/wp-content\/uploads\/2025\/06\/logotipo.png\",\"contentUrl\":\"https:\/\/femergs.com.br\/wfe\/wp-content\/uploads\/2025\/06\/logotipo.png\",\"width\":500,\"height\":500,\"caption\":\"FEMERGS\"},\"image\":{\"@id\":\"https:\/\/femergs.com.br\/wfe\/#\/schema\/logo\/image\/\"},\"sameAs\":[\"https:\/\/www.facebook.com\/profile.php?id=100057151733001\",\"https:\/\/www.instagram.com\/femergs_rs\/\"]},{\"@type\":\"Person\",\"@id\":\"https:\/\/femergs.com.br\/wfe\/#\/schema\/person\/f5558e6b5ffc044ee085016237dedb7f\",\"name\":\"adminfemergs\",\"image\":{\"@type\":\"ImageObject\",\"inLanguage\":\"pt-BR\",\"@id\":\"https:\/\/femergs.com.br\/wfe\/#\/schema\/person\/image\/\",\"url\":\"https:\/\/secure.gravatar.com\/avatar\/398642fa557cdd524617ad9b31c938845f071aeb3448b9c0aeb29aefc495337b?s=96&d=mm&r=g\",\"contentUrl\":\"https:\/\/secure.gravatar.com\/avatar\/398642fa557cdd524617ad9b31c938845f071aeb3448b9c0aeb29aefc495337b?s=96&d=mm&r=g\",\"caption\":\"adminfemergs\"},\"sameAs\":[\"https:\/\/femergs.com.br\/wfe\"],\"url\":\"https:\/\/femergs.com.br\/wfe\/blog\/author\/adminfemergs\/\"}]}<\/script>\n<!-- \/ Yoast SEO plugin. -->","yoast_head_json":{"title":"IX CONGRESSO ORDIN\u00c1RIO DA FEMERGS - Federa\u00e7\u00e3o dos Municip\u00e1rios do Estado do Rio Grande do Sul","robots":{"index":"index","follow":"follow","max-snippet":"max-snippet:-1","max-image-preview":"max-image-preview:large","max-video-preview":"max-video-preview:-1"},"canonical":"https:\/\/femergs.com.br\/wfe\/blog\/ix-congresso-ordinario-da-femergs\/","og_locale":"pt_BR","og_type":"article","og_title":"IX CONGRESSO ORDIN\u00c1RIO DA FEMERGS - Federa\u00e7\u00e3o dos Municip\u00e1rios do Estado do Rio Grande do Sul","og_description":"No \u00faltimo dia 15 de julho ocorreu o IX CONGRESSO DA FEMERGS, no CTG 20 de Setembro na cidade de Santo \u00c2ngelo, o evento foi um sucesso, mais de 130 delegados inscritos e aptos a votar, mais de 150 observadores e suplentes de delegados, presen\u00e7a de mais de 80 sindicatos garantiram brilhantismo ao evento. A [&hellip;]","og_url":"https:\/\/femergs.com.br\/wfe\/blog\/ix-congresso-ordinario-da-femergs\/","og_site_name":"Federa\u00e7\u00e3o dos Municip\u00e1rios do Estado do Rio Grande do Sul","article_publisher":"https:\/\/www.facebook.com\/profile.php?id=100057151733001","article_published_time":"2023-07-19T14:39:06+00:00","article_modified_time":"2025-09-02T20:00:04+00:00","author":"adminfemergs","twitter_card":"summary_large_image","twitter_misc":{"Escrito por":"adminfemergs","Est. tempo de leitura":"1 minuto"},"schema":{"@context":"https:\/\/schema.org","@graph":[{"@type":"Article","@id":"https:\/\/femergs.com.br\/wfe\/blog\/ix-congresso-ordinario-da-femergs\/#article","isPartOf":{"@id":"https:\/\/femergs.com.br\/wfe\/blog\/ix-congresso-ordinario-da-femergs\/"},"author":{"name":"adminfemergs","@id":"https:\/\/femergs.com.br\/wfe\/#\/schema\/person\/f5558e6b5ffc044ee085016237dedb7f"},"headline":"IX CONGRESSO ORDIN\u00c1RIO DA FEMERGS","datePublished":"2023-07-19T14:39:06+00:00","dateModified":"2025-09-02T20:00:04+00:00","mainEntityOfPage":{"@id":"https:\/\/femergs.com.br\/wfe\/blog\/ix-congresso-ordinario-da-femergs\/"},"wordCount":264,"publisher":{"@id":"https:\/\/femergs.com.br\/wfe\/#organization"},"keywords":["NULL"],"articleSection":["Not\u00edcias Gerais"],"inLanguage":"pt-BR"},{"@type":"WebPage","@id":"https:\/\/femergs.com.br\/wfe\/blog\/ix-congresso-ordinario-da-femergs\/","url":"https:\/\/femergs.com.br\/wfe\/blog\/ix-congresso-ordinario-da-femergs\/","name":"IX CONGRESSO ORDIN\u00c1RIO DA FEMERGS - Federa\u00e7\u00e3o dos Municip\u00e1rios do Estado do Rio Grande do Sul","isPartOf":{"@id":"https:\/\/femergs.com.br\/wfe\/#website"},"datePublished":"2023-07-19T14:39:06+00:00","dateModified":"2025-09-02T20:00:04+00:00","breadcrumb":{"@id":"https:\/\/femergs.com.br\/wfe\/blog\/ix-congresso-ordinario-da-femergs\/#breadcrumb"},"inLanguage":"pt-BR","potentialAction":[{"@type":"ReadAction","target":["https:\/\/femergs.com.br\/wfe\/blog\/ix-congresso-ordinario-da-femergs\/"]}]},{"@type":"BreadcrumbList","@id":"https:\/\/femergs.com.br\/wfe\/blog\/ix-congresso-ordinario-da-femergs\/#breadcrumb","itemListElement":[{"@type":"ListItem","position":1,"name":"In\u00edcio","item":"https:\/\/femergs.com.br\/wfe\/"},{"@type":"ListItem","position":2,"name":"IX CONGRESSO ORDIN\u00c1RIO DA FEMERGS"}]},{"@type":"WebSite","@id":"https:\/\/femergs.com.br\/wfe\/#website","url":"https:\/\/femergs.com.br\/wfe\/","name":"FEMERGS","description":"FEDERA\u00c7\u00c3O DOS MUNICIP\u00c1RIOS DO ESTADO DO RIO GRANDE DO SUL","publisher":{"@id":"https:\/\/femergs.com.br\/wfe\/#organization"},"potentialAction":[{"@type":"SearchAction","target":{"@type":"EntryPoint","urlTemplate":"https:\/\/femergs.com.br\/wfe\/?s={search_term_string}"},"query-input":{"@type":"PropertyValueSpecification","valueRequired":true,"valueName":"search_term_string"}}],"inLanguage":"pt-BR"},{"@type":"Organization","@id":"https:\/\/femergs.com.br\/wfe\/#organization","name":"FEMERGS","url":"https:\/\/femergs.com.br\/wfe\/","logo":{"@type":"ImageObject","inLanguage":"pt-BR","@id":"https:\/\/femergs.com.br\/wfe\/#\/schema\/logo\/image\/","url":"https:\/\/femergs.com.br\/wfe\/wp-content\/uploads\/2025\/06\/logotipo.png","contentUrl":"https:\/\/femergs.com.br\/wfe\/wp-content\/uploads\/2025\/06\/logotipo.png","width":500,"height":500,"caption":"FEMERGS"},"image":{"@id":"https:\/\/femergs.com.br\/wfe\/#\/schema\/logo\/image\/"},"sameAs":["https:\/\/www.facebook.com\/profile.php?id=100057151733001","https:\/\/www.instagram.com\/femergs_rs\/"]},{"@type":"Person","@id":"https:\/\/femergs.com.br\/wfe\/#\/schema\/person\/f5558e6b5ffc044ee085016237dedb7f","name":"adminfemergs","image":{"@type":"ImageObject","inLanguage":"pt-BR","@id":"https:\/\/femergs.com.br\/wfe\/#\/schema\/person\/image\/","url":"https:\/\/secure.gravatar.com\/avatar\/398642fa557cdd524617ad9b31c938845f071aeb3448b9c0aeb29aefc495337b?s=96&d=mm&r=g","contentUrl":"https:\/\/secure.gravatar.com\/avatar\/398642fa557cdd524617ad9b31c938845f071aeb3448b9c0aeb29aefc495337b?s=96&d=mm&r=g","caption":"adminfemergs"},"sameAs":["https:\/\/femergs.com.br\/wfe"],"url":"https:\/\/femergs.com.br\/wfe\/blog\/author\/adminfemergs\/"}]}},"uagb_featured_image_src":{"full":false,"thumbnail":false,"medium":false,"medium_large":false,"large":false,"1536x1536":false,"2048x2048":false,"ultp_layout_landscape_large":false,"ultp_layout_landscape":false,"ultp_layout_portrait":false,"ultp_layout_square":false},"uagb_author_info":{"display_name":"adminfemergs","author_link":"https:\/\/femergs.com.br\/wfe\/blog\/author\/adminfemergs\/"},"uagb_comment_info":0,"uagb_excerpt":"No \u00faltimo dia 15 de julho ocorreu o IX CONGRESSO DA FEMERGS, no CTG 20 de Setembro na cidade de Santo \u00c2ngelo, o evento foi um sucesso, mais de 130 delegados inscritos e aptos a votar, mais de 150 observadores e suplentes de delegados, presen\u00e7a de mais de 80 sindicatos garantiram brilhantismo ao evento. A&hellip;","_links":{"self":[{"href":"https:\/\/femergs.com.br\/wfe\/wp-json\/wp\/v2\/posts\/1334","targetHints":{"allow":["GET"]}}],"collection":[{"href":"https:\/\/femergs.com.br\/wfe\/wp-json\/wp\/v2\/posts"}],"about":[{"href":"https:\/\/femergs.com.br\/wfe\/wp-json\/wp\/v2\/types\/post"}],"author":[{"embeddable":true,"href":"https:\/\/femergs.com.br\/wfe\/wp-json\/wp\/v2\/users\/1"}],"replies":[{"embeddable":true,"href":"https:\/\/femergs.com.br\/wfe\/wp-json\/wp\/v2\/comments?post=1334"}],"version-history":[{"count":1,"href":"https:\/\/femergs.com.br\/wfe\/wp-json\/wp\/v2\/posts\/1334\/revisions"}],"predecessor-version":[{"id":1494,"href":"https:\/\/femergs.com.br\/wfe\/wp-json\/wp\/v2\/posts\/1334\/revisions\/1494"}],"wp:attachment":[{"href":"https:\/\/femergs.com.br\/wfe\/wp-json\/wp\/v2\/media?parent=1334"}],"wp:term":[{"taxonomy":"category","embeddable":true,"href":"https:\/\/femergs.com.br\/wfe\/wp-json\/wp\/v2\/categories?post=1334"},{"taxonomy":"post_tag","embeddable":true,"href":"https:\/\/femergs.com.br\/wfe\/wp-json\/wp\/v2\/tags?post=1334"}],"curies":[{"name":"wp","href":"https:\/\/api.w.org\/{rel}","templated":true}]}}