{"id":1338,"date":"2023-08-28T17:40:53","date_gmt":"2023-08-28T17:40:53","guid":{"rendered":"https:\/\/femergs.com.br\/wfe\/blog\/femergs-em-santa-rosa-pelo-servico-publico-de-qualidade\/"},"modified":"2025-09-02T20:00:04","modified_gmt":"2025-09-02T20:00:04","slug":"femergs-em-santa-rosa-pelo-servico-publico-de-qualidade","status":"publish","type":"post","link":"https:\/\/femergs.com.br\/wfe\/blog\/femergs-em-santa-rosa-pelo-servico-publico-de-qualidade\/","title":{"rendered":"FEMERGS EM SANTA ROSA &#8211; PELO SERVI\u00c7O P\u00daBLICO DE QUALIDADE."},"content":{"rendered":"<div style=\"text-align:center\"><em><strong>FEMERGS EM SANTA ROSA \u2013 PELO SERVI\u00c7O P\u00daBLICO DE QUALIDADE<\/p>\n<p>\n<img decoding=\"async\" src=\"data:image\/gif;base64,R0lGODlhAQABAIAAAAAAAP\/\/\/ywAAAAAAQABAAACAUwAOw==\" fifu-lazy=\"1\" fifu-data-sizes=\"auto\" fifu-data-srcset=\"\/Im4g3nsN0t1cia\/geral\/images\/20230826_095354_HDR.jpg?w=75&resize=75&ssl=1 75w, \/Im4g3nsN0t1cia\/geral\/images\/20230826_095354_HDR.jpg?w=100&resize=100&ssl=1 100w, \/Im4g3nsN0t1cia\/geral\/images\/20230826_095354_HDR.jpg?w=150&resize=150&ssl=1 150w, \/Im4g3nsN0t1cia\/geral\/images\/20230826_095354_HDR.jpg?w=240&resize=240&ssl=1 240w, \/Im4g3nsN0t1cia\/geral\/images\/20230826_095354_HDR.jpg?w=320&resize=320&ssl=1 320w, \/Im4g3nsN0t1cia\/geral\/images\/20230826_095354_HDR.jpg?w=500&resize=500&ssl=1 500w, \/Im4g3nsN0t1cia\/geral\/images\/20230826_095354_HDR.jpg?w=640&resize=640&ssl=1 640w, \/Im4g3nsN0t1cia\/geral\/images\/20230826_095354_HDR.jpg?w=800&resize=800&ssl=1 800w, \/Im4g3nsN0t1cia\/geral\/images\/20230826_095354_HDR.jpg?w=1024&resize=1024&ssl=1 1024w, \/Im4g3nsN0t1cia\/geral\/images\/20230826_095354_HDR.jpg?w=1280&resize=1280&ssl=1 1280w, \/Im4g3nsN0t1cia\/geral\/images\/20230826_095354_HDR.jpg?w=1600&resize=1600&ssl=1 1600w\" alt=\"\" fifu-data-src=\"\/Im4g3nsN0t1cia\/geral\/images\/20230826_095354_HDR.jpg\" style=\"height:720px; width:1600px\" \/><\/strong><\/em>\n <\/div>\n<p>\nA Federa\u00e7\u00e3o dos Municip\u00e1rios do Estado do RS \u2013 <strong>FEMERGS<\/strong>, em parceria como o Sindicato dos Municip\u00e1rios, de Santa Rosa, organizou um ato no dia 26 de agosto na cidade de Santa Rosa, reunindo e representando cinco regionais de munic\u00edpios, <strong>AMUFRON<\/strong>, <strong>ANZOP<\/strong>, <strong>AMUCELEIRO<\/strong>, <strong>AMM<\/strong> e <strong>AMUPLAM<\/strong>. Nosso movimento objetiva garantir o <strong>SERVI\u00c7O PUBLICO DE QUALIDADE<\/strong> para todos os cidad\u00e3os.<\/p>\n<p>\nNossa entidade busca tamb\u00e9m o cumprimento das regras constitucionais e administra\u00e7\u00e3o p\u00fablica, que garante o Planejamento das a\u00e7\u00f5es nos munic\u00edpios atrav\u00e9s do diagn\u00f3stico da realidade local, fato este que n\u00e3o vem sendo cumprido pelos entes municipais, j\u00e1 que est\u00e3o recebendo atrav\u00e9s de assessorias externas modelos de Leis e Planos de Carreira regionalizados, alegando a falta de recursos que comprovadamente n\u00e3o \u00e9 real. A Federa\u00e7\u00e3o acompanha a Receita dos munic\u00edpios filiados desde 2004, e raras s\u00e3o as situa\u00e7\u00f5es em que a falta de recurso \u00e9 comprovada, qualquer cidad\u00e3o pode comprovar isto observando agora no final de ano os in\u00fameros projetos enviados para as C\u00e2maras de Vereadores com justificativa de Superavit Or\u00e7ament\u00e1rio.<\/p>\n<p>\nEnquanto isso milhares de trabalhadores p\u00fablicos municipais recebem sal\u00e1rio base inferior ao sal\u00e1rio m\u00ednimo nacional, e pior, os prefeitos usando horas extras, insalubridade para complementar o que garante a Constitui\u00e7\u00e3o, servidor p\u00fablico municipal como qualquer cidad\u00e3o paga impostos que s\u00e3o revertidos em atendimento as necessidades da popula\u00e7\u00e3o, inclusive o sal\u00e1rio dos funcion\u00e1rios que executam o servi\u00e7o p\u00fablico, e ainda faz hora extra para garantir o recebimento de um vencimento igual ao m\u00ednimo nacional, situa\u00e7\u00e3o est\u00e1 que precisa ser combatida imediatamente, mas combatida definitivamente, pois estas mesmas assessorias externas s\u00e3o contr\u00e1rias aos pagamentos dos Pisos do Magist\u00e9rio e Enfermagem, conquistas que foram discutidas por d\u00e9cadas durante as confer\u00eancias Municipais, Estaduais e Nacional, que representavam a vontade do povo brasileiro, ou seja, nem a vontade soberana do cidad\u00e3o vem sendo respeitada por aqueles que conduzem a gest\u00e3o p\u00fablica nos munic\u00edpios, n\u00e3o deixando mais margem para participa\u00e7\u00e3o popular na defini\u00e7\u00e3o de metas e obras.<\/p>\n<p>\nA <strong>FEMERGS<\/strong> lutar\u00e1 incansavelmente pela defesa do Estado de Direito Democr\u00e1tico, pela dignidade salarial de todos servidores p\u00fablicos, bem como pela garantia de Servi\u00e7o P\u00fablico de Qualidade a todo cidad\u00e3o, e faremos isto de forma t\u00e9cnica, com dados para contrapor a fal\u00e1cia de falta de recurso, de altos sal\u00e1rios no servi\u00e7o p\u00fablico municipal. Santa Rosa foi o primeiro passo, outros vir\u00e3o e estaremos atentos a toda e qualquer tentativa de tornar a gest\u00e3o p\u00fablica espa\u00e7o para apadrinhamentos, privil\u00e9gios ou outras situa\u00e7\u00f5es que manipulam ou disfar\u00e7am atitudes contr\u00e1rias ao que est\u00e1 determinado em nossa Constitui\u00e7\u00e3o.<\/p>\n<div style=\"text-align:center\"><em><strong>Procure teu sindicato, filie-se,<br \/>\nProcure a FEMERGS, filie-se<\/p>\n<p>Juntos somos fortes, unidos seremos invenc\u00edveis&#8230;..<\/p>\n<p>\n<img decoding=\"async\" src=\"data:image\/gif;base64,R0lGODlhAQABAIAAAAAAAP\/\/\/ywAAAAAAQABAAACAUwAOw==\" fifu-lazy=\"1\" fifu-data-sizes=\"auto\" fifu-data-srcset=\"\/Im4g3nsN0t1cia\/geral\/images\/20230826_110200_HDR.jpg?w=75&resize=75&ssl=1 75w, \/Im4g3nsN0t1cia\/geral\/images\/20230826_110200_HDR.jpg?w=100&resize=100&ssl=1 100w, \/Im4g3nsN0t1cia\/geral\/images\/20230826_110200_HDR.jpg?w=150&resize=150&ssl=1 150w, \/Im4g3nsN0t1cia\/geral\/images\/20230826_110200_HDR.jpg?w=240&resize=240&ssl=1 240w, \/Im4g3nsN0t1cia\/geral\/images\/20230826_110200_HDR.jpg?w=320&resize=320&ssl=1 320w, \/Im4g3nsN0t1cia\/geral\/images\/20230826_110200_HDR.jpg?w=500&resize=500&ssl=1 500w, \/Im4g3nsN0t1cia\/geral\/images\/20230826_110200_HDR.jpg?w=640&resize=640&ssl=1 640w, \/Im4g3nsN0t1cia\/geral\/images\/20230826_110200_HDR.jpg?w=800&resize=800&ssl=1 800w, \/Im4g3nsN0t1cia\/geral\/images\/20230826_110200_HDR.jpg?w=1024&resize=1024&ssl=1 1024w, \/Im4g3nsN0t1cia\/geral\/images\/20230826_110200_HDR.jpg?w=1280&resize=1280&ssl=1 1280w, \/Im4g3nsN0t1cia\/geral\/images\/20230826_110200_HDR.jpg?w=1600&resize=1600&ssl=1 1600w\" alt=\"\" fifu-data-src=\"\/Im4g3nsN0t1cia\/geral\/images\/20230826_110200_HDR.jpg\" style=\"height:720px; width:1600px\" \/><\/strong><\/em><\/div>\n<div style=\"text-align:center\"><\/div>\n","protected":false},"excerpt":{"rendered":"<p>FEMERGS EM SANTA ROSA \u2013 PELO SERVI\u00c7O P\u00daBLICO DE QUALIDADE A Federa\u00e7\u00e3o dos Municip\u00e1rios do Estado do RS \u2013 FEMERGS, em parceria como o Sindicato dos Municip\u00e1rios, de Santa Rosa, organizou um ato no dia 26 de agosto na cidade de Santa Rosa, reunindo e representando cinco regionais de munic\u00edpios, AMUFRON, ANZOP, AMUCELEIRO, AMM e [&hellip;]<\/p>\n","protected":false},"author":1,"featured_media":0,"comment_status":"closed","ping_status":"closed","sticky":false,"template":"","format":"standard","meta":{"_eb_attr":"","_uag_custom_page_level_css":"","fifu_image_url":"","fifu_image_alt":"","footnotes":""},"categories":[7],"tags":[32],"class_list":["post-1338","post","type-post","status-publish","format-standard","hentry","category-noticias","tag-null"],"yoast_head":"<!-- This site is optimized with the Yoast SEO plugin v27.1.1 - https:\/\/yoast.com\/product\/yoast-seo-wordpress\/ -->\n<title>FEMERGS EM SANTA ROSA - PELO SERVI\u00c7O P\u00daBLICO DE QUALIDADE. - Federa\u00e7\u00e3o dos Municip\u00e1rios do Estado do Rio Grande do Sul<\/title>\n<meta name=\"robots\" content=\"index, follow, max-snippet:-1, max-image-preview:large, max-video-preview:-1\" \/>\n<link rel=\"canonical\" href=\"https:\/\/femergs.com.br\/wfe\/blog\/femergs-em-santa-rosa-pelo-servico-publico-de-qualidade\/\" \/>\n<meta property=\"og:locale\" content=\"pt_BR\" \/>\n<meta property=\"og:type\" content=\"article\" \/>\n<meta property=\"og:title\" content=\"FEMERGS EM SANTA ROSA - PELO SERVI\u00c7O P\u00daBLICO DE QUALIDADE. - Federa\u00e7\u00e3o dos Municip\u00e1rios do Estado do Rio Grande do Sul\" \/>\n<meta property=\"og:description\" content=\"FEMERGS EM SANTA ROSA \u2013 PELO SERVI\u00c7O P\u00daBLICO DE QUALIDADE A Federa\u00e7\u00e3o dos Municip\u00e1rios do Estado do RS \u2013 FEMERGS, em parceria como o Sindicato dos Municip\u00e1rios, de Santa Rosa, organizou um ato no dia 26 de agosto na cidade de Santa Rosa, reunindo e representando cinco regionais de munic\u00edpios, AMUFRON, ANZOP, AMUCELEIRO, AMM e [&hellip;]\" \/>\n<meta property=\"og:url\" content=\"https:\/\/femergs.com.br\/wfe\/blog\/femergs-em-santa-rosa-pelo-servico-publico-de-qualidade\/\" \/>\n<meta property=\"og:site_name\" content=\"Federa\u00e7\u00e3o dos Municip\u00e1rios do Estado do Rio Grande do Sul\" \/>\n<meta property=\"article:publisher\" content=\"https:\/\/www.facebook.com\/profile.php?id=100057151733001\" \/>\n<meta property=\"article:published_time\" content=\"2023-08-28T17:40:53+00:00\" \/>\n<meta property=\"article:modified_time\" content=\"2025-09-02T20:00:04+00:00\" \/>\n<meta name=\"author\" content=\"adminfemergs\" \/>\n<meta name=\"twitter:card\" content=\"summary_large_image\" \/>\n<meta name=\"twitter:label1\" content=\"Escrito por\" \/>\n\t<meta name=\"twitter:data1\" content=\"adminfemergs\" \/>\n\t<meta name=\"twitter:label2\" content=\"Est. tempo de leitura\" \/>\n\t<meta name=\"twitter:data2\" content=\"3 minutos\" \/>\n<script type=\"application\/ld+json\" class=\"yoast-schema-graph\">{\"@context\":\"https:\/\/schema.org\",\"@graph\":[{\"@type\":\"Article\",\"@id\":\"https:\/\/femergs.com.br\/wfe\/blog\/femergs-em-santa-rosa-pelo-servico-publico-de-qualidade\/#article\",\"isPartOf\":{\"@id\":\"https:\/\/femergs.com.br\/wfe\/blog\/femergs-em-santa-rosa-pelo-servico-publico-de-qualidade\/\"},\"author\":{\"name\":\"adminfemergs\",\"@id\":\"https:\/\/femergs.com.br\/wfe\/#\/schema\/person\/f5558e6b5ffc044ee085016237dedb7f\"},\"headline\":\"FEMERGS EM SANTA ROSA &#8211; PELO SERVI\u00c7O P\u00daBLICO DE QUALIDADE.\",\"datePublished\":\"2023-08-28T17:40:53+00:00\",\"dateModified\":\"2025-09-02T20:00:04+00:00\",\"mainEntityOfPage\":{\"@id\":\"https:\/\/femergs.com.br\/wfe\/blog\/femergs-em-santa-rosa-pelo-servico-publico-de-qualidade\/\"},\"wordCount\":519,\"publisher\":{\"@id\":\"https:\/\/femergs.com.br\/wfe\/#organization\"},\"keywords\":[\"NULL\"],\"articleSection\":[\"Not\u00edcias Gerais\"],\"inLanguage\":\"pt-BR\"},{\"@type\":\"WebPage\",\"@id\":\"https:\/\/femergs.com.br\/wfe\/blog\/femergs-em-santa-rosa-pelo-servico-publico-de-qualidade\/\",\"url\":\"https:\/\/femergs.com.br\/wfe\/blog\/femergs-em-santa-rosa-pelo-servico-publico-de-qualidade\/\",\"name\":\"FEMERGS EM SANTA ROSA - PELO SERVI\u00c7O P\u00daBLICO DE QUALIDADE. - Federa\u00e7\u00e3o dos Municip\u00e1rios do Estado do Rio Grande do Sul\",\"isPartOf\":{\"@id\":\"https:\/\/femergs.com.br\/wfe\/#website\"},\"datePublished\":\"2023-08-28T17:40:53+00:00\",\"dateModified\":\"2025-09-02T20:00:04+00:00\",\"breadcrumb\":{\"@id\":\"https:\/\/femergs.com.br\/wfe\/blog\/femergs-em-santa-rosa-pelo-servico-publico-de-qualidade\/#breadcrumb\"},\"inLanguage\":\"pt-BR\",\"potentialAction\":[{\"@type\":\"ReadAction\",\"target\":[\"https:\/\/femergs.com.br\/wfe\/blog\/femergs-em-santa-rosa-pelo-servico-publico-de-qualidade\/\"]}]},{\"@type\":\"BreadcrumbList\",\"@id\":\"https:\/\/femergs.com.br\/wfe\/blog\/femergs-em-santa-rosa-pelo-servico-publico-de-qualidade\/#breadcrumb\",\"itemListElement\":[{\"@type\":\"ListItem\",\"position\":1,\"name\":\"In\u00edcio\",\"item\":\"https:\/\/femergs.com.br\/wfe\/\"},{\"@type\":\"ListItem\",\"position\":2,\"name\":\"FEMERGS EM SANTA ROSA &#8211; PELO SERVI\u00c7O P\u00daBLICO DE QUALIDADE.\"}]},{\"@type\":\"WebSite\",\"@id\":\"https:\/\/femergs.com.br\/wfe\/#website\",\"url\":\"https:\/\/femergs.com.br\/wfe\/\",\"name\":\"FEMERGS\",\"description\":\"FEDERA\u00c7\u00c3O DOS MUNICIP\u00c1RIOS DO ESTADO DO RIO GRANDE DO SUL\",\"publisher\":{\"@id\":\"https:\/\/femergs.com.br\/wfe\/#organization\"},\"potentialAction\":[{\"@type\":\"SearchAction\",\"target\":{\"@type\":\"EntryPoint\",\"urlTemplate\":\"https:\/\/femergs.com.br\/wfe\/?s={search_term_string}\"},\"query-input\":{\"@type\":\"PropertyValueSpecification\",\"valueRequired\":true,\"valueName\":\"search_term_string\"}}],\"inLanguage\":\"pt-BR\"},{\"@type\":\"Organization\",\"@id\":\"https:\/\/femergs.com.br\/wfe\/#organization\",\"name\":\"FEMERGS\",\"url\":\"https:\/\/femergs.com.br\/wfe\/\",\"logo\":{\"@type\":\"ImageObject\",\"inLanguage\":\"pt-BR\",\"@id\":\"https:\/\/femergs.com.br\/wfe\/#\/schema\/logo\/image\/\",\"url\":\"https:\/\/femergs.com.br\/wfe\/wp-content\/uploads\/2025\/06\/logotipo.png\",\"contentUrl\":\"https:\/\/femergs.com.br\/wfe\/wp-content\/uploads\/2025\/06\/logotipo.png\",\"width\":500,\"height\":500,\"caption\":\"FEMERGS\"},\"image\":{\"@id\":\"https:\/\/femergs.com.br\/wfe\/#\/schema\/logo\/image\/\"},\"sameAs\":[\"https:\/\/www.facebook.com\/profile.php?id=100057151733001\",\"https:\/\/www.instagram.com\/femergs_rs\/\"]},{\"@type\":\"Person\",\"@id\":\"https:\/\/femergs.com.br\/wfe\/#\/schema\/person\/f5558e6b5ffc044ee085016237dedb7f\",\"name\":\"adminfemergs\",\"image\":{\"@type\":\"ImageObject\",\"inLanguage\":\"pt-BR\",\"@id\":\"https:\/\/femergs.com.br\/wfe\/#\/schema\/person\/image\/\",\"url\":\"https:\/\/secure.gravatar.com\/avatar\/398642fa557cdd524617ad9b31c938845f071aeb3448b9c0aeb29aefc495337b?s=96&d=mm&r=g\",\"contentUrl\":\"https:\/\/secure.gravatar.com\/avatar\/398642fa557cdd524617ad9b31c938845f071aeb3448b9c0aeb29aefc495337b?s=96&d=mm&r=g\",\"caption\":\"adminfemergs\"},\"sameAs\":[\"https:\/\/femergs.com.br\/wfe\"],\"url\":\"https:\/\/femergs.com.br\/wfe\/blog\/author\/adminfemergs\/\"}]}<\/script>\n<!-- \/ Yoast SEO plugin. -->","yoast_head_json":{"title":"FEMERGS EM SANTA ROSA - PELO SERVI\u00c7O P\u00daBLICO DE QUALIDADE. - Federa\u00e7\u00e3o dos Municip\u00e1rios do Estado do Rio Grande do Sul","robots":{"index":"index","follow":"follow","max-snippet":"max-snippet:-1","max-image-preview":"max-image-preview:large","max-video-preview":"max-video-preview:-1"},"canonical":"https:\/\/femergs.com.br\/wfe\/blog\/femergs-em-santa-rosa-pelo-servico-publico-de-qualidade\/","og_locale":"pt_BR","og_type":"article","og_title":"FEMERGS EM SANTA ROSA - PELO SERVI\u00c7O P\u00daBLICO DE QUALIDADE. - Federa\u00e7\u00e3o dos Municip\u00e1rios do Estado do Rio Grande do Sul","og_description":"FEMERGS EM SANTA ROSA \u2013 PELO SERVI\u00c7O P\u00daBLICO DE QUALIDADE A Federa\u00e7\u00e3o dos Municip\u00e1rios do Estado do RS \u2013 FEMERGS, em parceria como o Sindicato dos Municip\u00e1rios, de Santa Rosa, organizou um ato no dia 26 de agosto na cidade de Santa Rosa, reunindo e representando cinco regionais de munic\u00edpios, AMUFRON, ANZOP, AMUCELEIRO, AMM e [&hellip;]","og_url":"https:\/\/femergs.com.br\/wfe\/blog\/femergs-em-santa-rosa-pelo-servico-publico-de-qualidade\/","og_site_name":"Federa\u00e7\u00e3o dos Municip\u00e1rios do Estado do Rio Grande do Sul","article_publisher":"https:\/\/www.facebook.com\/profile.php?id=100057151733001","article_published_time":"2023-08-28T17:40:53+00:00","article_modified_time":"2025-09-02T20:00:04+00:00","author":"adminfemergs","twitter_card":"summary_large_image","twitter_misc":{"Escrito por":"adminfemergs","Est. tempo de leitura":"3 minutos"},"schema":{"@context":"https:\/\/schema.org","@graph":[{"@type":"Article","@id":"https:\/\/femergs.com.br\/wfe\/blog\/femergs-em-santa-rosa-pelo-servico-publico-de-qualidade\/#article","isPartOf":{"@id":"https:\/\/femergs.com.br\/wfe\/blog\/femergs-em-santa-rosa-pelo-servico-publico-de-qualidade\/"},"author":{"name":"adminfemergs","@id":"https:\/\/femergs.com.br\/wfe\/#\/schema\/person\/f5558e6b5ffc044ee085016237dedb7f"},"headline":"FEMERGS EM SANTA ROSA &#8211; PELO SERVI\u00c7O P\u00daBLICO DE QUALIDADE.","datePublished":"2023-08-28T17:40:53+00:00","dateModified":"2025-09-02T20:00:04+00:00","mainEntityOfPage":{"@id":"https:\/\/femergs.com.br\/wfe\/blog\/femergs-em-santa-rosa-pelo-servico-publico-de-qualidade\/"},"wordCount":519,"publisher":{"@id":"https:\/\/femergs.com.br\/wfe\/#organization"},"keywords":["NULL"],"articleSection":["Not\u00edcias Gerais"],"inLanguage":"pt-BR"},{"@type":"WebPage","@id":"https:\/\/femergs.com.br\/wfe\/blog\/femergs-em-santa-rosa-pelo-servico-publico-de-qualidade\/","url":"https:\/\/femergs.com.br\/wfe\/blog\/femergs-em-santa-rosa-pelo-servico-publico-de-qualidade\/","name":"FEMERGS EM SANTA ROSA - PELO SERVI\u00c7O P\u00daBLICO DE QUALIDADE. - Federa\u00e7\u00e3o dos Municip\u00e1rios do Estado do Rio Grande do Sul","isPartOf":{"@id":"https:\/\/femergs.com.br\/wfe\/#website"},"datePublished":"2023-08-28T17:40:53+00:00","dateModified":"2025-09-02T20:00:04+00:00","breadcrumb":{"@id":"https:\/\/femergs.com.br\/wfe\/blog\/femergs-em-santa-rosa-pelo-servico-publico-de-qualidade\/#breadcrumb"},"inLanguage":"pt-BR","potentialAction":[{"@type":"ReadAction","target":["https:\/\/femergs.com.br\/wfe\/blog\/femergs-em-santa-rosa-pelo-servico-publico-de-qualidade\/"]}]},{"@type":"BreadcrumbList","@id":"https:\/\/femergs.com.br\/wfe\/blog\/femergs-em-santa-rosa-pelo-servico-publico-de-qualidade\/#breadcrumb","itemListElement":[{"@type":"ListItem","position":1,"name":"In\u00edcio","item":"https:\/\/femergs.com.br\/wfe\/"},{"@type":"ListItem","position":2,"name":"FEMERGS EM SANTA ROSA &#8211; PELO SERVI\u00c7O P\u00daBLICO DE QUALIDADE."}]},{"@type":"WebSite","@id":"https:\/\/femergs.com.br\/wfe\/#website","url":"https:\/\/femergs.com.br\/wfe\/","name":"FEMERGS","description":"FEDERA\u00c7\u00c3O DOS MUNICIP\u00c1RIOS DO ESTADO DO RIO GRANDE DO SUL","publisher":{"@id":"https:\/\/femergs.com.br\/wfe\/#organization"},"potentialAction":[{"@type":"SearchAction","target":{"@type":"EntryPoint","urlTemplate":"https:\/\/femergs.com.br\/wfe\/?s={search_term_string}"},"query-input":{"@type":"PropertyValueSpecification","valueRequired":true,"valueName":"search_term_string"}}],"inLanguage":"pt-BR"},{"@type":"Organization","@id":"https:\/\/femergs.com.br\/wfe\/#organization","name":"FEMERGS","url":"https:\/\/femergs.com.br\/wfe\/","logo":{"@type":"ImageObject","inLanguage":"pt-BR","@id":"https:\/\/femergs.com.br\/wfe\/#\/schema\/logo\/image\/","url":"https:\/\/femergs.com.br\/wfe\/wp-content\/uploads\/2025\/06\/logotipo.png","contentUrl":"https:\/\/femergs.com.br\/wfe\/wp-content\/uploads\/2025\/06\/logotipo.png","width":500,"height":500,"caption":"FEMERGS"},"image":{"@id":"https:\/\/femergs.com.br\/wfe\/#\/schema\/logo\/image\/"},"sameAs":["https:\/\/www.facebook.com\/profile.php?id=100057151733001","https:\/\/www.instagram.com\/femergs_rs\/"]},{"@type":"Person","@id":"https:\/\/femergs.com.br\/wfe\/#\/schema\/person\/f5558e6b5ffc044ee085016237dedb7f","name":"adminfemergs","image":{"@type":"ImageObject","inLanguage":"pt-BR","@id":"https:\/\/femergs.com.br\/wfe\/#\/schema\/person\/image\/","url":"https:\/\/secure.gravatar.com\/avatar\/398642fa557cdd524617ad9b31c938845f071aeb3448b9c0aeb29aefc495337b?s=96&d=mm&r=g","contentUrl":"https:\/\/secure.gravatar.com\/avatar\/398642fa557cdd524617ad9b31c938845f071aeb3448b9c0aeb29aefc495337b?s=96&d=mm&r=g","caption":"adminfemergs"},"sameAs":["https:\/\/femergs.com.br\/wfe"],"url":"https:\/\/femergs.com.br\/wfe\/blog\/author\/adminfemergs\/"}]}},"uagb_featured_image_src":{"full":false,"thumbnail":false,"medium":false,"medium_large":false,"large":false,"1536x1536":false,"2048x2048":false,"ultp_layout_landscape_large":false,"ultp_layout_landscape":false,"ultp_layout_portrait":false,"ultp_layout_square":false},"uagb_author_info":{"display_name":"adminfemergs","author_link":"https:\/\/femergs.com.br\/wfe\/blog\/author\/adminfemergs\/"},"uagb_comment_info":0,"uagb_excerpt":"FEMERGS EM SANTA ROSA \u2013 PELO SERVI\u00c7O P\u00daBLICO DE QUALIDADE A Federa\u00e7\u00e3o dos Municip\u00e1rios do Estado do RS \u2013 FEMERGS, em parceria como o Sindicato dos Municip\u00e1rios, de Santa Rosa, organizou um ato no dia 26 de agosto na cidade de Santa Rosa, reunindo e representando cinco regionais de munic\u00edpios, AMUFRON, ANZOP, AMUCELEIRO, AMM e&hellip;","_links":{"self":[{"href":"https:\/\/femergs.com.br\/wfe\/wp-json\/wp\/v2\/posts\/1338","targetHints":{"allow":["GET"]}}],"collection":[{"href":"https:\/\/femergs.com.br\/wfe\/wp-json\/wp\/v2\/posts"}],"about":[{"href":"https:\/\/femergs.com.br\/wfe\/wp-json\/wp\/v2\/types\/post"}],"author":[{"embeddable":true,"href":"https:\/\/femergs.com.br\/wfe\/wp-json\/wp\/v2\/users\/1"}],"replies":[{"embeddable":true,"href":"https:\/\/femergs.com.br\/wfe\/wp-json\/wp\/v2\/comments?post=1338"}],"version-history":[{"count":1,"href":"https:\/\/femergs.com.br\/wfe\/wp-json\/wp\/v2\/posts\/1338\/revisions"}],"predecessor-version":[{"id":1490,"href":"https:\/\/femergs.com.br\/wfe\/wp-json\/wp\/v2\/posts\/1338\/revisions\/1490"}],"wp:attachment":[{"href":"https:\/\/femergs.com.br\/wfe\/wp-json\/wp\/v2\/media?parent=1338"}],"wp:term":[{"taxonomy":"category","embeddable":true,"href":"https:\/\/femergs.com.br\/wfe\/wp-json\/wp\/v2\/categories?post=1338"},{"taxonomy":"post_tag","embeddable":true,"href":"https:\/\/femergs.com.br\/wfe\/wp-json\/wp\/v2\/tags?post=1338"}],"curies":[{"name":"wp","href":"https:\/\/api.w.org\/{rel}","templated":true}]}}