{"id":1342,"date":"2023-09-12T09:24:37","date_gmt":"2023-09-12T09:24:37","guid":{"rendered":"https:\/\/femergs.com.br\/wfe\/blog\/entrega-de-documento-da-federacao-dos-municiparios-do-rs-ao-presidente-em-exercicio-geraldo-a\/"},"modified":"2025-09-02T20:00:03","modified_gmt":"2025-09-02T20:00:03","slug":"entrega-de-documento-da-federacao-dos-municiparios-do-rs-ao-presidente-em-exercicio-geraldo-a","status":"publish","type":"post","link":"https:\/\/femergs.com.br\/wfe\/blog\/entrega-de-documento-da-federacao-dos-municiparios-do-rs-ao-presidente-em-exercicio-geraldo-a\/","title":{"rendered":"ENTREGA DE DOCUMENTO DA FEDERA\u00c7\u00c3O DOS MUNICIPARIOS DO RS AO PRESIDENTE EM EXERCICIO GERALDO A"},"content":{"rendered":"<div style=\"text-align:center\"><span style=\"color:#0000FF\"><em><strong>ENTREGA DE DOCUMENTO DA FEDERA\u00c7\u00c3O DOS MUNICIPARIOS DO RS AO PRESIDENTE EM EXERCICIO GERALDO ALCKMIN \u2013 10 DE SETEMBRO DE 2023.<\/strong><\/em><\/span><\/p><\/div>\n<div style=\"text-align: justify;\"><strong>                                          A Presidente da Federa\u00e7\u00e3o dos Municip\u00e1rios do Estado do Rio Grande do Sul, FEMERGS, juntamente com sua Vice-Presidente, Rosani Stocker e a Vice-Secret\u00e1ria Lisiane Hoch Brocardo, estiveram na cidade de Lajeado no dia 10 de setembro, para refor\u00e7ar o apoio as campanhas que est\u00e3o sendo realizadas para arrecadar fundos e donativos as v\u00edtimas das enchentes do Vale do Taquari, a FEMERGS fez uma campanha interna para arrecadar recursos financeiros e outros donativos com seus sindicatos filiados. E como \u00e9 de costume os servidores p\u00fablicos municipais do RS, s\u00e3o solid\u00e1rios e comprometidos com as demandas da sociedade em geral, isto, desde o dia que escolheram prestar um concurso p\u00fablico para executar servi\u00e7o p\u00fablico de qualidade ao cidad\u00e3o brasileiro<\/strong><\/div>\n<div style=\"text-align: justify;\"><strong>                                        Quando assumimos esta gest\u00e3o no dia 15 de julho de 2023, nossos principais compromissos foram reconstruir a luta sindical com base em estudo, dados t\u00e9cnicos e pesquisas para que possamos mostrar a comunidade que o trabalhador p\u00fablico merece dignidade salarial. E o segundo compromisso foi justamente o de tirar da invisibilidade os milhes de trabalhadores p\u00fablicos municipais, pois a comunidade sabe que eles existem, mas o olhar n\u00e3o mostra que por tr\u00e1s do servidor, existe um trabalhador como qualquer outro trabalhador brasileiro, que precisa o m\u00ednimo de garantia dos direitos que este trabalhado tinha como perspectiva quando escolheu prestar o concurso p\u00fablico.<br \/>\n                                                 Iniciamos a caminhada com um grande ato em Santa Rosa no dia 26 de agosto para concretizar nossos objetivos, infelizmente, fomos v\u00edtimas de um dos maiores desastres clim\u00e1ticos que atingiram o Rio Grande do Sul, n\u00e3o perdemos o foco da pauta de Santa Rosa, que \u00e9 o SERVI\u00c7O P\u00daBLICO DE QUALIDADE, mas, precisamos direcionar nossa energia de luta e de busca das solu\u00e7\u00f5es para o Vale do Taquari, temos companheiros sindicalistas atingidos, temos servidores p\u00fablicos municipais atingidos, e infelizmente temos servidores p\u00fablicos municipais entre as v\u00edtimas fatais.<br \/>\n                                    Pensando em tudo o que envolve o servidor, a comunidade atingida, nos encaminhamos at\u00e9 Lajeado e a Presidente entregou em m\u00e3os ao Presidente em Exerc\u00edcio, Geraldo Alckmin c\u00f3pia da nota de solidariedade que a entidade publicou no primeiro dia do desastre, solicitando auxilio imediato \u00e0s v\u00edtimas, mas tamb\u00e9m a\u00e7\u00f5es no \u00e2mbito da gest\u00e3o p\u00fablica municipal para prevenir e orientar os servidores de como agir nestas situa\u00e7\u00f5es, lembramos o caso do Ciclone que atingiu Sede Nova e Campo                                                   Novo a pouco tempo e estivemos tamb\u00e9m na regi\u00e3o, recebemos relatos de servidores que ficaram em p\u00e2nico no minuto e meio em que foram atingidos. E al\u00e9m do documento, foi entregue um oficio, onde a FEMERGS pede ao Presidente da Rep\u00fablica a cria\u00e7\u00e3o de pol\u00edticas p\u00fablicas em todas \u00e1s \u00e1reas que podem melhorar as condi\u00e7\u00f5es de atendimento e prote\u00e7\u00e3o do cidad\u00e3o.<br \/>\n                                                 N\u00f3s sabemos que muitos dos servidores que estiveram \u00e0 frente do atendimento das v\u00edtimas, e tamb\u00e9m ter\u00e3o o \u00e1rduo trabalho de recupera\u00e7\u00e3o das cidades destru\u00eddas, n\u00e3o tem o devido reconhecimento salarial e de prote\u00e7\u00e3o, muitos t\u00eam como sal\u00e1rio base valores inferiores ao sal\u00e1rio m\u00ednimo. Muitos dos 79 munic\u00edpios atingidos, n\u00e3o efetuaram ainda a documenta\u00e7\u00e3o solicitando apoio dos governos Federal e Estadual, que por sinal em Lajeado demonstraram que v\u00e3o trabalhar de forma conjunta para minimizar a dor destas fam\u00edlias. E neste sentido, novamente reafirmamos, n\u00e3o tem quem conhe\u00e7a melhor seu munic\u00edpio do que o servidor p\u00fablico que fica por d\u00e9cadas exercendo suas fun\u00e7\u00f5es dentro da Administra\u00e7\u00e3o, s\u00f3 este fato j\u00e1 deveria nos garantir vez e voz em todas as instancias da gest\u00e3o, bem como termos o reconhecimento do nosso valor por parte dos Gestores. O Presidente Alckmin se emocionou ao agradecer aos volunt\u00e1rios, pela solidariedade imediata, o governo Federal foi informado de madrugada e imediatamente deslocou helic\u00f3pteros e botes salva vidas da cidade de S\u00e3o Gabriel, e este quando chegaram j\u00e1 encontraram um batalh\u00e3o de volunt\u00e1rios prestando socorro imediato, j\u00e1 Governado Eduardo Leite foi enf\u00e1tico quando agradeceu de forma especial os servidores que estavam entre os volunt\u00e1rios retirando v\u00edtimas e trabalhando a noite toda neste socorro.<img decoding=\"async\" src=\"data:image\/gif;base64,R0lGODlhAQABAIAAAAAAAP\/\/\/ywAAAAAAQABAAACAUwAOw==\" fifu-lazy=\"1\" fifu-data-sizes=\"auto\" fifu-data-srcset=\"\/Im4g3nsN0t1cia\/geral\/images\/WhatsApp_Image_2023-09-11_at_23_38_19_(1).jpeg?w=75&resize=75&ssl=1 75w, \/Im4g3nsN0t1cia\/geral\/images\/WhatsApp_Image_2023-09-11_at_23_38_19_(1).jpeg?w=100&resize=100&ssl=1 100w, \/Im4g3nsN0t1cia\/geral\/images\/WhatsApp_Image_2023-09-11_at_23_38_19_(1).jpeg?w=150&resize=150&ssl=1 150w, \/Im4g3nsN0t1cia\/geral\/images\/WhatsApp_Image_2023-09-11_at_23_38_19_(1).jpeg?w=240&resize=240&ssl=1 240w, \/Im4g3nsN0t1cia\/geral\/images\/WhatsApp_Image_2023-09-11_at_23_38_19_(1).jpeg?w=320&resize=320&ssl=1 320w, \/Im4g3nsN0t1cia\/geral\/images\/WhatsApp_Image_2023-09-11_at_23_38_19_(1).jpeg?w=500&resize=500&ssl=1 500w, \/Im4g3nsN0t1cia\/geral\/images\/WhatsApp_Image_2023-09-11_at_23_38_19_(1).jpeg?w=640&resize=640&ssl=1 640w, \/Im4g3nsN0t1cia\/geral\/images\/WhatsApp_Image_2023-09-11_at_23_38_19_(1).jpeg?w=800&resize=800&ssl=1 800w, \/Im4g3nsN0t1cia\/geral\/images\/WhatsApp_Image_2023-09-11_at_23_38_19_(1).jpeg?w=1024&resize=1024&ssl=1 1024w, \/Im4g3nsN0t1cia\/geral\/images\/WhatsApp_Image_2023-09-11_at_23_38_19_(1).jpeg?w=1280&resize=1280&ssl=1 1280w, \/Im4g3nsN0t1cia\/geral\/images\/WhatsApp_Image_2023-09-11_at_23_38_19_(1).jpeg?w=1600&resize=1600&ssl=1 1600w\" alt=\"\" fifu-data-src=\"\/Im4g3nsN0t1cia\/geral\/images\/WhatsApp_Image_2023-09-11_at_23_38_19_(1).jpeg\" style=\"height:720px; width:1080px\" \/><\/strong><\/div>\n<div style=\"text-align: justify;\"><strong>                                            N\u00f3s que acompanhamos centenas de munic\u00edpios, e o dia a dia do servidor, sempre soubemos que a maioria deles s\u00e3o her\u00f3is no cotidiano de suas cidades, e merecem o reconhecimento da popula\u00e7\u00e3o, por isso nossa Entidade continuar\u00e1 se fazendo presente em toda e qualquer situa\u00e7\u00e3o que envolva trabalhador p\u00fablico, dando assist\u00eancia, apoio e defendendo sua valoriza\u00e7\u00e3o, encaminhando documentos as autoridades competentes para que Leis garantido direitos sejam aprovadas, e que toda e qualquer Lei que visam retirada de direitos seja rejeitada nas Casas Legislativas. Come\u00e7amos entregando ao Presidente da Rep\u00fablica, e assim seguiremos a luta, at\u00e9 atingirmos os objetivos tra\u00e7ados.<\/p>\n<p>\n<img decoding=\"async\" src=\"data:image\/gif;base64,R0lGODlhAQABAIAAAAAAAP\/\/\/ywAAAAAAQABAAACAUwAOw==\" fifu-lazy=\"1\" fifu-data-sizes=\"auto\" fifu-data-srcset=\"\/Im4g3nsN0t1cia\/geral\/images\/WhatsApp_Image_2023-09-11_at_23_38_20.jpeg?w=75&resize=75&ssl=1 75w, \/Im4g3nsN0t1cia\/geral\/images\/WhatsApp_Image_2023-09-11_at_23_38_20.jpeg?w=100&resize=100&ssl=1 100w, \/Im4g3nsN0t1cia\/geral\/images\/WhatsApp_Image_2023-09-11_at_23_38_20.jpeg?w=150&resize=150&ssl=1 150w, \/Im4g3nsN0t1cia\/geral\/images\/WhatsApp_Image_2023-09-11_at_23_38_20.jpeg?w=240&resize=240&ssl=1 240w, \/Im4g3nsN0t1cia\/geral\/images\/WhatsApp_Image_2023-09-11_at_23_38_20.jpeg?w=320&resize=320&ssl=1 320w, \/Im4g3nsN0t1cia\/geral\/images\/WhatsApp_Image_2023-09-11_at_23_38_20.jpeg?w=500&resize=500&ssl=1 500w, \/Im4g3nsN0t1cia\/geral\/images\/WhatsApp_Image_2023-09-11_at_23_38_20.jpeg?w=640&resize=640&ssl=1 640w, \/Im4g3nsN0t1cia\/geral\/images\/WhatsApp_Image_2023-09-11_at_23_38_20.jpeg?w=800&resize=800&ssl=1 800w, \/Im4g3nsN0t1cia\/geral\/images\/WhatsApp_Image_2023-09-11_at_23_38_20.jpeg?w=1024&resize=1024&ssl=1 1024w, \/Im4g3nsN0t1cia\/geral\/images\/WhatsApp_Image_2023-09-11_at_23_38_20.jpeg?w=1280&resize=1280&ssl=1 1280w, \/Im4g3nsN0t1cia\/geral\/images\/WhatsApp_Image_2023-09-11_at_23_38_20.jpeg?w=1600&resize=1600&ssl=1 1600w\" alt=\"\" fifu-data-src=\"\/Im4g3nsN0t1cia\/geral\/images\/WhatsApp_Image_2023-09-11_at_23_38_20.jpeg\" style=\"height:1200px; width:554px\" \/><\/strong><\/div>\n<p><strong><img decoding=\"async\" src=\"data:image\/gif;base64,R0lGODlhAQABAIAAAAAAAP\/\/\/ywAAAAAAQABAAACAUwAOw==\" fifu-lazy=\"1\" fifu-data-sizes=\"auto\" fifu-data-srcset=\"\/Im4g3nsN0t1cia\/geral\/images\/WhatsApp_Image_2023-09-11_at_23_38_19.jpeg?w=75&resize=75&ssl=1 75w, \/Im4g3nsN0t1cia\/geral\/images\/WhatsApp_Image_2023-09-11_at_23_38_19.jpeg?w=100&resize=100&ssl=1 100w, \/Im4g3nsN0t1cia\/geral\/images\/WhatsApp_Image_2023-09-11_at_23_38_19.jpeg?w=150&resize=150&ssl=1 150w, \/Im4g3nsN0t1cia\/geral\/images\/WhatsApp_Image_2023-09-11_at_23_38_19.jpeg?w=240&resize=240&ssl=1 240w, \/Im4g3nsN0t1cia\/geral\/images\/WhatsApp_Image_2023-09-11_at_23_38_19.jpeg?w=320&resize=320&ssl=1 320w, \/Im4g3nsN0t1cia\/geral\/images\/WhatsApp_Image_2023-09-11_at_23_38_19.jpeg?w=500&resize=500&ssl=1 500w, \/Im4g3nsN0t1cia\/geral\/images\/WhatsApp_Image_2023-09-11_at_23_38_19.jpeg?w=640&resize=640&ssl=1 640w, \/Im4g3nsN0t1cia\/geral\/images\/WhatsApp_Image_2023-09-11_at_23_38_19.jpeg?w=800&resize=800&ssl=1 800w, \/Im4g3nsN0t1cia\/geral\/images\/WhatsApp_Image_2023-09-11_at_23_38_19.jpeg?w=1024&resize=1024&ssl=1 1024w, \/Im4g3nsN0t1cia\/geral\/images\/WhatsApp_Image_2023-09-11_at_23_38_19.jpeg?w=1280&resize=1280&ssl=1 1280w, \/Im4g3nsN0t1cia\/geral\/images\/WhatsApp_Image_2023-09-11_at_23_38_19.jpeg?w=1600&resize=1600&ssl=1 1600w\" alt=\"\" fifu-data-src=\"\/Im4g3nsN0t1cia\/geral\/images\/WhatsApp_Image_2023-09-11_at_23_38_19.jpeg\" style=\"height:1200px; width:540px\" \/><\/p>\n<p><img decoding=\"async\" src=\"data:image\/gif;base64,R0lGODlhAQABAIAAAAAAAP\/\/\/ywAAAAAAQABAAACAUwAOw==\" fifu-lazy=\"1\" fifu-data-sizes=\"auto\" fifu-data-srcset=\"\/Im4g3nsN0t1cia\/geral\/images\/WhatsApp_Image_2023-09-11_at_23_38_18.jpeg?w=75&resize=75&ssl=1 75w, \/Im4g3nsN0t1cia\/geral\/images\/WhatsApp_Image_2023-09-11_at_23_38_18.jpeg?w=100&resize=100&ssl=1 100w, \/Im4g3nsN0t1cia\/geral\/images\/WhatsApp_Image_2023-09-11_at_23_38_18.jpeg?w=150&resize=150&ssl=1 150w, \/Im4g3nsN0t1cia\/geral\/images\/WhatsApp_Image_2023-09-11_at_23_38_18.jpeg?w=240&resize=240&ssl=1 240w, \/Im4g3nsN0t1cia\/geral\/images\/WhatsApp_Image_2023-09-11_at_23_38_18.jpeg?w=320&resize=320&ssl=1 320w, \/Im4g3nsN0t1cia\/geral\/images\/WhatsApp_Image_2023-09-11_at_23_38_18.jpeg?w=500&resize=500&ssl=1 500w, \/Im4g3nsN0t1cia\/geral\/images\/WhatsApp_Image_2023-09-11_at_23_38_18.jpeg?w=640&resize=640&ssl=1 640w, \/Im4g3nsN0t1cia\/geral\/images\/WhatsApp_Image_2023-09-11_at_23_38_18.jpeg?w=800&resize=800&ssl=1 800w, \/Im4g3nsN0t1cia\/geral\/images\/WhatsApp_Image_2023-09-11_at_23_38_18.jpeg?w=1024&resize=1024&ssl=1 1024w, \/Im4g3nsN0t1cia\/geral\/images\/WhatsApp_Image_2023-09-11_at_23_38_18.jpeg?w=1280&resize=1280&ssl=1 1280w, \/Im4g3nsN0t1cia\/geral\/images\/WhatsApp_Image_2023-09-11_at_23_38_18.jpeg?w=1600&resize=1600&ssl=1 1600w\" alt=\"\" fifu-data-src=\"\/Im4g3nsN0t1cia\/geral\/images\/WhatsApp_Image_2023-09-11_at_23_38_18.jpeg\" style=\"height:1200px; width:580px\" \/><\/strong><\/p>\n","protected":false},"excerpt":{"rendered":"<p>rn                                               Comitiva FEMERGS se re\u00fane em Lajeado para entrega de documento ao  Presidente em exerc\u00edcio Geraldo Alckmin.<\/p>\n","protected":false},"author":1,"featured_media":0,"comment_status":"closed","ping_status":"closed","sticky":false,"template":"","format":"standard","meta":{"_eb_attr":"","_uag_custom_page_level_css":"","fifu_image_url":"","fifu_image_alt":"","footnotes":""},"categories":[7],"tags":[32],"class_list":["post-1342","post","type-post","status-publish","format-standard","hentry","category-noticias","tag-null"],"yoast_head":"<!-- This site is optimized with the Yoast SEO plugin v27.1.1 - https:\/\/yoast.com\/product\/yoast-seo-wordpress\/ -->\n<title>ENTREGA DE DOCUMENTO DA FEDERA\u00c7\u00c3O DOS MUNICIPARIOS DO RS AO PRESIDENTE EM EXERCICIO GERALDO A - Federa\u00e7\u00e3o dos Municip\u00e1rios do Estado do Rio Grande do Sul<\/title>\n<meta name=\"robots\" content=\"index, follow, max-snippet:-1, max-image-preview:large, max-video-preview:-1\" \/>\n<link rel=\"canonical\" href=\"https:\/\/femergs.com.br\/wfe\/blog\/entrega-de-documento-da-federacao-dos-municiparios-do-rs-ao-presidente-em-exercicio-geraldo-a\/\" \/>\n<meta property=\"og:locale\" content=\"pt_BR\" \/>\n<meta property=\"og:type\" content=\"article\" \/>\n<meta property=\"og:title\" content=\"ENTREGA DE DOCUMENTO DA FEDERA\u00c7\u00c3O DOS MUNICIPARIOS DO RS AO PRESIDENTE EM EXERCICIO GERALDO A - Federa\u00e7\u00e3o dos Municip\u00e1rios do Estado do Rio Grande do Sul\" \/>\n<meta property=\"og:description\" content=\"rn                        Comitiva FEMERGS se re\u00fane em Lajeado para entrega de documento ao Presidente em exerc\u00edcio Geraldo Alckmin.\" \/>\n<meta property=\"og:url\" content=\"https:\/\/femergs.com.br\/wfe\/blog\/entrega-de-documento-da-federacao-dos-municiparios-do-rs-ao-presidente-em-exercicio-geraldo-a\/\" \/>\n<meta property=\"og:site_name\" content=\"Federa\u00e7\u00e3o dos Municip\u00e1rios do Estado do Rio Grande do Sul\" \/>\n<meta property=\"article:publisher\" content=\"https:\/\/www.facebook.com\/profile.php?id=100057151733001\" \/>\n<meta property=\"article:published_time\" content=\"2023-09-12T09:24:37+00:00\" \/>\n<meta property=\"article:modified_time\" content=\"2025-09-02T20:00:03+00:00\" \/>\n<meta name=\"author\" content=\"adminfemergs\" \/>\n<meta name=\"twitter:card\" content=\"summary_large_image\" \/>\n<meta name=\"twitter:label1\" content=\"Escrito por\" \/>\n\t<meta name=\"twitter:data1\" content=\"adminfemergs\" \/>\n\t<meta name=\"twitter:label2\" content=\"Est. tempo de leitura\" \/>\n\t<meta name=\"twitter:data2\" content=\"4 minutos\" \/>\n<script type=\"application\/ld+json\" class=\"yoast-schema-graph\">{\"@context\":\"https:\/\/schema.org\",\"@graph\":[{\"@type\":\"Article\",\"@id\":\"https:\/\/femergs.com.br\/wfe\/blog\/entrega-de-documento-da-federacao-dos-municiparios-do-rs-ao-presidente-em-exercicio-geraldo-a\/#article\",\"isPartOf\":{\"@id\":\"https:\/\/femergs.com.br\/wfe\/blog\/entrega-de-documento-da-federacao-dos-municiparios-do-rs-ao-presidente-em-exercicio-geraldo-a\/\"},\"author\":{\"name\":\"adminfemergs\",\"@id\":\"https:\/\/femergs.com.br\/wfe\/#\/schema\/person\/f5558e6b5ffc044ee085016237dedb7f\"},\"headline\":\"ENTREGA DE DOCUMENTO DA FEDERA\u00c7\u00c3O DOS MUNICIPARIOS DO RS AO PRESIDENTE EM EXERCICIO GERALDO A\",\"datePublished\":\"2023-09-12T09:24:37+00:00\",\"dateModified\":\"2025-09-02T20:00:03+00:00\",\"mainEntityOfPage\":{\"@id\":\"https:\/\/femergs.com.br\/wfe\/blog\/entrega-de-documento-da-federacao-dos-municiparios-do-rs-ao-presidente-em-exercicio-geraldo-a\/\"},\"wordCount\":872,\"publisher\":{\"@id\":\"https:\/\/femergs.com.br\/wfe\/#organization\"},\"keywords\":[\"NULL\"],\"articleSection\":[\"Not\u00edcias Gerais\"],\"inLanguage\":\"pt-BR\"},{\"@type\":\"WebPage\",\"@id\":\"https:\/\/femergs.com.br\/wfe\/blog\/entrega-de-documento-da-federacao-dos-municiparios-do-rs-ao-presidente-em-exercicio-geraldo-a\/\",\"url\":\"https:\/\/femergs.com.br\/wfe\/blog\/entrega-de-documento-da-federacao-dos-municiparios-do-rs-ao-presidente-em-exercicio-geraldo-a\/\",\"name\":\"ENTREGA DE DOCUMENTO DA FEDERA\u00c7\u00c3O DOS MUNICIPARIOS DO RS AO PRESIDENTE EM EXERCICIO GERALDO A - Federa\u00e7\u00e3o dos Municip\u00e1rios do Estado do Rio Grande do Sul\",\"isPartOf\":{\"@id\":\"https:\/\/femergs.com.br\/wfe\/#website\"},\"datePublished\":\"2023-09-12T09:24:37+00:00\",\"dateModified\":\"2025-09-02T20:00:03+00:00\",\"breadcrumb\":{\"@id\":\"https:\/\/femergs.com.br\/wfe\/blog\/entrega-de-documento-da-federacao-dos-municiparios-do-rs-ao-presidente-em-exercicio-geraldo-a\/#breadcrumb\"},\"inLanguage\":\"pt-BR\",\"potentialAction\":[{\"@type\":\"ReadAction\",\"target\":[\"https:\/\/femergs.com.br\/wfe\/blog\/entrega-de-documento-da-federacao-dos-municiparios-do-rs-ao-presidente-em-exercicio-geraldo-a\/\"]}]},{\"@type\":\"BreadcrumbList\",\"@id\":\"https:\/\/femergs.com.br\/wfe\/blog\/entrega-de-documento-da-federacao-dos-municiparios-do-rs-ao-presidente-em-exercicio-geraldo-a\/#breadcrumb\",\"itemListElement\":[{\"@type\":\"ListItem\",\"position\":1,\"name\":\"In\u00edcio\",\"item\":\"https:\/\/femergs.com.br\/wfe\/\"},{\"@type\":\"ListItem\",\"position\":2,\"name\":\"ENTREGA DE DOCUMENTO DA FEDERA\u00c7\u00c3O DOS MUNICIPARIOS DO RS AO PRESIDENTE EM EXERCICIO GERALDO A\"}]},{\"@type\":\"WebSite\",\"@id\":\"https:\/\/femergs.com.br\/wfe\/#website\",\"url\":\"https:\/\/femergs.com.br\/wfe\/\",\"name\":\"FEMERGS\",\"description\":\"FEDERA\u00c7\u00c3O DOS MUNICIP\u00c1RIOS DO ESTADO DO RIO GRANDE DO SUL\",\"publisher\":{\"@id\":\"https:\/\/femergs.com.br\/wfe\/#organization\"},\"potentialAction\":[{\"@type\":\"SearchAction\",\"target\":{\"@type\":\"EntryPoint\",\"urlTemplate\":\"https:\/\/femergs.com.br\/wfe\/?s={search_term_string}\"},\"query-input\":{\"@type\":\"PropertyValueSpecification\",\"valueRequired\":true,\"valueName\":\"search_term_string\"}}],\"inLanguage\":\"pt-BR\"},{\"@type\":\"Organization\",\"@id\":\"https:\/\/femergs.com.br\/wfe\/#organization\",\"name\":\"FEMERGS\",\"url\":\"https:\/\/femergs.com.br\/wfe\/\",\"logo\":{\"@type\":\"ImageObject\",\"inLanguage\":\"pt-BR\",\"@id\":\"https:\/\/femergs.com.br\/wfe\/#\/schema\/logo\/image\/\",\"url\":\"https:\/\/femergs.com.br\/wfe\/wp-content\/uploads\/2025\/06\/logotipo.png\",\"contentUrl\":\"https:\/\/femergs.com.br\/wfe\/wp-content\/uploads\/2025\/06\/logotipo.png\",\"width\":500,\"height\":500,\"caption\":\"FEMERGS\"},\"image\":{\"@id\":\"https:\/\/femergs.com.br\/wfe\/#\/schema\/logo\/image\/\"},\"sameAs\":[\"https:\/\/www.facebook.com\/profile.php?id=100057151733001\",\"https:\/\/www.instagram.com\/femergs_rs\/\"]},{\"@type\":\"Person\",\"@id\":\"https:\/\/femergs.com.br\/wfe\/#\/schema\/person\/f5558e6b5ffc044ee085016237dedb7f\",\"name\":\"adminfemergs\",\"image\":{\"@type\":\"ImageObject\",\"inLanguage\":\"pt-BR\",\"@id\":\"https:\/\/femergs.com.br\/wfe\/#\/schema\/person\/image\/\",\"url\":\"https:\/\/secure.gravatar.com\/avatar\/398642fa557cdd524617ad9b31c938845f071aeb3448b9c0aeb29aefc495337b?s=96&d=mm&r=g\",\"contentUrl\":\"https:\/\/secure.gravatar.com\/avatar\/398642fa557cdd524617ad9b31c938845f071aeb3448b9c0aeb29aefc495337b?s=96&d=mm&r=g\",\"caption\":\"adminfemergs\"},\"sameAs\":[\"https:\/\/femergs.com.br\/wfe\"],\"url\":\"https:\/\/femergs.com.br\/wfe\/blog\/author\/adminfemergs\/\"}]}<\/script>\n<!-- \/ Yoast SEO plugin. -->","yoast_head_json":{"title":"ENTREGA DE DOCUMENTO DA FEDERA\u00c7\u00c3O DOS MUNICIPARIOS DO RS AO PRESIDENTE EM EXERCICIO GERALDO A - Federa\u00e7\u00e3o dos Municip\u00e1rios do Estado do Rio Grande do Sul","robots":{"index":"index","follow":"follow","max-snippet":"max-snippet:-1","max-image-preview":"max-image-preview:large","max-video-preview":"max-video-preview:-1"},"canonical":"https:\/\/femergs.com.br\/wfe\/blog\/entrega-de-documento-da-federacao-dos-municiparios-do-rs-ao-presidente-em-exercicio-geraldo-a\/","og_locale":"pt_BR","og_type":"article","og_title":"ENTREGA DE DOCUMENTO DA FEDERA\u00c7\u00c3O DOS MUNICIPARIOS DO RS AO PRESIDENTE EM EXERCICIO GERALDO A - Federa\u00e7\u00e3o dos Municip\u00e1rios do Estado do Rio Grande do Sul","og_description":"rn                        Comitiva FEMERGS se re\u00fane em Lajeado para entrega de documento ao Presidente em exerc\u00edcio Geraldo Alckmin.","og_url":"https:\/\/femergs.com.br\/wfe\/blog\/entrega-de-documento-da-federacao-dos-municiparios-do-rs-ao-presidente-em-exercicio-geraldo-a\/","og_site_name":"Federa\u00e7\u00e3o dos Municip\u00e1rios do Estado do Rio Grande do Sul","article_publisher":"https:\/\/www.facebook.com\/profile.php?id=100057151733001","article_published_time":"2023-09-12T09:24:37+00:00","article_modified_time":"2025-09-02T20:00:03+00:00","author":"adminfemergs","twitter_card":"summary_large_image","twitter_misc":{"Escrito por":"adminfemergs","Est. tempo de leitura":"4 minutos"},"schema":{"@context":"https:\/\/schema.org","@graph":[{"@type":"Article","@id":"https:\/\/femergs.com.br\/wfe\/blog\/entrega-de-documento-da-federacao-dos-municiparios-do-rs-ao-presidente-em-exercicio-geraldo-a\/#article","isPartOf":{"@id":"https:\/\/femergs.com.br\/wfe\/blog\/entrega-de-documento-da-federacao-dos-municiparios-do-rs-ao-presidente-em-exercicio-geraldo-a\/"},"author":{"name":"adminfemergs","@id":"https:\/\/femergs.com.br\/wfe\/#\/schema\/person\/f5558e6b5ffc044ee085016237dedb7f"},"headline":"ENTREGA DE DOCUMENTO DA FEDERA\u00c7\u00c3O DOS MUNICIPARIOS DO RS AO PRESIDENTE EM EXERCICIO GERALDO A","datePublished":"2023-09-12T09:24:37+00:00","dateModified":"2025-09-02T20:00:03+00:00","mainEntityOfPage":{"@id":"https:\/\/femergs.com.br\/wfe\/blog\/entrega-de-documento-da-federacao-dos-municiparios-do-rs-ao-presidente-em-exercicio-geraldo-a\/"},"wordCount":872,"publisher":{"@id":"https:\/\/femergs.com.br\/wfe\/#organization"},"keywords":["NULL"],"articleSection":["Not\u00edcias Gerais"],"inLanguage":"pt-BR"},{"@type":"WebPage","@id":"https:\/\/femergs.com.br\/wfe\/blog\/entrega-de-documento-da-federacao-dos-municiparios-do-rs-ao-presidente-em-exercicio-geraldo-a\/","url":"https:\/\/femergs.com.br\/wfe\/blog\/entrega-de-documento-da-federacao-dos-municiparios-do-rs-ao-presidente-em-exercicio-geraldo-a\/","name":"ENTREGA DE DOCUMENTO DA FEDERA\u00c7\u00c3O DOS MUNICIPARIOS DO RS AO PRESIDENTE EM EXERCICIO GERALDO A - Federa\u00e7\u00e3o dos Municip\u00e1rios do Estado do Rio Grande do Sul","isPartOf":{"@id":"https:\/\/femergs.com.br\/wfe\/#website"},"datePublished":"2023-09-12T09:24:37+00:00","dateModified":"2025-09-02T20:00:03+00:00","breadcrumb":{"@id":"https:\/\/femergs.com.br\/wfe\/blog\/entrega-de-documento-da-federacao-dos-municiparios-do-rs-ao-presidente-em-exercicio-geraldo-a\/#breadcrumb"},"inLanguage":"pt-BR","potentialAction":[{"@type":"ReadAction","target":["https:\/\/femergs.com.br\/wfe\/blog\/entrega-de-documento-da-federacao-dos-municiparios-do-rs-ao-presidente-em-exercicio-geraldo-a\/"]}]},{"@type":"BreadcrumbList","@id":"https:\/\/femergs.com.br\/wfe\/blog\/entrega-de-documento-da-federacao-dos-municiparios-do-rs-ao-presidente-em-exercicio-geraldo-a\/#breadcrumb","itemListElement":[{"@type":"ListItem","position":1,"name":"In\u00edcio","item":"https:\/\/femergs.com.br\/wfe\/"},{"@type":"ListItem","position":2,"name":"ENTREGA DE DOCUMENTO DA FEDERA\u00c7\u00c3O DOS MUNICIPARIOS DO RS AO PRESIDENTE EM EXERCICIO GERALDO A"}]},{"@type":"WebSite","@id":"https:\/\/femergs.com.br\/wfe\/#website","url":"https:\/\/femergs.com.br\/wfe\/","name":"FEMERGS","description":"FEDERA\u00c7\u00c3O DOS MUNICIP\u00c1RIOS DO ESTADO DO RIO GRANDE DO SUL","publisher":{"@id":"https:\/\/femergs.com.br\/wfe\/#organization"},"potentialAction":[{"@type":"SearchAction","target":{"@type":"EntryPoint","urlTemplate":"https:\/\/femergs.com.br\/wfe\/?s={search_term_string}"},"query-input":{"@type":"PropertyValueSpecification","valueRequired":true,"valueName":"search_term_string"}}],"inLanguage":"pt-BR"},{"@type":"Organization","@id":"https:\/\/femergs.com.br\/wfe\/#organization","name":"FEMERGS","url":"https:\/\/femergs.com.br\/wfe\/","logo":{"@type":"ImageObject","inLanguage":"pt-BR","@id":"https:\/\/femergs.com.br\/wfe\/#\/schema\/logo\/image\/","url":"https:\/\/femergs.com.br\/wfe\/wp-content\/uploads\/2025\/06\/logotipo.png","contentUrl":"https:\/\/femergs.com.br\/wfe\/wp-content\/uploads\/2025\/06\/logotipo.png","width":500,"height":500,"caption":"FEMERGS"},"image":{"@id":"https:\/\/femergs.com.br\/wfe\/#\/schema\/logo\/image\/"},"sameAs":["https:\/\/www.facebook.com\/profile.php?id=100057151733001","https:\/\/www.instagram.com\/femergs_rs\/"]},{"@type":"Person","@id":"https:\/\/femergs.com.br\/wfe\/#\/schema\/person\/f5558e6b5ffc044ee085016237dedb7f","name":"adminfemergs","image":{"@type":"ImageObject","inLanguage":"pt-BR","@id":"https:\/\/femergs.com.br\/wfe\/#\/schema\/person\/image\/","url":"https:\/\/secure.gravatar.com\/avatar\/398642fa557cdd524617ad9b31c938845f071aeb3448b9c0aeb29aefc495337b?s=96&d=mm&r=g","contentUrl":"https:\/\/secure.gravatar.com\/avatar\/398642fa557cdd524617ad9b31c938845f071aeb3448b9c0aeb29aefc495337b?s=96&d=mm&r=g","caption":"adminfemergs"},"sameAs":["https:\/\/femergs.com.br\/wfe"],"url":"https:\/\/femergs.com.br\/wfe\/blog\/author\/adminfemergs\/"}]}},"uagb_featured_image_src":{"full":false,"thumbnail":false,"medium":false,"medium_large":false,"large":false,"1536x1536":false,"2048x2048":false,"ultp_layout_landscape_large":false,"ultp_layout_landscape":false,"ultp_layout_portrait":false,"ultp_layout_square":false},"uagb_author_info":{"display_name":"adminfemergs","author_link":"https:\/\/femergs.com.br\/wfe\/blog\/author\/adminfemergs\/"},"uagb_comment_info":0,"uagb_excerpt":"rn Comitiva FEMERGS se re\u00fane em Lajeado para entrega de documento ao Presidente em exerc\u00edcio Geraldo Alckmin.","_links":{"self":[{"href":"https:\/\/femergs.com.br\/wfe\/wp-json\/wp\/v2\/posts\/1342","targetHints":{"allow":["GET"]}}],"collection":[{"href":"https:\/\/femergs.com.br\/wfe\/wp-json\/wp\/v2\/posts"}],"about":[{"href":"https:\/\/femergs.com.br\/wfe\/wp-json\/wp\/v2\/types\/post"}],"author":[{"embeddable":true,"href":"https:\/\/femergs.com.br\/wfe\/wp-json\/wp\/v2\/users\/1"}],"replies":[{"embeddable":true,"href":"https:\/\/femergs.com.br\/wfe\/wp-json\/wp\/v2\/comments?post=1342"}],"version-history":[{"count":1,"href":"https:\/\/femergs.com.br\/wfe\/wp-json\/wp\/v2\/posts\/1342\/revisions"}],"predecessor-version":[{"id":1487,"href":"https:\/\/femergs.com.br\/wfe\/wp-json\/wp\/v2\/posts\/1342\/revisions\/1487"}],"wp:attachment":[{"href":"https:\/\/femergs.com.br\/wfe\/wp-json\/wp\/v2\/media?parent=1342"}],"wp:term":[{"taxonomy":"category","embeddable":true,"href":"https:\/\/femergs.com.br\/wfe\/wp-json\/wp\/v2\/categories?post=1342"},{"taxonomy":"post_tag","embeddable":true,"href":"https:\/\/femergs.com.br\/wfe\/wp-json\/wp\/v2\/tags?post=1342"}],"curies":[{"name":"wp","href":"https:\/\/api.w.org\/{rel}","templated":true}]}}