{"id":1346,"date":"2023-10-09T08:53:58","date_gmt":"2023-10-09T08:53:58","guid":{"rendered":"https:\/\/femergs.com.br\/wfe\/blog\/femergs-protagonista-na-luta-pela-dingidade-do-trabalhador\/"},"modified":"2025-09-02T20:00:03","modified_gmt":"2025-09-02T20:00:03","slug":"femergs-protagonista-na-luta-pela-dingidade-do-trabalhador","status":"publish","type":"post","link":"https:\/\/femergs.com.br\/wfe\/blog\/femergs-protagonista-na-luta-pela-dingidade-do-trabalhador\/","title":{"rendered":"FEMERGS PROTAGONISTA NA LUTA PELA DINGIDADE DO TRABALHADOR;"},"content":{"rendered":"<div style=\"text-align: center;\"><strong>FEMERGS PROTAGONISTA NA LUTA PELA DINGIDADE DO TRABALHADOR, PELA EQUIDADE DE FINANCIAMENTO PARA AS ENTIDADES REPRESENTATIVAS.<\/strong><\/div>\n<p>\nNo dia 06 de outubro, estiveram representando a Federa\u00e7\u00e3o dos Municip\u00e1rios do Rio Grande do Sul, FEMERGS a Presidente da Entidade Clarice In\u00eas Mainardi, e o Dr. Eduardo Bechorner, Assessor Jur\u00eddico, em uma assembleia da Central Sindicatos Brasileiro &#8211; CSB com o Ministro do Trabalho e Emprego, Luiz Marinho. O evento ocorreu na sede do Sindicato dos Trabalhadores de Dados e Tecnologia da Informa\u00e7\u00e3o &#8211; SINDPD SP, com a presen\u00e7a de 300 entidades sindicais de diversos Estados Brasileiros. A FEMERGS agradece em especial o Senhor Ant\u00f4nio Neto, Presidente Nacional da CSB pelo convite e a defer\u00eancia ao colocar a FEMERGS na mesa dos trabalhos e assim permitir que fa\u00e7amos parte das discuss\u00f5es e negocia\u00e7\u00f5es de pautas que vis\u00e3o garantir direitos aos Trabalhadores, e desta forma incluir os Servidores P\u00fablicos Municipais nesta jornada. A principal pauta do dia foi o fortalecimento dos sindicatos representativos dos trabalhadores e o financiamento destas entidades, para assim combater a precariza\u00e7\u00e3o do trabalho, tanto na \u00e1rea p\u00fablica como na \u00e1rea privada. Das falas e solicita\u00e7\u00f5es ao Ministro Luiz Marinho durante o dia, podemos destacar a fala do Presidente Nacional do CSB, Ant\u00f4nio Neto que afirmou:<\/p>\n<p>\n<span style=\"color:#000000\"><em><strong> \u201cParece que a elite escravocrata brasileira quer retroagir para uma \u00e9poca pr\u00e9 d\u00e9cada de 1930 na quest\u00e3o dos direitos dos trabalhadores. Daqui a pouco ousar\u00e3o propor a revoga\u00e7\u00e3o da Lei \u00c1urea\u201d<\/strong><\/em><\/span>, ressaltou ainda que a Pasta hoje comandada por Marinho, foi uma das primeiras criadas por Get\u00falio Vargas, e onde os trabalhadores conquistaram os direitos que as reformas recentes da CLT e Previd\u00eancia destru\u00edram.<\/p>\n<p>\nA Presidente da FEMERGS, Clarice In\u00eas Mainardi, em sua avalia\u00e7\u00e3o destacou a import\u00e2ncia deste momento, e principalmente a demonstra\u00e7\u00e3o do Ministro Luiz Marinho em tentar garantir no m\u00ednimo o  equil\u00edbrio de financiamento entre as entidades sindicais e entidades patronais, para que possam negociar em igualdade de condi\u00e7\u00f5es, j\u00e1 que hoje ap\u00f3s a reforma da CLT, que retirou totalmente os recursos dos sindicatos, com aplauso muitas vezes do pr\u00f3prio trabalhador que induzido por uma m\u00eddia paga de que o financiamento n\u00e3o era necess\u00e1rio, n\u00e3o retirou nem um centavo do financiamento das entidades Patronais que s\u00e3o beneficiadas pelo SISTEMA S, que COMPUS\u00d3RIAMENTE repassa as entidades percentual sobre a folha de pagamento das empresas, e sabemos que, no c\u00e1lculo dos custos dos produtos, os empres\u00e1rios inclui a despesa com a Folha, ou seja, o trabalhador financia as entidades Patronais, que est\u00e3o sempre na luta para retirar direitos, e como sociedade a gente v\u00ea que a reforma da CLT, n\u00e3o trouxe progresso, ao contr\u00e1rio precarizou as rela\u00e7\u00f5es de trabalho. O trabalhador precisa mais do que nunca de postura do governo Federal em sua defesa, principalmente o Municip\u00e1rios, que tem um n\u00famero incalcul\u00e1vel de servidores recebendo como base o sal\u00e1rio inferior ao sal\u00e1rio m\u00ednimo nacional.<\/p>\n<p>\nO Ministro Luiz Marinho, foi enf\u00e1tico em demonstrar que est\u00e1 ao lado do trabalhador, e que s\u00f3 n\u00e3o foram realizadas ainda todos os ajustes necess\u00e1rios para garantir melhoria aos trabalhadores, pela dificuldade do governo negociar com alas do Centro e da Direita no Parlamento. Mas avan\u00e7os j\u00e1 aconteceram, o sal\u00e1rio M\u00ednimo volta a ser reajustado pelo percentual da infla\u00e7\u00e3o mais o PIB que em dois mil e vinte quatro ser\u00e1 em torno de 2,80%, significando um ganho real ao trabalhador, que \u00e9 quem produz a riqueza do Pa\u00eds.<br \/>\nRessaltou tamb\u00e9m a import\u00e2ncia de momentos como o de hoje, pois precisamos levar a informa\u00e7\u00e3o correta ao trabalhador para impedir que produtores de fake espalhem inverdades que acabam prejudicando o trabalhador, deu como exemplo pr\u00e1tico a situa\u00e7\u00e3o dos trabalhadores de aplicativos, nas palavras do Ministro;<\/p>\n<p>\n<span style=\"color:#000000\"><em><strong>\u201cEu pergunto para esse pessoal [que trabalha em aplicativos]: voc\u00ea deseja previd\u00eancia? \u2018Sim\u2019. Quer f\u00e9rias? \u2018Claro\u2019. Quer 13\u00ba [sal\u00e1rio]? \u2018Pelo amor de Deus\u2019. Quer prote\u00e7\u00e3o social? \u2018Claro\u2019. Voc\u00ea quer ter o direito de n\u00e3o precisar fazer uma jornada de 18 horas por dia para conseguir levar alguma coisa para casa? \u2018Claro, quanto menos trabalhar com um resultado melhor, melhor\u2019. A soma desses desejos est\u00e1 representada onde? Na CLT! S\u00f3 que a grande m\u00eddia colocou na cabe\u00e7a do povo: voc\u00ea tem que ser liberal, tem que ser empreendedor. [dizem que] O coitado do menino pedalando 12 horas por dia, 14 horas por dia, \u00e9 empreendedor com a sua bicicleta. Onde est\u00e1 o empreendedorismo [nessa situa\u00e7\u00e3o]? \u201d<\/strong><\/em><\/span><\/p>\n<p>\nDestacou tamb\u00e9m que n\u00e3o acredita que a sociedade brasileira pense da mesma maneira que alguns empres\u00e1rios, pois n\u00e3o s\u00e3o todos, muitos defendem a dignidade do trabalhador, para o Ministro, n\u00e3o \u00e9 poss\u00edvel crer que nossa sociedade n\u00e3o pense que o sal\u00e1rio recebido pelo garoto que entrega comida seja justo mesmo sabendo que n\u00e3o lhe proporciona a dignidade.<\/p>\n<p>\nPor fim, o evento mostrou que mais do que nunca o trabalhador precisa estar atento e unido em suas entidades sindicais, pois hoje \u00e9 f\u00e1cil ver as entidades que apesar do retrocesso financeiro causado pelo fim do imposto sindical, continuaram atuantes e encontraram maneiras de ofertar a defesa ao seu trabalhador. A FEMERGS \u00e9 uma destas entidades, que manteve o foco na luta sindical, na constru\u00e7\u00e3o de resist\u00eancia a retirada de direitos atrav\u00e9s da informa\u00e7\u00e3o de qualidade a seus associados. A nova dire\u00e7\u00e3o, assumiu com a inten\u00e7\u00e3o de retirar da invisibilidade o servidor p\u00fablico municipal, e isto estaremos fazendo, participando como protagonistas em eventos como estes, pois n\u00f3s Servidores P\u00fablicos tamb\u00e9m enfrentamos entidades patronais, que n\u00e3o reconhecem nossa import\u00e2ncia como cidad\u00e3os e defensores do Estado Democr\u00e1tico de Direito e merecemos dignidade de sal\u00e1rio e carreira como todo o trabalhador brasileiro.<\/p>\n","protected":false},"excerpt":{"rendered":"<p>FEMERGS PROTAGONISTA NA LUTA PELA DINGIDADE DO TRABALHADOR, PELA EQUIDADE DE FINANCIAMENTO PARA AS ENTIDADES REPRESENTATIVAS. No dia 06 de outubro, estiveram representando a Federa\u00e7\u00e3o dos Municip\u00e1rios do Rio Grande do Sul, FEMERGS a Presidente da Entidade Clarice In\u00eas Mainardi, e o Dr. Eduardo Bechorner, Assessor Jur\u00eddico, em uma assembleia da Central Sindicatos Brasileiro &#8211; [&hellip;]<\/p>\n","protected":false},"author":1,"featured_media":0,"comment_status":"closed","ping_status":"closed","sticky":false,"template":"","format":"standard","meta":{"_eb_attr":"","_uag_custom_page_level_css":"","fifu_image_url":"","fifu_image_alt":"","footnotes":""},"categories":[7],"tags":[32],"class_list":["post-1346","post","type-post","status-publish","format-standard","hentry","category-noticias","tag-null"],"yoast_head":"<!-- This site is optimized with the Yoast SEO plugin v27.1.1 - https:\/\/yoast.com\/product\/yoast-seo-wordpress\/ -->\n<title>FEMERGS PROTAGONISTA NA LUTA PELA DINGIDADE DO TRABALHADOR; - Federa\u00e7\u00e3o dos Municip\u00e1rios do Estado do Rio Grande do Sul<\/title>\n<meta name=\"robots\" content=\"index, follow, max-snippet:-1, max-image-preview:large, max-video-preview:-1\" \/>\n<link rel=\"canonical\" href=\"https:\/\/femergs.com.br\/wfe\/blog\/femergs-protagonista-na-luta-pela-dingidade-do-trabalhador\/\" \/>\n<meta property=\"og:locale\" content=\"pt_BR\" \/>\n<meta property=\"og:type\" content=\"article\" \/>\n<meta property=\"og:title\" content=\"FEMERGS PROTAGONISTA NA LUTA PELA DINGIDADE DO TRABALHADOR; - Federa\u00e7\u00e3o dos Municip\u00e1rios do Estado do Rio Grande do Sul\" \/>\n<meta property=\"og:description\" content=\"FEMERGS PROTAGONISTA NA LUTA PELA DINGIDADE DO TRABALHADOR, PELA EQUIDADE DE FINANCIAMENTO PARA AS ENTIDADES REPRESENTATIVAS. No dia 06 de outubro, estiveram representando a Federa\u00e7\u00e3o dos Municip\u00e1rios do Rio Grande do Sul, FEMERGS a Presidente da Entidade Clarice In\u00eas Mainardi, e o Dr. Eduardo Bechorner, Assessor Jur\u00eddico, em uma assembleia da Central Sindicatos Brasileiro &#8211; [&hellip;]\" \/>\n<meta property=\"og:url\" content=\"https:\/\/femergs.com.br\/wfe\/blog\/femergs-protagonista-na-luta-pela-dingidade-do-trabalhador\/\" \/>\n<meta property=\"og:site_name\" content=\"Federa\u00e7\u00e3o dos Municip\u00e1rios do Estado do Rio Grande do Sul\" \/>\n<meta property=\"article:publisher\" content=\"https:\/\/www.facebook.com\/profile.php?id=100057151733001\" \/>\n<meta property=\"article:published_time\" content=\"2023-10-09T08:53:58+00:00\" \/>\n<meta property=\"article:modified_time\" content=\"2025-09-02T20:00:03+00:00\" \/>\n<meta name=\"author\" content=\"adminfemergs\" \/>\n<meta name=\"twitter:card\" content=\"summary_large_image\" \/>\n<meta name=\"twitter:label1\" content=\"Escrito por\" \/>\n\t<meta name=\"twitter:data1\" content=\"adminfemergs\" \/>\n\t<meta name=\"twitter:label2\" content=\"Est. tempo de leitura\" \/>\n\t<meta name=\"twitter:data2\" content=\"5 minutos\" \/>\n<script type=\"application\/ld+json\" class=\"yoast-schema-graph\">{\"@context\":\"https:\/\/schema.org\",\"@graph\":[{\"@type\":\"Article\",\"@id\":\"https:\/\/femergs.com.br\/wfe\/blog\/femergs-protagonista-na-luta-pela-dingidade-do-trabalhador\/#article\",\"isPartOf\":{\"@id\":\"https:\/\/femergs.com.br\/wfe\/blog\/femergs-protagonista-na-luta-pela-dingidade-do-trabalhador\/\"},\"author\":{\"name\":\"adminfemergs\",\"@id\":\"https:\/\/femergs.com.br\/wfe\/#\/schema\/person\/f5558e6b5ffc044ee085016237dedb7f\"},\"headline\":\"FEMERGS PROTAGONISTA NA LUTA PELA DINGIDADE DO TRABALHADOR;\",\"datePublished\":\"2023-10-09T08:53:58+00:00\",\"dateModified\":\"2025-09-02T20:00:03+00:00\",\"mainEntityOfPage\":{\"@id\":\"https:\/\/femergs.com.br\/wfe\/blog\/femergs-protagonista-na-luta-pela-dingidade-do-trabalhador\/\"},\"wordCount\":1006,\"publisher\":{\"@id\":\"https:\/\/femergs.com.br\/wfe\/#organization\"},\"keywords\":[\"NULL\"],\"articleSection\":[\"Not\u00edcias Gerais\"],\"inLanguage\":\"pt-BR\"},{\"@type\":\"WebPage\",\"@id\":\"https:\/\/femergs.com.br\/wfe\/blog\/femergs-protagonista-na-luta-pela-dingidade-do-trabalhador\/\",\"url\":\"https:\/\/femergs.com.br\/wfe\/blog\/femergs-protagonista-na-luta-pela-dingidade-do-trabalhador\/\",\"name\":\"FEMERGS PROTAGONISTA NA LUTA PELA DINGIDADE DO TRABALHADOR; - Federa\u00e7\u00e3o dos Municip\u00e1rios do Estado do Rio Grande do Sul\",\"isPartOf\":{\"@id\":\"https:\/\/femergs.com.br\/wfe\/#website\"},\"datePublished\":\"2023-10-09T08:53:58+00:00\",\"dateModified\":\"2025-09-02T20:00:03+00:00\",\"breadcrumb\":{\"@id\":\"https:\/\/femergs.com.br\/wfe\/blog\/femergs-protagonista-na-luta-pela-dingidade-do-trabalhador\/#breadcrumb\"},\"inLanguage\":\"pt-BR\",\"potentialAction\":[{\"@type\":\"ReadAction\",\"target\":[\"https:\/\/femergs.com.br\/wfe\/blog\/femergs-protagonista-na-luta-pela-dingidade-do-trabalhador\/\"]}]},{\"@type\":\"BreadcrumbList\",\"@id\":\"https:\/\/femergs.com.br\/wfe\/blog\/femergs-protagonista-na-luta-pela-dingidade-do-trabalhador\/#breadcrumb\",\"itemListElement\":[{\"@type\":\"ListItem\",\"position\":1,\"name\":\"In\u00edcio\",\"item\":\"https:\/\/femergs.com.br\/wfe\/\"},{\"@type\":\"ListItem\",\"position\":2,\"name\":\"FEMERGS PROTAGONISTA NA LUTA PELA DINGIDADE DO TRABALHADOR;\"}]},{\"@type\":\"WebSite\",\"@id\":\"https:\/\/femergs.com.br\/wfe\/#website\",\"url\":\"https:\/\/femergs.com.br\/wfe\/\",\"name\":\"FEMERGS\",\"description\":\"FEDERA\u00c7\u00c3O DOS MUNICIP\u00c1RIOS DO ESTADO DO RIO GRANDE DO SUL\",\"publisher\":{\"@id\":\"https:\/\/femergs.com.br\/wfe\/#organization\"},\"potentialAction\":[{\"@type\":\"SearchAction\",\"target\":{\"@type\":\"EntryPoint\",\"urlTemplate\":\"https:\/\/femergs.com.br\/wfe\/?s={search_term_string}\"},\"query-input\":{\"@type\":\"PropertyValueSpecification\",\"valueRequired\":true,\"valueName\":\"search_term_string\"}}],\"inLanguage\":\"pt-BR\"},{\"@type\":\"Organization\",\"@id\":\"https:\/\/femergs.com.br\/wfe\/#organization\",\"name\":\"FEMERGS\",\"url\":\"https:\/\/femergs.com.br\/wfe\/\",\"logo\":{\"@type\":\"ImageObject\",\"inLanguage\":\"pt-BR\",\"@id\":\"https:\/\/femergs.com.br\/wfe\/#\/schema\/logo\/image\/\",\"url\":\"https:\/\/femergs.com.br\/wfe\/wp-content\/uploads\/2025\/06\/logotipo.png\",\"contentUrl\":\"https:\/\/femergs.com.br\/wfe\/wp-content\/uploads\/2025\/06\/logotipo.png\",\"width\":500,\"height\":500,\"caption\":\"FEMERGS\"},\"image\":{\"@id\":\"https:\/\/femergs.com.br\/wfe\/#\/schema\/logo\/image\/\"},\"sameAs\":[\"https:\/\/www.facebook.com\/profile.php?id=100057151733001\",\"https:\/\/www.instagram.com\/femergs_rs\/\"]},{\"@type\":\"Person\",\"@id\":\"https:\/\/femergs.com.br\/wfe\/#\/schema\/person\/f5558e6b5ffc044ee085016237dedb7f\",\"name\":\"adminfemergs\",\"image\":{\"@type\":\"ImageObject\",\"inLanguage\":\"pt-BR\",\"@id\":\"https:\/\/femergs.com.br\/wfe\/#\/schema\/person\/image\/\",\"url\":\"https:\/\/secure.gravatar.com\/avatar\/398642fa557cdd524617ad9b31c938845f071aeb3448b9c0aeb29aefc495337b?s=96&d=mm&r=g\",\"contentUrl\":\"https:\/\/secure.gravatar.com\/avatar\/398642fa557cdd524617ad9b31c938845f071aeb3448b9c0aeb29aefc495337b?s=96&d=mm&r=g\",\"caption\":\"adminfemergs\"},\"sameAs\":[\"https:\/\/femergs.com.br\/wfe\"],\"url\":\"https:\/\/femergs.com.br\/wfe\/blog\/author\/adminfemergs\/\"}]}<\/script>\n<!-- \/ Yoast SEO plugin. -->","yoast_head_json":{"title":"FEMERGS PROTAGONISTA NA LUTA PELA DINGIDADE DO TRABALHADOR; - Federa\u00e7\u00e3o dos Municip\u00e1rios do Estado do Rio Grande do Sul","robots":{"index":"index","follow":"follow","max-snippet":"max-snippet:-1","max-image-preview":"max-image-preview:large","max-video-preview":"max-video-preview:-1"},"canonical":"https:\/\/femergs.com.br\/wfe\/blog\/femergs-protagonista-na-luta-pela-dingidade-do-trabalhador\/","og_locale":"pt_BR","og_type":"article","og_title":"FEMERGS PROTAGONISTA NA LUTA PELA DINGIDADE DO TRABALHADOR; - Federa\u00e7\u00e3o dos Municip\u00e1rios do Estado do Rio Grande do Sul","og_description":"FEMERGS PROTAGONISTA NA LUTA PELA DINGIDADE DO TRABALHADOR, PELA EQUIDADE DE FINANCIAMENTO PARA AS ENTIDADES REPRESENTATIVAS. No dia 06 de outubro, estiveram representando a Federa\u00e7\u00e3o dos Municip\u00e1rios do Rio Grande do Sul, FEMERGS a Presidente da Entidade Clarice In\u00eas Mainardi, e o Dr. Eduardo Bechorner, Assessor Jur\u00eddico, em uma assembleia da Central Sindicatos Brasileiro &#8211; [&hellip;]","og_url":"https:\/\/femergs.com.br\/wfe\/blog\/femergs-protagonista-na-luta-pela-dingidade-do-trabalhador\/","og_site_name":"Federa\u00e7\u00e3o dos Municip\u00e1rios do Estado do Rio Grande do Sul","article_publisher":"https:\/\/www.facebook.com\/profile.php?id=100057151733001","article_published_time":"2023-10-09T08:53:58+00:00","article_modified_time":"2025-09-02T20:00:03+00:00","author":"adminfemergs","twitter_card":"summary_large_image","twitter_misc":{"Escrito por":"adminfemergs","Est. tempo de leitura":"5 minutos"},"schema":{"@context":"https:\/\/schema.org","@graph":[{"@type":"Article","@id":"https:\/\/femergs.com.br\/wfe\/blog\/femergs-protagonista-na-luta-pela-dingidade-do-trabalhador\/#article","isPartOf":{"@id":"https:\/\/femergs.com.br\/wfe\/blog\/femergs-protagonista-na-luta-pela-dingidade-do-trabalhador\/"},"author":{"name":"adminfemergs","@id":"https:\/\/femergs.com.br\/wfe\/#\/schema\/person\/f5558e6b5ffc044ee085016237dedb7f"},"headline":"FEMERGS PROTAGONISTA NA LUTA PELA DINGIDADE DO TRABALHADOR;","datePublished":"2023-10-09T08:53:58+00:00","dateModified":"2025-09-02T20:00:03+00:00","mainEntityOfPage":{"@id":"https:\/\/femergs.com.br\/wfe\/blog\/femergs-protagonista-na-luta-pela-dingidade-do-trabalhador\/"},"wordCount":1006,"publisher":{"@id":"https:\/\/femergs.com.br\/wfe\/#organization"},"keywords":["NULL"],"articleSection":["Not\u00edcias Gerais"],"inLanguage":"pt-BR"},{"@type":"WebPage","@id":"https:\/\/femergs.com.br\/wfe\/blog\/femergs-protagonista-na-luta-pela-dingidade-do-trabalhador\/","url":"https:\/\/femergs.com.br\/wfe\/blog\/femergs-protagonista-na-luta-pela-dingidade-do-trabalhador\/","name":"FEMERGS PROTAGONISTA NA LUTA PELA DINGIDADE DO TRABALHADOR; - Federa\u00e7\u00e3o dos Municip\u00e1rios do Estado do Rio Grande do Sul","isPartOf":{"@id":"https:\/\/femergs.com.br\/wfe\/#website"},"datePublished":"2023-10-09T08:53:58+00:00","dateModified":"2025-09-02T20:00:03+00:00","breadcrumb":{"@id":"https:\/\/femergs.com.br\/wfe\/blog\/femergs-protagonista-na-luta-pela-dingidade-do-trabalhador\/#breadcrumb"},"inLanguage":"pt-BR","potentialAction":[{"@type":"ReadAction","target":["https:\/\/femergs.com.br\/wfe\/blog\/femergs-protagonista-na-luta-pela-dingidade-do-trabalhador\/"]}]},{"@type":"BreadcrumbList","@id":"https:\/\/femergs.com.br\/wfe\/blog\/femergs-protagonista-na-luta-pela-dingidade-do-trabalhador\/#breadcrumb","itemListElement":[{"@type":"ListItem","position":1,"name":"In\u00edcio","item":"https:\/\/femergs.com.br\/wfe\/"},{"@type":"ListItem","position":2,"name":"FEMERGS PROTAGONISTA NA LUTA PELA DINGIDADE DO TRABALHADOR;"}]},{"@type":"WebSite","@id":"https:\/\/femergs.com.br\/wfe\/#website","url":"https:\/\/femergs.com.br\/wfe\/","name":"FEMERGS","description":"FEDERA\u00c7\u00c3O DOS MUNICIP\u00c1RIOS DO ESTADO DO RIO GRANDE DO SUL","publisher":{"@id":"https:\/\/femergs.com.br\/wfe\/#organization"},"potentialAction":[{"@type":"SearchAction","target":{"@type":"EntryPoint","urlTemplate":"https:\/\/femergs.com.br\/wfe\/?s={search_term_string}"},"query-input":{"@type":"PropertyValueSpecification","valueRequired":true,"valueName":"search_term_string"}}],"inLanguage":"pt-BR"},{"@type":"Organization","@id":"https:\/\/femergs.com.br\/wfe\/#organization","name":"FEMERGS","url":"https:\/\/femergs.com.br\/wfe\/","logo":{"@type":"ImageObject","inLanguage":"pt-BR","@id":"https:\/\/femergs.com.br\/wfe\/#\/schema\/logo\/image\/","url":"https:\/\/femergs.com.br\/wfe\/wp-content\/uploads\/2025\/06\/logotipo.png","contentUrl":"https:\/\/femergs.com.br\/wfe\/wp-content\/uploads\/2025\/06\/logotipo.png","width":500,"height":500,"caption":"FEMERGS"},"image":{"@id":"https:\/\/femergs.com.br\/wfe\/#\/schema\/logo\/image\/"},"sameAs":["https:\/\/www.facebook.com\/profile.php?id=100057151733001","https:\/\/www.instagram.com\/femergs_rs\/"]},{"@type":"Person","@id":"https:\/\/femergs.com.br\/wfe\/#\/schema\/person\/f5558e6b5ffc044ee085016237dedb7f","name":"adminfemergs","image":{"@type":"ImageObject","inLanguage":"pt-BR","@id":"https:\/\/femergs.com.br\/wfe\/#\/schema\/person\/image\/","url":"https:\/\/secure.gravatar.com\/avatar\/398642fa557cdd524617ad9b31c938845f071aeb3448b9c0aeb29aefc495337b?s=96&d=mm&r=g","contentUrl":"https:\/\/secure.gravatar.com\/avatar\/398642fa557cdd524617ad9b31c938845f071aeb3448b9c0aeb29aefc495337b?s=96&d=mm&r=g","caption":"adminfemergs"},"sameAs":["https:\/\/femergs.com.br\/wfe"],"url":"https:\/\/femergs.com.br\/wfe\/blog\/author\/adminfemergs\/"}]}},"uagb_featured_image_src":{"full":false,"thumbnail":false,"medium":false,"medium_large":false,"large":false,"1536x1536":false,"2048x2048":false,"ultp_layout_landscape_large":false,"ultp_layout_landscape":false,"ultp_layout_portrait":false,"ultp_layout_square":false},"uagb_author_info":{"display_name":"adminfemergs","author_link":"https:\/\/femergs.com.br\/wfe\/blog\/author\/adminfemergs\/"},"uagb_comment_info":0,"uagb_excerpt":"FEMERGS PROTAGONISTA NA LUTA PELA DINGIDADE DO TRABALHADOR, PELA EQUIDADE DE FINANCIAMENTO PARA AS ENTIDADES REPRESENTATIVAS. No dia 06 de outubro, estiveram representando a Federa\u00e7\u00e3o dos Municip\u00e1rios do Rio Grande do Sul, FEMERGS a Presidente da Entidade Clarice In\u00eas Mainardi, e o Dr. Eduardo Bechorner, Assessor Jur\u00eddico, em uma assembleia da Central Sindicatos Brasileiro &#8211;&hellip;","_links":{"self":[{"href":"https:\/\/femergs.com.br\/wfe\/wp-json\/wp\/v2\/posts\/1346","targetHints":{"allow":["GET"]}}],"collection":[{"href":"https:\/\/femergs.com.br\/wfe\/wp-json\/wp\/v2\/posts"}],"about":[{"href":"https:\/\/femergs.com.br\/wfe\/wp-json\/wp\/v2\/types\/post"}],"author":[{"embeddable":true,"href":"https:\/\/femergs.com.br\/wfe\/wp-json\/wp\/v2\/users\/1"}],"replies":[{"embeddable":true,"href":"https:\/\/femergs.com.br\/wfe\/wp-json\/wp\/v2\/comments?post=1346"}],"version-history":[{"count":1,"href":"https:\/\/femergs.com.br\/wfe\/wp-json\/wp\/v2\/posts\/1346\/revisions"}],"predecessor-version":[{"id":1483,"href":"https:\/\/femergs.com.br\/wfe\/wp-json\/wp\/v2\/posts\/1346\/revisions\/1483"}],"wp:attachment":[{"href":"https:\/\/femergs.com.br\/wfe\/wp-json\/wp\/v2\/media?parent=1346"}],"wp:term":[{"taxonomy":"category","embeddable":true,"href":"https:\/\/femergs.com.br\/wfe\/wp-json\/wp\/v2\/categories?post=1346"},{"taxonomy":"post_tag","embeddable":true,"href":"https:\/\/femergs.com.br\/wfe\/wp-json\/wp\/v2\/tags?post=1346"}],"curies":[{"name":"wp","href":"https:\/\/api.w.org\/{rel}","templated":true}]}}